{"id":255948,"date":"2024-03-19T10:10:15","date_gmt":"2024-03-19T13:10:15","guid":{"rendered":"https:\/\/noticiaempauta.com\/portal\/?p=255948"},"modified":"2024-03-19T10:10:17","modified_gmt":"2024-03-19T13:10:17","slug":"tres-municipios-da-regiao-de-picos-suspendem-aulas-devido-as-chuvas-familias-estao-isoladas-e-sem-energia","status":"publish","type":"post","link":"https:\/\/noticiaempauta.com\/portal\/tres-municipios-da-regiao-de-picos-suspendem-aulas-devido-as-chuvas-familias-estao-isoladas-e-sem-energia\/","title":{"rendered":"Tr\u00eas munic\u00edpios da regi\u00e3o de Picos suspendem aulas devido \u00e0s chuvas; fam\u00edlias est\u00e3o isoladas e sem energia"},"content":{"rendered":"\n<p>Pelo menos tr\u00eas cidades do Piau\u00ed tiveram que suspender as aulas na rede municipal, devido aos estragos provocados pelas chuvas. Cerca de 1.200 alunos nos munic\u00edpios de Caridade, Massap\u00ea e Curral Novo foram afetados com rotas escolares intrafeg\u00e1veis. De acordo com levantamento do Cidadeverde.com, regi\u00f5es das tr\u00eas cidades est\u00e3o com fam\u00edlias ilhadas e com resid\u00eancias sem energia h\u00e1 cinco dias. Existem \u00e1reas tamb\u00e9m sem internet.<\/p>\n\n\n\n<figure class=\"wp-block-image size-full\"><img fetchpriority=\"high\" decoding=\"async\" width=\"790\" height=\"444\" src=\"https:\/\/noticiaempauta.com\/portal\/wp-content\/uploads\/2024\/03\/P40G-IMG-24773c18a9e5d34d2e.jpg\" alt=\"\" class=\"wp-image-255950\" srcset=\"https:\/\/noticiaempauta.com\/portal\/wp-content\/uploads\/2024\/03\/P40G-IMG-24773c18a9e5d34d2e.jpg 790w, https:\/\/noticiaempauta.com\/portal\/wp-content\/uploads\/2024\/03\/P40G-IMG-24773c18a9e5d34d2e-300x169.jpg 300w, https:\/\/noticiaempauta.com\/portal\/wp-content\/uploads\/2024\/03\/P40G-IMG-24773c18a9e5d34d2e-768x432.jpg 768w\" sizes=\"(max-width: 790px) 100vw, 790px\" \/><\/figure>\n\n\n\n<p><strong>Massap\u00ea<\/strong><\/p>\n\n\n\n<p>Uma das cidades afetadas pelas chuvas \u00e9 Massap\u00ea. O munic\u00edpio \u00e9 cortado pelos rios Boa Esperan\u00e7a e Boa Vista que aumentaram o n\u00edvel das \u00e1guas, alagando regi\u00f5es.<\/p>\n\n\n\n<p>A secret\u00e1ria Municipal de Educa\u00e7\u00e3o, Ol\u00edvia Carvalho Veloso Costa, informou que as chuvas afetaram o calend\u00e1rio letivo de mais de 860 alunos. Devido \u00e0s rodovias ficarem intrafeg\u00e1veis, o prefeito baixou decreto antecipando \u00e0s f\u00e9rias. A previs\u00e3o \u00e9 de retornar \u00e0s aulas no dia 29 de mar\u00e7o, com 15 dias de suspens\u00e3o.&nbsp;<\/p>\n\n\n\n<p>\u201cTomamos essa decis\u00e3o com respaldo da Uni\u00e3o dos Conselhos Municipais de Educa\u00e7\u00e3o e vamos repor \u00e0s aulas paradas\u201d, disse a secret\u00e1ria.<\/p>\n\n\n\n<p>O secret\u00e1rio Municipal de Meio Ambiente de Massap\u00ea, Benedito Ism\u00e9rio de Sousa J\u00fanior, informou que a cidade n\u00e3o tem desabrigados, mas que as passagens molhadas foram as mais atingidas.<\/p>\n\n\n\n<p>O chefe de gabinete de Massap\u00ea, Jos\u00e9 Erenildo de Carvalho, disse que algumas estradas est\u00e3o intrafeg\u00e1veis com as chuvas e que at\u00e9 para fazer reparos est\u00e1 dif\u00edcil. \u201cH\u00e1 algumas regi\u00f5es que at\u00e9 para passar o maquin\u00e1rio est\u00e1 complicado, mas aos poucos vai fluindo e a Prefeitura est\u00e1 adotando \u00e0s provid\u00eancias\u201d.&nbsp;<\/p>\n\n\n\n<p><strong>Curral Novo<\/strong><\/p>\n\n\n\n<p>Em Curral Novo, vizinha a Massap\u00ea, as aulas ficaram paradas por cerca de oito dias.&nbsp;<\/p>\n\n\n\n<p>A secret\u00e1ria Municipal de Educa\u00e7\u00e3o de Curral Novo, Erasma de Macedo Alves, informou&nbsp;que as aulas est\u00e3o retornando aos poucos a partir de hoje (18). O munic\u00edpio tem 1.024 alunos e cerca de 70% da rede conseguiu retornar.<\/p>\n\n\n\n<p>\u201cCerca de 70 alunos continuam com dificuldades de chegar at\u00e9 a escola. Os pr\u00e9dios est\u00e3o intactos, mas tem unidade sem energia, devido \u00e0 queda de postes de luz\u201d, disse a secret\u00e1ria.&nbsp;<\/p>\n\n\n\n<p>Em Curral Novo o a\u00e7ude transbordou e alagou regi\u00f5es. A principal rodovia que d\u00e1 acesso \u00e0 cidade foi rompida e a popula\u00e7\u00e3o est\u00e1 passando pelo trecho antigo. A localidade Carneiro, que fica a 17km de sede da cidade, est\u00e1 sem energia deste quarta-feira (12). L\u00e1 moram cerca de 20 fam\u00edlias.<\/p>\n\n\n\n<p><strong>&nbsp;Caridade<\/strong><\/p>\n\n\n\n<p>O munic\u00edpio de Caridade &nbsp;tem &nbsp;fam\u00edlias desabrigadas. O secret\u00e1rio Municipal de Educa\u00e7\u00e3o, Aldo C\u00e9sar da Silva, informou que o munic\u00edpio teve que suspender \u00e0s aulas por dois dias e que apenas a localidade Cabaceiras continua sem retornar \u00e0s salas de aula. L\u00e1, tem cerca de 130 estudantes e as rodovias que d\u00e3o acessos \u00e0 escola est\u00e3o comprometidas.<\/p>\n\n\n\n<p>Em Caridade, dos 2 mil alunos da rede, cerca de 300 est\u00e3o sem assistir aulas. Na cidade, h\u00e1 cerca de seis povoados ainda ilhados.&nbsp;<\/p>\n\n\n\n<p><em>Cidade Verde<\/em><\/p>\n","protected":false},"excerpt":{"rendered":"<p>Pelo menos tr\u00eas cidades do Piau\u00ed tiveram que suspender as aulas na rede municipal, devido aos estragos provocados pelas chuvas. Cerca de 1.200 alunos nos munic\u00edpios de Caridade, Massap\u00ea e Curral Novo foram afetados com rotas escolares intrafeg\u00e1veis. De acordo com levantamento do Cidadeverde.com, regi\u00f5es das tr\u00eas cidades est\u00e3o com fam\u00edlias ilhadas e com resid\u00eancias [&hellip;]<\/p>\n","protected":false},"author":2,"featured_media":255950,"comment_status":"open","ping_status":"open","sticky":false,"template":"","format":"standard","meta":{"_mi_skip_tracking":false,"footnotes":""},"categories":[25,1,9,16],"tags":[192],"class_list":["post-255948","post","type-post","status-publish","format-standard","has-post-thumbnail","hentry","category-destaques-site","category-geral","category-municipios","category-todas","tag-destaqueprincipal"],"acf":[],"yoast_head":"<!-- This site is optimized with the Yoast SEO Premium plugin v19.2 (Yoast SEO v26.9) - https:\/\/yoast.com\/product\/yoast-seo-premium-wordpress\/ -->\n<title>Tr\u00eas munic\u00edpios da regi\u00e3o de Picos suspendem aulas devido \u00e0s chuvas; fam\u00edlias est\u00e3o isoladas e sem energia - Portal Not\u00edcia em Pauta<\/title>\n<meta name=\"robots\" content=\"index, follow, max-snippet:-1, max-image-preview:large, max-video-preview:-1\" \/>\n<link rel=\"canonical\" href=\"https:\/\/noticiaempauta.com\/portal\/tres-municipios-da-regiao-de-picos-suspendem-aulas-devido-as-chuvas-familias-estao-isoladas-e-sem-energia\/\" \/>\n<meta property=\"og:locale\" content=\"pt_BR\" \/>\n<meta property=\"og:type\" content=\"article\" \/>\n<meta property=\"og:title\" content=\"Tr\u00eas munic\u00edpios da regi\u00e3o de Picos suspendem aulas devido \u00e0s chuvas; fam\u00edlias est\u00e3o isoladas e sem energia\" \/>\n<meta property=\"og:description\" content=\"Pelo menos tr\u00eas cidades do Piau\u00ed tiveram que suspender as aulas na rede municipal, devido aos estragos provocados pelas chuvas. Cerca de 1.200 alunos nos munic\u00edpios de Caridade, Massap\u00ea e Curral Novo foram afetados com rotas escolares intrafeg\u00e1veis. De acordo com levantamento do Cidadeverde.com, regi\u00f5es das tr\u00eas cidades est\u00e3o com fam\u00edlias ilhadas e com resid\u00eancias [&hellip;]\" \/>\n<meta property=\"og:url\" content=\"https:\/\/noticiaempauta.com\/portal\/tres-municipios-da-regiao-de-picos-suspendem-aulas-devido-as-chuvas-familias-estao-isoladas-e-sem-energia\/\" \/>\n<meta property=\"og:site_name\" content=\"Portal Not\u00edcia em Pauta\" \/>\n<meta property=\"article:publisher\" content=\"https:\/\/www.facebook.com\/Portal-Notcia-Em-Pauta-102292869264820\/\" \/>\n<meta property=\"article:published_time\" content=\"2024-03-19T13:10:15+00:00\" \/>\n<meta property=\"article:modified_time\" content=\"2024-03-19T13:10:17+00:00\" \/>\n<meta property=\"og:image\" content=\"https:\/\/noticiaempauta.com\/portal\/wp-content\/uploads\/2024\/03\/P40G-IMG-24773c18a9e5d34d2e.jpg\" \/>\n\t<meta property=\"og:image:width\" content=\"790\" \/>\n\t<meta property=\"og:image:height\" content=\"444\" \/>\n\t<meta property=\"og:image:type\" content=\"image\/jpeg\" \/>\n<meta name=\"author\" content=\"Reda\u00e7\u00e3o\" \/>\n<meta name=\"twitter:card\" content=\"summary_large_image\" \/>\n<meta name=\"twitter:label1\" content=\"Escrito por\" \/>\n\t<meta name=\"twitter:data1\" content=\"Reda\u00e7\u00e3o\" \/>\n\t<meta name=\"twitter:label2\" content=\"Est. tempo de leitura\" \/>\n\t<meta name=\"twitter:data2\" content=\"3 minutos\" \/>\n<script type=\"application\/ld+json\" class=\"yoast-schema-graph\">{\"@context\":\"https:\/\/schema.org\",\"@graph\":[{\"@type\":\"Article\",\"@id\":\"https:\/\/noticiaempauta.com\/portal\/tres-municipios-da-regiao-de-picos-suspendem-aulas-devido-as-chuvas-familias-estao-isoladas-e-sem-energia\/#article\",\"isPartOf\":{\"@id\":\"https:\/\/noticiaempauta.com\/portal\/tres-municipios-da-regiao-de-picos-suspendem-aulas-devido-as-chuvas-familias-estao-isoladas-e-sem-energia\/\"},\"author\":{\"name\":\"Reda\u00e7\u00e3o\",\"@id\":\"https:\/\/noticiaempauta.com\/portal\/#\/schema\/person\/a74af43dd1ab3deca45f988c717d57ac\"},\"headline\":\"Tr\u00eas munic\u00edpios da regi\u00e3o de Picos suspendem aulas devido \u00e0s chuvas; fam\u00edlias est\u00e3o isoladas e sem energia\",\"datePublished\":\"2024-03-19T13:10:15+00:00\",\"dateModified\":\"2024-03-19T13:10:17+00:00\",\"mainEntityOfPage\":{\"@id\":\"https:\/\/noticiaempauta.com\/portal\/tres-municipios-da-regiao-de-picos-suspendem-aulas-devido-as-chuvas-familias-estao-isoladas-e-sem-energia\/\"},\"wordCount\":533,\"commentCount\":0,\"publisher\":{\"@id\":\"https:\/\/noticiaempauta.com\/portal\/#organization\"},\"image\":{\"@id\":\"https:\/\/noticiaempauta.com\/portal\/tres-municipios-da-regiao-de-picos-suspendem-aulas-devido-as-chuvas-familias-estao-isoladas-e-sem-energia\/#primaryimage\"},\"thumbnailUrl\":\"https:\/\/noticiaempauta.com\/portal\/wp-content\/uploads\/2024\/03\/P40G-IMG-24773c18a9e5d34d2e.jpg\",\"keywords\":[\"destaqueprincipal\"],\"articleSection\":[\"Destaques\",\"Geral\",\"Munic\u00edpios\",\"Todas as Not\u00edcias\"],\"inLanguage\":\"pt-BR\",\"potentialAction\":[{\"@type\":\"CommentAction\",\"name\":\"Comment\",\"target\":[\"https:\/\/noticiaempauta.com\/portal\/tres-municipios-da-regiao-de-picos-suspendem-aulas-devido-as-chuvas-familias-estao-isoladas-e-sem-energia\/#respond\"]}]},{\"@type\":\"WebPage\",\"@id\":\"https:\/\/noticiaempauta.com\/portal\/tres-municipios-da-regiao-de-picos-suspendem-aulas-devido-as-chuvas-familias-estao-isoladas-e-sem-energia\/\",\"url\":\"https:\/\/noticiaempauta.com\/portal\/tres-municipios-da-regiao-de-picos-suspendem-aulas-devido-as-chuvas-familias-estao-isoladas-e-sem-energia\/\",\"name\":\"Tr\u00eas munic\u00edpios da regi\u00e3o de Picos suspendem aulas devido \u00e0s chuvas; fam\u00edlias est\u00e3o isoladas e sem energia - Portal Not\u00edcia em Pauta\",\"isPartOf\":{\"@id\":\"https:\/\/noticiaempauta.com\/portal\/#website\"},\"primaryImageOfPage\":{\"@id\":\"https:\/\/noticiaempauta.com\/portal\/tres-municipios-da-regiao-de-picos-suspendem-aulas-devido-as-chuvas-familias-estao-isoladas-e-sem-energia\/#primaryimage\"},\"image\":{\"@id\":\"https:\/\/noticiaempauta.com\/portal\/tres-municipios-da-regiao-de-picos-suspendem-aulas-devido-as-chuvas-familias-estao-isoladas-e-sem-energia\/#primaryimage\"},\"thumbnailUrl\":\"https:\/\/noticiaempauta.com\/portal\/wp-content\/uploads\/2024\/03\/P40G-IMG-24773c18a9e5d34d2e.jpg\",\"datePublished\":\"2024-03-19T13:10:15+00:00\",\"dateModified\":\"2024-03-19T13:10:17+00:00\",\"breadcrumb\":{\"@id\":\"https:\/\/noticiaempauta.com\/portal\/tres-municipios-da-regiao-de-picos-suspendem-aulas-devido-as-chuvas-familias-estao-isoladas-e-sem-energia\/#breadcrumb\"},\"inLanguage\":\"pt-BR\",\"potentialAction\":[{\"@type\":\"ReadAction\",\"target\":[\"https:\/\/noticiaempauta.com\/portal\/tres-municipios-da-regiao-de-picos-suspendem-aulas-devido-as-chuvas-familias-estao-isoladas-e-sem-energia\/\"]}]},{\"@type\":\"ImageObject\",\"inLanguage\":\"pt-BR\",\"@id\":\"https:\/\/noticiaempauta.com\/portal\/tres-municipios-da-regiao-de-picos-suspendem-aulas-devido-as-chuvas-familias-estao-isoladas-e-sem-energia\/#primaryimage\",\"url\":\"https:\/\/noticiaempauta.com\/portal\/wp-content\/uploads\/2024\/03\/P40G-IMG-24773c18a9e5d34d2e.jpg\",\"contentUrl\":\"https:\/\/noticiaempauta.com\/portal\/wp-content\/uploads\/2024\/03\/P40G-IMG-24773c18a9e5d34d2e.jpg\",\"width\":790,\"height\":444},{\"@type\":\"BreadcrumbList\",\"@id\":\"https:\/\/noticiaempauta.com\/portal\/tres-municipios-da-regiao-de-picos-suspendem-aulas-devido-as-chuvas-familias-estao-isoladas-e-sem-energia\/#breadcrumb\",\"itemListElement\":[{\"@type\":\"ListItem\",\"position\":1,\"name\":\"P\u00e1gina Inicial\",\"item\":\"https:\/\/noticiaempauta.com\/portal\/\"},{\"@type\":\"ListItem\",\"position\":2,\"name\":\"Destaques\",\"item\":\"https:\/\/noticiaempauta.com\/portal\/destaques-site\/\"},{\"@type\":\"ListItem\",\"position\":3,\"name\":\"Tr\u00eas munic\u00edpios da regi\u00e3o de Picos suspendem aulas devido \u00e0s chuvas; fam\u00edlias est\u00e3o isoladas e sem energia\"}]},{\"@type\":\"WebSite\",\"@id\":\"https:\/\/noticiaempauta.com\/portal\/#website\",\"url\":\"https:\/\/noticiaempauta.com\/portal\/\",\"name\":\"Portal Not\u00edcia em Pauta\",\"description\":\"Voc\u00ea bem informado\",\"publisher\":{\"@id\":\"https:\/\/noticiaempauta.com\/portal\/#organization\"},\"potentialAction\":[{\"@type\":\"SearchAction\",\"target\":{\"@type\":\"EntryPoint\",\"urlTemplate\":\"https:\/\/noticiaempauta.com\/portal\/?s={search_term_string}\"},\"query-input\":{\"@type\":\"PropertyValueSpecification\",\"valueRequired\":true,\"valueName\":\"search_term_string\"}}],\"inLanguage\":\"pt-BR\"},{\"@type\":\"Organization\",\"@id\":\"https:\/\/noticiaempauta.com\/portal\/#organization\",\"name\":\"Portal Not\u00edcia em Pauta\",\"url\":\"https:\/\/noticiaempauta.com\/portal\/\",\"logo\":{\"@type\":\"ImageObject\",\"inLanguage\":\"pt-BR\",\"@id\":\"https:\/\/noticiaempauta.com\/portal\/#\/schema\/logo\/image\/\",\"url\":\"https:\/\/noticiaempauta.com\/portal\/wp-content\/uploads\/2022\/08\/logomarca_tema.fw_.png\",\"contentUrl\":\"https:\/\/noticiaempauta.com\/portal\/wp-content\/uploads\/2022\/08\/logomarca_tema.fw_.png\",\"width\":400,\"height\":232,\"caption\":\"Portal Not\u00edcia em Pauta\"},\"image\":{\"@id\":\"https:\/\/noticiaempauta.com\/portal\/#\/schema\/logo\/image\/\"},\"sameAs\":[\"https:\/\/www.facebook.com\/Portal-Notcia-Em-Pauta-102292869264820\/\",\"https:\/\/www.instagram.com\/portalnoticiaempauta\/\"]},{\"@type\":\"Person\",\"@id\":\"https:\/\/noticiaempauta.com\/portal\/#\/schema\/person\/a74af43dd1ab3deca45f988c717d57ac\",\"name\":\"Reda\u00e7\u00e3o\",\"image\":{\"@type\":\"ImageObject\",\"inLanguage\":\"pt-BR\",\"@id\":\"https:\/\/noticiaempauta.com\/portal\/#\/schema\/person\/image\/\",\"url\":\"https:\/\/secure.gravatar.com\/avatar\/03179346ecce6cdfc13361603e8f54242a90e5cde8618fa23c5c00aa2b0aadf3?s=96&d=mm&r=g\",\"contentUrl\":\"https:\/\/secure.gravatar.com\/avatar\/03179346ecce6cdfc13361603e8f54242a90e5cde8618fa23c5c00aa2b0aadf3?s=96&d=mm&r=g\",\"caption\":\"Reda\u00e7\u00e3o\"},\"sameAs\":[\"https:\/\/noticiaempauta.com\/portal\/\"],\"url\":\"https:\/\/noticiaempauta.com\/portal\/author\/fernando\/\"}]}<\/script>\n<!-- \/ Yoast SEO Premium plugin. -->","yoast_head_json":{"title":"Tr\u00eas munic\u00edpios da regi\u00e3o de Picos suspendem aulas devido \u00e0s chuvas; fam\u00edlias est\u00e3o isoladas e sem energia - Portal Not\u00edcia em Pauta","robots":{"index":"index","follow":"follow","max-snippet":"max-snippet:-1","max-image-preview":"max-image-preview:large","max-video-preview":"max-video-preview:-1"},"canonical":"https:\/\/noticiaempauta.com\/portal\/tres-municipios-da-regiao-de-picos-suspendem-aulas-devido-as-chuvas-familias-estao-isoladas-e-sem-energia\/","og_locale":"pt_BR","og_type":"article","og_title":"Tr\u00eas munic\u00edpios da regi\u00e3o de Picos suspendem aulas devido \u00e0s chuvas; fam\u00edlias est\u00e3o isoladas e sem energia","og_description":"Pelo menos tr\u00eas cidades do Piau\u00ed tiveram que suspender as aulas na rede municipal, devido aos estragos provocados pelas chuvas. Cerca de 1.200 alunos nos munic\u00edpios de Caridade, Massap\u00ea e Curral Novo foram afetados com rotas escolares intrafeg\u00e1veis. De acordo com levantamento do Cidadeverde.com, regi\u00f5es das tr\u00eas cidades est\u00e3o com fam\u00edlias ilhadas e com resid\u00eancias [&hellip;]","og_url":"https:\/\/noticiaempauta.com\/portal\/tres-municipios-da-regiao-de-picos-suspendem-aulas-devido-as-chuvas-familias-estao-isoladas-e-sem-energia\/","og_site_name":"Portal Not\u00edcia em Pauta","article_publisher":"https:\/\/www.facebook.com\/Portal-Notcia-Em-Pauta-102292869264820\/","article_published_time":"2024-03-19T13:10:15+00:00","article_modified_time":"2024-03-19T13:10:17+00:00","og_image":[{"width":790,"height":444,"url":"https:\/\/noticiaempauta.com\/portal\/wp-content\/uploads\/2024\/03\/P40G-IMG-24773c18a9e5d34d2e.jpg","type":"image\/jpeg"}],"author":"Reda\u00e7\u00e3o","twitter_card":"summary_large_image","twitter_misc":{"Escrito por":"Reda\u00e7\u00e3o","Est. tempo de leitura":"3 minutos"},"schema":{"@context":"https:\/\/schema.org","@graph":[{"@type":"Article","@id":"https:\/\/noticiaempauta.com\/portal\/tres-municipios-da-regiao-de-picos-suspendem-aulas-devido-as-chuvas-familias-estao-isoladas-e-sem-energia\/#article","isPartOf":{"@id":"https:\/\/noticiaempauta.com\/portal\/tres-municipios-da-regiao-de-picos-suspendem-aulas-devido-as-chuvas-familias-estao-isoladas-e-sem-energia\/"},"author":{"name":"Reda\u00e7\u00e3o","@id":"https:\/\/noticiaempauta.com\/portal\/#\/schema\/person\/a74af43dd1ab3deca45f988c717d57ac"},"headline":"Tr\u00eas munic\u00edpios da regi\u00e3o de Picos suspendem aulas devido \u00e0s chuvas; fam\u00edlias est\u00e3o isoladas e sem energia","datePublished":"2024-03-19T13:10:15+00:00","dateModified":"2024-03-19T13:10:17+00:00","mainEntityOfPage":{"@id":"https:\/\/noticiaempauta.com\/portal\/tres-municipios-da-regiao-de-picos-suspendem-aulas-devido-as-chuvas-familias-estao-isoladas-e-sem-energia\/"},"wordCount":533,"commentCount":0,"publisher":{"@id":"https:\/\/noticiaempauta.com\/portal\/#organization"},"image":{"@id":"https:\/\/noticiaempauta.com\/portal\/tres-municipios-da-regiao-de-picos-suspendem-aulas-devido-as-chuvas-familias-estao-isoladas-e-sem-energia\/#primaryimage"},"thumbnailUrl":"https:\/\/noticiaempauta.com\/portal\/wp-content\/uploads\/2024\/03\/P40G-IMG-24773c18a9e5d34d2e.jpg","keywords":["destaqueprincipal"],"articleSection":["Destaques","Geral","Munic\u00edpios","Todas as Not\u00edcias"],"inLanguage":"pt-BR","potentialAction":[{"@type":"CommentAction","name":"Comment","target":["https:\/\/noticiaempauta.com\/portal\/tres-municipios-da-regiao-de-picos-suspendem-aulas-devido-as-chuvas-familias-estao-isoladas-e-sem-energia\/#respond"]}]},{"@type":"WebPage","@id":"https:\/\/noticiaempauta.com\/portal\/tres-municipios-da-regiao-de-picos-suspendem-aulas-devido-as-chuvas-familias-estao-isoladas-e-sem-energia\/","url":"https:\/\/noticiaempauta.com\/portal\/tres-municipios-da-regiao-de-picos-suspendem-aulas-devido-as-chuvas-familias-estao-isoladas-e-sem-energia\/","name":"Tr\u00eas munic\u00edpios da regi\u00e3o de Picos suspendem aulas devido \u00e0s chuvas; fam\u00edlias est\u00e3o isoladas e sem energia - Portal Not\u00edcia em Pauta","isPartOf":{"@id":"https:\/\/noticiaempauta.com\/portal\/#website"},"primaryImageOfPage":{"@id":"https:\/\/noticiaempauta.com\/portal\/tres-municipios-da-regiao-de-picos-suspendem-aulas-devido-as-chuvas-familias-estao-isoladas-e-sem-energia\/#primaryimage"},"image":{"@id":"https:\/\/noticiaempauta.com\/portal\/tres-municipios-da-regiao-de-picos-suspendem-aulas-devido-as-chuvas-familias-estao-isoladas-e-sem-energia\/#primaryimage"},"thumbnailUrl":"https:\/\/noticiaempauta.com\/portal\/wp-content\/uploads\/2024\/03\/P40G-IMG-24773c18a9e5d34d2e.jpg","datePublished":"2024-03-19T13:10:15+00:00","dateModified":"2024-03-19T13:10:17+00:00","breadcrumb":{"@id":"https:\/\/noticiaempauta.com\/portal\/tres-municipios-da-regiao-de-picos-suspendem-aulas-devido-as-chuvas-familias-estao-isoladas-e-sem-energia\/#breadcrumb"},"inLanguage":"pt-BR","potentialAction":[{"@type":"ReadAction","target":["https:\/\/noticiaempauta.com\/portal\/tres-municipios-da-regiao-de-picos-suspendem-aulas-devido-as-chuvas-familias-estao-isoladas-e-sem-energia\/"]}]},{"@type":"ImageObject","inLanguage":"pt-BR","@id":"https:\/\/noticiaempauta.com\/portal\/tres-municipios-da-regiao-de-picos-suspendem-aulas-devido-as-chuvas-familias-estao-isoladas-e-sem-energia\/#primaryimage","url":"https:\/\/noticiaempauta.com\/portal\/wp-content\/uploads\/2024\/03\/P40G-IMG-24773c18a9e5d34d2e.jpg","contentUrl":"https:\/\/noticiaempauta.com\/portal\/wp-content\/uploads\/2024\/03\/P40G-IMG-24773c18a9e5d34d2e.jpg","width":790,"height":444},{"@type":"BreadcrumbList","@id":"https:\/\/noticiaempauta.com\/portal\/tres-municipios-da-regiao-de-picos-suspendem-aulas-devido-as-chuvas-familias-estao-isoladas-e-sem-energia\/#breadcrumb","itemListElement":[{"@type":"ListItem","position":1,"name":"P\u00e1gina Inicial","item":"https:\/\/noticiaempauta.com\/portal\/"},{"@type":"ListItem","position":2,"name":"Destaques","item":"https:\/\/noticiaempauta.com\/portal\/destaques-site\/"},{"@type":"ListItem","position":3,"name":"Tr\u00eas munic\u00edpios da regi\u00e3o de Picos suspendem aulas devido \u00e0s chuvas; fam\u00edlias est\u00e3o isoladas e sem energia"}]},{"@type":"WebSite","@id":"https:\/\/noticiaempauta.com\/portal\/#website","url":"https:\/\/noticiaempauta.com\/portal\/","name":"Portal Not\u00edcia em Pauta","description":"Voc\u00ea bem informado","publisher":{"@id":"https:\/\/noticiaempauta.com\/portal\/#organization"},"potentialAction":[{"@type":"SearchAction","target":{"@type":"EntryPoint","urlTemplate":"https:\/\/noticiaempauta.com\/portal\/?s={search_term_string}"},"query-input":{"@type":"PropertyValueSpecification","valueRequired":true,"valueName":"search_term_string"}}],"inLanguage":"pt-BR"},{"@type":"Organization","@id":"https:\/\/noticiaempauta.com\/portal\/#organization","name":"Portal Not\u00edcia em Pauta","url":"https:\/\/noticiaempauta.com\/portal\/","logo":{"@type":"ImageObject","inLanguage":"pt-BR","@id":"https:\/\/noticiaempauta.com\/portal\/#\/schema\/logo\/image\/","url":"https:\/\/noticiaempauta.com\/portal\/wp-content\/uploads\/2022\/08\/logomarca_tema.fw_.png","contentUrl":"https:\/\/noticiaempauta.com\/portal\/wp-content\/uploads\/2022\/08\/logomarca_tema.fw_.png","width":400,"height":232,"caption":"Portal Not\u00edcia em Pauta"},"image":{"@id":"https:\/\/noticiaempauta.com\/portal\/#\/schema\/logo\/image\/"},"sameAs":["https:\/\/www.facebook.com\/Portal-Notcia-Em-Pauta-102292869264820\/","https:\/\/www.instagram.com\/portalnoticiaempauta\/"]},{"@type":"Person","@id":"https:\/\/noticiaempauta.com\/portal\/#\/schema\/person\/a74af43dd1ab3deca45f988c717d57ac","name":"Reda\u00e7\u00e3o","image":{"@type":"ImageObject","inLanguage":"pt-BR","@id":"https:\/\/noticiaempauta.com\/portal\/#\/schema\/person\/image\/","url":"https:\/\/secure.gravatar.com\/avatar\/03179346ecce6cdfc13361603e8f54242a90e5cde8618fa23c5c00aa2b0aadf3?s=96&d=mm&r=g","contentUrl":"https:\/\/secure.gravatar.com\/avatar\/03179346ecce6cdfc13361603e8f54242a90e5cde8618fa23c5c00aa2b0aadf3?s=96&d=mm&r=g","caption":"Reda\u00e7\u00e3o"},"sameAs":["https:\/\/noticiaempauta.com\/portal\/"],"url":"https:\/\/noticiaempauta.com\/portal\/author\/fernando\/"}]}},"_links":{"self":[{"href":"https:\/\/noticiaempauta.com\/portal\/wp-json\/wp\/v2\/posts\/255948","targetHints":{"allow":["GET"]}}],"collection":[{"href":"https:\/\/noticiaempauta.com\/portal\/wp-json\/wp\/v2\/posts"}],"about":[{"href":"https:\/\/noticiaempauta.com\/portal\/wp-json\/wp\/v2\/types\/post"}],"author":[{"embeddable":true,"href":"https:\/\/noticiaempauta.com\/portal\/wp-json\/wp\/v2\/users\/2"}],"replies":[{"embeddable":true,"href":"https:\/\/noticiaempauta.com\/portal\/wp-json\/wp\/v2\/comments?post=255948"}],"version-history":[{"count":2,"href":"https:\/\/noticiaempauta.com\/portal\/wp-json\/wp\/v2\/posts\/255948\/revisions"}],"predecessor-version":[{"id":255952,"href":"https:\/\/noticiaempauta.com\/portal\/wp-json\/wp\/v2\/posts\/255948\/revisions\/255952"}],"wp:featuredmedia":[{"embeddable":true,"href":"https:\/\/noticiaempauta.com\/portal\/wp-json\/wp\/v2\/media\/255950"}],"wp:attachment":[{"href":"https:\/\/noticiaempauta.com\/portal\/wp-json\/wp\/v2\/media?parent=255948"}],"wp:term":[{"taxonomy":"category","embeddable":true,"href":"https:\/\/noticiaempauta.com\/portal\/wp-json\/wp\/v2\/categories?post=255948"},{"taxonomy":"post_tag","embeddable":true,"href":"https:\/\/noticiaempauta.com\/portal\/wp-json\/wp\/v2\/tags?post=255948"}],"curies":[{"name":"wp","href":"https:\/\/api.w.org\/{rel}","templated":true}]}}