{"id":256011,"date":"2024-03-22T08:20:50","date_gmt":"2024-03-22T11:20:50","guid":{"rendered":"https:\/\/noticiaempauta.com\/portal\/?p=256011"},"modified":"2024-03-22T08:20:52","modified_gmt":"2024-03-22T11:20:52","slug":"no-piaui-oito-acudes-estao-com-100-da-capacidade-maxima-ribeirinhos-estao-em-alerta","status":"publish","type":"post","link":"https:\/\/noticiaempauta.com\/portal\/no-piaui-oito-acudes-estao-com-100-da-capacidade-maxima-ribeirinhos-estao-em-alerta\/","title":{"rendered":"No Piau\u00ed, oito a\u00e7udes est\u00e3o com 100% da capacidade m\u00e1xima; ribeirinhos est\u00e3o em alerta"},"content":{"rendered":"\n<p>A Secretaria Estadual de Meio Ambiente e Recursos H\u00eddricos (Semarh) divulgou na tarde desta quinta-feira (21) que oito a\u00e7udes j\u00e1 est\u00e3o com 100% da capacidade m\u00e1xima de \u00e1gua, alguns chegando a transbordar.\u00a0<a href=\"https:\/\/cidadeverde.com\/noticias\/410128\/barragem-do-estreito-transborda-apos-quatro-anos-e-prefeitura-faz-monitoramento\">A mais recente que sangrou foi a barragem do Estreito, na cidade de Francisco Macedo<\/a>. A popula\u00e7\u00e3o ribeirinha est\u00e1 sendo orientada a ficar em alerta sobre poss\u00edveis alagamentos.\u00a0\u00a0<\/p>\n\n\n\n<figure class=\"wp-block-image size-full\"><img fetchpriority=\"high\" decoding=\"async\" width=\"984\" height=\"656\" src=\"https:\/\/noticiaempauta.com\/portal\/wp-content\/uploads\/2024\/03\/img_1978_1.webp\" alt=\"\" class=\"wp-image-256013\" srcset=\"https:\/\/noticiaempauta.com\/portal\/wp-content\/uploads\/2024\/03\/img_1978_1.webp 984w, https:\/\/noticiaempauta.com\/portal\/wp-content\/uploads\/2024\/03\/img_1978_1-300x200.webp 300w, https:\/\/noticiaempauta.com\/portal\/wp-content\/uploads\/2024\/03\/img_1978_1-768x512.webp 768w\" sizes=\"(max-width: 984px) 100vw, 984px\" \/><figcaption class=\"wp-element-caption\"><em>A\u00e7ude em Piripiri, no Norte do Piau\u00ed \u2014 Foto: Patr\u00edcia Andrade\/G1<\/em><\/figcaption><\/figure>\n\n\n\n<p>Com o aumento das chuvas, elevando o leito dos rios, riachos e a\u00e7udes, algumas barragens est\u00e3o sendo monitoradas pela Semarh.<\/p>\n\n\n\n<p><strong>Os a\u00e7udes que est\u00e3o com 100% da capacidade m\u00e1xima s\u00e3o:<\/strong><\/p>\n\n\n\n<blockquote class=\"wp-block-quote is-layout-flow wp-block-quote-is-layout-flow\">\n<p><strong>A\u00e7ude Ingazeiras<\/strong>&nbsp;\u2013 em Paulistana<br><strong>A\u00e7ude Pedra Redonda<\/strong>&nbsp;\u2013 em Concei\u00e7\u00e3o do Canind\u00e9<br><strong>A\u00e7ude Piracuruca<\/strong>&nbsp;<br><strong>A\u00e7ude Emparedado<\/strong>&nbsp;\u2013 em Campo Maior<br><strong>A\u00e7ude Caldeir\u00e3o&nbsp;<\/strong>\u2013 Piripiri<br><strong>A\u00e7ude Mesa de Pedra&nbsp;<\/strong>\u2013 Valen\u00e7a&nbsp;<br><strong>A\u00e7ude Estreito&nbsp;<\/strong>\u2013 Francisco Macedo&nbsp;<br><strong>A\u00e7ude Salinas&nbsp;<\/strong>\u2013 em S\u00e3o Francisco do Piau\u00ed&nbsp;<\/p>\n<\/blockquote>\n\n\n\n<p>No levantamento da Semarh, o a\u00e7ude Jenipapo, em S\u00e3o Jo\u00e3o do Piau\u00ed, est\u00e1 com 91% da capacidade, barragem Nonato, na cidade de Dom Inoc\u00eancio, est\u00e1 com 61%, j\u00e1 a\u00e7ude Bocaina, tem 55% do volume de \u00e1gua, a\u00e7ude Petr\u00f4nio Portela est\u00e1 com 13% e Piaus, no munic\u00edpio de S\u00e3o Juli\u00e3o, tem 37% da capacidade.&nbsp;<\/p>\n\n\n\n<p>Igor Klaus, diretor de Planejamento e Seguran\u00e7a H\u00eddrica da Semarh, informou que a Secretaria monitora 25 barragens no estado atrav\u00e9s da Sala de Monitoramento e Previs\u00e3o de&nbsp; Eventos Clim\u00e1ticos Extremos.<\/p>\n\n\n\n<blockquote class=\"wp-block-quote is-layout-flow wp-block-quote-is-layout-flow\">\n<p>\u201cComo o per\u00edodo de chuva e principalmente agora com chuvas em n\u00edvel elevado aumenta drasticamente o volume dos reservat\u00f3rios dos rios no estado. Lembrando que os ribeirinhos precisam ter uma aten\u00e7\u00e3o especial nesse per\u00edodo e informar os \u00f3rg\u00e3os estaduais,\u00a0principalmente Defesa Civil, Corpo de Bombeiros e Semarh sobre qualquer anomalia relativo a rios, riachos ou lagoas de sua regi\u00e3o\u201d, disse Igor Klaus.\u00a0\u00a0<\/p>\n<\/blockquote>\n\n\n\n<p><em>Fonte: Cidade Verde<\/em><\/p>\n","protected":false},"excerpt":{"rendered":"<p>A Secretaria Estadual de Meio Ambiente e Recursos H\u00eddricos (Semarh) divulgou na tarde desta quinta-feira (21) que oito a\u00e7udes j\u00e1 est\u00e3o com 100% da capacidade m\u00e1xima de \u00e1gua, alguns chegando a transbordar.\u00a0A mais recente que sangrou foi a barragem do Estreito, na cidade de Francisco Macedo. A popula\u00e7\u00e3o ribeirinha est\u00e1 sendo orientada a ficar em [&hellip;]<\/p>\n","protected":false},"author":2,"featured_media":256013,"comment_status":"open","ping_status":"open","sticky":false,"template":"","format":"standard","meta":{"_mi_skip_tracking":false,"footnotes":""},"categories":[25,1,9,16],"tags":[192],"class_list":["post-256011","post","type-post","status-publish","format-standard","has-post-thumbnail","hentry","category-destaques-site","category-geral","category-municipios","category-todas","tag-destaqueprincipal"],"acf":[],"yoast_head":"<!-- This site is optimized with the Yoast SEO Premium plugin v19.2 (Yoast SEO v26.9) - https:\/\/yoast.com\/product\/yoast-seo-premium-wordpress\/ -->\n<title>No Piau\u00ed, oito a\u00e7udes est\u00e3o com 100% da capacidade m\u00e1xima; ribeirinhos est\u00e3o em alerta - Portal Not\u00edcia em Pauta<\/title>\n<meta name=\"robots\" content=\"index, follow, max-snippet:-1, max-image-preview:large, max-video-preview:-1\" \/>\n<link rel=\"canonical\" href=\"https:\/\/noticiaempauta.com\/portal\/no-piaui-oito-acudes-estao-com-100-da-capacidade-maxima-ribeirinhos-estao-em-alerta\/\" \/>\n<meta property=\"og:locale\" content=\"pt_BR\" \/>\n<meta property=\"og:type\" content=\"article\" \/>\n<meta property=\"og:title\" content=\"No Piau\u00ed, oito a\u00e7udes est\u00e3o com 100% da capacidade m\u00e1xima; ribeirinhos est\u00e3o em alerta\" \/>\n<meta property=\"og:description\" content=\"A Secretaria Estadual de Meio Ambiente e Recursos H\u00eddricos (Semarh) divulgou na tarde desta quinta-feira (21) que oito a\u00e7udes j\u00e1 est\u00e3o com 100% da capacidade m\u00e1xima de \u00e1gua, alguns chegando a transbordar.\u00a0A mais recente que sangrou foi a barragem do Estreito, na cidade de Francisco Macedo. A popula\u00e7\u00e3o ribeirinha est\u00e1 sendo orientada a ficar em [&hellip;]\" \/>\n<meta property=\"og:url\" content=\"https:\/\/noticiaempauta.com\/portal\/no-piaui-oito-acudes-estao-com-100-da-capacidade-maxima-ribeirinhos-estao-em-alerta\/\" \/>\n<meta property=\"og:site_name\" content=\"Portal Not\u00edcia em Pauta\" \/>\n<meta property=\"article:publisher\" content=\"https:\/\/www.facebook.com\/Portal-Notcia-Em-Pauta-102292869264820\/\" \/>\n<meta property=\"article:published_time\" content=\"2024-03-22T11:20:50+00:00\" \/>\n<meta property=\"article:modified_time\" content=\"2024-03-22T11:20:52+00:00\" \/>\n<meta property=\"og:image\" content=\"https:\/\/noticiaempauta.com\/portal\/wp-content\/uploads\/2024\/03\/img_1978_1.webp\" \/>\n\t<meta property=\"og:image:width\" content=\"984\" \/>\n\t<meta property=\"og:image:height\" content=\"656\" \/>\n\t<meta property=\"og:image:type\" content=\"image\/webp\" \/>\n<meta name=\"author\" content=\"Reda\u00e7\u00e3o\" \/>\n<meta name=\"twitter:card\" content=\"summary_large_image\" \/>\n<meta name=\"twitter:label1\" content=\"Escrito por\" \/>\n\t<meta name=\"twitter:data1\" content=\"Reda\u00e7\u00e3o\" \/>\n\t<meta name=\"twitter:label2\" content=\"Est. tempo de leitura\" \/>\n\t<meta name=\"twitter:data2\" content=\"2 minutos\" \/>\n<script type=\"application\/ld+json\" class=\"yoast-schema-graph\">{\"@context\":\"https:\/\/schema.org\",\"@graph\":[{\"@type\":\"Article\",\"@id\":\"https:\/\/noticiaempauta.com\/portal\/no-piaui-oito-acudes-estao-com-100-da-capacidade-maxima-ribeirinhos-estao-em-alerta\/#article\",\"isPartOf\":{\"@id\":\"https:\/\/noticiaempauta.com\/portal\/no-piaui-oito-acudes-estao-com-100-da-capacidade-maxima-ribeirinhos-estao-em-alerta\/\"},\"author\":{\"name\":\"Reda\u00e7\u00e3o\",\"@id\":\"https:\/\/noticiaempauta.com\/portal\/#\/schema\/person\/a74af43dd1ab3deca45f988c717d57ac\"},\"headline\":\"No Piau\u00ed, oito a\u00e7udes est\u00e3o com 100% da capacidade m\u00e1xima; ribeirinhos est\u00e3o em alerta\",\"datePublished\":\"2024-03-22T11:20:50+00:00\",\"dateModified\":\"2024-03-22T11:20:52+00:00\",\"mainEntityOfPage\":{\"@id\":\"https:\/\/noticiaempauta.com\/portal\/no-piaui-oito-acudes-estao-com-100-da-capacidade-maxima-ribeirinhos-estao-em-alerta\/\"},\"wordCount\":355,\"commentCount\":0,\"publisher\":{\"@id\":\"https:\/\/noticiaempauta.com\/portal\/#organization\"},\"image\":{\"@id\":\"https:\/\/noticiaempauta.com\/portal\/no-piaui-oito-acudes-estao-com-100-da-capacidade-maxima-ribeirinhos-estao-em-alerta\/#primaryimage\"},\"thumbnailUrl\":\"https:\/\/noticiaempauta.com\/portal\/wp-content\/uploads\/2024\/03\/img_1978_1.webp\",\"keywords\":[\"destaqueprincipal\"],\"articleSection\":[\"Destaques\",\"Geral\",\"Munic\u00edpios\",\"Todas as Not\u00edcias\"],\"inLanguage\":\"pt-BR\",\"potentialAction\":[{\"@type\":\"CommentAction\",\"name\":\"Comment\",\"target\":[\"https:\/\/noticiaempauta.com\/portal\/no-piaui-oito-acudes-estao-com-100-da-capacidade-maxima-ribeirinhos-estao-em-alerta\/#respond\"]}]},{\"@type\":\"WebPage\",\"@id\":\"https:\/\/noticiaempauta.com\/portal\/no-piaui-oito-acudes-estao-com-100-da-capacidade-maxima-ribeirinhos-estao-em-alerta\/\",\"url\":\"https:\/\/noticiaempauta.com\/portal\/no-piaui-oito-acudes-estao-com-100-da-capacidade-maxima-ribeirinhos-estao-em-alerta\/\",\"name\":\"No Piau\u00ed, oito a\u00e7udes est\u00e3o com 100% da capacidade m\u00e1xima; ribeirinhos est\u00e3o em alerta - Portal Not\u00edcia em Pauta\",\"isPartOf\":{\"@id\":\"https:\/\/noticiaempauta.com\/portal\/#website\"},\"primaryImageOfPage\":{\"@id\":\"https:\/\/noticiaempauta.com\/portal\/no-piaui-oito-acudes-estao-com-100-da-capacidade-maxima-ribeirinhos-estao-em-alerta\/#primaryimage\"},\"image\":{\"@id\":\"https:\/\/noticiaempauta.com\/portal\/no-piaui-oito-acudes-estao-com-100-da-capacidade-maxima-ribeirinhos-estao-em-alerta\/#primaryimage\"},\"thumbnailUrl\":\"https:\/\/noticiaempauta.com\/portal\/wp-content\/uploads\/2024\/03\/img_1978_1.webp\",\"datePublished\":\"2024-03-22T11:20:50+00:00\",\"dateModified\":\"2024-03-22T11:20:52+00:00\",\"breadcrumb\":{\"@id\":\"https:\/\/noticiaempauta.com\/portal\/no-piaui-oito-acudes-estao-com-100-da-capacidade-maxima-ribeirinhos-estao-em-alerta\/#breadcrumb\"},\"inLanguage\":\"pt-BR\",\"potentialAction\":[{\"@type\":\"ReadAction\",\"target\":[\"https:\/\/noticiaempauta.com\/portal\/no-piaui-oito-acudes-estao-com-100-da-capacidade-maxima-ribeirinhos-estao-em-alerta\/\"]}]},{\"@type\":\"ImageObject\",\"inLanguage\":\"pt-BR\",\"@id\":\"https:\/\/noticiaempauta.com\/portal\/no-piaui-oito-acudes-estao-com-100-da-capacidade-maxima-ribeirinhos-estao-em-alerta\/#primaryimage\",\"url\":\"https:\/\/noticiaempauta.com\/portal\/wp-content\/uploads\/2024\/03\/img_1978_1.webp\",\"contentUrl\":\"https:\/\/noticiaempauta.com\/portal\/wp-content\/uploads\/2024\/03\/img_1978_1.webp\",\"width\":984,\"height\":656,\"caption\":\"A\u00e7ude em Piripiri, no Norte do Piau\u00ed \u2014 Foto: Patr\u00edcia Andrade\/G1\"},{\"@type\":\"BreadcrumbList\",\"@id\":\"https:\/\/noticiaempauta.com\/portal\/no-piaui-oito-acudes-estao-com-100-da-capacidade-maxima-ribeirinhos-estao-em-alerta\/#breadcrumb\",\"itemListElement\":[{\"@type\":\"ListItem\",\"position\":1,\"name\":\"P\u00e1gina Inicial\",\"item\":\"https:\/\/noticiaempauta.com\/portal\/\"},{\"@type\":\"ListItem\",\"position\":2,\"name\":\"Destaques\",\"item\":\"https:\/\/noticiaempauta.com\/portal\/destaques-site\/\"},{\"@type\":\"ListItem\",\"position\":3,\"name\":\"No Piau\u00ed, oito a\u00e7udes est\u00e3o com 100% da capacidade m\u00e1xima; ribeirinhos est\u00e3o em alerta\"}]},{\"@type\":\"WebSite\",\"@id\":\"https:\/\/noticiaempauta.com\/portal\/#website\",\"url\":\"https:\/\/noticiaempauta.com\/portal\/\",\"name\":\"Portal Not\u00edcia em Pauta\",\"description\":\"Voc\u00ea bem informado\",\"publisher\":{\"@id\":\"https:\/\/noticiaempauta.com\/portal\/#organization\"},\"potentialAction\":[{\"@type\":\"SearchAction\",\"target\":{\"@type\":\"EntryPoint\",\"urlTemplate\":\"https:\/\/noticiaempauta.com\/portal\/?s={search_term_string}\"},\"query-input\":{\"@type\":\"PropertyValueSpecification\",\"valueRequired\":true,\"valueName\":\"search_term_string\"}}],\"inLanguage\":\"pt-BR\"},{\"@type\":\"Organization\",\"@id\":\"https:\/\/noticiaempauta.com\/portal\/#organization\",\"name\":\"Portal Not\u00edcia em Pauta\",\"url\":\"https:\/\/noticiaempauta.com\/portal\/\",\"logo\":{\"@type\":\"ImageObject\",\"inLanguage\":\"pt-BR\",\"@id\":\"https:\/\/noticiaempauta.com\/portal\/#\/schema\/logo\/image\/\",\"url\":\"https:\/\/noticiaempauta.com\/portal\/wp-content\/uploads\/2022\/08\/logomarca_tema.fw_.png\",\"contentUrl\":\"https:\/\/noticiaempauta.com\/portal\/wp-content\/uploads\/2022\/08\/logomarca_tema.fw_.png\",\"width\":400,\"height\":232,\"caption\":\"Portal Not\u00edcia em Pauta\"},\"image\":{\"@id\":\"https:\/\/noticiaempauta.com\/portal\/#\/schema\/logo\/image\/\"},\"sameAs\":[\"https:\/\/www.facebook.com\/Portal-Notcia-Em-Pauta-102292869264820\/\",\"https:\/\/www.instagram.com\/portalnoticiaempauta\/\"]},{\"@type\":\"Person\",\"@id\":\"https:\/\/noticiaempauta.com\/portal\/#\/schema\/person\/a74af43dd1ab3deca45f988c717d57ac\",\"name\":\"Reda\u00e7\u00e3o\",\"image\":{\"@type\":\"ImageObject\",\"inLanguage\":\"pt-BR\",\"@id\":\"https:\/\/noticiaempauta.com\/portal\/#\/schema\/person\/image\/\",\"url\":\"https:\/\/secure.gravatar.com\/avatar\/03179346ecce6cdfc13361603e8f54242a90e5cde8618fa23c5c00aa2b0aadf3?s=96&d=mm&r=g\",\"contentUrl\":\"https:\/\/secure.gravatar.com\/avatar\/03179346ecce6cdfc13361603e8f54242a90e5cde8618fa23c5c00aa2b0aadf3?s=96&d=mm&r=g\",\"caption\":\"Reda\u00e7\u00e3o\"},\"sameAs\":[\"https:\/\/noticiaempauta.com\/portal\/\"],\"url\":\"https:\/\/noticiaempauta.com\/portal\/author\/fernando\/\"}]}<\/script>\n<!-- \/ Yoast SEO Premium plugin. -->","yoast_head_json":{"title":"No Piau\u00ed, oito a\u00e7udes est\u00e3o com 100% da capacidade m\u00e1xima; ribeirinhos est\u00e3o em alerta - Portal Not\u00edcia em Pauta","robots":{"index":"index","follow":"follow","max-snippet":"max-snippet:-1","max-image-preview":"max-image-preview:large","max-video-preview":"max-video-preview:-1"},"canonical":"https:\/\/noticiaempauta.com\/portal\/no-piaui-oito-acudes-estao-com-100-da-capacidade-maxima-ribeirinhos-estao-em-alerta\/","og_locale":"pt_BR","og_type":"article","og_title":"No Piau\u00ed, oito a\u00e7udes est\u00e3o com 100% da capacidade m\u00e1xima; ribeirinhos est\u00e3o em alerta","og_description":"A Secretaria Estadual de Meio Ambiente e Recursos H\u00eddricos (Semarh) divulgou na tarde desta quinta-feira (21) que oito a\u00e7udes j\u00e1 est\u00e3o com 100% da capacidade m\u00e1xima de \u00e1gua, alguns chegando a transbordar.\u00a0A mais recente que sangrou foi a barragem do Estreito, na cidade de Francisco Macedo. A popula\u00e7\u00e3o ribeirinha est\u00e1 sendo orientada a ficar em [&hellip;]","og_url":"https:\/\/noticiaempauta.com\/portal\/no-piaui-oito-acudes-estao-com-100-da-capacidade-maxima-ribeirinhos-estao-em-alerta\/","og_site_name":"Portal Not\u00edcia em Pauta","article_publisher":"https:\/\/www.facebook.com\/Portal-Notcia-Em-Pauta-102292869264820\/","article_published_time":"2024-03-22T11:20:50+00:00","article_modified_time":"2024-03-22T11:20:52+00:00","og_image":[{"width":984,"height":656,"url":"https:\/\/noticiaempauta.com\/portal\/wp-content\/uploads\/2024\/03\/img_1978_1.webp","type":"image\/webp"}],"author":"Reda\u00e7\u00e3o","twitter_card":"summary_large_image","twitter_misc":{"Escrito por":"Reda\u00e7\u00e3o","Est. tempo de leitura":"2 minutos"},"schema":{"@context":"https:\/\/schema.org","@graph":[{"@type":"Article","@id":"https:\/\/noticiaempauta.com\/portal\/no-piaui-oito-acudes-estao-com-100-da-capacidade-maxima-ribeirinhos-estao-em-alerta\/#article","isPartOf":{"@id":"https:\/\/noticiaempauta.com\/portal\/no-piaui-oito-acudes-estao-com-100-da-capacidade-maxima-ribeirinhos-estao-em-alerta\/"},"author":{"name":"Reda\u00e7\u00e3o","@id":"https:\/\/noticiaempauta.com\/portal\/#\/schema\/person\/a74af43dd1ab3deca45f988c717d57ac"},"headline":"No Piau\u00ed, oito a\u00e7udes est\u00e3o com 100% da capacidade m\u00e1xima; ribeirinhos est\u00e3o em alerta","datePublished":"2024-03-22T11:20:50+00:00","dateModified":"2024-03-22T11:20:52+00:00","mainEntityOfPage":{"@id":"https:\/\/noticiaempauta.com\/portal\/no-piaui-oito-acudes-estao-com-100-da-capacidade-maxima-ribeirinhos-estao-em-alerta\/"},"wordCount":355,"commentCount":0,"publisher":{"@id":"https:\/\/noticiaempauta.com\/portal\/#organization"},"image":{"@id":"https:\/\/noticiaempauta.com\/portal\/no-piaui-oito-acudes-estao-com-100-da-capacidade-maxima-ribeirinhos-estao-em-alerta\/#primaryimage"},"thumbnailUrl":"https:\/\/noticiaempauta.com\/portal\/wp-content\/uploads\/2024\/03\/img_1978_1.webp","keywords":["destaqueprincipal"],"articleSection":["Destaques","Geral","Munic\u00edpios","Todas as Not\u00edcias"],"inLanguage":"pt-BR","potentialAction":[{"@type":"CommentAction","name":"Comment","target":["https:\/\/noticiaempauta.com\/portal\/no-piaui-oito-acudes-estao-com-100-da-capacidade-maxima-ribeirinhos-estao-em-alerta\/#respond"]}]},{"@type":"WebPage","@id":"https:\/\/noticiaempauta.com\/portal\/no-piaui-oito-acudes-estao-com-100-da-capacidade-maxima-ribeirinhos-estao-em-alerta\/","url":"https:\/\/noticiaempauta.com\/portal\/no-piaui-oito-acudes-estao-com-100-da-capacidade-maxima-ribeirinhos-estao-em-alerta\/","name":"No Piau\u00ed, oito a\u00e7udes est\u00e3o com 100% da capacidade m\u00e1xima; ribeirinhos est\u00e3o em alerta - Portal Not\u00edcia em Pauta","isPartOf":{"@id":"https:\/\/noticiaempauta.com\/portal\/#website"},"primaryImageOfPage":{"@id":"https:\/\/noticiaempauta.com\/portal\/no-piaui-oito-acudes-estao-com-100-da-capacidade-maxima-ribeirinhos-estao-em-alerta\/#primaryimage"},"image":{"@id":"https:\/\/noticiaempauta.com\/portal\/no-piaui-oito-acudes-estao-com-100-da-capacidade-maxima-ribeirinhos-estao-em-alerta\/#primaryimage"},"thumbnailUrl":"https:\/\/noticiaempauta.com\/portal\/wp-content\/uploads\/2024\/03\/img_1978_1.webp","datePublished":"2024-03-22T11:20:50+00:00","dateModified":"2024-03-22T11:20:52+00:00","breadcrumb":{"@id":"https:\/\/noticiaempauta.com\/portal\/no-piaui-oito-acudes-estao-com-100-da-capacidade-maxima-ribeirinhos-estao-em-alerta\/#breadcrumb"},"inLanguage":"pt-BR","potentialAction":[{"@type":"ReadAction","target":["https:\/\/noticiaempauta.com\/portal\/no-piaui-oito-acudes-estao-com-100-da-capacidade-maxima-ribeirinhos-estao-em-alerta\/"]}]},{"@type":"ImageObject","inLanguage":"pt-BR","@id":"https:\/\/noticiaempauta.com\/portal\/no-piaui-oito-acudes-estao-com-100-da-capacidade-maxima-ribeirinhos-estao-em-alerta\/#primaryimage","url":"https:\/\/noticiaempauta.com\/portal\/wp-content\/uploads\/2024\/03\/img_1978_1.webp","contentUrl":"https:\/\/noticiaempauta.com\/portal\/wp-content\/uploads\/2024\/03\/img_1978_1.webp","width":984,"height":656,"caption":"A\u00e7ude em Piripiri, no Norte do Piau\u00ed \u2014 Foto: Patr\u00edcia Andrade\/G1"},{"@type":"BreadcrumbList","@id":"https:\/\/noticiaempauta.com\/portal\/no-piaui-oito-acudes-estao-com-100-da-capacidade-maxima-ribeirinhos-estao-em-alerta\/#breadcrumb","itemListElement":[{"@type":"ListItem","position":1,"name":"P\u00e1gina Inicial","item":"https:\/\/noticiaempauta.com\/portal\/"},{"@type":"ListItem","position":2,"name":"Destaques","item":"https:\/\/noticiaempauta.com\/portal\/destaques-site\/"},{"@type":"ListItem","position":3,"name":"No Piau\u00ed, oito a\u00e7udes est\u00e3o com 100% da capacidade m\u00e1xima; ribeirinhos est\u00e3o em alerta"}]},{"@type":"WebSite","@id":"https:\/\/noticiaempauta.com\/portal\/#website","url":"https:\/\/noticiaempauta.com\/portal\/","name":"Portal Not\u00edcia em Pauta","description":"Voc\u00ea bem informado","publisher":{"@id":"https:\/\/noticiaempauta.com\/portal\/#organization"},"potentialAction":[{"@type":"SearchAction","target":{"@type":"EntryPoint","urlTemplate":"https:\/\/noticiaempauta.com\/portal\/?s={search_term_string}"},"query-input":{"@type":"PropertyValueSpecification","valueRequired":true,"valueName":"search_term_string"}}],"inLanguage":"pt-BR"},{"@type":"Organization","@id":"https:\/\/noticiaempauta.com\/portal\/#organization","name":"Portal Not\u00edcia em Pauta","url":"https:\/\/noticiaempauta.com\/portal\/","logo":{"@type":"ImageObject","inLanguage":"pt-BR","@id":"https:\/\/noticiaempauta.com\/portal\/#\/schema\/logo\/image\/","url":"https:\/\/noticiaempauta.com\/portal\/wp-content\/uploads\/2022\/08\/logomarca_tema.fw_.png","contentUrl":"https:\/\/noticiaempauta.com\/portal\/wp-content\/uploads\/2022\/08\/logomarca_tema.fw_.png","width":400,"height":232,"caption":"Portal Not\u00edcia em Pauta"},"image":{"@id":"https:\/\/noticiaempauta.com\/portal\/#\/schema\/logo\/image\/"},"sameAs":["https:\/\/www.facebook.com\/Portal-Notcia-Em-Pauta-102292869264820\/","https:\/\/www.instagram.com\/portalnoticiaempauta\/"]},{"@type":"Person","@id":"https:\/\/noticiaempauta.com\/portal\/#\/schema\/person\/a74af43dd1ab3deca45f988c717d57ac","name":"Reda\u00e7\u00e3o","image":{"@type":"ImageObject","inLanguage":"pt-BR","@id":"https:\/\/noticiaempauta.com\/portal\/#\/schema\/person\/image\/","url":"https:\/\/secure.gravatar.com\/avatar\/03179346ecce6cdfc13361603e8f54242a90e5cde8618fa23c5c00aa2b0aadf3?s=96&d=mm&r=g","contentUrl":"https:\/\/secure.gravatar.com\/avatar\/03179346ecce6cdfc13361603e8f54242a90e5cde8618fa23c5c00aa2b0aadf3?s=96&d=mm&r=g","caption":"Reda\u00e7\u00e3o"},"sameAs":["https:\/\/noticiaempauta.com\/portal\/"],"url":"https:\/\/noticiaempauta.com\/portal\/author\/fernando\/"}]}},"_links":{"self":[{"href":"https:\/\/noticiaempauta.com\/portal\/wp-json\/wp\/v2\/posts\/256011","targetHints":{"allow":["GET"]}}],"collection":[{"href":"https:\/\/noticiaempauta.com\/portal\/wp-json\/wp\/v2\/posts"}],"about":[{"href":"https:\/\/noticiaempauta.com\/portal\/wp-json\/wp\/v2\/types\/post"}],"author":[{"embeddable":true,"href":"https:\/\/noticiaempauta.com\/portal\/wp-json\/wp\/v2\/users\/2"}],"replies":[{"embeddable":true,"href":"https:\/\/noticiaempauta.com\/portal\/wp-json\/wp\/v2\/comments?post=256011"}],"version-history":[{"count":2,"href":"https:\/\/noticiaempauta.com\/portal\/wp-json\/wp\/v2\/posts\/256011\/revisions"}],"predecessor-version":[{"id":256015,"href":"https:\/\/noticiaempauta.com\/portal\/wp-json\/wp\/v2\/posts\/256011\/revisions\/256015"}],"wp:featuredmedia":[{"embeddable":true,"href":"https:\/\/noticiaempauta.com\/portal\/wp-json\/wp\/v2\/media\/256013"}],"wp:attachment":[{"href":"https:\/\/noticiaempauta.com\/portal\/wp-json\/wp\/v2\/media?parent=256011"}],"wp:term":[{"taxonomy":"category","embeddable":true,"href":"https:\/\/noticiaempauta.com\/portal\/wp-json\/wp\/v2\/categories?post=256011"},{"taxonomy":"post_tag","embeddable":true,"href":"https:\/\/noticiaempauta.com\/portal\/wp-json\/wp\/v2\/tags?post=256011"}],"curies":[{"name":"wp","href":"https:\/\/api.w.org\/{rel}","templated":true}]}}