{"id":256021,"date":"2024-03-22T08:34:19","date_gmt":"2024-03-22T11:34:19","guid":{"rendered":"https:\/\/noticiaempauta.com\/portal\/?p=256021"},"modified":"2024-03-22T08:34:22","modified_gmt":"2024-03-22T11:34:22","slug":"piaui-sead-e-seplan-farao-concurso-110-vagas-e-salarios-de-r-11-500-veja-cargos","status":"publish","type":"post","link":"https:\/\/noticiaempauta.com\/portal\/piaui-sead-e-seplan-farao-concurso-110-vagas-e-salarios-de-r-11-500-veja-cargos\/","title":{"rendered":"Piau\u00ed | Sead e Seplan far\u00e3o concurso: 110 vagas e sal\u00e1rios de R$ 11.500; veja cargos"},"content":{"rendered":"\n<p>As secretarias de Planejamento e Administra\u00e7\u00e3o, e a\u00a0Funda\u00e7\u00e3o Piau\u00ed Previd\u00eancia\u00a0realizar\u00e3o\u00a0concurso com 110 vagas diretas\u00a0e\u00a0330 para cadastro de reserva\u00a0em cargos de n\u00edvel superior. O sal\u00e1rio base ser\u00e1 de R$ 11.549. As informa\u00e7\u00f5es foram publicadas no Di\u00e1rio Oficial do Estado (DOE), que trata do\u00a0projeto b\u00e1sico para contrata\u00e7\u00e3o de uma empresa organizadora do concurso.<\/p>\n\n\n\n<p>O cargo de Analista Governamental ser\u00e1 subdividido em especialidades em Gest\u00e3o P\u00fablica, Planejamento e Or\u00e7amento, Infra Estrutura e Tecnologia, e ainda, o cargo de Analista Previdenci\u00e1rio. Para as vagas de Tecnologia da Informa\u00e7\u00e3o e Infraestrutura, h\u00e1 exig\u00eancia de cursos superiores espec\u00edficos.<\/p>\n\n\n\n<p><a href=\"https:\/\/www.meionorte.com\/uploads\/files\/2024\/3\/21\/506adb99-da6f-4b80-ae33-c5c1ba72c15e.pdf\" target=\"_blank\" rel=\"noreferrer noopener\"><strong>ACESSE AQUI O DOCUMENTO PARA MAIS INFORMA\u00c7\u00d5ES<\/strong><\/a><\/p>\n\n\n\n<p><strong>ETAPAS DO CONCURSO:<\/strong>\u00a0O concurso p\u00fablico compreender\u00e1 uma etapa com provas objetivas de conhecimentos gerais e de conhecimentos espec\u00edficos e provas discursivas (estudo de caso), ambas de car\u00e1ter classificat\u00f3rio e eliminat\u00f3rio, bem como avalia\u00e7\u00e3o de t\u00edtulos e Curso de Forma\u00e7\u00e3o para os cargos de Analista Governamental, de responsabilidade da Contratada. Estas etapas ser\u00e3o detalhadas no Edital de Abertura Inscri\u00e7\u00f5es, bem como nos Editais espec\u00edficos.<\/p>\n\n\n\n<figure class=\"wp-block-image size-full\"><img fetchpriority=\"high\" decoding=\"async\" width=\"1000\" height=\"624\" src=\"https:\/\/noticiaempauta.com\/portal\/wp-content\/uploads\/2024\/03\/sead-e-seplan-farao-concurso-110-vagas-e-salarios-de-r-11-500-8e570143-a764-47ed-b6b8-357f512cd108.webp\" alt=\"\" class=\"wp-image-256023\" srcset=\"https:\/\/noticiaempauta.com\/portal\/wp-content\/uploads\/2024\/03\/sead-e-seplan-farao-concurso-110-vagas-e-salarios-de-r-11-500-8e570143-a764-47ed-b6b8-357f512cd108.webp 1000w, https:\/\/noticiaempauta.com\/portal\/wp-content\/uploads\/2024\/03\/sead-e-seplan-farao-concurso-110-vagas-e-salarios-de-r-11-500-8e570143-a764-47ed-b6b8-357f512cd108-300x187.webp 300w, https:\/\/noticiaempauta.com\/portal\/wp-content\/uploads\/2024\/03\/sead-e-seplan-farao-concurso-110-vagas-e-salarios-de-r-11-500-8e570143-a764-47ed-b6b8-357f512cd108-768x479.webp 768w\" sizes=\"(max-width: 1000px) 100vw, 1000px\" \/><\/figure>\n\n\n\n<p><strong>SOBRE AS INSCRI\u00c7\u00d5ES:<\/strong>\u00a0As inscri\u00e7\u00f5es para o concurso p\u00fablico dever\u00e3o ser abertas pelo per\u00edodo de no m\u00ednimo 30 (trinta) dias e realizadas por interm\u00e9dio da internet, na p\u00e1gina da institui\u00e7\u00e3o contratada, dispon\u00edvel 24 horas, ininterruptamente, durante todo o per\u00edodo de inscri\u00e7\u00e3o. O valor da taxa de inscri\u00e7\u00e3o dever\u00e1 ser definido pela Contratante.<\/p>\n\n\n\n<p><em>Fonte: Meio Norte<\/em><\/p>\n","protected":false},"excerpt":{"rendered":"<p>As secretarias de Planejamento e Administra\u00e7\u00e3o, e a\u00a0Funda\u00e7\u00e3o Piau\u00ed Previd\u00eancia\u00a0realizar\u00e3o\u00a0concurso com 110 vagas diretas\u00a0e\u00a0330 para cadastro de reserva\u00a0em cargos de n\u00edvel superior. O sal\u00e1rio base ser\u00e1 de R$ 11.549. As informa\u00e7\u00f5es foram publicadas no Di\u00e1rio Oficial do Estado (DOE), que trata do\u00a0projeto b\u00e1sico para contrata\u00e7\u00e3o de uma empresa organizadora do concurso. O cargo de Analista [&hellip;]<\/p>\n","protected":false},"author":2,"featured_media":256024,"comment_status":"open","ping_status":"open","sticky":false,"template":"","format":"standard","meta":{"_mi_skip_tracking":false,"footnotes":""},"categories":[25,1,16],"tags":[192],"class_list":["post-256021","post","type-post","status-publish","format-standard","has-post-thumbnail","hentry","category-destaques-site","category-geral","category-todas","tag-destaqueprincipal"],"acf":[],"yoast_head":"<!-- This site is optimized with the Yoast SEO Premium plugin v19.2 (Yoast SEO v26.9) - https:\/\/yoast.com\/product\/yoast-seo-premium-wordpress\/ -->\n<title>Piau\u00ed | Sead e Seplan far\u00e3o concurso: 110 vagas e sal\u00e1rios de R$ 11.500; veja cargos - Portal Not\u00edcia em Pauta<\/title>\n<meta name=\"robots\" content=\"index, follow, max-snippet:-1, max-image-preview:large, max-video-preview:-1\" \/>\n<link rel=\"canonical\" href=\"https:\/\/noticiaempauta.com\/portal\/piaui-sead-e-seplan-farao-concurso-110-vagas-e-salarios-de-r-11-500-veja-cargos\/\" \/>\n<meta property=\"og:locale\" content=\"pt_BR\" \/>\n<meta property=\"og:type\" content=\"article\" \/>\n<meta property=\"og:title\" content=\"Piau\u00ed | Sead e Seplan far\u00e3o concurso: 110 vagas e sal\u00e1rios de R$ 11.500; veja cargos\" \/>\n<meta property=\"og:description\" content=\"As secretarias de Planejamento e Administra\u00e7\u00e3o, e a\u00a0Funda\u00e7\u00e3o Piau\u00ed Previd\u00eancia\u00a0realizar\u00e3o\u00a0concurso com 110 vagas diretas\u00a0e\u00a0330 para cadastro de reserva\u00a0em cargos de n\u00edvel superior. O sal\u00e1rio base ser\u00e1 de R$ 11.549. As informa\u00e7\u00f5es foram publicadas no Di\u00e1rio Oficial do Estado (DOE), que trata do\u00a0projeto b\u00e1sico para contrata\u00e7\u00e3o de uma empresa organizadora do concurso. O cargo de Analista [&hellip;]\" \/>\n<meta property=\"og:url\" content=\"https:\/\/noticiaempauta.com\/portal\/piaui-sead-e-seplan-farao-concurso-110-vagas-e-salarios-de-r-11-500-veja-cargos\/\" \/>\n<meta property=\"og:site_name\" content=\"Portal Not\u00edcia em Pauta\" \/>\n<meta property=\"article:publisher\" content=\"https:\/\/www.facebook.com\/Portal-Notcia-Em-Pauta-102292869264820\/\" \/>\n<meta property=\"article:published_time\" content=\"2024-03-22T11:34:19+00:00\" \/>\n<meta property=\"article:modified_time\" content=\"2024-03-22T11:34:22+00:00\" \/>\n<meta property=\"og:image\" content=\"https:\/\/noticiaempauta.com\/portal\/wp-content\/uploads\/2024\/03\/sead-e-seplan-farao-concurso-110-vagas-e-salarios-de-r-11-500-veja-cargos-b7c88e08-7020-4ccd-8839-01aabb7167c8.webp\" \/>\n\t<meta property=\"og:image:width\" content=\"855\" \/>\n\t<meta property=\"og:image:height\" content=\"480\" \/>\n\t<meta property=\"og:image:type\" content=\"image\/webp\" \/>\n<meta name=\"author\" content=\"Reda\u00e7\u00e3o\" \/>\n<meta name=\"twitter:card\" content=\"summary_large_image\" \/>\n<meta name=\"twitter:label1\" content=\"Escrito por\" \/>\n\t<meta name=\"twitter:data1\" content=\"Reda\u00e7\u00e3o\" \/>\n\t<meta name=\"twitter:label2\" content=\"Est. tempo de leitura\" \/>\n\t<meta name=\"twitter:data2\" content=\"2 minutos\" \/>\n<script type=\"application\/ld+json\" class=\"yoast-schema-graph\">{\"@context\":\"https:\/\/schema.org\",\"@graph\":[{\"@type\":\"Article\",\"@id\":\"https:\/\/noticiaempauta.com\/portal\/piaui-sead-e-seplan-farao-concurso-110-vagas-e-salarios-de-r-11-500-veja-cargos\/#article\",\"isPartOf\":{\"@id\":\"https:\/\/noticiaempauta.com\/portal\/piaui-sead-e-seplan-farao-concurso-110-vagas-e-salarios-de-r-11-500-veja-cargos\/\"},\"author\":{\"name\":\"Reda\u00e7\u00e3o\",\"@id\":\"https:\/\/noticiaempauta.com\/portal\/#\/schema\/person\/a74af43dd1ab3deca45f988c717d57ac\"},\"headline\":\"Piau\u00ed | Sead e Seplan far\u00e3o concurso: 110 vagas e sal\u00e1rios de R$ 11.500; veja cargos\",\"datePublished\":\"2024-03-22T11:34:19+00:00\",\"dateModified\":\"2024-03-22T11:34:22+00:00\",\"mainEntityOfPage\":{\"@id\":\"https:\/\/noticiaempauta.com\/portal\/piaui-sead-e-seplan-farao-concurso-110-vagas-e-salarios-de-r-11-500-veja-cargos\/\"},\"wordCount\":277,\"commentCount\":0,\"publisher\":{\"@id\":\"https:\/\/noticiaempauta.com\/portal\/#organization\"},\"image\":{\"@id\":\"https:\/\/noticiaempauta.com\/portal\/piaui-sead-e-seplan-farao-concurso-110-vagas-e-salarios-de-r-11-500-veja-cargos\/#primaryimage\"},\"thumbnailUrl\":\"https:\/\/noticiaempauta.com\/portal\/wp-content\/uploads\/2024\/03\/sead-e-seplan-farao-concurso-110-vagas-e-salarios-de-r-11-500-veja-cargos-b7c88e08-7020-4ccd-8839-01aabb7167c8.webp\",\"keywords\":[\"destaqueprincipal\"],\"articleSection\":[\"Destaques\",\"Geral\",\"Todas as Not\u00edcias\"],\"inLanguage\":\"pt-BR\",\"potentialAction\":[{\"@type\":\"CommentAction\",\"name\":\"Comment\",\"target\":[\"https:\/\/noticiaempauta.com\/portal\/piaui-sead-e-seplan-farao-concurso-110-vagas-e-salarios-de-r-11-500-veja-cargos\/#respond\"]}]},{\"@type\":\"WebPage\",\"@id\":\"https:\/\/noticiaempauta.com\/portal\/piaui-sead-e-seplan-farao-concurso-110-vagas-e-salarios-de-r-11-500-veja-cargos\/\",\"url\":\"https:\/\/noticiaempauta.com\/portal\/piaui-sead-e-seplan-farao-concurso-110-vagas-e-salarios-de-r-11-500-veja-cargos\/\",\"name\":\"Piau\u00ed | Sead e Seplan far\u00e3o concurso: 110 vagas e sal\u00e1rios de R$ 11.500; veja cargos - Portal Not\u00edcia em Pauta\",\"isPartOf\":{\"@id\":\"https:\/\/noticiaempauta.com\/portal\/#website\"},\"primaryImageOfPage\":{\"@id\":\"https:\/\/noticiaempauta.com\/portal\/piaui-sead-e-seplan-farao-concurso-110-vagas-e-salarios-de-r-11-500-veja-cargos\/#primaryimage\"},\"image\":{\"@id\":\"https:\/\/noticiaempauta.com\/portal\/piaui-sead-e-seplan-farao-concurso-110-vagas-e-salarios-de-r-11-500-veja-cargos\/#primaryimage\"},\"thumbnailUrl\":\"https:\/\/noticiaempauta.com\/portal\/wp-content\/uploads\/2024\/03\/sead-e-seplan-farao-concurso-110-vagas-e-salarios-de-r-11-500-veja-cargos-b7c88e08-7020-4ccd-8839-01aabb7167c8.webp\",\"datePublished\":\"2024-03-22T11:34:19+00:00\",\"dateModified\":\"2024-03-22T11:34:22+00:00\",\"breadcrumb\":{\"@id\":\"https:\/\/noticiaempauta.com\/portal\/piaui-sead-e-seplan-farao-concurso-110-vagas-e-salarios-de-r-11-500-veja-cargos\/#breadcrumb\"},\"inLanguage\":\"pt-BR\",\"potentialAction\":[{\"@type\":\"ReadAction\",\"target\":[\"https:\/\/noticiaempauta.com\/portal\/piaui-sead-e-seplan-farao-concurso-110-vagas-e-salarios-de-r-11-500-veja-cargos\/\"]}]},{\"@type\":\"ImageObject\",\"inLanguage\":\"pt-BR\",\"@id\":\"https:\/\/noticiaempauta.com\/portal\/piaui-sead-e-seplan-farao-concurso-110-vagas-e-salarios-de-r-11-500-veja-cargos\/#primaryimage\",\"url\":\"https:\/\/noticiaempauta.com\/portal\/wp-content\/uploads\/2024\/03\/sead-e-seplan-farao-concurso-110-vagas-e-salarios-de-r-11-500-veja-cargos-b7c88e08-7020-4ccd-8839-01aabb7167c8.webp\",\"contentUrl\":\"https:\/\/noticiaempauta.com\/portal\/wp-content\/uploads\/2024\/03\/sead-e-seplan-farao-concurso-110-vagas-e-salarios-de-r-11-500-veja-cargos-b7c88e08-7020-4ccd-8839-01aabb7167c8.webp\",\"width\":855,\"height\":480},{\"@type\":\"BreadcrumbList\",\"@id\":\"https:\/\/noticiaempauta.com\/portal\/piaui-sead-e-seplan-farao-concurso-110-vagas-e-salarios-de-r-11-500-veja-cargos\/#breadcrumb\",\"itemListElement\":[{\"@type\":\"ListItem\",\"position\":1,\"name\":\"P\u00e1gina Inicial\",\"item\":\"https:\/\/noticiaempauta.com\/portal\/\"},{\"@type\":\"ListItem\",\"position\":2,\"name\":\"Destaques\",\"item\":\"https:\/\/noticiaempauta.com\/portal\/destaques-site\/\"},{\"@type\":\"ListItem\",\"position\":3,\"name\":\"Piau\u00ed | Sead e Seplan far\u00e3o concurso: 110 vagas e sal\u00e1rios de R$ 11.500; veja cargos\"}]},{\"@type\":\"WebSite\",\"@id\":\"https:\/\/noticiaempauta.com\/portal\/#website\",\"url\":\"https:\/\/noticiaempauta.com\/portal\/\",\"name\":\"Portal Not\u00edcia em Pauta\",\"description\":\"Voc\u00ea bem informado\",\"publisher\":{\"@id\":\"https:\/\/noticiaempauta.com\/portal\/#organization\"},\"potentialAction\":[{\"@type\":\"SearchAction\",\"target\":{\"@type\":\"EntryPoint\",\"urlTemplate\":\"https:\/\/noticiaempauta.com\/portal\/?s={search_term_string}\"},\"query-input\":{\"@type\":\"PropertyValueSpecification\",\"valueRequired\":true,\"valueName\":\"search_term_string\"}}],\"inLanguage\":\"pt-BR\"},{\"@type\":\"Organization\",\"@id\":\"https:\/\/noticiaempauta.com\/portal\/#organization\",\"name\":\"Portal Not\u00edcia em Pauta\",\"url\":\"https:\/\/noticiaempauta.com\/portal\/\",\"logo\":{\"@type\":\"ImageObject\",\"inLanguage\":\"pt-BR\",\"@id\":\"https:\/\/noticiaempauta.com\/portal\/#\/schema\/logo\/image\/\",\"url\":\"https:\/\/noticiaempauta.com\/portal\/wp-content\/uploads\/2022\/08\/logomarca_tema.fw_.png\",\"contentUrl\":\"https:\/\/noticiaempauta.com\/portal\/wp-content\/uploads\/2022\/08\/logomarca_tema.fw_.png\",\"width\":400,\"height\":232,\"caption\":\"Portal Not\u00edcia em Pauta\"},\"image\":{\"@id\":\"https:\/\/noticiaempauta.com\/portal\/#\/schema\/logo\/image\/\"},\"sameAs\":[\"https:\/\/www.facebook.com\/Portal-Notcia-Em-Pauta-102292869264820\/\",\"https:\/\/www.instagram.com\/portalnoticiaempauta\/\"]},{\"@type\":\"Person\",\"@id\":\"https:\/\/noticiaempauta.com\/portal\/#\/schema\/person\/a74af43dd1ab3deca45f988c717d57ac\",\"name\":\"Reda\u00e7\u00e3o\",\"image\":{\"@type\":\"ImageObject\",\"inLanguage\":\"pt-BR\",\"@id\":\"https:\/\/noticiaempauta.com\/portal\/#\/schema\/person\/image\/\",\"url\":\"https:\/\/secure.gravatar.com\/avatar\/03179346ecce6cdfc13361603e8f54242a90e5cde8618fa23c5c00aa2b0aadf3?s=96&d=mm&r=g\",\"contentUrl\":\"https:\/\/secure.gravatar.com\/avatar\/03179346ecce6cdfc13361603e8f54242a90e5cde8618fa23c5c00aa2b0aadf3?s=96&d=mm&r=g\",\"caption\":\"Reda\u00e7\u00e3o\"},\"sameAs\":[\"https:\/\/noticiaempauta.com\/portal\/\"],\"url\":\"https:\/\/noticiaempauta.com\/portal\/author\/fernando\/\"}]}<\/script>\n<!-- \/ Yoast SEO Premium plugin. -->","yoast_head_json":{"title":"Piau\u00ed | Sead e Seplan far\u00e3o concurso: 110 vagas e sal\u00e1rios de R$ 11.500; veja cargos - Portal Not\u00edcia em Pauta","robots":{"index":"index","follow":"follow","max-snippet":"max-snippet:-1","max-image-preview":"max-image-preview:large","max-video-preview":"max-video-preview:-1"},"canonical":"https:\/\/noticiaempauta.com\/portal\/piaui-sead-e-seplan-farao-concurso-110-vagas-e-salarios-de-r-11-500-veja-cargos\/","og_locale":"pt_BR","og_type":"article","og_title":"Piau\u00ed | Sead e Seplan far\u00e3o concurso: 110 vagas e sal\u00e1rios de R$ 11.500; veja cargos","og_description":"As secretarias de Planejamento e Administra\u00e7\u00e3o, e a\u00a0Funda\u00e7\u00e3o Piau\u00ed Previd\u00eancia\u00a0realizar\u00e3o\u00a0concurso com 110 vagas diretas\u00a0e\u00a0330 para cadastro de reserva\u00a0em cargos de n\u00edvel superior. O sal\u00e1rio base ser\u00e1 de R$ 11.549. As informa\u00e7\u00f5es foram publicadas no Di\u00e1rio Oficial do Estado (DOE), que trata do\u00a0projeto b\u00e1sico para contrata\u00e7\u00e3o de uma empresa organizadora do concurso. O cargo de Analista [&hellip;]","og_url":"https:\/\/noticiaempauta.com\/portal\/piaui-sead-e-seplan-farao-concurso-110-vagas-e-salarios-de-r-11-500-veja-cargos\/","og_site_name":"Portal Not\u00edcia em Pauta","article_publisher":"https:\/\/www.facebook.com\/Portal-Notcia-Em-Pauta-102292869264820\/","article_published_time":"2024-03-22T11:34:19+00:00","article_modified_time":"2024-03-22T11:34:22+00:00","og_image":[{"width":855,"height":480,"url":"https:\/\/noticiaempauta.com\/portal\/wp-content\/uploads\/2024\/03\/sead-e-seplan-farao-concurso-110-vagas-e-salarios-de-r-11-500-veja-cargos-b7c88e08-7020-4ccd-8839-01aabb7167c8.webp","type":"image\/webp"}],"author":"Reda\u00e7\u00e3o","twitter_card":"summary_large_image","twitter_misc":{"Escrito por":"Reda\u00e7\u00e3o","Est. tempo de leitura":"2 minutos"},"schema":{"@context":"https:\/\/schema.org","@graph":[{"@type":"Article","@id":"https:\/\/noticiaempauta.com\/portal\/piaui-sead-e-seplan-farao-concurso-110-vagas-e-salarios-de-r-11-500-veja-cargos\/#article","isPartOf":{"@id":"https:\/\/noticiaempauta.com\/portal\/piaui-sead-e-seplan-farao-concurso-110-vagas-e-salarios-de-r-11-500-veja-cargos\/"},"author":{"name":"Reda\u00e7\u00e3o","@id":"https:\/\/noticiaempauta.com\/portal\/#\/schema\/person\/a74af43dd1ab3deca45f988c717d57ac"},"headline":"Piau\u00ed | Sead e Seplan far\u00e3o concurso: 110 vagas e sal\u00e1rios de R$ 11.500; veja cargos","datePublished":"2024-03-22T11:34:19+00:00","dateModified":"2024-03-22T11:34:22+00:00","mainEntityOfPage":{"@id":"https:\/\/noticiaempauta.com\/portal\/piaui-sead-e-seplan-farao-concurso-110-vagas-e-salarios-de-r-11-500-veja-cargos\/"},"wordCount":277,"commentCount":0,"publisher":{"@id":"https:\/\/noticiaempauta.com\/portal\/#organization"},"image":{"@id":"https:\/\/noticiaempauta.com\/portal\/piaui-sead-e-seplan-farao-concurso-110-vagas-e-salarios-de-r-11-500-veja-cargos\/#primaryimage"},"thumbnailUrl":"https:\/\/noticiaempauta.com\/portal\/wp-content\/uploads\/2024\/03\/sead-e-seplan-farao-concurso-110-vagas-e-salarios-de-r-11-500-veja-cargos-b7c88e08-7020-4ccd-8839-01aabb7167c8.webp","keywords":["destaqueprincipal"],"articleSection":["Destaques","Geral","Todas as Not\u00edcias"],"inLanguage":"pt-BR","potentialAction":[{"@type":"CommentAction","name":"Comment","target":["https:\/\/noticiaempauta.com\/portal\/piaui-sead-e-seplan-farao-concurso-110-vagas-e-salarios-de-r-11-500-veja-cargos\/#respond"]}]},{"@type":"WebPage","@id":"https:\/\/noticiaempauta.com\/portal\/piaui-sead-e-seplan-farao-concurso-110-vagas-e-salarios-de-r-11-500-veja-cargos\/","url":"https:\/\/noticiaempauta.com\/portal\/piaui-sead-e-seplan-farao-concurso-110-vagas-e-salarios-de-r-11-500-veja-cargos\/","name":"Piau\u00ed | Sead e Seplan far\u00e3o concurso: 110 vagas e sal\u00e1rios de R$ 11.500; veja cargos - Portal Not\u00edcia em Pauta","isPartOf":{"@id":"https:\/\/noticiaempauta.com\/portal\/#website"},"primaryImageOfPage":{"@id":"https:\/\/noticiaempauta.com\/portal\/piaui-sead-e-seplan-farao-concurso-110-vagas-e-salarios-de-r-11-500-veja-cargos\/#primaryimage"},"image":{"@id":"https:\/\/noticiaempauta.com\/portal\/piaui-sead-e-seplan-farao-concurso-110-vagas-e-salarios-de-r-11-500-veja-cargos\/#primaryimage"},"thumbnailUrl":"https:\/\/noticiaempauta.com\/portal\/wp-content\/uploads\/2024\/03\/sead-e-seplan-farao-concurso-110-vagas-e-salarios-de-r-11-500-veja-cargos-b7c88e08-7020-4ccd-8839-01aabb7167c8.webp","datePublished":"2024-03-22T11:34:19+00:00","dateModified":"2024-03-22T11:34:22+00:00","breadcrumb":{"@id":"https:\/\/noticiaempauta.com\/portal\/piaui-sead-e-seplan-farao-concurso-110-vagas-e-salarios-de-r-11-500-veja-cargos\/#breadcrumb"},"inLanguage":"pt-BR","potentialAction":[{"@type":"ReadAction","target":["https:\/\/noticiaempauta.com\/portal\/piaui-sead-e-seplan-farao-concurso-110-vagas-e-salarios-de-r-11-500-veja-cargos\/"]}]},{"@type":"ImageObject","inLanguage":"pt-BR","@id":"https:\/\/noticiaempauta.com\/portal\/piaui-sead-e-seplan-farao-concurso-110-vagas-e-salarios-de-r-11-500-veja-cargos\/#primaryimage","url":"https:\/\/noticiaempauta.com\/portal\/wp-content\/uploads\/2024\/03\/sead-e-seplan-farao-concurso-110-vagas-e-salarios-de-r-11-500-veja-cargos-b7c88e08-7020-4ccd-8839-01aabb7167c8.webp","contentUrl":"https:\/\/noticiaempauta.com\/portal\/wp-content\/uploads\/2024\/03\/sead-e-seplan-farao-concurso-110-vagas-e-salarios-de-r-11-500-veja-cargos-b7c88e08-7020-4ccd-8839-01aabb7167c8.webp","width":855,"height":480},{"@type":"BreadcrumbList","@id":"https:\/\/noticiaempauta.com\/portal\/piaui-sead-e-seplan-farao-concurso-110-vagas-e-salarios-de-r-11-500-veja-cargos\/#breadcrumb","itemListElement":[{"@type":"ListItem","position":1,"name":"P\u00e1gina Inicial","item":"https:\/\/noticiaempauta.com\/portal\/"},{"@type":"ListItem","position":2,"name":"Destaques","item":"https:\/\/noticiaempauta.com\/portal\/destaques-site\/"},{"@type":"ListItem","position":3,"name":"Piau\u00ed | Sead e Seplan far\u00e3o concurso: 110 vagas e sal\u00e1rios de R$ 11.500; veja cargos"}]},{"@type":"WebSite","@id":"https:\/\/noticiaempauta.com\/portal\/#website","url":"https:\/\/noticiaempauta.com\/portal\/","name":"Portal Not\u00edcia em Pauta","description":"Voc\u00ea bem informado","publisher":{"@id":"https:\/\/noticiaempauta.com\/portal\/#organization"},"potentialAction":[{"@type":"SearchAction","target":{"@type":"EntryPoint","urlTemplate":"https:\/\/noticiaempauta.com\/portal\/?s={search_term_string}"},"query-input":{"@type":"PropertyValueSpecification","valueRequired":true,"valueName":"search_term_string"}}],"inLanguage":"pt-BR"},{"@type":"Organization","@id":"https:\/\/noticiaempauta.com\/portal\/#organization","name":"Portal Not\u00edcia em Pauta","url":"https:\/\/noticiaempauta.com\/portal\/","logo":{"@type":"ImageObject","inLanguage":"pt-BR","@id":"https:\/\/noticiaempauta.com\/portal\/#\/schema\/logo\/image\/","url":"https:\/\/noticiaempauta.com\/portal\/wp-content\/uploads\/2022\/08\/logomarca_tema.fw_.png","contentUrl":"https:\/\/noticiaempauta.com\/portal\/wp-content\/uploads\/2022\/08\/logomarca_tema.fw_.png","width":400,"height":232,"caption":"Portal Not\u00edcia em Pauta"},"image":{"@id":"https:\/\/noticiaempauta.com\/portal\/#\/schema\/logo\/image\/"},"sameAs":["https:\/\/www.facebook.com\/Portal-Notcia-Em-Pauta-102292869264820\/","https:\/\/www.instagram.com\/portalnoticiaempauta\/"]},{"@type":"Person","@id":"https:\/\/noticiaempauta.com\/portal\/#\/schema\/person\/a74af43dd1ab3deca45f988c717d57ac","name":"Reda\u00e7\u00e3o","image":{"@type":"ImageObject","inLanguage":"pt-BR","@id":"https:\/\/noticiaempauta.com\/portal\/#\/schema\/person\/image\/","url":"https:\/\/secure.gravatar.com\/avatar\/03179346ecce6cdfc13361603e8f54242a90e5cde8618fa23c5c00aa2b0aadf3?s=96&d=mm&r=g","contentUrl":"https:\/\/secure.gravatar.com\/avatar\/03179346ecce6cdfc13361603e8f54242a90e5cde8618fa23c5c00aa2b0aadf3?s=96&d=mm&r=g","caption":"Reda\u00e7\u00e3o"},"sameAs":["https:\/\/noticiaempauta.com\/portal\/"],"url":"https:\/\/noticiaempauta.com\/portal\/author\/fernando\/"}]}},"_links":{"self":[{"href":"https:\/\/noticiaempauta.com\/portal\/wp-json\/wp\/v2\/posts\/256021","targetHints":{"allow":["GET"]}}],"collection":[{"href":"https:\/\/noticiaempauta.com\/portal\/wp-json\/wp\/v2\/posts"}],"about":[{"href":"https:\/\/noticiaempauta.com\/portal\/wp-json\/wp\/v2\/types\/post"}],"author":[{"embeddable":true,"href":"https:\/\/noticiaempauta.com\/portal\/wp-json\/wp\/v2\/users\/2"}],"replies":[{"embeddable":true,"href":"https:\/\/noticiaempauta.com\/portal\/wp-json\/wp\/v2\/comments?post=256021"}],"version-history":[{"count":2,"href":"https:\/\/noticiaempauta.com\/portal\/wp-json\/wp\/v2\/posts\/256021\/revisions"}],"predecessor-version":[{"id":256026,"href":"https:\/\/noticiaempauta.com\/portal\/wp-json\/wp\/v2\/posts\/256021\/revisions\/256026"}],"wp:featuredmedia":[{"embeddable":true,"href":"https:\/\/noticiaempauta.com\/portal\/wp-json\/wp\/v2\/media\/256024"}],"wp:attachment":[{"href":"https:\/\/noticiaempauta.com\/portal\/wp-json\/wp\/v2\/media?parent=256021"}],"wp:term":[{"taxonomy":"category","embeddable":true,"href":"https:\/\/noticiaempauta.com\/portal\/wp-json\/wp\/v2\/categories?post=256021"},{"taxonomy":"post_tag","embeddable":true,"href":"https:\/\/noticiaempauta.com\/portal\/wp-json\/wp\/v2\/tags?post=256021"}],"curies":[{"name":"wp","href":"https:\/\/api.w.org\/{rel}","templated":true}]}}