{"id":256113,"date":"2024-03-26T06:59:37","date_gmt":"2024-03-26T09:59:37","guid":{"rendered":"https:\/\/noticiaempauta.com\/portal\/?p=256113"},"modified":"2024-03-26T06:59:39","modified_gmt":"2024-03-26T09:59:39","slug":"pesquisa-aponta-naerton-moura-com-8515-de-intencoes-de-voto-em-sussuapara","status":"publish","type":"post","link":"https:\/\/noticiaempauta.com\/portal\/pesquisa-aponta-naerton-moura-com-8515-de-intencoes-de-voto-em-sussuapara\/","title":{"rendered":"Pesquisa aponta Naerton Moura com 85,15% de inten\u00e7\u00f5es de voto em Sussuapara"},"content":{"rendered":"\n<p>O prefeito de Sussuapara, Naerton Moura (MDB), aparece com 85,15% de inten\u00e7\u00e3o de voto em pesquisa realizada pelo Instituto Credibilidade. O levantamento divulgado hoje, ter\u00e7a-feira (26), foi realizado nos dias 18 e 19 deste m\u00eas e aferiu a prefer\u00eancia de 303 entrevistados de ambos os sexos, maiores de 16 anos, com variadas faixas de renda e escolaridade, residentes na sede, nos bairros e nos povoados do munic\u00edpio.<\/p>\n\n\n\n<figure class=\"wp-block-image size-full\"><img fetchpriority=\"high\" decoding=\"async\" width=\"644\" height=\"594\" src=\"https:\/\/noticiaempauta.com\/portal\/wp-content\/uploads\/2024\/03\/IMG_0349.jpeg\" alt=\"\" class=\"wp-image-256115\" srcset=\"https:\/\/noticiaempauta.com\/portal\/wp-content\/uploads\/2024\/03\/IMG_0349.jpeg 644w, https:\/\/noticiaempauta.com\/portal\/wp-content\/uploads\/2024\/03\/IMG_0349-300x277.jpeg 300w\" sizes=\"(max-width: 644px) 100vw, 644px\" \/><\/figure>\n\n\n\n<p>De acordo com a pesquisa estimulada, quando s\u00e3o apresentados aos entrevistados os pr\u00e9-candidatos, o nome do ex-vereador Valdir Alves da Silva, o Valdir Flor\u00eancio (Solidariedade), aparece com 4,95% de inten\u00e7\u00e3o de voto. J\u00e1 os que responderam que v\u00e3o votar em branco ou nulo representam 1,65% e 8,25% preferiram n\u00e3o opinar.<\/p>\n\n\n\n<figure class=\"wp-block-image size-full\"><img decoding=\"async\" width=\"1024\" height=\"391\" src=\"https:\/\/noticiaempauta.com\/portal\/wp-content\/uploads\/2024\/03\/IMG_0350.jpeg\" alt=\"\" class=\"wp-image-256116\" srcset=\"https:\/\/noticiaempauta.com\/portal\/wp-content\/uploads\/2024\/03\/IMG_0350.jpeg 1024w, https:\/\/noticiaempauta.com\/portal\/wp-content\/uploads\/2024\/03\/IMG_0350-300x115.jpeg 300w, https:\/\/noticiaempauta.com\/portal\/wp-content\/uploads\/2024\/03\/IMG_0350-768x293.jpeg 768w\" sizes=\"(max-width: 1024px) 100vw, 1024px\" \/><\/figure>\n\n\n\n<p>Considerando apenas os votos v\u00e1lidos, quando se excluem os brancos, nulos e eleitores indecisos, o prefeito Naerton Moura atinge na pesquisa estimulada 94,51% dos votos, enquanto que o ex-vereador Valdir Flor\u00eancio soma apenas 5,49%. Na pesquisa espont\u00e2nea, Naerton Moura aparece com 74,59% de inten\u00e7\u00e3o de voto. J\u00e1 23,76% disseram que ainda n\u00e3o sabem em quem votar e somente 1,65% respondeu que vai votar em Valdir.\u00a0<\/p>\n\n\n\n<figure class=\"wp-block-image size-full\"><img decoding=\"async\" width=\"1024\" height=\"434\" src=\"https:\/\/noticiaempauta.com\/portal\/wp-content\/uploads\/2024\/03\/IMG_0351.jpeg\" alt=\"\" class=\"wp-image-256117\" srcset=\"https:\/\/noticiaempauta.com\/portal\/wp-content\/uploads\/2024\/03\/IMG_0351.jpeg 1024w, https:\/\/noticiaempauta.com\/portal\/wp-content\/uploads\/2024\/03\/IMG_0351-300x127.jpeg 300w, https:\/\/noticiaempauta.com\/portal\/wp-content\/uploads\/2024\/03\/IMG_0351-768x326.jpeg 768w\" sizes=\"(max-width: 1024px) 100vw, 1024px\" \/><\/figure>\n\n\n\n<p>No quesito rejei\u00e7\u00e3o, 51,16% dos entrevistados disseram que n\u00e3o rejeitam nenhum dos pr\u00e9-candidatos, mas 42,57% rejeitam Valdir, respondendo que n\u00e3o votariam nele de jeito nenhum e apenas 2,31% rejeitam Naerton Moura, obtendo assim a menor rejei\u00e7\u00e3o. Outros 3,96% optaram por nulo ou branco.<\/p>\n\n\n\n<figure class=\"wp-block-image size-full is-resized\"><img loading=\"lazy\" decoding=\"async\" width=\"1024\" height=\"590\" src=\"https:\/\/noticiaempauta.com\/portal\/wp-content\/uploads\/2024\/03\/IMG_0352.jpeg\" alt=\"\" class=\"wp-image-256118\" style=\"width:293px;height:auto\" srcset=\"https:\/\/noticiaempauta.com\/portal\/wp-content\/uploads\/2024\/03\/IMG_0352.jpeg 1024w, https:\/\/noticiaempauta.com\/portal\/wp-content\/uploads\/2024\/03\/IMG_0352-300x173.jpeg 300w, https:\/\/noticiaempauta.com\/portal\/wp-content\/uploads\/2024\/03\/IMG_0352-768x443.jpeg 768w\" sizes=\"(max-width: 1024px) 100vw, 1024px\" \/><figcaption class=\"wp-element-caption\"><em>Sussuapara-PI (Foto: Picos40Graus)<\/em><\/figcaption><\/figure>\n\n\n\n<p>A pesquisa do Instituto Credibilidade est\u00e1 registrada no Tribunal Superior Eleitoral sob o n\u00famero PI-02606\/2024, tendo sido contratada pelo Portal Picos 40 Graus. A margem de erro admitida \u00e9 de 5,49%, com grau de confian\u00e7a de 95%. O estat\u00edstico respons\u00e1vel \u00e9 Di\u00f3genes Vitor da Silveira.<\/p>\n\n\n\n<p>Fonte: Picos 40 Graus<\/p>\n","protected":false},"excerpt":{"rendered":"<p>O prefeito de Sussuapara, Naerton Moura (MDB), aparece com 85,15% de inten\u00e7\u00e3o de voto em pesquisa realizada pelo Instituto Credibilidade. O levantamento divulgado hoje, ter\u00e7a-feira (26), foi realizado nos dias 18 e 19 deste m\u00eas e aferiu a prefer\u00eancia de 303 entrevistados de ambos os sexos, maiores de 16 anos, com variadas faixas de renda [&hellip;]<\/p>\n","protected":false},"author":2,"featured_media":256115,"comment_status":"open","ping_status":"open","sticky":false,"template":"","format":"standard","meta":{"_mi_skip_tracking":false,"footnotes":""},"categories":[25,9,3,16],"tags":[192],"class_list":["post-256113","post","type-post","status-publish","format-standard","has-post-thumbnail","hentry","category-destaques-site","category-municipios","category-politica","category-todas","tag-destaqueprincipal"],"acf":[],"yoast_head":"<!-- This site is optimized with the Yoast SEO Premium plugin v19.2 (Yoast SEO v26.9) - https:\/\/yoast.com\/product\/yoast-seo-premium-wordpress\/ -->\n<title>Pesquisa aponta Naerton Moura com 85,15% de inten\u00e7\u00f5es de voto em Sussuapara - Portal Not\u00edcia em Pauta<\/title>\n<meta name=\"robots\" content=\"index, follow, max-snippet:-1, max-image-preview:large, max-video-preview:-1\" \/>\n<link rel=\"canonical\" href=\"https:\/\/noticiaempauta.com\/portal\/pesquisa-aponta-naerton-moura-com-8515-de-intencoes-de-voto-em-sussuapara\/\" \/>\n<meta property=\"og:locale\" content=\"pt_BR\" \/>\n<meta property=\"og:type\" content=\"article\" \/>\n<meta property=\"og:title\" content=\"Pesquisa aponta Naerton Moura com 85,15% de inten\u00e7\u00f5es de voto em Sussuapara\" \/>\n<meta property=\"og:description\" content=\"O prefeito de Sussuapara, Naerton Moura (MDB), aparece com 85,15% de inten\u00e7\u00e3o de voto em pesquisa realizada pelo Instituto Credibilidade. O levantamento divulgado hoje, ter\u00e7a-feira (26), foi realizado nos dias 18 e 19 deste m\u00eas e aferiu a prefer\u00eancia de 303 entrevistados de ambos os sexos, maiores de 16 anos, com variadas faixas de renda [&hellip;]\" \/>\n<meta property=\"og:url\" content=\"https:\/\/noticiaempauta.com\/portal\/pesquisa-aponta-naerton-moura-com-8515-de-intencoes-de-voto-em-sussuapara\/\" \/>\n<meta property=\"og:site_name\" content=\"Portal Not\u00edcia em Pauta\" \/>\n<meta property=\"article:publisher\" content=\"https:\/\/www.facebook.com\/Portal-Notcia-Em-Pauta-102292869264820\/\" \/>\n<meta property=\"article:published_time\" content=\"2024-03-26T09:59:37+00:00\" \/>\n<meta property=\"article:modified_time\" content=\"2024-03-26T09:59:39+00:00\" \/>\n<meta property=\"og:image\" content=\"https:\/\/noticiaempauta.com\/portal\/wp-content\/uploads\/2024\/03\/IMG_0349.jpeg\" \/>\n\t<meta property=\"og:image:width\" content=\"644\" \/>\n\t<meta property=\"og:image:height\" content=\"594\" \/>\n\t<meta property=\"og:image:type\" content=\"image\/jpeg\" \/>\n<meta name=\"author\" content=\"Reda\u00e7\u00e3o\" \/>\n<meta name=\"twitter:card\" content=\"summary_large_image\" \/>\n<meta name=\"twitter:label1\" content=\"Escrito por\" \/>\n\t<meta name=\"twitter:data1\" content=\"Reda\u00e7\u00e3o\" \/>\n\t<meta name=\"twitter:label2\" content=\"Est. tempo de leitura\" \/>\n\t<meta name=\"twitter:data2\" content=\"3 minutos\" \/>\n<script type=\"application\/ld+json\" class=\"yoast-schema-graph\">{\"@context\":\"https:\/\/schema.org\",\"@graph\":[{\"@type\":\"Article\",\"@id\":\"https:\/\/noticiaempauta.com\/portal\/pesquisa-aponta-naerton-moura-com-8515-de-intencoes-de-voto-em-sussuapara\/#article\",\"isPartOf\":{\"@id\":\"https:\/\/noticiaempauta.com\/portal\/pesquisa-aponta-naerton-moura-com-8515-de-intencoes-de-voto-em-sussuapara\/\"},\"author\":{\"name\":\"Reda\u00e7\u00e3o\",\"@id\":\"https:\/\/noticiaempauta.com\/portal\/#\/schema\/person\/a74af43dd1ab3deca45f988c717d57ac\"},\"headline\":\"Pesquisa aponta Naerton Moura com 85,15% de inten\u00e7\u00f5es de voto em Sussuapara\",\"datePublished\":\"2024-03-26T09:59:37+00:00\",\"dateModified\":\"2024-03-26T09:59:39+00:00\",\"mainEntityOfPage\":{\"@id\":\"https:\/\/noticiaempauta.com\/portal\/pesquisa-aponta-naerton-moura-com-8515-de-intencoes-de-voto-em-sussuapara\/\"},\"wordCount\":292,\"commentCount\":0,\"publisher\":{\"@id\":\"https:\/\/noticiaempauta.com\/portal\/#organization\"},\"image\":{\"@id\":\"https:\/\/noticiaempauta.com\/portal\/pesquisa-aponta-naerton-moura-com-8515-de-intencoes-de-voto-em-sussuapara\/#primaryimage\"},\"thumbnailUrl\":\"https:\/\/noticiaempauta.com\/portal\/wp-content\/uploads\/2024\/03\/IMG_0349.jpeg\",\"keywords\":[\"destaqueprincipal\"],\"articleSection\":[\"Destaques\",\"Munic\u00edpios\",\"Pol\u00edtica\",\"Todas as Not\u00edcias\"],\"inLanguage\":\"pt-BR\",\"potentialAction\":[{\"@type\":\"CommentAction\",\"name\":\"Comment\",\"target\":[\"https:\/\/noticiaempauta.com\/portal\/pesquisa-aponta-naerton-moura-com-8515-de-intencoes-de-voto-em-sussuapara\/#respond\"]}]},{\"@type\":\"WebPage\",\"@id\":\"https:\/\/noticiaempauta.com\/portal\/pesquisa-aponta-naerton-moura-com-8515-de-intencoes-de-voto-em-sussuapara\/\",\"url\":\"https:\/\/noticiaempauta.com\/portal\/pesquisa-aponta-naerton-moura-com-8515-de-intencoes-de-voto-em-sussuapara\/\",\"name\":\"Pesquisa aponta Naerton Moura com 85,15% de inten\u00e7\u00f5es de voto em Sussuapara - Portal Not\u00edcia em Pauta\",\"isPartOf\":{\"@id\":\"https:\/\/noticiaempauta.com\/portal\/#website\"},\"primaryImageOfPage\":{\"@id\":\"https:\/\/noticiaempauta.com\/portal\/pesquisa-aponta-naerton-moura-com-8515-de-intencoes-de-voto-em-sussuapara\/#primaryimage\"},\"image\":{\"@id\":\"https:\/\/noticiaempauta.com\/portal\/pesquisa-aponta-naerton-moura-com-8515-de-intencoes-de-voto-em-sussuapara\/#primaryimage\"},\"thumbnailUrl\":\"https:\/\/noticiaempauta.com\/portal\/wp-content\/uploads\/2024\/03\/IMG_0349.jpeg\",\"datePublished\":\"2024-03-26T09:59:37+00:00\",\"dateModified\":\"2024-03-26T09:59:39+00:00\",\"breadcrumb\":{\"@id\":\"https:\/\/noticiaempauta.com\/portal\/pesquisa-aponta-naerton-moura-com-8515-de-intencoes-de-voto-em-sussuapara\/#breadcrumb\"},\"inLanguage\":\"pt-BR\",\"potentialAction\":[{\"@type\":\"ReadAction\",\"target\":[\"https:\/\/noticiaempauta.com\/portal\/pesquisa-aponta-naerton-moura-com-8515-de-intencoes-de-voto-em-sussuapara\/\"]}]},{\"@type\":\"ImageObject\",\"inLanguage\":\"pt-BR\",\"@id\":\"https:\/\/noticiaempauta.com\/portal\/pesquisa-aponta-naerton-moura-com-8515-de-intencoes-de-voto-em-sussuapara\/#primaryimage\",\"url\":\"https:\/\/noticiaempauta.com\/portal\/wp-content\/uploads\/2024\/03\/IMG_0349.jpeg\",\"contentUrl\":\"https:\/\/noticiaempauta.com\/portal\/wp-content\/uploads\/2024\/03\/IMG_0349.jpeg\",\"width\":644,\"height\":594},{\"@type\":\"BreadcrumbList\",\"@id\":\"https:\/\/noticiaempauta.com\/portal\/pesquisa-aponta-naerton-moura-com-8515-de-intencoes-de-voto-em-sussuapara\/#breadcrumb\",\"itemListElement\":[{\"@type\":\"ListItem\",\"position\":1,\"name\":\"P\u00e1gina Inicial\",\"item\":\"https:\/\/noticiaempauta.com\/portal\/\"},{\"@type\":\"ListItem\",\"position\":2,\"name\":\"Destaques\",\"item\":\"https:\/\/noticiaempauta.com\/portal\/destaques-site\/\"},{\"@type\":\"ListItem\",\"position\":3,\"name\":\"Pesquisa aponta Naerton Moura com 85,15% de inten\u00e7\u00f5es de voto em Sussuapara\"}]},{\"@type\":\"WebSite\",\"@id\":\"https:\/\/noticiaempauta.com\/portal\/#website\",\"url\":\"https:\/\/noticiaempauta.com\/portal\/\",\"name\":\"Portal Not\u00edcia em Pauta\",\"description\":\"Voc\u00ea bem informado\",\"publisher\":{\"@id\":\"https:\/\/noticiaempauta.com\/portal\/#organization\"},\"potentialAction\":[{\"@type\":\"SearchAction\",\"target\":{\"@type\":\"EntryPoint\",\"urlTemplate\":\"https:\/\/noticiaempauta.com\/portal\/?s={search_term_string}\"},\"query-input\":{\"@type\":\"PropertyValueSpecification\",\"valueRequired\":true,\"valueName\":\"search_term_string\"}}],\"inLanguage\":\"pt-BR\"},{\"@type\":\"Organization\",\"@id\":\"https:\/\/noticiaempauta.com\/portal\/#organization\",\"name\":\"Portal Not\u00edcia em Pauta\",\"url\":\"https:\/\/noticiaempauta.com\/portal\/\",\"logo\":{\"@type\":\"ImageObject\",\"inLanguage\":\"pt-BR\",\"@id\":\"https:\/\/noticiaempauta.com\/portal\/#\/schema\/logo\/image\/\",\"url\":\"https:\/\/noticiaempauta.com\/portal\/wp-content\/uploads\/2022\/08\/logomarca_tema.fw_.png\",\"contentUrl\":\"https:\/\/noticiaempauta.com\/portal\/wp-content\/uploads\/2022\/08\/logomarca_tema.fw_.png\",\"width\":400,\"height\":232,\"caption\":\"Portal Not\u00edcia em Pauta\"},\"image\":{\"@id\":\"https:\/\/noticiaempauta.com\/portal\/#\/schema\/logo\/image\/\"},\"sameAs\":[\"https:\/\/www.facebook.com\/Portal-Notcia-Em-Pauta-102292869264820\/\",\"https:\/\/www.instagram.com\/portalnoticiaempauta\/\"]},{\"@type\":\"Person\",\"@id\":\"https:\/\/noticiaempauta.com\/portal\/#\/schema\/person\/a74af43dd1ab3deca45f988c717d57ac\",\"name\":\"Reda\u00e7\u00e3o\",\"image\":{\"@type\":\"ImageObject\",\"inLanguage\":\"pt-BR\",\"@id\":\"https:\/\/noticiaempauta.com\/portal\/#\/schema\/person\/image\/\",\"url\":\"https:\/\/secure.gravatar.com\/avatar\/03179346ecce6cdfc13361603e8f54242a90e5cde8618fa23c5c00aa2b0aadf3?s=96&d=mm&r=g\",\"contentUrl\":\"https:\/\/secure.gravatar.com\/avatar\/03179346ecce6cdfc13361603e8f54242a90e5cde8618fa23c5c00aa2b0aadf3?s=96&d=mm&r=g\",\"caption\":\"Reda\u00e7\u00e3o\"},\"sameAs\":[\"https:\/\/noticiaempauta.com\/portal\/\"],\"url\":\"https:\/\/noticiaempauta.com\/portal\/author\/fernando\/\"}]}<\/script>\n<!-- \/ Yoast SEO Premium plugin. -->","yoast_head_json":{"title":"Pesquisa aponta Naerton Moura com 85,15% de inten\u00e7\u00f5es de voto em Sussuapara - Portal Not\u00edcia em Pauta","robots":{"index":"index","follow":"follow","max-snippet":"max-snippet:-1","max-image-preview":"max-image-preview:large","max-video-preview":"max-video-preview:-1"},"canonical":"https:\/\/noticiaempauta.com\/portal\/pesquisa-aponta-naerton-moura-com-8515-de-intencoes-de-voto-em-sussuapara\/","og_locale":"pt_BR","og_type":"article","og_title":"Pesquisa aponta Naerton Moura com 85,15% de inten\u00e7\u00f5es de voto em Sussuapara","og_description":"O prefeito de Sussuapara, Naerton Moura (MDB), aparece com 85,15% de inten\u00e7\u00e3o de voto em pesquisa realizada pelo Instituto Credibilidade. O levantamento divulgado hoje, ter\u00e7a-feira (26), foi realizado nos dias 18 e 19 deste m\u00eas e aferiu a prefer\u00eancia de 303 entrevistados de ambos os sexos, maiores de 16 anos, com variadas faixas de renda [&hellip;]","og_url":"https:\/\/noticiaempauta.com\/portal\/pesquisa-aponta-naerton-moura-com-8515-de-intencoes-de-voto-em-sussuapara\/","og_site_name":"Portal Not\u00edcia em Pauta","article_publisher":"https:\/\/www.facebook.com\/Portal-Notcia-Em-Pauta-102292869264820\/","article_published_time":"2024-03-26T09:59:37+00:00","article_modified_time":"2024-03-26T09:59:39+00:00","og_image":[{"width":644,"height":594,"url":"https:\/\/noticiaempauta.com\/portal\/wp-content\/uploads\/2024\/03\/IMG_0349.jpeg","type":"image\/jpeg"}],"author":"Reda\u00e7\u00e3o","twitter_card":"summary_large_image","twitter_misc":{"Escrito por":"Reda\u00e7\u00e3o","Est. tempo de leitura":"3 minutos"},"schema":{"@context":"https:\/\/schema.org","@graph":[{"@type":"Article","@id":"https:\/\/noticiaempauta.com\/portal\/pesquisa-aponta-naerton-moura-com-8515-de-intencoes-de-voto-em-sussuapara\/#article","isPartOf":{"@id":"https:\/\/noticiaempauta.com\/portal\/pesquisa-aponta-naerton-moura-com-8515-de-intencoes-de-voto-em-sussuapara\/"},"author":{"name":"Reda\u00e7\u00e3o","@id":"https:\/\/noticiaempauta.com\/portal\/#\/schema\/person\/a74af43dd1ab3deca45f988c717d57ac"},"headline":"Pesquisa aponta Naerton Moura com 85,15% de inten\u00e7\u00f5es de voto em Sussuapara","datePublished":"2024-03-26T09:59:37+00:00","dateModified":"2024-03-26T09:59:39+00:00","mainEntityOfPage":{"@id":"https:\/\/noticiaempauta.com\/portal\/pesquisa-aponta-naerton-moura-com-8515-de-intencoes-de-voto-em-sussuapara\/"},"wordCount":292,"commentCount":0,"publisher":{"@id":"https:\/\/noticiaempauta.com\/portal\/#organization"},"image":{"@id":"https:\/\/noticiaempauta.com\/portal\/pesquisa-aponta-naerton-moura-com-8515-de-intencoes-de-voto-em-sussuapara\/#primaryimage"},"thumbnailUrl":"https:\/\/noticiaempauta.com\/portal\/wp-content\/uploads\/2024\/03\/IMG_0349.jpeg","keywords":["destaqueprincipal"],"articleSection":["Destaques","Munic\u00edpios","Pol\u00edtica","Todas as Not\u00edcias"],"inLanguage":"pt-BR","potentialAction":[{"@type":"CommentAction","name":"Comment","target":["https:\/\/noticiaempauta.com\/portal\/pesquisa-aponta-naerton-moura-com-8515-de-intencoes-de-voto-em-sussuapara\/#respond"]}]},{"@type":"WebPage","@id":"https:\/\/noticiaempauta.com\/portal\/pesquisa-aponta-naerton-moura-com-8515-de-intencoes-de-voto-em-sussuapara\/","url":"https:\/\/noticiaempauta.com\/portal\/pesquisa-aponta-naerton-moura-com-8515-de-intencoes-de-voto-em-sussuapara\/","name":"Pesquisa aponta Naerton Moura com 85,15% de inten\u00e7\u00f5es de voto em Sussuapara - Portal Not\u00edcia em Pauta","isPartOf":{"@id":"https:\/\/noticiaempauta.com\/portal\/#website"},"primaryImageOfPage":{"@id":"https:\/\/noticiaempauta.com\/portal\/pesquisa-aponta-naerton-moura-com-8515-de-intencoes-de-voto-em-sussuapara\/#primaryimage"},"image":{"@id":"https:\/\/noticiaempauta.com\/portal\/pesquisa-aponta-naerton-moura-com-8515-de-intencoes-de-voto-em-sussuapara\/#primaryimage"},"thumbnailUrl":"https:\/\/noticiaempauta.com\/portal\/wp-content\/uploads\/2024\/03\/IMG_0349.jpeg","datePublished":"2024-03-26T09:59:37+00:00","dateModified":"2024-03-26T09:59:39+00:00","breadcrumb":{"@id":"https:\/\/noticiaempauta.com\/portal\/pesquisa-aponta-naerton-moura-com-8515-de-intencoes-de-voto-em-sussuapara\/#breadcrumb"},"inLanguage":"pt-BR","potentialAction":[{"@type":"ReadAction","target":["https:\/\/noticiaempauta.com\/portal\/pesquisa-aponta-naerton-moura-com-8515-de-intencoes-de-voto-em-sussuapara\/"]}]},{"@type":"ImageObject","inLanguage":"pt-BR","@id":"https:\/\/noticiaempauta.com\/portal\/pesquisa-aponta-naerton-moura-com-8515-de-intencoes-de-voto-em-sussuapara\/#primaryimage","url":"https:\/\/noticiaempauta.com\/portal\/wp-content\/uploads\/2024\/03\/IMG_0349.jpeg","contentUrl":"https:\/\/noticiaempauta.com\/portal\/wp-content\/uploads\/2024\/03\/IMG_0349.jpeg","width":644,"height":594},{"@type":"BreadcrumbList","@id":"https:\/\/noticiaempauta.com\/portal\/pesquisa-aponta-naerton-moura-com-8515-de-intencoes-de-voto-em-sussuapara\/#breadcrumb","itemListElement":[{"@type":"ListItem","position":1,"name":"P\u00e1gina Inicial","item":"https:\/\/noticiaempauta.com\/portal\/"},{"@type":"ListItem","position":2,"name":"Destaques","item":"https:\/\/noticiaempauta.com\/portal\/destaques-site\/"},{"@type":"ListItem","position":3,"name":"Pesquisa aponta Naerton Moura com 85,15% de inten\u00e7\u00f5es de voto em Sussuapara"}]},{"@type":"WebSite","@id":"https:\/\/noticiaempauta.com\/portal\/#website","url":"https:\/\/noticiaempauta.com\/portal\/","name":"Portal Not\u00edcia em Pauta","description":"Voc\u00ea bem informado","publisher":{"@id":"https:\/\/noticiaempauta.com\/portal\/#organization"},"potentialAction":[{"@type":"SearchAction","target":{"@type":"EntryPoint","urlTemplate":"https:\/\/noticiaempauta.com\/portal\/?s={search_term_string}"},"query-input":{"@type":"PropertyValueSpecification","valueRequired":true,"valueName":"search_term_string"}}],"inLanguage":"pt-BR"},{"@type":"Organization","@id":"https:\/\/noticiaempauta.com\/portal\/#organization","name":"Portal Not\u00edcia em Pauta","url":"https:\/\/noticiaempauta.com\/portal\/","logo":{"@type":"ImageObject","inLanguage":"pt-BR","@id":"https:\/\/noticiaempauta.com\/portal\/#\/schema\/logo\/image\/","url":"https:\/\/noticiaempauta.com\/portal\/wp-content\/uploads\/2022\/08\/logomarca_tema.fw_.png","contentUrl":"https:\/\/noticiaempauta.com\/portal\/wp-content\/uploads\/2022\/08\/logomarca_tema.fw_.png","width":400,"height":232,"caption":"Portal Not\u00edcia em Pauta"},"image":{"@id":"https:\/\/noticiaempauta.com\/portal\/#\/schema\/logo\/image\/"},"sameAs":["https:\/\/www.facebook.com\/Portal-Notcia-Em-Pauta-102292869264820\/","https:\/\/www.instagram.com\/portalnoticiaempauta\/"]},{"@type":"Person","@id":"https:\/\/noticiaempauta.com\/portal\/#\/schema\/person\/a74af43dd1ab3deca45f988c717d57ac","name":"Reda\u00e7\u00e3o","image":{"@type":"ImageObject","inLanguage":"pt-BR","@id":"https:\/\/noticiaempauta.com\/portal\/#\/schema\/person\/image\/","url":"https:\/\/secure.gravatar.com\/avatar\/03179346ecce6cdfc13361603e8f54242a90e5cde8618fa23c5c00aa2b0aadf3?s=96&d=mm&r=g","contentUrl":"https:\/\/secure.gravatar.com\/avatar\/03179346ecce6cdfc13361603e8f54242a90e5cde8618fa23c5c00aa2b0aadf3?s=96&d=mm&r=g","caption":"Reda\u00e7\u00e3o"},"sameAs":["https:\/\/noticiaempauta.com\/portal\/"],"url":"https:\/\/noticiaempauta.com\/portal\/author\/fernando\/"}]}},"_links":{"self":[{"href":"https:\/\/noticiaempauta.com\/portal\/wp-json\/wp\/v2\/posts\/256113","targetHints":{"allow":["GET"]}}],"collection":[{"href":"https:\/\/noticiaempauta.com\/portal\/wp-json\/wp\/v2\/posts"}],"about":[{"href":"https:\/\/noticiaempauta.com\/portal\/wp-json\/wp\/v2\/types\/post"}],"author":[{"embeddable":true,"href":"https:\/\/noticiaempauta.com\/portal\/wp-json\/wp\/v2\/users\/2"}],"replies":[{"embeddable":true,"href":"https:\/\/noticiaempauta.com\/portal\/wp-json\/wp\/v2\/comments?post=256113"}],"version-history":[{"count":2,"href":"https:\/\/noticiaempauta.com\/portal\/wp-json\/wp\/v2\/posts\/256113\/revisions"}],"predecessor-version":[{"id":256120,"href":"https:\/\/noticiaempauta.com\/portal\/wp-json\/wp\/v2\/posts\/256113\/revisions\/256120"}],"wp:featuredmedia":[{"embeddable":true,"href":"https:\/\/noticiaempauta.com\/portal\/wp-json\/wp\/v2\/media\/256115"}],"wp:attachment":[{"href":"https:\/\/noticiaempauta.com\/portal\/wp-json\/wp\/v2\/media?parent=256113"}],"wp:term":[{"taxonomy":"category","embeddable":true,"href":"https:\/\/noticiaempauta.com\/portal\/wp-json\/wp\/v2\/categories?post=256113"},{"taxonomy":"post_tag","embeddable":true,"href":"https:\/\/noticiaempauta.com\/portal\/wp-json\/wp\/v2\/tags?post=256113"}],"curies":[{"name":"wp","href":"https:\/\/api.w.org\/{rel}","templated":true}]}}