{"id":256121,"date":"2024-03-26T14:49:17","date_gmt":"2024-03-26T17:49:17","guid":{"rendered":"https:\/\/noticiaempauta.com\/portal\/?p=256121"},"modified":"2024-03-26T14:49:20","modified_gmt":"2024-03-26T17:49:20","slug":"piaui-e-o-primeiro-a-aderir-programa-que-preve-r64-milhoes-em-acoes-para-pessoas-com-deficiencia","status":"publish","type":"post","link":"https:\/\/noticiaempauta.com\/portal\/piaui-e-o-primeiro-a-aderir-programa-que-preve-r64-milhoes-em-acoes-para-pessoas-com-deficiencia\/","title":{"rendered":"Piau\u00ed \u00e9 o primeiro a aderir programa que prev\u00ea R$64 milh\u00f5es em a\u00e7\u00f5es para pessoas com defici\u00eancia"},"content":{"rendered":"\n<p>O Piau\u00ed \u00e9 o primeiro estado do pa\u00eds a aderir ao programa Novo Viver Sem Limite, do Minist\u00e9rio dos Direitos Humanos e da Cidadania (MDHC), que busca retomar as a\u00e7\u00f5es que garantem dignidade \u00e0s pessoas com defici\u00eancia. Para o estado, a previs\u00e3o de recursos \u00e9 de R$ 64 milh\u00f5es. A solenidade de lan\u00e7amento e ades\u00e3o aconteceu na tarde desta segunda-feira (24) e contou com a presen\u00e7a do governador Rafael Fonteles, do ministro do MDHC, Silvio Almeida, entre outras autoridades.<\/p>\n\n\n\n<figure class=\"wp-block-image size-large\"><img fetchpriority=\"high\" decoding=\"async\" width=\"1024\" height=\"683\" src=\"https:\/\/noticiaempauta.com\/portal\/wp-content\/uploads\/2024\/03\/Whats_App_Image_2024_03_25_at_20_32_50_2_355e58e83f-1024x683.jpeg\" alt=\"\" class=\"wp-image-256123\" srcset=\"https:\/\/noticiaempauta.com\/portal\/wp-content\/uploads\/2024\/03\/Whats_App_Image_2024_03_25_at_20_32_50_2_355e58e83f-1024x683.jpeg 1024w, https:\/\/noticiaempauta.com\/portal\/wp-content\/uploads\/2024\/03\/Whats_App_Image_2024_03_25_at_20_32_50_2_355e58e83f-300x200.jpeg 300w, https:\/\/noticiaempauta.com\/portal\/wp-content\/uploads\/2024\/03\/Whats_App_Image_2024_03_25_at_20_32_50_2_355e58e83f-768x512.jpeg 768w, https:\/\/noticiaempauta.com\/portal\/wp-content\/uploads\/2024\/03\/Whats_App_Image_2024_03_25_at_20_32_50_2_355e58e83f.jpeg 1280w\" sizes=\"(max-width: 1024px) 100vw, 1024px\" \/><\/figure>\n\n\n\n<p>No evento, o Piau\u00ed se comprometeu em j\u00e1 desenvolver diversos projetos e pol\u00edticas nesta \u00e1rea, com or\u00e7amento efetivo, como a constru\u00e7\u00e3o de centros de reabilita\u00e7\u00e3o e transporte para pessoas com defici\u00eancia.<\/p>\n\n\n\n<p>No Brasil, o plano tem or\u00e7amento de R$ 6,5 bilh\u00f5es a serem distribu\u00eddos para os estados da federa\u00e7\u00e3o. O plano \u00e9 constru\u00eddo de 19 a\u00e7\u00f5es estruturantes organizadas em cinco eixos: gest\u00e3o e participa\u00e7\u00e3o social; enfrentamento ao capacitismo e \u00e0 viol\u00eancia; acessibilidade e tecnologia assistivas; e a promo\u00e7\u00e3o do direito \u00e0 educa\u00e7\u00e3o, \u00e0 assist\u00eancia social, \u00e0 sa\u00fade e aos demais direitos econ\u00f4micos, sociais, culturais e ambientais.<\/p>\n\n\n\n<figure class=\"wp-block-image size-full\"><img decoding=\"async\" width=\"790\" height=\"526\" src=\"https:\/\/noticiaempauta.com\/portal\/wp-content\/uploads\/2024\/03\/581b43fe662cb77b14bc3e1051f18ba4.jpg\" alt=\"\" class=\"wp-image-256124\" srcset=\"https:\/\/noticiaempauta.com\/portal\/wp-content\/uploads\/2024\/03\/581b43fe662cb77b14bc3e1051f18ba4.jpg 790w, https:\/\/noticiaempauta.com\/portal\/wp-content\/uploads\/2024\/03\/581b43fe662cb77b14bc3e1051f18ba4-300x200.jpg 300w, https:\/\/noticiaempauta.com\/portal\/wp-content\/uploads\/2024\/03\/581b43fe662cb77b14bc3e1051f18ba4-768x511.jpg 768w\" sizes=\"(max-width: 790px) 100vw, 790px\" \/><figcaption class=\"wp-element-caption\"><em>Fotos: Gabriel Paulino e Paulo Barros\/CCOM<\/em><\/figcaption><\/figure>\n\n\n\n<p>O governador Rafael Fonteles destacou que o Minist\u00e9rio dos Direitos Humanos exerce um papel central no planejamento e execu\u00e7\u00e3o de pol\u00edticas voltadas para a popula\u00e7\u00e3o vulner\u00e1vel.<\/p>\n\n\n\n<p>\u201cO MDHC \u00e9 important\u00edssimo na constru\u00e7\u00e3o de pol\u00edticas p\u00fablicas de forma transversal, interagindo com todos os demais minist\u00e9rios, para garantir a inclus\u00e3o em todos os programas de pol\u00edticas p\u00fablicas de todas as pessoas, em especial de grupos mais vulner\u00e1veis. E \u00e9 uma honra o Piau\u00ed ter sido escolhido para o lan\u00e7amento do Novo Viver Sem Limites\u201d, enfatizou.<\/p>\n\n\n\n<p>O ministro Silvio Almeida considera o Piau\u00ed um estado importante para o florescimento e execu\u00e7\u00e3o de pol\u00edticas p\u00fablicas, por isso a escolha da capital Teresina para o lan\u00e7amento.<\/p>\n\n\n\n<p>\u201cO Piau\u00ed tem sido, nos \u00faltimos anos, um grande celeiro com pol\u00edticas p\u00fablicas importantes no campo dos direitos humanos e no campo da cidadania, a racionalidade legislativa, o lugar onde as pol\u00edticas v\u00e3o ter come\u00e7o, meio e fim, o lugar onde as pol\u00edticas p\u00fablicas t\u00eam condi\u00e7\u00e3o, de fato, de atender as pessoas que mais precisam\u201d, declarou Silvio.<\/p>\n\n\n\n<p>O secret\u00e1rio para Inclus\u00e3o da Pessoa com Defici\u00eancia (Seid), Mauro Eduardo, disse que o Piau\u00ed j\u00e1 tem previs\u00e3o de receber R$ 64 milh\u00f5es para implementar diversas a\u00e7\u00f5es e detalhou alguns projetos.<\/p>\n\n\n\n<p>\u201cVamos universalizar as salas de recursos multifuncionais nos 224 munic\u00edpios com atendimento educacional especializado para atender os alunos com defici\u00eancia. Vamos adquirir \u00f4nibus escolares acess\u00edveis para que a gente possa fazer o transporte de alunos com defici\u00eancia at\u00e9 a escola. Vamos trabalhar a capacita\u00e7\u00e3o profissional de pessoas com defici\u00eancia para que elas possam ser absorvidas pelo mercado formal de trabalho\u201d, disse.<\/p>\n\n\n\n<p>O plano Viver Sem Limite \u00e9 programado para se desenvolver ao longo de quatro anos, com recursos federais. Estados e munic\u00edpios que aderirem ao plano complementam as a\u00e7\u00f5es para promo\u00e7\u00e3o dos direitos da pessoa com defici\u00eancia nas pol\u00edticas p\u00fablicas. A primeira etapa do Viver sem Limites prev\u00ea 95 a\u00e7\u00f5es envolvendo 11 minist\u00e9rios do governo federal.<\/p>\n\n\n\n<p>A presidente do Conselho Nacional dos Direitos da Pessoa com Defici\u00eancia (Conade) e secret\u00e1ria nacional dos Direitos da Pessoa com Defici\u00eancia, Anna Paula Feminella, ressaltou que toda a primeira etapa do plano foi elaborada com participa\u00e7\u00e3o social, a partir de consultas p\u00fablicas. O grande objetivo \u00e9 corrigir viola\u00e7\u00f5es e omiss\u00f5es hist\u00f3ricas de direitos para o p\u00fablico PCD. \u201cDesde o nascimento da pessoa com defici\u00eancia, todo ciclo de vida deve ter reconhecimento de demandas espec\u00edficas como recursos de acessibilidade, pol\u00edtica de valoriza\u00e7\u00e3o da presen\u00e7a da pessoa com defici\u00eancia nos espa\u00e7os de poder, nos conselhos de direito, atuando como leg\u00edtimos sujeitos de direito, integrantes dos territ\u00f3rios onde a gente vive\u201d, considerou.<\/p>\n\n\n\n<p>Para Isabelle Passinho, que \u00e9 PCD e acompanhou a solenidade, o plano Viver Sem Limites representa uma reconquista de direitos que outrora foram retirados das pessoas com defici\u00eancia.<\/p>\n\n\n\n<p>\u201cNessa retomada, a gente consegue perceber a pessoa com defici\u00eancia enquanto um cidad\u00e3o, uma cidad\u00e3. A gente observa que o plano trata de todas as \u00e1reas: sa\u00fade, educa\u00e7\u00e3o, esporte, lazer e cultura, porque toda pessoa tem o direito de ser feliz\u201d, comemora.<\/p>\n\n\n\n<p><em>Fonte: Cidade Verde<\/em> <\/p>\n","protected":false},"excerpt":{"rendered":"<p>O Piau\u00ed \u00e9 o primeiro estado do pa\u00eds a aderir ao programa Novo Viver Sem Limite, do Minist\u00e9rio dos Direitos Humanos e da Cidadania (MDHC), que busca retomar as a\u00e7\u00f5es que garantem dignidade \u00e0s pessoas com defici\u00eancia. Para o estado, a previs\u00e3o de recursos \u00e9 de R$ 64 milh\u00f5es. A solenidade de lan\u00e7amento e ades\u00e3o [&hellip;]<\/p>\n","protected":false},"author":2,"featured_media":256124,"comment_status":"open","ping_status":"open","sticky":false,"template":"","format":"standard","meta":{"_mi_skip_tracking":false,"footnotes":""},"categories":[25,1,8,16],"tags":[192],"class_list":["post-256121","post","type-post","status-publish","format-standard","has-post-thumbnail","hentry","category-destaques-site","category-geral","category-social","category-todas","tag-destaqueprincipal"],"acf":[],"yoast_head":"<!-- This site is optimized with the Yoast SEO Premium plugin v19.2 (Yoast SEO v26.9) - https:\/\/yoast.com\/product\/yoast-seo-premium-wordpress\/ -->\n<title>Piau\u00ed \u00e9 o primeiro a aderir programa que prev\u00ea R$64 milh\u00f5es em a\u00e7\u00f5es para pessoas com defici\u00eancia - Portal Not\u00edcia em Pauta<\/title>\n<meta name=\"robots\" content=\"index, follow, max-snippet:-1, max-image-preview:large, max-video-preview:-1\" \/>\n<link rel=\"canonical\" href=\"https:\/\/noticiaempauta.com\/portal\/piaui-e-o-primeiro-a-aderir-programa-que-preve-r64-milhoes-em-acoes-para-pessoas-com-deficiencia\/\" \/>\n<meta property=\"og:locale\" content=\"pt_BR\" \/>\n<meta property=\"og:type\" content=\"article\" \/>\n<meta property=\"og:title\" content=\"Piau\u00ed \u00e9 o primeiro a aderir programa que prev\u00ea R$64 milh\u00f5es em a\u00e7\u00f5es para pessoas com defici\u00eancia\" \/>\n<meta property=\"og:description\" content=\"O Piau\u00ed \u00e9 o primeiro estado do pa\u00eds a aderir ao programa Novo Viver Sem Limite, do Minist\u00e9rio dos Direitos Humanos e da Cidadania (MDHC), que busca retomar as a\u00e7\u00f5es que garantem dignidade \u00e0s pessoas com defici\u00eancia. Para o estado, a previs\u00e3o de recursos \u00e9 de R$ 64 milh\u00f5es. A solenidade de lan\u00e7amento e ades\u00e3o [&hellip;]\" \/>\n<meta property=\"og:url\" content=\"https:\/\/noticiaempauta.com\/portal\/piaui-e-o-primeiro-a-aderir-programa-que-preve-r64-milhoes-em-acoes-para-pessoas-com-deficiencia\/\" \/>\n<meta property=\"og:site_name\" content=\"Portal Not\u00edcia em Pauta\" \/>\n<meta property=\"article:publisher\" content=\"https:\/\/www.facebook.com\/Portal-Notcia-Em-Pauta-102292869264820\/\" \/>\n<meta property=\"article:published_time\" content=\"2024-03-26T17:49:17+00:00\" \/>\n<meta property=\"article:modified_time\" content=\"2024-03-26T17:49:20+00:00\" \/>\n<meta property=\"og:image\" content=\"https:\/\/noticiaempauta.com\/portal\/wp-content\/uploads\/2024\/03\/581b43fe662cb77b14bc3e1051f18ba4.jpg\" \/>\n\t<meta property=\"og:image:width\" content=\"790\" \/>\n\t<meta property=\"og:image:height\" content=\"526\" \/>\n\t<meta property=\"og:image:type\" content=\"image\/jpeg\" \/>\n<meta name=\"author\" content=\"Reda\u00e7\u00e3o\" \/>\n<meta name=\"twitter:card\" content=\"summary_large_image\" \/>\n<meta name=\"twitter:label1\" content=\"Escrito por\" \/>\n\t<meta name=\"twitter:data1\" content=\"Reda\u00e7\u00e3o\" \/>\n\t<meta name=\"twitter:label2\" content=\"Est. tempo de leitura\" \/>\n\t<meta name=\"twitter:data2\" content=\"5 minutos\" \/>\n<script type=\"application\/ld+json\" class=\"yoast-schema-graph\">{\"@context\":\"https:\/\/schema.org\",\"@graph\":[{\"@type\":\"Article\",\"@id\":\"https:\/\/noticiaempauta.com\/portal\/piaui-e-o-primeiro-a-aderir-programa-que-preve-r64-milhoes-em-acoes-para-pessoas-com-deficiencia\/#article\",\"isPartOf\":{\"@id\":\"https:\/\/noticiaempauta.com\/portal\/piaui-e-o-primeiro-a-aderir-programa-que-preve-r64-milhoes-em-acoes-para-pessoas-com-deficiencia\/\"},\"author\":{\"name\":\"Reda\u00e7\u00e3o\",\"@id\":\"https:\/\/noticiaempauta.com\/portal\/#\/schema\/person\/a74af43dd1ab3deca45f988c717d57ac\"},\"headline\":\"Piau\u00ed \u00e9 o primeiro a aderir programa que prev\u00ea R$64 milh\u00f5es em a\u00e7\u00f5es para pessoas com defici\u00eancia\",\"datePublished\":\"2024-03-26T17:49:17+00:00\",\"dateModified\":\"2024-03-26T17:49:20+00:00\",\"mainEntityOfPage\":{\"@id\":\"https:\/\/noticiaempauta.com\/portal\/piaui-e-o-primeiro-a-aderir-programa-que-preve-r64-milhoes-em-acoes-para-pessoas-com-deficiencia\/\"},\"wordCount\":777,\"commentCount\":0,\"publisher\":{\"@id\":\"https:\/\/noticiaempauta.com\/portal\/#organization\"},\"image\":{\"@id\":\"https:\/\/noticiaempauta.com\/portal\/piaui-e-o-primeiro-a-aderir-programa-que-preve-r64-milhoes-em-acoes-para-pessoas-com-deficiencia\/#primaryimage\"},\"thumbnailUrl\":\"https:\/\/noticiaempauta.com\/portal\/wp-content\/uploads\/2024\/03\/581b43fe662cb77b14bc3e1051f18ba4.jpg\",\"keywords\":[\"destaqueprincipal\"],\"articleSection\":[\"Destaques\",\"Geral\",\"Social\",\"Todas as Not\u00edcias\"],\"inLanguage\":\"pt-BR\",\"potentialAction\":[{\"@type\":\"CommentAction\",\"name\":\"Comment\",\"target\":[\"https:\/\/noticiaempauta.com\/portal\/piaui-e-o-primeiro-a-aderir-programa-que-preve-r64-milhoes-em-acoes-para-pessoas-com-deficiencia\/#respond\"]}]},{\"@type\":\"WebPage\",\"@id\":\"https:\/\/noticiaempauta.com\/portal\/piaui-e-o-primeiro-a-aderir-programa-que-preve-r64-milhoes-em-acoes-para-pessoas-com-deficiencia\/\",\"url\":\"https:\/\/noticiaempauta.com\/portal\/piaui-e-o-primeiro-a-aderir-programa-que-preve-r64-milhoes-em-acoes-para-pessoas-com-deficiencia\/\",\"name\":\"Piau\u00ed \u00e9 o primeiro a aderir programa que prev\u00ea R$64 milh\u00f5es em a\u00e7\u00f5es para pessoas com defici\u00eancia - Portal Not\u00edcia em Pauta\",\"isPartOf\":{\"@id\":\"https:\/\/noticiaempauta.com\/portal\/#website\"},\"primaryImageOfPage\":{\"@id\":\"https:\/\/noticiaempauta.com\/portal\/piaui-e-o-primeiro-a-aderir-programa-que-preve-r64-milhoes-em-acoes-para-pessoas-com-deficiencia\/#primaryimage\"},\"image\":{\"@id\":\"https:\/\/noticiaempauta.com\/portal\/piaui-e-o-primeiro-a-aderir-programa-que-preve-r64-milhoes-em-acoes-para-pessoas-com-deficiencia\/#primaryimage\"},\"thumbnailUrl\":\"https:\/\/noticiaempauta.com\/portal\/wp-content\/uploads\/2024\/03\/581b43fe662cb77b14bc3e1051f18ba4.jpg\",\"datePublished\":\"2024-03-26T17:49:17+00:00\",\"dateModified\":\"2024-03-26T17:49:20+00:00\",\"breadcrumb\":{\"@id\":\"https:\/\/noticiaempauta.com\/portal\/piaui-e-o-primeiro-a-aderir-programa-que-preve-r64-milhoes-em-acoes-para-pessoas-com-deficiencia\/#breadcrumb\"},\"inLanguage\":\"pt-BR\",\"potentialAction\":[{\"@type\":\"ReadAction\",\"target\":[\"https:\/\/noticiaempauta.com\/portal\/piaui-e-o-primeiro-a-aderir-programa-que-preve-r64-milhoes-em-acoes-para-pessoas-com-deficiencia\/\"]}]},{\"@type\":\"ImageObject\",\"inLanguage\":\"pt-BR\",\"@id\":\"https:\/\/noticiaempauta.com\/portal\/piaui-e-o-primeiro-a-aderir-programa-que-preve-r64-milhoes-em-acoes-para-pessoas-com-deficiencia\/#primaryimage\",\"url\":\"https:\/\/noticiaempauta.com\/portal\/wp-content\/uploads\/2024\/03\/581b43fe662cb77b14bc3e1051f18ba4.jpg\",\"contentUrl\":\"https:\/\/noticiaempauta.com\/portal\/wp-content\/uploads\/2024\/03\/581b43fe662cb77b14bc3e1051f18ba4.jpg\",\"width\":790,\"height\":526},{\"@type\":\"BreadcrumbList\",\"@id\":\"https:\/\/noticiaempauta.com\/portal\/piaui-e-o-primeiro-a-aderir-programa-que-preve-r64-milhoes-em-acoes-para-pessoas-com-deficiencia\/#breadcrumb\",\"itemListElement\":[{\"@type\":\"ListItem\",\"position\":1,\"name\":\"P\u00e1gina Inicial\",\"item\":\"https:\/\/noticiaempauta.com\/portal\/\"},{\"@type\":\"ListItem\",\"position\":2,\"name\":\"Destaques\",\"item\":\"https:\/\/noticiaempauta.com\/portal\/destaques-site\/\"},{\"@type\":\"ListItem\",\"position\":3,\"name\":\"Piau\u00ed \u00e9 o primeiro a aderir programa que prev\u00ea R$64 milh\u00f5es em a\u00e7\u00f5es para pessoas com defici\u00eancia\"}]},{\"@type\":\"WebSite\",\"@id\":\"https:\/\/noticiaempauta.com\/portal\/#website\",\"url\":\"https:\/\/noticiaempauta.com\/portal\/\",\"name\":\"Portal Not\u00edcia em Pauta\",\"description\":\"Voc\u00ea bem informado\",\"publisher\":{\"@id\":\"https:\/\/noticiaempauta.com\/portal\/#organization\"},\"potentialAction\":[{\"@type\":\"SearchAction\",\"target\":{\"@type\":\"EntryPoint\",\"urlTemplate\":\"https:\/\/noticiaempauta.com\/portal\/?s={search_term_string}\"},\"query-input\":{\"@type\":\"PropertyValueSpecification\",\"valueRequired\":true,\"valueName\":\"search_term_string\"}}],\"inLanguage\":\"pt-BR\"},{\"@type\":\"Organization\",\"@id\":\"https:\/\/noticiaempauta.com\/portal\/#organization\",\"name\":\"Portal Not\u00edcia em Pauta\",\"url\":\"https:\/\/noticiaempauta.com\/portal\/\",\"logo\":{\"@type\":\"ImageObject\",\"inLanguage\":\"pt-BR\",\"@id\":\"https:\/\/noticiaempauta.com\/portal\/#\/schema\/logo\/image\/\",\"url\":\"https:\/\/noticiaempauta.com\/portal\/wp-content\/uploads\/2022\/08\/logomarca_tema.fw_.png\",\"contentUrl\":\"https:\/\/noticiaempauta.com\/portal\/wp-content\/uploads\/2022\/08\/logomarca_tema.fw_.png\",\"width\":400,\"height\":232,\"caption\":\"Portal Not\u00edcia em Pauta\"},\"image\":{\"@id\":\"https:\/\/noticiaempauta.com\/portal\/#\/schema\/logo\/image\/\"},\"sameAs\":[\"https:\/\/www.facebook.com\/Portal-Notcia-Em-Pauta-102292869264820\/\",\"https:\/\/www.instagram.com\/portalnoticiaempauta\/\"]},{\"@type\":\"Person\",\"@id\":\"https:\/\/noticiaempauta.com\/portal\/#\/schema\/person\/a74af43dd1ab3deca45f988c717d57ac\",\"name\":\"Reda\u00e7\u00e3o\",\"image\":{\"@type\":\"ImageObject\",\"inLanguage\":\"pt-BR\",\"@id\":\"https:\/\/noticiaempauta.com\/portal\/#\/schema\/person\/image\/\",\"url\":\"https:\/\/secure.gravatar.com\/avatar\/03179346ecce6cdfc13361603e8f54242a90e5cde8618fa23c5c00aa2b0aadf3?s=96&d=mm&r=g\",\"contentUrl\":\"https:\/\/secure.gravatar.com\/avatar\/03179346ecce6cdfc13361603e8f54242a90e5cde8618fa23c5c00aa2b0aadf3?s=96&d=mm&r=g\",\"caption\":\"Reda\u00e7\u00e3o\"},\"sameAs\":[\"https:\/\/noticiaempauta.com\/portal\/\"],\"url\":\"https:\/\/noticiaempauta.com\/portal\/author\/fernando\/\"}]}<\/script>\n<!-- \/ Yoast SEO Premium plugin. -->","yoast_head_json":{"title":"Piau\u00ed \u00e9 o primeiro a aderir programa que prev\u00ea R$64 milh\u00f5es em a\u00e7\u00f5es para pessoas com defici\u00eancia - Portal Not\u00edcia em Pauta","robots":{"index":"index","follow":"follow","max-snippet":"max-snippet:-1","max-image-preview":"max-image-preview:large","max-video-preview":"max-video-preview:-1"},"canonical":"https:\/\/noticiaempauta.com\/portal\/piaui-e-o-primeiro-a-aderir-programa-que-preve-r64-milhoes-em-acoes-para-pessoas-com-deficiencia\/","og_locale":"pt_BR","og_type":"article","og_title":"Piau\u00ed \u00e9 o primeiro a aderir programa que prev\u00ea R$64 milh\u00f5es em a\u00e7\u00f5es para pessoas com defici\u00eancia","og_description":"O Piau\u00ed \u00e9 o primeiro estado do pa\u00eds a aderir ao programa Novo Viver Sem Limite, do Minist\u00e9rio dos Direitos Humanos e da Cidadania (MDHC), que busca retomar as a\u00e7\u00f5es que garantem dignidade \u00e0s pessoas com defici\u00eancia. Para o estado, a previs\u00e3o de recursos \u00e9 de R$ 64 milh\u00f5es. A solenidade de lan\u00e7amento e ades\u00e3o [&hellip;]","og_url":"https:\/\/noticiaempauta.com\/portal\/piaui-e-o-primeiro-a-aderir-programa-que-preve-r64-milhoes-em-acoes-para-pessoas-com-deficiencia\/","og_site_name":"Portal Not\u00edcia em Pauta","article_publisher":"https:\/\/www.facebook.com\/Portal-Notcia-Em-Pauta-102292869264820\/","article_published_time":"2024-03-26T17:49:17+00:00","article_modified_time":"2024-03-26T17:49:20+00:00","og_image":[{"width":790,"height":526,"url":"https:\/\/noticiaempauta.com\/portal\/wp-content\/uploads\/2024\/03\/581b43fe662cb77b14bc3e1051f18ba4.jpg","type":"image\/jpeg"}],"author":"Reda\u00e7\u00e3o","twitter_card":"summary_large_image","twitter_misc":{"Escrito por":"Reda\u00e7\u00e3o","Est. tempo de leitura":"5 minutos"},"schema":{"@context":"https:\/\/schema.org","@graph":[{"@type":"Article","@id":"https:\/\/noticiaempauta.com\/portal\/piaui-e-o-primeiro-a-aderir-programa-que-preve-r64-milhoes-em-acoes-para-pessoas-com-deficiencia\/#article","isPartOf":{"@id":"https:\/\/noticiaempauta.com\/portal\/piaui-e-o-primeiro-a-aderir-programa-que-preve-r64-milhoes-em-acoes-para-pessoas-com-deficiencia\/"},"author":{"name":"Reda\u00e7\u00e3o","@id":"https:\/\/noticiaempauta.com\/portal\/#\/schema\/person\/a74af43dd1ab3deca45f988c717d57ac"},"headline":"Piau\u00ed \u00e9 o primeiro a aderir programa que prev\u00ea R$64 milh\u00f5es em a\u00e7\u00f5es para pessoas com defici\u00eancia","datePublished":"2024-03-26T17:49:17+00:00","dateModified":"2024-03-26T17:49:20+00:00","mainEntityOfPage":{"@id":"https:\/\/noticiaempauta.com\/portal\/piaui-e-o-primeiro-a-aderir-programa-que-preve-r64-milhoes-em-acoes-para-pessoas-com-deficiencia\/"},"wordCount":777,"commentCount":0,"publisher":{"@id":"https:\/\/noticiaempauta.com\/portal\/#organization"},"image":{"@id":"https:\/\/noticiaempauta.com\/portal\/piaui-e-o-primeiro-a-aderir-programa-que-preve-r64-milhoes-em-acoes-para-pessoas-com-deficiencia\/#primaryimage"},"thumbnailUrl":"https:\/\/noticiaempauta.com\/portal\/wp-content\/uploads\/2024\/03\/581b43fe662cb77b14bc3e1051f18ba4.jpg","keywords":["destaqueprincipal"],"articleSection":["Destaques","Geral","Social","Todas as Not\u00edcias"],"inLanguage":"pt-BR","potentialAction":[{"@type":"CommentAction","name":"Comment","target":["https:\/\/noticiaempauta.com\/portal\/piaui-e-o-primeiro-a-aderir-programa-que-preve-r64-milhoes-em-acoes-para-pessoas-com-deficiencia\/#respond"]}]},{"@type":"WebPage","@id":"https:\/\/noticiaempauta.com\/portal\/piaui-e-o-primeiro-a-aderir-programa-que-preve-r64-milhoes-em-acoes-para-pessoas-com-deficiencia\/","url":"https:\/\/noticiaempauta.com\/portal\/piaui-e-o-primeiro-a-aderir-programa-que-preve-r64-milhoes-em-acoes-para-pessoas-com-deficiencia\/","name":"Piau\u00ed \u00e9 o primeiro a aderir programa que prev\u00ea R$64 milh\u00f5es em a\u00e7\u00f5es para pessoas com defici\u00eancia - Portal Not\u00edcia em Pauta","isPartOf":{"@id":"https:\/\/noticiaempauta.com\/portal\/#website"},"primaryImageOfPage":{"@id":"https:\/\/noticiaempauta.com\/portal\/piaui-e-o-primeiro-a-aderir-programa-que-preve-r64-milhoes-em-acoes-para-pessoas-com-deficiencia\/#primaryimage"},"image":{"@id":"https:\/\/noticiaempauta.com\/portal\/piaui-e-o-primeiro-a-aderir-programa-que-preve-r64-milhoes-em-acoes-para-pessoas-com-deficiencia\/#primaryimage"},"thumbnailUrl":"https:\/\/noticiaempauta.com\/portal\/wp-content\/uploads\/2024\/03\/581b43fe662cb77b14bc3e1051f18ba4.jpg","datePublished":"2024-03-26T17:49:17+00:00","dateModified":"2024-03-26T17:49:20+00:00","breadcrumb":{"@id":"https:\/\/noticiaempauta.com\/portal\/piaui-e-o-primeiro-a-aderir-programa-que-preve-r64-milhoes-em-acoes-para-pessoas-com-deficiencia\/#breadcrumb"},"inLanguage":"pt-BR","potentialAction":[{"@type":"ReadAction","target":["https:\/\/noticiaempauta.com\/portal\/piaui-e-o-primeiro-a-aderir-programa-que-preve-r64-milhoes-em-acoes-para-pessoas-com-deficiencia\/"]}]},{"@type":"ImageObject","inLanguage":"pt-BR","@id":"https:\/\/noticiaempauta.com\/portal\/piaui-e-o-primeiro-a-aderir-programa-que-preve-r64-milhoes-em-acoes-para-pessoas-com-deficiencia\/#primaryimage","url":"https:\/\/noticiaempauta.com\/portal\/wp-content\/uploads\/2024\/03\/581b43fe662cb77b14bc3e1051f18ba4.jpg","contentUrl":"https:\/\/noticiaempauta.com\/portal\/wp-content\/uploads\/2024\/03\/581b43fe662cb77b14bc3e1051f18ba4.jpg","width":790,"height":526},{"@type":"BreadcrumbList","@id":"https:\/\/noticiaempauta.com\/portal\/piaui-e-o-primeiro-a-aderir-programa-que-preve-r64-milhoes-em-acoes-para-pessoas-com-deficiencia\/#breadcrumb","itemListElement":[{"@type":"ListItem","position":1,"name":"P\u00e1gina Inicial","item":"https:\/\/noticiaempauta.com\/portal\/"},{"@type":"ListItem","position":2,"name":"Destaques","item":"https:\/\/noticiaempauta.com\/portal\/destaques-site\/"},{"@type":"ListItem","position":3,"name":"Piau\u00ed \u00e9 o primeiro a aderir programa que prev\u00ea R$64 milh\u00f5es em a\u00e7\u00f5es para pessoas com defici\u00eancia"}]},{"@type":"WebSite","@id":"https:\/\/noticiaempauta.com\/portal\/#website","url":"https:\/\/noticiaempauta.com\/portal\/","name":"Portal Not\u00edcia em Pauta","description":"Voc\u00ea bem informado","publisher":{"@id":"https:\/\/noticiaempauta.com\/portal\/#organization"},"potentialAction":[{"@type":"SearchAction","target":{"@type":"EntryPoint","urlTemplate":"https:\/\/noticiaempauta.com\/portal\/?s={search_term_string}"},"query-input":{"@type":"PropertyValueSpecification","valueRequired":true,"valueName":"search_term_string"}}],"inLanguage":"pt-BR"},{"@type":"Organization","@id":"https:\/\/noticiaempauta.com\/portal\/#organization","name":"Portal Not\u00edcia em Pauta","url":"https:\/\/noticiaempauta.com\/portal\/","logo":{"@type":"ImageObject","inLanguage":"pt-BR","@id":"https:\/\/noticiaempauta.com\/portal\/#\/schema\/logo\/image\/","url":"https:\/\/noticiaempauta.com\/portal\/wp-content\/uploads\/2022\/08\/logomarca_tema.fw_.png","contentUrl":"https:\/\/noticiaempauta.com\/portal\/wp-content\/uploads\/2022\/08\/logomarca_tema.fw_.png","width":400,"height":232,"caption":"Portal Not\u00edcia em Pauta"},"image":{"@id":"https:\/\/noticiaempauta.com\/portal\/#\/schema\/logo\/image\/"},"sameAs":["https:\/\/www.facebook.com\/Portal-Notcia-Em-Pauta-102292869264820\/","https:\/\/www.instagram.com\/portalnoticiaempauta\/"]},{"@type":"Person","@id":"https:\/\/noticiaempauta.com\/portal\/#\/schema\/person\/a74af43dd1ab3deca45f988c717d57ac","name":"Reda\u00e7\u00e3o","image":{"@type":"ImageObject","inLanguage":"pt-BR","@id":"https:\/\/noticiaempauta.com\/portal\/#\/schema\/person\/image\/","url":"https:\/\/secure.gravatar.com\/avatar\/03179346ecce6cdfc13361603e8f54242a90e5cde8618fa23c5c00aa2b0aadf3?s=96&d=mm&r=g","contentUrl":"https:\/\/secure.gravatar.com\/avatar\/03179346ecce6cdfc13361603e8f54242a90e5cde8618fa23c5c00aa2b0aadf3?s=96&d=mm&r=g","caption":"Reda\u00e7\u00e3o"},"sameAs":["https:\/\/noticiaempauta.com\/portal\/"],"url":"https:\/\/noticiaempauta.com\/portal\/author\/fernando\/"}]}},"_links":{"self":[{"href":"https:\/\/noticiaempauta.com\/portal\/wp-json\/wp\/v2\/posts\/256121","targetHints":{"allow":["GET"]}}],"collection":[{"href":"https:\/\/noticiaempauta.com\/portal\/wp-json\/wp\/v2\/posts"}],"about":[{"href":"https:\/\/noticiaempauta.com\/portal\/wp-json\/wp\/v2\/types\/post"}],"author":[{"embeddable":true,"href":"https:\/\/noticiaempauta.com\/portal\/wp-json\/wp\/v2\/users\/2"}],"replies":[{"embeddable":true,"href":"https:\/\/noticiaempauta.com\/portal\/wp-json\/wp\/v2\/comments?post=256121"}],"version-history":[{"count":2,"href":"https:\/\/noticiaempauta.com\/portal\/wp-json\/wp\/v2\/posts\/256121\/revisions"}],"predecessor-version":[{"id":256126,"href":"https:\/\/noticiaempauta.com\/portal\/wp-json\/wp\/v2\/posts\/256121\/revisions\/256126"}],"wp:featuredmedia":[{"embeddable":true,"href":"https:\/\/noticiaempauta.com\/portal\/wp-json\/wp\/v2\/media\/256124"}],"wp:attachment":[{"href":"https:\/\/noticiaempauta.com\/portal\/wp-json\/wp\/v2\/media?parent=256121"}],"wp:term":[{"taxonomy":"category","embeddable":true,"href":"https:\/\/noticiaempauta.com\/portal\/wp-json\/wp\/v2\/categories?post=256121"},{"taxonomy":"post_tag","embeddable":true,"href":"https:\/\/noticiaempauta.com\/portal\/wp-json\/wp\/v2\/tags?post=256121"}],"curies":[{"name":"wp","href":"https:\/\/api.w.org\/{rel}","templated":true}]}}