{"id":256132,"date":"2024-03-26T15:17:45","date_gmt":"2024-03-26T18:17:45","guid":{"rendered":"https:\/\/noticiaempauta.com\/portal\/?p=256132"},"modified":"2024-03-26T15:17:47","modified_gmt":"2024-03-26T18:17:47","slug":"coordenadora-do-hemocentro-de-picos-faz-apelo-a-populacao-por-doacoes-de-sangue","status":"publish","type":"post","link":"https:\/\/noticiaempauta.com\/portal\/coordenadora-do-hemocentro-de-picos-faz-apelo-a-populacao-por-doacoes-de-sangue\/","title":{"rendered":"Coordenadora do Hemocentro de Picos faz apelo \u00e0 popula\u00e7\u00e3o por doa\u00e7\u00f5es de sangue"},"content":{"rendered":"\n<p>A Semana Santa serve para que possamos nos recordar do amor de Deus pela humanidade, onde Ele enviou o seu filho para que pusesse limpar os pecados de todos. Assim, seguindo os mesmos conceitos de amar ao pr\u00f3ximo, a coordenadora do Hemocentro de Picos, Ana Paula Batista, faz um convite a todos, para que doem sangue ao hemocentro da cidade, que est\u00e1 com o estoque abaixo do desejado.<\/p>\n\n\n\n<figure class=\"wp-block-image size-full\"><img fetchpriority=\"high\" decoding=\"async\" width=\"800\" height=\"533\" src=\"https:\/\/noticiaempauta.com\/portal\/wp-content\/uploads\/2024\/03\/doacao_HBH_001.jpg\" alt=\"\" class=\"wp-image-256134\" srcset=\"https:\/\/noticiaempauta.com\/portal\/wp-content\/uploads\/2024\/03\/doacao_HBH_001.jpg 800w, https:\/\/noticiaempauta.com\/portal\/wp-content\/uploads\/2024\/03\/doacao_HBH_001-300x200.jpg 300w, https:\/\/noticiaempauta.com\/portal\/wp-content\/uploads\/2024\/03\/doacao_HBH_001-768x512.jpg 768w\" sizes=\"(max-width: 800px) 100vw, 800px\" \/><\/figure>\n\n\n\n<blockquote class=\"wp-block-quote is-layout-flow wp-block-quote-is-layout-flow\">\n<p>\u201cESSE PER\u00cdODO J\u00c1 DE FINAL DE M\u00caS, A GENTE J\u00c1 COME\u00c7A A SE PREOCUPAR, PORQUE NEM TODAS AS TIPAGENS SANGU\u00cdNEAS A GENTE PODE GARANTIR QUE TEM ELA EM ESTOQUE, MUITAS VEZES, A GENTE TEM UMA QUANTIDADE DE DOA\u00c7\u00d5ES ALTA DE UM DETERMINADO TIPO SANGU\u00cdNEO QUE \u00c9 MAIS COMUM E A SA\u00cdDA SE TORNA MENOS. [\u2026] \u00c9 ISSO QUE AS PESSOAS PRECISAM CONHECER PRECISAM ENTENDER QUE A NECESSIDADE DE DOA\u00c7\u00d5ES ELA \u00c9 DI\u00c1RIA\u201d.<\/p>\n\n\n\n<p>ANA PAULA ACRESCENTA QUE \u00c9 NECESS\u00c1RIO QUE SEJAM REALIZADAS NO M\u00cdNIMO DE 20 A 25 DOA\u00c7\u00d5ES DI\u00c1RIAS AO HEMOCENTRO DE PICOS, PARA QUE SE POSSA TER UMA BOA QUANTIDADE DE SANGUE EM ESTOQUE.<\/p>\n\n\n\n<p>\u00a0\u201cISSO \u00c9 MUITO IMPORTANTE, N\u00d3S TEMOS QUE MANTER ESSE H\u00c1BITO DE SOLIDARIEDADE, AGRADECER A DEUS, QUE DIARIAMENTE ESTAMOS COM SA\u00daDE, MAS QUE TEM TANTAS OUTRAS PESSOAS NOS LEITOS HOSPITALARES QUE EST\u00c3O PRECISANDO DESSA NOSSA DOA\u00c7\u00c3O. ENT\u00c3O FA\u00c7A ESSA BOA A\u00c7\u00c3O, N\u00c3O \u00c9 NADA MELHOR DO QUE ESSE PER\u00cdODO DE SEMANA SANTA O PER\u00cdODO EM QUE VIVENCIAMOS A MORTE \u00c9 A PAIX\u00c3O DE CRISTO QUE AS PESSOAS REALMENTE T\u00caM ESSE H\u00c1BITO DE SOLIDARIEDADE DE PODER ESTAR SALVANDO A VIDA DE MUITOS ASSIM COMO CRISTO SALVANDO A NOSSA\u201d.<\/p>\n<\/blockquote>\n\n\n\n<figure class=\"wp-block-image size-full\"><img decoding=\"async\" width=\"960\" height=\"640\" src=\"https:\/\/noticiaempauta.com\/portal\/wp-content\/uploads\/2022\/09\/hemopi-de-picos-960x640-1.jpg\" alt=\"\" class=\"wp-image-241489\" srcset=\"https:\/\/noticiaempauta.com\/portal\/wp-content\/uploads\/2022\/09\/hemopi-de-picos-960x640-1.jpg 960w, https:\/\/noticiaempauta.com\/portal\/wp-content\/uploads\/2022\/09\/hemopi-de-picos-960x640-1-300x200.jpg 300w, https:\/\/noticiaempauta.com\/portal\/wp-content\/uploads\/2022\/09\/hemopi-de-picos-960x640-1-768x512.jpg 768w\" sizes=\"(max-width: 960px) 100vw, 960px\" \/><figcaption class=\"wp-element-caption\">Hemocentro de Picos &#8211; Foto: Reprodu\u00e7\u00e3o<\/figcaption><\/figure>\n\n\n\n<blockquote class=\"wp-block-quote is-layout-flow wp-block-quote-is-layout-flow\">\n<p>O HEMOCENTRO DE PICOS FICAR\u00c1 ABERTO PARA DOA\u00c7\u00c3O SANGU\u00cdNEA AT\u00c9 A QUARTA-FEIRA (28), \u00c0S 17H30 DEVIDO AO PONTO FACULTATIVO DA QUINTA FEIRA DECRETADO PELO GOVERNO.<\/p>\n\n\n\n<p><em>Fonte: GrandePicos<\/em><\/p>\n<\/blockquote>\n","protected":false},"excerpt":{"rendered":"<p>A Semana Santa serve para que possamos nos recordar do amor de Deus pela humanidade, onde Ele enviou o seu filho para que pusesse limpar os pecados de todos. Assim, seguindo os mesmos conceitos de amar ao pr\u00f3ximo, a coordenadora do Hemocentro de Picos, Ana Paula Batista, faz um convite a todos, para que doem [&hellip;]<\/p>\n","protected":false},"author":2,"featured_media":256134,"comment_status":"open","ping_status":"open","sticky":false,"template":"","format":"standard","meta":{"_mi_skip_tracking":false,"footnotes":""},"categories":[25,1,5,16],"tags":[192],"class_list":["post-256132","post","type-post","status-publish","format-standard","has-post-thumbnail","hentry","category-destaques-site","category-geral","category-saude","category-todas","tag-destaqueprincipal"],"acf":[],"yoast_head":"<!-- This site is optimized with the Yoast SEO Premium plugin v19.2 (Yoast SEO v26.9) - https:\/\/yoast.com\/product\/yoast-seo-premium-wordpress\/ -->\n<title>Coordenadora do Hemocentro de Picos faz apelo \u00e0 popula\u00e7\u00e3o por doa\u00e7\u00f5es de sangue - Portal Not\u00edcia em Pauta<\/title>\n<meta name=\"robots\" content=\"index, follow, max-snippet:-1, max-image-preview:large, max-video-preview:-1\" \/>\n<link rel=\"canonical\" href=\"https:\/\/noticiaempauta.com\/portal\/coordenadora-do-hemocentro-de-picos-faz-apelo-a-populacao-por-doacoes-de-sangue\/\" \/>\n<meta property=\"og:locale\" content=\"pt_BR\" \/>\n<meta property=\"og:type\" content=\"article\" \/>\n<meta property=\"og:title\" content=\"Coordenadora do Hemocentro de Picos faz apelo \u00e0 popula\u00e7\u00e3o por doa\u00e7\u00f5es de sangue\" \/>\n<meta property=\"og:description\" content=\"A Semana Santa serve para que possamos nos recordar do amor de Deus pela humanidade, onde Ele enviou o seu filho para que pusesse limpar os pecados de todos. Assim, seguindo os mesmos conceitos de amar ao pr\u00f3ximo, a coordenadora do Hemocentro de Picos, Ana Paula Batista, faz um convite a todos, para que doem [&hellip;]\" \/>\n<meta property=\"og:url\" content=\"https:\/\/noticiaempauta.com\/portal\/coordenadora-do-hemocentro-de-picos-faz-apelo-a-populacao-por-doacoes-de-sangue\/\" \/>\n<meta property=\"og:site_name\" content=\"Portal Not\u00edcia em Pauta\" \/>\n<meta property=\"article:publisher\" content=\"https:\/\/www.facebook.com\/Portal-Notcia-Em-Pauta-102292869264820\/\" \/>\n<meta property=\"article:published_time\" content=\"2024-03-26T18:17:45+00:00\" \/>\n<meta property=\"article:modified_time\" content=\"2024-03-26T18:17:47+00:00\" \/>\n<meta property=\"og:image\" content=\"https:\/\/noticiaempauta.com\/portal\/wp-content\/uploads\/2024\/03\/doacao_HBH_001.jpg\" \/>\n\t<meta property=\"og:image:width\" content=\"800\" \/>\n\t<meta property=\"og:image:height\" content=\"533\" \/>\n\t<meta property=\"og:image:type\" content=\"image\/jpeg\" \/>\n<meta name=\"author\" content=\"Reda\u00e7\u00e3o\" \/>\n<meta name=\"twitter:card\" content=\"summary_large_image\" \/>\n<meta name=\"twitter:label1\" content=\"Escrito por\" \/>\n\t<meta name=\"twitter:data1\" content=\"Reda\u00e7\u00e3o\" \/>\n\t<meta name=\"twitter:label2\" content=\"Est. tempo de leitura\" \/>\n\t<meta name=\"twitter:data2\" content=\"2 minutos\" \/>\n<script type=\"application\/ld+json\" class=\"yoast-schema-graph\">{\"@context\":\"https:\/\/schema.org\",\"@graph\":[{\"@type\":\"Article\",\"@id\":\"https:\/\/noticiaempauta.com\/portal\/coordenadora-do-hemocentro-de-picos-faz-apelo-a-populacao-por-doacoes-de-sangue\/#article\",\"isPartOf\":{\"@id\":\"https:\/\/noticiaempauta.com\/portal\/coordenadora-do-hemocentro-de-picos-faz-apelo-a-populacao-por-doacoes-de-sangue\/\"},\"author\":{\"name\":\"Reda\u00e7\u00e3o\",\"@id\":\"https:\/\/noticiaempauta.com\/portal\/#\/schema\/person\/a74af43dd1ab3deca45f988c717d57ac\"},\"headline\":\"Coordenadora do Hemocentro de Picos faz apelo \u00e0 popula\u00e7\u00e3o por doa\u00e7\u00f5es de sangue\",\"datePublished\":\"2024-03-26T18:17:45+00:00\",\"dateModified\":\"2024-03-26T18:17:47+00:00\",\"mainEntityOfPage\":{\"@id\":\"https:\/\/noticiaempauta.com\/portal\/coordenadora-do-hemocentro-de-picos-faz-apelo-a-populacao-por-doacoes-de-sangue\/\"},\"wordCount\":326,\"commentCount\":0,\"publisher\":{\"@id\":\"https:\/\/noticiaempauta.com\/portal\/#organization\"},\"image\":{\"@id\":\"https:\/\/noticiaempauta.com\/portal\/coordenadora-do-hemocentro-de-picos-faz-apelo-a-populacao-por-doacoes-de-sangue\/#primaryimage\"},\"thumbnailUrl\":\"https:\/\/noticiaempauta.com\/portal\/wp-content\/uploads\/2024\/03\/doacao_HBH_001.jpg\",\"keywords\":[\"destaqueprincipal\"],\"articleSection\":[\"Destaques\",\"Geral\",\"Sa\u00fade\",\"Todas as Not\u00edcias\"],\"inLanguage\":\"pt-BR\",\"potentialAction\":[{\"@type\":\"CommentAction\",\"name\":\"Comment\",\"target\":[\"https:\/\/noticiaempauta.com\/portal\/coordenadora-do-hemocentro-de-picos-faz-apelo-a-populacao-por-doacoes-de-sangue\/#respond\"]}]},{\"@type\":\"WebPage\",\"@id\":\"https:\/\/noticiaempauta.com\/portal\/coordenadora-do-hemocentro-de-picos-faz-apelo-a-populacao-por-doacoes-de-sangue\/\",\"url\":\"https:\/\/noticiaempauta.com\/portal\/coordenadora-do-hemocentro-de-picos-faz-apelo-a-populacao-por-doacoes-de-sangue\/\",\"name\":\"Coordenadora do Hemocentro de Picos faz apelo \u00e0 popula\u00e7\u00e3o por doa\u00e7\u00f5es de sangue - Portal Not\u00edcia em Pauta\",\"isPartOf\":{\"@id\":\"https:\/\/noticiaempauta.com\/portal\/#website\"},\"primaryImageOfPage\":{\"@id\":\"https:\/\/noticiaempauta.com\/portal\/coordenadora-do-hemocentro-de-picos-faz-apelo-a-populacao-por-doacoes-de-sangue\/#primaryimage\"},\"image\":{\"@id\":\"https:\/\/noticiaempauta.com\/portal\/coordenadora-do-hemocentro-de-picos-faz-apelo-a-populacao-por-doacoes-de-sangue\/#primaryimage\"},\"thumbnailUrl\":\"https:\/\/noticiaempauta.com\/portal\/wp-content\/uploads\/2024\/03\/doacao_HBH_001.jpg\",\"datePublished\":\"2024-03-26T18:17:45+00:00\",\"dateModified\":\"2024-03-26T18:17:47+00:00\",\"breadcrumb\":{\"@id\":\"https:\/\/noticiaempauta.com\/portal\/coordenadora-do-hemocentro-de-picos-faz-apelo-a-populacao-por-doacoes-de-sangue\/#breadcrumb\"},\"inLanguage\":\"pt-BR\",\"potentialAction\":[{\"@type\":\"ReadAction\",\"target\":[\"https:\/\/noticiaempauta.com\/portal\/coordenadora-do-hemocentro-de-picos-faz-apelo-a-populacao-por-doacoes-de-sangue\/\"]}]},{\"@type\":\"ImageObject\",\"inLanguage\":\"pt-BR\",\"@id\":\"https:\/\/noticiaempauta.com\/portal\/coordenadora-do-hemocentro-de-picos-faz-apelo-a-populacao-por-doacoes-de-sangue\/#primaryimage\",\"url\":\"https:\/\/noticiaempauta.com\/portal\/wp-content\/uploads\/2024\/03\/doacao_HBH_001.jpg\",\"contentUrl\":\"https:\/\/noticiaempauta.com\/portal\/wp-content\/uploads\/2024\/03\/doacao_HBH_001.jpg\",\"width\":800,\"height\":533},{\"@type\":\"BreadcrumbList\",\"@id\":\"https:\/\/noticiaempauta.com\/portal\/coordenadora-do-hemocentro-de-picos-faz-apelo-a-populacao-por-doacoes-de-sangue\/#breadcrumb\",\"itemListElement\":[{\"@type\":\"ListItem\",\"position\":1,\"name\":\"P\u00e1gina Inicial\",\"item\":\"https:\/\/noticiaempauta.com\/portal\/\"},{\"@type\":\"ListItem\",\"position\":2,\"name\":\"Destaques\",\"item\":\"https:\/\/noticiaempauta.com\/portal\/destaques-site\/\"},{\"@type\":\"ListItem\",\"position\":3,\"name\":\"Coordenadora do Hemocentro de Picos faz apelo \u00e0 popula\u00e7\u00e3o por doa\u00e7\u00f5es de sangue\"}]},{\"@type\":\"WebSite\",\"@id\":\"https:\/\/noticiaempauta.com\/portal\/#website\",\"url\":\"https:\/\/noticiaempauta.com\/portal\/\",\"name\":\"Portal Not\u00edcia em Pauta\",\"description\":\"Voc\u00ea bem informado\",\"publisher\":{\"@id\":\"https:\/\/noticiaempauta.com\/portal\/#organization\"},\"potentialAction\":[{\"@type\":\"SearchAction\",\"target\":{\"@type\":\"EntryPoint\",\"urlTemplate\":\"https:\/\/noticiaempauta.com\/portal\/?s={search_term_string}\"},\"query-input\":{\"@type\":\"PropertyValueSpecification\",\"valueRequired\":true,\"valueName\":\"search_term_string\"}}],\"inLanguage\":\"pt-BR\"},{\"@type\":\"Organization\",\"@id\":\"https:\/\/noticiaempauta.com\/portal\/#organization\",\"name\":\"Portal Not\u00edcia em Pauta\",\"url\":\"https:\/\/noticiaempauta.com\/portal\/\",\"logo\":{\"@type\":\"ImageObject\",\"inLanguage\":\"pt-BR\",\"@id\":\"https:\/\/noticiaempauta.com\/portal\/#\/schema\/logo\/image\/\",\"url\":\"https:\/\/noticiaempauta.com\/portal\/wp-content\/uploads\/2022\/08\/logomarca_tema.fw_.png\",\"contentUrl\":\"https:\/\/noticiaempauta.com\/portal\/wp-content\/uploads\/2022\/08\/logomarca_tema.fw_.png\",\"width\":400,\"height\":232,\"caption\":\"Portal Not\u00edcia em Pauta\"},\"image\":{\"@id\":\"https:\/\/noticiaempauta.com\/portal\/#\/schema\/logo\/image\/\"},\"sameAs\":[\"https:\/\/www.facebook.com\/Portal-Notcia-Em-Pauta-102292869264820\/\",\"https:\/\/www.instagram.com\/portalnoticiaempauta\/\"]},{\"@type\":\"Person\",\"@id\":\"https:\/\/noticiaempauta.com\/portal\/#\/schema\/person\/a74af43dd1ab3deca45f988c717d57ac\",\"name\":\"Reda\u00e7\u00e3o\",\"image\":{\"@type\":\"ImageObject\",\"inLanguage\":\"pt-BR\",\"@id\":\"https:\/\/noticiaempauta.com\/portal\/#\/schema\/person\/image\/\",\"url\":\"https:\/\/secure.gravatar.com\/avatar\/03179346ecce6cdfc13361603e8f54242a90e5cde8618fa23c5c00aa2b0aadf3?s=96&d=mm&r=g\",\"contentUrl\":\"https:\/\/secure.gravatar.com\/avatar\/03179346ecce6cdfc13361603e8f54242a90e5cde8618fa23c5c00aa2b0aadf3?s=96&d=mm&r=g\",\"caption\":\"Reda\u00e7\u00e3o\"},\"sameAs\":[\"https:\/\/noticiaempauta.com\/portal\/\"],\"url\":\"https:\/\/noticiaempauta.com\/portal\/author\/fernando\/\"}]}<\/script>\n<!-- \/ Yoast SEO Premium plugin. -->","yoast_head_json":{"title":"Coordenadora do Hemocentro de Picos faz apelo \u00e0 popula\u00e7\u00e3o por doa\u00e7\u00f5es de sangue - Portal Not\u00edcia em Pauta","robots":{"index":"index","follow":"follow","max-snippet":"max-snippet:-1","max-image-preview":"max-image-preview:large","max-video-preview":"max-video-preview:-1"},"canonical":"https:\/\/noticiaempauta.com\/portal\/coordenadora-do-hemocentro-de-picos-faz-apelo-a-populacao-por-doacoes-de-sangue\/","og_locale":"pt_BR","og_type":"article","og_title":"Coordenadora do Hemocentro de Picos faz apelo \u00e0 popula\u00e7\u00e3o por doa\u00e7\u00f5es de sangue","og_description":"A Semana Santa serve para que possamos nos recordar do amor de Deus pela humanidade, onde Ele enviou o seu filho para que pusesse limpar os pecados de todos. Assim, seguindo os mesmos conceitos de amar ao pr\u00f3ximo, a coordenadora do Hemocentro de Picos, Ana Paula Batista, faz um convite a todos, para que doem [&hellip;]","og_url":"https:\/\/noticiaempauta.com\/portal\/coordenadora-do-hemocentro-de-picos-faz-apelo-a-populacao-por-doacoes-de-sangue\/","og_site_name":"Portal Not\u00edcia em Pauta","article_publisher":"https:\/\/www.facebook.com\/Portal-Notcia-Em-Pauta-102292869264820\/","article_published_time":"2024-03-26T18:17:45+00:00","article_modified_time":"2024-03-26T18:17:47+00:00","og_image":[{"width":800,"height":533,"url":"https:\/\/noticiaempauta.com\/portal\/wp-content\/uploads\/2024\/03\/doacao_HBH_001.jpg","type":"image\/jpeg"}],"author":"Reda\u00e7\u00e3o","twitter_card":"summary_large_image","twitter_misc":{"Escrito por":"Reda\u00e7\u00e3o","Est. tempo de leitura":"2 minutos"},"schema":{"@context":"https:\/\/schema.org","@graph":[{"@type":"Article","@id":"https:\/\/noticiaempauta.com\/portal\/coordenadora-do-hemocentro-de-picos-faz-apelo-a-populacao-por-doacoes-de-sangue\/#article","isPartOf":{"@id":"https:\/\/noticiaempauta.com\/portal\/coordenadora-do-hemocentro-de-picos-faz-apelo-a-populacao-por-doacoes-de-sangue\/"},"author":{"name":"Reda\u00e7\u00e3o","@id":"https:\/\/noticiaempauta.com\/portal\/#\/schema\/person\/a74af43dd1ab3deca45f988c717d57ac"},"headline":"Coordenadora do Hemocentro de Picos faz apelo \u00e0 popula\u00e7\u00e3o por doa\u00e7\u00f5es de sangue","datePublished":"2024-03-26T18:17:45+00:00","dateModified":"2024-03-26T18:17:47+00:00","mainEntityOfPage":{"@id":"https:\/\/noticiaempauta.com\/portal\/coordenadora-do-hemocentro-de-picos-faz-apelo-a-populacao-por-doacoes-de-sangue\/"},"wordCount":326,"commentCount":0,"publisher":{"@id":"https:\/\/noticiaempauta.com\/portal\/#organization"},"image":{"@id":"https:\/\/noticiaempauta.com\/portal\/coordenadora-do-hemocentro-de-picos-faz-apelo-a-populacao-por-doacoes-de-sangue\/#primaryimage"},"thumbnailUrl":"https:\/\/noticiaempauta.com\/portal\/wp-content\/uploads\/2024\/03\/doacao_HBH_001.jpg","keywords":["destaqueprincipal"],"articleSection":["Destaques","Geral","Sa\u00fade","Todas as Not\u00edcias"],"inLanguage":"pt-BR","potentialAction":[{"@type":"CommentAction","name":"Comment","target":["https:\/\/noticiaempauta.com\/portal\/coordenadora-do-hemocentro-de-picos-faz-apelo-a-populacao-por-doacoes-de-sangue\/#respond"]}]},{"@type":"WebPage","@id":"https:\/\/noticiaempauta.com\/portal\/coordenadora-do-hemocentro-de-picos-faz-apelo-a-populacao-por-doacoes-de-sangue\/","url":"https:\/\/noticiaempauta.com\/portal\/coordenadora-do-hemocentro-de-picos-faz-apelo-a-populacao-por-doacoes-de-sangue\/","name":"Coordenadora do Hemocentro de Picos faz apelo \u00e0 popula\u00e7\u00e3o por doa\u00e7\u00f5es de sangue - Portal Not\u00edcia em Pauta","isPartOf":{"@id":"https:\/\/noticiaempauta.com\/portal\/#website"},"primaryImageOfPage":{"@id":"https:\/\/noticiaempauta.com\/portal\/coordenadora-do-hemocentro-de-picos-faz-apelo-a-populacao-por-doacoes-de-sangue\/#primaryimage"},"image":{"@id":"https:\/\/noticiaempauta.com\/portal\/coordenadora-do-hemocentro-de-picos-faz-apelo-a-populacao-por-doacoes-de-sangue\/#primaryimage"},"thumbnailUrl":"https:\/\/noticiaempauta.com\/portal\/wp-content\/uploads\/2024\/03\/doacao_HBH_001.jpg","datePublished":"2024-03-26T18:17:45+00:00","dateModified":"2024-03-26T18:17:47+00:00","breadcrumb":{"@id":"https:\/\/noticiaempauta.com\/portal\/coordenadora-do-hemocentro-de-picos-faz-apelo-a-populacao-por-doacoes-de-sangue\/#breadcrumb"},"inLanguage":"pt-BR","potentialAction":[{"@type":"ReadAction","target":["https:\/\/noticiaempauta.com\/portal\/coordenadora-do-hemocentro-de-picos-faz-apelo-a-populacao-por-doacoes-de-sangue\/"]}]},{"@type":"ImageObject","inLanguage":"pt-BR","@id":"https:\/\/noticiaempauta.com\/portal\/coordenadora-do-hemocentro-de-picos-faz-apelo-a-populacao-por-doacoes-de-sangue\/#primaryimage","url":"https:\/\/noticiaempauta.com\/portal\/wp-content\/uploads\/2024\/03\/doacao_HBH_001.jpg","contentUrl":"https:\/\/noticiaempauta.com\/portal\/wp-content\/uploads\/2024\/03\/doacao_HBH_001.jpg","width":800,"height":533},{"@type":"BreadcrumbList","@id":"https:\/\/noticiaempauta.com\/portal\/coordenadora-do-hemocentro-de-picos-faz-apelo-a-populacao-por-doacoes-de-sangue\/#breadcrumb","itemListElement":[{"@type":"ListItem","position":1,"name":"P\u00e1gina Inicial","item":"https:\/\/noticiaempauta.com\/portal\/"},{"@type":"ListItem","position":2,"name":"Destaques","item":"https:\/\/noticiaempauta.com\/portal\/destaques-site\/"},{"@type":"ListItem","position":3,"name":"Coordenadora do Hemocentro de Picos faz apelo \u00e0 popula\u00e7\u00e3o por doa\u00e7\u00f5es de sangue"}]},{"@type":"WebSite","@id":"https:\/\/noticiaempauta.com\/portal\/#website","url":"https:\/\/noticiaempauta.com\/portal\/","name":"Portal Not\u00edcia em Pauta","description":"Voc\u00ea bem informado","publisher":{"@id":"https:\/\/noticiaempauta.com\/portal\/#organization"},"potentialAction":[{"@type":"SearchAction","target":{"@type":"EntryPoint","urlTemplate":"https:\/\/noticiaempauta.com\/portal\/?s={search_term_string}"},"query-input":{"@type":"PropertyValueSpecification","valueRequired":true,"valueName":"search_term_string"}}],"inLanguage":"pt-BR"},{"@type":"Organization","@id":"https:\/\/noticiaempauta.com\/portal\/#organization","name":"Portal Not\u00edcia em Pauta","url":"https:\/\/noticiaempauta.com\/portal\/","logo":{"@type":"ImageObject","inLanguage":"pt-BR","@id":"https:\/\/noticiaempauta.com\/portal\/#\/schema\/logo\/image\/","url":"https:\/\/noticiaempauta.com\/portal\/wp-content\/uploads\/2022\/08\/logomarca_tema.fw_.png","contentUrl":"https:\/\/noticiaempauta.com\/portal\/wp-content\/uploads\/2022\/08\/logomarca_tema.fw_.png","width":400,"height":232,"caption":"Portal Not\u00edcia em Pauta"},"image":{"@id":"https:\/\/noticiaempauta.com\/portal\/#\/schema\/logo\/image\/"},"sameAs":["https:\/\/www.facebook.com\/Portal-Notcia-Em-Pauta-102292869264820\/","https:\/\/www.instagram.com\/portalnoticiaempauta\/"]},{"@type":"Person","@id":"https:\/\/noticiaempauta.com\/portal\/#\/schema\/person\/a74af43dd1ab3deca45f988c717d57ac","name":"Reda\u00e7\u00e3o","image":{"@type":"ImageObject","inLanguage":"pt-BR","@id":"https:\/\/noticiaempauta.com\/portal\/#\/schema\/person\/image\/","url":"https:\/\/secure.gravatar.com\/avatar\/03179346ecce6cdfc13361603e8f54242a90e5cde8618fa23c5c00aa2b0aadf3?s=96&d=mm&r=g","contentUrl":"https:\/\/secure.gravatar.com\/avatar\/03179346ecce6cdfc13361603e8f54242a90e5cde8618fa23c5c00aa2b0aadf3?s=96&d=mm&r=g","caption":"Reda\u00e7\u00e3o"},"sameAs":["https:\/\/noticiaempauta.com\/portal\/"],"url":"https:\/\/noticiaempauta.com\/portal\/author\/fernando\/"}]}},"_links":{"self":[{"href":"https:\/\/noticiaempauta.com\/portal\/wp-json\/wp\/v2\/posts\/256132","targetHints":{"allow":["GET"]}}],"collection":[{"href":"https:\/\/noticiaempauta.com\/portal\/wp-json\/wp\/v2\/posts"}],"about":[{"href":"https:\/\/noticiaempauta.com\/portal\/wp-json\/wp\/v2\/types\/post"}],"author":[{"embeddable":true,"href":"https:\/\/noticiaempauta.com\/portal\/wp-json\/wp\/v2\/users\/2"}],"replies":[{"embeddable":true,"href":"https:\/\/noticiaempauta.com\/portal\/wp-json\/wp\/v2\/comments?post=256132"}],"version-history":[{"count":2,"href":"https:\/\/noticiaempauta.com\/portal\/wp-json\/wp\/v2\/posts\/256132\/revisions"}],"predecessor-version":[{"id":256136,"href":"https:\/\/noticiaempauta.com\/portal\/wp-json\/wp\/v2\/posts\/256132\/revisions\/256136"}],"wp:featuredmedia":[{"embeddable":true,"href":"https:\/\/noticiaempauta.com\/portal\/wp-json\/wp\/v2\/media\/256134"}],"wp:attachment":[{"href":"https:\/\/noticiaempauta.com\/portal\/wp-json\/wp\/v2\/media?parent=256132"}],"wp:term":[{"taxonomy":"category","embeddable":true,"href":"https:\/\/noticiaempauta.com\/portal\/wp-json\/wp\/v2\/categories?post=256132"},{"taxonomy":"post_tag","embeddable":true,"href":"https:\/\/noticiaempauta.com\/portal\/wp-json\/wp\/v2\/tags?post=256132"}],"curies":[{"name":"wp","href":"https:\/\/api.w.org\/{rel}","templated":true}]}}