{"id":256137,"date":"2024-03-26T15:45:22","date_gmt":"2024-03-26T18:45:22","guid":{"rendered":"https:\/\/noticiaempauta.com\/portal\/?p=256137"},"modified":"2024-03-26T15:45:26","modified_gmt":"2024-03-26T18:45:26","slug":"caminhada-do-dia-d-de-conscientizacao-e-combate-a-dengue-e-realizada-com-sucesso-em-monsenhor-hipolito","status":"publish","type":"post","link":"https:\/\/noticiaempauta.com\/portal\/caminhada-do-dia-d-de-conscientizacao-e-combate-a-dengue-e-realizada-com-sucesso-em-monsenhor-hipolito\/","title":{"rendered":"Caminhada do \u2018Dia D\u2019 de conscientiza\u00e7\u00e3o e combate \u00e0 dengue \u00e9 realizada com sucesso em Monsenhor Hip\u00f3lito"},"content":{"rendered":"\n<p>A Prefeitura de Monsenhor Hip\u00f3lito, na gest\u00e3o \u201cServir ao povo\u201d, do prefeito Djalma Policarpo, em uma a\u00e7\u00e3o conjunta das Secretarias de Sa\u00fade e Educa\u00e7\u00e3o, mobilizou escolas da sede do munic\u00edpio para uma passeata em combate ao mosquito Aedes aegypti, transmissor de doen\u00e7as como Dengue, Zika V\u00edrus e Chikungunya.<\/p>\n\n\n\n<figure class=\"wp-block-image size-large\"><img fetchpriority=\"high\" decoding=\"async\" width=\"1024\" height=\"768\" src=\"https:\/\/noticiaempauta.com\/portal\/wp-content\/uploads\/2024\/03\/WhatsApp-Image-2024-03-26-at-15.30.52-1024x768.jpeg\" alt=\"\" class=\"wp-image-256139\" srcset=\"https:\/\/noticiaempauta.com\/portal\/wp-content\/uploads\/2024\/03\/WhatsApp-Image-2024-03-26-at-15.30.52-1024x768.jpeg 1024w, https:\/\/noticiaempauta.com\/portal\/wp-content\/uploads\/2024\/03\/WhatsApp-Image-2024-03-26-at-15.30.52-300x225.jpeg 300w, https:\/\/noticiaempauta.com\/portal\/wp-content\/uploads\/2024\/03\/WhatsApp-Image-2024-03-26-at-15.30.52-768x576.jpeg 768w, https:\/\/noticiaempauta.com\/portal\/wp-content\/uploads\/2024\/03\/WhatsApp-Image-2024-03-26-at-15.30.52.jpeg 1280w\" sizes=\"(max-width: 1024px) 100vw, 1024px\" \/><\/figure>\n\n\n\n<p>A a\u00e7\u00e3o foi realizada na manh\u00e3 desta ter\u00e7a-feira, 26, e teve a concentra\u00e7\u00e3o em frente a Unidade de Sa\u00fade da Fam\u00edlia Petr\u00f4nio Portela Nunes (USF). Na ocasi\u00e3o, alunos das Unidades Escolares Padre C\u00edcero Rom\u00e3o Batista e Judith da Silva Lima, acompanhados dos profissionais da Sa\u00fade e Educa\u00e7\u00e3o, caminharam pelo centro da cidade.<\/p>\n\n\n\n<figure class=\"wp-block-image size-large\"><img decoding=\"async\" width=\"1024\" height=\"683\" src=\"https:\/\/noticiaempauta.com\/portal\/wp-content\/uploads\/2024\/03\/batch_DSC_8180-1024x683.jpg\" alt=\"\" class=\"wp-image-256140\" srcset=\"https:\/\/noticiaempauta.com\/portal\/wp-content\/uploads\/2024\/03\/batch_DSC_8180-1024x683.jpg 1024w, https:\/\/noticiaempauta.com\/portal\/wp-content\/uploads\/2024\/03\/batch_DSC_8180-300x200.jpg 300w, https:\/\/noticiaempauta.com\/portal\/wp-content\/uploads\/2024\/03\/batch_DSC_8180-768x512.jpg 768w, https:\/\/noticiaempauta.com\/portal\/wp-content\/uploads\/2024\/03\/batch_DSC_8180.jpg 1080w\" sizes=\"(max-width: 1024px) 100vw, 1024px\" \/><\/figure>\n\n\n\n<p>Como forma de conscientiza\u00e7\u00e3o, os alunos expuseram cartaz com a tem\u00e1tica \u201cAqui o mosquito n\u00e3o entra\u201d e seguiram o carro de som que informava sobre as formas de combate \u00e0 prolifera\u00e7\u00e3o do mosquito.<\/p>\n\n\n\n<figure class=\"wp-block-image size-large\"><img decoding=\"async\" width=\"1024\" height=\"683\" src=\"https:\/\/noticiaempauta.com\/portal\/wp-content\/uploads\/2024\/03\/batch_DSC_8147-1024x683.jpg\" alt=\"\" class=\"wp-image-256141\" srcset=\"https:\/\/noticiaempauta.com\/portal\/wp-content\/uploads\/2024\/03\/batch_DSC_8147-1024x683.jpg 1024w, https:\/\/noticiaempauta.com\/portal\/wp-content\/uploads\/2024\/03\/batch_DSC_8147-300x200.jpg 300w, https:\/\/noticiaempauta.com\/portal\/wp-content\/uploads\/2024\/03\/batch_DSC_8147-768x512.jpg 768w, https:\/\/noticiaempauta.com\/portal\/wp-content\/uploads\/2024\/03\/batch_DSC_8147.jpg 1080w\" sizes=\"(max-width: 1024px) 100vw, 1024px\" \/><\/figure>\n\n\n\n<p>A secret\u00e1ria de Sa\u00fade,<strong> Joyce Bezerra<\/strong>, falou sobre a a\u00e7\u00e3o que foi realizada. \u201cHoje, n\u00f3s que fazemos parte da Secretaria de Sa\u00fade, juntamente com a Secretaria de Educa\u00e7\u00e3o, reunimos os col\u00e9gios que fazem parte do centro do munic\u00edpio para fazer esta campanha educativa de conscientiza\u00e7\u00e3o e preven\u00e7\u00e3o ao mosquito da dengue. N\u00f3s andamos pelo centro da cidade e o intuito \u00e9 de conscientizar principalmente as crian\u00e7as e adolescentes, para que eles possam chegar em casa e informar os seus pais e familiares sobre essa import\u00e2ncia\u201d, disse.<\/p>\n\n\n\n<figure class=\"wp-block-image size-large\"><img loading=\"lazy\" decoding=\"async\" width=\"1024\" height=\"768\" src=\"https:\/\/noticiaempauta.com\/portal\/wp-content\/uploads\/2024\/03\/WhatsApp-Image-2024-03-26-at-15.33.48-1024x768.jpeg\" alt=\"\" class=\"wp-image-256142\" srcset=\"https:\/\/noticiaempauta.com\/portal\/wp-content\/uploads\/2024\/03\/WhatsApp-Image-2024-03-26-at-15.33.48-1024x768.jpeg 1024w, https:\/\/noticiaempauta.com\/portal\/wp-content\/uploads\/2024\/03\/WhatsApp-Image-2024-03-26-at-15.33.48-300x225.jpeg 300w, https:\/\/noticiaempauta.com\/portal\/wp-content\/uploads\/2024\/03\/WhatsApp-Image-2024-03-26-at-15.33.48-768x576.jpeg 768w, https:\/\/noticiaempauta.com\/portal\/wp-content\/uploads\/2024\/03\/WhatsApp-Image-2024-03-26-at-15.33.48-1536x1152.jpeg 1536w, https:\/\/noticiaempauta.com\/portal\/wp-content\/uploads\/2024\/03\/WhatsApp-Image-2024-03-26-at-15.33.48.jpeg 1600w\" sizes=\"(max-width: 1024px) 100vw, 1024px\" \/><\/figure>\n\n\n\n<figure class=\"wp-block-image size-large\"><img loading=\"lazy\" decoding=\"async\" width=\"1024\" height=\"768\" src=\"https:\/\/noticiaempauta.com\/portal\/wp-content\/uploads\/2024\/03\/WhatsApp-Image-2024-03-26-at-15.38.09-1024x768.jpeg\" alt=\"\" class=\"wp-image-256148\" srcset=\"https:\/\/noticiaempauta.com\/portal\/wp-content\/uploads\/2024\/03\/WhatsApp-Image-2024-03-26-at-15.38.09-1024x768.jpeg 1024w, https:\/\/noticiaempauta.com\/portal\/wp-content\/uploads\/2024\/03\/WhatsApp-Image-2024-03-26-at-15.38.09-300x225.jpeg 300w, https:\/\/noticiaempauta.com\/portal\/wp-content\/uploads\/2024\/03\/WhatsApp-Image-2024-03-26-at-15.38.09-768x576.jpeg 768w, https:\/\/noticiaempauta.com\/portal\/wp-content\/uploads\/2024\/03\/WhatsApp-Image-2024-03-26-at-15.38.09.jpeg 1280w\" sizes=\"(max-width: 1024px) 100vw, 1024px\" \/><\/figure>\n\n\n\n<p>Joyce ainda destacou a vit\u00f3ria para o munic\u00edpio em n\u00e3o ter casos registrados da Dengue. \u201cO nosso munic\u00edpio, at\u00e9 o momento, n\u00e3o apresentou nenhum caso registrado de dengue. Ent\u00e3o, n\u00f3s ficamos muito felizes com essa informa\u00e7\u00e3o e que a nossa popula\u00e7\u00e3o est\u00e1 aderindo a esta campanha\u201d, enfatizou.<\/p>\n\n\n\n<figure class=\"wp-block-image size-large\"><img loading=\"lazy\" decoding=\"async\" width=\"576\" height=\"1024\" src=\"https:\/\/noticiaempauta.com\/portal\/wp-content\/uploads\/2024\/03\/WhatsApp-Image-2024-03-26-at-15.34.34-576x1024.jpeg\" alt=\"\" class=\"wp-image-256143\" srcset=\"https:\/\/noticiaempauta.com\/portal\/wp-content\/uploads\/2024\/03\/WhatsApp-Image-2024-03-26-at-15.34.34-576x1024.jpeg 576w, https:\/\/noticiaempauta.com\/portal\/wp-content\/uploads\/2024\/03\/WhatsApp-Image-2024-03-26-at-15.34.34-169x300.jpeg 169w, https:\/\/noticiaempauta.com\/portal\/wp-content\/uploads\/2024\/03\/WhatsApp-Image-2024-03-26-at-15.34.34.jpeg 720w\" sizes=\"(max-width: 576px) 100vw, 576px\" \/><\/figure>\n\n\n\n<p>\u00c9 importante frisar que os profissionais que atuam na Educa\u00e7\u00e3o de Monsenhor Hip\u00f3lito seguem passando orienta\u00e7\u00f5es aos alunos sobre as doen\u00e7as que o mosquito Aedes aegypti transmite e os impactos que ele pode causar, assim como, as formas de preven\u00e7\u00e3o e conscientiza\u00e7\u00e3o abordados na campanha contra a Aengue.<\/p>\n\n\n\n<figure class=\"wp-block-image size-full\"><img loading=\"lazy\" decoding=\"async\" width=\"1024\" height=\"683\" src=\"https:\/\/noticiaempauta.com\/portal\/wp-content\/uploads\/2024\/03\/batch_DSC_8283-1024x683-1.jpg\" alt=\"\" class=\"wp-image-256144\" srcset=\"https:\/\/noticiaempauta.com\/portal\/wp-content\/uploads\/2024\/03\/batch_DSC_8283-1024x683-1.jpg 1024w, https:\/\/noticiaempauta.com\/portal\/wp-content\/uploads\/2024\/03\/batch_DSC_8283-1024x683-1-300x200.jpg 300w, https:\/\/noticiaempauta.com\/portal\/wp-content\/uploads\/2024\/03\/batch_DSC_8283-1024x683-1-768x512.jpg 768w\" sizes=\"(max-width: 1024px) 100vw, 1024px\" \/><\/figure>\n\n\n\n<p>A professora <strong>Edineide<\/strong> \u00e9 assessora do atual secret\u00e1rio de Educa\u00e7\u00e3o, Luiz Ant\u00f4nio, o qual ela esteve representando. Em entrevista, a docente destacou a parceria entre as Secretaria Municipais na a\u00e7\u00e3o.<\/p>\n\n\n\n<p>\u201cQuero dizer que sempre que a Secretaria de Educa\u00e7\u00e3o \u00e9 convidada a participar dessas mobiliza\u00e7\u00f5es, a gente vem com todo apoio porque trabalhamos em equipe e foi de suma import\u00e2ncia trazer os alunos para acompanharem essa mobiliza\u00e7\u00e3o. Foi linda essa campanha. S\u00f3 tenho a parabenizar o prefeito, a primeira-dama, a secret\u00e1ria de Sa\u00fade e sua equipe, quero agradecer aos diretores e coordenadores e a todos os alunos que participaram\u201d.<\/p>\n\n\n\n<figure class=\"wp-block-image size-large\"><img loading=\"lazy\" decoding=\"async\" width=\"1024\" height=\"768\" src=\"https:\/\/noticiaempauta.com\/portal\/wp-content\/uploads\/2024\/03\/WhatsApp-Image-2024-03-26-at-15.36.56-1024x768.jpeg\" alt=\"\" class=\"wp-image-256147\" srcset=\"https:\/\/noticiaempauta.com\/portal\/wp-content\/uploads\/2024\/03\/WhatsApp-Image-2024-03-26-at-15.36.56-1024x768.jpeg 1024w, https:\/\/noticiaempauta.com\/portal\/wp-content\/uploads\/2024\/03\/WhatsApp-Image-2024-03-26-at-15.36.56-300x225.jpeg 300w, https:\/\/noticiaempauta.com\/portal\/wp-content\/uploads\/2024\/03\/WhatsApp-Image-2024-03-26-at-15.36.56-768x576.jpeg 768w, https:\/\/noticiaempauta.com\/portal\/wp-content\/uploads\/2024\/03\/WhatsApp-Image-2024-03-26-at-15.36.56-1536x1152.jpeg 1536w, https:\/\/noticiaempauta.com\/portal\/wp-content\/uploads\/2024\/03\/WhatsApp-Image-2024-03-26-at-15.36.56.jpeg 1600w\" sizes=\"(max-width: 1024px) 100vw, 1024px\" \/><\/figure>\n\n\n\n<figure class=\"wp-block-image size-large\"><img loading=\"lazy\" decoding=\"async\" width=\"1024\" height=\"683\" src=\"https:\/\/noticiaempauta.com\/portal\/wp-content\/uploads\/2024\/03\/batch_DSC_8280-1024x683.jpg\" alt=\"\" class=\"wp-image-256145\" srcset=\"https:\/\/noticiaempauta.com\/portal\/wp-content\/uploads\/2024\/03\/batch_DSC_8280-1024x683.jpg 1024w, https:\/\/noticiaempauta.com\/portal\/wp-content\/uploads\/2024\/03\/batch_DSC_8280-300x200.jpg 300w, https:\/\/noticiaempauta.com\/portal\/wp-content\/uploads\/2024\/03\/batch_DSC_8280-768x512.jpg 768w, https:\/\/noticiaempauta.com\/portal\/wp-content\/uploads\/2024\/03\/batch_DSC_8280.jpg 1080w\" sizes=\"(max-width: 1024px) 100vw, 1024px\" \/><\/figure>\n\n\n\n<p>A coordenadora geral das escolas municipais de Monsenhor Hip\u00f3lito, <strong>Luana Fernandes<\/strong>, falou da representatividade da campanha.<\/p>\n\n\n\n<p>\u201cA gente veio mais uma vez para firmar a parceria com a Secretaria de Sa\u00fade na campanha da dengue, que \u00e9 uma mobiliza\u00e7\u00e3o de conscientiza\u00e7\u00e3o. Gra\u00e7as a Deus o nosso munic\u00edpio n\u00e3o teve nenhum caso, mas sabemos que n\u00e3o teve justamente por essas a\u00e7\u00f5es, inclusive, a gente j\u00e1 vem trabalhando essa tem\u00e1tica no ambiente escolar. O trabalho s\u00f3 acontece quando \u00e9 intersetorialmente, com as parceria entre as Secretarias e por isso que a caminhada foi uma grande sucesso\u201d, afirmou.<\/p>\n\n\n\n<figure class=\"wp-block-image size-large\"><img loading=\"lazy\" decoding=\"async\" width=\"1024\" height=\"683\" src=\"https:\/\/noticiaempauta.com\/portal\/wp-content\/uploads\/2024\/03\/batch_DSC_8263-1024x683.jpg\" alt=\"\" class=\"wp-image-256146\" srcset=\"https:\/\/noticiaempauta.com\/portal\/wp-content\/uploads\/2024\/03\/batch_DSC_8263-1024x683.jpg 1024w, https:\/\/noticiaempauta.com\/portal\/wp-content\/uploads\/2024\/03\/batch_DSC_8263-300x200.jpg 300w, https:\/\/noticiaempauta.com\/portal\/wp-content\/uploads\/2024\/03\/batch_DSC_8263-768x512.jpg 768w, https:\/\/noticiaempauta.com\/portal\/wp-content\/uploads\/2024\/03\/batch_DSC_8263.jpg 1080w\" sizes=\"(max-width: 1024px) 100vw, 1024px\" \/><\/figure>\n\n\n\n<p>A aluna Juliana estuda no 8\u00ba ano da Unidade Escolar Padre C\u00edcero Rom\u00e3o Batista e falou para nossa reportagem como foi participar da campanha em combate \u00e0 Dengue.<\/p>\n\n\n\n<p>\u201cEu participei da caminhada para ajudar na preven\u00e7\u00e3o ao mosquito da dengue e \u00e9 muito bom para prevenir. Os professores passaram nas salas de aula informando sobre como prevenir e \u00e9 muito importante\u201d, contou.<\/p>\n\n\n\n<figure class=\"wp-block-image size-full\"><img loading=\"lazy\" decoding=\"async\" width=\"1000\" height=\"666\" src=\"https:\/\/noticiaempauta.com\/portal\/wp-content\/uploads\/2024\/01\/DJALMA-2.jpg\" alt=\"\" class=\"wp-image-253702\" srcset=\"https:\/\/noticiaempauta.com\/portal\/wp-content\/uploads\/2024\/01\/DJALMA-2.jpg 1000w, https:\/\/noticiaempauta.com\/portal\/wp-content\/uploads\/2024\/01\/DJALMA-2-300x200.jpg 300w, https:\/\/noticiaempauta.com\/portal\/wp-content\/uploads\/2024\/01\/DJALMA-2-768x511.jpg 768w\" sizes=\"(max-width: 1000px) 100vw, 1000px\" \/><\/figure>\n\n\n\n<p>Em contato a nossa reportagem o prefeito do munic\u00edpio,<strong> Djalma Policarpo<\/strong>, avaliou positivamente a a\u00e7\u00e3o conjunta das secretarias de sa\u00fade e educa\u00e7\u00e3o na realiza\u00e7\u00e3o da campanha, e ressaltou que a gest\u00e3o municipal tem voltado aten\u00e7\u00e3o especial a manuten\u00e7\u00e3o peri\u00f3dica dos espa\u00e7os e logradouros p\u00fablicos, prezando pela limpeza desses espa\u00e7os e realizando a\u00e7\u00f5es preventivas de combate ao mosquito, informou o prefeito.<\/p>\n\n\n\n<p><strong>Dengue no Brasil<\/strong><\/p>\n\n\n\n<p>Segundo o G1, o Brasil j\u00e1 ultrapassou a marca de\u00a02 milh\u00f5es\u00a0de casos de dengue em 2024. Segundo os dados do Minist\u00e9rio da Sa\u00fade, que re\u00fanem casos prov\u00e1veis e confirmados, o pa\u00eds registrou\u00a02.010.896\u00a0de casos nas primeiras 11 semanas deste ano. O n\u00famero de mortes confirmadas passa de\u00a0680.<\/p>\n\n\n\n<p><em>Fonte e Fotos: CidadesnaNet<\/em><\/p>\n","protected":false},"excerpt":{"rendered":"<p>A Prefeitura de Monsenhor Hip\u00f3lito, na gest\u00e3o \u201cServir ao povo\u201d, do prefeito Djalma Policarpo, em uma a\u00e7\u00e3o conjunta das Secretarias de Sa\u00fade e Educa\u00e7\u00e3o, mobilizou escolas da sede do munic\u00edpio para uma passeata em combate ao mosquito Aedes aegypti, transmissor de doen\u00e7as como Dengue, Zika V\u00edrus e Chikungunya. A a\u00e7\u00e3o foi realizada na manh\u00e3 desta [&hellip;]<\/p>\n","protected":false},"author":2,"featured_media":256139,"comment_status":"open","ping_status":"open","sticky":false,"template":"","format":"standard","meta":{"_mi_skip_tracking":false,"footnotes":""},"categories":[25,1,9,5,16],"tags":[192],"class_list":["post-256137","post","type-post","status-publish","format-standard","has-post-thumbnail","hentry","category-destaques-site","category-geral","category-municipios","category-saude","category-todas","tag-destaqueprincipal"],"acf":[],"yoast_head":"<!-- This site is optimized with the Yoast SEO Premium plugin v19.2 (Yoast SEO v26.9) - https:\/\/yoast.com\/product\/yoast-seo-premium-wordpress\/ -->\n<title>Caminhada do \u2018Dia D\u2019 de conscientiza\u00e7\u00e3o e combate \u00e0 dengue \u00e9 realizada com sucesso em Monsenhor Hip\u00f3lito - Portal Not\u00edcia em Pauta<\/title>\n<meta name=\"robots\" content=\"index, follow, max-snippet:-1, max-image-preview:large, max-video-preview:-1\" \/>\n<link rel=\"canonical\" href=\"https:\/\/noticiaempauta.com\/portal\/caminhada-do-dia-d-de-conscientizacao-e-combate-a-dengue-e-realizada-com-sucesso-em-monsenhor-hipolito\/\" \/>\n<meta property=\"og:locale\" content=\"pt_BR\" \/>\n<meta property=\"og:type\" content=\"article\" \/>\n<meta property=\"og:title\" content=\"Caminhada do \u2018Dia D\u2019 de conscientiza\u00e7\u00e3o e combate \u00e0 dengue \u00e9 realizada com sucesso em Monsenhor Hip\u00f3lito\" \/>\n<meta property=\"og:description\" content=\"A Prefeitura de Monsenhor Hip\u00f3lito, na gest\u00e3o \u201cServir ao povo\u201d, do prefeito Djalma Policarpo, em uma a\u00e7\u00e3o conjunta das Secretarias de Sa\u00fade e Educa\u00e7\u00e3o, mobilizou escolas da sede do munic\u00edpio para uma passeata em combate ao mosquito Aedes aegypti, transmissor de doen\u00e7as como Dengue, Zika V\u00edrus e Chikungunya. A a\u00e7\u00e3o foi realizada na manh\u00e3 desta [&hellip;]\" \/>\n<meta property=\"og:url\" content=\"https:\/\/noticiaempauta.com\/portal\/caminhada-do-dia-d-de-conscientizacao-e-combate-a-dengue-e-realizada-com-sucesso-em-monsenhor-hipolito\/\" \/>\n<meta property=\"og:site_name\" content=\"Portal Not\u00edcia em Pauta\" \/>\n<meta property=\"article:publisher\" content=\"https:\/\/www.facebook.com\/Portal-Notcia-Em-Pauta-102292869264820\/\" \/>\n<meta property=\"article:published_time\" content=\"2024-03-26T18:45:22+00:00\" \/>\n<meta property=\"article:modified_time\" content=\"2024-03-26T18:45:26+00:00\" \/>\n<meta property=\"og:image\" content=\"https:\/\/noticiaempauta.com\/portal\/wp-content\/uploads\/2024\/03\/WhatsApp-Image-2024-03-26-at-15.30.52.jpeg\" \/>\n\t<meta property=\"og:image:width\" content=\"1280\" \/>\n\t<meta property=\"og:image:height\" content=\"960\" \/>\n\t<meta property=\"og:image:type\" content=\"image\/jpeg\" \/>\n<meta name=\"author\" content=\"Reda\u00e7\u00e3o\" \/>\n<meta name=\"twitter:card\" content=\"summary_large_image\" \/>\n<meta name=\"twitter:label1\" content=\"Escrito por\" \/>\n\t<meta name=\"twitter:data1\" content=\"Reda\u00e7\u00e3o\" \/>\n\t<meta name=\"twitter:label2\" content=\"Est. tempo de leitura\" \/>\n\t<meta name=\"twitter:data2\" content=\"7 minutos\" \/>\n<script type=\"application\/ld+json\" class=\"yoast-schema-graph\">{\"@context\":\"https:\/\/schema.org\",\"@graph\":[{\"@type\":\"Article\",\"@id\":\"https:\/\/noticiaempauta.com\/portal\/caminhada-do-dia-d-de-conscientizacao-e-combate-a-dengue-e-realizada-com-sucesso-em-monsenhor-hipolito\/#article\",\"isPartOf\":{\"@id\":\"https:\/\/noticiaempauta.com\/portal\/caminhada-do-dia-d-de-conscientizacao-e-combate-a-dengue-e-realizada-com-sucesso-em-monsenhor-hipolito\/\"},\"author\":{\"name\":\"Reda\u00e7\u00e3o\",\"@id\":\"https:\/\/noticiaempauta.com\/portal\/#\/schema\/person\/a74af43dd1ab3deca45f988c717d57ac\"},\"headline\":\"Caminhada do \u2018Dia D\u2019 de conscientiza\u00e7\u00e3o e combate \u00e0 dengue \u00e9 realizada com sucesso em Monsenhor Hip\u00f3lito\",\"datePublished\":\"2024-03-26T18:45:22+00:00\",\"dateModified\":\"2024-03-26T18:45:26+00:00\",\"mainEntityOfPage\":{\"@id\":\"https:\/\/noticiaempauta.com\/portal\/caminhada-do-dia-d-de-conscientizacao-e-combate-a-dengue-e-realizada-com-sucesso-em-monsenhor-hipolito\/\"},\"wordCount\":782,\"commentCount\":0,\"publisher\":{\"@id\":\"https:\/\/noticiaempauta.com\/portal\/#organization\"},\"image\":{\"@id\":\"https:\/\/noticiaempauta.com\/portal\/caminhada-do-dia-d-de-conscientizacao-e-combate-a-dengue-e-realizada-com-sucesso-em-monsenhor-hipolito\/#primaryimage\"},\"thumbnailUrl\":\"https:\/\/noticiaempauta.com\/portal\/wp-content\/uploads\/2024\/03\/WhatsApp-Image-2024-03-26-at-15.30.52.jpeg\",\"keywords\":[\"destaqueprincipal\"],\"articleSection\":[\"Destaques\",\"Geral\",\"Munic\u00edpios\",\"Sa\u00fade\",\"Todas as Not\u00edcias\"],\"inLanguage\":\"pt-BR\",\"potentialAction\":[{\"@type\":\"CommentAction\",\"name\":\"Comment\",\"target\":[\"https:\/\/noticiaempauta.com\/portal\/caminhada-do-dia-d-de-conscientizacao-e-combate-a-dengue-e-realizada-com-sucesso-em-monsenhor-hipolito\/#respond\"]}]},{\"@type\":\"WebPage\",\"@id\":\"https:\/\/noticiaempauta.com\/portal\/caminhada-do-dia-d-de-conscientizacao-e-combate-a-dengue-e-realizada-com-sucesso-em-monsenhor-hipolito\/\",\"url\":\"https:\/\/noticiaempauta.com\/portal\/caminhada-do-dia-d-de-conscientizacao-e-combate-a-dengue-e-realizada-com-sucesso-em-monsenhor-hipolito\/\",\"name\":\"Caminhada do \u2018Dia D\u2019 de conscientiza\u00e7\u00e3o e combate \u00e0 dengue \u00e9 realizada com sucesso em Monsenhor Hip\u00f3lito - Portal Not\u00edcia em Pauta\",\"isPartOf\":{\"@id\":\"https:\/\/noticiaempauta.com\/portal\/#website\"},\"primaryImageOfPage\":{\"@id\":\"https:\/\/noticiaempauta.com\/portal\/caminhada-do-dia-d-de-conscientizacao-e-combate-a-dengue-e-realizada-com-sucesso-em-monsenhor-hipolito\/#primaryimage\"},\"image\":{\"@id\":\"https:\/\/noticiaempauta.com\/portal\/caminhada-do-dia-d-de-conscientizacao-e-combate-a-dengue-e-realizada-com-sucesso-em-monsenhor-hipolito\/#primaryimage\"},\"thumbnailUrl\":\"https:\/\/noticiaempauta.com\/portal\/wp-content\/uploads\/2024\/03\/WhatsApp-Image-2024-03-26-at-15.30.52.jpeg\",\"datePublished\":\"2024-03-26T18:45:22+00:00\",\"dateModified\":\"2024-03-26T18:45:26+00:00\",\"breadcrumb\":{\"@id\":\"https:\/\/noticiaempauta.com\/portal\/caminhada-do-dia-d-de-conscientizacao-e-combate-a-dengue-e-realizada-com-sucesso-em-monsenhor-hipolito\/#breadcrumb\"},\"inLanguage\":\"pt-BR\",\"potentialAction\":[{\"@type\":\"ReadAction\",\"target\":[\"https:\/\/noticiaempauta.com\/portal\/caminhada-do-dia-d-de-conscientizacao-e-combate-a-dengue-e-realizada-com-sucesso-em-monsenhor-hipolito\/\"]}]},{\"@type\":\"ImageObject\",\"inLanguage\":\"pt-BR\",\"@id\":\"https:\/\/noticiaempauta.com\/portal\/caminhada-do-dia-d-de-conscientizacao-e-combate-a-dengue-e-realizada-com-sucesso-em-monsenhor-hipolito\/#primaryimage\",\"url\":\"https:\/\/noticiaempauta.com\/portal\/wp-content\/uploads\/2024\/03\/WhatsApp-Image-2024-03-26-at-15.30.52.jpeg\",\"contentUrl\":\"https:\/\/noticiaempauta.com\/portal\/wp-content\/uploads\/2024\/03\/WhatsApp-Image-2024-03-26-at-15.30.52.jpeg\",\"width\":1280,\"height\":960},{\"@type\":\"BreadcrumbList\",\"@id\":\"https:\/\/noticiaempauta.com\/portal\/caminhada-do-dia-d-de-conscientizacao-e-combate-a-dengue-e-realizada-com-sucesso-em-monsenhor-hipolito\/#breadcrumb\",\"itemListElement\":[{\"@type\":\"ListItem\",\"position\":1,\"name\":\"P\u00e1gina Inicial\",\"item\":\"https:\/\/noticiaempauta.com\/portal\/\"},{\"@type\":\"ListItem\",\"position\":2,\"name\":\"Destaques\",\"item\":\"https:\/\/noticiaempauta.com\/portal\/destaques-site\/\"},{\"@type\":\"ListItem\",\"position\":3,\"name\":\"Caminhada do \u2018Dia D\u2019 de conscientiza\u00e7\u00e3o e combate \u00e0 dengue \u00e9 realizada com sucesso em Monsenhor Hip\u00f3lito\"}]},{\"@type\":\"WebSite\",\"@id\":\"https:\/\/noticiaempauta.com\/portal\/#website\",\"url\":\"https:\/\/noticiaempauta.com\/portal\/\",\"name\":\"Portal Not\u00edcia em Pauta\",\"description\":\"Voc\u00ea bem informado\",\"publisher\":{\"@id\":\"https:\/\/noticiaempauta.com\/portal\/#organization\"},\"potentialAction\":[{\"@type\":\"SearchAction\",\"target\":{\"@type\":\"EntryPoint\",\"urlTemplate\":\"https:\/\/noticiaempauta.com\/portal\/?s={search_term_string}\"},\"query-input\":{\"@type\":\"PropertyValueSpecification\",\"valueRequired\":true,\"valueName\":\"search_term_string\"}}],\"inLanguage\":\"pt-BR\"},{\"@type\":\"Organization\",\"@id\":\"https:\/\/noticiaempauta.com\/portal\/#organization\",\"name\":\"Portal Not\u00edcia em Pauta\",\"url\":\"https:\/\/noticiaempauta.com\/portal\/\",\"logo\":{\"@type\":\"ImageObject\",\"inLanguage\":\"pt-BR\",\"@id\":\"https:\/\/noticiaempauta.com\/portal\/#\/schema\/logo\/image\/\",\"url\":\"https:\/\/noticiaempauta.com\/portal\/wp-content\/uploads\/2022\/08\/logomarca_tema.fw_.png\",\"contentUrl\":\"https:\/\/noticiaempauta.com\/portal\/wp-content\/uploads\/2022\/08\/logomarca_tema.fw_.png\",\"width\":400,\"height\":232,\"caption\":\"Portal Not\u00edcia em Pauta\"},\"image\":{\"@id\":\"https:\/\/noticiaempauta.com\/portal\/#\/schema\/logo\/image\/\"},\"sameAs\":[\"https:\/\/www.facebook.com\/Portal-Notcia-Em-Pauta-102292869264820\/\",\"https:\/\/www.instagram.com\/portalnoticiaempauta\/\"]},{\"@type\":\"Person\",\"@id\":\"https:\/\/noticiaempauta.com\/portal\/#\/schema\/person\/a74af43dd1ab3deca45f988c717d57ac\",\"name\":\"Reda\u00e7\u00e3o\",\"image\":{\"@type\":\"ImageObject\",\"inLanguage\":\"pt-BR\",\"@id\":\"https:\/\/noticiaempauta.com\/portal\/#\/schema\/person\/image\/\",\"url\":\"https:\/\/secure.gravatar.com\/avatar\/03179346ecce6cdfc13361603e8f54242a90e5cde8618fa23c5c00aa2b0aadf3?s=96&d=mm&r=g\",\"contentUrl\":\"https:\/\/secure.gravatar.com\/avatar\/03179346ecce6cdfc13361603e8f54242a90e5cde8618fa23c5c00aa2b0aadf3?s=96&d=mm&r=g\",\"caption\":\"Reda\u00e7\u00e3o\"},\"sameAs\":[\"https:\/\/noticiaempauta.com\/portal\/\"],\"url\":\"https:\/\/noticiaempauta.com\/portal\/author\/fernando\/\"}]}<\/script>\n<!-- \/ Yoast SEO Premium plugin. -->","yoast_head_json":{"title":"Caminhada do \u2018Dia D\u2019 de conscientiza\u00e7\u00e3o e combate \u00e0 dengue \u00e9 realizada com sucesso em Monsenhor Hip\u00f3lito - Portal Not\u00edcia em Pauta","robots":{"index":"index","follow":"follow","max-snippet":"max-snippet:-1","max-image-preview":"max-image-preview:large","max-video-preview":"max-video-preview:-1"},"canonical":"https:\/\/noticiaempauta.com\/portal\/caminhada-do-dia-d-de-conscientizacao-e-combate-a-dengue-e-realizada-com-sucesso-em-monsenhor-hipolito\/","og_locale":"pt_BR","og_type":"article","og_title":"Caminhada do \u2018Dia D\u2019 de conscientiza\u00e7\u00e3o e combate \u00e0 dengue \u00e9 realizada com sucesso em Monsenhor Hip\u00f3lito","og_description":"A Prefeitura de Monsenhor Hip\u00f3lito, na gest\u00e3o \u201cServir ao povo\u201d, do prefeito Djalma Policarpo, em uma a\u00e7\u00e3o conjunta das Secretarias de Sa\u00fade e Educa\u00e7\u00e3o, mobilizou escolas da sede do munic\u00edpio para uma passeata em combate ao mosquito Aedes aegypti, transmissor de doen\u00e7as como Dengue, Zika V\u00edrus e Chikungunya. A a\u00e7\u00e3o foi realizada na manh\u00e3 desta [&hellip;]","og_url":"https:\/\/noticiaempauta.com\/portal\/caminhada-do-dia-d-de-conscientizacao-e-combate-a-dengue-e-realizada-com-sucesso-em-monsenhor-hipolito\/","og_site_name":"Portal Not\u00edcia em Pauta","article_publisher":"https:\/\/www.facebook.com\/Portal-Notcia-Em-Pauta-102292869264820\/","article_published_time":"2024-03-26T18:45:22+00:00","article_modified_time":"2024-03-26T18:45:26+00:00","og_image":[{"width":1280,"height":960,"url":"https:\/\/noticiaempauta.com\/portal\/wp-content\/uploads\/2024\/03\/WhatsApp-Image-2024-03-26-at-15.30.52.jpeg","type":"image\/jpeg"}],"author":"Reda\u00e7\u00e3o","twitter_card":"summary_large_image","twitter_misc":{"Escrito por":"Reda\u00e7\u00e3o","Est. tempo de leitura":"7 minutos"},"schema":{"@context":"https:\/\/schema.org","@graph":[{"@type":"Article","@id":"https:\/\/noticiaempauta.com\/portal\/caminhada-do-dia-d-de-conscientizacao-e-combate-a-dengue-e-realizada-com-sucesso-em-monsenhor-hipolito\/#article","isPartOf":{"@id":"https:\/\/noticiaempauta.com\/portal\/caminhada-do-dia-d-de-conscientizacao-e-combate-a-dengue-e-realizada-com-sucesso-em-monsenhor-hipolito\/"},"author":{"name":"Reda\u00e7\u00e3o","@id":"https:\/\/noticiaempauta.com\/portal\/#\/schema\/person\/a74af43dd1ab3deca45f988c717d57ac"},"headline":"Caminhada do \u2018Dia D\u2019 de conscientiza\u00e7\u00e3o e combate \u00e0 dengue \u00e9 realizada com sucesso em Monsenhor Hip\u00f3lito","datePublished":"2024-03-26T18:45:22+00:00","dateModified":"2024-03-26T18:45:26+00:00","mainEntityOfPage":{"@id":"https:\/\/noticiaempauta.com\/portal\/caminhada-do-dia-d-de-conscientizacao-e-combate-a-dengue-e-realizada-com-sucesso-em-monsenhor-hipolito\/"},"wordCount":782,"commentCount":0,"publisher":{"@id":"https:\/\/noticiaempauta.com\/portal\/#organization"},"image":{"@id":"https:\/\/noticiaempauta.com\/portal\/caminhada-do-dia-d-de-conscientizacao-e-combate-a-dengue-e-realizada-com-sucesso-em-monsenhor-hipolito\/#primaryimage"},"thumbnailUrl":"https:\/\/noticiaempauta.com\/portal\/wp-content\/uploads\/2024\/03\/WhatsApp-Image-2024-03-26-at-15.30.52.jpeg","keywords":["destaqueprincipal"],"articleSection":["Destaques","Geral","Munic\u00edpios","Sa\u00fade","Todas as Not\u00edcias"],"inLanguage":"pt-BR","potentialAction":[{"@type":"CommentAction","name":"Comment","target":["https:\/\/noticiaempauta.com\/portal\/caminhada-do-dia-d-de-conscientizacao-e-combate-a-dengue-e-realizada-com-sucesso-em-monsenhor-hipolito\/#respond"]}]},{"@type":"WebPage","@id":"https:\/\/noticiaempauta.com\/portal\/caminhada-do-dia-d-de-conscientizacao-e-combate-a-dengue-e-realizada-com-sucesso-em-monsenhor-hipolito\/","url":"https:\/\/noticiaempauta.com\/portal\/caminhada-do-dia-d-de-conscientizacao-e-combate-a-dengue-e-realizada-com-sucesso-em-monsenhor-hipolito\/","name":"Caminhada do \u2018Dia D\u2019 de conscientiza\u00e7\u00e3o e combate \u00e0 dengue \u00e9 realizada com sucesso em Monsenhor Hip\u00f3lito - Portal Not\u00edcia em Pauta","isPartOf":{"@id":"https:\/\/noticiaempauta.com\/portal\/#website"},"primaryImageOfPage":{"@id":"https:\/\/noticiaempauta.com\/portal\/caminhada-do-dia-d-de-conscientizacao-e-combate-a-dengue-e-realizada-com-sucesso-em-monsenhor-hipolito\/#primaryimage"},"image":{"@id":"https:\/\/noticiaempauta.com\/portal\/caminhada-do-dia-d-de-conscientizacao-e-combate-a-dengue-e-realizada-com-sucesso-em-monsenhor-hipolito\/#primaryimage"},"thumbnailUrl":"https:\/\/noticiaempauta.com\/portal\/wp-content\/uploads\/2024\/03\/WhatsApp-Image-2024-03-26-at-15.30.52.jpeg","datePublished":"2024-03-26T18:45:22+00:00","dateModified":"2024-03-26T18:45:26+00:00","breadcrumb":{"@id":"https:\/\/noticiaempauta.com\/portal\/caminhada-do-dia-d-de-conscientizacao-e-combate-a-dengue-e-realizada-com-sucesso-em-monsenhor-hipolito\/#breadcrumb"},"inLanguage":"pt-BR","potentialAction":[{"@type":"ReadAction","target":["https:\/\/noticiaempauta.com\/portal\/caminhada-do-dia-d-de-conscientizacao-e-combate-a-dengue-e-realizada-com-sucesso-em-monsenhor-hipolito\/"]}]},{"@type":"ImageObject","inLanguage":"pt-BR","@id":"https:\/\/noticiaempauta.com\/portal\/caminhada-do-dia-d-de-conscientizacao-e-combate-a-dengue-e-realizada-com-sucesso-em-monsenhor-hipolito\/#primaryimage","url":"https:\/\/noticiaempauta.com\/portal\/wp-content\/uploads\/2024\/03\/WhatsApp-Image-2024-03-26-at-15.30.52.jpeg","contentUrl":"https:\/\/noticiaempauta.com\/portal\/wp-content\/uploads\/2024\/03\/WhatsApp-Image-2024-03-26-at-15.30.52.jpeg","width":1280,"height":960},{"@type":"BreadcrumbList","@id":"https:\/\/noticiaempauta.com\/portal\/caminhada-do-dia-d-de-conscientizacao-e-combate-a-dengue-e-realizada-com-sucesso-em-monsenhor-hipolito\/#breadcrumb","itemListElement":[{"@type":"ListItem","position":1,"name":"P\u00e1gina Inicial","item":"https:\/\/noticiaempauta.com\/portal\/"},{"@type":"ListItem","position":2,"name":"Destaques","item":"https:\/\/noticiaempauta.com\/portal\/destaques-site\/"},{"@type":"ListItem","position":3,"name":"Caminhada do \u2018Dia D\u2019 de conscientiza\u00e7\u00e3o e combate \u00e0 dengue \u00e9 realizada com sucesso em Monsenhor Hip\u00f3lito"}]},{"@type":"WebSite","@id":"https:\/\/noticiaempauta.com\/portal\/#website","url":"https:\/\/noticiaempauta.com\/portal\/","name":"Portal Not\u00edcia em Pauta","description":"Voc\u00ea bem informado","publisher":{"@id":"https:\/\/noticiaempauta.com\/portal\/#organization"},"potentialAction":[{"@type":"SearchAction","target":{"@type":"EntryPoint","urlTemplate":"https:\/\/noticiaempauta.com\/portal\/?s={search_term_string}"},"query-input":{"@type":"PropertyValueSpecification","valueRequired":true,"valueName":"search_term_string"}}],"inLanguage":"pt-BR"},{"@type":"Organization","@id":"https:\/\/noticiaempauta.com\/portal\/#organization","name":"Portal Not\u00edcia em Pauta","url":"https:\/\/noticiaempauta.com\/portal\/","logo":{"@type":"ImageObject","inLanguage":"pt-BR","@id":"https:\/\/noticiaempauta.com\/portal\/#\/schema\/logo\/image\/","url":"https:\/\/noticiaempauta.com\/portal\/wp-content\/uploads\/2022\/08\/logomarca_tema.fw_.png","contentUrl":"https:\/\/noticiaempauta.com\/portal\/wp-content\/uploads\/2022\/08\/logomarca_tema.fw_.png","width":400,"height":232,"caption":"Portal Not\u00edcia em Pauta"},"image":{"@id":"https:\/\/noticiaempauta.com\/portal\/#\/schema\/logo\/image\/"},"sameAs":["https:\/\/www.facebook.com\/Portal-Notcia-Em-Pauta-102292869264820\/","https:\/\/www.instagram.com\/portalnoticiaempauta\/"]},{"@type":"Person","@id":"https:\/\/noticiaempauta.com\/portal\/#\/schema\/person\/a74af43dd1ab3deca45f988c717d57ac","name":"Reda\u00e7\u00e3o","image":{"@type":"ImageObject","inLanguage":"pt-BR","@id":"https:\/\/noticiaempauta.com\/portal\/#\/schema\/person\/image\/","url":"https:\/\/secure.gravatar.com\/avatar\/03179346ecce6cdfc13361603e8f54242a90e5cde8618fa23c5c00aa2b0aadf3?s=96&d=mm&r=g","contentUrl":"https:\/\/secure.gravatar.com\/avatar\/03179346ecce6cdfc13361603e8f54242a90e5cde8618fa23c5c00aa2b0aadf3?s=96&d=mm&r=g","caption":"Reda\u00e7\u00e3o"},"sameAs":["https:\/\/noticiaempauta.com\/portal\/"],"url":"https:\/\/noticiaempauta.com\/portal\/author\/fernando\/"}]}},"_links":{"self":[{"href":"https:\/\/noticiaempauta.com\/portal\/wp-json\/wp\/v2\/posts\/256137","targetHints":{"allow":["GET"]}}],"collection":[{"href":"https:\/\/noticiaempauta.com\/portal\/wp-json\/wp\/v2\/posts"}],"about":[{"href":"https:\/\/noticiaempauta.com\/portal\/wp-json\/wp\/v2\/types\/post"}],"author":[{"embeddable":true,"href":"https:\/\/noticiaempauta.com\/portal\/wp-json\/wp\/v2\/users\/2"}],"replies":[{"embeddable":true,"href":"https:\/\/noticiaempauta.com\/portal\/wp-json\/wp\/v2\/comments?post=256137"}],"version-history":[{"count":2,"href":"https:\/\/noticiaempauta.com\/portal\/wp-json\/wp\/v2\/posts\/256137\/revisions"}],"predecessor-version":[{"id":256150,"href":"https:\/\/noticiaempauta.com\/portal\/wp-json\/wp\/v2\/posts\/256137\/revisions\/256150"}],"wp:featuredmedia":[{"embeddable":true,"href":"https:\/\/noticiaempauta.com\/portal\/wp-json\/wp\/v2\/media\/256139"}],"wp:attachment":[{"href":"https:\/\/noticiaempauta.com\/portal\/wp-json\/wp\/v2\/media?parent=256137"}],"wp:term":[{"taxonomy":"category","embeddable":true,"href":"https:\/\/noticiaempauta.com\/portal\/wp-json\/wp\/v2\/categories?post=256137"},{"taxonomy":"post_tag","embeddable":true,"href":"https:\/\/noticiaempauta.com\/portal\/wp-json\/wp\/v2\/tags?post=256137"}],"curies":[{"name":"wp","href":"https:\/\/api.w.org\/{rel}","templated":true}]}}