{"id":256213,"date":"2024-03-28T12:30:05","date_gmt":"2024-03-28T15:30:05","guid":{"rendered":"https:\/\/noticiaempauta.com\/portal\/?p=256213"},"modified":"2024-03-28T16:06:24","modified_gmt":"2024-03-28T19:06:24","slug":"amostragem-pablo-santos-lidera-com-7009-dos-votos-validos-para-prefeitura-de-picos-gil-paraibano-tem-2991","status":"publish","type":"post","link":"https:\/\/noticiaempauta.com\/portal\/amostragem-pablo-santos-lidera-com-7009-dos-votos-validos-para-prefeitura-de-picos-gil-paraibano-tem-2991\/","title":{"rendered":"Amostragem: Pablo Santos lidera com 70,09% dos votos v\u00e1lidos para Prefeitura de Picos; Gil Paraibano tem 29,91%"},"content":{"rendered":"\n<p>O deputado licenciado e pr\u00e9-candidato \u00e0 Prefeitura do munic\u00edpio de Picos, Pablo Santos (MDB), lidera com 70,09% dos votos v\u00e1lidos, \u00e9 o que aponta levantamento do Instituto Amostragem. Santos est\u00e1 \u00e0 frente do atual prefeito que visa \u00e0 reelei\u00e7\u00e3o, Gil Paraibano (Progressistas), com 29.91%.<\/p>\n\n\n\n<figure class=\"wp-block-image size-full\"><img fetchpriority=\"high\" decoding=\"async\" width=\"790\" height=\"550\" src=\"https:\/\/noticiaempauta.com\/portal\/wp-content\/uploads\/2024\/03\/IMG_2526.webp\" alt=\"\" class=\"wp-image-256215\" srcset=\"https:\/\/noticiaempauta.com\/portal\/wp-content\/uploads\/2024\/03\/IMG_2526.webp 790w, https:\/\/noticiaempauta.com\/portal\/wp-content\/uploads\/2024\/03\/IMG_2526-300x209.webp 300w, https:\/\/noticiaempauta.com\/portal\/wp-content\/uploads\/2024\/03\/IMG_2526-768x535.webp 768w\" sizes=\"(max-width: 790px) 100vw, 790px\" \/><figcaption class=\"wp-element-caption\">Foto:Reprodu\u00e7\u00e3o <\/figcaption><\/figure>\n\n\n\n<p>Para checar os votos v\u00e1lidos, o c\u00e1lculo \u00e9 feito a partir da exclus\u00e3o dos votos em branco, nulos e entrevistados que se declararam indecisos durante a realiza\u00e7\u00e3o da amostra.<\/p>\n\n\n\n<p>Pesquisa estimulada<\/p>\n\n\n\n<p>Na pesquisa estimulada, Pablo Santos tamb\u00e9m lidera a inten\u00e7\u00e3o de votos da popula\u00e7\u00e3o com 56,5%, enquanto Gil Paraibano surge com 24,5%. Tamb\u00e9m foram expostos dados quanto \u00e0 rejei\u00e7\u00e3o dos votos na pesquisa estimulada, na qual apontou Gil Paraibano marcando a porcentagem de 35,5%.<\/p>\n\n\n\n<p>Pesquisa espont\u00e2nea<\/p>\n\n\n\n<p>Com rela\u00e7\u00e3o \u00e0 pesquisa espont\u00e2nea, Pablo Santos segue liderando com 27,25% contra 19,5% obtidos por Gil Paraibano. A sondagem tamb\u00e9m mostrou que Gil Paraibano est\u00e1 com um \u00edndice de rejei\u00e7\u00e3o de 41,0% dos votos dos picoenses.<\/p>\n\n\n\n<p>Ficha t\u00e9cnica<\/p>\n\n\n\n<p>A pesquisa do Instituto Amostragem para prefeito de Picos foi realizada, entre os dias 16 e 19 de mar\u00e7o, 400 pessoas com 16 ou mais anos de idade residentes em bairros da zona Rural e Urbana de Picos. Possui um n\u00edvel de confian\u00e7a de 95% e margem de erro de at\u00e9 4,8%. Ela foi registrada no Tribunal Eleitoral sob o n\u00ba\u00a0<a href=\"tel:07853\/2024\">07853\/2024<\/a>\u00a0no dia 22 de\u00a0mar\u00e7o\u00a0de\u00a02024.<\/p>\n\n\n\n<p>Ascom<\/p>\n","protected":false},"excerpt":{"rendered":"<p>O deputado licenciado e pr\u00e9-candidato \u00e0 Prefeitura do munic\u00edpio de Picos, Pablo Santos (MDB), lidera com 70,09% dos votos v\u00e1lidos, \u00e9 o que aponta levantamento do Instituto Amostragem. Santos est\u00e1 \u00e0 frente do atual prefeito que visa \u00e0 reelei\u00e7\u00e3o, Gil Paraibano (Progressistas), com 29.91%. Para checar os votos v\u00e1lidos, o c\u00e1lculo \u00e9 feito a partir [&hellip;]<\/p>\n","protected":false},"author":2,"featured_media":256215,"comment_status":"open","ping_status":"open","sticky":false,"template":"","format":"standard","meta":{"_mi_skip_tracking":false,"footnotes":""},"categories":[25,1,9,3,16],"tags":[192],"class_list":["post-256213","post","type-post","status-publish","format-standard","has-post-thumbnail","hentry","category-destaques-site","category-geral","category-municipios","category-politica","category-todas","tag-destaqueprincipal"],"acf":[],"yoast_head":"<!-- This site is optimized with the Yoast SEO Premium plugin v19.2 (Yoast SEO v26.9) - https:\/\/yoast.com\/product\/yoast-seo-premium-wordpress\/ -->\n<title>Amostragem: Pablo Santos lidera com 70,09% dos votos v\u00e1lidos para Prefeitura de Picos; Gil Paraibano tem 29,91% - Portal Not\u00edcia em Pauta<\/title>\n<meta name=\"robots\" content=\"index, follow, max-snippet:-1, max-image-preview:large, max-video-preview:-1\" \/>\n<link rel=\"canonical\" href=\"https:\/\/noticiaempauta.com\/portal\/amostragem-pablo-santos-lidera-com-7009-dos-votos-validos-para-prefeitura-de-picos-gil-paraibano-tem-2991\/\" \/>\n<meta property=\"og:locale\" content=\"pt_BR\" \/>\n<meta property=\"og:type\" content=\"article\" \/>\n<meta property=\"og:title\" content=\"Amostragem: Pablo Santos lidera com 70,09% dos votos v\u00e1lidos para Prefeitura de Picos; Gil Paraibano tem 29,91%\" \/>\n<meta property=\"og:description\" content=\"O deputado licenciado e pr\u00e9-candidato \u00e0 Prefeitura do munic\u00edpio de Picos, Pablo Santos (MDB), lidera com 70,09% dos votos v\u00e1lidos, \u00e9 o que aponta levantamento do Instituto Amostragem. Santos est\u00e1 \u00e0 frente do atual prefeito que visa \u00e0 reelei\u00e7\u00e3o, Gil Paraibano (Progressistas), com 29.91%. Para checar os votos v\u00e1lidos, o c\u00e1lculo \u00e9 feito a partir [&hellip;]\" \/>\n<meta property=\"og:url\" content=\"https:\/\/noticiaempauta.com\/portal\/amostragem-pablo-santos-lidera-com-7009-dos-votos-validos-para-prefeitura-de-picos-gil-paraibano-tem-2991\/\" \/>\n<meta property=\"og:site_name\" content=\"Portal Not\u00edcia em Pauta\" \/>\n<meta property=\"article:publisher\" content=\"https:\/\/www.facebook.com\/Portal-Notcia-Em-Pauta-102292869264820\/\" \/>\n<meta property=\"article:published_time\" content=\"2024-03-28T15:30:05+00:00\" \/>\n<meta property=\"article:modified_time\" content=\"2024-03-28T19:06:24+00:00\" \/>\n<meta property=\"og:image\" content=\"https:\/\/noticiaempauta.com\/portal\/wp-content\/uploads\/2024\/03\/IMG_2526.webp\" \/>\n\t<meta property=\"og:image:width\" content=\"790\" \/>\n\t<meta property=\"og:image:height\" content=\"550\" \/>\n\t<meta property=\"og:image:type\" content=\"image\/webp\" \/>\n<meta name=\"author\" content=\"Reda\u00e7\u00e3o\" \/>\n<meta name=\"twitter:card\" content=\"summary_large_image\" \/>\n<meta name=\"twitter:label1\" content=\"Escrito por\" \/>\n\t<meta name=\"twitter:data1\" content=\"Reda\u00e7\u00e3o\" \/>\n\t<meta name=\"twitter:label2\" content=\"Est. tempo de leitura\" \/>\n\t<meta name=\"twitter:data2\" content=\"2 minutos\" \/>\n<script type=\"application\/ld+json\" class=\"yoast-schema-graph\">{\"@context\":\"https:\/\/schema.org\",\"@graph\":[{\"@type\":\"Article\",\"@id\":\"https:\/\/noticiaempauta.com\/portal\/amostragem-pablo-santos-lidera-com-7009-dos-votos-validos-para-prefeitura-de-picos-gil-paraibano-tem-2991\/#article\",\"isPartOf\":{\"@id\":\"https:\/\/noticiaempauta.com\/portal\/amostragem-pablo-santos-lidera-com-7009-dos-votos-validos-para-prefeitura-de-picos-gil-paraibano-tem-2991\/\"},\"author\":{\"name\":\"Reda\u00e7\u00e3o\",\"@id\":\"https:\/\/noticiaempauta.com\/portal\/#\/schema\/person\/a74af43dd1ab3deca45f988c717d57ac\"},\"headline\":\"Amostragem: Pablo Santos lidera com 70,09% dos votos v\u00e1lidos para Prefeitura de Picos; Gil Paraibano tem 29,91%\",\"datePublished\":\"2024-03-28T15:30:05+00:00\",\"dateModified\":\"2024-03-28T19:06:24+00:00\",\"mainEntityOfPage\":{\"@id\":\"https:\/\/noticiaempauta.com\/portal\/amostragem-pablo-santos-lidera-com-7009-dos-votos-validos-para-prefeitura-de-picos-gil-paraibano-tem-2991\/\"},\"wordCount\":246,\"commentCount\":0,\"publisher\":{\"@id\":\"https:\/\/noticiaempauta.com\/portal\/#organization\"},\"image\":{\"@id\":\"https:\/\/noticiaempauta.com\/portal\/amostragem-pablo-santos-lidera-com-7009-dos-votos-validos-para-prefeitura-de-picos-gil-paraibano-tem-2991\/#primaryimage\"},\"thumbnailUrl\":\"https:\/\/noticiaempauta.com\/portal\/wp-content\/uploads\/2024\/03\/IMG_2526.webp\",\"keywords\":[\"destaqueprincipal\"],\"articleSection\":[\"Destaques\",\"Geral\",\"Munic\u00edpios\",\"Pol\u00edtica\",\"Todas as Not\u00edcias\"],\"inLanguage\":\"pt-BR\",\"potentialAction\":[{\"@type\":\"CommentAction\",\"name\":\"Comment\",\"target\":[\"https:\/\/noticiaempauta.com\/portal\/amostragem-pablo-santos-lidera-com-7009-dos-votos-validos-para-prefeitura-de-picos-gil-paraibano-tem-2991\/#respond\"]}]},{\"@type\":\"WebPage\",\"@id\":\"https:\/\/noticiaempauta.com\/portal\/amostragem-pablo-santos-lidera-com-7009-dos-votos-validos-para-prefeitura-de-picos-gil-paraibano-tem-2991\/\",\"url\":\"https:\/\/noticiaempauta.com\/portal\/amostragem-pablo-santos-lidera-com-7009-dos-votos-validos-para-prefeitura-de-picos-gil-paraibano-tem-2991\/\",\"name\":\"Amostragem: Pablo Santos lidera com 70,09% dos votos v\u00e1lidos para Prefeitura de Picos; Gil Paraibano tem 29,91% - Portal Not\u00edcia em Pauta\",\"isPartOf\":{\"@id\":\"https:\/\/noticiaempauta.com\/portal\/#website\"},\"primaryImageOfPage\":{\"@id\":\"https:\/\/noticiaempauta.com\/portal\/amostragem-pablo-santos-lidera-com-7009-dos-votos-validos-para-prefeitura-de-picos-gil-paraibano-tem-2991\/#primaryimage\"},\"image\":{\"@id\":\"https:\/\/noticiaempauta.com\/portal\/amostragem-pablo-santos-lidera-com-7009-dos-votos-validos-para-prefeitura-de-picos-gil-paraibano-tem-2991\/#primaryimage\"},\"thumbnailUrl\":\"https:\/\/noticiaempauta.com\/portal\/wp-content\/uploads\/2024\/03\/IMG_2526.webp\",\"datePublished\":\"2024-03-28T15:30:05+00:00\",\"dateModified\":\"2024-03-28T19:06:24+00:00\",\"breadcrumb\":{\"@id\":\"https:\/\/noticiaempauta.com\/portal\/amostragem-pablo-santos-lidera-com-7009-dos-votos-validos-para-prefeitura-de-picos-gil-paraibano-tem-2991\/#breadcrumb\"},\"inLanguage\":\"pt-BR\",\"potentialAction\":[{\"@type\":\"ReadAction\",\"target\":[\"https:\/\/noticiaempauta.com\/portal\/amostragem-pablo-santos-lidera-com-7009-dos-votos-validos-para-prefeitura-de-picos-gil-paraibano-tem-2991\/\"]}]},{\"@type\":\"ImageObject\",\"inLanguage\":\"pt-BR\",\"@id\":\"https:\/\/noticiaempauta.com\/portal\/amostragem-pablo-santos-lidera-com-7009-dos-votos-validos-para-prefeitura-de-picos-gil-paraibano-tem-2991\/#primaryimage\",\"url\":\"https:\/\/noticiaempauta.com\/portal\/wp-content\/uploads\/2024\/03\/IMG_2526.webp\",\"contentUrl\":\"https:\/\/noticiaempauta.com\/portal\/wp-content\/uploads\/2024\/03\/IMG_2526.webp\",\"width\":790,\"height\":550},{\"@type\":\"BreadcrumbList\",\"@id\":\"https:\/\/noticiaempauta.com\/portal\/amostragem-pablo-santos-lidera-com-7009-dos-votos-validos-para-prefeitura-de-picos-gil-paraibano-tem-2991\/#breadcrumb\",\"itemListElement\":[{\"@type\":\"ListItem\",\"position\":1,\"name\":\"P\u00e1gina Inicial\",\"item\":\"https:\/\/noticiaempauta.com\/portal\/\"},{\"@type\":\"ListItem\",\"position\":2,\"name\":\"Destaques\",\"item\":\"https:\/\/noticiaempauta.com\/portal\/destaques-site\/\"},{\"@type\":\"ListItem\",\"position\":3,\"name\":\"Amostragem: Pablo Santos lidera com 70,09% dos votos v\u00e1lidos para Prefeitura de Picos; Gil Paraibano tem 29,91%\"}]},{\"@type\":\"WebSite\",\"@id\":\"https:\/\/noticiaempauta.com\/portal\/#website\",\"url\":\"https:\/\/noticiaempauta.com\/portal\/\",\"name\":\"Portal Not\u00edcia em Pauta\",\"description\":\"Voc\u00ea bem informado\",\"publisher\":{\"@id\":\"https:\/\/noticiaempauta.com\/portal\/#organization\"},\"potentialAction\":[{\"@type\":\"SearchAction\",\"target\":{\"@type\":\"EntryPoint\",\"urlTemplate\":\"https:\/\/noticiaempauta.com\/portal\/?s={search_term_string}\"},\"query-input\":{\"@type\":\"PropertyValueSpecification\",\"valueRequired\":true,\"valueName\":\"search_term_string\"}}],\"inLanguage\":\"pt-BR\"},{\"@type\":\"Organization\",\"@id\":\"https:\/\/noticiaempauta.com\/portal\/#organization\",\"name\":\"Portal Not\u00edcia em Pauta\",\"url\":\"https:\/\/noticiaempauta.com\/portal\/\",\"logo\":{\"@type\":\"ImageObject\",\"inLanguage\":\"pt-BR\",\"@id\":\"https:\/\/noticiaempauta.com\/portal\/#\/schema\/logo\/image\/\",\"url\":\"https:\/\/noticiaempauta.com\/portal\/wp-content\/uploads\/2022\/08\/logomarca_tema.fw_.png\",\"contentUrl\":\"https:\/\/noticiaempauta.com\/portal\/wp-content\/uploads\/2022\/08\/logomarca_tema.fw_.png\",\"width\":400,\"height\":232,\"caption\":\"Portal Not\u00edcia em Pauta\"},\"image\":{\"@id\":\"https:\/\/noticiaempauta.com\/portal\/#\/schema\/logo\/image\/\"},\"sameAs\":[\"https:\/\/www.facebook.com\/Portal-Notcia-Em-Pauta-102292869264820\/\",\"https:\/\/www.instagram.com\/portalnoticiaempauta\/\"]},{\"@type\":\"Person\",\"@id\":\"https:\/\/noticiaempauta.com\/portal\/#\/schema\/person\/a74af43dd1ab3deca45f988c717d57ac\",\"name\":\"Reda\u00e7\u00e3o\",\"image\":{\"@type\":\"ImageObject\",\"inLanguage\":\"pt-BR\",\"@id\":\"https:\/\/noticiaempauta.com\/portal\/#\/schema\/person\/image\/\",\"url\":\"https:\/\/secure.gravatar.com\/avatar\/03179346ecce6cdfc13361603e8f54242a90e5cde8618fa23c5c00aa2b0aadf3?s=96&d=mm&r=g\",\"contentUrl\":\"https:\/\/secure.gravatar.com\/avatar\/03179346ecce6cdfc13361603e8f54242a90e5cde8618fa23c5c00aa2b0aadf3?s=96&d=mm&r=g\",\"caption\":\"Reda\u00e7\u00e3o\"},\"sameAs\":[\"https:\/\/noticiaempauta.com\/portal\/\"],\"url\":\"https:\/\/noticiaempauta.com\/portal\/author\/fernando\/\"}]}<\/script>\n<!-- \/ Yoast SEO Premium plugin. -->","yoast_head_json":{"title":"Amostragem: Pablo Santos lidera com 70,09% dos votos v\u00e1lidos para Prefeitura de Picos; Gil Paraibano tem 29,91% - Portal Not\u00edcia em Pauta","robots":{"index":"index","follow":"follow","max-snippet":"max-snippet:-1","max-image-preview":"max-image-preview:large","max-video-preview":"max-video-preview:-1"},"canonical":"https:\/\/noticiaempauta.com\/portal\/amostragem-pablo-santos-lidera-com-7009-dos-votos-validos-para-prefeitura-de-picos-gil-paraibano-tem-2991\/","og_locale":"pt_BR","og_type":"article","og_title":"Amostragem: Pablo Santos lidera com 70,09% dos votos v\u00e1lidos para Prefeitura de Picos; Gil Paraibano tem 29,91%","og_description":"O deputado licenciado e pr\u00e9-candidato \u00e0 Prefeitura do munic\u00edpio de Picos, Pablo Santos (MDB), lidera com 70,09% dos votos v\u00e1lidos, \u00e9 o que aponta levantamento do Instituto Amostragem. Santos est\u00e1 \u00e0 frente do atual prefeito que visa \u00e0 reelei\u00e7\u00e3o, Gil Paraibano (Progressistas), com 29.91%. Para checar os votos v\u00e1lidos, o c\u00e1lculo \u00e9 feito a partir [&hellip;]","og_url":"https:\/\/noticiaempauta.com\/portal\/amostragem-pablo-santos-lidera-com-7009-dos-votos-validos-para-prefeitura-de-picos-gil-paraibano-tem-2991\/","og_site_name":"Portal Not\u00edcia em Pauta","article_publisher":"https:\/\/www.facebook.com\/Portal-Notcia-Em-Pauta-102292869264820\/","article_published_time":"2024-03-28T15:30:05+00:00","article_modified_time":"2024-03-28T19:06:24+00:00","og_image":[{"width":790,"height":550,"url":"https:\/\/noticiaempauta.com\/portal\/wp-content\/uploads\/2024\/03\/IMG_2526.webp","type":"image\/webp"}],"author":"Reda\u00e7\u00e3o","twitter_card":"summary_large_image","twitter_misc":{"Escrito por":"Reda\u00e7\u00e3o","Est. tempo de leitura":"2 minutos"},"schema":{"@context":"https:\/\/schema.org","@graph":[{"@type":"Article","@id":"https:\/\/noticiaempauta.com\/portal\/amostragem-pablo-santos-lidera-com-7009-dos-votos-validos-para-prefeitura-de-picos-gil-paraibano-tem-2991\/#article","isPartOf":{"@id":"https:\/\/noticiaempauta.com\/portal\/amostragem-pablo-santos-lidera-com-7009-dos-votos-validos-para-prefeitura-de-picos-gil-paraibano-tem-2991\/"},"author":{"name":"Reda\u00e7\u00e3o","@id":"https:\/\/noticiaempauta.com\/portal\/#\/schema\/person\/a74af43dd1ab3deca45f988c717d57ac"},"headline":"Amostragem: Pablo Santos lidera com 70,09% dos votos v\u00e1lidos para Prefeitura de Picos; Gil Paraibano tem 29,91%","datePublished":"2024-03-28T15:30:05+00:00","dateModified":"2024-03-28T19:06:24+00:00","mainEntityOfPage":{"@id":"https:\/\/noticiaempauta.com\/portal\/amostragem-pablo-santos-lidera-com-7009-dos-votos-validos-para-prefeitura-de-picos-gil-paraibano-tem-2991\/"},"wordCount":246,"commentCount":0,"publisher":{"@id":"https:\/\/noticiaempauta.com\/portal\/#organization"},"image":{"@id":"https:\/\/noticiaempauta.com\/portal\/amostragem-pablo-santos-lidera-com-7009-dos-votos-validos-para-prefeitura-de-picos-gil-paraibano-tem-2991\/#primaryimage"},"thumbnailUrl":"https:\/\/noticiaempauta.com\/portal\/wp-content\/uploads\/2024\/03\/IMG_2526.webp","keywords":["destaqueprincipal"],"articleSection":["Destaques","Geral","Munic\u00edpios","Pol\u00edtica","Todas as Not\u00edcias"],"inLanguage":"pt-BR","potentialAction":[{"@type":"CommentAction","name":"Comment","target":["https:\/\/noticiaempauta.com\/portal\/amostragem-pablo-santos-lidera-com-7009-dos-votos-validos-para-prefeitura-de-picos-gil-paraibano-tem-2991\/#respond"]}]},{"@type":"WebPage","@id":"https:\/\/noticiaempauta.com\/portal\/amostragem-pablo-santos-lidera-com-7009-dos-votos-validos-para-prefeitura-de-picos-gil-paraibano-tem-2991\/","url":"https:\/\/noticiaempauta.com\/portal\/amostragem-pablo-santos-lidera-com-7009-dos-votos-validos-para-prefeitura-de-picos-gil-paraibano-tem-2991\/","name":"Amostragem: Pablo Santos lidera com 70,09% dos votos v\u00e1lidos para Prefeitura de Picos; Gil Paraibano tem 29,91% - Portal Not\u00edcia em Pauta","isPartOf":{"@id":"https:\/\/noticiaempauta.com\/portal\/#website"},"primaryImageOfPage":{"@id":"https:\/\/noticiaempauta.com\/portal\/amostragem-pablo-santos-lidera-com-7009-dos-votos-validos-para-prefeitura-de-picos-gil-paraibano-tem-2991\/#primaryimage"},"image":{"@id":"https:\/\/noticiaempauta.com\/portal\/amostragem-pablo-santos-lidera-com-7009-dos-votos-validos-para-prefeitura-de-picos-gil-paraibano-tem-2991\/#primaryimage"},"thumbnailUrl":"https:\/\/noticiaempauta.com\/portal\/wp-content\/uploads\/2024\/03\/IMG_2526.webp","datePublished":"2024-03-28T15:30:05+00:00","dateModified":"2024-03-28T19:06:24+00:00","breadcrumb":{"@id":"https:\/\/noticiaempauta.com\/portal\/amostragem-pablo-santos-lidera-com-7009-dos-votos-validos-para-prefeitura-de-picos-gil-paraibano-tem-2991\/#breadcrumb"},"inLanguage":"pt-BR","potentialAction":[{"@type":"ReadAction","target":["https:\/\/noticiaempauta.com\/portal\/amostragem-pablo-santos-lidera-com-7009-dos-votos-validos-para-prefeitura-de-picos-gil-paraibano-tem-2991\/"]}]},{"@type":"ImageObject","inLanguage":"pt-BR","@id":"https:\/\/noticiaempauta.com\/portal\/amostragem-pablo-santos-lidera-com-7009-dos-votos-validos-para-prefeitura-de-picos-gil-paraibano-tem-2991\/#primaryimage","url":"https:\/\/noticiaempauta.com\/portal\/wp-content\/uploads\/2024\/03\/IMG_2526.webp","contentUrl":"https:\/\/noticiaempauta.com\/portal\/wp-content\/uploads\/2024\/03\/IMG_2526.webp","width":790,"height":550},{"@type":"BreadcrumbList","@id":"https:\/\/noticiaempauta.com\/portal\/amostragem-pablo-santos-lidera-com-7009-dos-votos-validos-para-prefeitura-de-picos-gil-paraibano-tem-2991\/#breadcrumb","itemListElement":[{"@type":"ListItem","position":1,"name":"P\u00e1gina Inicial","item":"https:\/\/noticiaempauta.com\/portal\/"},{"@type":"ListItem","position":2,"name":"Destaques","item":"https:\/\/noticiaempauta.com\/portal\/destaques-site\/"},{"@type":"ListItem","position":3,"name":"Amostragem: Pablo Santos lidera com 70,09% dos votos v\u00e1lidos para Prefeitura de Picos; Gil Paraibano tem 29,91%"}]},{"@type":"WebSite","@id":"https:\/\/noticiaempauta.com\/portal\/#website","url":"https:\/\/noticiaempauta.com\/portal\/","name":"Portal Not\u00edcia em Pauta","description":"Voc\u00ea bem informado","publisher":{"@id":"https:\/\/noticiaempauta.com\/portal\/#organization"},"potentialAction":[{"@type":"SearchAction","target":{"@type":"EntryPoint","urlTemplate":"https:\/\/noticiaempauta.com\/portal\/?s={search_term_string}"},"query-input":{"@type":"PropertyValueSpecification","valueRequired":true,"valueName":"search_term_string"}}],"inLanguage":"pt-BR"},{"@type":"Organization","@id":"https:\/\/noticiaempauta.com\/portal\/#organization","name":"Portal Not\u00edcia em Pauta","url":"https:\/\/noticiaempauta.com\/portal\/","logo":{"@type":"ImageObject","inLanguage":"pt-BR","@id":"https:\/\/noticiaempauta.com\/portal\/#\/schema\/logo\/image\/","url":"https:\/\/noticiaempauta.com\/portal\/wp-content\/uploads\/2022\/08\/logomarca_tema.fw_.png","contentUrl":"https:\/\/noticiaempauta.com\/portal\/wp-content\/uploads\/2022\/08\/logomarca_tema.fw_.png","width":400,"height":232,"caption":"Portal Not\u00edcia em Pauta"},"image":{"@id":"https:\/\/noticiaempauta.com\/portal\/#\/schema\/logo\/image\/"},"sameAs":["https:\/\/www.facebook.com\/Portal-Notcia-Em-Pauta-102292869264820\/","https:\/\/www.instagram.com\/portalnoticiaempauta\/"]},{"@type":"Person","@id":"https:\/\/noticiaempauta.com\/portal\/#\/schema\/person\/a74af43dd1ab3deca45f988c717d57ac","name":"Reda\u00e7\u00e3o","image":{"@type":"ImageObject","inLanguage":"pt-BR","@id":"https:\/\/noticiaempauta.com\/portal\/#\/schema\/person\/image\/","url":"https:\/\/secure.gravatar.com\/avatar\/03179346ecce6cdfc13361603e8f54242a90e5cde8618fa23c5c00aa2b0aadf3?s=96&d=mm&r=g","contentUrl":"https:\/\/secure.gravatar.com\/avatar\/03179346ecce6cdfc13361603e8f54242a90e5cde8618fa23c5c00aa2b0aadf3?s=96&d=mm&r=g","caption":"Reda\u00e7\u00e3o"},"sameAs":["https:\/\/noticiaempauta.com\/portal\/"],"url":"https:\/\/noticiaempauta.com\/portal\/author\/fernando\/"}]}},"_links":{"self":[{"href":"https:\/\/noticiaempauta.com\/portal\/wp-json\/wp\/v2\/posts\/256213","targetHints":{"allow":["GET"]}}],"collection":[{"href":"https:\/\/noticiaempauta.com\/portal\/wp-json\/wp\/v2\/posts"}],"about":[{"href":"https:\/\/noticiaempauta.com\/portal\/wp-json\/wp\/v2\/types\/post"}],"author":[{"embeddable":true,"href":"https:\/\/noticiaempauta.com\/portal\/wp-json\/wp\/v2\/users\/2"}],"replies":[{"embeddable":true,"href":"https:\/\/noticiaempauta.com\/portal\/wp-json\/wp\/v2\/comments?post=256213"}],"version-history":[{"count":2,"href":"https:\/\/noticiaempauta.com\/portal\/wp-json\/wp\/v2\/posts\/256213\/revisions"}],"predecessor-version":[{"id":256223,"href":"https:\/\/noticiaempauta.com\/portal\/wp-json\/wp\/v2\/posts\/256213\/revisions\/256223"}],"wp:featuredmedia":[{"embeddable":true,"href":"https:\/\/noticiaempauta.com\/portal\/wp-json\/wp\/v2\/media\/256215"}],"wp:attachment":[{"href":"https:\/\/noticiaempauta.com\/portal\/wp-json\/wp\/v2\/media?parent=256213"}],"wp:term":[{"taxonomy":"category","embeddable":true,"href":"https:\/\/noticiaempauta.com\/portal\/wp-json\/wp\/v2\/categories?post=256213"},{"taxonomy":"post_tag","embeddable":true,"href":"https:\/\/noticiaempauta.com\/portal\/wp-json\/wp\/v2\/tags?post=256213"}],"curies":[{"name":"wp","href":"https:\/\/api.w.org\/{rel}","templated":true}]}}