{"id":256229,"date":"2024-03-29T16:26:34","date_gmt":"2024-03-29T19:26:34","guid":{"rendered":"https:\/\/noticiaempauta.com\/portal\/?p=256229"},"modified":"2024-03-29T16:26:35","modified_gmt":"2024-03-29T19:26:35","slug":"parlamento-do-futuro-estudantes-do-colegio-do-premem-se-tornam-deputados-e-visitam-camara-municipal-de-picos","status":"publish","type":"post","link":"https:\/\/noticiaempauta.com\/portal\/parlamento-do-futuro-estudantes-do-colegio-do-premem-se-tornam-deputados-e-visitam-camara-municipal-de-picos\/","title":{"rendered":"Parlamento do Futuro: Estudantes do Col\u00e9gio do Premem se tornam deputados e visitam C\u00e2mara Municipal de Picos"},"content":{"rendered":"\n<p>Uma iniciativa inovadora est\u00e1 movimentando escolas em todo o estado do Piau\u00ed, proporcionando aos estudantes uma experi\u00eancia \u00fanica de participa\u00e7\u00e3o pol\u00edtica e legislativa. O projeto Parlamento do Futuro permitiu que jovens fossem eleitos como deputados, representando suas comunidades e apresentando propostas de lei na Assembleia Legislativa.<\/p>\n\n\n\n<figure class=\"wp-block-image size-full\"><img fetchpriority=\"high\" decoding=\"async\" width=\"790\" height=\"593\" src=\"https:\/\/noticiaempauta.com\/portal\/wp-content\/uploads\/2024\/03\/IMG_0420.jpeg\" alt=\"\" class=\"wp-image-256231\" srcset=\"https:\/\/noticiaempauta.com\/portal\/wp-content\/uploads\/2024\/03\/IMG_0420.jpeg 790w, https:\/\/noticiaempauta.com\/portal\/wp-content\/uploads\/2024\/03\/IMG_0420-300x225.jpeg 300w, https:\/\/noticiaempauta.com\/portal\/wp-content\/uploads\/2024\/03\/IMG_0420-768x576.jpeg 768w\" sizes=\"(max-width: 790px) 100vw, 790px\" \/><\/figure>\n\n\n\n<p>Em uma elei\u00e7\u00e3o hist\u00f3rica, 30 jovens deputados foram escolhidos entre estudantes de 18 cidades do estado. Durante tr\u00eas dias, esses jovens ter\u00e3o a oportunidade de atuar na Assembleia Legislativa, debatendo e votando em projetos de lei que eles pr\u00f3prios propuseram.<\/p>\n\n\n\n<p>Entre os estudantes que se destacaram nesta jornada est\u00e1 um grupo do Col\u00e9gio do Premem, que demonstrou n\u00e3o apenas interesse, mas tamb\u00e9m habilidade pol\u00edtica e compromisso com a comunidade. Os representantes do Col\u00e9gio do Premem que foram eleitos como parlamentares do futuro s\u00e3o:<\/p>\n\n\n\n<p>Marcos Silva: Eleito como parlamentar do futuro e presidente da Comiss\u00e3o de Constitui\u00e7\u00e3o e Justi\u00e7a (CCJ).<\/p>\n\n\n\n<p>Victor Manuel: Parlamentar do futuro e vice-presidente da mesa diretora.<\/p>\n\n\n\n<p>Wesley Felipe: Parlamentar do futuro.<\/p>\n\n\n\n<p>Acompanhados pela coordenadora de ensino-aprendizagem, Teresa Cristina, esses jovens l\u00edderes visitaram a C\u00e2mara Municipal de Vereadores de Picos, onde puderam vivenciar de perto o ambiente pol\u00edtico e legislativo. A presen\u00e7a deles n\u00e3o apenas enriqueceu a experi\u00eancia na c\u00e2mara, mas tamb\u00e9m destacou a import\u00e2ncia da educa\u00e7\u00e3o c\u00edvica e do engajamento dos jovens na vida p\u00fablica.<\/p>\n\n\n\n<p>Al\u00e9m disso, a equipe do Col\u00e9gio do Premem contou com o apoio e orienta\u00e7\u00e3o de profissionais dedicados, como Raniely Deyse, supervisora de finan\u00e7as, e Allan Rodrigo, superior de protocolo, que acompanharam os alunos durante toda a jornada, garantindo que sua participa\u00e7\u00e3o fosse significativa e proveitosa.<\/p>\n\n\n\n<p>O projeto Parlamento do Futuro n\u00e3o apenas capacita os jovens para se tornarem cidad\u00e3os ativos e respons\u00e1veis, mas tamb\u00e9m mostra que suas vozes t\u00eam poder e podem fazer a diferen\u00e7a na constru\u00e7\u00e3o de um futuro melhor para todos.<\/p>\n\n\n\n<p><\/p>\n\n\n\n<p><\/p>\n\n\n\n<p><\/p>\n","protected":false},"excerpt":{"rendered":"<p>Uma iniciativa inovadora est\u00e1 movimentando escolas em todo o estado do Piau\u00ed, proporcionando aos estudantes uma experi\u00eancia \u00fanica de participa\u00e7\u00e3o pol\u00edtica e legislativa. O projeto Parlamento do Futuro permitiu que jovens fossem eleitos como deputados, representando suas comunidades e apresentando propostas de lei na Assembleia Legislativa. Em uma elei\u00e7\u00e3o hist\u00f3rica, 30 jovens deputados foram escolhidos [&hellip;]<\/p>\n","protected":false},"author":2,"featured_media":256231,"comment_status":"open","ping_status":"open","sticky":false,"template":"","format":"standard","meta":{"_mi_skip_tracking":false,"footnotes":""},"categories":[25,1,16],"tags":[192],"class_list":["post-256229","post","type-post","status-publish","format-standard","has-post-thumbnail","hentry","category-destaques-site","category-geral","category-todas","tag-destaqueprincipal"],"acf":[],"yoast_head":"<!-- This site is optimized with the Yoast SEO Premium plugin v19.2 (Yoast SEO v26.9) - https:\/\/yoast.com\/product\/yoast-seo-premium-wordpress\/ -->\n<title>Parlamento do Futuro: Estudantes do Col\u00e9gio do Premem se tornam deputados e visitam C\u00e2mara Municipal de Picos - Portal Not\u00edcia em Pauta<\/title>\n<meta name=\"robots\" content=\"index, follow, max-snippet:-1, max-image-preview:large, max-video-preview:-1\" \/>\n<link rel=\"canonical\" href=\"https:\/\/noticiaempauta.com\/portal\/parlamento-do-futuro-estudantes-do-colegio-do-premem-se-tornam-deputados-e-visitam-camara-municipal-de-picos\/\" \/>\n<meta property=\"og:locale\" content=\"pt_BR\" \/>\n<meta property=\"og:type\" content=\"article\" \/>\n<meta property=\"og:title\" content=\"Parlamento do Futuro: Estudantes do Col\u00e9gio do Premem se tornam deputados e visitam C\u00e2mara Municipal de Picos\" \/>\n<meta property=\"og:description\" content=\"Uma iniciativa inovadora est\u00e1 movimentando escolas em todo o estado do Piau\u00ed, proporcionando aos estudantes uma experi\u00eancia \u00fanica de participa\u00e7\u00e3o pol\u00edtica e legislativa. O projeto Parlamento do Futuro permitiu que jovens fossem eleitos como deputados, representando suas comunidades e apresentando propostas de lei na Assembleia Legislativa. Em uma elei\u00e7\u00e3o hist\u00f3rica, 30 jovens deputados foram escolhidos [&hellip;]\" \/>\n<meta property=\"og:url\" content=\"https:\/\/noticiaempauta.com\/portal\/parlamento-do-futuro-estudantes-do-colegio-do-premem-se-tornam-deputados-e-visitam-camara-municipal-de-picos\/\" \/>\n<meta property=\"og:site_name\" content=\"Portal Not\u00edcia em Pauta\" \/>\n<meta property=\"article:publisher\" content=\"https:\/\/www.facebook.com\/Portal-Notcia-Em-Pauta-102292869264820\/\" \/>\n<meta property=\"article:published_time\" content=\"2024-03-29T19:26:34+00:00\" \/>\n<meta property=\"article:modified_time\" content=\"2024-03-29T19:26:35+00:00\" \/>\n<meta property=\"og:image\" content=\"https:\/\/noticiaempauta.com\/portal\/wp-content\/uploads\/2024\/03\/IMG_0420.jpeg\" \/>\n\t<meta property=\"og:image:width\" content=\"790\" \/>\n\t<meta property=\"og:image:height\" content=\"593\" \/>\n\t<meta property=\"og:image:type\" content=\"image\/jpeg\" \/>\n<meta name=\"author\" content=\"Reda\u00e7\u00e3o\" \/>\n<meta name=\"twitter:card\" content=\"summary_large_image\" \/>\n<meta name=\"twitter:label1\" content=\"Escrito por\" \/>\n\t<meta name=\"twitter:data1\" content=\"Reda\u00e7\u00e3o\" \/>\n\t<meta name=\"twitter:label2\" content=\"Est. tempo de leitura\" \/>\n\t<meta name=\"twitter:data2\" content=\"3 minutos\" \/>\n<script type=\"application\/ld+json\" class=\"yoast-schema-graph\">{\"@context\":\"https:\/\/schema.org\",\"@graph\":[{\"@type\":\"Article\",\"@id\":\"https:\/\/noticiaempauta.com\/portal\/parlamento-do-futuro-estudantes-do-colegio-do-premem-se-tornam-deputados-e-visitam-camara-municipal-de-picos\/#article\",\"isPartOf\":{\"@id\":\"https:\/\/noticiaempauta.com\/portal\/parlamento-do-futuro-estudantes-do-colegio-do-premem-se-tornam-deputados-e-visitam-camara-municipal-de-picos\/\"},\"author\":{\"name\":\"Reda\u00e7\u00e3o\",\"@id\":\"https:\/\/noticiaempauta.com\/portal\/#\/schema\/person\/a74af43dd1ab3deca45f988c717d57ac\"},\"headline\":\"Parlamento do Futuro: Estudantes do Col\u00e9gio do Premem se tornam deputados e visitam C\u00e2mara Municipal de Picos\",\"datePublished\":\"2024-03-29T19:26:34+00:00\",\"dateModified\":\"2024-03-29T19:26:35+00:00\",\"mainEntityOfPage\":{\"@id\":\"https:\/\/noticiaempauta.com\/portal\/parlamento-do-futuro-estudantes-do-colegio-do-premem-se-tornam-deputados-e-visitam-camara-municipal-de-picos\/\"},\"wordCount\":355,\"commentCount\":0,\"publisher\":{\"@id\":\"https:\/\/noticiaempauta.com\/portal\/#organization\"},\"image\":{\"@id\":\"https:\/\/noticiaempauta.com\/portal\/parlamento-do-futuro-estudantes-do-colegio-do-premem-se-tornam-deputados-e-visitam-camara-municipal-de-picos\/#primaryimage\"},\"thumbnailUrl\":\"https:\/\/noticiaempauta.com\/portal\/wp-content\/uploads\/2024\/03\/IMG_0420.jpeg\",\"keywords\":[\"destaqueprincipal\"],\"articleSection\":[\"Destaques\",\"Geral\",\"Todas as Not\u00edcias\"],\"inLanguage\":\"pt-BR\",\"potentialAction\":[{\"@type\":\"CommentAction\",\"name\":\"Comment\",\"target\":[\"https:\/\/noticiaempauta.com\/portal\/parlamento-do-futuro-estudantes-do-colegio-do-premem-se-tornam-deputados-e-visitam-camara-municipal-de-picos\/#respond\"]}]},{\"@type\":\"WebPage\",\"@id\":\"https:\/\/noticiaempauta.com\/portal\/parlamento-do-futuro-estudantes-do-colegio-do-premem-se-tornam-deputados-e-visitam-camara-municipal-de-picos\/\",\"url\":\"https:\/\/noticiaempauta.com\/portal\/parlamento-do-futuro-estudantes-do-colegio-do-premem-se-tornam-deputados-e-visitam-camara-municipal-de-picos\/\",\"name\":\"Parlamento do Futuro: Estudantes do Col\u00e9gio do Premem se tornam deputados e visitam C\u00e2mara Municipal de Picos - Portal Not\u00edcia em Pauta\",\"isPartOf\":{\"@id\":\"https:\/\/noticiaempauta.com\/portal\/#website\"},\"primaryImageOfPage\":{\"@id\":\"https:\/\/noticiaempauta.com\/portal\/parlamento-do-futuro-estudantes-do-colegio-do-premem-se-tornam-deputados-e-visitam-camara-municipal-de-picos\/#primaryimage\"},\"image\":{\"@id\":\"https:\/\/noticiaempauta.com\/portal\/parlamento-do-futuro-estudantes-do-colegio-do-premem-se-tornam-deputados-e-visitam-camara-municipal-de-picos\/#primaryimage\"},\"thumbnailUrl\":\"https:\/\/noticiaempauta.com\/portal\/wp-content\/uploads\/2024\/03\/IMG_0420.jpeg\",\"datePublished\":\"2024-03-29T19:26:34+00:00\",\"dateModified\":\"2024-03-29T19:26:35+00:00\",\"breadcrumb\":{\"@id\":\"https:\/\/noticiaempauta.com\/portal\/parlamento-do-futuro-estudantes-do-colegio-do-premem-se-tornam-deputados-e-visitam-camara-municipal-de-picos\/#breadcrumb\"},\"inLanguage\":\"pt-BR\",\"potentialAction\":[{\"@type\":\"ReadAction\",\"target\":[\"https:\/\/noticiaempauta.com\/portal\/parlamento-do-futuro-estudantes-do-colegio-do-premem-se-tornam-deputados-e-visitam-camara-municipal-de-picos\/\"]}]},{\"@type\":\"ImageObject\",\"inLanguage\":\"pt-BR\",\"@id\":\"https:\/\/noticiaempauta.com\/portal\/parlamento-do-futuro-estudantes-do-colegio-do-premem-se-tornam-deputados-e-visitam-camara-municipal-de-picos\/#primaryimage\",\"url\":\"https:\/\/noticiaempauta.com\/portal\/wp-content\/uploads\/2024\/03\/IMG_0420.jpeg\",\"contentUrl\":\"https:\/\/noticiaempauta.com\/portal\/wp-content\/uploads\/2024\/03\/IMG_0420.jpeg\",\"width\":790,\"height\":593},{\"@type\":\"BreadcrumbList\",\"@id\":\"https:\/\/noticiaempauta.com\/portal\/parlamento-do-futuro-estudantes-do-colegio-do-premem-se-tornam-deputados-e-visitam-camara-municipal-de-picos\/#breadcrumb\",\"itemListElement\":[{\"@type\":\"ListItem\",\"position\":1,\"name\":\"P\u00e1gina Inicial\",\"item\":\"https:\/\/noticiaempauta.com\/portal\/\"},{\"@type\":\"ListItem\",\"position\":2,\"name\":\"Destaques\",\"item\":\"https:\/\/noticiaempauta.com\/portal\/destaques-site\/\"},{\"@type\":\"ListItem\",\"position\":3,\"name\":\"Parlamento do Futuro: Estudantes do Col\u00e9gio do Premem se tornam deputados e visitam C\u00e2mara Municipal de Picos\"}]},{\"@type\":\"WebSite\",\"@id\":\"https:\/\/noticiaempauta.com\/portal\/#website\",\"url\":\"https:\/\/noticiaempauta.com\/portal\/\",\"name\":\"Portal Not\u00edcia em Pauta\",\"description\":\"Voc\u00ea bem informado\",\"publisher\":{\"@id\":\"https:\/\/noticiaempauta.com\/portal\/#organization\"},\"potentialAction\":[{\"@type\":\"SearchAction\",\"target\":{\"@type\":\"EntryPoint\",\"urlTemplate\":\"https:\/\/noticiaempauta.com\/portal\/?s={search_term_string}\"},\"query-input\":{\"@type\":\"PropertyValueSpecification\",\"valueRequired\":true,\"valueName\":\"search_term_string\"}}],\"inLanguage\":\"pt-BR\"},{\"@type\":\"Organization\",\"@id\":\"https:\/\/noticiaempauta.com\/portal\/#organization\",\"name\":\"Portal Not\u00edcia em Pauta\",\"url\":\"https:\/\/noticiaempauta.com\/portal\/\",\"logo\":{\"@type\":\"ImageObject\",\"inLanguage\":\"pt-BR\",\"@id\":\"https:\/\/noticiaempauta.com\/portal\/#\/schema\/logo\/image\/\",\"url\":\"https:\/\/noticiaempauta.com\/portal\/wp-content\/uploads\/2022\/08\/logomarca_tema.fw_.png\",\"contentUrl\":\"https:\/\/noticiaempauta.com\/portal\/wp-content\/uploads\/2022\/08\/logomarca_tema.fw_.png\",\"width\":400,\"height\":232,\"caption\":\"Portal Not\u00edcia em Pauta\"},\"image\":{\"@id\":\"https:\/\/noticiaempauta.com\/portal\/#\/schema\/logo\/image\/\"},\"sameAs\":[\"https:\/\/www.facebook.com\/Portal-Notcia-Em-Pauta-102292869264820\/\",\"https:\/\/www.instagram.com\/portalnoticiaempauta\/\"]},{\"@type\":\"Person\",\"@id\":\"https:\/\/noticiaempauta.com\/portal\/#\/schema\/person\/a74af43dd1ab3deca45f988c717d57ac\",\"name\":\"Reda\u00e7\u00e3o\",\"image\":{\"@type\":\"ImageObject\",\"inLanguage\":\"pt-BR\",\"@id\":\"https:\/\/noticiaempauta.com\/portal\/#\/schema\/person\/image\/\",\"url\":\"https:\/\/secure.gravatar.com\/avatar\/03179346ecce6cdfc13361603e8f54242a90e5cde8618fa23c5c00aa2b0aadf3?s=96&d=mm&r=g\",\"contentUrl\":\"https:\/\/secure.gravatar.com\/avatar\/03179346ecce6cdfc13361603e8f54242a90e5cde8618fa23c5c00aa2b0aadf3?s=96&d=mm&r=g\",\"caption\":\"Reda\u00e7\u00e3o\"},\"sameAs\":[\"https:\/\/noticiaempauta.com\/portal\/\"],\"url\":\"https:\/\/noticiaempauta.com\/portal\/author\/fernando\/\"}]}<\/script>\n<!-- \/ Yoast SEO Premium plugin. -->","yoast_head_json":{"title":"Parlamento do Futuro: Estudantes do Col\u00e9gio do Premem se tornam deputados e visitam C\u00e2mara Municipal de Picos - Portal Not\u00edcia em Pauta","robots":{"index":"index","follow":"follow","max-snippet":"max-snippet:-1","max-image-preview":"max-image-preview:large","max-video-preview":"max-video-preview:-1"},"canonical":"https:\/\/noticiaempauta.com\/portal\/parlamento-do-futuro-estudantes-do-colegio-do-premem-se-tornam-deputados-e-visitam-camara-municipal-de-picos\/","og_locale":"pt_BR","og_type":"article","og_title":"Parlamento do Futuro: Estudantes do Col\u00e9gio do Premem se tornam deputados e visitam C\u00e2mara Municipal de Picos","og_description":"Uma iniciativa inovadora est\u00e1 movimentando escolas em todo o estado do Piau\u00ed, proporcionando aos estudantes uma experi\u00eancia \u00fanica de participa\u00e7\u00e3o pol\u00edtica e legislativa. O projeto Parlamento do Futuro permitiu que jovens fossem eleitos como deputados, representando suas comunidades e apresentando propostas de lei na Assembleia Legislativa. Em uma elei\u00e7\u00e3o hist\u00f3rica, 30 jovens deputados foram escolhidos [&hellip;]","og_url":"https:\/\/noticiaempauta.com\/portal\/parlamento-do-futuro-estudantes-do-colegio-do-premem-se-tornam-deputados-e-visitam-camara-municipal-de-picos\/","og_site_name":"Portal Not\u00edcia em Pauta","article_publisher":"https:\/\/www.facebook.com\/Portal-Notcia-Em-Pauta-102292869264820\/","article_published_time":"2024-03-29T19:26:34+00:00","article_modified_time":"2024-03-29T19:26:35+00:00","og_image":[{"width":790,"height":593,"url":"https:\/\/noticiaempauta.com\/portal\/wp-content\/uploads\/2024\/03\/IMG_0420.jpeg","type":"image\/jpeg"}],"author":"Reda\u00e7\u00e3o","twitter_card":"summary_large_image","twitter_misc":{"Escrito por":"Reda\u00e7\u00e3o","Est. tempo de leitura":"3 minutos"},"schema":{"@context":"https:\/\/schema.org","@graph":[{"@type":"Article","@id":"https:\/\/noticiaempauta.com\/portal\/parlamento-do-futuro-estudantes-do-colegio-do-premem-se-tornam-deputados-e-visitam-camara-municipal-de-picos\/#article","isPartOf":{"@id":"https:\/\/noticiaempauta.com\/portal\/parlamento-do-futuro-estudantes-do-colegio-do-premem-se-tornam-deputados-e-visitam-camara-municipal-de-picos\/"},"author":{"name":"Reda\u00e7\u00e3o","@id":"https:\/\/noticiaempauta.com\/portal\/#\/schema\/person\/a74af43dd1ab3deca45f988c717d57ac"},"headline":"Parlamento do Futuro: Estudantes do Col\u00e9gio do Premem se tornam deputados e visitam C\u00e2mara Municipal de Picos","datePublished":"2024-03-29T19:26:34+00:00","dateModified":"2024-03-29T19:26:35+00:00","mainEntityOfPage":{"@id":"https:\/\/noticiaempauta.com\/portal\/parlamento-do-futuro-estudantes-do-colegio-do-premem-se-tornam-deputados-e-visitam-camara-municipal-de-picos\/"},"wordCount":355,"commentCount":0,"publisher":{"@id":"https:\/\/noticiaempauta.com\/portal\/#organization"},"image":{"@id":"https:\/\/noticiaempauta.com\/portal\/parlamento-do-futuro-estudantes-do-colegio-do-premem-se-tornam-deputados-e-visitam-camara-municipal-de-picos\/#primaryimage"},"thumbnailUrl":"https:\/\/noticiaempauta.com\/portal\/wp-content\/uploads\/2024\/03\/IMG_0420.jpeg","keywords":["destaqueprincipal"],"articleSection":["Destaques","Geral","Todas as Not\u00edcias"],"inLanguage":"pt-BR","potentialAction":[{"@type":"CommentAction","name":"Comment","target":["https:\/\/noticiaempauta.com\/portal\/parlamento-do-futuro-estudantes-do-colegio-do-premem-se-tornam-deputados-e-visitam-camara-municipal-de-picos\/#respond"]}]},{"@type":"WebPage","@id":"https:\/\/noticiaempauta.com\/portal\/parlamento-do-futuro-estudantes-do-colegio-do-premem-se-tornam-deputados-e-visitam-camara-municipal-de-picos\/","url":"https:\/\/noticiaempauta.com\/portal\/parlamento-do-futuro-estudantes-do-colegio-do-premem-se-tornam-deputados-e-visitam-camara-municipal-de-picos\/","name":"Parlamento do Futuro: Estudantes do Col\u00e9gio do Premem se tornam deputados e visitam C\u00e2mara Municipal de Picos - Portal Not\u00edcia em Pauta","isPartOf":{"@id":"https:\/\/noticiaempauta.com\/portal\/#website"},"primaryImageOfPage":{"@id":"https:\/\/noticiaempauta.com\/portal\/parlamento-do-futuro-estudantes-do-colegio-do-premem-se-tornam-deputados-e-visitam-camara-municipal-de-picos\/#primaryimage"},"image":{"@id":"https:\/\/noticiaempauta.com\/portal\/parlamento-do-futuro-estudantes-do-colegio-do-premem-se-tornam-deputados-e-visitam-camara-municipal-de-picos\/#primaryimage"},"thumbnailUrl":"https:\/\/noticiaempauta.com\/portal\/wp-content\/uploads\/2024\/03\/IMG_0420.jpeg","datePublished":"2024-03-29T19:26:34+00:00","dateModified":"2024-03-29T19:26:35+00:00","breadcrumb":{"@id":"https:\/\/noticiaempauta.com\/portal\/parlamento-do-futuro-estudantes-do-colegio-do-premem-se-tornam-deputados-e-visitam-camara-municipal-de-picos\/#breadcrumb"},"inLanguage":"pt-BR","potentialAction":[{"@type":"ReadAction","target":["https:\/\/noticiaempauta.com\/portal\/parlamento-do-futuro-estudantes-do-colegio-do-premem-se-tornam-deputados-e-visitam-camara-municipal-de-picos\/"]}]},{"@type":"ImageObject","inLanguage":"pt-BR","@id":"https:\/\/noticiaempauta.com\/portal\/parlamento-do-futuro-estudantes-do-colegio-do-premem-se-tornam-deputados-e-visitam-camara-municipal-de-picos\/#primaryimage","url":"https:\/\/noticiaempauta.com\/portal\/wp-content\/uploads\/2024\/03\/IMG_0420.jpeg","contentUrl":"https:\/\/noticiaempauta.com\/portal\/wp-content\/uploads\/2024\/03\/IMG_0420.jpeg","width":790,"height":593},{"@type":"BreadcrumbList","@id":"https:\/\/noticiaempauta.com\/portal\/parlamento-do-futuro-estudantes-do-colegio-do-premem-se-tornam-deputados-e-visitam-camara-municipal-de-picos\/#breadcrumb","itemListElement":[{"@type":"ListItem","position":1,"name":"P\u00e1gina Inicial","item":"https:\/\/noticiaempauta.com\/portal\/"},{"@type":"ListItem","position":2,"name":"Destaques","item":"https:\/\/noticiaempauta.com\/portal\/destaques-site\/"},{"@type":"ListItem","position":3,"name":"Parlamento do Futuro: Estudantes do Col\u00e9gio do Premem se tornam deputados e visitam C\u00e2mara Municipal de Picos"}]},{"@type":"WebSite","@id":"https:\/\/noticiaempauta.com\/portal\/#website","url":"https:\/\/noticiaempauta.com\/portal\/","name":"Portal Not\u00edcia em Pauta","description":"Voc\u00ea bem informado","publisher":{"@id":"https:\/\/noticiaempauta.com\/portal\/#organization"},"potentialAction":[{"@type":"SearchAction","target":{"@type":"EntryPoint","urlTemplate":"https:\/\/noticiaempauta.com\/portal\/?s={search_term_string}"},"query-input":{"@type":"PropertyValueSpecification","valueRequired":true,"valueName":"search_term_string"}}],"inLanguage":"pt-BR"},{"@type":"Organization","@id":"https:\/\/noticiaempauta.com\/portal\/#organization","name":"Portal Not\u00edcia em Pauta","url":"https:\/\/noticiaempauta.com\/portal\/","logo":{"@type":"ImageObject","inLanguage":"pt-BR","@id":"https:\/\/noticiaempauta.com\/portal\/#\/schema\/logo\/image\/","url":"https:\/\/noticiaempauta.com\/portal\/wp-content\/uploads\/2022\/08\/logomarca_tema.fw_.png","contentUrl":"https:\/\/noticiaempauta.com\/portal\/wp-content\/uploads\/2022\/08\/logomarca_tema.fw_.png","width":400,"height":232,"caption":"Portal Not\u00edcia em Pauta"},"image":{"@id":"https:\/\/noticiaempauta.com\/portal\/#\/schema\/logo\/image\/"},"sameAs":["https:\/\/www.facebook.com\/Portal-Notcia-Em-Pauta-102292869264820\/","https:\/\/www.instagram.com\/portalnoticiaempauta\/"]},{"@type":"Person","@id":"https:\/\/noticiaempauta.com\/portal\/#\/schema\/person\/a74af43dd1ab3deca45f988c717d57ac","name":"Reda\u00e7\u00e3o","image":{"@type":"ImageObject","inLanguage":"pt-BR","@id":"https:\/\/noticiaempauta.com\/portal\/#\/schema\/person\/image\/","url":"https:\/\/secure.gravatar.com\/avatar\/03179346ecce6cdfc13361603e8f54242a90e5cde8618fa23c5c00aa2b0aadf3?s=96&d=mm&r=g","contentUrl":"https:\/\/secure.gravatar.com\/avatar\/03179346ecce6cdfc13361603e8f54242a90e5cde8618fa23c5c00aa2b0aadf3?s=96&d=mm&r=g","caption":"Reda\u00e7\u00e3o"},"sameAs":["https:\/\/noticiaempauta.com\/portal\/"],"url":"https:\/\/noticiaempauta.com\/portal\/author\/fernando\/"}]}},"_links":{"self":[{"href":"https:\/\/noticiaempauta.com\/portal\/wp-json\/wp\/v2\/posts\/256229","targetHints":{"allow":["GET"]}}],"collection":[{"href":"https:\/\/noticiaempauta.com\/portal\/wp-json\/wp\/v2\/posts"}],"about":[{"href":"https:\/\/noticiaempauta.com\/portal\/wp-json\/wp\/v2\/types\/post"}],"author":[{"embeddable":true,"href":"https:\/\/noticiaempauta.com\/portal\/wp-json\/wp\/v2\/users\/2"}],"replies":[{"embeddable":true,"href":"https:\/\/noticiaempauta.com\/portal\/wp-json\/wp\/v2\/comments?post=256229"}],"version-history":[{"count":2,"href":"https:\/\/noticiaempauta.com\/portal\/wp-json\/wp\/v2\/posts\/256229\/revisions"}],"predecessor-version":[{"id":256233,"href":"https:\/\/noticiaempauta.com\/portal\/wp-json\/wp\/v2\/posts\/256229\/revisions\/256233"}],"wp:featuredmedia":[{"embeddable":true,"href":"https:\/\/noticiaempauta.com\/portal\/wp-json\/wp\/v2\/media\/256231"}],"wp:attachment":[{"href":"https:\/\/noticiaempauta.com\/portal\/wp-json\/wp\/v2\/media?parent=256229"}],"wp:term":[{"taxonomy":"category","embeddable":true,"href":"https:\/\/noticiaempauta.com\/portal\/wp-json\/wp\/v2\/categories?post=256229"},{"taxonomy":"post_tag","embeddable":true,"href":"https:\/\/noticiaempauta.com\/portal\/wp-json\/wp\/v2\/tags?post=256229"}],"curies":[{"name":"wp","href":"https:\/\/api.w.org\/{rel}","templated":true}]}}