{"id":256246,"date":"2024-03-30T06:36:39","date_gmt":"2024-03-30T09:36:39","guid":{"rendered":"https:\/\/noticiaempauta.com\/portal\/?p=256246"},"modified":"2024-03-30T12:51:11","modified_gmt":"2024-03-30T15:51:11","slug":"picos-tres-vereadores-se-filiam-ao-psd-e-reforcam-formacao-da-chapa-proporcional-para-as-eleicoes-2024","status":"publish","type":"post","link":"https:\/\/noticiaempauta.com\/portal\/picos-tres-vereadores-se-filiam-ao-psd-e-reforcam-formacao-da-chapa-proporcional-para-as-eleicoes-2024\/","title":{"rendered":"Picos | Tr\u00eas vereadores se filiam ao PSD e refor\u00e7am forma\u00e7\u00e3o da chapa proporcional para as elei\u00e7\u00f5es 2024"},"content":{"rendered":"\n<p>Atendendo ao prazo legal para mudan\u00e7a de sigla partid\u00e1ria para participarem das elei\u00e7\u00f5es 2024, vereadores titulares de mandato eletivo de todo o pa\u00eds tem at\u00e9 o pr\u00f3ximo dia 05 de abril para definirem seu destino partid\u00e1rio.<\/p>\n\n\n\n<figure class=\"wp-block-image size-large\"><img fetchpriority=\"high\" decoding=\"async\" width=\"1024\" height=\"768\" src=\"https:\/\/noticiaempauta.com\/portal\/wp-content\/uploads\/2024\/03\/IMG_2615-1024x768.webp\" alt=\"\" class=\"wp-image-256251\" srcset=\"https:\/\/noticiaempauta.com\/portal\/wp-content\/uploads\/2024\/03\/IMG_2615-1024x768.webp 1024w, https:\/\/noticiaempauta.com\/portal\/wp-content\/uploads\/2024\/03\/IMG_2615-300x225.webp 300w, https:\/\/noticiaempauta.com\/portal\/wp-content\/uploads\/2024\/03\/IMG_2615-768x576.webp 768w, https:\/\/noticiaempauta.com\/portal\/wp-content\/uploads\/2024\/03\/IMG_2615.webp 1536w\" sizes=\"(max-width: 1024px) 100vw, 1024px\" \/><\/figure>\n\n\n\n<figure class=\"wp-block-image size-large is-resized\"><img decoding=\"async\" width=\"1024\" height=\"691\" src=\"https:\/\/noticiaempauta.com\/portal\/wp-content\/uploads\/2024\/03\/IMG_0426-1024x691.jpeg\" alt=\"\" class=\"wp-image-256249\" style=\"width:374px;height:auto\" srcset=\"https:\/\/noticiaempauta.com\/portal\/wp-content\/uploads\/2024\/03\/IMG_0426-1024x691.jpeg 1024w, https:\/\/noticiaempauta.com\/portal\/wp-content\/uploads\/2024\/03\/IMG_0426-300x203.jpeg 300w, https:\/\/noticiaempauta.com\/portal\/wp-content\/uploads\/2024\/03\/IMG_0426-768x519.jpeg 768w, https:\/\/noticiaempauta.com\/portal\/wp-content\/uploads\/2024\/03\/IMG_0426.jpeg 1170w\" sizes=\"(max-width: 1024px) 100vw, 1024px\" \/><figcaption class=\"wp-element-caption\"><strong><em>Pr\u00e9 &#8211; candidatos do PSD em Picos<\/em><\/strong><\/figcaption><\/figure>\n\n\n\n<p>Em Picos, pelo menos a metade dos atuais quinze parlamentares devem trocar de partido, a exemplo dos vereadores Toinho de Chic\u00e1, Eriberto Barros e Marcos Buriti, que j\u00e1 oficializaram sua migra\u00e7\u00e3o para o PSD (Partido Social Democr\u00e1tico), cuja as filia\u00e7\u00f5es j\u00e1 foram realizadas e confirmadas pela comiss\u00e3o provis\u00f3ria do partido em Picos, que tem como principal articulador o deputado estadual Thales Coelho em parceria com o deputado Georgiano Neto e o presidente estadual da sigla deputado federal J\u00falio C\u00e9sar.<\/p>\n\n\n\n<figure class=\"wp-block-image size-large is-resized\"><img decoding=\"async\" width=\"1024\" height=\"732\" src=\"https:\/\/noticiaempauta.com\/portal\/wp-content\/uploads\/2024\/03\/IMG_0427-1024x732.jpeg\" alt=\"\" class=\"wp-image-256250\" style=\"width:602px;height:auto\" srcset=\"https:\/\/noticiaempauta.com\/portal\/wp-content\/uploads\/2024\/03\/IMG_0427-1024x732.jpeg 1024w, https:\/\/noticiaempauta.com\/portal\/wp-content\/uploads\/2024\/03\/IMG_0427-300x214.jpeg 300w, https:\/\/noticiaempauta.com\/portal\/wp-content\/uploads\/2024\/03\/IMG_0427-768x549.jpeg 768w, https:\/\/noticiaempauta.com\/portal\/wp-content\/uploads\/2024\/03\/IMG_0427.jpeg 1170w\" sizes=\"(max-width: 1024px) 100vw, 1024px\" \/><\/figure>\n\n\n\n<figure class=\"wp-block-image size-large\"><img loading=\"lazy\" decoding=\"async\" width=\"598\" height=\"1024\" src=\"https:\/\/noticiaempauta.com\/portal\/wp-content\/uploads\/2024\/03\/IMG_0428-598x1024.webp\" alt=\"\" class=\"wp-image-256248\" srcset=\"https:\/\/noticiaempauta.com\/portal\/wp-content\/uploads\/2024\/03\/IMG_0428-598x1024.webp 598w, https:\/\/noticiaempauta.com\/portal\/wp-content\/uploads\/2024\/03\/IMG_0428-175x300.webp 175w, https:\/\/noticiaempauta.com\/portal\/wp-content\/uploads\/2024\/03\/IMG_0428-768x1314.webp 768w, https:\/\/noticiaempauta.com\/portal\/wp-content\/uploads\/2024\/03\/IMG_0428-898x1536.webp 898w, https:\/\/noticiaempauta.com\/portal\/wp-content\/uploads\/2024\/03\/IMG_0428.webp 935w\" sizes=\"(max-width: 598px) 100vw, 598px\" \/><\/figure>\n\n\n\n<p>Eriberto Barros e Toinho de Chic\u00e1 deixaram o Progressistas, e Marcos Buriti deixou o PRD, todos passando a compor os quadros do PSD no munic\u00edpio, que promete forte chapa proporcional competitiva com 18 nomes postulantes ao cargo de vereador, com meta de eleger pelo menos tr\u00eas vereadores para a pr\u00f3xima legislatura,  o partido comp\u00f5e o grupo de oposi\u00e7\u00e3o no munic\u00edpio que tem como pr\u00e9- candidato a prefeito Pablo Santos (MDB).<\/p>\n\n\n\n<p><\/p>\n","protected":false},"excerpt":{"rendered":"<p>A filia\u00e7\u00e3o ocorre dentro da janela partid\u00e1ria, que segue aberta at\u00e9 05 de abril.<\/p>\n","protected":false},"author":2,"featured_media":256251,"comment_status":"open","ping_status":"open","sticky":false,"template":"","format":"standard","meta":{"_mi_skip_tracking":false,"footnotes":""},"categories":[25,1,3,16],"tags":[192],"class_list":["post-256246","post","type-post","status-publish","format-standard","has-post-thumbnail","hentry","category-destaques-site","category-geral","category-politica","category-todas","tag-destaqueprincipal"],"acf":[],"yoast_head":"<!-- This site is optimized with the Yoast SEO Premium plugin v19.2 (Yoast SEO v26.9) - https:\/\/yoast.com\/product\/yoast-seo-premium-wordpress\/ -->\n<title>Picos | Tr\u00eas vereadores se filiam ao PSD e refor\u00e7am forma\u00e7\u00e3o da chapa proporcional para as elei\u00e7\u00f5es 2024 - Portal Not\u00edcia em Pauta<\/title>\n<meta name=\"robots\" content=\"index, follow, max-snippet:-1, max-image-preview:large, max-video-preview:-1\" \/>\n<link rel=\"canonical\" href=\"https:\/\/noticiaempauta.com\/portal\/picos-tres-vereadores-se-filiam-ao-psd-e-reforcam-formacao-da-chapa-proporcional-para-as-eleicoes-2024\/\" \/>\n<meta property=\"og:locale\" content=\"pt_BR\" \/>\n<meta property=\"og:type\" content=\"article\" \/>\n<meta property=\"og:title\" content=\"Picos | Tr\u00eas vereadores se filiam ao PSD e refor\u00e7am forma\u00e7\u00e3o da chapa proporcional para as elei\u00e7\u00f5es 2024\" \/>\n<meta property=\"og:description\" content=\"A filia\u00e7\u00e3o ocorre dentro da janela partid\u00e1ria, que segue aberta at\u00e9 05 de abril.\" \/>\n<meta property=\"og:url\" content=\"https:\/\/noticiaempauta.com\/portal\/picos-tres-vereadores-se-filiam-ao-psd-e-reforcam-formacao-da-chapa-proporcional-para-as-eleicoes-2024\/\" \/>\n<meta property=\"og:site_name\" content=\"Portal Not\u00edcia em Pauta\" \/>\n<meta property=\"article:publisher\" content=\"https:\/\/www.facebook.com\/Portal-Notcia-Em-Pauta-102292869264820\/\" \/>\n<meta property=\"article:published_time\" content=\"2024-03-30T09:36:39+00:00\" \/>\n<meta property=\"article:modified_time\" content=\"2024-03-30T15:51:11+00:00\" \/>\n<meta property=\"og:image\" content=\"https:\/\/noticiaempauta.com\/portal\/wp-content\/uploads\/2024\/03\/IMG_2615.webp\" \/>\n\t<meta property=\"og:image:width\" content=\"1536\" \/>\n\t<meta property=\"og:image:height\" content=\"1152\" \/>\n\t<meta property=\"og:image:type\" content=\"image\/webp\" \/>\n<meta name=\"author\" content=\"Reda\u00e7\u00e3o\" \/>\n<meta name=\"twitter:card\" content=\"summary_large_image\" \/>\n<meta name=\"twitter:label1\" content=\"Escrito por\" \/>\n\t<meta name=\"twitter:data1\" content=\"Reda\u00e7\u00e3o\" \/>\n\t<meta name=\"twitter:label2\" content=\"Est. tempo de leitura\" \/>\n\t<meta name=\"twitter:data2\" content=\"3 minutos\" \/>\n<script type=\"application\/ld+json\" class=\"yoast-schema-graph\">{\"@context\":\"https:\/\/schema.org\",\"@graph\":[{\"@type\":\"Article\",\"@id\":\"https:\/\/noticiaempauta.com\/portal\/picos-tres-vereadores-se-filiam-ao-psd-e-reforcam-formacao-da-chapa-proporcional-para-as-eleicoes-2024\/#article\",\"isPartOf\":{\"@id\":\"https:\/\/noticiaempauta.com\/portal\/picos-tres-vereadores-se-filiam-ao-psd-e-reforcam-formacao-da-chapa-proporcional-para-as-eleicoes-2024\/\"},\"author\":{\"name\":\"Reda\u00e7\u00e3o\",\"@id\":\"https:\/\/noticiaempauta.com\/portal\/#\/schema\/person\/a74af43dd1ab3deca45f988c717d57ac\"},\"headline\":\"Picos | Tr\u00eas vereadores se filiam ao PSD e refor\u00e7am forma\u00e7\u00e3o da chapa proporcional para as elei\u00e7\u00f5es 2024\",\"datePublished\":\"2024-03-30T09:36:39+00:00\",\"dateModified\":\"2024-03-30T15:51:11+00:00\",\"mainEntityOfPage\":{\"@id\":\"https:\/\/noticiaempauta.com\/portal\/picos-tres-vereadores-se-filiam-ao-psd-e-reforcam-formacao-da-chapa-proporcional-para-as-eleicoes-2024\/\"},\"wordCount\":229,\"commentCount\":0,\"publisher\":{\"@id\":\"https:\/\/noticiaempauta.com\/portal\/#organization\"},\"image\":{\"@id\":\"https:\/\/noticiaempauta.com\/portal\/picos-tres-vereadores-se-filiam-ao-psd-e-reforcam-formacao-da-chapa-proporcional-para-as-eleicoes-2024\/#primaryimage\"},\"thumbnailUrl\":\"https:\/\/noticiaempauta.com\/portal\/wp-content\/uploads\/2024\/03\/IMG_2615.webp\",\"keywords\":[\"destaqueprincipal\"],\"articleSection\":[\"Destaques\",\"Geral\",\"Pol\u00edtica\",\"Todas as Not\u00edcias\"],\"inLanguage\":\"pt-BR\",\"potentialAction\":[{\"@type\":\"CommentAction\",\"name\":\"Comment\",\"target\":[\"https:\/\/noticiaempauta.com\/portal\/picos-tres-vereadores-se-filiam-ao-psd-e-reforcam-formacao-da-chapa-proporcional-para-as-eleicoes-2024\/#respond\"]}]},{\"@type\":\"WebPage\",\"@id\":\"https:\/\/noticiaempauta.com\/portal\/picos-tres-vereadores-se-filiam-ao-psd-e-reforcam-formacao-da-chapa-proporcional-para-as-eleicoes-2024\/\",\"url\":\"https:\/\/noticiaempauta.com\/portal\/picos-tres-vereadores-se-filiam-ao-psd-e-reforcam-formacao-da-chapa-proporcional-para-as-eleicoes-2024\/\",\"name\":\"Picos | Tr\u00eas vereadores se filiam ao PSD e refor\u00e7am forma\u00e7\u00e3o da chapa proporcional para as elei\u00e7\u00f5es 2024 - Portal Not\u00edcia em Pauta\",\"isPartOf\":{\"@id\":\"https:\/\/noticiaempauta.com\/portal\/#website\"},\"primaryImageOfPage\":{\"@id\":\"https:\/\/noticiaempauta.com\/portal\/picos-tres-vereadores-se-filiam-ao-psd-e-reforcam-formacao-da-chapa-proporcional-para-as-eleicoes-2024\/#primaryimage\"},\"image\":{\"@id\":\"https:\/\/noticiaempauta.com\/portal\/picos-tres-vereadores-se-filiam-ao-psd-e-reforcam-formacao-da-chapa-proporcional-para-as-eleicoes-2024\/#primaryimage\"},\"thumbnailUrl\":\"https:\/\/noticiaempauta.com\/portal\/wp-content\/uploads\/2024\/03\/IMG_2615.webp\",\"datePublished\":\"2024-03-30T09:36:39+00:00\",\"dateModified\":\"2024-03-30T15:51:11+00:00\",\"breadcrumb\":{\"@id\":\"https:\/\/noticiaempauta.com\/portal\/picos-tres-vereadores-se-filiam-ao-psd-e-reforcam-formacao-da-chapa-proporcional-para-as-eleicoes-2024\/#breadcrumb\"},\"inLanguage\":\"pt-BR\",\"potentialAction\":[{\"@type\":\"ReadAction\",\"target\":[\"https:\/\/noticiaempauta.com\/portal\/picos-tres-vereadores-se-filiam-ao-psd-e-reforcam-formacao-da-chapa-proporcional-para-as-eleicoes-2024\/\"]}]},{\"@type\":\"ImageObject\",\"inLanguage\":\"pt-BR\",\"@id\":\"https:\/\/noticiaempauta.com\/portal\/picos-tres-vereadores-se-filiam-ao-psd-e-reforcam-formacao-da-chapa-proporcional-para-as-eleicoes-2024\/#primaryimage\",\"url\":\"https:\/\/noticiaempauta.com\/portal\/wp-content\/uploads\/2024\/03\/IMG_2615.webp\",\"contentUrl\":\"https:\/\/noticiaempauta.com\/portal\/wp-content\/uploads\/2024\/03\/IMG_2615.webp\",\"width\":1536,\"height\":1152},{\"@type\":\"BreadcrumbList\",\"@id\":\"https:\/\/noticiaempauta.com\/portal\/picos-tres-vereadores-se-filiam-ao-psd-e-reforcam-formacao-da-chapa-proporcional-para-as-eleicoes-2024\/#breadcrumb\",\"itemListElement\":[{\"@type\":\"ListItem\",\"position\":1,\"name\":\"P\u00e1gina Inicial\",\"item\":\"https:\/\/noticiaempauta.com\/portal\/\"},{\"@type\":\"ListItem\",\"position\":2,\"name\":\"Destaques\",\"item\":\"https:\/\/noticiaempauta.com\/portal\/destaques-site\/\"},{\"@type\":\"ListItem\",\"position\":3,\"name\":\"Picos | Tr\u00eas vereadores se filiam ao PSD e refor\u00e7am forma\u00e7\u00e3o da chapa proporcional para as elei\u00e7\u00f5es 2024\"}]},{\"@type\":\"WebSite\",\"@id\":\"https:\/\/noticiaempauta.com\/portal\/#website\",\"url\":\"https:\/\/noticiaempauta.com\/portal\/\",\"name\":\"Portal Not\u00edcia em Pauta\",\"description\":\"Voc\u00ea bem informado\",\"publisher\":{\"@id\":\"https:\/\/noticiaempauta.com\/portal\/#organization\"},\"potentialAction\":[{\"@type\":\"SearchAction\",\"target\":{\"@type\":\"EntryPoint\",\"urlTemplate\":\"https:\/\/noticiaempauta.com\/portal\/?s={search_term_string}\"},\"query-input\":{\"@type\":\"PropertyValueSpecification\",\"valueRequired\":true,\"valueName\":\"search_term_string\"}}],\"inLanguage\":\"pt-BR\"},{\"@type\":\"Organization\",\"@id\":\"https:\/\/noticiaempauta.com\/portal\/#organization\",\"name\":\"Portal Not\u00edcia em Pauta\",\"url\":\"https:\/\/noticiaempauta.com\/portal\/\",\"logo\":{\"@type\":\"ImageObject\",\"inLanguage\":\"pt-BR\",\"@id\":\"https:\/\/noticiaempauta.com\/portal\/#\/schema\/logo\/image\/\",\"url\":\"https:\/\/noticiaempauta.com\/portal\/wp-content\/uploads\/2022\/08\/logomarca_tema.fw_.png\",\"contentUrl\":\"https:\/\/noticiaempauta.com\/portal\/wp-content\/uploads\/2022\/08\/logomarca_tema.fw_.png\",\"width\":400,\"height\":232,\"caption\":\"Portal Not\u00edcia em Pauta\"},\"image\":{\"@id\":\"https:\/\/noticiaempauta.com\/portal\/#\/schema\/logo\/image\/\"},\"sameAs\":[\"https:\/\/www.facebook.com\/Portal-Notcia-Em-Pauta-102292869264820\/\",\"https:\/\/www.instagram.com\/portalnoticiaempauta\/\"]},{\"@type\":\"Person\",\"@id\":\"https:\/\/noticiaempauta.com\/portal\/#\/schema\/person\/a74af43dd1ab3deca45f988c717d57ac\",\"name\":\"Reda\u00e7\u00e3o\",\"image\":{\"@type\":\"ImageObject\",\"inLanguage\":\"pt-BR\",\"@id\":\"https:\/\/noticiaempauta.com\/portal\/#\/schema\/person\/image\/\",\"url\":\"https:\/\/secure.gravatar.com\/avatar\/03179346ecce6cdfc13361603e8f54242a90e5cde8618fa23c5c00aa2b0aadf3?s=96&d=mm&r=g\",\"contentUrl\":\"https:\/\/secure.gravatar.com\/avatar\/03179346ecce6cdfc13361603e8f54242a90e5cde8618fa23c5c00aa2b0aadf3?s=96&d=mm&r=g\",\"caption\":\"Reda\u00e7\u00e3o\"},\"sameAs\":[\"https:\/\/noticiaempauta.com\/portal\/\"],\"url\":\"https:\/\/noticiaempauta.com\/portal\/author\/fernando\/\"}]}<\/script>\n<!-- \/ Yoast SEO Premium plugin. -->","yoast_head_json":{"title":"Picos | Tr\u00eas vereadores se filiam ao PSD e refor\u00e7am forma\u00e7\u00e3o da chapa proporcional para as elei\u00e7\u00f5es 2024 - Portal Not\u00edcia em Pauta","robots":{"index":"index","follow":"follow","max-snippet":"max-snippet:-1","max-image-preview":"max-image-preview:large","max-video-preview":"max-video-preview:-1"},"canonical":"https:\/\/noticiaempauta.com\/portal\/picos-tres-vereadores-se-filiam-ao-psd-e-reforcam-formacao-da-chapa-proporcional-para-as-eleicoes-2024\/","og_locale":"pt_BR","og_type":"article","og_title":"Picos | Tr\u00eas vereadores se filiam ao PSD e refor\u00e7am forma\u00e7\u00e3o da chapa proporcional para as elei\u00e7\u00f5es 2024","og_description":"A filia\u00e7\u00e3o ocorre dentro da janela partid\u00e1ria, que segue aberta at\u00e9 05 de abril.","og_url":"https:\/\/noticiaempauta.com\/portal\/picos-tres-vereadores-se-filiam-ao-psd-e-reforcam-formacao-da-chapa-proporcional-para-as-eleicoes-2024\/","og_site_name":"Portal Not\u00edcia em Pauta","article_publisher":"https:\/\/www.facebook.com\/Portal-Notcia-Em-Pauta-102292869264820\/","article_published_time":"2024-03-30T09:36:39+00:00","article_modified_time":"2024-03-30T15:51:11+00:00","og_image":[{"width":1536,"height":1152,"url":"https:\/\/noticiaempauta.com\/portal\/wp-content\/uploads\/2024\/03\/IMG_2615.webp","type":"image\/webp"}],"author":"Reda\u00e7\u00e3o","twitter_card":"summary_large_image","twitter_misc":{"Escrito por":"Reda\u00e7\u00e3o","Est. tempo de leitura":"3 minutos"},"schema":{"@context":"https:\/\/schema.org","@graph":[{"@type":"Article","@id":"https:\/\/noticiaempauta.com\/portal\/picos-tres-vereadores-se-filiam-ao-psd-e-reforcam-formacao-da-chapa-proporcional-para-as-eleicoes-2024\/#article","isPartOf":{"@id":"https:\/\/noticiaempauta.com\/portal\/picos-tres-vereadores-se-filiam-ao-psd-e-reforcam-formacao-da-chapa-proporcional-para-as-eleicoes-2024\/"},"author":{"name":"Reda\u00e7\u00e3o","@id":"https:\/\/noticiaempauta.com\/portal\/#\/schema\/person\/a74af43dd1ab3deca45f988c717d57ac"},"headline":"Picos | Tr\u00eas vereadores se filiam ao PSD e refor\u00e7am forma\u00e7\u00e3o da chapa proporcional para as elei\u00e7\u00f5es 2024","datePublished":"2024-03-30T09:36:39+00:00","dateModified":"2024-03-30T15:51:11+00:00","mainEntityOfPage":{"@id":"https:\/\/noticiaempauta.com\/portal\/picos-tres-vereadores-se-filiam-ao-psd-e-reforcam-formacao-da-chapa-proporcional-para-as-eleicoes-2024\/"},"wordCount":229,"commentCount":0,"publisher":{"@id":"https:\/\/noticiaempauta.com\/portal\/#organization"},"image":{"@id":"https:\/\/noticiaempauta.com\/portal\/picos-tres-vereadores-se-filiam-ao-psd-e-reforcam-formacao-da-chapa-proporcional-para-as-eleicoes-2024\/#primaryimage"},"thumbnailUrl":"https:\/\/noticiaempauta.com\/portal\/wp-content\/uploads\/2024\/03\/IMG_2615.webp","keywords":["destaqueprincipal"],"articleSection":["Destaques","Geral","Pol\u00edtica","Todas as Not\u00edcias"],"inLanguage":"pt-BR","potentialAction":[{"@type":"CommentAction","name":"Comment","target":["https:\/\/noticiaempauta.com\/portal\/picos-tres-vereadores-se-filiam-ao-psd-e-reforcam-formacao-da-chapa-proporcional-para-as-eleicoes-2024\/#respond"]}]},{"@type":"WebPage","@id":"https:\/\/noticiaempauta.com\/portal\/picos-tres-vereadores-se-filiam-ao-psd-e-reforcam-formacao-da-chapa-proporcional-para-as-eleicoes-2024\/","url":"https:\/\/noticiaempauta.com\/portal\/picos-tres-vereadores-se-filiam-ao-psd-e-reforcam-formacao-da-chapa-proporcional-para-as-eleicoes-2024\/","name":"Picos | Tr\u00eas vereadores se filiam ao PSD e refor\u00e7am forma\u00e7\u00e3o da chapa proporcional para as elei\u00e7\u00f5es 2024 - Portal Not\u00edcia em Pauta","isPartOf":{"@id":"https:\/\/noticiaempauta.com\/portal\/#website"},"primaryImageOfPage":{"@id":"https:\/\/noticiaempauta.com\/portal\/picos-tres-vereadores-se-filiam-ao-psd-e-reforcam-formacao-da-chapa-proporcional-para-as-eleicoes-2024\/#primaryimage"},"image":{"@id":"https:\/\/noticiaempauta.com\/portal\/picos-tres-vereadores-se-filiam-ao-psd-e-reforcam-formacao-da-chapa-proporcional-para-as-eleicoes-2024\/#primaryimage"},"thumbnailUrl":"https:\/\/noticiaempauta.com\/portal\/wp-content\/uploads\/2024\/03\/IMG_2615.webp","datePublished":"2024-03-30T09:36:39+00:00","dateModified":"2024-03-30T15:51:11+00:00","breadcrumb":{"@id":"https:\/\/noticiaempauta.com\/portal\/picos-tres-vereadores-se-filiam-ao-psd-e-reforcam-formacao-da-chapa-proporcional-para-as-eleicoes-2024\/#breadcrumb"},"inLanguage":"pt-BR","potentialAction":[{"@type":"ReadAction","target":["https:\/\/noticiaempauta.com\/portal\/picos-tres-vereadores-se-filiam-ao-psd-e-reforcam-formacao-da-chapa-proporcional-para-as-eleicoes-2024\/"]}]},{"@type":"ImageObject","inLanguage":"pt-BR","@id":"https:\/\/noticiaempauta.com\/portal\/picos-tres-vereadores-se-filiam-ao-psd-e-reforcam-formacao-da-chapa-proporcional-para-as-eleicoes-2024\/#primaryimage","url":"https:\/\/noticiaempauta.com\/portal\/wp-content\/uploads\/2024\/03\/IMG_2615.webp","contentUrl":"https:\/\/noticiaempauta.com\/portal\/wp-content\/uploads\/2024\/03\/IMG_2615.webp","width":1536,"height":1152},{"@type":"BreadcrumbList","@id":"https:\/\/noticiaempauta.com\/portal\/picos-tres-vereadores-se-filiam-ao-psd-e-reforcam-formacao-da-chapa-proporcional-para-as-eleicoes-2024\/#breadcrumb","itemListElement":[{"@type":"ListItem","position":1,"name":"P\u00e1gina Inicial","item":"https:\/\/noticiaempauta.com\/portal\/"},{"@type":"ListItem","position":2,"name":"Destaques","item":"https:\/\/noticiaempauta.com\/portal\/destaques-site\/"},{"@type":"ListItem","position":3,"name":"Picos | Tr\u00eas vereadores se filiam ao PSD e refor\u00e7am forma\u00e7\u00e3o da chapa proporcional para as elei\u00e7\u00f5es 2024"}]},{"@type":"WebSite","@id":"https:\/\/noticiaempauta.com\/portal\/#website","url":"https:\/\/noticiaempauta.com\/portal\/","name":"Portal Not\u00edcia em Pauta","description":"Voc\u00ea bem informado","publisher":{"@id":"https:\/\/noticiaempauta.com\/portal\/#organization"},"potentialAction":[{"@type":"SearchAction","target":{"@type":"EntryPoint","urlTemplate":"https:\/\/noticiaempauta.com\/portal\/?s={search_term_string}"},"query-input":{"@type":"PropertyValueSpecification","valueRequired":true,"valueName":"search_term_string"}}],"inLanguage":"pt-BR"},{"@type":"Organization","@id":"https:\/\/noticiaempauta.com\/portal\/#organization","name":"Portal Not\u00edcia em Pauta","url":"https:\/\/noticiaempauta.com\/portal\/","logo":{"@type":"ImageObject","inLanguage":"pt-BR","@id":"https:\/\/noticiaempauta.com\/portal\/#\/schema\/logo\/image\/","url":"https:\/\/noticiaempauta.com\/portal\/wp-content\/uploads\/2022\/08\/logomarca_tema.fw_.png","contentUrl":"https:\/\/noticiaempauta.com\/portal\/wp-content\/uploads\/2022\/08\/logomarca_tema.fw_.png","width":400,"height":232,"caption":"Portal Not\u00edcia em Pauta"},"image":{"@id":"https:\/\/noticiaempauta.com\/portal\/#\/schema\/logo\/image\/"},"sameAs":["https:\/\/www.facebook.com\/Portal-Notcia-Em-Pauta-102292869264820\/","https:\/\/www.instagram.com\/portalnoticiaempauta\/"]},{"@type":"Person","@id":"https:\/\/noticiaempauta.com\/portal\/#\/schema\/person\/a74af43dd1ab3deca45f988c717d57ac","name":"Reda\u00e7\u00e3o","image":{"@type":"ImageObject","inLanguage":"pt-BR","@id":"https:\/\/noticiaempauta.com\/portal\/#\/schema\/person\/image\/","url":"https:\/\/secure.gravatar.com\/avatar\/03179346ecce6cdfc13361603e8f54242a90e5cde8618fa23c5c00aa2b0aadf3?s=96&d=mm&r=g","contentUrl":"https:\/\/secure.gravatar.com\/avatar\/03179346ecce6cdfc13361603e8f54242a90e5cde8618fa23c5c00aa2b0aadf3?s=96&d=mm&r=g","caption":"Reda\u00e7\u00e3o"},"sameAs":["https:\/\/noticiaempauta.com\/portal\/"],"url":"https:\/\/noticiaempauta.com\/portal\/author\/fernando\/"}]}},"_links":{"self":[{"href":"https:\/\/noticiaempauta.com\/portal\/wp-json\/wp\/v2\/posts\/256246","targetHints":{"allow":["GET"]}}],"collection":[{"href":"https:\/\/noticiaempauta.com\/portal\/wp-json\/wp\/v2\/posts"}],"about":[{"href":"https:\/\/noticiaempauta.com\/portal\/wp-json\/wp\/v2\/types\/post"}],"author":[{"embeddable":true,"href":"https:\/\/noticiaempauta.com\/portal\/wp-json\/wp\/v2\/users\/2"}],"replies":[{"embeddable":true,"href":"https:\/\/noticiaempauta.com\/portal\/wp-json\/wp\/v2\/comments?post=256246"}],"version-history":[{"count":6,"href":"https:\/\/noticiaempauta.com\/portal\/wp-json\/wp\/v2\/posts\/256246\/revisions"}],"predecessor-version":[{"id":256265,"href":"https:\/\/noticiaempauta.com\/portal\/wp-json\/wp\/v2\/posts\/256246\/revisions\/256265"}],"wp:featuredmedia":[{"embeddable":true,"href":"https:\/\/noticiaempauta.com\/portal\/wp-json\/wp\/v2\/media\/256251"}],"wp:attachment":[{"href":"https:\/\/noticiaempauta.com\/portal\/wp-json\/wp\/v2\/media?parent=256246"}],"wp:term":[{"taxonomy":"category","embeddable":true,"href":"https:\/\/noticiaempauta.com\/portal\/wp-json\/wp\/v2\/categories?post=256246"},{"taxonomy":"post_tag","embeddable":true,"href":"https:\/\/noticiaempauta.com\/portal\/wp-json\/wp\/v2\/tags?post=256246"}],"curies":[{"name":"wp","href":"https:\/\/api.w.org\/{rel}","templated":true}]}}