{"id":256360,"date":"2024-04-01T09:12:17","date_gmt":"2024-04-01T12:12:17","guid":{"rendered":"https:\/\/noticiaempauta.com\/portal\/?p=256360"},"modified":"2024-04-01T09:12:18","modified_gmt":"2024-04-01T12:12:18","slug":"ceara-ja-teria-avancado-cerca-de-400-km%c2%b2-alem-da-area-de-litigio-com-o-piaui-afirma-pesquisador","status":"publish","type":"post","link":"https:\/\/noticiaempauta.com\/portal\/ceara-ja-teria-avancado-cerca-de-400-km%c2%b2-alem-da-area-de-litigio-com-o-piaui-afirma-pesquisador\/","title":{"rendered":"Cear\u00e1 j\u00e1 teria avan\u00e7ado cerca de 400 km\u00b2 al\u00e9m da \u00e1rea de lit\u00edgio com o Piau\u00ed, afirma pesquisador"},"content":{"rendered":"\n<p>Al\u00e9m do\u00a0<a href=\"https:\/\/cidadeverde.com\/noticias\/308777\/piaui-ampliara-territorios-de-sete-municipios-ao-vencer-terras-em-litigio-com-o-ceara\">territ\u00f3rio de quase tr\u00eas mil quil\u00f4metros quadrados em lit\u00edgio com o Piau\u00ed<\/a>, o Cear\u00e1 j\u00e1 teria avan\u00e7ado cerca de 400 km\u00b2 al\u00e9m desta \u00e1rea. \u00c9 o que afirma Marcos Pereira da Silva, coordenador de estudos cartogr\u00e1ficos da Secretaria de Planejamento do Piau\u00ed (Seplan-PI).\u00a0<\/p>\n\n\n\n<figure class=\"wp-block-image size-full\"><img fetchpriority=\"high\" decoding=\"async\" width=\"790\" height=\"500\" src=\"https:\/\/noticiaempauta.com\/portal\/wp-content\/uploads\/2024\/04\/e4f8a6ccafb90fe8db8bcaf64b9fb727.jpg\" alt=\"\" class=\"wp-image-256362\" srcset=\"https:\/\/noticiaempauta.com\/portal\/wp-content\/uploads\/2024\/04\/e4f8a6ccafb90fe8db8bcaf64b9fb727.jpg 790w, https:\/\/noticiaempauta.com\/portal\/wp-content\/uploads\/2024\/04\/e4f8a6ccafb90fe8db8bcaf64b9fb727-300x190.jpg 300w, https:\/\/noticiaempauta.com\/portal\/wp-content\/uploads\/2024\/04\/e4f8a6ccafb90fe8db8bcaf64b9fb727-768x486.jpg 768w\" sizes=\"(max-width: 790px) 100vw, 790px\" \/><figcaption class=\"wp-element-caption\"><em>Foto: Roberto Ara\u00fajo<\/em><\/figcaption><\/figure>\n\n\n\n<p>O pesquisador, assessor t\u00e9cnico do Grupo de Estudo (GT) criado pela Procuradoria Geral do Estado do Piau\u00ed (PGE-PI) para acompanhar o processo demarcat\u00f3rio ajuizado pelo estado no Supremo Tribunal Federal (STF), se baseia em mapas do Instituto Brasileiro de Geografia e Estat\u00edstica (IBGE).<\/p>\n\n\n\n<blockquote class=\"wp-block-quote is-layout-flow wp-block-quote-is-layout-flow\">\n<p>&#8220;At\u00e9 1991 t\u00ednhamos uma linha que dividia os dois estados e t\u00ednhamos a \u00e1rea de lit\u00edgio. S\u00f3 que de 2000 para c\u00e1, o Cear\u00e1 avan\u00e7ou para dentro do Piau\u00ed em mais ou menos quatro partes. Os cearenses fizeram essa altera\u00e7\u00e3o sem nenhum \u00e1rbitro e sem decis\u00e3o judicial&#8221;, afirmou o cart\u00f3grafo.&nbsp;<\/p>\n<\/blockquote>\n\n\n\n<p>Segundo Marcos Pereira, o Piau\u00ed n\u00e3o seria o \u00fanico afetado com as mudan\u00e7as dos limites territoriais informados pelo Cear\u00e1 ao IBGE. &#8220;Al\u00e9m de ter acabado com a \u00e1rea de lit\u00edgio, eles tamb\u00e9m avan\u00e7aram no Rio Grande do Norte e na Para\u00edba, mas o Piau\u00ed foi o \u00fanico que peticionou no STF&#8221;, ressaltou.<\/p>\n\n\n\n<p><strong>Leia tamb\u00e9m:<\/strong><\/p>\n\n\n\n<ul class=\"wp-block-list\">\n<li><strong><a href=\"https:\/\/cidadeverde.com\/preview\/noticia\/403493\">Alvar\u00e1 de 1770 e at\u00e9 palavra do papa refor\u00e7am tese do Piau\u00ed em lit\u00edgio com Cear\u00e1<\/a><\/strong><\/li>\n\n\n\n<li><strong><a href=\"https:\/\/cidadeverde.com\/preview\/noticia\/363342\">Piau\u00ed pode negociar \u00e1reas n\u00e3o habitadas do Cear\u00e1 em processo de lit\u00edgio hist\u00f3rico, diz Franz\u00e9<\/a><\/strong><\/li>\n<\/ul>\n\n\n\n<p>A \u00e1rea reivindicada pelo Piau\u00ed no STF abrange um total de 13 munic\u00edpios cearenses localizados na Serra da Ibiapaba. O impasse j\u00e1 dura mais de tr\u00eas s\u00e9culos, por conta de um decreto imperial de 1880, alterando a linha divis\u00f3ria dos dois estados quando ainda eram prov\u00edncias.<\/p>\n\n\n\n<blockquote class=\"wp-block-quote is-layout-flow wp-block-quote-is-layout-flow\">\n<p>&#8220;O Cear\u00e1 foi empurrando essa linha at\u00e9 o sop\u00e9 da serra, que les dizem ser o limite entre os estados. S\u00f3 que tanto o conv\u00eanio arbitral de 1920 como o decreto imperial de 1880 falam que a linha primeira \u00e9 o topo da serra. Se formos mapear a linha cumeeira, s\u00e3o mais de 6 mil km\u00b2&#8221;, alega o assessor t\u00e9cnico.<\/p>\n<\/blockquote>\n\n\n\n<p>No STF, o processo est\u00e1 sob a relatoria da ministra C\u00e1rmen L\u00facia, que ainda&nbsp;<a href=\"https:\/\/cidadeverde.com\/noticias\/302592\/exercito-usara-satelite-e-drone-na-pericia-sobre-litigio-entre-ceara-e-piaui\">aguarda a conclus\u00e3o de um laudo territorial<\/a>&nbsp;que est\u00e1 sendo elaborado pelo Comando do Servi\u00e7o de Cartografia do Ex\u00e9rcito Brasileiro e pelo Departamento de Ci\u00eancia e Tecnologia (DCT). A previs\u00e3o \u00e9 que estudo seja conclu\u00eddo esse ano.<\/p>\n\n\n\n<p>&#8220;\u00c9 uma a\u00e7\u00e3o demarcat\u00f3ria, que vai determinar uma linha. Quando o Ex\u00e9rcito terminar a per\u00edcia, vai dar seu parecer de onde essa linha passa. O ponto \u00e9 que essa linha divis\u00f3ria \u00e9 muito maior do que o Piau\u00ed ajuizou, mas quando a per\u00edcia for conclu\u00edda vamos fazer nossas considera\u00e7\u00f5es&#8221;, concluiu o piauiense.\u00a0<\/p>\n\n\n\n<p><em>Fonte: Cidade Verde<\/em><\/p>\n","protected":false},"excerpt":{"rendered":"<p>Al\u00e9m do\u00a0territ\u00f3rio de quase tr\u00eas mil quil\u00f4metros quadrados em lit\u00edgio com o Piau\u00ed, o Cear\u00e1 j\u00e1 teria avan\u00e7ado cerca de 400 km\u00b2 al\u00e9m desta \u00e1rea. \u00c9 o que afirma Marcos Pereira da Silva, coordenador de estudos cartogr\u00e1ficos da Secretaria de Planejamento do Piau\u00ed (Seplan-PI).\u00a0 O pesquisador, assessor t\u00e9cnico do Grupo de Estudo (GT) criado pela [&hellip;]<\/p>\n","protected":false},"author":2,"featured_media":256362,"comment_status":"open","ping_status":"open","sticky":false,"template":"","format":"standard","meta":{"_mi_skip_tracking":false,"footnotes":""},"categories":[25,1,9,16],"tags":[192],"class_list":["post-256360","post","type-post","status-publish","format-standard","has-post-thumbnail","hentry","category-destaques-site","category-geral","category-municipios","category-todas","tag-destaqueprincipal"],"acf":[],"yoast_head":"<!-- This site is optimized with the Yoast SEO Premium plugin v19.2 (Yoast SEO v26.9) - https:\/\/yoast.com\/product\/yoast-seo-premium-wordpress\/ -->\n<title>Cear\u00e1 j\u00e1 teria avan\u00e7ado cerca de 400 km\u00b2 al\u00e9m da \u00e1rea de lit\u00edgio com o Piau\u00ed, afirma pesquisador - Portal Not\u00edcia em Pauta<\/title>\n<meta name=\"robots\" content=\"index, follow, max-snippet:-1, max-image-preview:large, max-video-preview:-1\" \/>\n<link rel=\"canonical\" href=\"https:\/\/noticiaempauta.com\/portal\/ceara-ja-teria-avancado-cerca-de-400-km\u00b2-alem-da-area-de-litigio-com-o-piaui-afirma-pesquisador\/\" \/>\n<meta property=\"og:locale\" content=\"pt_BR\" \/>\n<meta property=\"og:type\" content=\"article\" \/>\n<meta property=\"og:title\" content=\"Cear\u00e1 j\u00e1 teria avan\u00e7ado cerca de 400 km\u00b2 al\u00e9m da \u00e1rea de lit\u00edgio com o Piau\u00ed, afirma pesquisador\" \/>\n<meta property=\"og:description\" content=\"Al\u00e9m do\u00a0territ\u00f3rio de quase tr\u00eas mil quil\u00f4metros quadrados em lit\u00edgio com o Piau\u00ed, o Cear\u00e1 j\u00e1 teria avan\u00e7ado cerca de 400 km\u00b2 al\u00e9m desta \u00e1rea. \u00c9 o que afirma Marcos Pereira da Silva, coordenador de estudos cartogr\u00e1ficos da Secretaria de Planejamento do Piau\u00ed (Seplan-PI).\u00a0 O pesquisador, assessor t\u00e9cnico do Grupo de Estudo (GT) criado pela [&hellip;]\" \/>\n<meta property=\"og:url\" content=\"https:\/\/noticiaempauta.com\/portal\/ceara-ja-teria-avancado-cerca-de-400-km\u00b2-alem-da-area-de-litigio-com-o-piaui-afirma-pesquisador\/\" \/>\n<meta property=\"og:site_name\" content=\"Portal Not\u00edcia em Pauta\" \/>\n<meta property=\"article:publisher\" content=\"https:\/\/www.facebook.com\/Portal-Notcia-Em-Pauta-102292869264820\/\" \/>\n<meta property=\"article:published_time\" content=\"2024-04-01T12:12:17+00:00\" \/>\n<meta property=\"article:modified_time\" content=\"2024-04-01T12:12:18+00:00\" \/>\n<meta property=\"og:image\" content=\"https:\/\/noticiaempauta.com\/portal\/wp-content\/uploads\/2024\/04\/e4f8a6ccafb90fe8db8bcaf64b9fb727.jpg\" \/>\n\t<meta property=\"og:image:width\" content=\"790\" \/>\n\t<meta property=\"og:image:height\" content=\"500\" \/>\n\t<meta property=\"og:image:type\" content=\"image\/jpeg\" \/>\n<meta name=\"author\" content=\"Reda\u00e7\u00e3o\" \/>\n<meta name=\"twitter:card\" content=\"summary_large_image\" \/>\n<meta name=\"twitter:label1\" content=\"Escrito por\" \/>\n\t<meta name=\"twitter:data1\" content=\"Reda\u00e7\u00e3o\" \/>\n\t<meta name=\"twitter:label2\" content=\"Est. tempo de leitura\" \/>\n\t<meta name=\"twitter:data2\" content=\"3 minutos\" \/>\n<script type=\"application\/ld+json\" class=\"yoast-schema-graph\">{\"@context\":\"https:\/\/schema.org\",\"@graph\":[{\"@type\":\"Article\",\"@id\":\"https:\/\/noticiaempauta.com\/portal\/ceara-ja-teria-avancado-cerca-de-400-km%c2%b2-alem-da-area-de-litigio-com-o-piaui-afirma-pesquisador\/#article\",\"isPartOf\":{\"@id\":\"https:\/\/noticiaempauta.com\/portal\/ceara-ja-teria-avancado-cerca-de-400-km%c2%b2-alem-da-area-de-litigio-com-o-piaui-afirma-pesquisador\/\"},\"author\":{\"name\":\"Reda\u00e7\u00e3o\",\"@id\":\"https:\/\/noticiaempauta.com\/portal\/#\/schema\/person\/a74af43dd1ab3deca45f988c717d57ac\"},\"headline\":\"Cear\u00e1 j\u00e1 teria avan\u00e7ado cerca de 400 km\u00b2 al\u00e9m da \u00e1rea de lit\u00edgio com o Piau\u00ed, afirma pesquisador\",\"datePublished\":\"2024-04-01T12:12:17+00:00\",\"dateModified\":\"2024-04-01T12:12:18+00:00\",\"mainEntityOfPage\":{\"@id\":\"https:\/\/noticiaempauta.com\/portal\/ceara-ja-teria-avancado-cerca-de-400-km%c2%b2-alem-da-area-de-litigio-com-o-piaui-afirma-pesquisador\/\"},\"wordCount\":502,\"commentCount\":0,\"publisher\":{\"@id\":\"https:\/\/noticiaempauta.com\/portal\/#organization\"},\"image\":{\"@id\":\"https:\/\/noticiaempauta.com\/portal\/ceara-ja-teria-avancado-cerca-de-400-km%c2%b2-alem-da-area-de-litigio-com-o-piaui-afirma-pesquisador\/#primaryimage\"},\"thumbnailUrl\":\"https:\/\/noticiaempauta.com\/portal\/wp-content\/uploads\/2024\/04\/e4f8a6ccafb90fe8db8bcaf64b9fb727.jpg\",\"keywords\":[\"destaqueprincipal\"],\"articleSection\":[\"Destaques\",\"Geral\",\"Munic\u00edpios\",\"Todas as Not\u00edcias\"],\"inLanguage\":\"pt-BR\",\"potentialAction\":[{\"@type\":\"CommentAction\",\"name\":\"Comment\",\"target\":[\"https:\/\/noticiaempauta.com\/portal\/ceara-ja-teria-avancado-cerca-de-400-km%c2%b2-alem-da-area-de-litigio-com-o-piaui-afirma-pesquisador\/#respond\"]}]},{\"@type\":\"WebPage\",\"@id\":\"https:\/\/noticiaempauta.com\/portal\/ceara-ja-teria-avancado-cerca-de-400-km%c2%b2-alem-da-area-de-litigio-com-o-piaui-afirma-pesquisador\/\",\"url\":\"https:\/\/noticiaempauta.com\/portal\/ceara-ja-teria-avancado-cerca-de-400-km%c2%b2-alem-da-area-de-litigio-com-o-piaui-afirma-pesquisador\/\",\"name\":\"Cear\u00e1 j\u00e1 teria avan\u00e7ado cerca de 400 km\u00b2 al\u00e9m da \u00e1rea de lit\u00edgio com o Piau\u00ed, afirma pesquisador - Portal Not\u00edcia em Pauta\",\"isPartOf\":{\"@id\":\"https:\/\/noticiaempauta.com\/portal\/#website\"},\"primaryImageOfPage\":{\"@id\":\"https:\/\/noticiaempauta.com\/portal\/ceara-ja-teria-avancado-cerca-de-400-km%c2%b2-alem-da-area-de-litigio-com-o-piaui-afirma-pesquisador\/#primaryimage\"},\"image\":{\"@id\":\"https:\/\/noticiaempauta.com\/portal\/ceara-ja-teria-avancado-cerca-de-400-km%c2%b2-alem-da-area-de-litigio-com-o-piaui-afirma-pesquisador\/#primaryimage\"},\"thumbnailUrl\":\"https:\/\/noticiaempauta.com\/portal\/wp-content\/uploads\/2024\/04\/e4f8a6ccafb90fe8db8bcaf64b9fb727.jpg\",\"datePublished\":\"2024-04-01T12:12:17+00:00\",\"dateModified\":\"2024-04-01T12:12:18+00:00\",\"breadcrumb\":{\"@id\":\"https:\/\/noticiaempauta.com\/portal\/ceara-ja-teria-avancado-cerca-de-400-km%c2%b2-alem-da-area-de-litigio-com-o-piaui-afirma-pesquisador\/#breadcrumb\"},\"inLanguage\":\"pt-BR\",\"potentialAction\":[{\"@type\":\"ReadAction\",\"target\":[\"https:\/\/noticiaempauta.com\/portal\/ceara-ja-teria-avancado-cerca-de-400-km%c2%b2-alem-da-area-de-litigio-com-o-piaui-afirma-pesquisador\/\"]}]},{\"@type\":\"ImageObject\",\"inLanguage\":\"pt-BR\",\"@id\":\"https:\/\/noticiaempauta.com\/portal\/ceara-ja-teria-avancado-cerca-de-400-km%c2%b2-alem-da-area-de-litigio-com-o-piaui-afirma-pesquisador\/#primaryimage\",\"url\":\"https:\/\/noticiaempauta.com\/portal\/wp-content\/uploads\/2024\/04\/e4f8a6ccafb90fe8db8bcaf64b9fb727.jpg\",\"contentUrl\":\"https:\/\/noticiaempauta.com\/portal\/wp-content\/uploads\/2024\/04\/e4f8a6ccafb90fe8db8bcaf64b9fb727.jpg\",\"width\":790,\"height\":500},{\"@type\":\"BreadcrumbList\",\"@id\":\"https:\/\/noticiaempauta.com\/portal\/ceara-ja-teria-avancado-cerca-de-400-km%c2%b2-alem-da-area-de-litigio-com-o-piaui-afirma-pesquisador\/#breadcrumb\",\"itemListElement\":[{\"@type\":\"ListItem\",\"position\":1,\"name\":\"P\u00e1gina Inicial\",\"item\":\"https:\/\/noticiaempauta.com\/portal\/\"},{\"@type\":\"ListItem\",\"position\":2,\"name\":\"Destaques\",\"item\":\"https:\/\/noticiaempauta.com\/portal\/destaques-site\/\"},{\"@type\":\"ListItem\",\"position\":3,\"name\":\"Cear\u00e1 j\u00e1 teria avan\u00e7ado cerca de 400 km\u00b2 al\u00e9m da \u00e1rea de lit\u00edgio com o Piau\u00ed, afirma pesquisador\"}]},{\"@type\":\"WebSite\",\"@id\":\"https:\/\/noticiaempauta.com\/portal\/#website\",\"url\":\"https:\/\/noticiaempauta.com\/portal\/\",\"name\":\"Portal Not\u00edcia em Pauta\",\"description\":\"Voc\u00ea bem informado\",\"publisher\":{\"@id\":\"https:\/\/noticiaempauta.com\/portal\/#organization\"},\"potentialAction\":[{\"@type\":\"SearchAction\",\"target\":{\"@type\":\"EntryPoint\",\"urlTemplate\":\"https:\/\/noticiaempauta.com\/portal\/?s={search_term_string}\"},\"query-input\":{\"@type\":\"PropertyValueSpecification\",\"valueRequired\":true,\"valueName\":\"search_term_string\"}}],\"inLanguage\":\"pt-BR\"},{\"@type\":\"Organization\",\"@id\":\"https:\/\/noticiaempauta.com\/portal\/#organization\",\"name\":\"Portal Not\u00edcia em Pauta\",\"url\":\"https:\/\/noticiaempauta.com\/portal\/\",\"logo\":{\"@type\":\"ImageObject\",\"inLanguage\":\"pt-BR\",\"@id\":\"https:\/\/noticiaempauta.com\/portal\/#\/schema\/logo\/image\/\",\"url\":\"https:\/\/noticiaempauta.com\/portal\/wp-content\/uploads\/2022\/08\/logomarca_tema.fw_.png\",\"contentUrl\":\"https:\/\/noticiaempauta.com\/portal\/wp-content\/uploads\/2022\/08\/logomarca_tema.fw_.png\",\"width\":400,\"height\":232,\"caption\":\"Portal Not\u00edcia em Pauta\"},\"image\":{\"@id\":\"https:\/\/noticiaempauta.com\/portal\/#\/schema\/logo\/image\/\"},\"sameAs\":[\"https:\/\/www.facebook.com\/Portal-Notcia-Em-Pauta-102292869264820\/\",\"https:\/\/www.instagram.com\/portalnoticiaempauta\/\"]},{\"@type\":\"Person\",\"@id\":\"https:\/\/noticiaempauta.com\/portal\/#\/schema\/person\/a74af43dd1ab3deca45f988c717d57ac\",\"name\":\"Reda\u00e7\u00e3o\",\"image\":{\"@type\":\"ImageObject\",\"inLanguage\":\"pt-BR\",\"@id\":\"https:\/\/noticiaempauta.com\/portal\/#\/schema\/person\/image\/\",\"url\":\"https:\/\/secure.gravatar.com\/avatar\/03179346ecce6cdfc13361603e8f54242a90e5cde8618fa23c5c00aa2b0aadf3?s=96&d=mm&r=g\",\"contentUrl\":\"https:\/\/secure.gravatar.com\/avatar\/03179346ecce6cdfc13361603e8f54242a90e5cde8618fa23c5c00aa2b0aadf3?s=96&d=mm&r=g\",\"caption\":\"Reda\u00e7\u00e3o\"},\"sameAs\":[\"https:\/\/noticiaempauta.com\/portal\/\"],\"url\":\"https:\/\/noticiaempauta.com\/portal\/author\/fernando\/\"}]}<\/script>\n<!-- \/ Yoast SEO Premium plugin. -->","yoast_head_json":{"title":"Cear\u00e1 j\u00e1 teria avan\u00e7ado cerca de 400 km\u00b2 al\u00e9m da \u00e1rea de lit\u00edgio com o Piau\u00ed, afirma pesquisador - Portal Not\u00edcia em Pauta","robots":{"index":"index","follow":"follow","max-snippet":"max-snippet:-1","max-image-preview":"max-image-preview:large","max-video-preview":"max-video-preview:-1"},"canonical":"https:\/\/noticiaempauta.com\/portal\/ceara-ja-teria-avancado-cerca-de-400-km\u00b2-alem-da-area-de-litigio-com-o-piaui-afirma-pesquisador\/","og_locale":"pt_BR","og_type":"article","og_title":"Cear\u00e1 j\u00e1 teria avan\u00e7ado cerca de 400 km\u00b2 al\u00e9m da \u00e1rea de lit\u00edgio com o Piau\u00ed, afirma pesquisador","og_description":"Al\u00e9m do\u00a0territ\u00f3rio de quase tr\u00eas mil quil\u00f4metros quadrados em lit\u00edgio com o Piau\u00ed, o Cear\u00e1 j\u00e1 teria avan\u00e7ado cerca de 400 km\u00b2 al\u00e9m desta \u00e1rea. \u00c9 o que afirma Marcos Pereira da Silva, coordenador de estudos cartogr\u00e1ficos da Secretaria de Planejamento do Piau\u00ed (Seplan-PI).\u00a0 O pesquisador, assessor t\u00e9cnico do Grupo de Estudo (GT) criado pela [&hellip;]","og_url":"https:\/\/noticiaempauta.com\/portal\/ceara-ja-teria-avancado-cerca-de-400-km\u00b2-alem-da-area-de-litigio-com-o-piaui-afirma-pesquisador\/","og_site_name":"Portal Not\u00edcia em Pauta","article_publisher":"https:\/\/www.facebook.com\/Portal-Notcia-Em-Pauta-102292869264820\/","article_published_time":"2024-04-01T12:12:17+00:00","article_modified_time":"2024-04-01T12:12:18+00:00","og_image":[{"width":790,"height":500,"url":"https:\/\/noticiaempauta.com\/portal\/wp-content\/uploads\/2024\/04\/e4f8a6ccafb90fe8db8bcaf64b9fb727.jpg","type":"image\/jpeg"}],"author":"Reda\u00e7\u00e3o","twitter_card":"summary_large_image","twitter_misc":{"Escrito por":"Reda\u00e7\u00e3o","Est. tempo de leitura":"3 minutos"},"schema":{"@context":"https:\/\/schema.org","@graph":[{"@type":"Article","@id":"https:\/\/noticiaempauta.com\/portal\/ceara-ja-teria-avancado-cerca-de-400-km%c2%b2-alem-da-area-de-litigio-com-o-piaui-afirma-pesquisador\/#article","isPartOf":{"@id":"https:\/\/noticiaempauta.com\/portal\/ceara-ja-teria-avancado-cerca-de-400-km%c2%b2-alem-da-area-de-litigio-com-o-piaui-afirma-pesquisador\/"},"author":{"name":"Reda\u00e7\u00e3o","@id":"https:\/\/noticiaempauta.com\/portal\/#\/schema\/person\/a74af43dd1ab3deca45f988c717d57ac"},"headline":"Cear\u00e1 j\u00e1 teria avan\u00e7ado cerca de 400 km\u00b2 al\u00e9m da \u00e1rea de lit\u00edgio com o Piau\u00ed, afirma pesquisador","datePublished":"2024-04-01T12:12:17+00:00","dateModified":"2024-04-01T12:12:18+00:00","mainEntityOfPage":{"@id":"https:\/\/noticiaempauta.com\/portal\/ceara-ja-teria-avancado-cerca-de-400-km%c2%b2-alem-da-area-de-litigio-com-o-piaui-afirma-pesquisador\/"},"wordCount":502,"commentCount":0,"publisher":{"@id":"https:\/\/noticiaempauta.com\/portal\/#organization"},"image":{"@id":"https:\/\/noticiaempauta.com\/portal\/ceara-ja-teria-avancado-cerca-de-400-km%c2%b2-alem-da-area-de-litigio-com-o-piaui-afirma-pesquisador\/#primaryimage"},"thumbnailUrl":"https:\/\/noticiaempauta.com\/portal\/wp-content\/uploads\/2024\/04\/e4f8a6ccafb90fe8db8bcaf64b9fb727.jpg","keywords":["destaqueprincipal"],"articleSection":["Destaques","Geral","Munic\u00edpios","Todas as Not\u00edcias"],"inLanguage":"pt-BR","potentialAction":[{"@type":"CommentAction","name":"Comment","target":["https:\/\/noticiaempauta.com\/portal\/ceara-ja-teria-avancado-cerca-de-400-km%c2%b2-alem-da-area-de-litigio-com-o-piaui-afirma-pesquisador\/#respond"]}]},{"@type":"WebPage","@id":"https:\/\/noticiaempauta.com\/portal\/ceara-ja-teria-avancado-cerca-de-400-km%c2%b2-alem-da-area-de-litigio-com-o-piaui-afirma-pesquisador\/","url":"https:\/\/noticiaempauta.com\/portal\/ceara-ja-teria-avancado-cerca-de-400-km%c2%b2-alem-da-area-de-litigio-com-o-piaui-afirma-pesquisador\/","name":"Cear\u00e1 j\u00e1 teria avan\u00e7ado cerca de 400 km\u00b2 al\u00e9m da \u00e1rea de lit\u00edgio com o Piau\u00ed, afirma pesquisador - Portal Not\u00edcia em Pauta","isPartOf":{"@id":"https:\/\/noticiaempauta.com\/portal\/#website"},"primaryImageOfPage":{"@id":"https:\/\/noticiaempauta.com\/portal\/ceara-ja-teria-avancado-cerca-de-400-km%c2%b2-alem-da-area-de-litigio-com-o-piaui-afirma-pesquisador\/#primaryimage"},"image":{"@id":"https:\/\/noticiaempauta.com\/portal\/ceara-ja-teria-avancado-cerca-de-400-km%c2%b2-alem-da-area-de-litigio-com-o-piaui-afirma-pesquisador\/#primaryimage"},"thumbnailUrl":"https:\/\/noticiaempauta.com\/portal\/wp-content\/uploads\/2024\/04\/e4f8a6ccafb90fe8db8bcaf64b9fb727.jpg","datePublished":"2024-04-01T12:12:17+00:00","dateModified":"2024-04-01T12:12:18+00:00","breadcrumb":{"@id":"https:\/\/noticiaempauta.com\/portal\/ceara-ja-teria-avancado-cerca-de-400-km%c2%b2-alem-da-area-de-litigio-com-o-piaui-afirma-pesquisador\/#breadcrumb"},"inLanguage":"pt-BR","potentialAction":[{"@type":"ReadAction","target":["https:\/\/noticiaempauta.com\/portal\/ceara-ja-teria-avancado-cerca-de-400-km%c2%b2-alem-da-area-de-litigio-com-o-piaui-afirma-pesquisador\/"]}]},{"@type":"ImageObject","inLanguage":"pt-BR","@id":"https:\/\/noticiaempauta.com\/portal\/ceara-ja-teria-avancado-cerca-de-400-km%c2%b2-alem-da-area-de-litigio-com-o-piaui-afirma-pesquisador\/#primaryimage","url":"https:\/\/noticiaempauta.com\/portal\/wp-content\/uploads\/2024\/04\/e4f8a6ccafb90fe8db8bcaf64b9fb727.jpg","contentUrl":"https:\/\/noticiaempauta.com\/portal\/wp-content\/uploads\/2024\/04\/e4f8a6ccafb90fe8db8bcaf64b9fb727.jpg","width":790,"height":500},{"@type":"BreadcrumbList","@id":"https:\/\/noticiaempauta.com\/portal\/ceara-ja-teria-avancado-cerca-de-400-km%c2%b2-alem-da-area-de-litigio-com-o-piaui-afirma-pesquisador\/#breadcrumb","itemListElement":[{"@type":"ListItem","position":1,"name":"P\u00e1gina Inicial","item":"https:\/\/noticiaempauta.com\/portal\/"},{"@type":"ListItem","position":2,"name":"Destaques","item":"https:\/\/noticiaempauta.com\/portal\/destaques-site\/"},{"@type":"ListItem","position":3,"name":"Cear\u00e1 j\u00e1 teria avan\u00e7ado cerca de 400 km\u00b2 al\u00e9m da \u00e1rea de lit\u00edgio com o Piau\u00ed, afirma pesquisador"}]},{"@type":"WebSite","@id":"https:\/\/noticiaempauta.com\/portal\/#website","url":"https:\/\/noticiaempauta.com\/portal\/","name":"Portal Not\u00edcia em Pauta","description":"Voc\u00ea bem informado","publisher":{"@id":"https:\/\/noticiaempauta.com\/portal\/#organization"},"potentialAction":[{"@type":"SearchAction","target":{"@type":"EntryPoint","urlTemplate":"https:\/\/noticiaempauta.com\/portal\/?s={search_term_string}"},"query-input":{"@type":"PropertyValueSpecification","valueRequired":true,"valueName":"search_term_string"}}],"inLanguage":"pt-BR"},{"@type":"Organization","@id":"https:\/\/noticiaempauta.com\/portal\/#organization","name":"Portal Not\u00edcia em Pauta","url":"https:\/\/noticiaempauta.com\/portal\/","logo":{"@type":"ImageObject","inLanguage":"pt-BR","@id":"https:\/\/noticiaempauta.com\/portal\/#\/schema\/logo\/image\/","url":"https:\/\/noticiaempauta.com\/portal\/wp-content\/uploads\/2022\/08\/logomarca_tema.fw_.png","contentUrl":"https:\/\/noticiaempauta.com\/portal\/wp-content\/uploads\/2022\/08\/logomarca_tema.fw_.png","width":400,"height":232,"caption":"Portal Not\u00edcia em Pauta"},"image":{"@id":"https:\/\/noticiaempauta.com\/portal\/#\/schema\/logo\/image\/"},"sameAs":["https:\/\/www.facebook.com\/Portal-Notcia-Em-Pauta-102292869264820\/","https:\/\/www.instagram.com\/portalnoticiaempauta\/"]},{"@type":"Person","@id":"https:\/\/noticiaempauta.com\/portal\/#\/schema\/person\/a74af43dd1ab3deca45f988c717d57ac","name":"Reda\u00e7\u00e3o","image":{"@type":"ImageObject","inLanguage":"pt-BR","@id":"https:\/\/noticiaempauta.com\/portal\/#\/schema\/person\/image\/","url":"https:\/\/secure.gravatar.com\/avatar\/03179346ecce6cdfc13361603e8f54242a90e5cde8618fa23c5c00aa2b0aadf3?s=96&d=mm&r=g","contentUrl":"https:\/\/secure.gravatar.com\/avatar\/03179346ecce6cdfc13361603e8f54242a90e5cde8618fa23c5c00aa2b0aadf3?s=96&d=mm&r=g","caption":"Reda\u00e7\u00e3o"},"sameAs":["https:\/\/noticiaempauta.com\/portal\/"],"url":"https:\/\/noticiaempauta.com\/portal\/author\/fernando\/"}]}},"_links":{"self":[{"href":"https:\/\/noticiaempauta.com\/portal\/wp-json\/wp\/v2\/posts\/256360","targetHints":{"allow":["GET"]}}],"collection":[{"href":"https:\/\/noticiaempauta.com\/portal\/wp-json\/wp\/v2\/posts"}],"about":[{"href":"https:\/\/noticiaempauta.com\/portal\/wp-json\/wp\/v2\/types\/post"}],"author":[{"embeddable":true,"href":"https:\/\/noticiaempauta.com\/portal\/wp-json\/wp\/v2\/users\/2"}],"replies":[{"embeddable":true,"href":"https:\/\/noticiaempauta.com\/portal\/wp-json\/wp\/v2\/comments?post=256360"}],"version-history":[{"count":2,"href":"https:\/\/noticiaempauta.com\/portal\/wp-json\/wp\/v2\/posts\/256360\/revisions"}],"predecessor-version":[{"id":256364,"href":"https:\/\/noticiaempauta.com\/portal\/wp-json\/wp\/v2\/posts\/256360\/revisions\/256364"}],"wp:featuredmedia":[{"embeddable":true,"href":"https:\/\/noticiaempauta.com\/portal\/wp-json\/wp\/v2\/media\/256362"}],"wp:attachment":[{"href":"https:\/\/noticiaempauta.com\/portal\/wp-json\/wp\/v2\/media?parent=256360"}],"wp:term":[{"taxonomy":"category","embeddable":true,"href":"https:\/\/noticiaempauta.com\/portal\/wp-json\/wp\/v2\/categories?post=256360"},{"taxonomy":"post_tag","embeddable":true,"href":"https:\/\/noticiaempauta.com\/portal\/wp-json\/wp\/v2\/tags?post=256360"}],"curies":[{"name":"wp","href":"https:\/\/api.w.org\/{rel}","templated":true}]}}