{"id":256376,"date":"2024-04-01T10:07:52","date_gmt":"2024-04-01T13:07:52","guid":{"rendered":"https:\/\/noticiaempauta.com\/portal\/?p=256376"},"modified":"2024-04-01T10:11:52","modified_gmt":"2024-04-01T13:11:52","slug":"policia-militar-de-picos-prende-suspeito-de-serie-de-assaltos","status":"publish","type":"post","link":"https:\/\/noticiaempauta.com\/portal\/policia-militar-de-picos-prende-suspeito-de-serie-de-assaltos\/","title":{"rendered":"Pol\u00edcia Militar de Picos prende suspeito de s\u00e9rie de assaltos"},"content":{"rendered":"\n<p>Na \u00faltima sexta-feira, 29 de mar\u00e7o, a Pol\u00edcia Militar de Picos, por meio da Ronda Ostensiva com Apoio de Motocicletas (ROCAM), realizou a pris\u00e3o de um homem identificado pelas iniciais A.D.de A., suspeito de estar envolvido em uma s\u00e9rie de assaltos a estabelecimentos comerciais na regi\u00e3o. A captura ocorreu na Avenida Senador Helv\u00eddio Nunes, no bairro Junco.&nbsp;<\/p>\n\n\n\n<figure class=\"wp-block-image size-full\"><img fetchpriority=\"high\" decoding=\"async\" width=\"693\" height=\"453\" src=\"https:\/\/noticiaempauta.com\/portal\/wp-content\/uploads\/2024\/04\/FA-IMG-4d12ad08506225cc633a.png\" alt=\"\" class=\"wp-image-256378\" srcset=\"https:\/\/noticiaempauta.com\/portal\/wp-content\/uploads\/2024\/04\/FA-IMG-4d12ad08506225cc633a.png 693w, https:\/\/noticiaempauta.com\/portal\/wp-content\/uploads\/2024\/04\/FA-IMG-4d12ad08506225cc633a-300x196.png 300w\" sizes=\"(max-width: 693px) 100vw, 693px\" \/><\/figure>\n\n\n\n<p>Segundo informa\u00e7\u00f5es da Pol\u00edcia Militar, a equipe da ROCAM foi acionada para atender uma ocorr\u00eancia de roubo com uso de arma de fogo em uma pizzaria situada no bairro Junco. Ao chegar ao local, os policiais constataram, com base nas imagens das c\u00e2meras de seguran\u00e7a, que se tratava do mesmo indiv\u00edduo que havia cometido diversos roubos a m\u00e3o armada na \u00faltima semana, utilizando um modus operandi semelhante. O suspeito utilizava um ve\u00edculo Honda Bros 160 Vermelha, vestia as mesmas roupas e fazia uso de uma balaclava em todos os assaltos registrados.<\/p>\n\n\n\n<p>A investiga\u00e7\u00e3o da pol\u00edcia revelou que o suspeito teria praticado assaltos em quatro farm\u00e1cias, uma pizzaria, uma lanchonete e ainda teria roubado um celular no bairro Conduru.&nbsp;Durante o atendimento da ocorr\u00eancia na pizzaria, a guarni\u00e7\u00e3o recebeu informa\u00e7\u00f5es sobre um assalto em andamento em um trailer de lanche na Pra\u00e7a Josino Ferreira, com ind\u00edcios de que o mesmo indiv\u00edduo estaria envolvido.<\/p>\n\n\n\n<p>Ao diligenciar at\u00e9 o local, a equipe policial encontrou o suspeito em fuga, pilotando o ve\u00edculo utilizado nos crimes. Durante a persegui\u00e7\u00e3o, o suspeito tentou se desfazer de alguns objetos, incluindo uma balaclava e um simulacro de arma de fogo. Ap\u00f3s um acompanhamento t\u00e1tico, os policiais procederam com a abordagem e constataram que se tratava do mesmo indiv\u00edduo respons\u00e1vel pelas v\u00e1rias ocorr\u00eancias de assalto na regi\u00e3o.<\/p>\n\n\n\n<p>O suspeito recebeu voz de pris\u00e3o e foi conduzido \u00e0 Central de Flagrantes para os procedimentos legais cab\u00edveis.\u00a0<\/p>\n\n\n\n<p><em>Fonte: FolhaAtual<\/em><\/p>\n\n\n\n<p><\/p>\n","protected":false},"excerpt":{"rendered":"<p>Na \u00faltima sexta-feira, 29 de mar\u00e7o, a Pol\u00edcia Militar de Picos, por meio da Ronda Ostensiva com Apoio de Motocicletas (ROCAM), realizou a pris\u00e3o de um homem identificado pelas iniciais A.D.de A., suspeito de estar envolvido em uma s\u00e9rie de assaltos a estabelecimentos comerciais na regi\u00e3o. A captura ocorreu na Avenida Senador Helv\u00eddio Nunes, no [&hellip;]<\/p>\n","protected":false},"author":2,"featured_media":256378,"comment_status":"open","ping_status":"open","sticky":false,"template":"","format":"standard","meta":{"_mi_skip_tracking":false,"footnotes":""},"categories":[25,1,137,16],"tags":[192],"class_list":["post-256376","post","type-post","status-publish","format-standard","has-post-thumbnail","hentry","category-destaques-site","category-geral","category-policia","category-todas","tag-destaqueprincipal"],"acf":[],"yoast_head":"<!-- This site is optimized with the Yoast SEO Premium plugin v19.2 (Yoast SEO v26.9) - https:\/\/yoast.com\/product\/yoast-seo-premium-wordpress\/ -->\n<title>Pol\u00edcia Militar de Picos prende suspeito de s\u00e9rie de assaltos - Portal Not\u00edcia em Pauta<\/title>\n<meta name=\"robots\" content=\"index, follow, max-snippet:-1, max-image-preview:large, max-video-preview:-1\" \/>\n<link rel=\"canonical\" href=\"https:\/\/noticiaempauta.com\/portal\/policia-militar-de-picos-prende-suspeito-de-serie-de-assaltos\/\" \/>\n<meta property=\"og:locale\" content=\"pt_BR\" \/>\n<meta property=\"og:type\" content=\"article\" \/>\n<meta property=\"og:title\" content=\"Pol\u00edcia Militar de Picos prende suspeito de s\u00e9rie de assaltos\" \/>\n<meta property=\"og:description\" content=\"Na \u00faltima sexta-feira, 29 de mar\u00e7o, a Pol\u00edcia Militar de Picos, por meio da Ronda Ostensiva com Apoio de Motocicletas (ROCAM), realizou a pris\u00e3o de um homem identificado pelas iniciais A.D.de A., suspeito de estar envolvido em uma s\u00e9rie de assaltos a estabelecimentos comerciais na regi\u00e3o. A captura ocorreu na Avenida Senador Helv\u00eddio Nunes, no [&hellip;]\" \/>\n<meta property=\"og:url\" content=\"https:\/\/noticiaempauta.com\/portal\/policia-militar-de-picos-prende-suspeito-de-serie-de-assaltos\/\" \/>\n<meta property=\"og:site_name\" content=\"Portal Not\u00edcia em Pauta\" \/>\n<meta property=\"article:publisher\" content=\"https:\/\/www.facebook.com\/Portal-Notcia-Em-Pauta-102292869264820\/\" \/>\n<meta property=\"article:published_time\" content=\"2024-04-01T13:07:52+00:00\" \/>\n<meta property=\"article:modified_time\" content=\"2024-04-01T13:11:52+00:00\" \/>\n<meta property=\"og:image\" content=\"https:\/\/noticiaempauta.com\/portal\/wp-content\/uploads\/2024\/04\/FA-IMG-4d12ad08506225cc633a.png\" \/>\n\t<meta property=\"og:image:width\" content=\"693\" \/>\n\t<meta property=\"og:image:height\" content=\"453\" \/>\n\t<meta property=\"og:image:type\" content=\"image\/png\" \/>\n<meta name=\"author\" content=\"Reda\u00e7\u00e3o\" \/>\n<meta name=\"twitter:card\" content=\"summary_large_image\" \/>\n<meta name=\"twitter:label1\" content=\"Escrito por\" \/>\n\t<meta name=\"twitter:data1\" content=\"Reda\u00e7\u00e3o\" \/>\n\t<meta name=\"twitter:label2\" content=\"Est. tempo de leitura\" \/>\n\t<meta name=\"twitter:data2\" content=\"3 minutos\" \/>\n<script type=\"application\/ld+json\" class=\"yoast-schema-graph\">{\"@context\":\"https:\/\/schema.org\",\"@graph\":[{\"@type\":\"Article\",\"@id\":\"https:\/\/noticiaempauta.com\/portal\/policia-militar-de-picos-prende-suspeito-de-serie-de-assaltos\/#article\",\"isPartOf\":{\"@id\":\"https:\/\/noticiaempauta.com\/portal\/policia-militar-de-picos-prende-suspeito-de-serie-de-assaltos\/\"},\"author\":{\"name\":\"Reda\u00e7\u00e3o\",\"@id\":\"https:\/\/noticiaempauta.com\/portal\/#\/schema\/person\/a74af43dd1ab3deca45f988c717d57ac\"},\"headline\":\"Pol\u00edcia Militar de Picos prende suspeito de s\u00e9rie de assaltos\",\"datePublished\":\"2024-04-01T13:07:52+00:00\",\"dateModified\":\"2024-04-01T13:11:52+00:00\",\"mainEntityOfPage\":{\"@id\":\"https:\/\/noticiaempauta.com\/portal\/policia-militar-de-picos-prende-suspeito-de-serie-de-assaltos\/\"},\"wordCount\":342,\"commentCount\":0,\"publisher\":{\"@id\":\"https:\/\/noticiaempauta.com\/portal\/#organization\"},\"image\":{\"@id\":\"https:\/\/noticiaempauta.com\/portal\/policia-militar-de-picos-prende-suspeito-de-serie-de-assaltos\/#primaryimage\"},\"thumbnailUrl\":\"https:\/\/noticiaempauta.com\/portal\/wp-content\/uploads\/2024\/04\/FA-IMG-4d12ad08506225cc633a.png\",\"keywords\":[\"destaqueprincipal\"],\"articleSection\":[\"Destaques\",\"Geral\",\"Pol\u00edcia\",\"Todas as Not\u00edcias\"],\"inLanguage\":\"pt-BR\",\"potentialAction\":[{\"@type\":\"CommentAction\",\"name\":\"Comment\",\"target\":[\"https:\/\/noticiaempauta.com\/portal\/policia-militar-de-picos-prende-suspeito-de-serie-de-assaltos\/#respond\"]}]},{\"@type\":\"WebPage\",\"@id\":\"https:\/\/noticiaempauta.com\/portal\/policia-militar-de-picos-prende-suspeito-de-serie-de-assaltos\/\",\"url\":\"https:\/\/noticiaempauta.com\/portal\/policia-militar-de-picos-prende-suspeito-de-serie-de-assaltos\/\",\"name\":\"Pol\u00edcia Militar de Picos prende suspeito de s\u00e9rie de assaltos - Portal Not\u00edcia em Pauta\",\"isPartOf\":{\"@id\":\"https:\/\/noticiaempauta.com\/portal\/#website\"},\"primaryImageOfPage\":{\"@id\":\"https:\/\/noticiaempauta.com\/portal\/policia-militar-de-picos-prende-suspeito-de-serie-de-assaltos\/#primaryimage\"},\"image\":{\"@id\":\"https:\/\/noticiaempauta.com\/portal\/policia-militar-de-picos-prende-suspeito-de-serie-de-assaltos\/#primaryimage\"},\"thumbnailUrl\":\"https:\/\/noticiaempauta.com\/portal\/wp-content\/uploads\/2024\/04\/FA-IMG-4d12ad08506225cc633a.png\",\"datePublished\":\"2024-04-01T13:07:52+00:00\",\"dateModified\":\"2024-04-01T13:11:52+00:00\",\"breadcrumb\":{\"@id\":\"https:\/\/noticiaempauta.com\/portal\/policia-militar-de-picos-prende-suspeito-de-serie-de-assaltos\/#breadcrumb\"},\"inLanguage\":\"pt-BR\",\"potentialAction\":[{\"@type\":\"ReadAction\",\"target\":[\"https:\/\/noticiaempauta.com\/portal\/policia-militar-de-picos-prende-suspeito-de-serie-de-assaltos\/\"]}]},{\"@type\":\"ImageObject\",\"inLanguage\":\"pt-BR\",\"@id\":\"https:\/\/noticiaempauta.com\/portal\/policia-militar-de-picos-prende-suspeito-de-serie-de-assaltos\/#primaryimage\",\"url\":\"https:\/\/noticiaempauta.com\/portal\/wp-content\/uploads\/2024\/04\/FA-IMG-4d12ad08506225cc633a.png\",\"contentUrl\":\"https:\/\/noticiaempauta.com\/portal\/wp-content\/uploads\/2024\/04\/FA-IMG-4d12ad08506225cc633a.png\",\"width\":693,\"height\":453},{\"@type\":\"BreadcrumbList\",\"@id\":\"https:\/\/noticiaempauta.com\/portal\/policia-militar-de-picos-prende-suspeito-de-serie-de-assaltos\/#breadcrumb\",\"itemListElement\":[{\"@type\":\"ListItem\",\"position\":1,\"name\":\"P\u00e1gina Inicial\",\"item\":\"https:\/\/noticiaempauta.com\/portal\/\"},{\"@type\":\"ListItem\",\"position\":2,\"name\":\"Destaques\",\"item\":\"https:\/\/noticiaempauta.com\/portal\/destaques-site\/\"},{\"@type\":\"ListItem\",\"position\":3,\"name\":\"Pol\u00edcia Militar de Picos prende suspeito de s\u00e9rie de assaltos\"}]},{\"@type\":\"WebSite\",\"@id\":\"https:\/\/noticiaempauta.com\/portal\/#website\",\"url\":\"https:\/\/noticiaempauta.com\/portal\/\",\"name\":\"Portal Not\u00edcia em Pauta\",\"description\":\"Voc\u00ea bem informado\",\"publisher\":{\"@id\":\"https:\/\/noticiaempauta.com\/portal\/#organization\"},\"potentialAction\":[{\"@type\":\"SearchAction\",\"target\":{\"@type\":\"EntryPoint\",\"urlTemplate\":\"https:\/\/noticiaempauta.com\/portal\/?s={search_term_string}\"},\"query-input\":{\"@type\":\"PropertyValueSpecification\",\"valueRequired\":true,\"valueName\":\"search_term_string\"}}],\"inLanguage\":\"pt-BR\"},{\"@type\":\"Organization\",\"@id\":\"https:\/\/noticiaempauta.com\/portal\/#organization\",\"name\":\"Portal Not\u00edcia em Pauta\",\"url\":\"https:\/\/noticiaempauta.com\/portal\/\",\"logo\":{\"@type\":\"ImageObject\",\"inLanguage\":\"pt-BR\",\"@id\":\"https:\/\/noticiaempauta.com\/portal\/#\/schema\/logo\/image\/\",\"url\":\"https:\/\/noticiaempauta.com\/portal\/wp-content\/uploads\/2022\/08\/logomarca_tema.fw_.png\",\"contentUrl\":\"https:\/\/noticiaempauta.com\/portal\/wp-content\/uploads\/2022\/08\/logomarca_tema.fw_.png\",\"width\":400,\"height\":232,\"caption\":\"Portal Not\u00edcia em Pauta\"},\"image\":{\"@id\":\"https:\/\/noticiaempauta.com\/portal\/#\/schema\/logo\/image\/\"},\"sameAs\":[\"https:\/\/www.facebook.com\/Portal-Notcia-Em-Pauta-102292869264820\/\",\"https:\/\/www.instagram.com\/portalnoticiaempauta\/\"]},{\"@type\":\"Person\",\"@id\":\"https:\/\/noticiaempauta.com\/portal\/#\/schema\/person\/a74af43dd1ab3deca45f988c717d57ac\",\"name\":\"Reda\u00e7\u00e3o\",\"image\":{\"@type\":\"ImageObject\",\"inLanguage\":\"pt-BR\",\"@id\":\"https:\/\/noticiaempauta.com\/portal\/#\/schema\/person\/image\/\",\"url\":\"https:\/\/secure.gravatar.com\/avatar\/03179346ecce6cdfc13361603e8f54242a90e5cde8618fa23c5c00aa2b0aadf3?s=96&d=mm&r=g\",\"contentUrl\":\"https:\/\/secure.gravatar.com\/avatar\/03179346ecce6cdfc13361603e8f54242a90e5cde8618fa23c5c00aa2b0aadf3?s=96&d=mm&r=g\",\"caption\":\"Reda\u00e7\u00e3o\"},\"sameAs\":[\"https:\/\/noticiaempauta.com\/portal\/\"],\"url\":\"https:\/\/noticiaempauta.com\/portal\/author\/fernando\/\"}]}<\/script>\n<!-- \/ Yoast SEO Premium plugin. -->","yoast_head_json":{"title":"Pol\u00edcia Militar de Picos prende suspeito de s\u00e9rie de assaltos - Portal Not\u00edcia em Pauta","robots":{"index":"index","follow":"follow","max-snippet":"max-snippet:-1","max-image-preview":"max-image-preview:large","max-video-preview":"max-video-preview:-1"},"canonical":"https:\/\/noticiaempauta.com\/portal\/policia-militar-de-picos-prende-suspeito-de-serie-de-assaltos\/","og_locale":"pt_BR","og_type":"article","og_title":"Pol\u00edcia Militar de Picos prende suspeito de s\u00e9rie de assaltos","og_description":"Na \u00faltima sexta-feira, 29 de mar\u00e7o, a Pol\u00edcia Militar de Picos, por meio da Ronda Ostensiva com Apoio de Motocicletas (ROCAM), realizou a pris\u00e3o de um homem identificado pelas iniciais A.D.de A., suspeito de estar envolvido em uma s\u00e9rie de assaltos a estabelecimentos comerciais na regi\u00e3o. A captura ocorreu na Avenida Senador Helv\u00eddio Nunes, no [&hellip;]","og_url":"https:\/\/noticiaempauta.com\/portal\/policia-militar-de-picos-prende-suspeito-de-serie-de-assaltos\/","og_site_name":"Portal Not\u00edcia em Pauta","article_publisher":"https:\/\/www.facebook.com\/Portal-Notcia-Em-Pauta-102292869264820\/","article_published_time":"2024-04-01T13:07:52+00:00","article_modified_time":"2024-04-01T13:11:52+00:00","og_image":[{"width":693,"height":453,"url":"https:\/\/noticiaempauta.com\/portal\/wp-content\/uploads\/2024\/04\/FA-IMG-4d12ad08506225cc633a.png","type":"image\/png"}],"author":"Reda\u00e7\u00e3o","twitter_card":"summary_large_image","twitter_misc":{"Escrito por":"Reda\u00e7\u00e3o","Est. tempo de leitura":"3 minutos"},"schema":{"@context":"https:\/\/schema.org","@graph":[{"@type":"Article","@id":"https:\/\/noticiaempauta.com\/portal\/policia-militar-de-picos-prende-suspeito-de-serie-de-assaltos\/#article","isPartOf":{"@id":"https:\/\/noticiaempauta.com\/portal\/policia-militar-de-picos-prende-suspeito-de-serie-de-assaltos\/"},"author":{"name":"Reda\u00e7\u00e3o","@id":"https:\/\/noticiaempauta.com\/portal\/#\/schema\/person\/a74af43dd1ab3deca45f988c717d57ac"},"headline":"Pol\u00edcia Militar de Picos prende suspeito de s\u00e9rie de assaltos","datePublished":"2024-04-01T13:07:52+00:00","dateModified":"2024-04-01T13:11:52+00:00","mainEntityOfPage":{"@id":"https:\/\/noticiaempauta.com\/portal\/policia-militar-de-picos-prende-suspeito-de-serie-de-assaltos\/"},"wordCount":342,"commentCount":0,"publisher":{"@id":"https:\/\/noticiaempauta.com\/portal\/#organization"},"image":{"@id":"https:\/\/noticiaempauta.com\/portal\/policia-militar-de-picos-prende-suspeito-de-serie-de-assaltos\/#primaryimage"},"thumbnailUrl":"https:\/\/noticiaempauta.com\/portal\/wp-content\/uploads\/2024\/04\/FA-IMG-4d12ad08506225cc633a.png","keywords":["destaqueprincipal"],"articleSection":["Destaques","Geral","Pol\u00edcia","Todas as Not\u00edcias"],"inLanguage":"pt-BR","potentialAction":[{"@type":"CommentAction","name":"Comment","target":["https:\/\/noticiaempauta.com\/portal\/policia-militar-de-picos-prende-suspeito-de-serie-de-assaltos\/#respond"]}]},{"@type":"WebPage","@id":"https:\/\/noticiaempauta.com\/portal\/policia-militar-de-picos-prende-suspeito-de-serie-de-assaltos\/","url":"https:\/\/noticiaempauta.com\/portal\/policia-militar-de-picos-prende-suspeito-de-serie-de-assaltos\/","name":"Pol\u00edcia Militar de Picos prende suspeito de s\u00e9rie de assaltos - Portal Not\u00edcia em Pauta","isPartOf":{"@id":"https:\/\/noticiaempauta.com\/portal\/#website"},"primaryImageOfPage":{"@id":"https:\/\/noticiaempauta.com\/portal\/policia-militar-de-picos-prende-suspeito-de-serie-de-assaltos\/#primaryimage"},"image":{"@id":"https:\/\/noticiaempauta.com\/portal\/policia-militar-de-picos-prende-suspeito-de-serie-de-assaltos\/#primaryimage"},"thumbnailUrl":"https:\/\/noticiaempauta.com\/portal\/wp-content\/uploads\/2024\/04\/FA-IMG-4d12ad08506225cc633a.png","datePublished":"2024-04-01T13:07:52+00:00","dateModified":"2024-04-01T13:11:52+00:00","breadcrumb":{"@id":"https:\/\/noticiaempauta.com\/portal\/policia-militar-de-picos-prende-suspeito-de-serie-de-assaltos\/#breadcrumb"},"inLanguage":"pt-BR","potentialAction":[{"@type":"ReadAction","target":["https:\/\/noticiaempauta.com\/portal\/policia-militar-de-picos-prende-suspeito-de-serie-de-assaltos\/"]}]},{"@type":"ImageObject","inLanguage":"pt-BR","@id":"https:\/\/noticiaempauta.com\/portal\/policia-militar-de-picos-prende-suspeito-de-serie-de-assaltos\/#primaryimage","url":"https:\/\/noticiaempauta.com\/portal\/wp-content\/uploads\/2024\/04\/FA-IMG-4d12ad08506225cc633a.png","contentUrl":"https:\/\/noticiaempauta.com\/portal\/wp-content\/uploads\/2024\/04\/FA-IMG-4d12ad08506225cc633a.png","width":693,"height":453},{"@type":"BreadcrumbList","@id":"https:\/\/noticiaempauta.com\/portal\/policia-militar-de-picos-prende-suspeito-de-serie-de-assaltos\/#breadcrumb","itemListElement":[{"@type":"ListItem","position":1,"name":"P\u00e1gina Inicial","item":"https:\/\/noticiaempauta.com\/portal\/"},{"@type":"ListItem","position":2,"name":"Destaques","item":"https:\/\/noticiaempauta.com\/portal\/destaques-site\/"},{"@type":"ListItem","position":3,"name":"Pol\u00edcia Militar de Picos prende suspeito de s\u00e9rie de assaltos"}]},{"@type":"WebSite","@id":"https:\/\/noticiaempauta.com\/portal\/#website","url":"https:\/\/noticiaempauta.com\/portal\/","name":"Portal Not\u00edcia em Pauta","description":"Voc\u00ea bem informado","publisher":{"@id":"https:\/\/noticiaempauta.com\/portal\/#organization"},"potentialAction":[{"@type":"SearchAction","target":{"@type":"EntryPoint","urlTemplate":"https:\/\/noticiaempauta.com\/portal\/?s={search_term_string}"},"query-input":{"@type":"PropertyValueSpecification","valueRequired":true,"valueName":"search_term_string"}}],"inLanguage":"pt-BR"},{"@type":"Organization","@id":"https:\/\/noticiaempauta.com\/portal\/#organization","name":"Portal Not\u00edcia em Pauta","url":"https:\/\/noticiaempauta.com\/portal\/","logo":{"@type":"ImageObject","inLanguage":"pt-BR","@id":"https:\/\/noticiaempauta.com\/portal\/#\/schema\/logo\/image\/","url":"https:\/\/noticiaempauta.com\/portal\/wp-content\/uploads\/2022\/08\/logomarca_tema.fw_.png","contentUrl":"https:\/\/noticiaempauta.com\/portal\/wp-content\/uploads\/2022\/08\/logomarca_tema.fw_.png","width":400,"height":232,"caption":"Portal Not\u00edcia em Pauta"},"image":{"@id":"https:\/\/noticiaempauta.com\/portal\/#\/schema\/logo\/image\/"},"sameAs":["https:\/\/www.facebook.com\/Portal-Notcia-Em-Pauta-102292869264820\/","https:\/\/www.instagram.com\/portalnoticiaempauta\/"]},{"@type":"Person","@id":"https:\/\/noticiaempauta.com\/portal\/#\/schema\/person\/a74af43dd1ab3deca45f988c717d57ac","name":"Reda\u00e7\u00e3o","image":{"@type":"ImageObject","inLanguage":"pt-BR","@id":"https:\/\/noticiaempauta.com\/portal\/#\/schema\/person\/image\/","url":"https:\/\/secure.gravatar.com\/avatar\/03179346ecce6cdfc13361603e8f54242a90e5cde8618fa23c5c00aa2b0aadf3?s=96&d=mm&r=g","contentUrl":"https:\/\/secure.gravatar.com\/avatar\/03179346ecce6cdfc13361603e8f54242a90e5cde8618fa23c5c00aa2b0aadf3?s=96&d=mm&r=g","caption":"Reda\u00e7\u00e3o"},"sameAs":["https:\/\/noticiaempauta.com\/portal\/"],"url":"https:\/\/noticiaempauta.com\/portal\/author\/fernando\/"}]}},"_links":{"self":[{"href":"https:\/\/noticiaempauta.com\/portal\/wp-json\/wp\/v2\/posts\/256376","targetHints":{"allow":["GET"]}}],"collection":[{"href":"https:\/\/noticiaempauta.com\/portal\/wp-json\/wp\/v2\/posts"}],"about":[{"href":"https:\/\/noticiaempauta.com\/portal\/wp-json\/wp\/v2\/types\/post"}],"author":[{"embeddable":true,"href":"https:\/\/noticiaempauta.com\/portal\/wp-json\/wp\/v2\/users\/2"}],"replies":[{"embeddable":true,"href":"https:\/\/noticiaempauta.com\/portal\/wp-json\/wp\/v2\/comments?post=256376"}],"version-history":[{"count":3,"href":"https:\/\/noticiaempauta.com\/portal\/wp-json\/wp\/v2\/posts\/256376\/revisions"}],"predecessor-version":[{"id":256383,"href":"https:\/\/noticiaempauta.com\/portal\/wp-json\/wp\/v2\/posts\/256376\/revisions\/256383"}],"wp:featuredmedia":[{"embeddable":true,"href":"https:\/\/noticiaempauta.com\/portal\/wp-json\/wp\/v2\/media\/256378"}],"wp:attachment":[{"href":"https:\/\/noticiaempauta.com\/portal\/wp-json\/wp\/v2\/media?parent=256376"}],"wp:term":[{"taxonomy":"category","embeddable":true,"href":"https:\/\/noticiaempauta.com\/portal\/wp-json\/wp\/v2\/categories?post=256376"},{"taxonomy":"post_tag","embeddable":true,"href":"https:\/\/noticiaempauta.com\/portal\/wp-json\/wp\/v2\/tags?post=256376"}],"curies":[{"name":"wp","href":"https:\/\/api.w.org\/{rel}","templated":true}]}}