{"id":256394,"date":"2024-04-01T17:35:20","date_gmt":"2024-04-01T20:35:20","guid":{"rendered":"https:\/\/noticiaempauta.com\/portal\/?p=256394"},"modified":"2024-04-01T17:36:46","modified_gmt":"2024-04-01T20:36:46","slug":"eleicoes-2024-progressistas-e-pl-realizam-ato-de-filiacao-em-picos","status":"publish","type":"post","link":"https:\/\/noticiaempauta.com\/portal\/eleicoes-2024-progressistas-e-pl-realizam-ato-de-filiacao-em-picos\/","title":{"rendered":"Elei\u00e7\u00f5es 2024: Progressistas e PL realizam ato de filia\u00e7\u00e3o em Picos"},"content":{"rendered":"\n<p>Na manh\u00e3 desta segunda-feira (01) foi realizado no munic\u00edpio de Picos o ato de filia\u00e7\u00f5es dos Partidos Progressistas e Liberal (PL). O evento aconteceu no audit\u00f3rio da Associa\u00e7\u00e3o Comercial de Picos e reuniu apoiadores e lideran\u00e7as pol\u00edticas locais.&nbsp;<br><\/p>\n\n\n\n<figure class=\"wp-block-image size-full\"><img fetchpriority=\"high\" decoding=\"async\" width=\"790\" height=\"527\" src=\"https:\/\/noticiaempauta.com\/portal\/wp-content\/uploads\/2024\/04\/IMG_0506.jpeg\" alt=\"\" class=\"wp-image-256396\" srcset=\"https:\/\/noticiaempauta.com\/portal\/wp-content\/uploads\/2024\/04\/IMG_0506.jpeg 790w, https:\/\/noticiaempauta.com\/portal\/wp-content\/uploads\/2024\/04\/IMG_0506-300x200.jpeg 300w, https:\/\/noticiaempauta.com\/portal\/wp-content\/uploads\/2024\/04\/IMG_0506-768x512.jpeg 768w\" sizes=\"(max-width: 790px) 100vw, 790px\" \/><\/figure>\n\n\n\n<p>Se filiaram aos partidos, o vereador Afonso Guimar\u00e3es, os suplentes de vereadores: Sim\u00e3o Carvalho, Renato Ibiapino, Evandro Paturi. Lideran\u00e7as que ocupam cargos na Administra\u00e7\u00e3o Municipal tamb\u00e9m se filiaram como o secret\u00e1rio de Defesa Civil, Jo\u00e3o Ara\u00fajo, secret\u00e1rio de Desenvolvimento Econ\u00f4mico, Iata Anderson, coordenador do FUMIP, Raniery Lima.<\/p>\n\n\n\n<figure class=\"wp-block-image size-full\"><img decoding=\"async\" width=\"790\" height=\"527\" src=\"https:\/\/noticiaempauta.com\/portal\/wp-content\/uploads\/2024\/04\/IMG_0507.jpeg\" alt=\"\" class=\"wp-image-256397\" srcset=\"https:\/\/noticiaempauta.com\/portal\/wp-content\/uploads\/2024\/04\/IMG_0507.jpeg 790w, https:\/\/noticiaempauta.com\/portal\/wp-content\/uploads\/2024\/04\/IMG_0507-300x200.jpeg 300w, https:\/\/noticiaempauta.com\/portal\/wp-content\/uploads\/2024\/04\/IMG_0507-768x512.jpeg 768w\" sizes=\"(max-width: 790px) 100vw, 790px\" \/><\/figure>\n\n\n\n<p>O senador da Rep\u00fablica, Ciro Nogueira (Progressistas), esteve presente no evento e destacou que dedicar\u00e1 apoio absoluto a base do prefeito, Gil Paraibano (Progressistas), para as elei\u00e7\u00f5es de 2024.<\/p>\n\n\n\n<figure class=\"wp-block-image size-full\"><img decoding=\"async\" width=\"790\" height=\"624\" src=\"https:\/\/noticiaempauta.com\/portal\/wp-content\/uploads\/2024\/04\/IMG_0509.jpeg\" alt=\"\" class=\"wp-image-256398\" srcset=\"https:\/\/noticiaempauta.com\/portal\/wp-content\/uploads\/2024\/04\/IMG_0509.jpeg 790w, https:\/\/noticiaempauta.com\/portal\/wp-content\/uploads\/2024\/04\/IMG_0509-300x237.jpeg 300w, https:\/\/noticiaempauta.com\/portal\/wp-content\/uploads\/2024\/04\/IMG_0509-768x607.jpeg 768w\" sizes=\"(max-width: 790px) 100vw, 790px\" \/><\/figure>\n\n\n\n<p>&#8220;\u00c9 uma alegria muito grande por estar ao lado desse grande prefeito, refer\u00eancia no Estado do Piau\u00ed, Gil Paraibano. Estamos participando deste ato que representa a chegada de novos membros ao nosso partido, nos preparando para as elei\u00e7\u00f5es de 2024. Eu n\u00e3o tenho d\u00favidas que ele far\u00e1 um mandato ainda melhor em 2025, casa arrumada, fruto do seu trabalho e dedica\u00e7\u00e3o nessa alian\u00e7a que ele faz com o povo de Picos.&nbsp; O munic\u00edpio de Picos \u00e9 muito importante no cen\u00e1rio estadual e vamos sim ter uma aten\u00e7\u00e3o especial, Picos tem que continuar nas m\u00e3os de um homem de bem&#8221;, ressaltou Ciro Nogueira.<\/p>\n\n\n\n<figure class=\"wp-block-image size-full\"><img loading=\"lazy\" decoding=\"async\" width=\"790\" height=\"687\" src=\"https:\/\/noticiaempauta.com\/portal\/wp-content\/uploads\/2024\/04\/IMG_0510.jpeg\" alt=\"\" class=\"wp-image-256399\" srcset=\"https:\/\/noticiaempauta.com\/portal\/wp-content\/uploads\/2024\/04\/IMG_0510.jpeg 790w, https:\/\/noticiaempauta.com\/portal\/wp-content\/uploads\/2024\/04\/IMG_0510-300x261.jpeg 300w, https:\/\/noticiaempauta.com\/portal\/wp-content\/uploads\/2024\/04\/IMG_0510-768x668.jpeg 768w\" sizes=\"(max-width: 790px) 100vw, 790px\" \/><\/figure>\n\n\n\n<p>O presidente estadual do Progressistas, Joel Rodrigues, pontuou que o ato de filia\u00e7\u00f5es \u00e9 um importante passo para a pr\u00e9-campanha do grupo liderado por Gil Paraibano.<\/p>\n\n\n\n<p>&#8220;O prefeito Gil Paraibano \u00e9 uma grande refer\u00eancia do nosso partido, n\u00e3o s\u00f3 como gestor, mas como um grande l\u00edder do Estado do Piau\u00ed. O ato de filia\u00e7\u00f5es \u00e9 importante porque \u00e9 um momento para fortalecer a sua pr\u00e9-candidatura a Prefeitura de Picos&#8221;, disse Joel Rodrigues.<\/p>\n\n\n\n<p>O prefeito de Picos, Gil Paraibano, frisou que as alian\u00e7as que formar\u00e1 s\u00e3o com o povo.<\/p>\n\n\n\n<figure class=\"wp-block-image size-full\"><img loading=\"lazy\" decoding=\"async\" width=\"790\" height=\"653\" src=\"https:\/\/noticiaempauta.com\/portal\/wp-content\/uploads\/2024\/04\/IMG_0508.jpeg\" alt=\"\" class=\"wp-image-256400\" srcset=\"https:\/\/noticiaempauta.com\/portal\/wp-content\/uploads\/2024\/04\/IMG_0508.jpeg 790w, https:\/\/noticiaempauta.com\/portal\/wp-content\/uploads\/2024\/04\/IMG_0508-300x248.jpeg 300w, https:\/\/noticiaempauta.com\/portal\/wp-content\/uploads\/2024\/04\/IMG_0508-768x635.jpeg 768w\" sizes=\"(max-width: 790px) 100vw, 790px\" \/><\/figure>\n\n\n\n<p>&#8220;Hoje recebemos novos nomes que chegam ao Partido Progressistas. Estas pessoas s\u00e3o fortes com o prefeito Gil Paraibano, foram assediadas, mas ainda aqui se mant\u00e9m. Ainda tem muito tempo para elei\u00e7\u00e3o, mas vamos procurar montar\u00a0 uma chapa forte, nossa alian\u00e7a \u00e9 com o povo&#8221;, comentou.<\/p>\n\n\n\n<p><strong>Confira a reportagem<\/strong> <\/p>\n\n\n\n<figure class=\"wp-block-embed is-type-video is-provider-youtube wp-block-embed-youtube wp-embed-aspect-16-9 wp-has-aspect-ratio\"><div class=\"wp-block-embed__wrapper\">\n<iframe title=\"Elei\u00e7\u00f5es 2024: Progressistas e PL realizam ato de filia\u00e7\u00e3o em Picos\" width=\"800\" height=\"450\" src=\"https:\/\/www.youtube.com\/embed\/qbP6ZrREBQo?feature=oembed\" frameborder=\"0\" allow=\"accelerometer; autoplay; clipboard-write; encrypted-media; gyroscope; picture-in-picture; web-share\" referrerpolicy=\"strict-origin-when-cross-origin\" allowfullscreen><\/iframe>\n<\/div><\/figure>\n\n\n\n<p>Fonte e Fotos: Cidade Verde<\/p>\n\n\n\n<p><\/p>\n\n\n\n<p><\/p>\n","protected":false},"excerpt":{"rendered":"<p>Na manh\u00e3 desta segunda-feira (01) foi realizado no munic\u00edpio de Picos o ato de filia\u00e7\u00f5es dos Partidos Progressistas e Liberal (PL). O evento aconteceu no audit\u00f3rio da Associa\u00e7\u00e3o Comercial de Picos e reuniu apoiadores e lideran\u00e7as pol\u00edticas locais.&nbsp; Se filiaram aos partidos, o vereador Afonso Guimar\u00e3es, os suplentes de vereadores: Sim\u00e3o Carvalho, Renato Ibiapino, Evandro [&hellip;]<\/p>\n","protected":false},"author":2,"featured_media":256396,"comment_status":"open","ping_status":"open","sticky":false,"template":"","format":"standard","meta":{"_mi_skip_tracking":false,"footnotes":""},"categories":[25,1,3,16],"tags":[192],"class_list":["post-256394","post","type-post","status-publish","format-standard","has-post-thumbnail","hentry","category-destaques-site","category-geral","category-politica","category-todas","tag-destaqueprincipal"],"acf":[],"yoast_head":"<!-- This site is optimized with the Yoast SEO Premium plugin v19.2 (Yoast SEO v26.9) - https:\/\/yoast.com\/product\/yoast-seo-premium-wordpress\/ -->\n<title>Elei\u00e7\u00f5es 2024: Progressistas e PL realizam ato de filia\u00e7\u00e3o em Picos - Portal Not\u00edcia em Pauta<\/title>\n<meta name=\"robots\" content=\"index, follow, max-snippet:-1, max-image-preview:large, max-video-preview:-1\" \/>\n<link rel=\"canonical\" href=\"https:\/\/noticiaempauta.com\/portal\/eleicoes-2024-progressistas-e-pl-realizam-ato-de-filiacao-em-picos\/\" \/>\n<meta property=\"og:locale\" content=\"pt_BR\" \/>\n<meta property=\"og:type\" content=\"article\" \/>\n<meta property=\"og:title\" content=\"Elei\u00e7\u00f5es 2024: Progressistas e PL realizam ato de filia\u00e7\u00e3o em Picos\" \/>\n<meta property=\"og:description\" content=\"Na manh\u00e3 desta segunda-feira (01) foi realizado no munic\u00edpio de Picos o ato de filia\u00e7\u00f5es dos Partidos Progressistas e Liberal (PL). O evento aconteceu no audit\u00f3rio da Associa\u00e7\u00e3o Comercial de Picos e reuniu apoiadores e lideran\u00e7as pol\u00edticas locais.&nbsp; Se filiaram aos partidos, o vereador Afonso Guimar\u00e3es, os suplentes de vereadores: Sim\u00e3o Carvalho, Renato Ibiapino, Evandro [&hellip;]\" \/>\n<meta property=\"og:url\" content=\"https:\/\/noticiaempauta.com\/portal\/eleicoes-2024-progressistas-e-pl-realizam-ato-de-filiacao-em-picos\/\" \/>\n<meta property=\"og:site_name\" content=\"Portal Not\u00edcia em Pauta\" \/>\n<meta property=\"article:publisher\" content=\"https:\/\/www.facebook.com\/Portal-Notcia-Em-Pauta-102292869264820\/\" \/>\n<meta property=\"article:published_time\" content=\"2024-04-01T20:35:20+00:00\" \/>\n<meta property=\"article:modified_time\" content=\"2024-04-01T20:36:46+00:00\" \/>\n<meta property=\"og:image\" content=\"https:\/\/noticiaempauta.com\/portal\/wp-content\/uploads\/2024\/04\/IMG_0506.jpeg\" \/>\n\t<meta property=\"og:image:width\" content=\"790\" \/>\n\t<meta property=\"og:image:height\" content=\"527\" \/>\n\t<meta property=\"og:image:type\" content=\"image\/jpeg\" \/>\n<meta name=\"author\" content=\"Reda\u00e7\u00e3o\" \/>\n<meta name=\"twitter:card\" content=\"summary_large_image\" \/>\n<meta name=\"twitter:label1\" content=\"Escrito por\" \/>\n\t<meta name=\"twitter:data1\" content=\"Reda\u00e7\u00e3o\" \/>\n\t<meta name=\"twitter:label2\" content=\"Est. tempo de leitura\" \/>\n\t<meta name=\"twitter:data2\" content=\"4 minutos\" \/>\n<script type=\"application\/ld+json\" class=\"yoast-schema-graph\">{\"@context\":\"https:\/\/schema.org\",\"@graph\":[{\"@type\":\"Article\",\"@id\":\"https:\/\/noticiaempauta.com\/portal\/eleicoes-2024-progressistas-e-pl-realizam-ato-de-filiacao-em-picos\/#article\",\"isPartOf\":{\"@id\":\"https:\/\/noticiaempauta.com\/portal\/eleicoes-2024-progressistas-e-pl-realizam-ato-de-filiacao-em-picos\/\"},\"author\":{\"name\":\"Reda\u00e7\u00e3o\",\"@id\":\"https:\/\/noticiaempauta.com\/portal\/#\/schema\/person\/a74af43dd1ab3deca45f988c717d57ac\"},\"headline\":\"Elei\u00e7\u00f5es 2024: Progressistas e PL realizam ato de filia\u00e7\u00e3o em Picos\",\"datePublished\":\"2024-04-01T20:35:20+00:00\",\"dateModified\":\"2024-04-01T20:36:46+00:00\",\"mainEntityOfPage\":{\"@id\":\"https:\/\/noticiaempauta.com\/portal\/eleicoes-2024-progressistas-e-pl-realizam-ato-de-filiacao-em-picos\/\"},\"wordCount\":410,\"commentCount\":0,\"publisher\":{\"@id\":\"https:\/\/noticiaempauta.com\/portal\/#organization\"},\"image\":{\"@id\":\"https:\/\/noticiaempauta.com\/portal\/eleicoes-2024-progressistas-e-pl-realizam-ato-de-filiacao-em-picos\/#primaryimage\"},\"thumbnailUrl\":\"https:\/\/noticiaempauta.com\/portal\/wp-content\/uploads\/2024\/04\/IMG_0506.jpeg\",\"keywords\":[\"destaqueprincipal\"],\"articleSection\":[\"Destaques\",\"Geral\",\"Pol\u00edtica\",\"Todas as Not\u00edcias\"],\"inLanguage\":\"pt-BR\",\"potentialAction\":[{\"@type\":\"CommentAction\",\"name\":\"Comment\",\"target\":[\"https:\/\/noticiaempauta.com\/portal\/eleicoes-2024-progressistas-e-pl-realizam-ato-de-filiacao-em-picos\/#respond\"]}]},{\"@type\":\"WebPage\",\"@id\":\"https:\/\/noticiaempauta.com\/portal\/eleicoes-2024-progressistas-e-pl-realizam-ato-de-filiacao-em-picos\/\",\"url\":\"https:\/\/noticiaempauta.com\/portal\/eleicoes-2024-progressistas-e-pl-realizam-ato-de-filiacao-em-picos\/\",\"name\":\"Elei\u00e7\u00f5es 2024: Progressistas e PL realizam ato de filia\u00e7\u00e3o em Picos - Portal Not\u00edcia em Pauta\",\"isPartOf\":{\"@id\":\"https:\/\/noticiaempauta.com\/portal\/#website\"},\"primaryImageOfPage\":{\"@id\":\"https:\/\/noticiaempauta.com\/portal\/eleicoes-2024-progressistas-e-pl-realizam-ato-de-filiacao-em-picos\/#primaryimage\"},\"image\":{\"@id\":\"https:\/\/noticiaempauta.com\/portal\/eleicoes-2024-progressistas-e-pl-realizam-ato-de-filiacao-em-picos\/#primaryimage\"},\"thumbnailUrl\":\"https:\/\/noticiaempauta.com\/portal\/wp-content\/uploads\/2024\/04\/IMG_0506.jpeg\",\"datePublished\":\"2024-04-01T20:35:20+00:00\",\"dateModified\":\"2024-04-01T20:36:46+00:00\",\"breadcrumb\":{\"@id\":\"https:\/\/noticiaempauta.com\/portal\/eleicoes-2024-progressistas-e-pl-realizam-ato-de-filiacao-em-picos\/#breadcrumb\"},\"inLanguage\":\"pt-BR\",\"potentialAction\":[{\"@type\":\"ReadAction\",\"target\":[\"https:\/\/noticiaempauta.com\/portal\/eleicoes-2024-progressistas-e-pl-realizam-ato-de-filiacao-em-picos\/\"]}]},{\"@type\":\"ImageObject\",\"inLanguage\":\"pt-BR\",\"@id\":\"https:\/\/noticiaempauta.com\/portal\/eleicoes-2024-progressistas-e-pl-realizam-ato-de-filiacao-em-picos\/#primaryimage\",\"url\":\"https:\/\/noticiaempauta.com\/portal\/wp-content\/uploads\/2024\/04\/IMG_0506.jpeg\",\"contentUrl\":\"https:\/\/noticiaempauta.com\/portal\/wp-content\/uploads\/2024\/04\/IMG_0506.jpeg\",\"width\":790,\"height\":527},{\"@type\":\"BreadcrumbList\",\"@id\":\"https:\/\/noticiaempauta.com\/portal\/eleicoes-2024-progressistas-e-pl-realizam-ato-de-filiacao-em-picos\/#breadcrumb\",\"itemListElement\":[{\"@type\":\"ListItem\",\"position\":1,\"name\":\"P\u00e1gina Inicial\",\"item\":\"https:\/\/noticiaempauta.com\/portal\/\"},{\"@type\":\"ListItem\",\"position\":2,\"name\":\"Destaques\",\"item\":\"https:\/\/noticiaempauta.com\/portal\/destaques-site\/\"},{\"@type\":\"ListItem\",\"position\":3,\"name\":\"Elei\u00e7\u00f5es 2024: Progressistas e PL realizam ato de filia\u00e7\u00e3o em Picos\"}]},{\"@type\":\"WebSite\",\"@id\":\"https:\/\/noticiaempauta.com\/portal\/#website\",\"url\":\"https:\/\/noticiaempauta.com\/portal\/\",\"name\":\"Portal Not\u00edcia em Pauta\",\"description\":\"Voc\u00ea bem informado\",\"publisher\":{\"@id\":\"https:\/\/noticiaempauta.com\/portal\/#organization\"},\"potentialAction\":[{\"@type\":\"SearchAction\",\"target\":{\"@type\":\"EntryPoint\",\"urlTemplate\":\"https:\/\/noticiaempauta.com\/portal\/?s={search_term_string}\"},\"query-input\":{\"@type\":\"PropertyValueSpecification\",\"valueRequired\":true,\"valueName\":\"search_term_string\"}}],\"inLanguage\":\"pt-BR\"},{\"@type\":\"Organization\",\"@id\":\"https:\/\/noticiaempauta.com\/portal\/#organization\",\"name\":\"Portal Not\u00edcia em Pauta\",\"url\":\"https:\/\/noticiaempauta.com\/portal\/\",\"logo\":{\"@type\":\"ImageObject\",\"inLanguage\":\"pt-BR\",\"@id\":\"https:\/\/noticiaempauta.com\/portal\/#\/schema\/logo\/image\/\",\"url\":\"https:\/\/noticiaempauta.com\/portal\/wp-content\/uploads\/2022\/08\/logomarca_tema.fw_.png\",\"contentUrl\":\"https:\/\/noticiaempauta.com\/portal\/wp-content\/uploads\/2022\/08\/logomarca_tema.fw_.png\",\"width\":400,\"height\":232,\"caption\":\"Portal Not\u00edcia em Pauta\"},\"image\":{\"@id\":\"https:\/\/noticiaempauta.com\/portal\/#\/schema\/logo\/image\/\"},\"sameAs\":[\"https:\/\/www.facebook.com\/Portal-Notcia-Em-Pauta-102292869264820\/\",\"https:\/\/www.instagram.com\/portalnoticiaempauta\/\"]},{\"@type\":\"Person\",\"@id\":\"https:\/\/noticiaempauta.com\/portal\/#\/schema\/person\/a74af43dd1ab3deca45f988c717d57ac\",\"name\":\"Reda\u00e7\u00e3o\",\"image\":{\"@type\":\"ImageObject\",\"inLanguage\":\"pt-BR\",\"@id\":\"https:\/\/noticiaempauta.com\/portal\/#\/schema\/person\/image\/\",\"url\":\"https:\/\/secure.gravatar.com\/avatar\/03179346ecce6cdfc13361603e8f54242a90e5cde8618fa23c5c00aa2b0aadf3?s=96&d=mm&r=g\",\"contentUrl\":\"https:\/\/secure.gravatar.com\/avatar\/03179346ecce6cdfc13361603e8f54242a90e5cde8618fa23c5c00aa2b0aadf3?s=96&d=mm&r=g\",\"caption\":\"Reda\u00e7\u00e3o\"},\"sameAs\":[\"https:\/\/noticiaempauta.com\/portal\/\"],\"url\":\"https:\/\/noticiaempauta.com\/portal\/author\/fernando\/\"}]}<\/script>\n<!-- \/ Yoast SEO Premium plugin. -->","yoast_head_json":{"title":"Elei\u00e7\u00f5es 2024: Progressistas e PL realizam ato de filia\u00e7\u00e3o em Picos - Portal Not\u00edcia em Pauta","robots":{"index":"index","follow":"follow","max-snippet":"max-snippet:-1","max-image-preview":"max-image-preview:large","max-video-preview":"max-video-preview:-1"},"canonical":"https:\/\/noticiaempauta.com\/portal\/eleicoes-2024-progressistas-e-pl-realizam-ato-de-filiacao-em-picos\/","og_locale":"pt_BR","og_type":"article","og_title":"Elei\u00e7\u00f5es 2024: Progressistas e PL realizam ato de filia\u00e7\u00e3o em Picos","og_description":"Na manh\u00e3 desta segunda-feira (01) foi realizado no munic\u00edpio de Picos o ato de filia\u00e7\u00f5es dos Partidos Progressistas e Liberal (PL). O evento aconteceu no audit\u00f3rio da Associa\u00e7\u00e3o Comercial de Picos e reuniu apoiadores e lideran\u00e7as pol\u00edticas locais.&nbsp; Se filiaram aos partidos, o vereador Afonso Guimar\u00e3es, os suplentes de vereadores: Sim\u00e3o Carvalho, Renato Ibiapino, Evandro [&hellip;]","og_url":"https:\/\/noticiaempauta.com\/portal\/eleicoes-2024-progressistas-e-pl-realizam-ato-de-filiacao-em-picos\/","og_site_name":"Portal Not\u00edcia em Pauta","article_publisher":"https:\/\/www.facebook.com\/Portal-Notcia-Em-Pauta-102292869264820\/","article_published_time":"2024-04-01T20:35:20+00:00","article_modified_time":"2024-04-01T20:36:46+00:00","og_image":[{"width":790,"height":527,"url":"https:\/\/noticiaempauta.com\/portal\/wp-content\/uploads\/2024\/04\/IMG_0506.jpeg","type":"image\/jpeg"}],"author":"Reda\u00e7\u00e3o","twitter_card":"summary_large_image","twitter_misc":{"Escrito por":"Reda\u00e7\u00e3o","Est. tempo de leitura":"4 minutos"},"schema":{"@context":"https:\/\/schema.org","@graph":[{"@type":"Article","@id":"https:\/\/noticiaempauta.com\/portal\/eleicoes-2024-progressistas-e-pl-realizam-ato-de-filiacao-em-picos\/#article","isPartOf":{"@id":"https:\/\/noticiaempauta.com\/portal\/eleicoes-2024-progressistas-e-pl-realizam-ato-de-filiacao-em-picos\/"},"author":{"name":"Reda\u00e7\u00e3o","@id":"https:\/\/noticiaempauta.com\/portal\/#\/schema\/person\/a74af43dd1ab3deca45f988c717d57ac"},"headline":"Elei\u00e7\u00f5es 2024: Progressistas e PL realizam ato de filia\u00e7\u00e3o em Picos","datePublished":"2024-04-01T20:35:20+00:00","dateModified":"2024-04-01T20:36:46+00:00","mainEntityOfPage":{"@id":"https:\/\/noticiaempauta.com\/portal\/eleicoes-2024-progressistas-e-pl-realizam-ato-de-filiacao-em-picos\/"},"wordCount":410,"commentCount":0,"publisher":{"@id":"https:\/\/noticiaempauta.com\/portal\/#organization"},"image":{"@id":"https:\/\/noticiaempauta.com\/portal\/eleicoes-2024-progressistas-e-pl-realizam-ato-de-filiacao-em-picos\/#primaryimage"},"thumbnailUrl":"https:\/\/noticiaempauta.com\/portal\/wp-content\/uploads\/2024\/04\/IMG_0506.jpeg","keywords":["destaqueprincipal"],"articleSection":["Destaques","Geral","Pol\u00edtica","Todas as Not\u00edcias"],"inLanguage":"pt-BR","potentialAction":[{"@type":"CommentAction","name":"Comment","target":["https:\/\/noticiaempauta.com\/portal\/eleicoes-2024-progressistas-e-pl-realizam-ato-de-filiacao-em-picos\/#respond"]}]},{"@type":"WebPage","@id":"https:\/\/noticiaempauta.com\/portal\/eleicoes-2024-progressistas-e-pl-realizam-ato-de-filiacao-em-picos\/","url":"https:\/\/noticiaempauta.com\/portal\/eleicoes-2024-progressistas-e-pl-realizam-ato-de-filiacao-em-picos\/","name":"Elei\u00e7\u00f5es 2024: Progressistas e PL realizam ato de filia\u00e7\u00e3o em Picos - Portal Not\u00edcia em Pauta","isPartOf":{"@id":"https:\/\/noticiaempauta.com\/portal\/#website"},"primaryImageOfPage":{"@id":"https:\/\/noticiaempauta.com\/portal\/eleicoes-2024-progressistas-e-pl-realizam-ato-de-filiacao-em-picos\/#primaryimage"},"image":{"@id":"https:\/\/noticiaempauta.com\/portal\/eleicoes-2024-progressistas-e-pl-realizam-ato-de-filiacao-em-picos\/#primaryimage"},"thumbnailUrl":"https:\/\/noticiaempauta.com\/portal\/wp-content\/uploads\/2024\/04\/IMG_0506.jpeg","datePublished":"2024-04-01T20:35:20+00:00","dateModified":"2024-04-01T20:36:46+00:00","breadcrumb":{"@id":"https:\/\/noticiaempauta.com\/portal\/eleicoes-2024-progressistas-e-pl-realizam-ato-de-filiacao-em-picos\/#breadcrumb"},"inLanguage":"pt-BR","potentialAction":[{"@type":"ReadAction","target":["https:\/\/noticiaempauta.com\/portal\/eleicoes-2024-progressistas-e-pl-realizam-ato-de-filiacao-em-picos\/"]}]},{"@type":"ImageObject","inLanguage":"pt-BR","@id":"https:\/\/noticiaempauta.com\/portal\/eleicoes-2024-progressistas-e-pl-realizam-ato-de-filiacao-em-picos\/#primaryimage","url":"https:\/\/noticiaempauta.com\/portal\/wp-content\/uploads\/2024\/04\/IMG_0506.jpeg","contentUrl":"https:\/\/noticiaempauta.com\/portal\/wp-content\/uploads\/2024\/04\/IMG_0506.jpeg","width":790,"height":527},{"@type":"BreadcrumbList","@id":"https:\/\/noticiaempauta.com\/portal\/eleicoes-2024-progressistas-e-pl-realizam-ato-de-filiacao-em-picos\/#breadcrumb","itemListElement":[{"@type":"ListItem","position":1,"name":"P\u00e1gina Inicial","item":"https:\/\/noticiaempauta.com\/portal\/"},{"@type":"ListItem","position":2,"name":"Destaques","item":"https:\/\/noticiaempauta.com\/portal\/destaques-site\/"},{"@type":"ListItem","position":3,"name":"Elei\u00e7\u00f5es 2024: Progressistas e PL realizam ato de filia\u00e7\u00e3o em Picos"}]},{"@type":"WebSite","@id":"https:\/\/noticiaempauta.com\/portal\/#website","url":"https:\/\/noticiaempauta.com\/portal\/","name":"Portal Not\u00edcia em Pauta","description":"Voc\u00ea bem informado","publisher":{"@id":"https:\/\/noticiaempauta.com\/portal\/#organization"},"potentialAction":[{"@type":"SearchAction","target":{"@type":"EntryPoint","urlTemplate":"https:\/\/noticiaempauta.com\/portal\/?s={search_term_string}"},"query-input":{"@type":"PropertyValueSpecification","valueRequired":true,"valueName":"search_term_string"}}],"inLanguage":"pt-BR"},{"@type":"Organization","@id":"https:\/\/noticiaempauta.com\/portal\/#organization","name":"Portal Not\u00edcia em Pauta","url":"https:\/\/noticiaempauta.com\/portal\/","logo":{"@type":"ImageObject","inLanguage":"pt-BR","@id":"https:\/\/noticiaempauta.com\/portal\/#\/schema\/logo\/image\/","url":"https:\/\/noticiaempauta.com\/portal\/wp-content\/uploads\/2022\/08\/logomarca_tema.fw_.png","contentUrl":"https:\/\/noticiaempauta.com\/portal\/wp-content\/uploads\/2022\/08\/logomarca_tema.fw_.png","width":400,"height":232,"caption":"Portal Not\u00edcia em Pauta"},"image":{"@id":"https:\/\/noticiaempauta.com\/portal\/#\/schema\/logo\/image\/"},"sameAs":["https:\/\/www.facebook.com\/Portal-Notcia-Em-Pauta-102292869264820\/","https:\/\/www.instagram.com\/portalnoticiaempauta\/"]},{"@type":"Person","@id":"https:\/\/noticiaempauta.com\/portal\/#\/schema\/person\/a74af43dd1ab3deca45f988c717d57ac","name":"Reda\u00e7\u00e3o","image":{"@type":"ImageObject","inLanguage":"pt-BR","@id":"https:\/\/noticiaempauta.com\/portal\/#\/schema\/person\/image\/","url":"https:\/\/secure.gravatar.com\/avatar\/03179346ecce6cdfc13361603e8f54242a90e5cde8618fa23c5c00aa2b0aadf3?s=96&d=mm&r=g","contentUrl":"https:\/\/secure.gravatar.com\/avatar\/03179346ecce6cdfc13361603e8f54242a90e5cde8618fa23c5c00aa2b0aadf3?s=96&d=mm&r=g","caption":"Reda\u00e7\u00e3o"},"sameAs":["https:\/\/noticiaempauta.com\/portal\/"],"url":"https:\/\/noticiaempauta.com\/portal\/author\/fernando\/"}]}},"_links":{"self":[{"href":"https:\/\/noticiaempauta.com\/portal\/wp-json\/wp\/v2\/posts\/256394","targetHints":{"allow":["GET"]}}],"collection":[{"href":"https:\/\/noticiaempauta.com\/portal\/wp-json\/wp\/v2\/posts"}],"about":[{"href":"https:\/\/noticiaempauta.com\/portal\/wp-json\/wp\/v2\/types\/post"}],"author":[{"embeddable":true,"href":"https:\/\/noticiaempauta.com\/portal\/wp-json\/wp\/v2\/users\/2"}],"replies":[{"embeddable":true,"href":"https:\/\/noticiaempauta.com\/portal\/wp-json\/wp\/v2\/comments?post=256394"}],"version-history":[{"count":3,"href":"https:\/\/noticiaempauta.com\/portal\/wp-json\/wp\/v2\/posts\/256394\/revisions"}],"predecessor-version":[{"id":256403,"href":"https:\/\/noticiaempauta.com\/portal\/wp-json\/wp\/v2\/posts\/256394\/revisions\/256403"}],"wp:featuredmedia":[{"embeddable":true,"href":"https:\/\/noticiaempauta.com\/portal\/wp-json\/wp\/v2\/media\/256396"}],"wp:attachment":[{"href":"https:\/\/noticiaempauta.com\/portal\/wp-json\/wp\/v2\/media?parent=256394"}],"wp:term":[{"taxonomy":"category","embeddable":true,"href":"https:\/\/noticiaempauta.com\/portal\/wp-json\/wp\/v2\/categories?post=256394"},{"taxonomy":"post_tag","embeddable":true,"href":"https:\/\/noticiaempauta.com\/portal\/wp-json\/wp\/v2\/tags?post=256394"}],"curies":[{"name":"wp","href":"https:\/\/api.w.org\/{rel}","templated":true}]}}