{"id":256415,"date":"2024-04-02T08:54:48","date_gmt":"2024-04-02T11:54:48","guid":{"rendered":"https:\/\/noticiaempauta.com\/portal\/?p=256415"},"modified":"2024-04-02T08:54:49","modified_gmt":"2024-04-02T11:54:49","slug":"fim-da-janela-eleitoral-mobiliza-parlamentares-e-esvazia-congresso-nacional","status":"publish","type":"post","link":"https:\/\/noticiaempauta.com\/portal\/fim-da-janela-eleitoral-mobiliza-parlamentares-e-esvazia-congresso-nacional\/","title":{"rendered":"Fim da janela eleitoral mobiliza parlamentares e esvazia Congresso Nacional"},"content":{"rendered":"\n<p>Ap\u00f3s o feriado da P\u00e1scoa, \u00e9 previsto um\u00a0esvaziamento no Congresso, com os parlamentares retornando \u00e0s suas bases eleitorais, especialmente devido \u00e0 proximidade do\u00a0t\u00e9rmino da janela partid\u00e1ria. A janela partid\u00e1ria \u00e9 o per\u00edodo de um m\u00eas em que deputados e vereadores podem trocar de partido sem perderem o mandato. Este ano, o prazo vai de 07 de mar\u00e7o at\u00e9 o dia 5 de abril.<\/p>\n\n\n\n<figure class=\"wp-block-image size-full\"><img fetchpriority=\"high\" decoding=\"async\" width=\"855\" height=\"480\" src=\"https:\/\/noticiaempauta.com\/portal\/wp-content\/uploads\/2024\/04\/fim-da-janela-eleitoral-mobiliza-parlamentares-e-esvazia-congresso-nacional-2eac6524-8c1e-489b-b521-f2bf6dcc6cba.jpg\" alt=\"\" class=\"wp-image-256417\" srcset=\"https:\/\/noticiaempauta.com\/portal\/wp-content\/uploads\/2024\/04\/fim-da-janela-eleitoral-mobiliza-parlamentares-e-esvazia-congresso-nacional-2eac6524-8c1e-489b-b521-f2bf6dcc6cba.jpg 855w, https:\/\/noticiaempauta.com\/portal\/wp-content\/uploads\/2024\/04\/fim-da-janela-eleitoral-mobiliza-parlamentares-e-esvazia-congresso-nacional-2eac6524-8c1e-489b-b521-f2bf6dcc6cba-300x168.jpg 300w, https:\/\/noticiaempauta.com\/portal\/wp-content\/uploads\/2024\/04\/fim-da-janela-eleitoral-mobiliza-parlamentares-e-esvazia-congresso-nacional-2eac6524-8c1e-489b-b521-f2bf6dcc6cba-768x431.jpg 768w\" sizes=\"(max-width: 855px) 100vw, 855px\" \/><figcaption class=\"wp-element-caption\"><em>Foto: Jefferson Rudy\/Ag\u00eancia Senado<\/em><\/figcaption><\/figure>\n\n\n\n<p><strong>SETE MESES ANTES DA VOTA\u00c7\u00c3O:<\/strong>&nbsp;Este prazo \u00e9 iniciado durante anos eleitorais, sete meses antes do dia da vota\u00e7\u00e3o, e se aplica exclusivamente a candidatos eleitos em elei\u00e7\u00f5es proporcionais. Isso engloba deputados (federais, distritais e estaduais) e vereadores que estejam no \u00faltimo ano de seus mandatos.&nbsp;<\/p>\n\n\n\n<p><strong>NESTE ANO, S\u00d3 PARA VEREADORES:<\/strong>&nbsp;Assim, esta janela de prazo se aplica exclusivamente aos vereadores, uma vez que est\u00e3o no \u00faltimo ano de seus mandatos, e as elei\u00e7\u00f5es de outubro deste ano ser\u00e3o municipais. Em 2026, quando ocorrer\u00e3o as elei\u00e7\u00f5es nacionais, ser\u00e1 o momento dos deputados aproveitarem este per\u00edodo.&nbsp;<\/p>\n\n\n\n<p><strong>IMPACTO EM 2026:<\/strong>&nbsp;Apesar da janela deste ano se aplicar apenas aos vereadores, deputados e senadores se engajam no processo, visitando suas bases eleitorais. Isso ocorre devido \u00e0 import\u00e2ncia das elei\u00e7\u00f5es municipais para os resultados futuros em 2026.&nbsp;<strong>Quanto mais aliados forem eleitos como vereadores e prefeitos em outubro, mais favor\u00e1vel se torna a reelei\u00e7\u00e3o dos deputados federais<\/strong>&nbsp;daqui a dois anos, j\u00e1 que esses pol\u00edticos locais fornecer\u00e3o apoio nas elei\u00e7\u00f5es nacionais.<\/p>\n\n\n\n<p><strong>ARTICULA\u00c7\u00d5ES POL\u00cdTICAS:<\/strong>&nbsp;Por essas raz\u00f5es, os parlamentares desempenham um papel ativo na articula\u00e7\u00e3o pol\u00edtica, exercendo lideran\u00e7a local e influenciando as alian\u00e7as nas elei\u00e7\u00f5es municipais.&nbsp;<strong>Muitos t\u00eam experi\u00eancia pr\u00e9via como prefeitos ou vereadores, consolidando sua presen\u00e7a nos diret\u00f3rios partid\u00e1rios locais.&nbsp;<\/strong>O envio de emendas para seus redutos eleitorais fortalece sua credibilidade, facilitando negocia\u00e7\u00f5es por alian\u00e7as e filia\u00e7\u00f5es. Al\u00e9m disso, a busca por aliados nos munic\u00edpios visa fortalecer os partidos dentro do Congresso.&nbsp;<\/p>\n\n\n\n<p>Fora da janela partid\u00e1ria, vereadores e deputados s\u00f3 podem mudar de partido se:<\/p>\n\n\n\n<ul class=\"wp-block-list\">\n<li>o partido tiver sido incorporado ou fundido a outro;<\/li>\n\n\n\n<li>o pol\u00edtico estiver migrando para um partido rec\u00e9m-criado;<\/li>\n\n\n\n<li>for verificado desvio no programa partid\u00e1rio;<\/li>\n\n\n\n<li>o pol\u00edtico tiver sofrido grave discrimina\u00e7\u00e3o pessoal no partido.<\/li>\n<\/ul>\n\n\n\n<p><em>Fonte: Meio Norte<\/em><\/p>\n","protected":false},"excerpt":{"rendered":"<p>Janela vale s\u00f3 para vereadores, mas parlamentares articulam alian\u00e7as, agendas e filia\u00e7\u00f5es.<\/p>\n","protected":false},"author":2,"featured_media":256417,"comment_status":"open","ping_status":"open","sticky":false,"template":"","format":"standard","meta":{"_mi_skip_tracking":false,"footnotes":""},"categories":[25,1,3,16],"tags":[192],"class_list":["post-256415","post","type-post","status-publish","format-standard","has-post-thumbnail","hentry","category-destaques-site","category-geral","category-politica","category-todas","tag-destaqueprincipal"],"acf":[],"yoast_head":"<!-- This site is optimized with the Yoast SEO Premium plugin v19.2 (Yoast SEO v26.9) - https:\/\/yoast.com\/product\/yoast-seo-premium-wordpress\/ -->\n<title>Fim da janela eleitoral mobiliza parlamentares e esvazia Congresso Nacional - Portal Not\u00edcia em Pauta<\/title>\n<meta name=\"robots\" content=\"index, follow, max-snippet:-1, max-image-preview:large, max-video-preview:-1\" \/>\n<link rel=\"canonical\" href=\"https:\/\/noticiaempauta.com\/portal\/fim-da-janela-eleitoral-mobiliza-parlamentares-e-esvazia-congresso-nacional\/\" \/>\n<meta property=\"og:locale\" content=\"pt_BR\" \/>\n<meta property=\"og:type\" content=\"article\" \/>\n<meta property=\"og:title\" content=\"Fim da janela eleitoral mobiliza parlamentares e esvazia Congresso Nacional\" \/>\n<meta property=\"og:description\" content=\"Janela vale s\u00f3 para vereadores, mas parlamentares articulam alian\u00e7as, agendas e filia\u00e7\u00f5es.\" \/>\n<meta property=\"og:url\" content=\"https:\/\/noticiaempauta.com\/portal\/fim-da-janela-eleitoral-mobiliza-parlamentares-e-esvazia-congresso-nacional\/\" \/>\n<meta property=\"og:site_name\" content=\"Portal Not\u00edcia em Pauta\" \/>\n<meta property=\"article:publisher\" content=\"https:\/\/www.facebook.com\/Portal-Notcia-Em-Pauta-102292869264820\/\" \/>\n<meta property=\"article:published_time\" content=\"2024-04-02T11:54:48+00:00\" \/>\n<meta property=\"article:modified_time\" content=\"2024-04-02T11:54:49+00:00\" \/>\n<meta property=\"og:image\" content=\"https:\/\/noticiaempauta.com\/portal\/wp-content\/uploads\/2024\/04\/fim-da-janela-eleitoral-mobiliza-parlamentares-e-esvazia-congresso-nacional-2eac6524-8c1e-489b-b521-f2bf6dcc6cba.jpg\" \/>\n\t<meta property=\"og:image:width\" content=\"855\" \/>\n\t<meta property=\"og:image:height\" content=\"480\" \/>\n\t<meta property=\"og:image:type\" content=\"image\/jpeg\" \/>\n<meta name=\"author\" content=\"Reda\u00e7\u00e3o\" \/>\n<meta name=\"twitter:card\" content=\"summary_large_image\" \/>\n<meta name=\"twitter:label1\" content=\"Escrito por\" \/>\n\t<meta name=\"twitter:data1\" content=\"Reda\u00e7\u00e3o\" \/>\n\t<meta name=\"twitter:label2\" content=\"Est. tempo de leitura\" \/>\n\t<meta name=\"twitter:data2\" content=\"3 minutos\" \/>\n<script type=\"application\/ld+json\" class=\"yoast-schema-graph\">{\"@context\":\"https:\/\/schema.org\",\"@graph\":[{\"@type\":\"Article\",\"@id\":\"https:\/\/noticiaempauta.com\/portal\/fim-da-janela-eleitoral-mobiliza-parlamentares-e-esvazia-congresso-nacional\/#article\",\"isPartOf\":{\"@id\":\"https:\/\/noticiaempauta.com\/portal\/fim-da-janela-eleitoral-mobiliza-parlamentares-e-esvazia-congresso-nacional\/\"},\"author\":{\"name\":\"Reda\u00e7\u00e3o\",\"@id\":\"https:\/\/noticiaempauta.com\/portal\/#\/schema\/person\/a74af43dd1ab3deca45f988c717d57ac\"},\"headline\":\"Fim da janela eleitoral mobiliza parlamentares e esvazia Congresso Nacional\",\"datePublished\":\"2024-04-02T11:54:48+00:00\",\"dateModified\":\"2024-04-02T11:54:49+00:00\",\"mainEntityOfPage\":{\"@id\":\"https:\/\/noticiaempauta.com\/portal\/fim-da-janela-eleitoral-mobiliza-parlamentares-e-esvazia-congresso-nacional\/\"},\"wordCount\":417,\"commentCount\":0,\"publisher\":{\"@id\":\"https:\/\/noticiaempauta.com\/portal\/#organization\"},\"image\":{\"@id\":\"https:\/\/noticiaempauta.com\/portal\/fim-da-janela-eleitoral-mobiliza-parlamentares-e-esvazia-congresso-nacional\/#primaryimage\"},\"thumbnailUrl\":\"https:\/\/noticiaempauta.com\/portal\/wp-content\/uploads\/2024\/04\/fim-da-janela-eleitoral-mobiliza-parlamentares-e-esvazia-congresso-nacional-2eac6524-8c1e-489b-b521-f2bf6dcc6cba.jpg\",\"keywords\":[\"destaqueprincipal\"],\"articleSection\":[\"Destaques\",\"Geral\",\"Pol\u00edtica\",\"Todas as Not\u00edcias\"],\"inLanguage\":\"pt-BR\",\"potentialAction\":[{\"@type\":\"CommentAction\",\"name\":\"Comment\",\"target\":[\"https:\/\/noticiaempauta.com\/portal\/fim-da-janela-eleitoral-mobiliza-parlamentares-e-esvazia-congresso-nacional\/#respond\"]}]},{\"@type\":\"WebPage\",\"@id\":\"https:\/\/noticiaempauta.com\/portal\/fim-da-janela-eleitoral-mobiliza-parlamentares-e-esvazia-congresso-nacional\/\",\"url\":\"https:\/\/noticiaempauta.com\/portal\/fim-da-janela-eleitoral-mobiliza-parlamentares-e-esvazia-congresso-nacional\/\",\"name\":\"Fim da janela eleitoral mobiliza parlamentares e esvazia Congresso Nacional - Portal Not\u00edcia em Pauta\",\"isPartOf\":{\"@id\":\"https:\/\/noticiaempauta.com\/portal\/#website\"},\"primaryImageOfPage\":{\"@id\":\"https:\/\/noticiaempauta.com\/portal\/fim-da-janela-eleitoral-mobiliza-parlamentares-e-esvazia-congresso-nacional\/#primaryimage\"},\"image\":{\"@id\":\"https:\/\/noticiaempauta.com\/portal\/fim-da-janela-eleitoral-mobiliza-parlamentares-e-esvazia-congresso-nacional\/#primaryimage\"},\"thumbnailUrl\":\"https:\/\/noticiaempauta.com\/portal\/wp-content\/uploads\/2024\/04\/fim-da-janela-eleitoral-mobiliza-parlamentares-e-esvazia-congresso-nacional-2eac6524-8c1e-489b-b521-f2bf6dcc6cba.jpg\",\"datePublished\":\"2024-04-02T11:54:48+00:00\",\"dateModified\":\"2024-04-02T11:54:49+00:00\",\"breadcrumb\":{\"@id\":\"https:\/\/noticiaempauta.com\/portal\/fim-da-janela-eleitoral-mobiliza-parlamentares-e-esvazia-congresso-nacional\/#breadcrumb\"},\"inLanguage\":\"pt-BR\",\"potentialAction\":[{\"@type\":\"ReadAction\",\"target\":[\"https:\/\/noticiaempauta.com\/portal\/fim-da-janela-eleitoral-mobiliza-parlamentares-e-esvazia-congresso-nacional\/\"]}]},{\"@type\":\"ImageObject\",\"inLanguage\":\"pt-BR\",\"@id\":\"https:\/\/noticiaempauta.com\/portal\/fim-da-janela-eleitoral-mobiliza-parlamentares-e-esvazia-congresso-nacional\/#primaryimage\",\"url\":\"https:\/\/noticiaempauta.com\/portal\/wp-content\/uploads\/2024\/04\/fim-da-janela-eleitoral-mobiliza-parlamentares-e-esvazia-congresso-nacional-2eac6524-8c1e-489b-b521-f2bf6dcc6cba.jpg\",\"contentUrl\":\"https:\/\/noticiaempauta.com\/portal\/wp-content\/uploads\/2024\/04\/fim-da-janela-eleitoral-mobiliza-parlamentares-e-esvazia-congresso-nacional-2eac6524-8c1e-489b-b521-f2bf6dcc6cba.jpg\",\"width\":855,\"height\":480},{\"@type\":\"BreadcrumbList\",\"@id\":\"https:\/\/noticiaempauta.com\/portal\/fim-da-janela-eleitoral-mobiliza-parlamentares-e-esvazia-congresso-nacional\/#breadcrumb\",\"itemListElement\":[{\"@type\":\"ListItem\",\"position\":1,\"name\":\"P\u00e1gina Inicial\",\"item\":\"https:\/\/noticiaempauta.com\/portal\/\"},{\"@type\":\"ListItem\",\"position\":2,\"name\":\"Destaques\",\"item\":\"https:\/\/noticiaempauta.com\/portal\/destaques-site\/\"},{\"@type\":\"ListItem\",\"position\":3,\"name\":\"Fim da janela eleitoral mobiliza parlamentares e esvazia Congresso Nacional\"}]},{\"@type\":\"WebSite\",\"@id\":\"https:\/\/noticiaempauta.com\/portal\/#website\",\"url\":\"https:\/\/noticiaempauta.com\/portal\/\",\"name\":\"Portal Not\u00edcia em Pauta\",\"description\":\"Voc\u00ea bem informado\",\"publisher\":{\"@id\":\"https:\/\/noticiaempauta.com\/portal\/#organization\"},\"potentialAction\":[{\"@type\":\"SearchAction\",\"target\":{\"@type\":\"EntryPoint\",\"urlTemplate\":\"https:\/\/noticiaempauta.com\/portal\/?s={search_term_string}\"},\"query-input\":{\"@type\":\"PropertyValueSpecification\",\"valueRequired\":true,\"valueName\":\"search_term_string\"}}],\"inLanguage\":\"pt-BR\"},{\"@type\":\"Organization\",\"@id\":\"https:\/\/noticiaempauta.com\/portal\/#organization\",\"name\":\"Portal Not\u00edcia em Pauta\",\"url\":\"https:\/\/noticiaempauta.com\/portal\/\",\"logo\":{\"@type\":\"ImageObject\",\"inLanguage\":\"pt-BR\",\"@id\":\"https:\/\/noticiaempauta.com\/portal\/#\/schema\/logo\/image\/\",\"url\":\"https:\/\/noticiaempauta.com\/portal\/wp-content\/uploads\/2022\/08\/logomarca_tema.fw_.png\",\"contentUrl\":\"https:\/\/noticiaempauta.com\/portal\/wp-content\/uploads\/2022\/08\/logomarca_tema.fw_.png\",\"width\":400,\"height\":232,\"caption\":\"Portal Not\u00edcia em Pauta\"},\"image\":{\"@id\":\"https:\/\/noticiaempauta.com\/portal\/#\/schema\/logo\/image\/\"},\"sameAs\":[\"https:\/\/www.facebook.com\/Portal-Notcia-Em-Pauta-102292869264820\/\",\"https:\/\/www.instagram.com\/portalnoticiaempauta\/\"]},{\"@type\":\"Person\",\"@id\":\"https:\/\/noticiaempauta.com\/portal\/#\/schema\/person\/a74af43dd1ab3deca45f988c717d57ac\",\"name\":\"Reda\u00e7\u00e3o\",\"image\":{\"@type\":\"ImageObject\",\"inLanguage\":\"pt-BR\",\"@id\":\"https:\/\/noticiaempauta.com\/portal\/#\/schema\/person\/image\/\",\"url\":\"https:\/\/secure.gravatar.com\/avatar\/03179346ecce6cdfc13361603e8f54242a90e5cde8618fa23c5c00aa2b0aadf3?s=96&d=mm&r=g\",\"contentUrl\":\"https:\/\/secure.gravatar.com\/avatar\/03179346ecce6cdfc13361603e8f54242a90e5cde8618fa23c5c00aa2b0aadf3?s=96&d=mm&r=g\",\"caption\":\"Reda\u00e7\u00e3o\"},\"sameAs\":[\"https:\/\/noticiaempauta.com\/portal\/\"],\"url\":\"https:\/\/noticiaempauta.com\/portal\/author\/fernando\/\"}]}<\/script>\n<!-- \/ Yoast SEO Premium plugin. -->","yoast_head_json":{"title":"Fim da janela eleitoral mobiliza parlamentares e esvazia Congresso Nacional - Portal Not\u00edcia em Pauta","robots":{"index":"index","follow":"follow","max-snippet":"max-snippet:-1","max-image-preview":"max-image-preview:large","max-video-preview":"max-video-preview:-1"},"canonical":"https:\/\/noticiaempauta.com\/portal\/fim-da-janela-eleitoral-mobiliza-parlamentares-e-esvazia-congresso-nacional\/","og_locale":"pt_BR","og_type":"article","og_title":"Fim da janela eleitoral mobiliza parlamentares e esvazia Congresso Nacional","og_description":"Janela vale s\u00f3 para vereadores, mas parlamentares articulam alian\u00e7as, agendas e filia\u00e7\u00f5es.","og_url":"https:\/\/noticiaempauta.com\/portal\/fim-da-janela-eleitoral-mobiliza-parlamentares-e-esvazia-congresso-nacional\/","og_site_name":"Portal Not\u00edcia em Pauta","article_publisher":"https:\/\/www.facebook.com\/Portal-Notcia-Em-Pauta-102292869264820\/","article_published_time":"2024-04-02T11:54:48+00:00","article_modified_time":"2024-04-02T11:54:49+00:00","og_image":[{"width":855,"height":480,"url":"https:\/\/noticiaempauta.com\/portal\/wp-content\/uploads\/2024\/04\/fim-da-janela-eleitoral-mobiliza-parlamentares-e-esvazia-congresso-nacional-2eac6524-8c1e-489b-b521-f2bf6dcc6cba.jpg","type":"image\/jpeg"}],"author":"Reda\u00e7\u00e3o","twitter_card":"summary_large_image","twitter_misc":{"Escrito por":"Reda\u00e7\u00e3o","Est. tempo de leitura":"3 minutos"},"schema":{"@context":"https:\/\/schema.org","@graph":[{"@type":"Article","@id":"https:\/\/noticiaempauta.com\/portal\/fim-da-janela-eleitoral-mobiliza-parlamentares-e-esvazia-congresso-nacional\/#article","isPartOf":{"@id":"https:\/\/noticiaempauta.com\/portal\/fim-da-janela-eleitoral-mobiliza-parlamentares-e-esvazia-congresso-nacional\/"},"author":{"name":"Reda\u00e7\u00e3o","@id":"https:\/\/noticiaempauta.com\/portal\/#\/schema\/person\/a74af43dd1ab3deca45f988c717d57ac"},"headline":"Fim da janela eleitoral mobiliza parlamentares e esvazia Congresso Nacional","datePublished":"2024-04-02T11:54:48+00:00","dateModified":"2024-04-02T11:54:49+00:00","mainEntityOfPage":{"@id":"https:\/\/noticiaempauta.com\/portal\/fim-da-janela-eleitoral-mobiliza-parlamentares-e-esvazia-congresso-nacional\/"},"wordCount":417,"commentCount":0,"publisher":{"@id":"https:\/\/noticiaempauta.com\/portal\/#organization"},"image":{"@id":"https:\/\/noticiaempauta.com\/portal\/fim-da-janela-eleitoral-mobiliza-parlamentares-e-esvazia-congresso-nacional\/#primaryimage"},"thumbnailUrl":"https:\/\/noticiaempauta.com\/portal\/wp-content\/uploads\/2024\/04\/fim-da-janela-eleitoral-mobiliza-parlamentares-e-esvazia-congresso-nacional-2eac6524-8c1e-489b-b521-f2bf6dcc6cba.jpg","keywords":["destaqueprincipal"],"articleSection":["Destaques","Geral","Pol\u00edtica","Todas as Not\u00edcias"],"inLanguage":"pt-BR","potentialAction":[{"@type":"CommentAction","name":"Comment","target":["https:\/\/noticiaempauta.com\/portal\/fim-da-janela-eleitoral-mobiliza-parlamentares-e-esvazia-congresso-nacional\/#respond"]}]},{"@type":"WebPage","@id":"https:\/\/noticiaempauta.com\/portal\/fim-da-janela-eleitoral-mobiliza-parlamentares-e-esvazia-congresso-nacional\/","url":"https:\/\/noticiaempauta.com\/portal\/fim-da-janela-eleitoral-mobiliza-parlamentares-e-esvazia-congresso-nacional\/","name":"Fim da janela eleitoral mobiliza parlamentares e esvazia Congresso Nacional - Portal Not\u00edcia em Pauta","isPartOf":{"@id":"https:\/\/noticiaempauta.com\/portal\/#website"},"primaryImageOfPage":{"@id":"https:\/\/noticiaempauta.com\/portal\/fim-da-janela-eleitoral-mobiliza-parlamentares-e-esvazia-congresso-nacional\/#primaryimage"},"image":{"@id":"https:\/\/noticiaempauta.com\/portal\/fim-da-janela-eleitoral-mobiliza-parlamentares-e-esvazia-congresso-nacional\/#primaryimage"},"thumbnailUrl":"https:\/\/noticiaempauta.com\/portal\/wp-content\/uploads\/2024\/04\/fim-da-janela-eleitoral-mobiliza-parlamentares-e-esvazia-congresso-nacional-2eac6524-8c1e-489b-b521-f2bf6dcc6cba.jpg","datePublished":"2024-04-02T11:54:48+00:00","dateModified":"2024-04-02T11:54:49+00:00","breadcrumb":{"@id":"https:\/\/noticiaempauta.com\/portal\/fim-da-janela-eleitoral-mobiliza-parlamentares-e-esvazia-congresso-nacional\/#breadcrumb"},"inLanguage":"pt-BR","potentialAction":[{"@type":"ReadAction","target":["https:\/\/noticiaempauta.com\/portal\/fim-da-janela-eleitoral-mobiliza-parlamentares-e-esvazia-congresso-nacional\/"]}]},{"@type":"ImageObject","inLanguage":"pt-BR","@id":"https:\/\/noticiaempauta.com\/portal\/fim-da-janela-eleitoral-mobiliza-parlamentares-e-esvazia-congresso-nacional\/#primaryimage","url":"https:\/\/noticiaempauta.com\/portal\/wp-content\/uploads\/2024\/04\/fim-da-janela-eleitoral-mobiliza-parlamentares-e-esvazia-congresso-nacional-2eac6524-8c1e-489b-b521-f2bf6dcc6cba.jpg","contentUrl":"https:\/\/noticiaempauta.com\/portal\/wp-content\/uploads\/2024\/04\/fim-da-janela-eleitoral-mobiliza-parlamentares-e-esvazia-congresso-nacional-2eac6524-8c1e-489b-b521-f2bf6dcc6cba.jpg","width":855,"height":480},{"@type":"BreadcrumbList","@id":"https:\/\/noticiaempauta.com\/portal\/fim-da-janela-eleitoral-mobiliza-parlamentares-e-esvazia-congresso-nacional\/#breadcrumb","itemListElement":[{"@type":"ListItem","position":1,"name":"P\u00e1gina Inicial","item":"https:\/\/noticiaempauta.com\/portal\/"},{"@type":"ListItem","position":2,"name":"Destaques","item":"https:\/\/noticiaempauta.com\/portal\/destaques-site\/"},{"@type":"ListItem","position":3,"name":"Fim da janela eleitoral mobiliza parlamentares e esvazia Congresso Nacional"}]},{"@type":"WebSite","@id":"https:\/\/noticiaempauta.com\/portal\/#website","url":"https:\/\/noticiaempauta.com\/portal\/","name":"Portal Not\u00edcia em Pauta","description":"Voc\u00ea bem informado","publisher":{"@id":"https:\/\/noticiaempauta.com\/portal\/#organization"},"potentialAction":[{"@type":"SearchAction","target":{"@type":"EntryPoint","urlTemplate":"https:\/\/noticiaempauta.com\/portal\/?s={search_term_string}"},"query-input":{"@type":"PropertyValueSpecification","valueRequired":true,"valueName":"search_term_string"}}],"inLanguage":"pt-BR"},{"@type":"Organization","@id":"https:\/\/noticiaempauta.com\/portal\/#organization","name":"Portal Not\u00edcia em Pauta","url":"https:\/\/noticiaempauta.com\/portal\/","logo":{"@type":"ImageObject","inLanguage":"pt-BR","@id":"https:\/\/noticiaempauta.com\/portal\/#\/schema\/logo\/image\/","url":"https:\/\/noticiaempauta.com\/portal\/wp-content\/uploads\/2022\/08\/logomarca_tema.fw_.png","contentUrl":"https:\/\/noticiaempauta.com\/portal\/wp-content\/uploads\/2022\/08\/logomarca_tema.fw_.png","width":400,"height":232,"caption":"Portal Not\u00edcia em Pauta"},"image":{"@id":"https:\/\/noticiaempauta.com\/portal\/#\/schema\/logo\/image\/"},"sameAs":["https:\/\/www.facebook.com\/Portal-Notcia-Em-Pauta-102292869264820\/","https:\/\/www.instagram.com\/portalnoticiaempauta\/"]},{"@type":"Person","@id":"https:\/\/noticiaempauta.com\/portal\/#\/schema\/person\/a74af43dd1ab3deca45f988c717d57ac","name":"Reda\u00e7\u00e3o","image":{"@type":"ImageObject","inLanguage":"pt-BR","@id":"https:\/\/noticiaempauta.com\/portal\/#\/schema\/person\/image\/","url":"https:\/\/secure.gravatar.com\/avatar\/03179346ecce6cdfc13361603e8f54242a90e5cde8618fa23c5c00aa2b0aadf3?s=96&d=mm&r=g","contentUrl":"https:\/\/secure.gravatar.com\/avatar\/03179346ecce6cdfc13361603e8f54242a90e5cde8618fa23c5c00aa2b0aadf3?s=96&d=mm&r=g","caption":"Reda\u00e7\u00e3o"},"sameAs":["https:\/\/noticiaempauta.com\/portal\/"],"url":"https:\/\/noticiaempauta.com\/portal\/author\/fernando\/"}]}},"_links":{"self":[{"href":"https:\/\/noticiaempauta.com\/portal\/wp-json\/wp\/v2\/posts\/256415","targetHints":{"allow":["GET"]}}],"collection":[{"href":"https:\/\/noticiaempauta.com\/portal\/wp-json\/wp\/v2\/posts"}],"about":[{"href":"https:\/\/noticiaempauta.com\/portal\/wp-json\/wp\/v2\/types\/post"}],"author":[{"embeddable":true,"href":"https:\/\/noticiaempauta.com\/portal\/wp-json\/wp\/v2\/users\/2"}],"replies":[{"embeddable":true,"href":"https:\/\/noticiaempauta.com\/portal\/wp-json\/wp\/v2\/comments?post=256415"}],"version-history":[{"count":2,"href":"https:\/\/noticiaempauta.com\/portal\/wp-json\/wp\/v2\/posts\/256415\/revisions"}],"predecessor-version":[{"id":256419,"href":"https:\/\/noticiaempauta.com\/portal\/wp-json\/wp\/v2\/posts\/256415\/revisions\/256419"}],"wp:featuredmedia":[{"embeddable":true,"href":"https:\/\/noticiaempauta.com\/portal\/wp-json\/wp\/v2\/media\/256417"}],"wp:attachment":[{"href":"https:\/\/noticiaempauta.com\/portal\/wp-json\/wp\/v2\/media?parent=256415"}],"wp:term":[{"taxonomy":"category","embeddable":true,"href":"https:\/\/noticiaempauta.com\/portal\/wp-json\/wp\/v2\/categories?post=256415"},{"taxonomy":"post_tag","embeddable":true,"href":"https:\/\/noticiaempauta.com\/portal\/wp-json\/wp\/v2\/tags?post=256415"}],"curies":[{"name":"wp","href":"https:\/\/api.w.org\/{rel}","templated":true}]}}