{"id":256420,"date":"2024-04-02T09:05:47","date_gmt":"2024-04-02T12:05:47","guid":{"rendered":"https:\/\/noticiaempauta.com\/portal\/?p=256420"},"modified":"2024-04-02T09:05:49","modified_gmt":"2024-04-02T12:05:49","slug":"itainopolis-apos-fortes-chuvas-na-regiao-e-aumento-do-nivel-do-rio-itaim-prefeitura-suspende-aulas-e-faz-alerta","status":"publish","type":"post","link":"https:\/\/noticiaempauta.com\/portal\/itainopolis-apos-fortes-chuvas-na-regiao-e-aumento-do-nivel-do-rio-itaim-prefeitura-suspende-aulas-e-faz-alerta\/","title":{"rendered":"Itain\u00f3polis | Ap\u00f3s fortes chuvas na regi\u00e3o e aumento do n\u00edvel do Rio Itaim prefeitura suspende aulas e faz alerta"},"content":{"rendered":"\n<p>As fortes chuvas registradas no in\u00edcio desta semana, no munic\u00edpio de Itain\u00f3polis, fizeram aumentar o volume de \u00e1gua do Rio Itaim, que passa pela cidade.<\/p>\n\n\n\n<figure class=\"wp-block-image size-large\"><img fetchpriority=\"high\" decoding=\"async\" width=\"1024\" height=\"577\" src=\"https:\/\/noticiaempauta.com\/portal\/wp-content\/uploads\/2024\/04\/IMG_20240401_093042-2048x1153-1-1024x577.jpg\" alt=\"\" class=\"wp-image-256423\" srcset=\"https:\/\/noticiaempauta.com\/portal\/wp-content\/uploads\/2024\/04\/IMG_20240401_093042-2048x1153-1-1024x577.jpg 1024w, https:\/\/noticiaempauta.com\/portal\/wp-content\/uploads\/2024\/04\/IMG_20240401_093042-2048x1153-1-300x169.jpg 300w, https:\/\/noticiaempauta.com\/portal\/wp-content\/uploads\/2024\/04\/IMG_20240401_093042-2048x1153-1-768x432.jpg 768w, https:\/\/noticiaempauta.com\/portal\/wp-content\/uploads\/2024\/04\/IMG_20240401_093042-2048x1153-1-1536x865.jpg 1536w, https:\/\/noticiaempauta.com\/portal\/wp-content\/uploads\/2024\/04\/IMG_20240401_093042-2048x1153-1.jpg 2048w\" sizes=\"(max-width: 1024px) 100vw, 1024px\" \/><\/figure>\n\n\n\n<p>A \u00e1gua invadiu alguns pontos da cidade, chegando a inundar ruas e casas. O antigo campo de futebol e o bairro Matadouro foram alguma das \u00e1reas atingidas e tomadas pelas \u00e1guas.<\/p>\n\n\n\n<figure class=\"wp-block-image size-large\"><img decoding=\"async\" width=\"1024\" height=\"793\" src=\"https:\/\/noticiaempauta.com\/portal\/wp-content\/uploads\/2024\/04\/WhatsApp-Image-2024-04-02-at-9.03.42-AM-1024x793.jpeg\" alt=\"\" class=\"wp-image-256424\" srcset=\"https:\/\/noticiaempauta.com\/portal\/wp-content\/uploads\/2024\/04\/WhatsApp-Image-2024-04-02-at-9.03.42-AM-1024x793.jpeg 1024w, https:\/\/noticiaempauta.com\/portal\/wp-content\/uploads\/2024\/04\/WhatsApp-Image-2024-04-02-at-9.03.42-AM-300x232.jpeg 300w, https:\/\/noticiaempauta.com\/portal\/wp-content\/uploads\/2024\/04\/WhatsApp-Image-2024-04-02-at-9.03.42-AM-768x595.jpeg 768w, https:\/\/noticiaempauta.com\/portal\/wp-content\/uploads\/2024\/04\/WhatsApp-Image-2024-04-02-at-9.03.42-AM.jpeg 1155w\" sizes=\"(max-width: 1024px) 100vw, 1024px\" \/><\/figure>\n\n\n\n<p><\/p>\n\n\n\n<p><strong>Alerta<\/strong><\/p>\n\n\n\n<figure class=\"wp-block-image size-large\"><img decoding=\"async\" width=\"823\" height=\"1024\" src=\"https:\/\/noticiaempauta.com\/portal\/wp-content\/uploads\/2024\/04\/WhatsApp-Image-2024-04-01-at-22.44.46-1235x1536-1-823x1024.jpeg\" alt=\"\" class=\"wp-image-256422\" srcset=\"https:\/\/noticiaempauta.com\/portal\/wp-content\/uploads\/2024\/04\/WhatsApp-Image-2024-04-01-at-22.44.46-1235x1536-1-823x1024.jpeg 823w, https:\/\/noticiaempauta.com\/portal\/wp-content\/uploads\/2024\/04\/WhatsApp-Image-2024-04-01-at-22.44.46-1235x1536-1-241x300.jpeg 241w, https:\/\/noticiaempauta.com\/portal\/wp-content\/uploads\/2024\/04\/WhatsApp-Image-2024-04-01-at-22.44.46-1235x1536-1-768x955.jpeg 768w, https:\/\/noticiaempauta.com\/portal\/wp-content\/uploads\/2024\/04\/WhatsApp-Image-2024-04-01-at-22.44.46-1235x1536-1.jpeg 1235w\" sizes=\"(max-width: 823px) 100vw, 823px\" \/><\/figure>\n\n\n\n<p>Na noite desta segunda-feira, 1\u00ba de abril, a Prefeitura de Itain\u00f3polis, por meio do Departamento de Defesa Civil, divulgou um comunicado nas redes sociais onde alerta a popula\u00e7\u00e3o que reside em \u00e1reas para um poss\u00edvel aumento no volume de \u00e1gua.<\/p>\n\n\n\n<p>A Prefeitura considerou o rompimento de uma barragem no munic\u00edpio de Massap\u00ea do Piau\u00ed, ocorrido no in\u00edcio da tarde desta segunda-feira, por volta das 14h.<\/p>\n\n\n\n<p>Em Massap\u00ea, dois grandes rios est\u00e3o com elevado volume de \u00e1gua, Boa Vista e Boa Esperan\u00e7a. A \u00e1gua de ambos tem como destino o Rio Itaim, que passa por Itain\u00f3polis.<\/p>\n\n\n\n<figure class=\"wp-block-image size-large\"><img loading=\"lazy\" decoding=\"async\" width=\"1024\" height=\"807\" src=\"https:\/\/noticiaempauta.com\/portal\/wp-content\/uploads\/2024\/04\/IMG_0503-1024x807.jpeg\" alt=\"\" class=\"wp-image-256390\" srcset=\"https:\/\/noticiaempauta.com\/portal\/wp-content\/uploads\/2024\/04\/IMG_0503-1024x807.jpeg 1024w, https:\/\/noticiaempauta.com\/portal\/wp-content\/uploads\/2024\/04\/IMG_0503-300x236.jpeg 300w, https:\/\/noticiaempauta.com\/portal\/wp-content\/uploads\/2024\/04\/IMG_0503-768x605.jpeg 768w, https:\/\/noticiaempauta.com\/portal\/wp-content\/uploads\/2024\/04\/IMG_0503.jpeg 1104w\" sizes=\"(max-width: 1024px) 100vw, 1024px\" \/><\/figure>\n\n\n\n<p>Na noite de desta segunda-feira, a barragem Po\u00e7o de Marru\u00e1, que fica situada no munic\u00edpio de Patos do Piau\u00ed, no Rio Itaim, tamb\u00e9m come\u00e7ou a transbordar.<\/p>\n\n\n\n<p><strong>Aulas suspensas<\/strong><\/p>\n\n\n\n<p>O prefeito de Itain\u00f3polis, Miguel Rodrigues, decidiu por suspender temporariamente, a partir desta ter\u00e7a-feira (2) at\u00e9 a pr\u00f3xima sexta-feira (5), as aulas nas escolas da Rede P\u00fablica Municipal de Ensino.<\/p>\n\n\n\n<p>De acordo com o Decreto Municipal, as chuvas intensas danificaram as estradas vicinais, impossibilitando o tr\u00e1fego dos \u00f4nibus que fazem o transporte escolar dos alunos que residem na zona rural.<\/p>\n\n\n\n<figure class=\"wp-block-image size-full\"><img loading=\"lazy\" decoding=\"async\" width=\"720\" height=\"744\" src=\"https:\/\/noticiaempauta.com\/portal\/wp-content\/uploads\/2024\/04\/WhatsApp-Image-2024-04-02-at-9.03.52-AM.jpeg\" alt=\"\" class=\"wp-image-256425\" srcset=\"https:\/\/noticiaempauta.com\/portal\/wp-content\/uploads\/2024\/04\/WhatsApp-Image-2024-04-02-at-9.03.52-AM.jpeg 720w, https:\/\/noticiaempauta.com\/portal\/wp-content\/uploads\/2024\/04\/WhatsApp-Image-2024-04-02-at-9.03.52-AM-290x300.jpeg 290w\" sizes=\"(max-width: 720px) 100vw, 720px\" \/><\/figure>\n\n\n\n<p>Al\u00e9m disso, considera, tamb\u00e9m, o risco de aumento do volume de \u00e1gua no Rio Itaim, tendo em vista o rompimento e as fortes chuvas registradas em munic\u00edpios situados em \u00e1reas acima de Itain\u00f3polis.<\/p>\n\n\n\n<p><em>Fonte: CidadesnaNet<\/em><\/p>\n","protected":false},"excerpt":{"rendered":"<p>As fortes chuvas registradas no in\u00edcio desta semana, no munic\u00edpio de Itain\u00f3polis, fizeram aumentar o volume de \u00e1gua do Rio Itaim, que passa pela cidade. A \u00e1gua invadiu alguns pontos da cidade, chegando a inundar ruas e casas. O antigo campo de futebol e o bairro Matadouro foram alguma das \u00e1reas atingidas e tomadas pelas [&hellip;]<\/p>\n","protected":false},"author":2,"featured_media":256423,"comment_status":"open","ping_status":"open","sticky":false,"template":"","format":"standard","meta":{"_mi_skip_tracking":false,"footnotes":""},"categories":[25,1,9,16],"tags":[192],"class_list":["post-256420","post","type-post","status-publish","format-standard","has-post-thumbnail","hentry","category-destaques-site","category-geral","category-municipios","category-todas","tag-destaqueprincipal"],"acf":[],"yoast_head":"<!-- This site is optimized with the Yoast SEO Premium plugin v19.2 (Yoast SEO v26.9) - https:\/\/yoast.com\/product\/yoast-seo-premium-wordpress\/ -->\n<title>Itain\u00f3polis | Ap\u00f3s fortes chuvas na regi\u00e3o e aumento do n\u00edvel do Rio Itaim prefeitura suspende aulas e faz alerta - Portal Not\u00edcia em Pauta<\/title>\n<meta name=\"robots\" content=\"index, follow, max-snippet:-1, max-image-preview:large, max-video-preview:-1\" \/>\n<link rel=\"canonical\" href=\"https:\/\/noticiaempauta.com\/portal\/itainopolis-apos-fortes-chuvas-na-regiao-e-aumento-do-nivel-do-rio-itaim-prefeitura-suspende-aulas-e-faz-alerta\/\" \/>\n<meta property=\"og:locale\" content=\"pt_BR\" \/>\n<meta property=\"og:type\" content=\"article\" \/>\n<meta property=\"og:title\" content=\"Itain\u00f3polis | Ap\u00f3s fortes chuvas na regi\u00e3o e aumento do n\u00edvel do Rio Itaim prefeitura suspende aulas e faz alerta\" \/>\n<meta property=\"og:description\" content=\"As fortes chuvas registradas no in\u00edcio desta semana, no munic\u00edpio de Itain\u00f3polis, fizeram aumentar o volume de \u00e1gua do Rio Itaim, que passa pela cidade. A \u00e1gua invadiu alguns pontos da cidade, chegando a inundar ruas e casas. O antigo campo de futebol e o bairro Matadouro foram alguma das \u00e1reas atingidas e tomadas pelas [&hellip;]\" \/>\n<meta property=\"og:url\" content=\"https:\/\/noticiaempauta.com\/portal\/itainopolis-apos-fortes-chuvas-na-regiao-e-aumento-do-nivel-do-rio-itaim-prefeitura-suspende-aulas-e-faz-alerta\/\" \/>\n<meta property=\"og:site_name\" content=\"Portal Not\u00edcia em Pauta\" \/>\n<meta property=\"article:publisher\" content=\"https:\/\/www.facebook.com\/Portal-Notcia-Em-Pauta-102292869264820\/\" \/>\n<meta property=\"article:published_time\" content=\"2024-04-02T12:05:47+00:00\" \/>\n<meta property=\"article:modified_time\" content=\"2024-04-02T12:05:49+00:00\" \/>\n<meta property=\"og:image\" content=\"https:\/\/noticiaempauta.com\/portal\/wp-content\/uploads\/2024\/04\/IMG_20240401_093042-2048x1153-1.jpg\" \/>\n\t<meta property=\"og:image:width\" content=\"2048\" \/>\n\t<meta property=\"og:image:height\" content=\"1153\" \/>\n\t<meta property=\"og:image:type\" content=\"image\/jpeg\" \/>\n<meta name=\"author\" content=\"Reda\u00e7\u00e3o\" \/>\n<meta name=\"twitter:card\" content=\"summary_large_image\" \/>\n<meta name=\"twitter:label1\" content=\"Escrito por\" \/>\n\t<meta name=\"twitter:data1\" content=\"Reda\u00e7\u00e3o\" \/>\n\t<meta name=\"twitter:label2\" content=\"Est. tempo de leitura\" \/>\n\t<meta name=\"twitter:data2\" content=\"3 minutos\" \/>\n<script type=\"application\/ld+json\" class=\"yoast-schema-graph\">{\"@context\":\"https:\/\/schema.org\",\"@graph\":[{\"@type\":\"Article\",\"@id\":\"https:\/\/noticiaempauta.com\/portal\/itainopolis-apos-fortes-chuvas-na-regiao-e-aumento-do-nivel-do-rio-itaim-prefeitura-suspende-aulas-e-faz-alerta\/#article\",\"isPartOf\":{\"@id\":\"https:\/\/noticiaempauta.com\/portal\/itainopolis-apos-fortes-chuvas-na-regiao-e-aumento-do-nivel-do-rio-itaim-prefeitura-suspende-aulas-e-faz-alerta\/\"},\"author\":{\"name\":\"Reda\u00e7\u00e3o\",\"@id\":\"https:\/\/noticiaempauta.com\/portal\/#\/schema\/person\/a74af43dd1ab3deca45f988c717d57ac\"},\"headline\":\"Itain\u00f3polis | Ap\u00f3s fortes chuvas na regi\u00e3o e aumento do n\u00edvel do Rio Itaim prefeitura suspende aulas e faz alerta\",\"datePublished\":\"2024-04-02T12:05:47+00:00\",\"dateModified\":\"2024-04-02T12:05:49+00:00\",\"mainEntityOfPage\":{\"@id\":\"https:\/\/noticiaempauta.com\/portal\/itainopolis-apos-fortes-chuvas-na-regiao-e-aumento-do-nivel-do-rio-itaim-prefeitura-suspende-aulas-e-faz-alerta\/\"},\"wordCount\":319,\"commentCount\":0,\"publisher\":{\"@id\":\"https:\/\/noticiaempauta.com\/portal\/#organization\"},\"image\":{\"@id\":\"https:\/\/noticiaempauta.com\/portal\/itainopolis-apos-fortes-chuvas-na-regiao-e-aumento-do-nivel-do-rio-itaim-prefeitura-suspende-aulas-e-faz-alerta\/#primaryimage\"},\"thumbnailUrl\":\"https:\/\/noticiaempauta.com\/portal\/wp-content\/uploads\/2024\/04\/IMG_20240401_093042-2048x1153-1.jpg\",\"keywords\":[\"destaqueprincipal\"],\"articleSection\":[\"Destaques\",\"Geral\",\"Munic\u00edpios\",\"Todas as Not\u00edcias\"],\"inLanguage\":\"pt-BR\",\"potentialAction\":[{\"@type\":\"CommentAction\",\"name\":\"Comment\",\"target\":[\"https:\/\/noticiaempauta.com\/portal\/itainopolis-apos-fortes-chuvas-na-regiao-e-aumento-do-nivel-do-rio-itaim-prefeitura-suspende-aulas-e-faz-alerta\/#respond\"]}]},{\"@type\":\"WebPage\",\"@id\":\"https:\/\/noticiaempauta.com\/portal\/itainopolis-apos-fortes-chuvas-na-regiao-e-aumento-do-nivel-do-rio-itaim-prefeitura-suspende-aulas-e-faz-alerta\/\",\"url\":\"https:\/\/noticiaempauta.com\/portal\/itainopolis-apos-fortes-chuvas-na-regiao-e-aumento-do-nivel-do-rio-itaim-prefeitura-suspende-aulas-e-faz-alerta\/\",\"name\":\"Itain\u00f3polis | Ap\u00f3s fortes chuvas na regi\u00e3o e aumento do n\u00edvel do Rio Itaim prefeitura suspende aulas e faz alerta - Portal Not\u00edcia em Pauta\",\"isPartOf\":{\"@id\":\"https:\/\/noticiaempauta.com\/portal\/#website\"},\"primaryImageOfPage\":{\"@id\":\"https:\/\/noticiaempauta.com\/portal\/itainopolis-apos-fortes-chuvas-na-regiao-e-aumento-do-nivel-do-rio-itaim-prefeitura-suspende-aulas-e-faz-alerta\/#primaryimage\"},\"image\":{\"@id\":\"https:\/\/noticiaempauta.com\/portal\/itainopolis-apos-fortes-chuvas-na-regiao-e-aumento-do-nivel-do-rio-itaim-prefeitura-suspende-aulas-e-faz-alerta\/#primaryimage\"},\"thumbnailUrl\":\"https:\/\/noticiaempauta.com\/portal\/wp-content\/uploads\/2024\/04\/IMG_20240401_093042-2048x1153-1.jpg\",\"datePublished\":\"2024-04-02T12:05:47+00:00\",\"dateModified\":\"2024-04-02T12:05:49+00:00\",\"breadcrumb\":{\"@id\":\"https:\/\/noticiaempauta.com\/portal\/itainopolis-apos-fortes-chuvas-na-regiao-e-aumento-do-nivel-do-rio-itaim-prefeitura-suspende-aulas-e-faz-alerta\/#breadcrumb\"},\"inLanguage\":\"pt-BR\",\"potentialAction\":[{\"@type\":\"ReadAction\",\"target\":[\"https:\/\/noticiaempauta.com\/portal\/itainopolis-apos-fortes-chuvas-na-regiao-e-aumento-do-nivel-do-rio-itaim-prefeitura-suspende-aulas-e-faz-alerta\/\"]}]},{\"@type\":\"ImageObject\",\"inLanguage\":\"pt-BR\",\"@id\":\"https:\/\/noticiaempauta.com\/portal\/itainopolis-apos-fortes-chuvas-na-regiao-e-aumento-do-nivel-do-rio-itaim-prefeitura-suspende-aulas-e-faz-alerta\/#primaryimage\",\"url\":\"https:\/\/noticiaempauta.com\/portal\/wp-content\/uploads\/2024\/04\/IMG_20240401_093042-2048x1153-1.jpg\",\"contentUrl\":\"https:\/\/noticiaempauta.com\/portal\/wp-content\/uploads\/2024\/04\/IMG_20240401_093042-2048x1153-1.jpg\",\"width\":2048,\"height\":1153},{\"@type\":\"BreadcrumbList\",\"@id\":\"https:\/\/noticiaempauta.com\/portal\/itainopolis-apos-fortes-chuvas-na-regiao-e-aumento-do-nivel-do-rio-itaim-prefeitura-suspende-aulas-e-faz-alerta\/#breadcrumb\",\"itemListElement\":[{\"@type\":\"ListItem\",\"position\":1,\"name\":\"P\u00e1gina Inicial\",\"item\":\"https:\/\/noticiaempauta.com\/portal\/\"},{\"@type\":\"ListItem\",\"position\":2,\"name\":\"Destaques\",\"item\":\"https:\/\/noticiaempauta.com\/portal\/destaques-site\/\"},{\"@type\":\"ListItem\",\"position\":3,\"name\":\"Itain\u00f3polis | Ap\u00f3s fortes chuvas na regi\u00e3o e aumento do n\u00edvel do Rio Itaim prefeitura suspende aulas e faz alerta\"}]},{\"@type\":\"WebSite\",\"@id\":\"https:\/\/noticiaempauta.com\/portal\/#website\",\"url\":\"https:\/\/noticiaempauta.com\/portal\/\",\"name\":\"Portal Not\u00edcia em Pauta\",\"description\":\"Voc\u00ea bem informado\",\"publisher\":{\"@id\":\"https:\/\/noticiaempauta.com\/portal\/#organization\"},\"potentialAction\":[{\"@type\":\"SearchAction\",\"target\":{\"@type\":\"EntryPoint\",\"urlTemplate\":\"https:\/\/noticiaempauta.com\/portal\/?s={search_term_string}\"},\"query-input\":{\"@type\":\"PropertyValueSpecification\",\"valueRequired\":true,\"valueName\":\"search_term_string\"}}],\"inLanguage\":\"pt-BR\"},{\"@type\":\"Organization\",\"@id\":\"https:\/\/noticiaempauta.com\/portal\/#organization\",\"name\":\"Portal Not\u00edcia em Pauta\",\"url\":\"https:\/\/noticiaempauta.com\/portal\/\",\"logo\":{\"@type\":\"ImageObject\",\"inLanguage\":\"pt-BR\",\"@id\":\"https:\/\/noticiaempauta.com\/portal\/#\/schema\/logo\/image\/\",\"url\":\"https:\/\/noticiaempauta.com\/portal\/wp-content\/uploads\/2022\/08\/logomarca_tema.fw_.png\",\"contentUrl\":\"https:\/\/noticiaempauta.com\/portal\/wp-content\/uploads\/2022\/08\/logomarca_tema.fw_.png\",\"width\":400,\"height\":232,\"caption\":\"Portal Not\u00edcia em Pauta\"},\"image\":{\"@id\":\"https:\/\/noticiaempauta.com\/portal\/#\/schema\/logo\/image\/\"},\"sameAs\":[\"https:\/\/www.facebook.com\/Portal-Notcia-Em-Pauta-102292869264820\/\",\"https:\/\/www.instagram.com\/portalnoticiaempauta\/\"]},{\"@type\":\"Person\",\"@id\":\"https:\/\/noticiaempauta.com\/portal\/#\/schema\/person\/a74af43dd1ab3deca45f988c717d57ac\",\"name\":\"Reda\u00e7\u00e3o\",\"image\":{\"@type\":\"ImageObject\",\"inLanguage\":\"pt-BR\",\"@id\":\"https:\/\/noticiaempauta.com\/portal\/#\/schema\/person\/image\/\",\"url\":\"https:\/\/secure.gravatar.com\/avatar\/03179346ecce6cdfc13361603e8f54242a90e5cde8618fa23c5c00aa2b0aadf3?s=96&d=mm&r=g\",\"contentUrl\":\"https:\/\/secure.gravatar.com\/avatar\/03179346ecce6cdfc13361603e8f54242a90e5cde8618fa23c5c00aa2b0aadf3?s=96&d=mm&r=g\",\"caption\":\"Reda\u00e7\u00e3o\"},\"sameAs\":[\"https:\/\/noticiaempauta.com\/portal\/\"],\"url\":\"https:\/\/noticiaempauta.com\/portal\/author\/fernando\/\"}]}<\/script>\n<!-- \/ Yoast SEO Premium plugin. -->","yoast_head_json":{"title":"Itain\u00f3polis | Ap\u00f3s fortes chuvas na regi\u00e3o e aumento do n\u00edvel do Rio Itaim prefeitura suspende aulas e faz alerta - Portal Not\u00edcia em Pauta","robots":{"index":"index","follow":"follow","max-snippet":"max-snippet:-1","max-image-preview":"max-image-preview:large","max-video-preview":"max-video-preview:-1"},"canonical":"https:\/\/noticiaempauta.com\/portal\/itainopolis-apos-fortes-chuvas-na-regiao-e-aumento-do-nivel-do-rio-itaim-prefeitura-suspende-aulas-e-faz-alerta\/","og_locale":"pt_BR","og_type":"article","og_title":"Itain\u00f3polis | Ap\u00f3s fortes chuvas na regi\u00e3o e aumento do n\u00edvel do Rio Itaim prefeitura suspende aulas e faz alerta","og_description":"As fortes chuvas registradas no in\u00edcio desta semana, no munic\u00edpio de Itain\u00f3polis, fizeram aumentar o volume de \u00e1gua do Rio Itaim, que passa pela cidade. A \u00e1gua invadiu alguns pontos da cidade, chegando a inundar ruas e casas. O antigo campo de futebol e o bairro Matadouro foram alguma das \u00e1reas atingidas e tomadas pelas [&hellip;]","og_url":"https:\/\/noticiaempauta.com\/portal\/itainopolis-apos-fortes-chuvas-na-regiao-e-aumento-do-nivel-do-rio-itaim-prefeitura-suspende-aulas-e-faz-alerta\/","og_site_name":"Portal Not\u00edcia em Pauta","article_publisher":"https:\/\/www.facebook.com\/Portal-Notcia-Em-Pauta-102292869264820\/","article_published_time":"2024-04-02T12:05:47+00:00","article_modified_time":"2024-04-02T12:05:49+00:00","og_image":[{"width":2048,"height":1153,"url":"https:\/\/noticiaempauta.com\/portal\/wp-content\/uploads\/2024\/04\/IMG_20240401_093042-2048x1153-1.jpg","type":"image\/jpeg"}],"author":"Reda\u00e7\u00e3o","twitter_card":"summary_large_image","twitter_misc":{"Escrito por":"Reda\u00e7\u00e3o","Est. tempo de leitura":"3 minutos"},"schema":{"@context":"https:\/\/schema.org","@graph":[{"@type":"Article","@id":"https:\/\/noticiaempauta.com\/portal\/itainopolis-apos-fortes-chuvas-na-regiao-e-aumento-do-nivel-do-rio-itaim-prefeitura-suspende-aulas-e-faz-alerta\/#article","isPartOf":{"@id":"https:\/\/noticiaempauta.com\/portal\/itainopolis-apos-fortes-chuvas-na-regiao-e-aumento-do-nivel-do-rio-itaim-prefeitura-suspende-aulas-e-faz-alerta\/"},"author":{"name":"Reda\u00e7\u00e3o","@id":"https:\/\/noticiaempauta.com\/portal\/#\/schema\/person\/a74af43dd1ab3deca45f988c717d57ac"},"headline":"Itain\u00f3polis | Ap\u00f3s fortes chuvas na regi\u00e3o e aumento do n\u00edvel do Rio Itaim prefeitura suspende aulas e faz alerta","datePublished":"2024-04-02T12:05:47+00:00","dateModified":"2024-04-02T12:05:49+00:00","mainEntityOfPage":{"@id":"https:\/\/noticiaempauta.com\/portal\/itainopolis-apos-fortes-chuvas-na-regiao-e-aumento-do-nivel-do-rio-itaim-prefeitura-suspende-aulas-e-faz-alerta\/"},"wordCount":319,"commentCount":0,"publisher":{"@id":"https:\/\/noticiaempauta.com\/portal\/#organization"},"image":{"@id":"https:\/\/noticiaempauta.com\/portal\/itainopolis-apos-fortes-chuvas-na-regiao-e-aumento-do-nivel-do-rio-itaim-prefeitura-suspende-aulas-e-faz-alerta\/#primaryimage"},"thumbnailUrl":"https:\/\/noticiaempauta.com\/portal\/wp-content\/uploads\/2024\/04\/IMG_20240401_093042-2048x1153-1.jpg","keywords":["destaqueprincipal"],"articleSection":["Destaques","Geral","Munic\u00edpios","Todas as Not\u00edcias"],"inLanguage":"pt-BR","potentialAction":[{"@type":"CommentAction","name":"Comment","target":["https:\/\/noticiaempauta.com\/portal\/itainopolis-apos-fortes-chuvas-na-regiao-e-aumento-do-nivel-do-rio-itaim-prefeitura-suspende-aulas-e-faz-alerta\/#respond"]}]},{"@type":"WebPage","@id":"https:\/\/noticiaempauta.com\/portal\/itainopolis-apos-fortes-chuvas-na-regiao-e-aumento-do-nivel-do-rio-itaim-prefeitura-suspende-aulas-e-faz-alerta\/","url":"https:\/\/noticiaempauta.com\/portal\/itainopolis-apos-fortes-chuvas-na-regiao-e-aumento-do-nivel-do-rio-itaim-prefeitura-suspende-aulas-e-faz-alerta\/","name":"Itain\u00f3polis | Ap\u00f3s fortes chuvas na regi\u00e3o e aumento do n\u00edvel do Rio Itaim prefeitura suspende aulas e faz alerta - Portal Not\u00edcia em Pauta","isPartOf":{"@id":"https:\/\/noticiaempauta.com\/portal\/#website"},"primaryImageOfPage":{"@id":"https:\/\/noticiaempauta.com\/portal\/itainopolis-apos-fortes-chuvas-na-regiao-e-aumento-do-nivel-do-rio-itaim-prefeitura-suspende-aulas-e-faz-alerta\/#primaryimage"},"image":{"@id":"https:\/\/noticiaempauta.com\/portal\/itainopolis-apos-fortes-chuvas-na-regiao-e-aumento-do-nivel-do-rio-itaim-prefeitura-suspende-aulas-e-faz-alerta\/#primaryimage"},"thumbnailUrl":"https:\/\/noticiaempauta.com\/portal\/wp-content\/uploads\/2024\/04\/IMG_20240401_093042-2048x1153-1.jpg","datePublished":"2024-04-02T12:05:47+00:00","dateModified":"2024-04-02T12:05:49+00:00","breadcrumb":{"@id":"https:\/\/noticiaempauta.com\/portal\/itainopolis-apos-fortes-chuvas-na-regiao-e-aumento-do-nivel-do-rio-itaim-prefeitura-suspende-aulas-e-faz-alerta\/#breadcrumb"},"inLanguage":"pt-BR","potentialAction":[{"@type":"ReadAction","target":["https:\/\/noticiaempauta.com\/portal\/itainopolis-apos-fortes-chuvas-na-regiao-e-aumento-do-nivel-do-rio-itaim-prefeitura-suspende-aulas-e-faz-alerta\/"]}]},{"@type":"ImageObject","inLanguage":"pt-BR","@id":"https:\/\/noticiaempauta.com\/portal\/itainopolis-apos-fortes-chuvas-na-regiao-e-aumento-do-nivel-do-rio-itaim-prefeitura-suspende-aulas-e-faz-alerta\/#primaryimage","url":"https:\/\/noticiaempauta.com\/portal\/wp-content\/uploads\/2024\/04\/IMG_20240401_093042-2048x1153-1.jpg","contentUrl":"https:\/\/noticiaempauta.com\/portal\/wp-content\/uploads\/2024\/04\/IMG_20240401_093042-2048x1153-1.jpg","width":2048,"height":1153},{"@type":"BreadcrumbList","@id":"https:\/\/noticiaempauta.com\/portal\/itainopolis-apos-fortes-chuvas-na-regiao-e-aumento-do-nivel-do-rio-itaim-prefeitura-suspende-aulas-e-faz-alerta\/#breadcrumb","itemListElement":[{"@type":"ListItem","position":1,"name":"P\u00e1gina Inicial","item":"https:\/\/noticiaempauta.com\/portal\/"},{"@type":"ListItem","position":2,"name":"Destaques","item":"https:\/\/noticiaempauta.com\/portal\/destaques-site\/"},{"@type":"ListItem","position":3,"name":"Itain\u00f3polis | Ap\u00f3s fortes chuvas na regi\u00e3o e aumento do n\u00edvel do Rio Itaim prefeitura suspende aulas e faz alerta"}]},{"@type":"WebSite","@id":"https:\/\/noticiaempauta.com\/portal\/#website","url":"https:\/\/noticiaempauta.com\/portal\/","name":"Portal Not\u00edcia em Pauta","description":"Voc\u00ea bem informado","publisher":{"@id":"https:\/\/noticiaempauta.com\/portal\/#organization"},"potentialAction":[{"@type":"SearchAction","target":{"@type":"EntryPoint","urlTemplate":"https:\/\/noticiaempauta.com\/portal\/?s={search_term_string}"},"query-input":{"@type":"PropertyValueSpecification","valueRequired":true,"valueName":"search_term_string"}}],"inLanguage":"pt-BR"},{"@type":"Organization","@id":"https:\/\/noticiaempauta.com\/portal\/#organization","name":"Portal Not\u00edcia em Pauta","url":"https:\/\/noticiaempauta.com\/portal\/","logo":{"@type":"ImageObject","inLanguage":"pt-BR","@id":"https:\/\/noticiaempauta.com\/portal\/#\/schema\/logo\/image\/","url":"https:\/\/noticiaempauta.com\/portal\/wp-content\/uploads\/2022\/08\/logomarca_tema.fw_.png","contentUrl":"https:\/\/noticiaempauta.com\/portal\/wp-content\/uploads\/2022\/08\/logomarca_tema.fw_.png","width":400,"height":232,"caption":"Portal Not\u00edcia em Pauta"},"image":{"@id":"https:\/\/noticiaempauta.com\/portal\/#\/schema\/logo\/image\/"},"sameAs":["https:\/\/www.facebook.com\/Portal-Notcia-Em-Pauta-102292869264820\/","https:\/\/www.instagram.com\/portalnoticiaempauta\/"]},{"@type":"Person","@id":"https:\/\/noticiaempauta.com\/portal\/#\/schema\/person\/a74af43dd1ab3deca45f988c717d57ac","name":"Reda\u00e7\u00e3o","image":{"@type":"ImageObject","inLanguage":"pt-BR","@id":"https:\/\/noticiaempauta.com\/portal\/#\/schema\/person\/image\/","url":"https:\/\/secure.gravatar.com\/avatar\/03179346ecce6cdfc13361603e8f54242a90e5cde8618fa23c5c00aa2b0aadf3?s=96&d=mm&r=g","contentUrl":"https:\/\/secure.gravatar.com\/avatar\/03179346ecce6cdfc13361603e8f54242a90e5cde8618fa23c5c00aa2b0aadf3?s=96&d=mm&r=g","caption":"Reda\u00e7\u00e3o"},"sameAs":["https:\/\/noticiaempauta.com\/portal\/"],"url":"https:\/\/noticiaempauta.com\/portal\/author\/fernando\/"}]}},"_links":{"self":[{"href":"https:\/\/noticiaempauta.com\/portal\/wp-json\/wp\/v2\/posts\/256420","targetHints":{"allow":["GET"]}}],"collection":[{"href":"https:\/\/noticiaempauta.com\/portal\/wp-json\/wp\/v2\/posts"}],"about":[{"href":"https:\/\/noticiaempauta.com\/portal\/wp-json\/wp\/v2\/types\/post"}],"author":[{"embeddable":true,"href":"https:\/\/noticiaempauta.com\/portal\/wp-json\/wp\/v2\/users\/2"}],"replies":[{"embeddable":true,"href":"https:\/\/noticiaempauta.com\/portal\/wp-json\/wp\/v2\/comments?post=256420"}],"version-history":[{"count":2,"href":"https:\/\/noticiaempauta.com\/portal\/wp-json\/wp\/v2\/posts\/256420\/revisions"}],"predecessor-version":[{"id":256427,"href":"https:\/\/noticiaempauta.com\/portal\/wp-json\/wp\/v2\/posts\/256420\/revisions\/256427"}],"wp:featuredmedia":[{"embeddable":true,"href":"https:\/\/noticiaempauta.com\/portal\/wp-json\/wp\/v2\/media\/256423"}],"wp:attachment":[{"href":"https:\/\/noticiaempauta.com\/portal\/wp-json\/wp\/v2\/media?parent=256420"}],"wp:term":[{"taxonomy":"category","embeddable":true,"href":"https:\/\/noticiaempauta.com\/portal\/wp-json\/wp\/v2\/categories?post=256420"},{"taxonomy":"post_tag","embeddable":true,"href":"https:\/\/noticiaempauta.com\/portal\/wp-json\/wp\/v2\/tags?post=256420"}],"curies":[{"name":"wp","href":"https:\/\/api.w.org\/{rel}","templated":true}]}}