{"id":256496,"date":"2024-04-05T08:51:13","date_gmt":"2024-04-05T11:51:13","guid":{"rendered":"https:\/\/noticiaempauta.com\/portal\/?p=256496"},"modified":"2024-04-05T08:51:14","modified_gmt":"2024-04-05T11:51:14","slug":"protocolo-de-recuperacao-de-celulares-do-piaui-sera-incorporado-a-programa-do-ministerio-da-justica","status":"publish","type":"post","link":"https:\/\/noticiaempauta.com\/portal\/protocolo-de-recuperacao-de-celulares-do-piaui-sera-incorporado-a-programa-do-ministerio-da-justica\/","title":{"rendered":"Protocolo de recupera\u00e7\u00e3o de celulares do Piau\u00ed ser\u00e1 incorporado \u00e0 programa do Minist\u00e9rio da Justi\u00e7a"},"content":{"rendered":"\n<p>O governador Rafael Fonteles teve agenda nesta quinta-feira (4), no Minist\u00e9rio da Justi\u00e7a, em Bras\u00edlia, onde apresentou ao ministro Ricardo Lewandowski, o protocolo de recupera\u00e7\u00e3o de celulares criado e implementado pelo Governo do Piau\u00ed. A iniciativa, reconhecida pelo Minist\u00e9rio como uma pr\u00e1tica inovadora,\u00a0<strong>ser\u00e1 adotada como uma pol\u00edtica nacional de combate ao furto e roubo destes aparelhos.<\/strong>\u00a0No primeiro trimestre de 2024, o n\u00famero de roubos de telefones m\u00f3veis no Piau\u00ed\u00a0<strong>reduziu 44%, em compara\u00e7\u00e3o com o mesmo per\u00edodo do ano passado.<\/strong><\/p>\n\n\n\n<figure class=\"wp-block-image size-full\"><img fetchpriority=\"high\" decoding=\"async\" width=\"1000\" height=\"603\" src=\"https:\/\/noticiaempauta.com\/portal\/wp-content\/uploads\/2024\/04\/large-whats-app-image-2024-04-04-at-18-50-56-5cffba2e3d-1712313437.jpeg\" alt=\"\" class=\"wp-image-256498\" srcset=\"https:\/\/noticiaempauta.com\/portal\/wp-content\/uploads\/2024\/04\/large-whats-app-image-2024-04-04-at-18-50-56-5cffba2e3d-1712313437.jpeg 1000w, https:\/\/noticiaempauta.com\/portal\/wp-content\/uploads\/2024\/04\/large-whats-app-image-2024-04-04-at-18-50-56-5cffba2e3d-1712313437-300x181.jpeg 300w, https:\/\/noticiaempauta.com\/portal\/wp-content\/uploads\/2024\/04\/large-whats-app-image-2024-04-04-at-18-50-56-5cffba2e3d-1712313437-768x463.jpeg 768w\" sizes=\"(max-width: 1000px) 100vw, 1000px\" \/><\/figure>\n\n\n\n<p>A equipe ministerial, liderada pelo secret\u00e1rio-executivo da pasta, Manoel Carlos, recebeu explica\u00e7\u00f5es sobre os procedimentos adotados pela Secretaria de Estado da Seguran\u00e7a Publica do Piau\u00ed (SSP-PI). O protocolo ser\u00e1 incorporado ao Programa Celular Seguro, do Minist\u00e9rio da Justi\u00e7a.<\/p>\n\n\n\n<p>\u201cEsse protocolo exitoso ser\u00e1 difundido como uma pol\u00edtica nacional de combate ao furto e ao roubo de aparelho celular. O Governo do Estado do Piau\u00ed est\u00e1 de parab\u00e9ns por esta iniciativa e o sucesso do programa, que iremos compartilhar com todo o pa\u00eds\u201d declarou Manoel Carlos.<\/p>\n\n\n\n<p>O governador Rafael destacou que quase 6 mil aparelhos foram devolvidos aos donos, desde que o protocolo foi implementado no estado. \u201cT\u00eam representado uma vit\u00f3ria para essas pessoas que tiveram seus celulares roubados, um bem t\u00e3o importante atualmente, devolvidos para seus respectivos donos. \u00c9 um prazer contribuir com o Minist\u00e9rio da Justi\u00e7a com esta pol\u00edtica t\u00e3o importante para o pa\u00eds\u201d declarou Fonteles.<\/p>\n\n\n\n<p>Devido ao sucesso da iniciativa, outros estados da federa\u00e7\u00e3o como o Cear\u00e1, tem buscado informa\u00e7\u00f5es junto \u00e0 Secretaria de Seguran\u00e7a, para criarem seus protocolos.<\/p>\n\n\n\n<p>O secret\u00e1rio de Seguran\u00e7a do Piau\u00ed, Chico Lucas, destacou o trabalho da equipe t\u00e9cnica e policial da Secretaria no desenvolvimento das ferramentas tecnol\u00f3gicas que possibilitam a recupera\u00e7\u00e3o dos celulares. \u201cEstamos trilhando um caminho de boas pr\u00e1ticas, de sucesso e principalmente de uma pol\u00edtica baseada na intelig\u00eancia, na tecnologia e no aprimoramento dos processos\u201d considerou Chico Lucas.<\/p>\n\n\n\n<p><em>Fonte: Portal A10+<\/em><\/p>\n","protected":false},"excerpt":{"rendered":"<p>Rafael Fonteles apresentou, nesta quinta-feira, o protocolo \u00e0 equipe do Minist\u00e9rio da Justi\u00e7a.<\/p>\n","protected":false},"author":2,"featured_media":256498,"comment_status":"open","ping_status":"open","sticky":false,"template":"","format":"standard","meta":{"_mi_skip_tracking":false,"footnotes":""},"categories":[25,1,137,16],"tags":[192],"class_list":["post-256496","post","type-post","status-publish","format-standard","has-post-thumbnail","hentry","category-destaques-site","category-geral","category-policia","category-todas","tag-destaqueprincipal"],"acf":[],"yoast_head":"<!-- This site is optimized with the Yoast SEO Premium plugin v19.2 (Yoast SEO v26.9) - https:\/\/yoast.com\/product\/yoast-seo-premium-wordpress\/ -->\n<title>Protocolo de recupera\u00e7\u00e3o de celulares do Piau\u00ed ser\u00e1 incorporado \u00e0 programa do Minist\u00e9rio da Justi\u00e7a - Portal Not\u00edcia em Pauta<\/title>\n<meta name=\"robots\" content=\"index, follow, max-snippet:-1, max-image-preview:large, max-video-preview:-1\" \/>\n<link rel=\"canonical\" href=\"https:\/\/noticiaempauta.com\/portal\/protocolo-de-recuperacao-de-celulares-do-piaui-sera-incorporado-a-programa-do-ministerio-da-justica\/\" \/>\n<meta property=\"og:locale\" content=\"pt_BR\" \/>\n<meta property=\"og:type\" content=\"article\" \/>\n<meta property=\"og:title\" content=\"Protocolo de recupera\u00e7\u00e3o de celulares do Piau\u00ed ser\u00e1 incorporado \u00e0 programa do Minist\u00e9rio da Justi\u00e7a\" \/>\n<meta property=\"og:description\" content=\"Rafael Fonteles apresentou, nesta quinta-feira, o protocolo \u00e0 equipe do Minist\u00e9rio da Justi\u00e7a.\" \/>\n<meta property=\"og:url\" content=\"https:\/\/noticiaempauta.com\/portal\/protocolo-de-recuperacao-de-celulares-do-piaui-sera-incorporado-a-programa-do-ministerio-da-justica\/\" \/>\n<meta property=\"og:site_name\" content=\"Portal Not\u00edcia em Pauta\" \/>\n<meta property=\"article:publisher\" content=\"https:\/\/www.facebook.com\/Portal-Notcia-Em-Pauta-102292869264820\/\" \/>\n<meta property=\"article:published_time\" content=\"2024-04-05T11:51:13+00:00\" \/>\n<meta property=\"article:modified_time\" content=\"2024-04-05T11:51:14+00:00\" \/>\n<meta property=\"og:image\" content=\"https:\/\/noticiaempauta.com\/portal\/wp-content\/uploads\/2024\/04\/large-whats-app-image-2024-04-04-at-18-50-56-5cffba2e3d-1712313437.jpeg\" \/>\n\t<meta property=\"og:image:width\" content=\"1000\" \/>\n\t<meta property=\"og:image:height\" content=\"603\" \/>\n\t<meta property=\"og:image:type\" content=\"image\/jpeg\" \/>\n<meta name=\"author\" content=\"Reda\u00e7\u00e3o\" \/>\n<meta name=\"twitter:card\" content=\"summary_large_image\" \/>\n<meta name=\"twitter:label1\" content=\"Escrito por\" \/>\n\t<meta name=\"twitter:data1\" content=\"Reda\u00e7\u00e3o\" \/>\n\t<meta name=\"twitter:label2\" content=\"Est. tempo de leitura\" \/>\n\t<meta name=\"twitter:data2\" content=\"3 minutos\" \/>\n<script type=\"application\/ld+json\" class=\"yoast-schema-graph\">{\"@context\":\"https:\/\/schema.org\",\"@graph\":[{\"@type\":\"Article\",\"@id\":\"https:\/\/noticiaempauta.com\/portal\/protocolo-de-recuperacao-de-celulares-do-piaui-sera-incorporado-a-programa-do-ministerio-da-justica\/#article\",\"isPartOf\":{\"@id\":\"https:\/\/noticiaempauta.com\/portal\/protocolo-de-recuperacao-de-celulares-do-piaui-sera-incorporado-a-programa-do-ministerio-da-justica\/\"},\"author\":{\"name\":\"Reda\u00e7\u00e3o\",\"@id\":\"https:\/\/noticiaempauta.com\/portal\/#\/schema\/person\/a74af43dd1ab3deca45f988c717d57ac\"},\"headline\":\"Protocolo de recupera\u00e7\u00e3o de celulares do Piau\u00ed ser\u00e1 incorporado \u00e0 programa do Minist\u00e9rio da Justi\u00e7a\",\"datePublished\":\"2024-04-05T11:51:13+00:00\",\"dateModified\":\"2024-04-05T11:51:14+00:00\",\"mainEntityOfPage\":{\"@id\":\"https:\/\/noticiaempauta.com\/portal\/protocolo-de-recuperacao-de-celulares-do-piaui-sera-incorporado-a-programa-do-ministerio-da-justica\/\"},\"wordCount\":360,\"commentCount\":0,\"publisher\":{\"@id\":\"https:\/\/noticiaempauta.com\/portal\/#organization\"},\"image\":{\"@id\":\"https:\/\/noticiaempauta.com\/portal\/protocolo-de-recuperacao-de-celulares-do-piaui-sera-incorporado-a-programa-do-ministerio-da-justica\/#primaryimage\"},\"thumbnailUrl\":\"https:\/\/noticiaempauta.com\/portal\/wp-content\/uploads\/2024\/04\/large-whats-app-image-2024-04-04-at-18-50-56-5cffba2e3d-1712313437.jpeg\",\"keywords\":[\"destaqueprincipal\"],\"articleSection\":[\"Destaques\",\"Geral\",\"Pol\u00edcia\",\"Todas as Not\u00edcias\"],\"inLanguage\":\"pt-BR\",\"potentialAction\":[{\"@type\":\"CommentAction\",\"name\":\"Comment\",\"target\":[\"https:\/\/noticiaempauta.com\/portal\/protocolo-de-recuperacao-de-celulares-do-piaui-sera-incorporado-a-programa-do-ministerio-da-justica\/#respond\"]}]},{\"@type\":\"WebPage\",\"@id\":\"https:\/\/noticiaempauta.com\/portal\/protocolo-de-recuperacao-de-celulares-do-piaui-sera-incorporado-a-programa-do-ministerio-da-justica\/\",\"url\":\"https:\/\/noticiaempauta.com\/portal\/protocolo-de-recuperacao-de-celulares-do-piaui-sera-incorporado-a-programa-do-ministerio-da-justica\/\",\"name\":\"Protocolo de recupera\u00e7\u00e3o de celulares do Piau\u00ed ser\u00e1 incorporado \u00e0 programa do Minist\u00e9rio da Justi\u00e7a - Portal Not\u00edcia em Pauta\",\"isPartOf\":{\"@id\":\"https:\/\/noticiaempauta.com\/portal\/#website\"},\"primaryImageOfPage\":{\"@id\":\"https:\/\/noticiaempauta.com\/portal\/protocolo-de-recuperacao-de-celulares-do-piaui-sera-incorporado-a-programa-do-ministerio-da-justica\/#primaryimage\"},\"image\":{\"@id\":\"https:\/\/noticiaempauta.com\/portal\/protocolo-de-recuperacao-de-celulares-do-piaui-sera-incorporado-a-programa-do-ministerio-da-justica\/#primaryimage\"},\"thumbnailUrl\":\"https:\/\/noticiaempauta.com\/portal\/wp-content\/uploads\/2024\/04\/large-whats-app-image-2024-04-04-at-18-50-56-5cffba2e3d-1712313437.jpeg\",\"datePublished\":\"2024-04-05T11:51:13+00:00\",\"dateModified\":\"2024-04-05T11:51:14+00:00\",\"breadcrumb\":{\"@id\":\"https:\/\/noticiaempauta.com\/portal\/protocolo-de-recuperacao-de-celulares-do-piaui-sera-incorporado-a-programa-do-ministerio-da-justica\/#breadcrumb\"},\"inLanguage\":\"pt-BR\",\"potentialAction\":[{\"@type\":\"ReadAction\",\"target\":[\"https:\/\/noticiaempauta.com\/portal\/protocolo-de-recuperacao-de-celulares-do-piaui-sera-incorporado-a-programa-do-ministerio-da-justica\/\"]}]},{\"@type\":\"ImageObject\",\"inLanguage\":\"pt-BR\",\"@id\":\"https:\/\/noticiaempauta.com\/portal\/protocolo-de-recuperacao-de-celulares-do-piaui-sera-incorporado-a-programa-do-ministerio-da-justica\/#primaryimage\",\"url\":\"https:\/\/noticiaempauta.com\/portal\/wp-content\/uploads\/2024\/04\/large-whats-app-image-2024-04-04-at-18-50-56-5cffba2e3d-1712313437.jpeg\",\"contentUrl\":\"https:\/\/noticiaempauta.com\/portal\/wp-content\/uploads\/2024\/04\/large-whats-app-image-2024-04-04-at-18-50-56-5cffba2e3d-1712313437.jpeg\",\"width\":1000,\"height\":603},{\"@type\":\"BreadcrumbList\",\"@id\":\"https:\/\/noticiaempauta.com\/portal\/protocolo-de-recuperacao-de-celulares-do-piaui-sera-incorporado-a-programa-do-ministerio-da-justica\/#breadcrumb\",\"itemListElement\":[{\"@type\":\"ListItem\",\"position\":1,\"name\":\"P\u00e1gina Inicial\",\"item\":\"https:\/\/noticiaempauta.com\/portal\/\"},{\"@type\":\"ListItem\",\"position\":2,\"name\":\"Destaques\",\"item\":\"https:\/\/noticiaempauta.com\/portal\/destaques-site\/\"},{\"@type\":\"ListItem\",\"position\":3,\"name\":\"Protocolo de recupera\u00e7\u00e3o de celulares do Piau\u00ed ser\u00e1 incorporado \u00e0 programa do Minist\u00e9rio da Justi\u00e7a\"}]},{\"@type\":\"WebSite\",\"@id\":\"https:\/\/noticiaempauta.com\/portal\/#website\",\"url\":\"https:\/\/noticiaempauta.com\/portal\/\",\"name\":\"Portal Not\u00edcia em Pauta\",\"description\":\"Voc\u00ea bem informado\",\"publisher\":{\"@id\":\"https:\/\/noticiaempauta.com\/portal\/#organization\"},\"potentialAction\":[{\"@type\":\"SearchAction\",\"target\":{\"@type\":\"EntryPoint\",\"urlTemplate\":\"https:\/\/noticiaempauta.com\/portal\/?s={search_term_string}\"},\"query-input\":{\"@type\":\"PropertyValueSpecification\",\"valueRequired\":true,\"valueName\":\"search_term_string\"}}],\"inLanguage\":\"pt-BR\"},{\"@type\":\"Organization\",\"@id\":\"https:\/\/noticiaempauta.com\/portal\/#organization\",\"name\":\"Portal Not\u00edcia em Pauta\",\"url\":\"https:\/\/noticiaempauta.com\/portal\/\",\"logo\":{\"@type\":\"ImageObject\",\"inLanguage\":\"pt-BR\",\"@id\":\"https:\/\/noticiaempauta.com\/portal\/#\/schema\/logo\/image\/\",\"url\":\"https:\/\/noticiaempauta.com\/portal\/wp-content\/uploads\/2022\/08\/logomarca_tema.fw_.png\",\"contentUrl\":\"https:\/\/noticiaempauta.com\/portal\/wp-content\/uploads\/2022\/08\/logomarca_tema.fw_.png\",\"width\":400,\"height\":232,\"caption\":\"Portal Not\u00edcia em Pauta\"},\"image\":{\"@id\":\"https:\/\/noticiaempauta.com\/portal\/#\/schema\/logo\/image\/\"},\"sameAs\":[\"https:\/\/www.facebook.com\/Portal-Notcia-Em-Pauta-102292869264820\/\",\"https:\/\/www.instagram.com\/portalnoticiaempauta\/\"]},{\"@type\":\"Person\",\"@id\":\"https:\/\/noticiaempauta.com\/portal\/#\/schema\/person\/a74af43dd1ab3deca45f988c717d57ac\",\"name\":\"Reda\u00e7\u00e3o\",\"image\":{\"@type\":\"ImageObject\",\"inLanguage\":\"pt-BR\",\"@id\":\"https:\/\/noticiaempauta.com\/portal\/#\/schema\/person\/image\/\",\"url\":\"https:\/\/secure.gravatar.com\/avatar\/03179346ecce6cdfc13361603e8f54242a90e5cde8618fa23c5c00aa2b0aadf3?s=96&d=mm&r=g\",\"contentUrl\":\"https:\/\/secure.gravatar.com\/avatar\/03179346ecce6cdfc13361603e8f54242a90e5cde8618fa23c5c00aa2b0aadf3?s=96&d=mm&r=g\",\"caption\":\"Reda\u00e7\u00e3o\"},\"sameAs\":[\"https:\/\/noticiaempauta.com\/portal\/\"],\"url\":\"https:\/\/noticiaempauta.com\/portal\/author\/fernando\/\"}]}<\/script>\n<!-- \/ Yoast SEO Premium plugin. -->","yoast_head_json":{"title":"Protocolo de recupera\u00e7\u00e3o de celulares do Piau\u00ed ser\u00e1 incorporado \u00e0 programa do Minist\u00e9rio da Justi\u00e7a - Portal Not\u00edcia em Pauta","robots":{"index":"index","follow":"follow","max-snippet":"max-snippet:-1","max-image-preview":"max-image-preview:large","max-video-preview":"max-video-preview:-1"},"canonical":"https:\/\/noticiaempauta.com\/portal\/protocolo-de-recuperacao-de-celulares-do-piaui-sera-incorporado-a-programa-do-ministerio-da-justica\/","og_locale":"pt_BR","og_type":"article","og_title":"Protocolo de recupera\u00e7\u00e3o de celulares do Piau\u00ed ser\u00e1 incorporado \u00e0 programa do Minist\u00e9rio da Justi\u00e7a","og_description":"Rafael Fonteles apresentou, nesta quinta-feira, o protocolo \u00e0 equipe do Minist\u00e9rio da Justi\u00e7a.","og_url":"https:\/\/noticiaempauta.com\/portal\/protocolo-de-recuperacao-de-celulares-do-piaui-sera-incorporado-a-programa-do-ministerio-da-justica\/","og_site_name":"Portal Not\u00edcia em Pauta","article_publisher":"https:\/\/www.facebook.com\/Portal-Notcia-Em-Pauta-102292869264820\/","article_published_time":"2024-04-05T11:51:13+00:00","article_modified_time":"2024-04-05T11:51:14+00:00","og_image":[{"width":1000,"height":603,"url":"https:\/\/noticiaempauta.com\/portal\/wp-content\/uploads\/2024\/04\/large-whats-app-image-2024-04-04-at-18-50-56-5cffba2e3d-1712313437.jpeg","type":"image\/jpeg"}],"author":"Reda\u00e7\u00e3o","twitter_card":"summary_large_image","twitter_misc":{"Escrito por":"Reda\u00e7\u00e3o","Est. tempo de leitura":"3 minutos"},"schema":{"@context":"https:\/\/schema.org","@graph":[{"@type":"Article","@id":"https:\/\/noticiaempauta.com\/portal\/protocolo-de-recuperacao-de-celulares-do-piaui-sera-incorporado-a-programa-do-ministerio-da-justica\/#article","isPartOf":{"@id":"https:\/\/noticiaempauta.com\/portal\/protocolo-de-recuperacao-de-celulares-do-piaui-sera-incorporado-a-programa-do-ministerio-da-justica\/"},"author":{"name":"Reda\u00e7\u00e3o","@id":"https:\/\/noticiaempauta.com\/portal\/#\/schema\/person\/a74af43dd1ab3deca45f988c717d57ac"},"headline":"Protocolo de recupera\u00e7\u00e3o de celulares do Piau\u00ed ser\u00e1 incorporado \u00e0 programa do Minist\u00e9rio da Justi\u00e7a","datePublished":"2024-04-05T11:51:13+00:00","dateModified":"2024-04-05T11:51:14+00:00","mainEntityOfPage":{"@id":"https:\/\/noticiaempauta.com\/portal\/protocolo-de-recuperacao-de-celulares-do-piaui-sera-incorporado-a-programa-do-ministerio-da-justica\/"},"wordCount":360,"commentCount":0,"publisher":{"@id":"https:\/\/noticiaempauta.com\/portal\/#organization"},"image":{"@id":"https:\/\/noticiaempauta.com\/portal\/protocolo-de-recuperacao-de-celulares-do-piaui-sera-incorporado-a-programa-do-ministerio-da-justica\/#primaryimage"},"thumbnailUrl":"https:\/\/noticiaempauta.com\/portal\/wp-content\/uploads\/2024\/04\/large-whats-app-image-2024-04-04-at-18-50-56-5cffba2e3d-1712313437.jpeg","keywords":["destaqueprincipal"],"articleSection":["Destaques","Geral","Pol\u00edcia","Todas as Not\u00edcias"],"inLanguage":"pt-BR","potentialAction":[{"@type":"CommentAction","name":"Comment","target":["https:\/\/noticiaempauta.com\/portal\/protocolo-de-recuperacao-de-celulares-do-piaui-sera-incorporado-a-programa-do-ministerio-da-justica\/#respond"]}]},{"@type":"WebPage","@id":"https:\/\/noticiaempauta.com\/portal\/protocolo-de-recuperacao-de-celulares-do-piaui-sera-incorporado-a-programa-do-ministerio-da-justica\/","url":"https:\/\/noticiaempauta.com\/portal\/protocolo-de-recuperacao-de-celulares-do-piaui-sera-incorporado-a-programa-do-ministerio-da-justica\/","name":"Protocolo de recupera\u00e7\u00e3o de celulares do Piau\u00ed ser\u00e1 incorporado \u00e0 programa do Minist\u00e9rio da Justi\u00e7a - Portal Not\u00edcia em Pauta","isPartOf":{"@id":"https:\/\/noticiaempauta.com\/portal\/#website"},"primaryImageOfPage":{"@id":"https:\/\/noticiaempauta.com\/portal\/protocolo-de-recuperacao-de-celulares-do-piaui-sera-incorporado-a-programa-do-ministerio-da-justica\/#primaryimage"},"image":{"@id":"https:\/\/noticiaempauta.com\/portal\/protocolo-de-recuperacao-de-celulares-do-piaui-sera-incorporado-a-programa-do-ministerio-da-justica\/#primaryimage"},"thumbnailUrl":"https:\/\/noticiaempauta.com\/portal\/wp-content\/uploads\/2024\/04\/large-whats-app-image-2024-04-04-at-18-50-56-5cffba2e3d-1712313437.jpeg","datePublished":"2024-04-05T11:51:13+00:00","dateModified":"2024-04-05T11:51:14+00:00","breadcrumb":{"@id":"https:\/\/noticiaempauta.com\/portal\/protocolo-de-recuperacao-de-celulares-do-piaui-sera-incorporado-a-programa-do-ministerio-da-justica\/#breadcrumb"},"inLanguage":"pt-BR","potentialAction":[{"@type":"ReadAction","target":["https:\/\/noticiaempauta.com\/portal\/protocolo-de-recuperacao-de-celulares-do-piaui-sera-incorporado-a-programa-do-ministerio-da-justica\/"]}]},{"@type":"ImageObject","inLanguage":"pt-BR","@id":"https:\/\/noticiaempauta.com\/portal\/protocolo-de-recuperacao-de-celulares-do-piaui-sera-incorporado-a-programa-do-ministerio-da-justica\/#primaryimage","url":"https:\/\/noticiaempauta.com\/portal\/wp-content\/uploads\/2024\/04\/large-whats-app-image-2024-04-04-at-18-50-56-5cffba2e3d-1712313437.jpeg","contentUrl":"https:\/\/noticiaempauta.com\/portal\/wp-content\/uploads\/2024\/04\/large-whats-app-image-2024-04-04-at-18-50-56-5cffba2e3d-1712313437.jpeg","width":1000,"height":603},{"@type":"BreadcrumbList","@id":"https:\/\/noticiaempauta.com\/portal\/protocolo-de-recuperacao-de-celulares-do-piaui-sera-incorporado-a-programa-do-ministerio-da-justica\/#breadcrumb","itemListElement":[{"@type":"ListItem","position":1,"name":"P\u00e1gina Inicial","item":"https:\/\/noticiaempauta.com\/portal\/"},{"@type":"ListItem","position":2,"name":"Destaques","item":"https:\/\/noticiaempauta.com\/portal\/destaques-site\/"},{"@type":"ListItem","position":3,"name":"Protocolo de recupera\u00e7\u00e3o de celulares do Piau\u00ed ser\u00e1 incorporado \u00e0 programa do Minist\u00e9rio da Justi\u00e7a"}]},{"@type":"WebSite","@id":"https:\/\/noticiaempauta.com\/portal\/#website","url":"https:\/\/noticiaempauta.com\/portal\/","name":"Portal Not\u00edcia em Pauta","description":"Voc\u00ea bem informado","publisher":{"@id":"https:\/\/noticiaempauta.com\/portal\/#organization"},"potentialAction":[{"@type":"SearchAction","target":{"@type":"EntryPoint","urlTemplate":"https:\/\/noticiaempauta.com\/portal\/?s={search_term_string}"},"query-input":{"@type":"PropertyValueSpecification","valueRequired":true,"valueName":"search_term_string"}}],"inLanguage":"pt-BR"},{"@type":"Organization","@id":"https:\/\/noticiaempauta.com\/portal\/#organization","name":"Portal Not\u00edcia em Pauta","url":"https:\/\/noticiaempauta.com\/portal\/","logo":{"@type":"ImageObject","inLanguage":"pt-BR","@id":"https:\/\/noticiaempauta.com\/portal\/#\/schema\/logo\/image\/","url":"https:\/\/noticiaempauta.com\/portal\/wp-content\/uploads\/2022\/08\/logomarca_tema.fw_.png","contentUrl":"https:\/\/noticiaempauta.com\/portal\/wp-content\/uploads\/2022\/08\/logomarca_tema.fw_.png","width":400,"height":232,"caption":"Portal Not\u00edcia em Pauta"},"image":{"@id":"https:\/\/noticiaempauta.com\/portal\/#\/schema\/logo\/image\/"},"sameAs":["https:\/\/www.facebook.com\/Portal-Notcia-Em-Pauta-102292869264820\/","https:\/\/www.instagram.com\/portalnoticiaempauta\/"]},{"@type":"Person","@id":"https:\/\/noticiaempauta.com\/portal\/#\/schema\/person\/a74af43dd1ab3deca45f988c717d57ac","name":"Reda\u00e7\u00e3o","image":{"@type":"ImageObject","inLanguage":"pt-BR","@id":"https:\/\/noticiaempauta.com\/portal\/#\/schema\/person\/image\/","url":"https:\/\/secure.gravatar.com\/avatar\/03179346ecce6cdfc13361603e8f54242a90e5cde8618fa23c5c00aa2b0aadf3?s=96&d=mm&r=g","contentUrl":"https:\/\/secure.gravatar.com\/avatar\/03179346ecce6cdfc13361603e8f54242a90e5cde8618fa23c5c00aa2b0aadf3?s=96&d=mm&r=g","caption":"Reda\u00e7\u00e3o"},"sameAs":["https:\/\/noticiaempauta.com\/portal\/"],"url":"https:\/\/noticiaempauta.com\/portal\/author\/fernando\/"}]}},"_links":{"self":[{"href":"https:\/\/noticiaempauta.com\/portal\/wp-json\/wp\/v2\/posts\/256496","targetHints":{"allow":["GET"]}}],"collection":[{"href":"https:\/\/noticiaempauta.com\/portal\/wp-json\/wp\/v2\/posts"}],"about":[{"href":"https:\/\/noticiaempauta.com\/portal\/wp-json\/wp\/v2\/types\/post"}],"author":[{"embeddable":true,"href":"https:\/\/noticiaempauta.com\/portal\/wp-json\/wp\/v2\/users\/2"}],"replies":[{"embeddable":true,"href":"https:\/\/noticiaempauta.com\/portal\/wp-json\/wp\/v2\/comments?post=256496"}],"version-history":[{"count":2,"href":"https:\/\/noticiaempauta.com\/portal\/wp-json\/wp\/v2\/posts\/256496\/revisions"}],"predecessor-version":[{"id":256500,"href":"https:\/\/noticiaempauta.com\/portal\/wp-json\/wp\/v2\/posts\/256496\/revisions\/256500"}],"wp:featuredmedia":[{"embeddable":true,"href":"https:\/\/noticiaempauta.com\/portal\/wp-json\/wp\/v2\/media\/256498"}],"wp:attachment":[{"href":"https:\/\/noticiaempauta.com\/portal\/wp-json\/wp\/v2\/media?parent=256496"}],"wp:term":[{"taxonomy":"category","embeddable":true,"href":"https:\/\/noticiaempauta.com\/portal\/wp-json\/wp\/v2\/categories?post=256496"},{"taxonomy":"post_tag","embeddable":true,"href":"https:\/\/noticiaempauta.com\/portal\/wp-json\/wp\/v2\/tags?post=256496"}],"curies":[{"name":"wp","href":"https:\/\/api.w.org\/{rel}","templated":true}]}}