{"id":256506,"date":"2024-04-05T09:02:03","date_gmt":"2024-04-05T12:02:03","guid":{"rendered":"https:\/\/noticiaempauta.com\/portal\/?p=256506"},"modified":"2024-04-05T09:02:04","modified_gmt":"2024-04-05T12:02:04","slug":"governador-rafael-fonteles-sera-homenageado-com-a-medalha-do-merito-legislativo","status":"publish","type":"post","link":"https:\/\/noticiaempauta.com\/portal\/governador-rafael-fonteles-sera-homenageado-com-a-medalha-do-merito-legislativo\/","title":{"rendered":"Governador Rafael Fonteles ser\u00e1 homenageado com a Medalha do M\u00e9rito Legislativo"},"content":{"rendered":"\n<p>A Assembleia Legislativa do Piau\u00ed aprovou, na sess\u00e3o de ter\u00e7a-feira (2), a concess\u00e3o da Medalha do M\u00e9rito Legislativo ao governador Rafael Fonteles, por relevantes servi\u00e7os prestados ao Piau\u00ed.&nbsp;<br><br>A homenagem ao chefe do Executivo foi proposta pelo deputado estadual Jo\u00e3o M\u00e1dison (MDB) e aprovada por unanimidade em plen\u00e1rio.<\/p>\n\n\n\n<p><strong>A medalha<\/strong><br><br>O projeto de resolu\u00e7\u00e3o n\u00ba 06\/2015, que instituiu a Medalha do M\u00e9rito Legislativo foi proposto pelo deputado estadual Wilson Brand\u00e3o (PSB). A honraria \u00e9 entregue \u00e0s pessoas que se destacaram na atividade legislativa e tenham se tornado dignas de reconhecimento do Poder Legislativo do Estado.<br><br><strong>Curr\u00edculo<\/strong><\/p>\n\n\n\n<p>Rafael Tajra Fonteles, 37 anos, \u00e9 bacharel em Matem\u00e1tica e mestre em Economia Matem\u00e1tica no Instituto de Matem\u00e1tica Pura e Aplicada (IMPA\/RJ). Premiado nas Olimp\u00edadas Internacionais de Qu\u00edmica (2002), F\u00edsica (2002) e Matem\u00e1tica (2004) na Holanda, Indon\u00e9sia e Maced\u00f4nia, respectivamente. \u00c9 professor, empreendedor e consultor de investimentos.<\/p>\n\n\n\n<p><strong>Experi\u00eancia<\/strong><\/p>\n\n\n\n<p>Foi secret\u00e1rio da Fazenda do Piau\u00ed de 2015 a 2022 e presidente do Comit\u00ea Nacional dos Secret\u00e1rios de Fazenda dos Estados e do Distrito Federal (Comsefaz) por dois mandatos, de 2019 a 2022.<br><br>Governador do Piau\u00ed, eleito no primeiro turno das Elei\u00e7\u00f5es de 2022, com 1.115.139 votos, a maior marca da hist\u00f3ria do estado. Foi empossado em 1\u00ba de janeiro de 2023. \u00c9 o mais jovem governador da hist\u00f3ria do Piau\u00ed.<\/p>\n\n\n\n<p><em>Fonte: Governo do Piau\u00ed<\/em><\/p>\n","protected":false},"excerpt":{"rendered":"<p>A Assembleia Legislativa do Piau\u00ed aprovou, na sess\u00e3o de ter\u00e7a-feira (2), a concess\u00e3o da Medalha do M\u00e9rito Legislativo ao governador Rafael Fonteles, por relevantes servi\u00e7os prestados ao Piau\u00ed.&nbsp; A homenagem ao chefe do Executivo foi proposta pelo deputado estadual Jo\u00e3o M\u00e1dison (MDB) e aprovada por unanimidade em plen\u00e1rio. A medalha O projeto de resolu\u00e7\u00e3o n\u00ba [&hellip;]<\/p>\n","protected":false},"author":2,"featured_media":251402,"comment_status":"open","ping_status":"open","sticky":false,"template":"","format":"standard","meta":{"_mi_skip_tracking":false,"footnotes":""},"categories":[25,1,16],"tags":[192],"class_list":["post-256506","post","type-post","status-publish","format-standard","has-post-thumbnail","hentry","category-destaques-site","category-geral","category-todas","tag-destaqueprincipal"],"acf":[],"yoast_head":"<!-- This site is optimized with the Yoast SEO Premium plugin v19.2 (Yoast SEO v26.9) - https:\/\/yoast.com\/product\/yoast-seo-premium-wordpress\/ -->\n<title>Governador Rafael Fonteles ser\u00e1 homenageado com a Medalha do M\u00e9rito Legislativo - Portal Not\u00edcia em Pauta<\/title>\n<meta name=\"robots\" content=\"index, follow, max-snippet:-1, max-image-preview:large, max-video-preview:-1\" \/>\n<link rel=\"canonical\" href=\"https:\/\/noticiaempauta.com\/portal\/governador-rafael-fonteles-sera-homenageado-com-a-medalha-do-merito-legislativo\/\" \/>\n<meta property=\"og:locale\" content=\"pt_BR\" \/>\n<meta property=\"og:type\" content=\"article\" \/>\n<meta property=\"og:title\" content=\"Governador Rafael Fonteles ser\u00e1 homenageado com a Medalha do M\u00e9rito Legislativo\" \/>\n<meta property=\"og:description\" content=\"A Assembleia Legislativa do Piau\u00ed aprovou, na sess\u00e3o de ter\u00e7a-feira (2), a concess\u00e3o da Medalha do M\u00e9rito Legislativo ao governador Rafael Fonteles, por relevantes servi\u00e7os prestados ao Piau\u00ed.&nbsp; A homenagem ao chefe do Executivo foi proposta pelo deputado estadual Jo\u00e3o M\u00e1dison (MDB) e aprovada por unanimidade em plen\u00e1rio. A medalha O projeto de resolu\u00e7\u00e3o n\u00ba [&hellip;]\" \/>\n<meta property=\"og:url\" content=\"https:\/\/noticiaempauta.com\/portal\/governador-rafael-fonteles-sera-homenageado-com-a-medalha-do-merito-legislativo\/\" \/>\n<meta property=\"og:site_name\" content=\"Portal Not\u00edcia em Pauta\" \/>\n<meta property=\"article:publisher\" content=\"https:\/\/www.facebook.com\/Portal-Notcia-Em-Pauta-102292869264820\/\" \/>\n<meta property=\"article:published_time\" content=\"2024-04-05T12:02:03+00:00\" \/>\n<meta property=\"article:modified_time\" content=\"2024-04-05T12:02:04+00:00\" \/>\n<meta property=\"og:image\" content=\"https:\/\/noticiaempauta.com\/portal\/wp-content\/uploads\/2023\/11\/large-governador-rafael-fonteles-2-785d0f5920-1699971871.jpeg\" \/>\n\t<meta property=\"og:image:width\" content=\"1000\" \/>\n\t<meta property=\"og:image:height\" content=\"667\" \/>\n\t<meta property=\"og:image:type\" content=\"image\/jpeg\" \/>\n<meta name=\"author\" content=\"Reda\u00e7\u00e3o\" \/>\n<meta name=\"twitter:card\" content=\"summary_large_image\" \/>\n<meta name=\"twitter:label1\" content=\"Escrito por\" \/>\n\t<meta name=\"twitter:data1\" content=\"Reda\u00e7\u00e3o\" \/>\n\t<meta name=\"twitter:label2\" content=\"Est. tempo de leitura\" \/>\n\t<meta name=\"twitter:data2\" content=\"2 minutos\" \/>\n<script type=\"application\/ld+json\" class=\"yoast-schema-graph\">{\"@context\":\"https:\/\/schema.org\",\"@graph\":[{\"@type\":\"Article\",\"@id\":\"https:\/\/noticiaempauta.com\/portal\/governador-rafael-fonteles-sera-homenageado-com-a-medalha-do-merito-legislativo\/#article\",\"isPartOf\":{\"@id\":\"https:\/\/noticiaempauta.com\/portal\/governador-rafael-fonteles-sera-homenageado-com-a-medalha-do-merito-legislativo\/\"},\"author\":{\"name\":\"Reda\u00e7\u00e3o\",\"@id\":\"https:\/\/noticiaempauta.com\/portal\/#\/schema\/person\/a74af43dd1ab3deca45f988c717d57ac\"},\"headline\":\"Governador Rafael Fonteles ser\u00e1 homenageado com a Medalha do M\u00e9rito Legislativo\",\"datePublished\":\"2024-04-05T12:02:03+00:00\",\"dateModified\":\"2024-04-05T12:02:04+00:00\",\"mainEntityOfPage\":{\"@id\":\"https:\/\/noticiaempauta.com\/portal\/governador-rafael-fonteles-sera-homenageado-com-a-medalha-do-merito-legislativo\/\"},\"wordCount\":242,\"commentCount\":0,\"publisher\":{\"@id\":\"https:\/\/noticiaempauta.com\/portal\/#organization\"},\"image\":{\"@id\":\"https:\/\/noticiaempauta.com\/portal\/governador-rafael-fonteles-sera-homenageado-com-a-medalha-do-merito-legislativo\/#primaryimage\"},\"thumbnailUrl\":\"https:\/\/noticiaempauta.com\/portal\/wp-content\/uploads\/2023\/11\/large-governador-rafael-fonteles-2-785d0f5920-1699971871.jpeg\",\"keywords\":[\"destaqueprincipal\"],\"articleSection\":[\"Destaques\",\"Geral\",\"Todas as Not\u00edcias\"],\"inLanguage\":\"pt-BR\",\"potentialAction\":[{\"@type\":\"CommentAction\",\"name\":\"Comment\",\"target\":[\"https:\/\/noticiaempauta.com\/portal\/governador-rafael-fonteles-sera-homenageado-com-a-medalha-do-merito-legislativo\/#respond\"]}]},{\"@type\":\"WebPage\",\"@id\":\"https:\/\/noticiaempauta.com\/portal\/governador-rafael-fonteles-sera-homenageado-com-a-medalha-do-merito-legislativo\/\",\"url\":\"https:\/\/noticiaempauta.com\/portal\/governador-rafael-fonteles-sera-homenageado-com-a-medalha-do-merito-legislativo\/\",\"name\":\"Governador Rafael Fonteles ser\u00e1 homenageado com a Medalha do M\u00e9rito Legislativo - Portal Not\u00edcia em Pauta\",\"isPartOf\":{\"@id\":\"https:\/\/noticiaempauta.com\/portal\/#website\"},\"primaryImageOfPage\":{\"@id\":\"https:\/\/noticiaempauta.com\/portal\/governador-rafael-fonteles-sera-homenageado-com-a-medalha-do-merito-legislativo\/#primaryimage\"},\"image\":{\"@id\":\"https:\/\/noticiaempauta.com\/portal\/governador-rafael-fonteles-sera-homenageado-com-a-medalha-do-merito-legislativo\/#primaryimage\"},\"thumbnailUrl\":\"https:\/\/noticiaempauta.com\/portal\/wp-content\/uploads\/2023\/11\/large-governador-rafael-fonteles-2-785d0f5920-1699971871.jpeg\",\"datePublished\":\"2024-04-05T12:02:03+00:00\",\"dateModified\":\"2024-04-05T12:02:04+00:00\",\"breadcrumb\":{\"@id\":\"https:\/\/noticiaempauta.com\/portal\/governador-rafael-fonteles-sera-homenageado-com-a-medalha-do-merito-legislativo\/#breadcrumb\"},\"inLanguage\":\"pt-BR\",\"potentialAction\":[{\"@type\":\"ReadAction\",\"target\":[\"https:\/\/noticiaempauta.com\/portal\/governador-rafael-fonteles-sera-homenageado-com-a-medalha-do-merito-legislativo\/\"]}]},{\"@type\":\"ImageObject\",\"inLanguage\":\"pt-BR\",\"@id\":\"https:\/\/noticiaempauta.com\/portal\/governador-rafael-fonteles-sera-homenageado-com-a-medalha-do-merito-legislativo\/#primaryimage\",\"url\":\"https:\/\/noticiaempauta.com\/portal\/wp-content\/uploads\/2023\/11\/large-governador-rafael-fonteles-2-785d0f5920-1699971871.jpeg\",\"contentUrl\":\"https:\/\/noticiaempauta.com\/portal\/wp-content\/uploads\/2023\/11\/large-governador-rafael-fonteles-2-785d0f5920-1699971871.jpeg\",\"width\":1000,\"height\":667,\"caption\":\"Foto: Reprodu\u00e7\u00e3o\"},{\"@type\":\"BreadcrumbList\",\"@id\":\"https:\/\/noticiaempauta.com\/portal\/governador-rafael-fonteles-sera-homenageado-com-a-medalha-do-merito-legislativo\/#breadcrumb\",\"itemListElement\":[{\"@type\":\"ListItem\",\"position\":1,\"name\":\"P\u00e1gina Inicial\",\"item\":\"https:\/\/noticiaempauta.com\/portal\/\"},{\"@type\":\"ListItem\",\"position\":2,\"name\":\"Destaques\",\"item\":\"https:\/\/noticiaempauta.com\/portal\/destaques-site\/\"},{\"@type\":\"ListItem\",\"position\":3,\"name\":\"Governador Rafael Fonteles ser\u00e1 homenageado com a Medalha do M\u00e9rito Legislativo\"}]},{\"@type\":\"WebSite\",\"@id\":\"https:\/\/noticiaempauta.com\/portal\/#website\",\"url\":\"https:\/\/noticiaempauta.com\/portal\/\",\"name\":\"Portal Not\u00edcia em Pauta\",\"description\":\"Voc\u00ea bem informado\",\"publisher\":{\"@id\":\"https:\/\/noticiaempauta.com\/portal\/#organization\"},\"potentialAction\":[{\"@type\":\"SearchAction\",\"target\":{\"@type\":\"EntryPoint\",\"urlTemplate\":\"https:\/\/noticiaempauta.com\/portal\/?s={search_term_string}\"},\"query-input\":{\"@type\":\"PropertyValueSpecification\",\"valueRequired\":true,\"valueName\":\"search_term_string\"}}],\"inLanguage\":\"pt-BR\"},{\"@type\":\"Organization\",\"@id\":\"https:\/\/noticiaempauta.com\/portal\/#organization\",\"name\":\"Portal Not\u00edcia em Pauta\",\"url\":\"https:\/\/noticiaempauta.com\/portal\/\",\"logo\":{\"@type\":\"ImageObject\",\"inLanguage\":\"pt-BR\",\"@id\":\"https:\/\/noticiaempauta.com\/portal\/#\/schema\/logo\/image\/\",\"url\":\"https:\/\/noticiaempauta.com\/portal\/wp-content\/uploads\/2022\/08\/logomarca_tema.fw_.png\",\"contentUrl\":\"https:\/\/noticiaempauta.com\/portal\/wp-content\/uploads\/2022\/08\/logomarca_tema.fw_.png\",\"width\":400,\"height\":232,\"caption\":\"Portal Not\u00edcia em Pauta\"},\"image\":{\"@id\":\"https:\/\/noticiaempauta.com\/portal\/#\/schema\/logo\/image\/\"},\"sameAs\":[\"https:\/\/www.facebook.com\/Portal-Notcia-Em-Pauta-102292869264820\/\",\"https:\/\/www.instagram.com\/portalnoticiaempauta\/\"]},{\"@type\":\"Person\",\"@id\":\"https:\/\/noticiaempauta.com\/portal\/#\/schema\/person\/a74af43dd1ab3deca45f988c717d57ac\",\"name\":\"Reda\u00e7\u00e3o\",\"image\":{\"@type\":\"ImageObject\",\"inLanguage\":\"pt-BR\",\"@id\":\"https:\/\/noticiaempauta.com\/portal\/#\/schema\/person\/image\/\",\"url\":\"https:\/\/secure.gravatar.com\/avatar\/03179346ecce6cdfc13361603e8f54242a90e5cde8618fa23c5c00aa2b0aadf3?s=96&d=mm&r=g\",\"contentUrl\":\"https:\/\/secure.gravatar.com\/avatar\/03179346ecce6cdfc13361603e8f54242a90e5cde8618fa23c5c00aa2b0aadf3?s=96&d=mm&r=g\",\"caption\":\"Reda\u00e7\u00e3o\"},\"sameAs\":[\"https:\/\/noticiaempauta.com\/portal\/\"],\"url\":\"https:\/\/noticiaempauta.com\/portal\/author\/fernando\/\"}]}<\/script>\n<!-- \/ Yoast SEO Premium plugin. -->","yoast_head_json":{"title":"Governador Rafael Fonteles ser\u00e1 homenageado com a Medalha do M\u00e9rito Legislativo - Portal Not\u00edcia em Pauta","robots":{"index":"index","follow":"follow","max-snippet":"max-snippet:-1","max-image-preview":"max-image-preview:large","max-video-preview":"max-video-preview:-1"},"canonical":"https:\/\/noticiaempauta.com\/portal\/governador-rafael-fonteles-sera-homenageado-com-a-medalha-do-merito-legislativo\/","og_locale":"pt_BR","og_type":"article","og_title":"Governador Rafael Fonteles ser\u00e1 homenageado com a Medalha do M\u00e9rito Legislativo","og_description":"A Assembleia Legislativa do Piau\u00ed aprovou, na sess\u00e3o de ter\u00e7a-feira (2), a concess\u00e3o da Medalha do M\u00e9rito Legislativo ao governador Rafael Fonteles, por relevantes servi\u00e7os prestados ao Piau\u00ed.&nbsp; A homenagem ao chefe do Executivo foi proposta pelo deputado estadual Jo\u00e3o M\u00e1dison (MDB) e aprovada por unanimidade em plen\u00e1rio. A medalha O projeto de resolu\u00e7\u00e3o n\u00ba [&hellip;]","og_url":"https:\/\/noticiaempauta.com\/portal\/governador-rafael-fonteles-sera-homenageado-com-a-medalha-do-merito-legislativo\/","og_site_name":"Portal Not\u00edcia em Pauta","article_publisher":"https:\/\/www.facebook.com\/Portal-Notcia-Em-Pauta-102292869264820\/","article_published_time":"2024-04-05T12:02:03+00:00","article_modified_time":"2024-04-05T12:02:04+00:00","og_image":[{"width":1000,"height":667,"url":"https:\/\/noticiaempauta.com\/portal\/wp-content\/uploads\/2023\/11\/large-governador-rafael-fonteles-2-785d0f5920-1699971871.jpeg","type":"image\/jpeg"}],"author":"Reda\u00e7\u00e3o","twitter_card":"summary_large_image","twitter_misc":{"Escrito por":"Reda\u00e7\u00e3o","Est. tempo de leitura":"2 minutos"},"schema":{"@context":"https:\/\/schema.org","@graph":[{"@type":"Article","@id":"https:\/\/noticiaempauta.com\/portal\/governador-rafael-fonteles-sera-homenageado-com-a-medalha-do-merito-legislativo\/#article","isPartOf":{"@id":"https:\/\/noticiaempauta.com\/portal\/governador-rafael-fonteles-sera-homenageado-com-a-medalha-do-merito-legislativo\/"},"author":{"name":"Reda\u00e7\u00e3o","@id":"https:\/\/noticiaempauta.com\/portal\/#\/schema\/person\/a74af43dd1ab3deca45f988c717d57ac"},"headline":"Governador Rafael Fonteles ser\u00e1 homenageado com a Medalha do M\u00e9rito Legislativo","datePublished":"2024-04-05T12:02:03+00:00","dateModified":"2024-04-05T12:02:04+00:00","mainEntityOfPage":{"@id":"https:\/\/noticiaempauta.com\/portal\/governador-rafael-fonteles-sera-homenageado-com-a-medalha-do-merito-legislativo\/"},"wordCount":242,"commentCount":0,"publisher":{"@id":"https:\/\/noticiaempauta.com\/portal\/#organization"},"image":{"@id":"https:\/\/noticiaempauta.com\/portal\/governador-rafael-fonteles-sera-homenageado-com-a-medalha-do-merito-legislativo\/#primaryimage"},"thumbnailUrl":"https:\/\/noticiaempauta.com\/portal\/wp-content\/uploads\/2023\/11\/large-governador-rafael-fonteles-2-785d0f5920-1699971871.jpeg","keywords":["destaqueprincipal"],"articleSection":["Destaques","Geral","Todas as Not\u00edcias"],"inLanguage":"pt-BR","potentialAction":[{"@type":"CommentAction","name":"Comment","target":["https:\/\/noticiaempauta.com\/portal\/governador-rafael-fonteles-sera-homenageado-com-a-medalha-do-merito-legislativo\/#respond"]}]},{"@type":"WebPage","@id":"https:\/\/noticiaempauta.com\/portal\/governador-rafael-fonteles-sera-homenageado-com-a-medalha-do-merito-legislativo\/","url":"https:\/\/noticiaempauta.com\/portal\/governador-rafael-fonteles-sera-homenageado-com-a-medalha-do-merito-legislativo\/","name":"Governador Rafael Fonteles ser\u00e1 homenageado com a Medalha do M\u00e9rito Legislativo - Portal Not\u00edcia em Pauta","isPartOf":{"@id":"https:\/\/noticiaempauta.com\/portal\/#website"},"primaryImageOfPage":{"@id":"https:\/\/noticiaempauta.com\/portal\/governador-rafael-fonteles-sera-homenageado-com-a-medalha-do-merito-legislativo\/#primaryimage"},"image":{"@id":"https:\/\/noticiaempauta.com\/portal\/governador-rafael-fonteles-sera-homenageado-com-a-medalha-do-merito-legislativo\/#primaryimage"},"thumbnailUrl":"https:\/\/noticiaempauta.com\/portal\/wp-content\/uploads\/2023\/11\/large-governador-rafael-fonteles-2-785d0f5920-1699971871.jpeg","datePublished":"2024-04-05T12:02:03+00:00","dateModified":"2024-04-05T12:02:04+00:00","breadcrumb":{"@id":"https:\/\/noticiaempauta.com\/portal\/governador-rafael-fonteles-sera-homenageado-com-a-medalha-do-merito-legislativo\/#breadcrumb"},"inLanguage":"pt-BR","potentialAction":[{"@type":"ReadAction","target":["https:\/\/noticiaempauta.com\/portal\/governador-rafael-fonteles-sera-homenageado-com-a-medalha-do-merito-legislativo\/"]}]},{"@type":"ImageObject","inLanguage":"pt-BR","@id":"https:\/\/noticiaempauta.com\/portal\/governador-rafael-fonteles-sera-homenageado-com-a-medalha-do-merito-legislativo\/#primaryimage","url":"https:\/\/noticiaempauta.com\/portal\/wp-content\/uploads\/2023\/11\/large-governador-rafael-fonteles-2-785d0f5920-1699971871.jpeg","contentUrl":"https:\/\/noticiaempauta.com\/portal\/wp-content\/uploads\/2023\/11\/large-governador-rafael-fonteles-2-785d0f5920-1699971871.jpeg","width":1000,"height":667,"caption":"Foto: Reprodu\u00e7\u00e3o"},{"@type":"BreadcrumbList","@id":"https:\/\/noticiaempauta.com\/portal\/governador-rafael-fonteles-sera-homenageado-com-a-medalha-do-merito-legislativo\/#breadcrumb","itemListElement":[{"@type":"ListItem","position":1,"name":"P\u00e1gina Inicial","item":"https:\/\/noticiaempauta.com\/portal\/"},{"@type":"ListItem","position":2,"name":"Destaques","item":"https:\/\/noticiaempauta.com\/portal\/destaques-site\/"},{"@type":"ListItem","position":3,"name":"Governador Rafael Fonteles ser\u00e1 homenageado com a Medalha do M\u00e9rito Legislativo"}]},{"@type":"WebSite","@id":"https:\/\/noticiaempauta.com\/portal\/#website","url":"https:\/\/noticiaempauta.com\/portal\/","name":"Portal Not\u00edcia em Pauta","description":"Voc\u00ea bem informado","publisher":{"@id":"https:\/\/noticiaempauta.com\/portal\/#organization"},"potentialAction":[{"@type":"SearchAction","target":{"@type":"EntryPoint","urlTemplate":"https:\/\/noticiaempauta.com\/portal\/?s={search_term_string}"},"query-input":{"@type":"PropertyValueSpecification","valueRequired":true,"valueName":"search_term_string"}}],"inLanguage":"pt-BR"},{"@type":"Organization","@id":"https:\/\/noticiaempauta.com\/portal\/#organization","name":"Portal Not\u00edcia em Pauta","url":"https:\/\/noticiaempauta.com\/portal\/","logo":{"@type":"ImageObject","inLanguage":"pt-BR","@id":"https:\/\/noticiaempauta.com\/portal\/#\/schema\/logo\/image\/","url":"https:\/\/noticiaempauta.com\/portal\/wp-content\/uploads\/2022\/08\/logomarca_tema.fw_.png","contentUrl":"https:\/\/noticiaempauta.com\/portal\/wp-content\/uploads\/2022\/08\/logomarca_tema.fw_.png","width":400,"height":232,"caption":"Portal Not\u00edcia em Pauta"},"image":{"@id":"https:\/\/noticiaempauta.com\/portal\/#\/schema\/logo\/image\/"},"sameAs":["https:\/\/www.facebook.com\/Portal-Notcia-Em-Pauta-102292869264820\/","https:\/\/www.instagram.com\/portalnoticiaempauta\/"]},{"@type":"Person","@id":"https:\/\/noticiaempauta.com\/portal\/#\/schema\/person\/a74af43dd1ab3deca45f988c717d57ac","name":"Reda\u00e7\u00e3o","image":{"@type":"ImageObject","inLanguage":"pt-BR","@id":"https:\/\/noticiaempauta.com\/portal\/#\/schema\/person\/image\/","url":"https:\/\/secure.gravatar.com\/avatar\/03179346ecce6cdfc13361603e8f54242a90e5cde8618fa23c5c00aa2b0aadf3?s=96&d=mm&r=g","contentUrl":"https:\/\/secure.gravatar.com\/avatar\/03179346ecce6cdfc13361603e8f54242a90e5cde8618fa23c5c00aa2b0aadf3?s=96&d=mm&r=g","caption":"Reda\u00e7\u00e3o"},"sameAs":["https:\/\/noticiaempauta.com\/portal\/"],"url":"https:\/\/noticiaempauta.com\/portal\/author\/fernando\/"}]}},"_links":{"self":[{"href":"https:\/\/noticiaempauta.com\/portal\/wp-json\/wp\/v2\/posts\/256506","targetHints":{"allow":["GET"]}}],"collection":[{"href":"https:\/\/noticiaempauta.com\/portal\/wp-json\/wp\/v2\/posts"}],"about":[{"href":"https:\/\/noticiaempauta.com\/portal\/wp-json\/wp\/v2\/types\/post"}],"author":[{"embeddable":true,"href":"https:\/\/noticiaempauta.com\/portal\/wp-json\/wp\/v2\/users\/2"}],"replies":[{"embeddable":true,"href":"https:\/\/noticiaempauta.com\/portal\/wp-json\/wp\/v2\/comments?post=256506"}],"version-history":[{"count":2,"href":"https:\/\/noticiaempauta.com\/portal\/wp-json\/wp\/v2\/posts\/256506\/revisions"}],"predecessor-version":[{"id":256509,"href":"https:\/\/noticiaempauta.com\/portal\/wp-json\/wp\/v2\/posts\/256506\/revisions\/256509"}],"wp:featuredmedia":[{"embeddable":true,"href":"https:\/\/noticiaempauta.com\/portal\/wp-json\/wp\/v2\/media\/251402"}],"wp:attachment":[{"href":"https:\/\/noticiaempauta.com\/portal\/wp-json\/wp\/v2\/media?parent=256506"}],"wp:term":[{"taxonomy":"category","embeddable":true,"href":"https:\/\/noticiaempauta.com\/portal\/wp-json\/wp\/v2\/categories?post=256506"},{"taxonomy":"post_tag","embeddable":true,"href":"https:\/\/noticiaempauta.com\/portal\/wp-json\/wp\/v2\/tags?post=256506"}],"curies":[{"name":"wp","href":"https:\/\/api.w.org\/{rel}","templated":true}]}}