{"id":256512,"date":"2024-04-05T09:36:55","date_gmt":"2024-04-05T12:36:55","guid":{"rendered":"https:\/\/noticiaempauta.com\/portal\/?p=256512"},"modified":"2024-04-05T09:36:56","modified_gmt":"2024-04-05T12:36:56","slug":"vereador-eriberto-barros-solicita-ao-der-pi-pavimentacao-asfaltica-da-br-316-ao-povoado-val-paraiso","status":"publish","type":"post","link":"https:\/\/noticiaempauta.com\/portal\/vereador-eriberto-barros-solicita-ao-der-pi-pavimentacao-asfaltica-da-br-316-ao-povoado-val-paraiso\/","title":{"rendered":"Vereador Eriberto Barros solicita ao DER-PI pavimenta\u00e7\u00e3o asf\u00e1ltica da BR-316 ao Povoado Val Para\u00edso"},"content":{"rendered":"\n<p>Em sess\u00e3o ordin\u00e1ria itinerante promovida no audit\u00f3rio do IFPI no bairro Pantanal na tarde desta quinta-feira, 4 de abril, o presidente da c\u00e2mara municipal de Picos, Eriberto Barros apresentou alguns requerimentos, dentre eles, o que solicitou do Governo do Estado, atrav\u00e9s do DER\/PI, que seja feita a pavimenta\u00e7\u00e3o asf\u00e1ltica da via p\u00fablica que liga a BR-316 ao Povoado Val Para\u00edso.<\/p>\n\n\n\n<figure class=\"wp-block-image size-large\"><img fetchpriority=\"high\" decoding=\"async\" width=\"1024\" height=\"715\" src=\"https:\/\/noticiaempauta.com\/portal\/wp-content\/uploads\/2024\/04\/Captura-de-tela-2024-04-05-093242-1024x715.png\" alt=\"\" class=\"wp-image-256515\" srcset=\"https:\/\/noticiaempauta.com\/portal\/wp-content\/uploads\/2024\/04\/Captura-de-tela-2024-04-05-093242-1024x715.png 1024w, https:\/\/noticiaempauta.com\/portal\/wp-content\/uploads\/2024\/04\/Captura-de-tela-2024-04-05-093242-300x210.png 300w, https:\/\/noticiaempauta.com\/portal\/wp-content\/uploads\/2024\/04\/Captura-de-tela-2024-04-05-093242-768x537.png 768w, https:\/\/noticiaempauta.com\/portal\/wp-content\/uploads\/2024\/04\/Captura-de-tela-2024-04-05-093242.png 1145w\" sizes=\"(max-width: 1024px) 100vw, 1024px\" \/><figcaption class=\"wp-element-caption\"><em>Cruzamento, BR-316 e entrada da via de acesso ao Povoado Val Para\u00edso.<\/em><\/figcaption><\/figure>\n\n\n\n<figure class=\"wp-block-image size-large\"><img decoding=\"async\" width=\"904\" height=\"1024\" src=\"https:\/\/noticiaempauta.com\/portal\/wp-content\/uploads\/2024\/04\/WhatsApp-Image-2024-04-05-at-09.21.17-904x1024.jpeg\" alt=\"\" class=\"wp-image-256516\" srcset=\"https:\/\/noticiaempauta.com\/portal\/wp-content\/uploads\/2024\/04\/WhatsApp-Image-2024-04-05-at-09.21.17-904x1024.jpeg 904w, https:\/\/noticiaempauta.com\/portal\/wp-content\/uploads\/2024\/04\/WhatsApp-Image-2024-04-05-at-09.21.17-265x300.jpeg 265w, https:\/\/noticiaempauta.com\/portal\/wp-content\/uploads\/2024\/04\/WhatsApp-Image-2024-04-05-at-09.21.17-768x870.jpeg 768w, https:\/\/noticiaempauta.com\/portal\/wp-content\/uploads\/2024\/04\/WhatsApp-Image-2024-04-05-at-09.21.17.jpeg 1049w\" sizes=\"(max-width: 904px) 100vw, 904px\" \/><figcaption class=\"wp-element-caption\"><em>Eriberto Barros, (Foto: Luciana Santos).<\/em><\/figcaption><\/figure>\n\n\n\n<p>Na oportunidade tamb\u00e9m solicitado que seja feita a doa\u00e7\u00e3o de um terreno para constru\u00e7\u00e3o de uma \u00e1rea de lazer no Parque Industrial (Bairro Pantanal), tendo tamb\u00e9m solicitado da Secret\u00e1ria Municipal de Obras, que seja feito o servi\u00e7o de restaura\u00e7\u00e3o do cal\u00e7amento da Rua Maria Teresa de Jesus, localizada no bairro Ema\u00fas.<\/p>\n\n\n\n<figure class=\"wp-block-embed is-type-video is-provider-youtube wp-block-embed-youtube wp-embed-aspect-16-9 wp-has-aspect-ratio\"><div class=\"wp-block-embed__wrapper\">\n<iframe title=\"04.04.2024 | Sess\u00e3o Ordin\u00e1ria da C\u00e2mara Municipal de Picos | 4\u00ba Ano - 19\u00aa Legislatura\" width=\"800\" height=\"450\" src=\"https:\/\/www.youtube.com\/embed\/B0tn6TTgnxs?feature=oembed\" frameborder=\"0\" allow=\"accelerometer; autoplay; clipboard-write; encrypted-media; gyroscope; picture-in-picture; web-share\" referrerpolicy=\"strict-origin-when-cross-origin\" allowfullscreen><\/iframe>\n<\/div><\/figure>\n","protected":false},"excerpt":{"rendered":"<p>Em sess\u00e3o ordin\u00e1ria itinerante promovida no audit\u00f3rio do IFPI no bairro Pantanal na tarde desta quinta-feira, 4 de abril, o presidente da c\u00e2mara municipal de Picos, Eriberto Barros apresentou alguns requerimentos, dentre eles, o que solicitou do Governo do Estado, atrav\u00e9s do DER\/PI, que seja feita a pavimenta\u00e7\u00e3o asf\u00e1ltica da via p\u00fablica que liga a [&hellip;]<\/p>\n","protected":false},"author":2,"featured_media":256514,"comment_status":"open","ping_status":"open","sticky":false,"template":"","format":"standard","meta":{"_mi_skip_tracking":false,"footnotes":""},"categories":[25,1,16],"tags":[192],"class_list":["post-256512","post","type-post","status-publish","format-standard","has-post-thumbnail","hentry","category-destaques-site","category-geral","category-todas","tag-destaqueprincipal"],"acf":[],"yoast_head":"<!-- This site is optimized with the Yoast SEO Premium plugin v19.2 (Yoast SEO v26.9) - https:\/\/yoast.com\/product\/yoast-seo-premium-wordpress\/ -->\n<title>Vereador Eriberto Barros solicita ao DER-PI pavimenta\u00e7\u00e3o asf\u00e1ltica da BR-316 ao Povoado Val Para\u00edso - Portal Not\u00edcia em Pauta<\/title>\n<meta name=\"robots\" content=\"index, follow, max-snippet:-1, max-image-preview:large, max-video-preview:-1\" \/>\n<link rel=\"canonical\" href=\"https:\/\/noticiaempauta.com\/portal\/vereador-eriberto-barros-solicita-ao-der-pi-pavimentacao-asfaltica-da-br-316-ao-povoado-val-paraiso\/\" \/>\n<meta property=\"og:locale\" content=\"pt_BR\" \/>\n<meta property=\"og:type\" content=\"article\" \/>\n<meta property=\"og:title\" content=\"Vereador Eriberto Barros solicita ao DER-PI pavimenta\u00e7\u00e3o asf\u00e1ltica da BR-316 ao Povoado Val Para\u00edso\" \/>\n<meta property=\"og:description\" content=\"Em sess\u00e3o ordin\u00e1ria itinerante promovida no audit\u00f3rio do IFPI no bairro Pantanal na tarde desta quinta-feira, 4 de abril, o presidente da c\u00e2mara municipal de Picos, Eriberto Barros apresentou alguns requerimentos, dentre eles, o que solicitou do Governo do Estado, atrav\u00e9s do DER\/PI, que seja feita a pavimenta\u00e7\u00e3o asf\u00e1ltica da via p\u00fablica que liga a [&hellip;]\" \/>\n<meta property=\"og:url\" content=\"https:\/\/noticiaempauta.com\/portal\/vereador-eriberto-barros-solicita-ao-der-pi-pavimentacao-asfaltica-da-br-316-ao-povoado-val-paraiso\/\" \/>\n<meta property=\"og:site_name\" content=\"Portal Not\u00edcia em Pauta\" \/>\n<meta property=\"article:publisher\" content=\"https:\/\/www.facebook.com\/Portal-Notcia-Em-Pauta-102292869264820\/\" \/>\n<meta property=\"article:published_time\" content=\"2024-04-05T12:36:55+00:00\" \/>\n<meta property=\"article:modified_time\" content=\"2024-04-05T12:36:56+00:00\" \/>\n<meta property=\"og:image\" content=\"https:\/\/noticiaempauta.com\/portal\/wp-content\/uploads\/2024\/04\/WhatsApp-Image-2024-04-05-at-09.21.01.jpeg\" \/>\n\t<meta property=\"og:image:width\" content=\"952\" \/>\n\t<meta property=\"og:image:height\" content=\"840\" \/>\n\t<meta property=\"og:image:type\" content=\"image\/jpeg\" \/>\n<meta name=\"author\" content=\"Reda\u00e7\u00e3o\" \/>\n<meta name=\"twitter:card\" content=\"summary_large_image\" \/>\n<meta name=\"twitter:label1\" content=\"Escrito por\" \/>\n\t<meta name=\"twitter:data1\" content=\"Reda\u00e7\u00e3o\" \/>\n\t<meta name=\"twitter:label2\" content=\"Est. tempo de leitura\" \/>\n\t<meta name=\"twitter:data2\" content=\"2 minutos\" \/>\n<script type=\"application\/ld+json\" class=\"yoast-schema-graph\">{\"@context\":\"https:\/\/schema.org\",\"@graph\":[{\"@type\":\"Article\",\"@id\":\"https:\/\/noticiaempauta.com\/portal\/vereador-eriberto-barros-solicita-ao-der-pi-pavimentacao-asfaltica-da-br-316-ao-povoado-val-paraiso\/#article\",\"isPartOf\":{\"@id\":\"https:\/\/noticiaempauta.com\/portal\/vereador-eriberto-barros-solicita-ao-der-pi-pavimentacao-asfaltica-da-br-316-ao-povoado-val-paraiso\/\"},\"author\":{\"name\":\"Reda\u00e7\u00e3o\",\"@id\":\"https:\/\/noticiaempauta.com\/portal\/#\/schema\/person\/a74af43dd1ab3deca45f988c717d57ac\"},\"headline\":\"Vereador Eriberto Barros solicita ao DER-PI pavimenta\u00e7\u00e3o asf\u00e1ltica da BR-316 ao Povoado Val Para\u00edso\",\"datePublished\":\"2024-04-05T12:36:55+00:00\",\"dateModified\":\"2024-04-05T12:36:56+00:00\",\"mainEntityOfPage\":{\"@id\":\"https:\/\/noticiaempauta.com\/portal\/vereador-eriberto-barros-solicita-ao-der-pi-pavimentacao-asfaltica-da-br-316-ao-povoado-val-paraiso\/\"},\"wordCount\":173,\"commentCount\":0,\"publisher\":{\"@id\":\"https:\/\/noticiaempauta.com\/portal\/#organization\"},\"image\":{\"@id\":\"https:\/\/noticiaempauta.com\/portal\/vereador-eriberto-barros-solicita-ao-der-pi-pavimentacao-asfaltica-da-br-316-ao-povoado-val-paraiso\/#primaryimage\"},\"thumbnailUrl\":\"https:\/\/noticiaempauta.com\/portal\/wp-content\/uploads\/2024\/04\/WhatsApp-Image-2024-04-05-at-09.21.01.jpeg\",\"keywords\":[\"destaqueprincipal\"],\"articleSection\":[\"Destaques\",\"Geral\",\"Todas as Not\u00edcias\"],\"inLanguage\":\"pt-BR\",\"potentialAction\":[{\"@type\":\"CommentAction\",\"name\":\"Comment\",\"target\":[\"https:\/\/noticiaempauta.com\/portal\/vereador-eriberto-barros-solicita-ao-der-pi-pavimentacao-asfaltica-da-br-316-ao-povoado-val-paraiso\/#respond\"]}]},{\"@type\":\"WebPage\",\"@id\":\"https:\/\/noticiaempauta.com\/portal\/vereador-eriberto-barros-solicita-ao-der-pi-pavimentacao-asfaltica-da-br-316-ao-povoado-val-paraiso\/\",\"url\":\"https:\/\/noticiaempauta.com\/portal\/vereador-eriberto-barros-solicita-ao-der-pi-pavimentacao-asfaltica-da-br-316-ao-povoado-val-paraiso\/\",\"name\":\"Vereador Eriberto Barros solicita ao DER-PI pavimenta\u00e7\u00e3o asf\u00e1ltica da BR-316 ao Povoado Val Para\u00edso - Portal Not\u00edcia em Pauta\",\"isPartOf\":{\"@id\":\"https:\/\/noticiaempauta.com\/portal\/#website\"},\"primaryImageOfPage\":{\"@id\":\"https:\/\/noticiaempauta.com\/portal\/vereador-eriberto-barros-solicita-ao-der-pi-pavimentacao-asfaltica-da-br-316-ao-povoado-val-paraiso\/#primaryimage\"},\"image\":{\"@id\":\"https:\/\/noticiaempauta.com\/portal\/vereador-eriberto-barros-solicita-ao-der-pi-pavimentacao-asfaltica-da-br-316-ao-povoado-val-paraiso\/#primaryimage\"},\"thumbnailUrl\":\"https:\/\/noticiaempauta.com\/portal\/wp-content\/uploads\/2024\/04\/WhatsApp-Image-2024-04-05-at-09.21.01.jpeg\",\"datePublished\":\"2024-04-05T12:36:55+00:00\",\"dateModified\":\"2024-04-05T12:36:56+00:00\",\"breadcrumb\":{\"@id\":\"https:\/\/noticiaempauta.com\/portal\/vereador-eriberto-barros-solicita-ao-der-pi-pavimentacao-asfaltica-da-br-316-ao-povoado-val-paraiso\/#breadcrumb\"},\"inLanguage\":\"pt-BR\",\"potentialAction\":[{\"@type\":\"ReadAction\",\"target\":[\"https:\/\/noticiaempauta.com\/portal\/vereador-eriberto-barros-solicita-ao-der-pi-pavimentacao-asfaltica-da-br-316-ao-povoado-val-paraiso\/\"]}]},{\"@type\":\"ImageObject\",\"inLanguage\":\"pt-BR\",\"@id\":\"https:\/\/noticiaempauta.com\/portal\/vereador-eriberto-barros-solicita-ao-der-pi-pavimentacao-asfaltica-da-br-316-ao-povoado-val-paraiso\/#primaryimage\",\"url\":\"https:\/\/noticiaempauta.com\/portal\/wp-content\/uploads\/2024\/04\/WhatsApp-Image-2024-04-05-at-09.21.01.jpeg\",\"contentUrl\":\"https:\/\/noticiaempauta.com\/portal\/wp-content\/uploads\/2024\/04\/WhatsApp-Image-2024-04-05-at-09.21.01.jpeg\",\"width\":952,\"height\":840,\"caption\":\"Eriberto Barros (Foto: Luciana Santos)\"},{\"@type\":\"BreadcrumbList\",\"@id\":\"https:\/\/noticiaempauta.com\/portal\/vereador-eriberto-barros-solicita-ao-der-pi-pavimentacao-asfaltica-da-br-316-ao-povoado-val-paraiso\/#breadcrumb\",\"itemListElement\":[{\"@type\":\"ListItem\",\"position\":1,\"name\":\"P\u00e1gina Inicial\",\"item\":\"https:\/\/noticiaempauta.com\/portal\/\"},{\"@type\":\"ListItem\",\"position\":2,\"name\":\"Destaques\",\"item\":\"https:\/\/noticiaempauta.com\/portal\/destaques-site\/\"},{\"@type\":\"ListItem\",\"position\":3,\"name\":\"Vereador Eriberto Barros solicita ao DER-PI pavimenta\u00e7\u00e3o asf\u00e1ltica da BR-316 ao Povoado Val Para\u00edso\"}]},{\"@type\":\"WebSite\",\"@id\":\"https:\/\/noticiaempauta.com\/portal\/#website\",\"url\":\"https:\/\/noticiaempauta.com\/portal\/\",\"name\":\"Portal Not\u00edcia em Pauta\",\"description\":\"Voc\u00ea bem informado\",\"publisher\":{\"@id\":\"https:\/\/noticiaempauta.com\/portal\/#organization\"},\"potentialAction\":[{\"@type\":\"SearchAction\",\"target\":{\"@type\":\"EntryPoint\",\"urlTemplate\":\"https:\/\/noticiaempauta.com\/portal\/?s={search_term_string}\"},\"query-input\":{\"@type\":\"PropertyValueSpecification\",\"valueRequired\":true,\"valueName\":\"search_term_string\"}}],\"inLanguage\":\"pt-BR\"},{\"@type\":\"Organization\",\"@id\":\"https:\/\/noticiaempauta.com\/portal\/#organization\",\"name\":\"Portal Not\u00edcia em Pauta\",\"url\":\"https:\/\/noticiaempauta.com\/portal\/\",\"logo\":{\"@type\":\"ImageObject\",\"inLanguage\":\"pt-BR\",\"@id\":\"https:\/\/noticiaempauta.com\/portal\/#\/schema\/logo\/image\/\",\"url\":\"https:\/\/noticiaempauta.com\/portal\/wp-content\/uploads\/2022\/08\/logomarca_tema.fw_.png\",\"contentUrl\":\"https:\/\/noticiaempauta.com\/portal\/wp-content\/uploads\/2022\/08\/logomarca_tema.fw_.png\",\"width\":400,\"height\":232,\"caption\":\"Portal Not\u00edcia em Pauta\"},\"image\":{\"@id\":\"https:\/\/noticiaempauta.com\/portal\/#\/schema\/logo\/image\/\"},\"sameAs\":[\"https:\/\/www.facebook.com\/Portal-Notcia-Em-Pauta-102292869264820\/\",\"https:\/\/www.instagram.com\/portalnoticiaempauta\/\"]},{\"@type\":\"Person\",\"@id\":\"https:\/\/noticiaempauta.com\/portal\/#\/schema\/person\/a74af43dd1ab3deca45f988c717d57ac\",\"name\":\"Reda\u00e7\u00e3o\",\"image\":{\"@type\":\"ImageObject\",\"inLanguage\":\"pt-BR\",\"@id\":\"https:\/\/noticiaempauta.com\/portal\/#\/schema\/person\/image\/\",\"url\":\"https:\/\/secure.gravatar.com\/avatar\/03179346ecce6cdfc13361603e8f54242a90e5cde8618fa23c5c00aa2b0aadf3?s=96&d=mm&r=g\",\"contentUrl\":\"https:\/\/secure.gravatar.com\/avatar\/03179346ecce6cdfc13361603e8f54242a90e5cde8618fa23c5c00aa2b0aadf3?s=96&d=mm&r=g\",\"caption\":\"Reda\u00e7\u00e3o\"},\"sameAs\":[\"https:\/\/noticiaempauta.com\/portal\/\"],\"url\":\"https:\/\/noticiaempauta.com\/portal\/author\/fernando\/\"}]}<\/script>\n<!-- \/ Yoast SEO Premium plugin. -->","yoast_head_json":{"title":"Vereador Eriberto Barros solicita ao DER-PI pavimenta\u00e7\u00e3o asf\u00e1ltica da BR-316 ao Povoado Val Para\u00edso - Portal Not\u00edcia em Pauta","robots":{"index":"index","follow":"follow","max-snippet":"max-snippet:-1","max-image-preview":"max-image-preview:large","max-video-preview":"max-video-preview:-1"},"canonical":"https:\/\/noticiaempauta.com\/portal\/vereador-eriberto-barros-solicita-ao-der-pi-pavimentacao-asfaltica-da-br-316-ao-povoado-val-paraiso\/","og_locale":"pt_BR","og_type":"article","og_title":"Vereador Eriberto Barros solicita ao DER-PI pavimenta\u00e7\u00e3o asf\u00e1ltica da BR-316 ao Povoado Val Para\u00edso","og_description":"Em sess\u00e3o ordin\u00e1ria itinerante promovida no audit\u00f3rio do IFPI no bairro Pantanal na tarde desta quinta-feira, 4 de abril, o presidente da c\u00e2mara municipal de Picos, Eriberto Barros apresentou alguns requerimentos, dentre eles, o que solicitou do Governo do Estado, atrav\u00e9s do DER\/PI, que seja feita a pavimenta\u00e7\u00e3o asf\u00e1ltica da via p\u00fablica que liga a [&hellip;]","og_url":"https:\/\/noticiaempauta.com\/portal\/vereador-eriberto-barros-solicita-ao-der-pi-pavimentacao-asfaltica-da-br-316-ao-povoado-val-paraiso\/","og_site_name":"Portal Not\u00edcia em Pauta","article_publisher":"https:\/\/www.facebook.com\/Portal-Notcia-Em-Pauta-102292869264820\/","article_published_time":"2024-04-05T12:36:55+00:00","article_modified_time":"2024-04-05T12:36:56+00:00","og_image":[{"width":952,"height":840,"url":"https:\/\/noticiaempauta.com\/portal\/wp-content\/uploads\/2024\/04\/WhatsApp-Image-2024-04-05-at-09.21.01.jpeg","type":"image\/jpeg"}],"author":"Reda\u00e7\u00e3o","twitter_card":"summary_large_image","twitter_misc":{"Escrito por":"Reda\u00e7\u00e3o","Est. tempo de leitura":"2 minutos"},"schema":{"@context":"https:\/\/schema.org","@graph":[{"@type":"Article","@id":"https:\/\/noticiaempauta.com\/portal\/vereador-eriberto-barros-solicita-ao-der-pi-pavimentacao-asfaltica-da-br-316-ao-povoado-val-paraiso\/#article","isPartOf":{"@id":"https:\/\/noticiaempauta.com\/portal\/vereador-eriberto-barros-solicita-ao-der-pi-pavimentacao-asfaltica-da-br-316-ao-povoado-val-paraiso\/"},"author":{"name":"Reda\u00e7\u00e3o","@id":"https:\/\/noticiaempauta.com\/portal\/#\/schema\/person\/a74af43dd1ab3deca45f988c717d57ac"},"headline":"Vereador Eriberto Barros solicita ao DER-PI pavimenta\u00e7\u00e3o asf\u00e1ltica da BR-316 ao Povoado Val Para\u00edso","datePublished":"2024-04-05T12:36:55+00:00","dateModified":"2024-04-05T12:36:56+00:00","mainEntityOfPage":{"@id":"https:\/\/noticiaempauta.com\/portal\/vereador-eriberto-barros-solicita-ao-der-pi-pavimentacao-asfaltica-da-br-316-ao-povoado-val-paraiso\/"},"wordCount":173,"commentCount":0,"publisher":{"@id":"https:\/\/noticiaempauta.com\/portal\/#organization"},"image":{"@id":"https:\/\/noticiaempauta.com\/portal\/vereador-eriberto-barros-solicita-ao-der-pi-pavimentacao-asfaltica-da-br-316-ao-povoado-val-paraiso\/#primaryimage"},"thumbnailUrl":"https:\/\/noticiaempauta.com\/portal\/wp-content\/uploads\/2024\/04\/WhatsApp-Image-2024-04-05-at-09.21.01.jpeg","keywords":["destaqueprincipal"],"articleSection":["Destaques","Geral","Todas as Not\u00edcias"],"inLanguage":"pt-BR","potentialAction":[{"@type":"CommentAction","name":"Comment","target":["https:\/\/noticiaempauta.com\/portal\/vereador-eriberto-barros-solicita-ao-der-pi-pavimentacao-asfaltica-da-br-316-ao-povoado-val-paraiso\/#respond"]}]},{"@type":"WebPage","@id":"https:\/\/noticiaempauta.com\/portal\/vereador-eriberto-barros-solicita-ao-der-pi-pavimentacao-asfaltica-da-br-316-ao-povoado-val-paraiso\/","url":"https:\/\/noticiaempauta.com\/portal\/vereador-eriberto-barros-solicita-ao-der-pi-pavimentacao-asfaltica-da-br-316-ao-povoado-val-paraiso\/","name":"Vereador Eriberto Barros solicita ao DER-PI pavimenta\u00e7\u00e3o asf\u00e1ltica da BR-316 ao Povoado Val Para\u00edso - Portal Not\u00edcia em Pauta","isPartOf":{"@id":"https:\/\/noticiaempauta.com\/portal\/#website"},"primaryImageOfPage":{"@id":"https:\/\/noticiaempauta.com\/portal\/vereador-eriberto-barros-solicita-ao-der-pi-pavimentacao-asfaltica-da-br-316-ao-povoado-val-paraiso\/#primaryimage"},"image":{"@id":"https:\/\/noticiaempauta.com\/portal\/vereador-eriberto-barros-solicita-ao-der-pi-pavimentacao-asfaltica-da-br-316-ao-povoado-val-paraiso\/#primaryimage"},"thumbnailUrl":"https:\/\/noticiaempauta.com\/portal\/wp-content\/uploads\/2024\/04\/WhatsApp-Image-2024-04-05-at-09.21.01.jpeg","datePublished":"2024-04-05T12:36:55+00:00","dateModified":"2024-04-05T12:36:56+00:00","breadcrumb":{"@id":"https:\/\/noticiaempauta.com\/portal\/vereador-eriberto-barros-solicita-ao-der-pi-pavimentacao-asfaltica-da-br-316-ao-povoado-val-paraiso\/#breadcrumb"},"inLanguage":"pt-BR","potentialAction":[{"@type":"ReadAction","target":["https:\/\/noticiaempauta.com\/portal\/vereador-eriberto-barros-solicita-ao-der-pi-pavimentacao-asfaltica-da-br-316-ao-povoado-val-paraiso\/"]}]},{"@type":"ImageObject","inLanguage":"pt-BR","@id":"https:\/\/noticiaempauta.com\/portal\/vereador-eriberto-barros-solicita-ao-der-pi-pavimentacao-asfaltica-da-br-316-ao-povoado-val-paraiso\/#primaryimage","url":"https:\/\/noticiaempauta.com\/portal\/wp-content\/uploads\/2024\/04\/WhatsApp-Image-2024-04-05-at-09.21.01.jpeg","contentUrl":"https:\/\/noticiaempauta.com\/portal\/wp-content\/uploads\/2024\/04\/WhatsApp-Image-2024-04-05-at-09.21.01.jpeg","width":952,"height":840,"caption":"Eriberto Barros (Foto: Luciana Santos)"},{"@type":"BreadcrumbList","@id":"https:\/\/noticiaempauta.com\/portal\/vereador-eriberto-barros-solicita-ao-der-pi-pavimentacao-asfaltica-da-br-316-ao-povoado-val-paraiso\/#breadcrumb","itemListElement":[{"@type":"ListItem","position":1,"name":"P\u00e1gina Inicial","item":"https:\/\/noticiaempauta.com\/portal\/"},{"@type":"ListItem","position":2,"name":"Destaques","item":"https:\/\/noticiaempauta.com\/portal\/destaques-site\/"},{"@type":"ListItem","position":3,"name":"Vereador Eriberto Barros solicita ao DER-PI pavimenta\u00e7\u00e3o asf\u00e1ltica da BR-316 ao Povoado Val Para\u00edso"}]},{"@type":"WebSite","@id":"https:\/\/noticiaempauta.com\/portal\/#website","url":"https:\/\/noticiaempauta.com\/portal\/","name":"Portal Not\u00edcia em Pauta","description":"Voc\u00ea bem informado","publisher":{"@id":"https:\/\/noticiaempauta.com\/portal\/#organization"},"potentialAction":[{"@type":"SearchAction","target":{"@type":"EntryPoint","urlTemplate":"https:\/\/noticiaempauta.com\/portal\/?s={search_term_string}"},"query-input":{"@type":"PropertyValueSpecification","valueRequired":true,"valueName":"search_term_string"}}],"inLanguage":"pt-BR"},{"@type":"Organization","@id":"https:\/\/noticiaempauta.com\/portal\/#organization","name":"Portal Not\u00edcia em Pauta","url":"https:\/\/noticiaempauta.com\/portal\/","logo":{"@type":"ImageObject","inLanguage":"pt-BR","@id":"https:\/\/noticiaempauta.com\/portal\/#\/schema\/logo\/image\/","url":"https:\/\/noticiaempauta.com\/portal\/wp-content\/uploads\/2022\/08\/logomarca_tema.fw_.png","contentUrl":"https:\/\/noticiaempauta.com\/portal\/wp-content\/uploads\/2022\/08\/logomarca_tema.fw_.png","width":400,"height":232,"caption":"Portal Not\u00edcia em Pauta"},"image":{"@id":"https:\/\/noticiaempauta.com\/portal\/#\/schema\/logo\/image\/"},"sameAs":["https:\/\/www.facebook.com\/Portal-Notcia-Em-Pauta-102292869264820\/","https:\/\/www.instagram.com\/portalnoticiaempauta\/"]},{"@type":"Person","@id":"https:\/\/noticiaempauta.com\/portal\/#\/schema\/person\/a74af43dd1ab3deca45f988c717d57ac","name":"Reda\u00e7\u00e3o","image":{"@type":"ImageObject","inLanguage":"pt-BR","@id":"https:\/\/noticiaempauta.com\/portal\/#\/schema\/person\/image\/","url":"https:\/\/secure.gravatar.com\/avatar\/03179346ecce6cdfc13361603e8f54242a90e5cde8618fa23c5c00aa2b0aadf3?s=96&d=mm&r=g","contentUrl":"https:\/\/secure.gravatar.com\/avatar\/03179346ecce6cdfc13361603e8f54242a90e5cde8618fa23c5c00aa2b0aadf3?s=96&d=mm&r=g","caption":"Reda\u00e7\u00e3o"},"sameAs":["https:\/\/noticiaempauta.com\/portal\/"],"url":"https:\/\/noticiaempauta.com\/portal\/author\/fernando\/"}]}},"_links":{"self":[{"href":"https:\/\/noticiaempauta.com\/portal\/wp-json\/wp\/v2\/posts\/256512","targetHints":{"allow":["GET"]}}],"collection":[{"href":"https:\/\/noticiaempauta.com\/portal\/wp-json\/wp\/v2\/posts"}],"about":[{"href":"https:\/\/noticiaempauta.com\/portal\/wp-json\/wp\/v2\/types\/post"}],"author":[{"embeddable":true,"href":"https:\/\/noticiaempauta.com\/portal\/wp-json\/wp\/v2\/users\/2"}],"replies":[{"embeddable":true,"href":"https:\/\/noticiaempauta.com\/portal\/wp-json\/wp\/v2\/comments?post=256512"}],"version-history":[{"count":2,"href":"https:\/\/noticiaempauta.com\/portal\/wp-json\/wp\/v2\/posts\/256512\/revisions"}],"predecessor-version":[{"id":256518,"href":"https:\/\/noticiaempauta.com\/portal\/wp-json\/wp\/v2\/posts\/256512\/revisions\/256518"}],"wp:featuredmedia":[{"embeddable":true,"href":"https:\/\/noticiaempauta.com\/portal\/wp-json\/wp\/v2\/media\/256514"}],"wp:attachment":[{"href":"https:\/\/noticiaempauta.com\/portal\/wp-json\/wp\/v2\/media?parent=256512"}],"wp:term":[{"taxonomy":"category","embeddable":true,"href":"https:\/\/noticiaempauta.com\/portal\/wp-json\/wp\/v2\/categories?post=256512"},{"taxonomy":"post_tag","embeddable":true,"href":"https:\/\/noticiaempauta.com\/portal\/wp-json\/wp\/v2\/tags?post=256512"}],"curies":[{"name":"wp","href":"https:\/\/api.w.org\/{rel}","templated":true}]}}