{"id":256549,"date":"2024-04-06T09:08:00","date_gmt":"2024-04-06T12:08:00","guid":{"rendered":"https:\/\/noticiaempauta.com\/portal\/?p=256549"},"modified":"2024-04-06T09:15:10","modified_gmt":"2024-04-06T12:15:10","slug":"motociclista-morre-em-grave-acidente-na-br-407-entre-picos-e-geminiano","status":"publish","type":"post","link":"https:\/\/noticiaempauta.com\/portal\/motociclista-morre-em-grave-acidente-na-br-407-entre-picos-e-geminiano\/","title":{"rendered":"Motociclista morre em grave acidente na BR 407 entre Picos e Geminiano"},"content":{"rendered":"\n<p>Um homem de 53 anos faleceu em um grave acidente no in\u00edcio da noite desta sexta-feira, 05 de abril, na BR 407 entre os munic\u00edpios de Picos e Geminiano.<\/p>\n\n\n\n<figure class=\"wp-block-image size-large\"><img fetchpriority=\"high\" decoding=\"async\" width=\"1024\" height=\"809\" src=\"https:\/\/noticiaempauta.com\/portal\/wp-content\/uploads\/2024\/04\/IMG_0599-1024x809.jpeg\" alt=\"\" class=\"wp-image-256551\" srcset=\"https:\/\/noticiaempauta.com\/portal\/wp-content\/uploads\/2024\/04\/IMG_0599-1024x809.jpeg 1024w, https:\/\/noticiaempauta.com\/portal\/wp-content\/uploads\/2024\/04\/IMG_0599-300x237.jpeg 300w, https:\/\/noticiaempauta.com\/portal\/wp-content\/uploads\/2024\/04\/IMG_0599-768x607.jpeg 768w, https:\/\/noticiaempauta.com\/portal\/wp-content\/uploads\/2024\/04\/IMG_0599.jpeg 1242w\" sizes=\"(max-width: 1024px) 100vw, 1024px\" \/><\/figure>\n\n\n\n<p>Conforme a Pol\u00edcia Rodovi\u00e1ria Federal (PRF), a colis\u00e3o envolveu um ve\u00edculo VW 24.280 CRM 6X2, conduzido por um homem, de 46 anos, que saiu ileso do acidente, e uma motocicleta Honda, conduzida por um homem, de 53 anos, que faleceu no local do acidente.<\/p>\n\n\n\n<p>De acordo com a PRF, a poss\u00edvel din\u00e2mica do acidente \u00e9 que a motocicleta acessou a rodovia federal sem observar a presen\u00e7a de outros ve\u00edculos e colidiu transversalmente contra o caminh\u00e3o.<\/p>\n\n\n\n<p>A PRF ainda informou que a causa presum\u00edvel do acidente foi o acesso irregular sem observ\u00e2ncia de ve\u00edculo na via transversal.<\/p>\n\n\n\n<p>O Instituto M\u00e9dico Legal (IML) foi acionado para ado\u00e7\u00e3o dos procedimentos cab\u00edveis.<\/p>\n\n\n\n<p>Fonte: CidadesnaNet<\/p>\n\n\n\n<p><\/p>\n","protected":false},"excerpt":{"rendered":"<p>Um homem de 53 anos faleceu em um grave acidente no in\u00edcio da noite desta sexta-feira, 05 de abril, na BR 407 entre os munic\u00edpios de Picos e Geminiano. Conforme a Pol\u00edcia Rodovi\u00e1ria Federal (PRF), a colis\u00e3o envolveu um ve\u00edculo VW 24.280 CRM 6X2, conduzido por um homem, de 46 anos, que saiu ileso do [&hellip;]<\/p>\n","protected":false},"author":2,"featured_media":256551,"comment_status":"open","ping_status":"open","sticky":false,"template":"","format":"standard","meta":{"_mi_skip_tracking":false,"footnotes":""},"categories":[25,1,16],"tags":[192],"class_list":["post-256549","post","type-post","status-publish","format-standard","has-post-thumbnail","hentry","category-destaques-site","category-geral","category-todas","tag-destaqueprincipal"],"acf":[],"yoast_head":"<!-- This site is optimized with the Yoast SEO Premium plugin v19.2 (Yoast SEO v26.9) - https:\/\/yoast.com\/product\/yoast-seo-premium-wordpress\/ -->\n<title>Motociclista morre em grave acidente na BR 407 entre Picos e Geminiano - Portal Not\u00edcia em Pauta<\/title>\n<meta name=\"robots\" content=\"index, follow, max-snippet:-1, max-image-preview:large, max-video-preview:-1\" \/>\n<link rel=\"canonical\" href=\"https:\/\/noticiaempauta.com\/portal\/motociclista-morre-em-grave-acidente-na-br-407-entre-picos-e-geminiano\/\" \/>\n<meta property=\"og:locale\" content=\"pt_BR\" \/>\n<meta property=\"og:type\" content=\"article\" \/>\n<meta property=\"og:title\" content=\"Motociclista morre em grave acidente na BR 407 entre Picos e Geminiano\" \/>\n<meta property=\"og:description\" content=\"Um homem de 53 anos faleceu em um grave acidente no in\u00edcio da noite desta sexta-feira, 05 de abril, na BR 407 entre os munic\u00edpios de Picos e Geminiano. Conforme a Pol\u00edcia Rodovi\u00e1ria Federal (PRF), a colis\u00e3o envolveu um ve\u00edculo VW 24.280 CRM 6X2, conduzido por um homem, de 46 anos, que saiu ileso do [&hellip;]\" \/>\n<meta property=\"og:url\" content=\"https:\/\/noticiaempauta.com\/portal\/motociclista-morre-em-grave-acidente-na-br-407-entre-picos-e-geminiano\/\" \/>\n<meta property=\"og:site_name\" content=\"Portal Not\u00edcia em Pauta\" \/>\n<meta property=\"article:publisher\" content=\"https:\/\/www.facebook.com\/Portal-Notcia-Em-Pauta-102292869264820\/\" \/>\n<meta property=\"article:published_time\" content=\"2024-04-06T12:08:00+00:00\" \/>\n<meta property=\"article:modified_time\" content=\"2024-04-06T12:15:10+00:00\" \/>\n<meta property=\"og:image\" content=\"https:\/\/noticiaempauta.com\/portal\/wp-content\/uploads\/2024\/04\/IMG_0599.jpeg\" \/>\n\t<meta property=\"og:image:width\" content=\"1242\" \/>\n\t<meta property=\"og:image:height\" content=\"981\" \/>\n\t<meta property=\"og:image:type\" content=\"image\/jpeg\" \/>\n<meta name=\"author\" content=\"Reda\u00e7\u00e3o\" \/>\n<meta name=\"twitter:card\" content=\"summary_large_image\" \/>\n<meta name=\"twitter:label1\" content=\"Escrito por\" \/>\n\t<meta name=\"twitter:data1\" content=\"Reda\u00e7\u00e3o\" \/>\n\t<meta name=\"twitter:label2\" content=\"Est. tempo de leitura\" \/>\n\t<meta name=\"twitter:data2\" content=\"2 minutos\" \/>\n<script type=\"application\/ld+json\" class=\"yoast-schema-graph\">{\"@context\":\"https:\/\/schema.org\",\"@graph\":[{\"@type\":\"Article\",\"@id\":\"https:\/\/noticiaempauta.com\/portal\/motociclista-morre-em-grave-acidente-na-br-407-entre-picos-e-geminiano\/#article\",\"isPartOf\":{\"@id\":\"https:\/\/noticiaempauta.com\/portal\/motociclista-morre-em-grave-acidente-na-br-407-entre-picos-e-geminiano\/\"},\"author\":{\"name\":\"Reda\u00e7\u00e3o\",\"@id\":\"https:\/\/noticiaempauta.com\/portal\/#\/schema\/person\/a74af43dd1ab3deca45f988c717d57ac\"},\"headline\":\"Motociclista morre em grave acidente na BR 407 entre Picos e Geminiano\",\"datePublished\":\"2024-04-06T12:08:00+00:00\",\"dateModified\":\"2024-04-06T12:15:10+00:00\",\"mainEntityOfPage\":{\"@id\":\"https:\/\/noticiaempauta.com\/portal\/motociclista-morre-em-grave-acidente-na-br-407-entre-picos-e-geminiano\/\"},\"wordCount\":160,\"commentCount\":0,\"publisher\":{\"@id\":\"https:\/\/noticiaempauta.com\/portal\/#organization\"},\"image\":{\"@id\":\"https:\/\/noticiaempauta.com\/portal\/motociclista-morre-em-grave-acidente-na-br-407-entre-picos-e-geminiano\/#primaryimage\"},\"thumbnailUrl\":\"https:\/\/noticiaempauta.com\/portal\/wp-content\/uploads\/2024\/04\/IMG_0599.jpeg\",\"keywords\":[\"destaqueprincipal\"],\"articleSection\":[\"Destaques\",\"Geral\",\"Todas as Not\u00edcias\"],\"inLanguage\":\"pt-BR\",\"potentialAction\":[{\"@type\":\"CommentAction\",\"name\":\"Comment\",\"target\":[\"https:\/\/noticiaempauta.com\/portal\/motociclista-morre-em-grave-acidente-na-br-407-entre-picos-e-geminiano\/#respond\"]}]},{\"@type\":\"WebPage\",\"@id\":\"https:\/\/noticiaempauta.com\/portal\/motociclista-morre-em-grave-acidente-na-br-407-entre-picos-e-geminiano\/\",\"url\":\"https:\/\/noticiaempauta.com\/portal\/motociclista-morre-em-grave-acidente-na-br-407-entre-picos-e-geminiano\/\",\"name\":\"Motociclista morre em grave acidente na BR 407 entre Picos e Geminiano - Portal Not\u00edcia em Pauta\",\"isPartOf\":{\"@id\":\"https:\/\/noticiaempauta.com\/portal\/#website\"},\"primaryImageOfPage\":{\"@id\":\"https:\/\/noticiaempauta.com\/portal\/motociclista-morre-em-grave-acidente-na-br-407-entre-picos-e-geminiano\/#primaryimage\"},\"image\":{\"@id\":\"https:\/\/noticiaempauta.com\/portal\/motociclista-morre-em-grave-acidente-na-br-407-entre-picos-e-geminiano\/#primaryimage\"},\"thumbnailUrl\":\"https:\/\/noticiaempauta.com\/portal\/wp-content\/uploads\/2024\/04\/IMG_0599.jpeg\",\"datePublished\":\"2024-04-06T12:08:00+00:00\",\"dateModified\":\"2024-04-06T12:15:10+00:00\",\"breadcrumb\":{\"@id\":\"https:\/\/noticiaempauta.com\/portal\/motociclista-morre-em-grave-acidente-na-br-407-entre-picos-e-geminiano\/#breadcrumb\"},\"inLanguage\":\"pt-BR\",\"potentialAction\":[{\"@type\":\"ReadAction\",\"target\":[\"https:\/\/noticiaempauta.com\/portal\/motociclista-morre-em-grave-acidente-na-br-407-entre-picos-e-geminiano\/\"]}]},{\"@type\":\"ImageObject\",\"inLanguage\":\"pt-BR\",\"@id\":\"https:\/\/noticiaempauta.com\/portal\/motociclista-morre-em-grave-acidente-na-br-407-entre-picos-e-geminiano\/#primaryimage\",\"url\":\"https:\/\/noticiaempauta.com\/portal\/wp-content\/uploads\/2024\/04\/IMG_0599.jpeg\",\"contentUrl\":\"https:\/\/noticiaempauta.com\/portal\/wp-content\/uploads\/2024\/04\/IMG_0599.jpeg\",\"width\":1242,\"height\":981},{\"@type\":\"BreadcrumbList\",\"@id\":\"https:\/\/noticiaempauta.com\/portal\/motociclista-morre-em-grave-acidente-na-br-407-entre-picos-e-geminiano\/#breadcrumb\",\"itemListElement\":[{\"@type\":\"ListItem\",\"position\":1,\"name\":\"P\u00e1gina Inicial\",\"item\":\"https:\/\/noticiaempauta.com\/portal\/\"},{\"@type\":\"ListItem\",\"position\":2,\"name\":\"Destaques\",\"item\":\"https:\/\/noticiaempauta.com\/portal\/destaques-site\/\"},{\"@type\":\"ListItem\",\"position\":3,\"name\":\"Motociclista morre em grave acidente na BR 407 entre Picos e Geminiano\"}]},{\"@type\":\"WebSite\",\"@id\":\"https:\/\/noticiaempauta.com\/portal\/#website\",\"url\":\"https:\/\/noticiaempauta.com\/portal\/\",\"name\":\"Portal Not\u00edcia em Pauta\",\"description\":\"Voc\u00ea bem informado\",\"publisher\":{\"@id\":\"https:\/\/noticiaempauta.com\/portal\/#organization\"},\"potentialAction\":[{\"@type\":\"SearchAction\",\"target\":{\"@type\":\"EntryPoint\",\"urlTemplate\":\"https:\/\/noticiaempauta.com\/portal\/?s={search_term_string}\"},\"query-input\":{\"@type\":\"PropertyValueSpecification\",\"valueRequired\":true,\"valueName\":\"search_term_string\"}}],\"inLanguage\":\"pt-BR\"},{\"@type\":\"Organization\",\"@id\":\"https:\/\/noticiaempauta.com\/portal\/#organization\",\"name\":\"Portal Not\u00edcia em Pauta\",\"url\":\"https:\/\/noticiaempauta.com\/portal\/\",\"logo\":{\"@type\":\"ImageObject\",\"inLanguage\":\"pt-BR\",\"@id\":\"https:\/\/noticiaempauta.com\/portal\/#\/schema\/logo\/image\/\",\"url\":\"https:\/\/noticiaempauta.com\/portal\/wp-content\/uploads\/2022\/08\/logomarca_tema.fw_.png\",\"contentUrl\":\"https:\/\/noticiaempauta.com\/portal\/wp-content\/uploads\/2022\/08\/logomarca_tema.fw_.png\",\"width\":400,\"height\":232,\"caption\":\"Portal Not\u00edcia em Pauta\"},\"image\":{\"@id\":\"https:\/\/noticiaempauta.com\/portal\/#\/schema\/logo\/image\/\"},\"sameAs\":[\"https:\/\/www.facebook.com\/Portal-Notcia-Em-Pauta-102292869264820\/\",\"https:\/\/www.instagram.com\/portalnoticiaempauta\/\"]},{\"@type\":\"Person\",\"@id\":\"https:\/\/noticiaempauta.com\/portal\/#\/schema\/person\/a74af43dd1ab3deca45f988c717d57ac\",\"name\":\"Reda\u00e7\u00e3o\",\"image\":{\"@type\":\"ImageObject\",\"inLanguage\":\"pt-BR\",\"@id\":\"https:\/\/noticiaempauta.com\/portal\/#\/schema\/person\/image\/\",\"url\":\"https:\/\/secure.gravatar.com\/avatar\/03179346ecce6cdfc13361603e8f54242a90e5cde8618fa23c5c00aa2b0aadf3?s=96&d=mm&r=g\",\"contentUrl\":\"https:\/\/secure.gravatar.com\/avatar\/03179346ecce6cdfc13361603e8f54242a90e5cde8618fa23c5c00aa2b0aadf3?s=96&d=mm&r=g\",\"caption\":\"Reda\u00e7\u00e3o\"},\"sameAs\":[\"https:\/\/noticiaempauta.com\/portal\/\"],\"url\":\"https:\/\/noticiaempauta.com\/portal\/author\/fernando\/\"}]}<\/script>\n<!-- \/ Yoast SEO Premium plugin. -->","yoast_head_json":{"title":"Motociclista morre em grave acidente na BR 407 entre Picos e Geminiano - Portal Not\u00edcia em Pauta","robots":{"index":"index","follow":"follow","max-snippet":"max-snippet:-1","max-image-preview":"max-image-preview:large","max-video-preview":"max-video-preview:-1"},"canonical":"https:\/\/noticiaempauta.com\/portal\/motociclista-morre-em-grave-acidente-na-br-407-entre-picos-e-geminiano\/","og_locale":"pt_BR","og_type":"article","og_title":"Motociclista morre em grave acidente na BR 407 entre Picos e Geminiano","og_description":"Um homem de 53 anos faleceu em um grave acidente no in\u00edcio da noite desta sexta-feira, 05 de abril, na BR 407 entre os munic\u00edpios de Picos e Geminiano. Conforme a Pol\u00edcia Rodovi\u00e1ria Federal (PRF), a colis\u00e3o envolveu um ve\u00edculo VW 24.280 CRM 6X2, conduzido por um homem, de 46 anos, que saiu ileso do [&hellip;]","og_url":"https:\/\/noticiaempauta.com\/portal\/motociclista-morre-em-grave-acidente-na-br-407-entre-picos-e-geminiano\/","og_site_name":"Portal Not\u00edcia em Pauta","article_publisher":"https:\/\/www.facebook.com\/Portal-Notcia-Em-Pauta-102292869264820\/","article_published_time":"2024-04-06T12:08:00+00:00","article_modified_time":"2024-04-06T12:15:10+00:00","og_image":[{"width":1242,"height":981,"url":"https:\/\/noticiaempauta.com\/portal\/wp-content\/uploads\/2024\/04\/IMG_0599.jpeg","type":"image\/jpeg"}],"author":"Reda\u00e7\u00e3o","twitter_card":"summary_large_image","twitter_misc":{"Escrito por":"Reda\u00e7\u00e3o","Est. tempo de leitura":"2 minutos"},"schema":{"@context":"https:\/\/schema.org","@graph":[{"@type":"Article","@id":"https:\/\/noticiaempauta.com\/portal\/motociclista-morre-em-grave-acidente-na-br-407-entre-picos-e-geminiano\/#article","isPartOf":{"@id":"https:\/\/noticiaempauta.com\/portal\/motociclista-morre-em-grave-acidente-na-br-407-entre-picos-e-geminiano\/"},"author":{"name":"Reda\u00e7\u00e3o","@id":"https:\/\/noticiaempauta.com\/portal\/#\/schema\/person\/a74af43dd1ab3deca45f988c717d57ac"},"headline":"Motociclista morre em grave acidente na BR 407 entre Picos e Geminiano","datePublished":"2024-04-06T12:08:00+00:00","dateModified":"2024-04-06T12:15:10+00:00","mainEntityOfPage":{"@id":"https:\/\/noticiaempauta.com\/portal\/motociclista-morre-em-grave-acidente-na-br-407-entre-picos-e-geminiano\/"},"wordCount":160,"commentCount":0,"publisher":{"@id":"https:\/\/noticiaempauta.com\/portal\/#organization"},"image":{"@id":"https:\/\/noticiaempauta.com\/portal\/motociclista-morre-em-grave-acidente-na-br-407-entre-picos-e-geminiano\/#primaryimage"},"thumbnailUrl":"https:\/\/noticiaempauta.com\/portal\/wp-content\/uploads\/2024\/04\/IMG_0599.jpeg","keywords":["destaqueprincipal"],"articleSection":["Destaques","Geral","Todas as Not\u00edcias"],"inLanguage":"pt-BR","potentialAction":[{"@type":"CommentAction","name":"Comment","target":["https:\/\/noticiaempauta.com\/portal\/motociclista-morre-em-grave-acidente-na-br-407-entre-picos-e-geminiano\/#respond"]}]},{"@type":"WebPage","@id":"https:\/\/noticiaempauta.com\/portal\/motociclista-morre-em-grave-acidente-na-br-407-entre-picos-e-geminiano\/","url":"https:\/\/noticiaempauta.com\/portal\/motociclista-morre-em-grave-acidente-na-br-407-entre-picos-e-geminiano\/","name":"Motociclista morre em grave acidente na BR 407 entre Picos e Geminiano - Portal Not\u00edcia em Pauta","isPartOf":{"@id":"https:\/\/noticiaempauta.com\/portal\/#website"},"primaryImageOfPage":{"@id":"https:\/\/noticiaempauta.com\/portal\/motociclista-morre-em-grave-acidente-na-br-407-entre-picos-e-geminiano\/#primaryimage"},"image":{"@id":"https:\/\/noticiaempauta.com\/portal\/motociclista-morre-em-grave-acidente-na-br-407-entre-picos-e-geminiano\/#primaryimage"},"thumbnailUrl":"https:\/\/noticiaempauta.com\/portal\/wp-content\/uploads\/2024\/04\/IMG_0599.jpeg","datePublished":"2024-04-06T12:08:00+00:00","dateModified":"2024-04-06T12:15:10+00:00","breadcrumb":{"@id":"https:\/\/noticiaempauta.com\/portal\/motociclista-morre-em-grave-acidente-na-br-407-entre-picos-e-geminiano\/#breadcrumb"},"inLanguage":"pt-BR","potentialAction":[{"@type":"ReadAction","target":["https:\/\/noticiaempauta.com\/portal\/motociclista-morre-em-grave-acidente-na-br-407-entre-picos-e-geminiano\/"]}]},{"@type":"ImageObject","inLanguage":"pt-BR","@id":"https:\/\/noticiaempauta.com\/portal\/motociclista-morre-em-grave-acidente-na-br-407-entre-picos-e-geminiano\/#primaryimage","url":"https:\/\/noticiaempauta.com\/portal\/wp-content\/uploads\/2024\/04\/IMG_0599.jpeg","contentUrl":"https:\/\/noticiaempauta.com\/portal\/wp-content\/uploads\/2024\/04\/IMG_0599.jpeg","width":1242,"height":981},{"@type":"BreadcrumbList","@id":"https:\/\/noticiaempauta.com\/portal\/motociclista-morre-em-grave-acidente-na-br-407-entre-picos-e-geminiano\/#breadcrumb","itemListElement":[{"@type":"ListItem","position":1,"name":"P\u00e1gina Inicial","item":"https:\/\/noticiaempauta.com\/portal\/"},{"@type":"ListItem","position":2,"name":"Destaques","item":"https:\/\/noticiaempauta.com\/portal\/destaques-site\/"},{"@type":"ListItem","position":3,"name":"Motociclista morre em grave acidente na BR 407 entre Picos e Geminiano"}]},{"@type":"WebSite","@id":"https:\/\/noticiaempauta.com\/portal\/#website","url":"https:\/\/noticiaempauta.com\/portal\/","name":"Portal Not\u00edcia em Pauta","description":"Voc\u00ea bem informado","publisher":{"@id":"https:\/\/noticiaempauta.com\/portal\/#organization"},"potentialAction":[{"@type":"SearchAction","target":{"@type":"EntryPoint","urlTemplate":"https:\/\/noticiaempauta.com\/portal\/?s={search_term_string}"},"query-input":{"@type":"PropertyValueSpecification","valueRequired":true,"valueName":"search_term_string"}}],"inLanguage":"pt-BR"},{"@type":"Organization","@id":"https:\/\/noticiaempauta.com\/portal\/#organization","name":"Portal Not\u00edcia em Pauta","url":"https:\/\/noticiaempauta.com\/portal\/","logo":{"@type":"ImageObject","inLanguage":"pt-BR","@id":"https:\/\/noticiaempauta.com\/portal\/#\/schema\/logo\/image\/","url":"https:\/\/noticiaempauta.com\/portal\/wp-content\/uploads\/2022\/08\/logomarca_tema.fw_.png","contentUrl":"https:\/\/noticiaempauta.com\/portal\/wp-content\/uploads\/2022\/08\/logomarca_tema.fw_.png","width":400,"height":232,"caption":"Portal Not\u00edcia em Pauta"},"image":{"@id":"https:\/\/noticiaempauta.com\/portal\/#\/schema\/logo\/image\/"},"sameAs":["https:\/\/www.facebook.com\/Portal-Notcia-Em-Pauta-102292869264820\/","https:\/\/www.instagram.com\/portalnoticiaempauta\/"]},{"@type":"Person","@id":"https:\/\/noticiaempauta.com\/portal\/#\/schema\/person\/a74af43dd1ab3deca45f988c717d57ac","name":"Reda\u00e7\u00e3o","image":{"@type":"ImageObject","inLanguage":"pt-BR","@id":"https:\/\/noticiaempauta.com\/portal\/#\/schema\/person\/image\/","url":"https:\/\/secure.gravatar.com\/avatar\/03179346ecce6cdfc13361603e8f54242a90e5cde8618fa23c5c00aa2b0aadf3?s=96&d=mm&r=g","contentUrl":"https:\/\/secure.gravatar.com\/avatar\/03179346ecce6cdfc13361603e8f54242a90e5cde8618fa23c5c00aa2b0aadf3?s=96&d=mm&r=g","caption":"Reda\u00e7\u00e3o"},"sameAs":["https:\/\/noticiaempauta.com\/portal\/"],"url":"https:\/\/noticiaempauta.com\/portal\/author\/fernando\/"}]}},"_links":{"self":[{"href":"https:\/\/noticiaempauta.com\/portal\/wp-json\/wp\/v2\/posts\/256549","targetHints":{"allow":["GET"]}}],"collection":[{"href":"https:\/\/noticiaempauta.com\/portal\/wp-json\/wp\/v2\/posts"}],"about":[{"href":"https:\/\/noticiaempauta.com\/portal\/wp-json\/wp\/v2\/types\/post"}],"author":[{"embeddable":true,"href":"https:\/\/noticiaempauta.com\/portal\/wp-json\/wp\/v2\/users\/2"}],"replies":[{"embeddable":true,"href":"https:\/\/noticiaempauta.com\/portal\/wp-json\/wp\/v2\/comments?post=256549"}],"version-history":[{"count":3,"href":"https:\/\/noticiaempauta.com\/portal\/wp-json\/wp\/v2\/posts\/256549\/revisions"}],"predecessor-version":[{"id":256554,"href":"https:\/\/noticiaempauta.com\/portal\/wp-json\/wp\/v2\/posts\/256549\/revisions\/256554"}],"wp:featuredmedia":[{"embeddable":true,"href":"https:\/\/noticiaempauta.com\/portal\/wp-json\/wp\/v2\/media\/256551"}],"wp:attachment":[{"href":"https:\/\/noticiaempauta.com\/portal\/wp-json\/wp\/v2\/media?parent=256549"}],"wp:term":[{"taxonomy":"category","embeddable":true,"href":"https:\/\/noticiaempauta.com\/portal\/wp-json\/wp\/v2\/categories?post=256549"},{"taxonomy":"post_tag","embeddable":true,"href":"https:\/\/noticiaempauta.com\/portal\/wp-json\/wp\/v2\/tags?post=256549"}],"curies":[{"name":"wp","href":"https:\/\/api.w.org\/{rel}","templated":true}]}}