{"id":256603,"date":"2024-04-07T09:01:30","date_gmt":"2024-04-07T12:01:30","guid":{"rendered":"https:\/\/noticiaempauta.com\/portal\/?p=256603"},"modified":"2024-04-07T09:01:31","modified_gmt":"2024-04-07T12:01:31","slug":"pi-ce-e-pe-lula-afirma-que-obra-da-transnordestina-sera-concluida-ate-2027","status":"publish","type":"post","link":"https:\/\/noticiaempauta.com\/portal\/pi-ce-e-pe-lula-afirma-que-obra-da-transnordestina-sera-concluida-ate-2027\/","title":{"rendered":"PI, CE e PE: Lula afirma que obra da Transnordestina ser\u00e1 conclu\u00edda at\u00e9 2027"},"content":{"rendered":"\n<p>O presidente da rep\u00fablica Lu\u00eds In\u00e1cio Lula da Silva,\u00a0assegurou que a obra da Transnordestina, que vai ligar o Piau\u00ed, Cear\u00e1 e Pernambuco\u00a0por meio de uma ferrovia ser\u00e1 conclu\u00edda e afirmou que a previs\u00e3o \u00e9 que ocorra at\u00e9 2027. A declara\u00e7\u00e3o ocorreu durante visita \u00e0s obras da Transnordestina na cidade de Iguatu, no Cear\u00e1, na sexta feira (5), onde est\u00e3o sendo finalizadas as obras de super estrutura, referentes \u00e0 montagem da linha f\u00e9rrea, no trecho que liga os estados do Piau\u00ed e do Cear\u00e1.<\/p>\n\n\n\n<figure class=\"wp-block-image size-full\"><img fetchpriority=\"high\" decoding=\"async\" width=\"680\" height=\"451\" src=\"https:\/\/noticiaempauta.com\/portal\/wp-content\/uploads\/2024\/04\/IMG_0618.jpeg\" alt=\"\" class=\"wp-image-256607\" srcset=\"https:\/\/noticiaempauta.com\/portal\/wp-content\/uploads\/2024\/04\/IMG_0618.jpeg 680w, https:\/\/noticiaempauta.com\/portal\/wp-content\/uploads\/2024\/04\/IMG_0618-300x199.jpeg 300w\" sizes=\"(max-width: 680px) 100vw, 680px\" \/><\/figure>\n\n\n\n<p>A empresa respons\u00e1vel pelas obras da ferrovia, a Transnordestina Log\u00edstica,&nbsp;<strong>se comprometeu a finalizar a constru\u00e7\u00e3o entre o fim de 2026 e o in\u00edcio de 2027.<\/strong>&nbsp;<\/p>\n\n\n\n<p>O presidente Lula ressaltou que o Governo Federal garantir\u00e1 os recursos necess\u00e1rios para viabilizar a entrega do empreendimento.<\/p>\n\n\n\n<p><strong>\u201cN\u00f3s vamos terminar essa ferrovia. E eu quero dizer para voc\u00eas que eu quero pegar o lugar mais long\u00ednquo do Piau\u00ed, entrar em um vag\u00e3o e vir at\u00e9 esse local aqui para saber o que \u00e9 que falta. O compromisso da empresa \u00e9 que a gente pode terminar isso ou at\u00e9 o final de 2026, ou at\u00e9 o primeiro trimestre de 2027. E eu quero dizer para voc\u00ea: se depender do governo, a gente vai terminar, porque o governo vai cumprir todos os acordos firmados e n\u00e3o vai permitir que faltem os recursos necess\u00e1rios para que a gente possa terminar essa ferrovia\u201d, afirmou Lula.\u00a0<\/strong><\/p>\n\n\n\n<figure class=\"wp-block-image size-full\"><img decoding=\"async\" width=\"790\" height=\"550\" src=\"https:\/\/noticiaempauta.com\/portal\/wp-content\/uploads\/2024\/04\/IMG_0616.jpeg\" alt=\"\" class=\"wp-image-256605\" srcset=\"https:\/\/noticiaempauta.com\/portal\/wp-content\/uploads\/2024\/04\/IMG_0616.jpeg 790w, https:\/\/noticiaempauta.com\/portal\/wp-content\/uploads\/2024\/04\/IMG_0616-300x209.jpeg 300w, https:\/\/noticiaempauta.com\/portal\/wp-content\/uploads\/2024\/04\/IMG_0616-768x535.jpeg 768w\" sizes=\"(max-width: 790px) 100vw, 790px\" \/><\/figure>\n\n\n\n<p>O presidente ainda destacou que a obra \u00e9 importante n\u00e3o s\u00f3 para gerar emprego e baratear o transporte, mas por que o Brasil precisa ter rodovia, ferrovia e hidrovia de qualidade.<\/p>\n\n\n\n<blockquote class=\"wp-block-quote is-layout-flow wp-block-quote-is-layout-flow\">\n<p>\u201cEla \u00e9 importante porque o Brasil se transformou num pa\u00eds rodovi\u00e1rio e, para ser mais produtivo, mais leal ao povo, n\u00e3o pode abandonar a ferrovia para fazer rodovia, n\u00e3o. Tem que ter rodovia de qualidade, ferrovia de qualidade e hidrovia de qualidade, porque precisamos ter um sistema intermodal para utilizar todo o nosso potencial para transportar gente, carga e baratear as coisas para o nosso povo\u201d, declarou.<\/p>\n<\/blockquote>\n\n\n\n<p>O ministro dos Transportes, Renan Filho, explicou que as obras j\u00e1 est\u00e3o avan\u00e7adas. \u201c\u00c9 uma ferrovia de mais de 1.206 quil\u00f4metros, dos quais 679 j\u00e1 est\u00e3o prontos. E vamos, nos pr\u00f3ximos meses, contratar o restante. Hoje essa ferrovia tem, com sal\u00e1rios m\u00e9dios de aproximadamente de R$ 2.800, mais de 2.600 homens trabalhando. At\u00e9 o fim do ano, vamos pelo menos dobrar a gera\u00e7\u00e3o de emprego aqui, porque \u00e9 isso que as pessoas precisam para que a obra ande mais r\u00e1pido\u201d, afirmou.<\/p>\n\n\n\n<p><strong>Recursos<\/strong><\/p>\n\n\n\n<figure class=\"wp-block-image size-full\"><img decoding=\"async\" width=\"400\" height=\"500\" src=\"https:\/\/noticiaempauta.com\/portal\/wp-content\/uploads\/2024\/04\/IMG_0617.jpeg\" alt=\"\" class=\"wp-image-256606\" srcset=\"https:\/\/noticiaempauta.com\/portal\/wp-content\/uploads\/2024\/04\/IMG_0617.jpeg 400w, https:\/\/noticiaempauta.com\/portal\/wp-content\/uploads\/2024\/04\/IMG_0617-240x300.jpeg 240w\" sizes=\"(max-width: 400px) 100vw, 400px\" \/><\/figure>\n\n\n\n<p><strong>A obra<\/strong><\/p>\n\n\n\n<p>&nbsp;A ferrovia liga o munic\u00edpio Eliseu Martins, no Piau\u00ed, ao Complexo Industrial e Portu\u00e1rio do Pec\u00e9m, no Cear\u00e1, sendo considerada a principal obra estruturadora para o desenvolvimento do Nordeste e priorit\u00e1ria para o governo federal, inclu\u00edda no Novo PAC.<\/p>\n\n\n\n<p>Segundo o diretor de Fundos, Incentivos e Atra\u00e7\u00e3o de Investimentos da Sudene, Heitor Freire, a obra tem extens\u00e3o de mais de 1.200 Km, passando por 53 munic\u00edpios no Piau\u00ed, Cear\u00e1 e Pernambuco, e vai possibilitar o escoamento da produ\u00e7\u00e3o e a redu\u00e7\u00e3o do custo log\u00edstico.&nbsp;A ferrovia ser\u00e1 respons\u00e1vel pelo transporte de min\u00e9rios, fertilizantes, gr\u00e3os e combust\u00edvel.<\/p>\n\n\n\n<p>O trecho da ferrovia de Salgueiro at\u00e9 o Complexo de Suape, em Pernambuco, tamb\u00e9m foi assegurado pelo Governo Federal. No Novo PAC, h\u00e1 a previs\u00e3o de investimento de R$ 450 milh\u00f5es para a realiza\u00e7\u00e3o de estudos e projetos referentes \u00e0 linha f\u00e9rrea pernambucana.<\/p>\n\n\n\n<p>Fonte: Cidade Verde<\/p>\n\n\n\n<p><\/p>\n","protected":false},"excerpt":{"rendered":"<p>O presidente da rep\u00fablica Lu\u00eds In\u00e1cio Lula da Silva,\u00a0assegurou que a obra da Transnordestina, que vai ligar o Piau\u00ed, Cear\u00e1 e Pernambuco\u00a0por meio de uma ferrovia ser\u00e1 conclu\u00edda e afirmou que a previs\u00e3o \u00e9 que ocorra at\u00e9 2027. A declara\u00e7\u00e3o ocorreu durante visita \u00e0s obras da Transnordestina na cidade de Iguatu, no Cear\u00e1, na sexta [&hellip;]<\/p>\n","protected":false},"author":2,"featured_media":256607,"comment_status":"open","ping_status":"open","sticky":false,"template":"","format":"standard","meta":{"_mi_skip_tracking":false,"footnotes":""},"categories":[25,1,16],"tags":[192],"class_list":["post-256603","post","type-post","status-publish","format-standard","has-post-thumbnail","hentry","category-destaques-site","category-geral","category-todas","tag-destaqueprincipal"],"acf":[],"yoast_head":"<!-- This site is optimized with the Yoast SEO Premium plugin v19.2 (Yoast SEO v26.9) - https:\/\/yoast.com\/product\/yoast-seo-premium-wordpress\/ -->\n<title>PI, CE e PE: Lula afirma que obra da Transnordestina ser\u00e1 conclu\u00edda at\u00e9 2027 - Portal Not\u00edcia em Pauta<\/title>\n<meta name=\"robots\" content=\"index, follow, max-snippet:-1, max-image-preview:large, max-video-preview:-1\" \/>\n<link rel=\"canonical\" href=\"https:\/\/noticiaempauta.com\/portal\/pi-ce-e-pe-lula-afirma-que-obra-da-transnordestina-sera-concluida-ate-2027\/\" \/>\n<meta property=\"og:locale\" content=\"pt_BR\" \/>\n<meta property=\"og:type\" content=\"article\" \/>\n<meta property=\"og:title\" content=\"PI, CE e PE: Lula afirma que obra da Transnordestina ser\u00e1 conclu\u00edda at\u00e9 2027\" \/>\n<meta property=\"og:description\" content=\"O presidente da rep\u00fablica Lu\u00eds In\u00e1cio Lula da Silva,\u00a0assegurou que a obra da Transnordestina, que vai ligar o Piau\u00ed, Cear\u00e1 e Pernambuco\u00a0por meio de uma ferrovia ser\u00e1 conclu\u00edda e afirmou que a previs\u00e3o \u00e9 que ocorra at\u00e9 2027. A declara\u00e7\u00e3o ocorreu durante visita \u00e0s obras da Transnordestina na cidade de Iguatu, no Cear\u00e1, na sexta [&hellip;]\" \/>\n<meta property=\"og:url\" content=\"https:\/\/noticiaempauta.com\/portal\/pi-ce-e-pe-lula-afirma-que-obra-da-transnordestina-sera-concluida-ate-2027\/\" \/>\n<meta property=\"og:site_name\" content=\"Portal Not\u00edcia em Pauta\" \/>\n<meta property=\"article:publisher\" content=\"https:\/\/www.facebook.com\/Portal-Notcia-Em-Pauta-102292869264820\/\" \/>\n<meta property=\"article:published_time\" content=\"2024-04-07T12:01:30+00:00\" \/>\n<meta property=\"article:modified_time\" content=\"2024-04-07T12:01:31+00:00\" \/>\n<meta property=\"og:image\" content=\"https:\/\/noticiaempauta.com\/portal\/wp-content\/uploads\/2024\/04\/IMG_0618.jpeg\" \/>\n\t<meta property=\"og:image:width\" content=\"680\" \/>\n\t<meta property=\"og:image:height\" content=\"451\" \/>\n\t<meta property=\"og:image:type\" content=\"image\/jpeg\" \/>\n<meta name=\"author\" content=\"Reda\u00e7\u00e3o\" \/>\n<meta name=\"twitter:card\" content=\"summary_large_image\" \/>\n<meta name=\"twitter:label1\" content=\"Escrito por\" \/>\n\t<meta name=\"twitter:data1\" content=\"Reda\u00e7\u00e3o\" \/>\n\t<meta name=\"twitter:label2\" content=\"Est. tempo de leitura\" \/>\n\t<meta name=\"twitter:data2\" content=\"4 minutos\" \/>\n<script type=\"application\/ld+json\" class=\"yoast-schema-graph\">{\"@context\":\"https:\/\/schema.org\",\"@graph\":[{\"@type\":\"Article\",\"@id\":\"https:\/\/noticiaempauta.com\/portal\/pi-ce-e-pe-lula-afirma-que-obra-da-transnordestina-sera-concluida-ate-2027\/#article\",\"isPartOf\":{\"@id\":\"https:\/\/noticiaempauta.com\/portal\/pi-ce-e-pe-lula-afirma-que-obra-da-transnordestina-sera-concluida-ate-2027\/\"},\"author\":{\"name\":\"Reda\u00e7\u00e3o\",\"@id\":\"https:\/\/noticiaempauta.com\/portal\/#\/schema\/person\/a74af43dd1ab3deca45f988c717d57ac\"},\"headline\":\"PI, CE e PE: Lula afirma que obra da Transnordestina ser\u00e1 conclu\u00edda at\u00e9 2027\",\"datePublished\":\"2024-04-07T12:01:30+00:00\",\"dateModified\":\"2024-04-07T12:01:31+00:00\",\"mainEntityOfPage\":{\"@id\":\"https:\/\/noticiaempauta.com\/portal\/pi-ce-e-pe-lula-afirma-que-obra-da-transnordestina-sera-concluida-ate-2027\/\"},\"wordCount\":606,\"commentCount\":0,\"publisher\":{\"@id\":\"https:\/\/noticiaempauta.com\/portal\/#organization\"},\"image\":{\"@id\":\"https:\/\/noticiaempauta.com\/portal\/pi-ce-e-pe-lula-afirma-que-obra-da-transnordestina-sera-concluida-ate-2027\/#primaryimage\"},\"thumbnailUrl\":\"https:\/\/noticiaempauta.com\/portal\/wp-content\/uploads\/2024\/04\/IMG_0618.jpeg\",\"keywords\":[\"destaqueprincipal\"],\"articleSection\":[\"Destaques\",\"Geral\",\"Todas as Not\u00edcias\"],\"inLanguage\":\"pt-BR\",\"potentialAction\":[{\"@type\":\"CommentAction\",\"name\":\"Comment\",\"target\":[\"https:\/\/noticiaempauta.com\/portal\/pi-ce-e-pe-lula-afirma-que-obra-da-transnordestina-sera-concluida-ate-2027\/#respond\"]}]},{\"@type\":\"WebPage\",\"@id\":\"https:\/\/noticiaempauta.com\/portal\/pi-ce-e-pe-lula-afirma-que-obra-da-transnordestina-sera-concluida-ate-2027\/\",\"url\":\"https:\/\/noticiaempauta.com\/portal\/pi-ce-e-pe-lula-afirma-que-obra-da-transnordestina-sera-concluida-ate-2027\/\",\"name\":\"PI, CE e PE: Lula afirma que obra da Transnordestina ser\u00e1 conclu\u00edda at\u00e9 2027 - Portal Not\u00edcia em Pauta\",\"isPartOf\":{\"@id\":\"https:\/\/noticiaempauta.com\/portal\/#website\"},\"primaryImageOfPage\":{\"@id\":\"https:\/\/noticiaempauta.com\/portal\/pi-ce-e-pe-lula-afirma-que-obra-da-transnordestina-sera-concluida-ate-2027\/#primaryimage\"},\"image\":{\"@id\":\"https:\/\/noticiaempauta.com\/portal\/pi-ce-e-pe-lula-afirma-que-obra-da-transnordestina-sera-concluida-ate-2027\/#primaryimage\"},\"thumbnailUrl\":\"https:\/\/noticiaempauta.com\/portal\/wp-content\/uploads\/2024\/04\/IMG_0618.jpeg\",\"datePublished\":\"2024-04-07T12:01:30+00:00\",\"dateModified\":\"2024-04-07T12:01:31+00:00\",\"breadcrumb\":{\"@id\":\"https:\/\/noticiaempauta.com\/portal\/pi-ce-e-pe-lula-afirma-que-obra-da-transnordestina-sera-concluida-ate-2027\/#breadcrumb\"},\"inLanguage\":\"pt-BR\",\"potentialAction\":[{\"@type\":\"ReadAction\",\"target\":[\"https:\/\/noticiaempauta.com\/portal\/pi-ce-e-pe-lula-afirma-que-obra-da-transnordestina-sera-concluida-ate-2027\/\"]}]},{\"@type\":\"ImageObject\",\"inLanguage\":\"pt-BR\",\"@id\":\"https:\/\/noticiaempauta.com\/portal\/pi-ce-e-pe-lula-afirma-que-obra-da-transnordestina-sera-concluida-ate-2027\/#primaryimage\",\"url\":\"https:\/\/noticiaempauta.com\/portal\/wp-content\/uploads\/2024\/04\/IMG_0618.jpeg\",\"contentUrl\":\"https:\/\/noticiaempauta.com\/portal\/wp-content\/uploads\/2024\/04\/IMG_0618.jpeg\",\"width\":680,\"height\":451},{\"@type\":\"BreadcrumbList\",\"@id\":\"https:\/\/noticiaempauta.com\/portal\/pi-ce-e-pe-lula-afirma-que-obra-da-transnordestina-sera-concluida-ate-2027\/#breadcrumb\",\"itemListElement\":[{\"@type\":\"ListItem\",\"position\":1,\"name\":\"P\u00e1gina Inicial\",\"item\":\"https:\/\/noticiaempauta.com\/portal\/\"},{\"@type\":\"ListItem\",\"position\":2,\"name\":\"Destaques\",\"item\":\"https:\/\/noticiaempauta.com\/portal\/destaques-site\/\"},{\"@type\":\"ListItem\",\"position\":3,\"name\":\"PI, CE e PE: Lula afirma que obra da Transnordestina ser\u00e1 conclu\u00edda at\u00e9 2027\"}]},{\"@type\":\"WebSite\",\"@id\":\"https:\/\/noticiaempauta.com\/portal\/#website\",\"url\":\"https:\/\/noticiaempauta.com\/portal\/\",\"name\":\"Portal Not\u00edcia em Pauta\",\"description\":\"Voc\u00ea bem informado\",\"publisher\":{\"@id\":\"https:\/\/noticiaempauta.com\/portal\/#organization\"},\"potentialAction\":[{\"@type\":\"SearchAction\",\"target\":{\"@type\":\"EntryPoint\",\"urlTemplate\":\"https:\/\/noticiaempauta.com\/portal\/?s={search_term_string}\"},\"query-input\":{\"@type\":\"PropertyValueSpecification\",\"valueRequired\":true,\"valueName\":\"search_term_string\"}}],\"inLanguage\":\"pt-BR\"},{\"@type\":\"Organization\",\"@id\":\"https:\/\/noticiaempauta.com\/portal\/#organization\",\"name\":\"Portal Not\u00edcia em Pauta\",\"url\":\"https:\/\/noticiaempauta.com\/portal\/\",\"logo\":{\"@type\":\"ImageObject\",\"inLanguage\":\"pt-BR\",\"@id\":\"https:\/\/noticiaempauta.com\/portal\/#\/schema\/logo\/image\/\",\"url\":\"https:\/\/noticiaempauta.com\/portal\/wp-content\/uploads\/2022\/08\/logomarca_tema.fw_.png\",\"contentUrl\":\"https:\/\/noticiaempauta.com\/portal\/wp-content\/uploads\/2022\/08\/logomarca_tema.fw_.png\",\"width\":400,\"height\":232,\"caption\":\"Portal Not\u00edcia em Pauta\"},\"image\":{\"@id\":\"https:\/\/noticiaempauta.com\/portal\/#\/schema\/logo\/image\/\"},\"sameAs\":[\"https:\/\/www.facebook.com\/Portal-Notcia-Em-Pauta-102292869264820\/\",\"https:\/\/www.instagram.com\/portalnoticiaempauta\/\"]},{\"@type\":\"Person\",\"@id\":\"https:\/\/noticiaempauta.com\/portal\/#\/schema\/person\/a74af43dd1ab3deca45f988c717d57ac\",\"name\":\"Reda\u00e7\u00e3o\",\"image\":{\"@type\":\"ImageObject\",\"inLanguage\":\"pt-BR\",\"@id\":\"https:\/\/noticiaempauta.com\/portal\/#\/schema\/person\/image\/\",\"url\":\"https:\/\/secure.gravatar.com\/avatar\/03179346ecce6cdfc13361603e8f54242a90e5cde8618fa23c5c00aa2b0aadf3?s=96&d=mm&r=g\",\"contentUrl\":\"https:\/\/secure.gravatar.com\/avatar\/03179346ecce6cdfc13361603e8f54242a90e5cde8618fa23c5c00aa2b0aadf3?s=96&d=mm&r=g\",\"caption\":\"Reda\u00e7\u00e3o\"},\"sameAs\":[\"https:\/\/noticiaempauta.com\/portal\/\"],\"url\":\"https:\/\/noticiaempauta.com\/portal\/author\/fernando\/\"}]}<\/script>\n<!-- \/ Yoast SEO Premium plugin. -->","yoast_head_json":{"title":"PI, CE e PE: Lula afirma que obra da Transnordestina ser\u00e1 conclu\u00edda at\u00e9 2027 - Portal Not\u00edcia em Pauta","robots":{"index":"index","follow":"follow","max-snippet":"max-snippet:-1","max-image-preview":"max-image-preview:large","max-video-preview":"max-video-preview:-1"},"canonical":"https:\/\/noticiaempauta.com\/portal\/pi-ce-e-pe-lula-afirma-que-obra-da-transnordestina-sera-concluida-ate-2027\/","og_locale":"pt_BR","og_type":"article","og_title":"PI, CE e PE: Lula afirma que obra da Transnordestina ser\u00e1 conclu\u00edda at\u00e9 2027","og_description":"O presidente da rep\u00fablica Lu\u00eds In\u00e1cio Lula da Silva,\u00a0assegurou que a obra da Transnordestina, que vai ligar o Piau\u00ed, Cear\u00e1 e Pernambuco\u00a0por meio de uma ferrovia ser\u00e1 conclu\u00edda e afirmou que a previs\u00e3o \u00e9 que ocorra at\u00e9 2027. A declara\u00e7\u00e3o ocorreu durante visita \u00e0s obras da Transnordestina na cidade de Iguatu, no Cear\u00e1, na sexta [&hellip;]","og_url":"https:\/\/noticiaempauta.com\/portal\/pi-ce-e-pe-lula-afirma-que-obra-da-transnordestina-sera-concluida-ate-2027\/","og_site_name":"Portal Not\u00edcia em Pauta","article_publisher":"https:\/\/www.facebook.com\/Portal-Notcia-Em-Pauta-102292869264820\/","article_published_time":"2024-04-07T12:01:30+00:00","article_modified_time":"2024-04-07T12:01:31+00:00","og_image":[{"width":680,"height":451,"url":"https:\/\/noticiaempauta.com\/portal\/wp-content\/uploads\/2024\/04\/IMG_0618.jpeg","type":"image\/jpeg"}],"author":"Reda\u00e7\u00e3o","twitter_card":"summary_large_image","twitter_misc":{"Escrito por":"Reda\u00e7\u00e3o","Est. tempo de leitura":"4 minutos"},"schema":{"@context":"https:\/\/schema.org","@graph":[{"@type":"Article","@id":"https:\/\/noticiaempauta.com\/portal\/pi-ce-e-pe-lula-afirma-que-obra-da-transnordestina-sera-concluida-ate-2027\/#article","isPartOf":{"@id":"https:\/\/noticiaempauta.com\/portal\/pi-ce-e-pe-lula-afirma-que-obra-da-transnordestina-sera-concluida-ate-2027\/"},"author":{"name":"Reda\u00e7\u00e3o","@id":"https:\/\/noticiaempauta.com\/portal\/#\/schema\/person\/a74af43dd1ab3deca45f988c717d57ac"},"headline":"PI, CE e PE: Lula afirma que obra da Transnordestina ser\u00e1 conclu\u00edda at\u00e9 2027","datePublished":"2024-04-07T12:01:30+00:00","dateModified":"2024-04-07T12:01:31+00:00","mainEntityOfPage":{"@id":"https:\/\/noticiaempauta.com\/portal\/pi-ce-e-pe-lula-afirma-que-obra-da-transnordestina-sera-concluida-ate-2027\/"},"wordCount":606,"commentCount":0,"publisher":{"@id":"https:\/\/noticiaempauta.com\/portal\/#organization"},"image":{"@id":"https:\/\/noticiaempauta.com\/portal\/pi-ce-e-pe-lula-afirma-que-obra-da-transnordestina-sera-concluida-ate-2027\/#primaryimage"},"thumbnailUrl":"https:\/\/noticiaempauta.com\/portal\/wp-content\/uploads\/2024\/04\/IMG_0618.jpeg","keywords":["destaqueprincipal"],"articleSection":["Destaques","Geral","Todas as Not\u00edcias"],"inLanguage":"pt-BR","potentialAction":[{"@type":"CommentAction","name":"Comment","target":["https:\/\/noticiaempauta.com\/portal\/pi-ce-e-pe-lula-afirma-que-obra-da-transnordestina-sera-concluida-ate-2027\/#respond"]}]},{"@type":"WebPage","@id":"https:\/\/noticiaempauta.com\/portal\/pi-ce-e-pe-lula-afirma-que-obra-da-transnordestina-sera-concluida-ate-2027\/","url":"https:\/\/noticiaempauta.com\/portal\/pi-ce-e-pe-lula-afirma-que-obra-da-transnordestina-sera-concluida-ate-2027\/","name":"PI, CE e PE: Lula afirma que obra da Transnordestina ser\u00e1 conclu\u00edda at\u00e9 2027 - Portal Not\u00edcia em Pauta","isPartOf":{"@id":"https:\/\/noticiaempauta.com\/portal\/#website"},"primaryImageOfPage":{"@id":"https:\/\/noticiaempauta.com\/portal\/pi-ce-e-pe-lula-afirma-que-obra-da-transnordestina-sera-concluida-ate-2027\/#primaryimage"},"image":{"@id":"https:\/\/noticiaempauta.com\/portal\/pi-ce-e-pe-lula-afirma-que-obra-da-transnordestina-sera-concluida-ate-2027\/#primaryimage"},"thumbnailUrl":"https:\/\/noticiaempauta.com\/portal\/wp-content\/uploads\/2024\/04\/IMG_0618.jpeg","datePublished":"2024-04-07T12:01:30+00:00","dateModified":"2024-04-07T12:01:31+00:00","breadcrumb":{"@id":"https:\/\/noticiaempauta.com\/portal\/pi-ce-e-pe-lula-afirma-que-obra-da-transnordestina-sera-concluida-ate-2027\/#breadcrumb"},"inLanguage":"pt-BR","potentialAction":[{"@type":"ReadAction","target":["https:\/\/noticiaempauta.com\/portal\/pi-ce-e-pe-lula-afirma-que-obra-da-transnordestina-sera-concluida-ate-2027\/"]}]},{"@type":"ImageObject","inLanguage":"pt-BR","@id":"https:\/\/noticiaempauta.com\/portal\/pi-ce-e-pe-lula-afirma-que-obra-da-transnordestina-sera-concluida-ate-2027\/#primaryimage","url":"https:\/\/noticiaempauta.com\/portal\/wp-content\/uploads\/2024\/04\/IMG_0618.jpeg","contentUrl":"https:\/\/noticiaempauta.com\/portal\/wp-content\/uploads\/2024\/04\/IMG_0618.jpeg","width":680,"height":451},{"@type":"BreadcrumbList","@id":"https:\/\/noticiaempauta.com\/portal\/pi-ce-e-pe-lula-afirma-que-obra-da-transnordestina-sera-concluida-ate-2027\/#breadcrumb","itemListElement":[{"@type":"ListItem","position":1,"name":"P\u00e1gina Inicial","item":"https:\/\/noticiaempauta.com\/portal\/"},{"@type":"ListItem","position":2,"name":"Destaques","item":"https:\/\/noticiaempauta.com\/portal\/destaques-site\/"},{"@type":"ListItem","position":3,"name":"PI, CE e PE: Lula afirma que obra da Transnordestina ser\u00e1 conclu\u00edda at\u00e9 2027"}]},{"@type":"WebSite","@id":"https:\/\/noticiaempauta.com\/portal\/#website","url":"https:\/\/noticiaempauta.com\/portal\/","name":"Portal Not\u00edcia em Pauta","description":"Voc\u00ea bem informado","publisher":{"@id":"https:\/\/noticiaempauta.com\/portal\/#organization"},"potentialAction":[{"@type":"SearchAction","target":{"@type":"EntryPoint","urlTemplate":"https:\/\/noticiaempauta.com\/portal\/?s={search_term_string}"},"query-input":{"@type":"PropertyValueSpecification","valueRequired":true,"valueName":"search_term_string"}}],"inLanguage":"pt-BR"},{"@type":"Organization","@id":"https:\/\/noticiaempauta.com\/portal\/#organization","name":"Portal Not\u00edcia em Pauta","url":"https:\/\/noticiaempauta.com\/portal\/","logo":{"@type":"ImageObject","inLanguage":"pt-BR","@id":"https:\/\/noticiaempauta.com\/portal\/#\/schema\/logo\/image\/","url":"https:\/\/noticiaempauta.com\/portal\/wp-content\/uploads\/2022\/08\/logomarca_tema.fw_.png","contentUrl":"https:\/\/noticiaempauta.com\/portal\/wp-content\/uploads\/2022\/08\/logomarca_tema.fw_.png","width":400,"height":232,"caption":"Portal Not\u00edcia em Pauta"},"image":{"@id":"https:\/\/noticiaempauta.com\/portal\/#\/schema\/logo\/image\/"},"sameAs":["https:\/\/www.facebook.com\/Portal-Notcia-Em-Pauta-102292869264820\/","https:\/\/www.instagram.com\/portalnoticiaempauta\/"]},{"@type":"Person","@id":"https:\/\/noticiaempauta.com\/portal\/#\/schema\/person\/a74af43dd1ab3deca45f988c717d57ac","name":"Reda\u00e7\u00e3o","image":{"@type":"ImageObject","inLanguage":"pt-BR","@id":"https:\/\/noticiaempauta.com\/portal\/#\/schema\/person\/image\/","url":"https:\/\/secure.gravatar.com\/avatar\/03179346ecce6cdfc13361603e8f54242a90e5cde8618fa23c5c00aa2b0aadf3?s=96&d=mm&r=g","contentUrl":"https:\/\/secure.gravatar.com\/avatar\/03179346ecce6cdfc13361603e8f54242a90e5cde8618fa23c5c00aa2b0aadf3?s=96&d=mm&r=g","caption":"Reda\u00e7\u00e3o"},"sameAs":["https:\/\/noticiaempauta.com\/portal\/"],"url":"https:\/\/noticiaempauta.com\/portal\/author\/fernando\/"}]}},"_links":{"self":[{"href":"https:\/\/noticiaempauta.com\/portal\/wp-json\/wp\/v2\/posts\/256603","targetHints":{"allow":["GET"]}}],"collection":[{"href":"https:\/\/noticiaempauta.com\/portal\/wp-json\/wp\/v2\/posts"}],"about":[{"href":"https:\/\/noticiaempauta.com\/portal\/wp-json\/wp\/v2\/types\/post"}],"author":[{"embeddable":true,"href":"https:\/\/noticiaempauta.com\/portal\/wp-json\/wp\/v2\/users\/2"}],"replies":[{"embeddable":true,"href":"https:\/\/noticiaempauta.com\/portal\/wp-json\/wp\/v2\/comments?post=256603"}],"version-history":[{"count":2,"href":"https:\/\/noticiaempauta.com\/portal\/wp-json\/wp\/v2\/posts\/256603\/revisions"}],"predecessor-version":[{"id":256609,"href":"https:\/\/noticiaempauta.com\/portal\/wp-json\/wp\/v2\/posts\/256603\/revisions\/256609"}],"wp:featuredmedia":[{"embeddable":true,"href":"https:\/\/noticiaempauta.com\/portal\/wp-json\/wp\/v2\/media\/256607"}],"wp:attachment":[{"href":"https:\/\/noticiaempauta.com\/portal\/wp-json\/wp\/v2\/media?parent=256603"}],"wp:term":[{"taxonomy":"category","embeddable":true,"href":"https:\/\/noticiaempauta.com\/portal\/wp-json\/wp\/v2\/categories?post=256603"},{"taxonomy":"post_tag","embeddable":true,"href":"https:\/\/noticiaempauta.com\/portal\/wp-json\/wp\/v2\/tags?post=256603"}],"curies":[{"name":"wp","href":"https:\/\/api.w.org\/{rel}","templated":true}]}}