{"id":256736,"date":"2024-04-11T14:51:35","date_gmt":"2024-04-11T17:51:35","guid":{"rendered":"https:\/\/noticiaempauta.com\/portal\/?p=256736"},"modified":"2024-04-11T14:51:36","modified_gmt":"2024-04-11T17:51:36","slug":"rodovia-que-interliga-cidades-de-santo-inacio-e-floresta-do-pi-ameaca-romper","status":"publish","type":"post","link":"https:\/\/noticiaempauta.com\/portal\/rodovia-que-interliga-cidades-de-santo-inacio-e-floresta-do-pi-ameaca-romper\/","title":{"rendered":"Rodovia que interliga cidades de Santo In\u00e1cio e Floresta do PI amea\u00e7a romper"},"content":{"rendered":"\n<p>A PI-241, que interliga os munic\u00edpios de Santo In\u00e1cio do Piau\u00ed e Floresta do Piau\u00ed, localizados no territ\u00f3rio Vale do Canind\u00e9, ame\u00e7a romper ap\u00f3s as fortes chuvas na regi\u00e3o.<\/p>\n\n\n\n<figure class=\"wp-block-image size-full\"><img fetchpriority=\"high\" decoding=\"async\" width=\"790\" height=\"635\" src=\"https:\/\/noticiaempauta.com\/portal\/wp-content\/uploads\/2024\/04\/IMG_0677.webp\" alt=\"\" class=\"wp-image-256738\" srcset=\"https:\/\/noticiaempauta.com\/portal\/wp-content\/uploads\/2024\/04\/IMG_0677.webp 790w, https:\/\/noticiaempauta.com\/portal\/wp-content\/uploads\/2024\/04\/IMG_0677-300x241.webp 300w, https:\/\/noticiaempauta.com\/portal\/wp-content\/uploads\/2024\/04\/IMG_0677-768x617.webp 768w\" sizes=\"(max-width: 790px) 100vw, 790px\" \/><\/figure>\n\n\n\n<p>Um dos trechos da rodovia estadual cedeu e a eros\u00e3o avan\u00e7a no eixo central da PI. Com a situa\u00e7\u00e3o, ve\u00edculos precisam invadir a contram\u00e3o para desviar da eros\u00e3o e seguir viagem.<\/p>\n\n\n\n<p>A assessoria de comunica\u00e7\u00e3o de Floresta do Piau\u00ed informou que a gest\u00e3o municipal que tem a frente, o prefeito, Amilton Rodrigues, j\u00e1 acionou o Departamento de Estradas de Rodagem do Piau\u00ed (DER-PI) para solucionar o problema.<\/p>\n\n\n\n<p>Diante da eros\u00e3o, transeuntes sinalizaram de forma improvisada (com peda\u00e7o de madeira) o trecho atingido pela eros\u00e3o.<\/p>\n\n\n\n<p><strong>Nota do DER-PI<\/strong><\/p>\n\n\n\n<p>O DER-PI, por meio de nota, informou que uma equipe de Engenharia, Conserva\u00e7\u00e3o e Manuten\u00e7\u00e3o est\u00e1 sendo deslocada para verificar e avaliar a situa\u00e7\u00e3o in loco da PI-241.<\/p>\n\n\n\n<p><em>Sobre a PI-241, no trecho que liga as cidades de Santo In\u00e1cio e Floresta do Piau\u00ed, o Departamento de Estradas de Rodagem informa que j\u00e1 foi acionado e mobiliza equipes de Engenharia, Conserva\u00e7\u00e3o e Manuten\u00e7\u00e3o para verificar inloco os danos causados pelas chuvas na malha rodovi\u00e1ria. O DER ratifica ainda que j\u00e1 atua na sinaliza\u00e7\u00e3o do trecho e que as pr\u00f3ximas etapas de interven\u00e7\u00e3o para restabelecer o tr\u00e1fego v\u00e3o precisar de uma baixa nos n\u00edveis das \u00e1guas. As equipes de Engenharia do DER trabalham para restabelecer o mais breve o tr\u00e1fego na rodovia.<\/em><\/p>\n\n\n\n<p><strong>Fonte:<\/strong>&nbsp;Cidade Verde Picos (por Paula Monize)<\/p>\n\n\n\n<p><\/p>\n","protected":false},"excerpt":{"rendered":"<p>A PI-241, que interliga os munic\u00edpios de Santo In\u00e1cio do Piau\u00ed e Floresta do Piau\u00ed, localizados no territ\u00f3rio Vale do Canind\u00e9, ame\u00e7a romper ap\u00f3s as fortes chuvas na regi\u00e3o. Um dos trechos da rodovia estadual cedeu e a eros\u00e3o avan\u00e7a no eixo central da PI. Com a situa\u00e7\u00e3o, ve\u00edculos precisam invadir a contram\u00e3o para desviar [&hellip;]<\/p>\n","protected":false},"author":2,"featured_media":256738,"comment_status":"open","ping_status":"open","sticky":false,"template":"","format":"standard","meta":{"_mi_skip_tracking":false,"footnotes":""},"categories":[25,1,9,16],"tags":[192],"class_list":["post-256736","post","type-post","status-publish","format-standard","has-post-thumbnail","hentry","category-destaques-site","category-geral","category-municipios","category-todas","tag-destaqueprincipal"],"acf":[],"yoast_head":"<!-- This site is optimized with the Yoast SEO Premium plugin v19.2 (Yoast SEO v26.9) - https:\/\/yoast.com\/product\/yoast-seo-premium-wordpress\/ -->\n<title>Rodovia que interliga cidades de Santo In\u00e1cio e Floresta do PI amea\u00e7a romper - Portal Not\u00edcia em Pauta<\/title>\n<meta name=\"robots\" content=\"index, follow, max-snippet:-1, max-image-preview:large, max-video-preview:-1\" \/>\n<link rel=\"canonical\" href=\"https:\/\/noticiaempauta.com\/portal\/rodovia-que-interliga-cidades-de-santo-inacio-e-floresta-do-pi-ameaca-romper\/\" \/>\n<meta property=\"og:locale\" content=\"pt_BR\" \/>\n<meta property=\"og:type\" content=\"article\" \/>\n<meta property=\"og:title\" content=\"Rodovia que interliga cidades de Santo In\u00e1cio e Floresta do PI amea\u00e7a romper\" \/>\n<meta property=\"og:description\" content=\"A PI-241, que interliga os munic\u00edpios de Santo In\u00e1cio do Piau\u00ed e Floresta do Piau\u00ed, localizados no territ\u00f3rio Vale do Canind\u00e9, ame\u00e7a romper ap\u00f3s as fortes chuvas na regi\u00e3o. Um dos trechos da rodovia estadual cedeu e a eros\u00e3o avan\u00e7a no eixo central da PI. Com a situa\u00e7\u00e3o, ve\u00edculos precisam invadir a contram\u00e3o para desviar [&hellip;]\" \/>\n<meta property=\"og:url\" content=\"https:\/\/noticiaempauta.com\/portal\/rodovia-que-interliga-cidades-de-santo-inacio-e-floresta-do-pi-ameaca-romper\/\" \/>\n<meta property=\"og:site_name\" content=\"Portal Not\u00edcia em Pauta\" \/>\n<meta property=\"article:publisher\" content=\"https:\/\/www.facebook.com\/Portal-Notcia-Em-Pauta-102292869264820\/\" \/>\n<meta property=\"article:published_time\" content=\"2024-04-11T17:51:35+00:00\" \/>\n<meta property=\"article:modified_time\" content=\"2024-04-11T17:51:36+00:00\" \/>\n<meta property=\"og:image\" content=\"https:\/\/noticiaempauta.com\/portal\/wp-content\/uploads\/2024\/04\/IMG_0677.webp\" \/>\n\t<meta property=\"og:image:width\" content=\"790\" \/>\n\t<meta property=\"og:image:height\" content=\"635\" \/>\n\t<meta property=\"og:image:type\" content=\"image\/webp\" \/>\n<meta name=\"author\" content=\"Reda\u00e7\u00e3o\" \/>\n<meta name=\"twitter:card\" content=\"summary_large_image\" \/>\n<meta name=\"twitter:label1\" content=\"Escrito por\" \/>\n\t<meta name=\"twitter:data1\" content=\"Reda\u00e7\u00e3o\" \/>\n\t<meta name=\"twitter:label2\" content=\"Est. tempo de leitura\" \/>\n\t<meta name=\"twitter:data2\" content=\"2 minutos\" \/>\n<script type=\"application\/ld+json\" class=\"yoast-schema-graph\">{\"@context\":\"https:\/\/schema.org\",\"@graph\":[{\"@type\":\"Article\",\"@id\":\"https:\/\/noticiaempauta.com\/portal\/rodovia-que-interliga-cidades-de-santo-inacio-e-floresta-do-pi-ameaca-romper\/#article\",\"isPartOf\":{\"@id\":\"https:\/\/noticiaempauta.com\/portal\/rodovia-que-interliga-cidades-de-santo-inacio-e-floresta-do-pi-ameaca-romper\/\"},\"author\":{\"name\":\"Reda\u00e7\u00e3o\",\"@id\":\"https:\/\/noticiaempauta.com\/portal\/#\/schema\/person\/a74af43dd1ab3deca45f988c717d57ac\"},\"headline\":\"Rodovia que interliga cidades de Santo In\u00e1cio e Floresta do PI amea\u00e7a romper\",\"datePublished\":\"2024-04-11T17:51:35+00:00\",\"dateModified\":\"2024-04-11T17:51:36+00:00\",\"mainEntityOfPage\":{\"@id\":\"https:\/\/noticiaempauta.com\/portal\/rodovia-que-interliga-cidades-de-santo-inacio-e-floresta-do-pi-ameaca-romper\/\"},\"wordCount\":291,\"commentCount\":0,\"publisher\":{\"@id\":\"https:\/\/noticiaempauta.com\/portal\/#organization\"},\"image\":{\"@id\":\"https:\/\/noticiaempauta.com\/portal\/rodovia-que-interliga-cidades-de-santo-inacio-e-floresta-do-pi-ameaca-romper\/#primaryimage\"},\"thumbnailUrl\":\"https:\/\/noticiaempauta.com\/portal\/wp-content\/uploads\/2024\/04\/IMG_0677.webp\",\"keywords\":[\"destaqueprincipal\"],\"articleSection\":[\"Destaques\",\"Geral\",\"Munic\u00edpios\",\"Todas as Not\u00edcias\"],\"inLanguage\":\"pt-BR\",\"potentialAction\":[{\"@type\":\"CommentAction\",\"name\":\"Comment\",\"target\":[\"https:\/\/noticiaempauta.com\/portal\/rodovia-que-interliga-cidades-de-santo-inacio-e-floresta-do-pi-ameaca-romper\/#respond\"]}]},{\"@type\":\"WebPage\",\"@id\":\"https:\/\/noticiaempauta.com\/portal\/rodovia-que-interliga-cidades-de-santo-inacio-e-floresta-do-pi-ameaca-romper\/\",\"url\":\"https:\/\/noticiaempauta.com\/portal\/rodovia-que-interliga-cidades-de-santo-inacio-e-floresta-do-pi-ameaca-romper\/\",\"name\":\"Rodovia que interliga cidades de Santo In\u00e1cio e Floresta do PI amea\u00e7a romper - Portal Not\u00edcia em Pauta\",\"isPartOf\":{\"@id\":\"https:\/\/noticiaempauta.com\/portal\/#website\"},\"primaryImageOfPage\":{\"@id\":\"https:\/\/noticiaempauta.com\/portal\/rodovia-que-interliga-cidades-de-santo-inacio-e-floresta-do-pi-ameaca-romper\/#primaryimage\"},\"image\":{\"@id\":\"https:\/\/noticiaempauta.com\/portal\/rodovia-que-interliga-cidades-de-santo-inacio-e-floresta-do-pi-ameaca-romper\/#primaryimage\"},\"thumbnailUrl\":\"https:\/\/noticiaempauta.com\/portal\/wp-content\/uploads\/2024\/04\/IMG_0677.webp\",\"datePublished\":\"2024-04-11T17:51:35+00:00\",\"dateModified\":\"2024-04-11T17:51:36+00:00\",\"breadcrumb\":{\"@id\":\"https:\/\/noticiaempauta.com\/portal\/rodovia-que-interliga-cidades-de-santo-inacio-e-floresta-do-pi-ameaca-romper\/#breadcrumb\"},\"inLanguage\":\"pt-BR\",\"potentialAction\":[{\"@type\":\"ReadAction\",\"target\":[\"https:\/\/noticiaempauta.com\/portal\/rodovia-que-interliga-cidades-de-santo-inacio-e-floresta-do-pi-ameaca-romper\/\"]}]},{\"@type\":\"ImageObject\",\"inLanguage\":\"pt-BR\",\"@id\":\"https:\/\/noticiaempauta.com\/portal\/rodovia-que-interliga-cidades-de-santo-inacio-e-floresta-do-pi-ameaca-romper\/#primaryimage\",\"url\":\"https:\/\/noticiaempauta.com\/portal\/wp-content\/uploads\/2024\/04\/IMG_0677.webp\",\"contentUrl\":\"https:\/\/noticiaempauta.com\/portal\/wp-content\/uploads\/2024\/04\/IMG_0677.webp\",\"width\":790,\"height\":635},{\"@type\":\"BreadcrumbList\",\"@id\":\"https:\/\/noticiaempauta.com\/portal\/rodovia-que-interliga-cidades-de-santo-inacio-e-floresta-do-pi-ameaca-romper\/#breadcrumb\",\"itemListElement\":[{\"@type\":\"ListItem\",\"position\":1,\"name\":\"P\u00e1gina Inicial\",\"item\":\"https:\/\/noticiaempauta.com\/portal\/\"},{\"@type\":\"ListItem\",\"position\":2,\"name\":\"Destaques\",\"item\":\"https:\/\/noticiaempauta.com\/portal\/destaques-site\/\"},{\"@type\":\"ListItem\",\"position\":3,\"name\":\"Rodovia que interliga cidades de Santo In\u00e1cio e Floresta do PI amea\u00e7a romper\"}]},{\"@type\":\"WebSite\",\"@id\":\"https:\/\/noticiaempauta.com\/portal\/#website\",\"url\":\"https:\/\/noticiaempauta.com\/portal\/\",\"name\":\"Portal Not\u00edcia em Pauta\",\"description\":\"Voc\u00ea bem informado\",\"publisher\":{\"@id\":\"https:\/\/noticiaempauta.com\/portal\/#organization\"},\"potentialAction\":[{\"@type\":\"SearchAction\",\"target\":{\"@type\":\"EntryPoint\",\"urlTemplate\":\"https:\/\/noticiaempauta.com\/portal\/?s={search_term_string}\"},\"query-input\":{\"@type\":\"PropertyValueSpecification\",\"valueRequired\":true,\"valueName\":\"search_term_string\"}}],\"inLanguage\":\"pt-BR\"},{\"@type\":\"Organization\",\"@id\":\"https:\/\/noticiaempauta.com\/portal\/#organization\",\"name\":\"Portal Not\u00edcia em Pauta\",\"url\":\"https:\/\/noticiaempauta.com\/portal\/\",\"logo\":{\"@type\":\"ImageObject\",\"inLanguage\":\"pt-BR\",\"@id\":\"https:\/\/noticiaempauta.com\/portal\/#\/schema\/logo\/image\/\",\"url\":\"https:\/\/noticiaempauta.com\/portal\/wp-content\/uploads\/2022\/08\/logomarca_tema.fw_.png\",\"contentUrl\":\"https:\/\/noticiaempauta.com\/portal\/wp-content\/uploads\/2022\/08\/logomarca_tema.fw_.png\",\"width\":400,\"height\":232,\"caption\":\"Portal Not\u00edcia em Pauta\"},\"image\":{\"@id\":\"https:\/\/noticiaempauta.com\/portal\/#\/schema\/logo\/image\/\"},\"sameAs\":[\"https:\/\/www.facebook.com\/Portal-Notcia-Em-Pauta-102292869264820\/\",\"https:\/\/www.instagram.com\/portalnoticiaempauta\/\"]},{\"@type\":\"Person\",\"@id\":\"https:\/\/noticiaempauta.com\/portal\/#\/schema\/person\/a74af43dd1ab3deca45f988c717d57ac\",\"name\":\"Reda\u00e7\u00e3o\",\"image\":{\"@type\":\"ImageObject\",\"inLanguage\":\"pt-BR\",\"@id\":\"https:\/\/noticiaempauta.com\/portal\/#\/schema\/person\/image\/\",\"url\":\"https:\/\/secure.gravatar.com\/avatar\/03179346ecce6cdfc13361603e8f54242a90e5cde8618fa23c5c00aa2b0aadf3?s=96&d=mm&r=g\",\"contentUrl\":\"https:\/\/secure.gravatar.com\/avatar\/03179346ecce6cdfc13361603e8f54242a90e5cde8618fa23c5c00aa2b0aadf3?s=96&d=mm&r=g\",\"caption\":\"Reda\u00e7\u00e3o\"},\"sameAs\":[\"https:\/\/noticiaempauta.com\/portal\/\"],\"url\":\"https:\/\/noticiaempauta.com\/portal\/author\/fernando\/\"}]}<\/script>\n<!-- \/ Yoast SEO Premium plugin. -->","yoast_head_json":{"title":"Rodovia que interliga cidades de Santo In\u00e1cio e Floresta do PI amea\u00e7a romper - Portal Not\u00edcia em Pauta","robots":{"index":"index","follow":"follow","max-snippet":"max-snippet:-1","max-image-preview":"max-image-preview:large","max-video-preview":"max-video-preview:-1"},"canonical":"https:\/\/noticiaempauta.com\/portal\/rodovia-que-interliga-cidades-de-santo-inacio-e-floresta-do-pi-ameaca-romper\/","og_locale":"pt_BR","og_type":"article","og_title":"Rodovia que interliga cidades de Santo In\u00e1cio e Floresta do PI amea\u00e7a romper","og_description":"A PI-241, que interliga os munic\u00edpios de Santo In\u00e1cio do Piau\u00ed e Floresta do Piau\u00ed, localizados no territ\u00f3rio Vale do Canind\u00e9, ame\u00e7a romper ap\u00f3s as fortes chuvas na regi\u00e3o. Um dos trechos da rodovia estadual cedeu e a eros\u00e3o avan\u00e7a no eixo central da PI. Com a situa\u00e7\u00e3o, ve\u00edculos precisam invadir a contram\u00e3o para desviar [&hellip;]","og_url":"https:\/\/noticiaempauta.com\/portal\/rodovia-que-interliga-cidades-de-santo-inacio-e-floresta-do-pi-ameaca-romper\/","og_site_name":"Portal Not\u00edcia em Pauta","article_publisher":"https:\/\/www.facebook.com\/Portal-Notcia-Em-Pauta-102292869264820\/","article_published_time":"2024-04-11T17:51:35+00:00","article_modified_time":"2024-04-11T17:51:36+00:00","og_image":[{"width":790,"height":635,"url":"https:\/\/noticiaempauta.com\/portal\/wp-content\/uploads\/2024\/04\/IMG_0677.webp","type":"image\/webp"}],"author":"Reda\u00e7\u00e3o","twitter_card":"summary_large_image","twitter_misc":{"Escrito por":"Reda\u00e7\u00e3o","Est. tempo de leitura":"2 minutos"},"schema":{"@context":"https:\/\/schema.org","@graph":[{"@type":"Article","@id":"https:\/\/noticiaempauta.com\/portal\/rodovia-que-interliga-cidades-de-santo-inacio-e-floresta-do-pi-ameaca-romper\/#article","isPartOf":{"@id":"https:\/\/noticiaempauta.com\/portal\/rodovia-que-interliga-cidades-de-santo-inacio-e-floresta-do-pi-ameaca-romper\/"},"author":{"name":"Reda\u00e7\u00e3o","@id":"https:\/\/noticiaempauta.com\/portal\/#\/schema\/person\/a74af43dd1ab3deca45f988c717d57ac"},"headline":"Rodovia que interliga cidades de Santo In\u00e1cio e Floresta do PI amea\u00e7a romper","datePublished":"2024-04-11T17:51:35+00:00","dateModified":"2024-04-11T17:51:36+00:00","mainEntityOfPage":{"@id":"https:\/\/noticiaempauta.com\/portal\/rodovia-que-interliga-cidades-de-santo-inacio-e-floresta-do-pi-ameaca-romper\/"},"wordCount":291,"commentCount":0,"publisher":{"@id":"https:\/\/noticiaempauta.com\/portal\/#organization"},"image":{"@id":"https:\/\/noticiaempauta.com\/portal\/rodovia-que-interliga-cidades-de-santo-inacio-e-floresta-do-pi-ameaca-romper\/#primaryimage"},"thumbnailUrl":"https:\/\/noticiaempauta.com\/portal\/wp-content\/uploads\/2024\/04\/IMG_0677.webp","keywords":["destaqueprincipal"],"articleSection":["Destaques","Geral","Munic\u00edpios","Todas as Not\u00edcias"],"inLanguage":"pt-BR","potentialAction":[{"@type":"CommentAction","name":"Comment","target":["https:\/\/noticiaempauta.com\/portal\/rodovia-que-interliga-cidades-de-santo-inacio-e-floresta-do-pi-ameaca-romper\/#respond"]}]},{"@type":"WebPage","@id":"https:\/\/noticiaempauta.com\/portal\/rodovia-que-interliga-cidades-de-santo-inacio-e-floresta-do-pi-ameaca-romper\/","url":"https:\/\/noticiaempauta.com\/portal\/rodovia-que-interliga-cidades-de-santo-inacio-e-floresta-do-pi-ameaca-romper\/","name":"Rodovia que interliga cidades de Santo In\u00e1cio e Floresta do PI amea\u00e7a romper - Portal Not\u00edcia em Pauta","isPartOf":{"@id":"https:\/\/noticiaempauta.com\/portal\/#website"},"primaryImageOfPage":{"@id":"https:\/\/noticiaempauta.com\/portal\/rodovia-que-interliga-cidades-de-santo-inacio-e-floresta-do-pi-ameaca-romper\/#primaryimage"},"image":{"@id":"https:\/\/noticiaempauta.com\/portal\/rodovia-que-interliga-cidades-de-santo-inacio-e-floresta-do-pi-ameaca-romper\/#primaryimage"},"thumbnailUrl":"https:\/\/noticiaempauta.com\/portal\/wp-content\/uploads\/2024\/04\/IMG_0677.webp","datePublished":"2024-04-11T17:51:35+00:00","dateModified":"2024-04-11T17:51:36+00:00","breadcrumb":{"@id":"https:\/\/noticiaempauta.com\/portal\/rodovia-que-interliga-cidades-de-santo-inacio-e-floresta-do-pi-ameaca-romper\/#breadcrumb"},"inLanguage":"pt-BR","potentialAction":[{"@type":"ReadAction","target":["https:\/\/noticiaempauta.com\/portal\/rodovia-que-interliga-cidades-de-santo-inacio-e-floresta-do-pi-ameaca-romper\/"]}]},{"@type":"ImageObject","inLanguage":"pt-BR","@id":"https:\/\/noticiaempauta.com\/portal\/rodovia-que-interliga-cidades-de-santo-inacio-e-floresta-do-pi-ameaca-romper\/#primaryimage","url":"https:\/\/noticiaempauta.com\/portal\/wp-content\/uploads\/2024\/04\/IMG_0677.webp","contentUrl":"https:\/\/noticiaempauta.com\/portal\/wp-content\/uploads\/2024\/04\/IMG_0677.webp","width":790,"height":635},{"@type":"BreadcrumbList","@id":"https:\/\/noticiaempauta.com\/portal\/rodovia-que-interliga-cidades-de-santo-inacio-e-floresta-do-pi-ameaca-romper\/#breadcrumb","itemListElement":[{"@type":"ListItem","position":1,"name":"P\u00e1gina Inicial","item":"https:\/\/noticiaempauta.com\/portal\/"},{"@type":"ListItem","position":2,"name":"Destaques","item":"https:\/\/noticiaempauta.com\/portal\/destaques-site\/"},{"@type":"ListItem","position":3,"name":"Rodovia que interliga cidades de Santo In\u00e1cio e Floresta do PI amea\u00e7a romper"}]},{"@type":"WebSite","@id":"https:\/\/noticiaempauta.com\/portal\/#website","url":"https:\/\/noticiaempauta.com\/portal\/","name":"Portal Not\u00edcia em Pauta","description":"Voc\u00ea bem informado","publisher":{"@id":"https:\/\/noticiaempauta.com\/portal\/#organization"},"potentialAction":[{"@type":"SearchAction","target":{"@type":"EntryPoint","urlTemplate":"https:\/\/noticiaempauta.com\/portal\/?s={search_term_string}"},"query-input":{"@type":"PropertyValueSpecification","valueRequired":true,"valueName":"search_term_string"}}],"inLanguage":"pt-BR"},{"@type":"Organization","@id":"https:\/\/noticiaempauta.com\/portal\/#organization","name":"Portal Not\u00edcia em Pauta","url":"https:\/\/noticiaempauta.com\/portal\/","logo":{"@type":"ImageObject","inLanguage":"pt-BR","@id":"https:\/\/noticiaempauta.com\/portal\/#\/schema\/logo\/image\/","url":"https:\/\/noticiaempauta.com\/portal\/wp-content\/uploads\/2022\/08\/logomarca_tema.fw_.png","contentUrl":"https:\/\/noticiaempauta.com\/portal\/wp-content\/uploads\/2022\/08\/logomarca_tema.fw_.png","width":400,"height":232,"caption":"Portal Not\u00edcia em Pauta"},"image":{"@id":"https:\/\/noticiaempauta.com\/portal\/#\/schema\/logo\/image\/"},"sameAs":["https:\/\/www.facebook.com\/Portal-Notcia-Em-Pauta-102292869264820\/","https:\/\/www.instagram.com\/portalnoticiaempauta\/"]},{"@type":"Person","@id":"https:\/\/noticiaempauta.com\/portal\/#\/schema\/person\/a74af43dd1ab3deca45f988c717d57ac","name":"Reda\u00e7\u00e3o","image":{"@type":"ImageObject","inLanguage":"pt-BR","@id":"https:\/\/noticiaempauta.com\/portal\/#\/schema\/person\/image\/","url":"https:\/\/secure.gravatar.com\/avatar\/03179346ecce6cdfc13361603e8f54242a90e5cde8618fa23c5c00aa2b0aadf3?s=96&d=mm&r=g","contentUrl":"https:\/\/secure.gravatar.com\/avatar\/03179346ecce6cdfc13361603e8f54242a90e5cde8618fa23c5c00aa2b0aadf3?s=96&d=mm&r=g","caption":"Reda\u00e7\u00e3o"},"sameAs":["https:\/\/noticiaempauta.com\/portal\/"],"url":"https:\/\/noticiaempauta.com\/portal\/author\/fernando\/"}]}},"_links":{"self":[{"href":"https:\/\/noticiaempauta.com\/portal\/wp-json\/wp\/v2\/posts\/256736","targetHints":{"allow":["GET"]}}],"collection":[{"href":"https:\/\/noticiaempauta.com\/portal\/wp-json\/wp\/v2\/posts"}],"about":[{"href":"https:\/\/noticiaempauta.com\/portal\/wp-json\/wp\/v2\/types\/post"}],"author":[{"embeddable":true,"href":"https:\/\/noticiaempauta.com\/portal\/wp-json\/wp\/v2\/users\/2"}],"replies":[{"embeddable":true,"href":"https:\/\/noticiaempauta.com\/portal\/wp-json\/wp\/v2\/comments?post=256736"}],"version-history":[{"count":2,"href":"https:\/\/noticiaempauta.com\/portal\/wp-json\/wp\/v2\/posts\/256736\/revisions"}],"predecessor-version":[{"id":256740,"href":"https:\/\/noticiaempauta.com\/portal\/wp-json\/wp\/v2\/posts\/256736\/revisions\/256740"}],"wp:featuredmedia":[{"embeddable":true,"href":"https:\/\/noticiaempauta.com\/portal\/wp-json\/wp\/v2\/media\/256738"}],"wp:attachment":[{"href":"https:\/\/noticiaempauta.com\/portal\/wp-json\/wp\/v2\/media?parent=256736"}],"wp:term":[{"taxonomy":"category","embeddable":true,"href":"https:\/\/noticiaempauta.com\/portal\/wp-json\/wp\/v2\/categories?post=256736"},{"taxonomy":"post_tag","embeddable":true,"href":"https:\/\/noticiaempauta.com\/portal\/wp-json\/wp\/v2\/tags?post=256736"}],"curies":[{"name":"wp","href":"https:\/\/api.w.org\/{rel}","templated":true}]}}