{"id":256741,"date":"2024-04-11T17:52:59","date_gmt":"2024-04-11T20:52:59","guid":{"rendered":"https:\/\/noticiaempauta.com\/portal\/?p=256741"},"modified":"2024-04-11T17:53:00","modified_gmt":"2024-04-11T20:53:00","slug":"em-nova-pesquisa-pablo-santos-mantem-lideranca-com-52-na-corrida-para-prefeitura-de-picos","status":"publish","type":"post","link":"https:\/\/noticiaempauta.com\/portal\/em-nova-pesquisa-pablo-santos-mantem-lideranca-com-52-na-corrida-para-prefeitura-de-picos\/","title":{"rendered":"Em nova pesquisa Pablo Santos mant\u00e9m lideran\u00e7a com 52% na corrida para prefeitura de Picos"},"content":{"rendered":"\n<p>Segundo dados obtidos atrav\u00e9s de uma pesquisa realizada pelo Instituto Estimativa, entre os dias 28 de mar\u00e7o e 02 de abril, dois nomes despontam como principais concorrentes na disputa pela Prefeitura de Picos.<\/p>\n\n\n\n<figure class=\"wp-block-image size-full\"><img fetchpriority=\"high\" decoding=\"async\" width=\"1024\" height=\"768\" src=\"https:\/\/noticiaempauta.com\/portal\/wp-content\/uploads\/2023\/09\/picosbalao.jpeg\" alt=\"\" class=\"wp-image-249354\" srcset=\"https:\/\/noticiaempauta.com\/portal\/wp-content\/uploads\/2023\/09\/picosbalao.jpeg 1024w, https:\/\/noticiaempauta.com\/portal\/wp-content\/uploads\/2023\/09\/picosbalao-300x225.jpeg 300w, https:\/\/noticiaempauta.com\/portal\/wp-content\/uploads\/2023\/09\/picosbalao-768x576.jpeg 768w\" sizes=\"(max-width: 1024px) 100vw, 1024px\" \/><\/figure>\n\n\n\n<p>A pesquisa na <strong>forma espont\u00e2nea<\/strong> revelou que se as elei\u00e7\u00f5es fossem hoje, o pr\u00e9-candidato, Pablo Santos (PT) ganharia com\u00a029%\u00a0dos votos, enquanto o atual prefeito, que tentar\u00e1 a reelei\u00e7\u00e3o, Gil Paraibano (PP) ficaria em segundo lugar com\u00a025%, apresentando uma diferen\u00e7a de apenas 4% entre os dois nomes.<\/p>\n\n\n\n<figure class=\"wp-block-image size-full\"><img decoding=\"async\" width=\"624\" height=\"682\" src=\"https:\/\/noticiaempauta.com\/portal\/wp-content\/uploads\/2024\/04\/IMG_0683.jpeg\" alt=\"\" class=\"wp-image-256743\" srcset=\"https:\/\/noticiaempauta.com\/portal\/wp-content\/uploads\/2024\/04\/IMG_0683.jpeg 624w, https:\/\/noticiaempauta.com\/portal\/wp-content\/uploads\/2024\/04\/IMG_0683-274x300.jpeg 274w\" sizes=\"(max-width: 624px) 100vw, 624px\" \/><\/figure>\n\n\n\n<p>A pesquisa tamb\u00e9m revelou que 33,50% dos eleitores disseram n\u00e3o saber ou n\u00e3o querer opinar, 8,75% disseram que n\u00e3o votariam em nenhum e 2,75% disseram voltar nulo\/ branco.<\/p>\n\n\n\n<p>J\u00e1 no<strong> levantamento estimulado<\/strong>, quando s\u00e3o apresentadas op\u00e7\u00f5es aos entrevistados, o cen\u00e1rio muda, mas apresenta uma diferen\u00e7a de apenas\u00a016%\u00a0entre os dois pr\u00e9-candidatos.<\/p>\n\n\n\n<figure class=\"wp-block-image size-full\"><img decoding=\"async\" width=\"595\" height=\"643\" src=\"https:\/\/noticiaempauta.com\/portal\/wp-content\/uploads\/2024\/04\/IMG_0682.jpeg\" alt=\"\" class=\"wp-image-256744\" srcset=\"https:\/\/noticiaempauta.com\/portal\/wp-content\/uploads\/2024\/04\/IMG_0682.jpeg 595w, https:\/\/noticiaempauta.com\/portal\/wp-content\/uploads\/2024\/04\/IMG_0682-278x300.jpeg 278w\" sizes=\"(max-width: 595px) 100vw, 595px\" \/><\/figure>\n\n\n\n<p> Gil Paraibano tem\u00a036%, enquanto Pablo Santos lidera com\u00a052%\u00a0das inten\u00e7\u00f5es de votos. N\u00e3o Sabe \/ N\u00e3o Opina 7,00%, enquanto Nenhum \/ Ningu\u00e9m 4%. Votaria Nulo \/ Branco soma apenas 1%.\u00a0<br><\/p>\n\n\n\n<figure class=\"wp-block-image size-full\"><img loading=\"lazy\" decoding=\"async\" width=\"666\" height=\"661\" src=\"https:\/\/noticiaempauta.com\/portal\/wp-content\/uploads\/2024\/04\/IMG_0684.jpeg\" alt=\"\" class=\"wp-image-256745\" srcset=\"https:\/\/noticiaempauta.com\/portal\/wp-content\/uploads\/2024\/04\/IMG_0684.jpeg 666w, https:\/\/noticiaempauta.com\/portal\/wp-content\/uploads\/2024\/04\/IMG_0684-300x298.jpeg 300w, https:\/\/noticiaempauta.com\/portal\/wp-content\/uploads\/2024\/04\/IMG_0684-150x150.jpeg 150w\" sizes=\"(max-width: 666px) 100vw, 666px\" \/><\/figure>\n\n\n\n<p>Quanto a rejei\u00e7\u00e3o dos pr\u00e9-candidatos, Gil Paraibano soma 28%, enquanto Cacique 18%, Pablo Santos 15%.\u00a0J\u00e1 19% disseram n\u00e3o votar em Ningu\u00e9m, 16% afirmaram que N\u00e3o Sabe \/ N\u00e3o Opina e 4% votaria Nulo \/ Branco.<\/p>\n\n\n\n<p>Durante a pesquisa foram ouvidos 400\u00a0eleitores a partir de 16 anos nas zonas urbana e rural do munic\u00edpio de Picos e conta com\u00a0margem de erro\u00a0de 4,9% (para mais ou menos), com n\u00edvel de confian\u00e7a de 95% e\u00a0\u00a0n\u00edvel de signific\u00e2ncia de 5%.<\/p>\n\n\n\n<p>Com informa\u00e7\u00f5es do Folha Atual <\/p>\n\n\n\n<p><\/p>\n\n\n\n<p><\/p>\n","protected":false},"excerpt":{"rendered":"<p>No cen\u00e1rio espont\u00e2neo aponta Pablo Santos com 29% e Gil Paraibano com 25%.<\/p>\n","protected":false},"author":2,"featured_media":254244,"comment_status":"open","ping_status":"open","sticky":false,"template":"","format":"standard","meta":{"_mi_skip_tracking":false,"footnotes":""},"categories":[25,1,3,16],"tags":[192],"class_list":["post-256741","post","type-post","status-publish","format-standard","has-post-thumbnail","hentry","category-destaques-site","category-geral","category-politica","category-todas","tag-destaqueprincipal"],"acf":[],"yoast_head":"<!-- This site is optimized with the Yoast SEO Premium plugin v19.2 (Yoast SEO v26.9) - https:\/\/yoast.com\/product\/yoast-seo-premium-wordpress\/ -->\n<title>Em nova pesquisa Pablo Santos mant\u00e9m lideran\u00e7a com 52% na corrida para prefeitura de Picos - Portal Not\u00edcia em Pauta<\/title>\n<meta name=\"robots\" content=\"index, follow, max-snippet:-1, max-image-preview:large, max-video-preview:-1\" \/>\n<link rel=\"canonical\" href=\"https:\/\/noticiaempauta.com\/portal\/em-nova-pesquisa-pablo-santos-mantem-lideranca-com-52-na-corrida-para-prefeitura-de-picos\/\" \/>\n<meta property=\"og:locale\" content=\"pt_BR\" \/>\n<meta property=\"og:type\" content=\"article\" \/>\n<meta property=\"og:title\" content=\"Em nova pesquisa Pablo Santos mant\u00e9m lideran\u00e7a com 52% na corrida para prefeitura de Picos\" \/>\n<meta property=\"og:description\" content=\"No cen\u00e1rio espont\u00e2neo aponta Pablo Santos com 29% e Gil Paraibano com 25%.\" \/>\n<meta property=\"og:url\" content=\"https:\/\/noticiaempauta.com\/portal\/em-nova-pesquisa-pablo-santos-mantem-lideranca-com-52-na-corrida-para-prefeitura-de-picos\/\" \/>\n<meta property=\"og:site_name\" content=\"Portal Not\u00edcia em Pauta\" \/>\n<meta property=\"article:publisher\" content=\"https:\/\/www.facebook.com\/Portal-Notcia-Em-Pauta-102292869264820\/\" \/>\n<meta property=\"article:published_time\" content=\"2024-04-11T20:52:59+00:00\" \/>\n<meta property=\"article:modified_time\" content=\"2024-04-11T20:53:00+00:00\" \/>\n<meta property=\"og:image\" content=\"https:\/\/noticiaempauta.com\/portal\/wp-content\/uploads\/2024\/02\/pablo-santos.jpeg\" \/>\n\t<meta property=\"og:image:width\" content=\"1200\" \/>\n\t<meta property=\"og:image:height\" content=\"799\" \/>\n\t<meta property=\"og:image:type\" content=\"image\/jpeg\" \/>\n<meta name=\"author\" content=\"Reda\u00e7\u00e3o\" \/>\n<meta name=\"twitter:card\" content=\"summary_large_image\" \/>\n<meta name=\"twitter:label1\" content=\"Escrito por\" \/>\n\t<meta name=\"twitter:data1\" content=\"Reda\u00e7\u00e3o\" \/>\n\t<meta name=\"twitter:label2\" content=\"Est. tempo de leitura\" \/>\n\t<meta name=\"twitter:data2\" content=\"3 minutos\" \/>\n<script type=\"application\/ld+json\" class=\"yoast-schema-graph\">{\"@context\":\"https:\/\/schema.org\",\"@graph\":[{\"@type\":\"Article\",\"@id\":\"https:\/\/noticiaempauta.com\/portal\/em-nova-pesquisa-pablo-santos-mantem-lideranca-com-52-na-corrida-para-prefeitura-de-picos\/#article\",\"isPartOf\":{\"@id\":\"https:\/\/noticiaempauta.com\/portal\/em-nova-pesquisa-pablo-santos-mantem-lideranca-com-52-na-corrida-para-prefeitura-de-picos\/\"},\"author\":{\"name\":\"Reda\u00e7\u00e3o\",\"@id\":\"https:\/\/noticiaempauta.com\/portal\/#\/schema\/person\/a74af43dd1ab3deca45f988c717d57ac\"},\"headline\":\"Em nova pesquisa Pablo Santos mant\u00e9m lideran\u00e7a com 52% na corrida para prefeitura de Picos\",\"datePublished\":\"2024-04-11T20:52:59+00:00\",\"dateModified\":\"2024-04-11T20:53:00+00:00\",\"mainEntityOfPage\":{\"@id\":\"https:\/\/noticiaempauta.com\/portal\/em-nova-pesquisa-pablo-santos-mantem-lideranca-com-52-na-corrida-para-prefeitura-de-picos\/\"},\"wordCount\":270,\"commentCount\":0,\"publisher\":{\"@id\":\"https:\/\/noticiaempauta.com\/portal\/#organization\"},\"image\":{\"@id\":\"https:\/\/noticiaempauta.com\/portal\/em-nova-pesquisa-pablo-santos-mantem-lideranca-com-52-na-corrida-para-prefeitura-de-picos\/#primaryimage\"},\"thumbnailUrl\":\"https:\/\/noticiaempauta.com\/portal\/wp-content\/uploads\/2024\/02\/pablo-santos.jpeg\",\"keywords\":[\"destaqueprincipal\"],\"articleSection\":[\"Destaques\",\"Geral\",\"Pol\u00edtica\",\"Todas as Not\u00edcias\"],\"inLanguage\":\"pt-BR\",\"potentialAction\":[{\"@type\":\"CommentAction\",\"name\":\"Comment\",\"target\":[\"https:\/\/noticiaempauta.com\/portal\/em-nova-pesquisa-pablo-santos-mantem-lideranca-com-52-na-corrida-para-prefeitura-de-picos\/#respond\"]}]},{\"@type\":\"WebPage\",\"@id\":\"https:\/\/noticiaempauta.com\/portal\/em-nova-pesquisa-pablo-santos-mantem-lideranca-com-52-na-corrida-para-prefeitura-de-picos\/\",\"url\":\"https:\/\/noticiaempauta.com\/portal\/em-nova-pesquisa-pablo-santos-mantem-lideranca-com-52-na-corrida-para-prefeitura-de-picos\/\",\"name\":\"Em nova pesquisa Pablo Santos mant\u00e9m lideran\u00e7a com 52% na corrida para prefeitura de Picos - Portal Not\u00edcia em Pauta\",\"isPartOf\":{\"@id\":\"https:\/\/noticiaempauta.com\/portal\/#website\"},\"primaryImageOfPage\":{\"@id\":\"https:\/\/noticiaempauta.com\/portal\/em-nova-pesquisa-pablo-santos-mantem-lideranca-com-52-na-corrida-para-prefeitura-de-picos\/#primaryimage\"},\"image\":{\"@id\":\"https:\/\/noticiaempauta.com\/portal\/em-nova-pesquisa-pablo-santos-mantem-lideranca-com-52-na-corrida-para-prefeitura-de-picos\/#primaryimage\"},\"thumbnailUrl\":\"https:\/\/noticiaempauta.com\/portal\/wp-content\/uploads\/2024\/02\/pablo-santos.jpeg\",\"datePublished\":\"2024-04-11T20:52:59+00:00\",\"dateModified\":\"2024-04-11T20:53:00+00:00\",\"breadcrumb\":{\"@id\":\"https:\/\/noticiaempauta.com\/portal\/em-nova-pesquisa-pablo-santos-mantem-lideranca-com-52-na-corrida-para-prefeitura-de-picos\/#breadcrumb\"},\"inLanguage\":\"pt-BR\",\"potentialAction\":[{\"@type\":\"ReadAction\",\"target\":[\"https:\/\/noticiaempauta.com\/portal\/em-nova-pesquisa-pablo-santos-mantem-lideranca-com-52-na-corrida-para-prefeitura-de-picos\/\"]}]},{\"@type\":\"ImageObject\",\"inLanguage\":\"pt-BR\",\"@id\":\"https:\/\/noticiaempauta.com\/portal\/em-nova-pesquisa-pablo-santos-mantem-lideranca-com-52-na-corrida-para-prefeitura-de-picos\/#primaryimage\",\"url\":\"https:\/\/noticiaempauta.com\/portal\/wp-content\/uploads\/2024\/02\/pablo-santos.jpeg\",\"contentUrl\":\"https:\/\/noticiaempauta.com\/portal\/wp-content\/uploads\/2024\/02\/pablo-santos.jpeg\",\"width\":1200,\"height\":799,\"caption\":\"(Foto: Reprodu\u00e7\u00e3o)\"},{\"@type\":\"BreadcrumbList\",\"@id\":\"https:\/\/noticiaempauta.com\/portal\/em-nova-pesquisa-pablo-santos-mantem-lideranca-com-52-na-corrida-para-prefeitura-de-picos\/#breadcrumb\",\"itemListElement\":[{\"@type\":\"ListItem\",\"position\":1,\"name\":\"P\u00e1gina Inicial\",\"item\":\"https:\/\/noticiaempauta.com\/portal\/\"},{\"@type\":\"ListItem\",\"position\":2,\"name\":\"Destaques\",\"item\":\"https:\/\/noticiaempauta.com\/portal\/destaques-site\/\"},{\"@type\":\"ListItem\",\"position\":3,\"name\":\"Em nova pesquisa Pablo Santos mant\u00e9m lideran\u00e7a com 52% na corrida para prefeitura de Picos\"}]},{\"@type\":\"WebSite\",\"@id\":\"https:\/\/noticiaempauta.com\/portal\/#website\",\"url\":\"https:\/\/noticiaempauta.com\/portal\/\",\"name\":\"Portal Not\u00edcia em Pauta\",\"description\":\"Voc\u00ea bem informado\",\"publisher\":{\"@id\":\"https:\/\/noticiaempauta.com\/portal\/#organization\"},\"potentialAction\":[{\"@type\":\"SearchAction\",\"target\":{\"@type\":\"EntryPoint\",\"urlTemplate\":\"https:\/\/noticiaempauta.com\/portal\/?s={search_term_string}\"},\"query-input\":{\"@type\":\"PropertyValueSpecification\",\"valueRequired\":true,\"valueName\":\"search_term_string\"}}],\"inLanguage\":\"pt-BR\"},{\"@type\":\"Organization\",\"@id\":\"https:\/\/noticiaempauta.com\/portal\/#organization\",\"name\":\"Portal Not\u00edcia em Pauta\",\"url\":\"https:\/\/noticiaempauta.com\/portal\/\",\"logo\":{\"@type\":\"ImageObject\",\"inLanguage\":\"pt-BR\",\"@id\":\"https:\/\/noticiaempauta.com\/portal\/#\/schema\/logo\/image\/\",\"url\":\"https:\/\/noticiaempauta.com\/portal\/wp-content\/uploads\/2022\/08\/logomarca_tema.fw_.png\",\"contentUrl\":\"https:\/\/noticiaempauta.com\/portal\/wp-content\/uploads\/2022\/08\/logomarca_tema.fw_.png\",\"width\":400,\"height\":232,\"caption\":\"Portal Not\u00edcia em Pauta\"},\"image\":{\"@id\":\"https:\/\/noticiaempauta.com\/portal\/#\/schema\/logo\/image\/\"},\"sameAs\":[\"https:\/\/www.facebook.com\/Portal-Notcia-Em-Pauta-102292869264820\/\",\"https:\/\/www.instagram.com\/portalnoticiaempauta\/\"]},{\"@type\":\"Person\",\"@id\":\"https:\/\/noticiaempauta.com\/portal\/#\/schema\/person\/a74af43dd1ab3deca45f988c717d57ac\",\"name\":\"Reda\u00e7\u00e3o\",\"image\":{\"@type\":\"ImageObject\",\"inLanguage\":\"pt-BR\",\"@id\":\"https:\/\/noticiaempauta.com\/portal\/#\/schema\/person\/image\/\",\"url\":\"https:\/\/secure.gravatar.com\/avatar\/03179346ecce6cdfc13361603e8f54242a90e5cde8618fa23c5c00aa2b0aadf3?s=96&d=mm&r=g\",\"contentUrl\":\"https:\/\/secure.gravatar.com\/avatar\/03179346ecce6cdfc13361603e8f54242a90e5cde8618fa23c5c00aa2b0aadf3?s=96&d=mm&r=g\",\"caption\":\"Reda\u00e7\u00e3o\"},\"sameAs\":[\"https:\/\/noticiaempauta.com\/portal\/\"],\"url\":\"https:\/\/noticiaempauta.com\/portal\/author\/fernando\/\"}]}<\/script>\n<!-- \/ Yoast SEO Premium plugin. -->","yoast_head_json":{"title":"Em nova pesquisa Pablo Santos mant\u00e9m lideran\u00e7a com 52% na corrida para prefeitura de Picos - Portal Not\u00edcia em Pauta","robots":{"index":"index","follow":"follow","max-snippet":"max-snippet:-1","max-image-preview":"max-image-preview:large","max-video-preview":"max-video-preview:-1"},"canonical":"https:\/\/noticiaempauta.com\/portal\/em-nova-pesquisa-pablo-santos-mantem-lideranca-com-52-na-corrida-para-prefeitura-de-picos\/","og_locale":"pt_BR","og_type":"article","og_title":"Em nova pesquisa Pablo Santos mant\u00e9m lideran\u00e7a com 52% na corrida para prefeitura de Picos","og_description":"No cen\u00e1rio espont\u00e2neo aponta Pablo Santos com 29% e Gil Paraibano com 25%.","og_url":"https:\/\/noticiaempauta.com\/portal\/em-nova-pesquisa-pablo-santos-mantem-lideranca-com-52-na-corrida-para-prefeitura-de-picos\/","og_site_name":"Portal Not\u00edcia em Pauta","article_publisher":"https:\/\/www.facebook.com\/Portal-Notcia-Em-Pauta-102292869264820\/","article_published_time":"2024-04-11T20:52:59+00:00","article_modified_time":"2024-04-11T20:53:00+00:00","og_image":[{"width":1200,"height":799,"url":"https:\/\/noticiaempauta.com\/portal\/wp-content\/uploads\/2024\/02\/pablo-santos.jpeg","type":"image\/jpeg"}],"author":"Reda\u00e7\u00e3o","twitter_card":"summary_large_image","twitter_misc":{"Escrito por":"Reda\u00e7\u00e3o","Est. tempo de leitura":"3 minutos"},"schema":{"@context":"https:\/\/schema.org","@graph":[{"@type":"Article","@id":"https:\/\/noticiaempauta.com\/portal\/em-nova-pesquisa-pablo-santos-mantem-lideranca-com-52-na-corrida-para-prefeitura-de-picos\/#article","isPartOf":{"@id":"https:\/\/noticiaempauta.com\/portal\/em-nova-pesquisa-pablo-santos-mantem-lideranca-com-52-na-corrida-para-prefeitura-de-picos\/"},"author":{"name":"Reda\u00e7\u00e3o","@id":"https:\/\/noticiaempauta.com\/portal\/#\/schema\/person\/a74af43dd1ab3deca45f988c717d57ac"},"headline":"Em nova pesquisa Pablo Santos mant\u00e9m lideran\u00e7a com 52% na corrida para prefeitura de Picos","datePublished":"2024-04-11T20:52:59+00:00","dateModified":"2024-04-11T20:53:00+00:00","mainEntityOfPage":{"@id":"https:\/\/noticiaempauta.com\/portal\/em-nova-pesquisa-pablo-santos-mantem-lideranca-com-52-na-corrida-para-prefeitura-de-picos\/"},"wordCount":270,"commentCount":0,"publisher":{"@id":"https:\/\/noticiaempauta.com\/portal\/#organization"},"image":{"@id":"https:\/\/noticiaempauta.com\/portal\/em-nova-pesquisa-pablo-santos-mantem-lideranca-com-52-na-corrida-para-prefeitura-de-picos\/#primaryimage"},"thumbnailUrl":"https:\/\/noticiaempauta.com\/portal\/wp-content\/uploads\/2024\/02\/pablo-santos.jpeg","keywords":["destaqueprincipal"],"articleSection":["Destaques","Geral","Pol\u00edtica","Todas as Not\u00edcias"],"inLanguage":"pt-BR","potentialAction":[{"@type":"CommentAction","name":"Comment","target":["https:\/\/noticiaempauta.com\/portal\/em-nova-pesquisa-pablo-santos-mantem-lideranca-com-52-na-corrida-para-prefeitura-de-picos\/#respond"]}]},{"@type":"WebPage","@id":"https:\/\/noticiaempauta.com\/portal\/em-nova-pesquisa-pablo-santos-mantem-lideranca-com-52-na-corrida-para-prefeitura-de-picos\/","url":"https:\/\/noticiaempauta.com\/portal\/em-nova-pesquisa-pablo-santos-mantem-lideranca-com-52-na-corrida-para-prefeitura-de-picos\/","name":"Em nova pesquisa Pablo Santos mant\u00e9m lideran\u00e7a com 52% na corrida para prefeitura de Picos - Portal Not\u00edcia em Pauta","isPartOf":{"@id":"https:\/\/noticiaempauta.com\/portal\/#website"},"primaryImageOfPage":{"@id":"https:\/\/noticiaempauta.com\/portal\/em-nova-pesquisa-pablo-santos-mantem-lideranca-com-52-na-corrida-para-prefeitura-de-picos\/#primaryimage"},"image":{"@id":"https:\/\/noticiaempauta.com\/portal\/em-nova-pesquisa-pablo-santos-mantem-lideranca-com-52-na-corrida-para-prefeitura-de-picos\/#primaryimage"},"thumbnailUrl":"https:\/\/noticiaempauta.com\/portal\/wp-content\/uploads\/2024\/02\/pablo-santos.jpeg","datePublished":"2024-04-11T20:52:59+00:00","dateModified":"2024-04-11T20:53:00+00:00","breadcrumb":{"@id":"https:\/\/noticiaempauta.com\/portal\/em-nova-pesquisa-pablo-santos-mantem-lideranca-com-52-na-corrida-para-prefeitura-de-picos\/#breadcrumb"},"inLanguage":"pt-BR","potentialAction":[{"@type":"ReadAction","target":["https:\/\/noticiaempauta.com\/portal\/em-nova-pesquisa-pablo-santos-mantem-lideranca-com-52-na-corrida-para-prefeitura-de-picos\/"]}]},{"@type":"ImageObject","inLanguage":"pt-BR","@id":"https:\/\/noticiaempauta.com\/portal\/em-nova-pesquisa-pablo-santos-mantem-lideranca-com-52-na-corrida-para-prefeitura-de-picos\/#primaryimage","url":"https:\/\/noticiaempauta.com\/portal\/wp-content\/uploads\/2024\/02\/pablo-santos.jpeg","contentUrl":"https:\/\/noticiaempauta.com\/portal\/wp-content\/uploads\/2024\/02\/pablo-santos.jpeg","width":1200,"height":799,"caption":"(Foto: Reprodu\u00e7\u00e3o)"},{"@type":"BreadcrumbList","@id":"https:\/\/noticiaempauta.com\/portal\/em-nova-pesquisa-pablo-santos-mantem-lideranca-com-52-na-corrida-para-prefeitura-de-picos\/#breadcrumb","itemListElement":[{"@type":"ListItem","position":1,"name":"P\u00e1gina Inicial","item":"https:\/\/noticiaempauta.com\/portal\/"},{"@type":"ListItem","position":2,"name":"Destaques","item":"https:\/\/noticiaempauta.com\/portal\/destaques-site\/"},{"@type":"ListItem","position":3,"name":"Em nova pesquisa Pablo Santos mant\u00e9m lideran\u00e7a com 52% na corrida para prefeitura de Picos"}]},{"@type":"WebSite","@id":"https:\/\/noticiaempauta.com\/portal\/#website","url":"https:\/\/noticiaempauta.com\/portal\/","name":"Portal Not\u00edcia em Pauta","description":"Voc\u00ea bem informado","publisher":{"@id":"https:\/\/noticiaempauta.com\/portal\/#organization"},"potentialAction":[{"@type":"SearchAction","target":{"@type":"EntryPoint","urlTemplate":"https:\/\/noticiaempauta.com\/portal\/?s={search_term_string}"},"query-input":{"@type":"PropertyValueSpecification","valueRequired":true,"valueName":"search_term_string"}}],"inLanguage":"pt-BR"},{"@type":"Organization","@id":"https:\/\/noticiaempauta.com\/portal\/#organization","name":"Portal Not\u00edcia em Pauta","url":"https:\/\/noticiaempauta.com\/portal\/","logo":{"@type":"ImageObject","inLanguage":"pt-BR","@id":"https:\/\/noticiaempauta.com\/portal\/#\/schema\/logo\/image\/","url":"https:\/\/noticiaempauta.com\/portal\/wp-content\/uploads\/2022\/08\/logomarca_tema.fw_.png","contentUrl":"https:\/\/noticiaempauta.com\/portal\/wp-content\/uploads\/2022\/08\/logomarca_tema.fw_.png","width":400,"height":232,"caption":"Portal Not\u00edcia em Pauta"},"image":{"@id":"https:\/\/noticiaempauta.com\/portal\/#\/schema\/logo\/image\/"},"sameAs":["https:\/\/www.facebook.com\/Portal-Notcia-Em-Pauta-102292869264820\/","https:\/\/www.instagram.com\/portalnoticiaempauta\/"]},{"@type":"Person","@id":"https:\/\/noticiaempauta.com\/portal\/#\/schema\/person\/a74af43dd1ab3deca45f988c717d57ac","name":"Reda\u00e7\u00e3o","image":{"@type":"ImageObject","inLanguage":"pt-BR","@id":"https:\/\/noticiaempauta.com\/portal\/#\/schema\/person\/image\/","url":"https:\/\/secure.gravatar.com\/avatar\/03179346ecce6cdfc13361603e8f54242a90e5cde8618fa23c5c00aa2b0aadf3?s=96&d=mm&r=g","contentUrl":"https:\/\/secure.gravatar.com\/avatar\/03179346ecce6cdfc13361603e8f54242a90e5cde8618fa23c5c00aa2b0aadf3?s=96&d=mm&r=g","caption":"Reda\u00e7\u00e3o"},"sameAs":["https:\/\/noticiaempauta.com\/portal\/"],"url":"https:\/\/noticiaempauta.com\/portal\/author\/fernando\/"}]}},"_links":{"self":[{"href":"https:\/\/noticiaempauta.com\/portal\/wp-json\/wp\/v2\/posts\/256741","targetHints":{"allow":["GET"]}}],"collection":[{"href":"https:\/\/noticiaempauta.com\/portal\/wp-json\/wp\/v2\/posts"}],"about":[{"href":"https:\/\/noticiaempauta.com\/portal\/wp-json\/wp\/v2\/types\/post"}],"author":[{"embeddable":true,"href":"https:\/\/noticiaempauta.com\/portal\/wp-json\/wp\/v2\/users\/2"}],"replies":[{"embeddable":true,"href":"https:\/\/noticiaempauta.com\/portal\/wp-json\/wp\/v2\/comments?post=256741"}],"version-history":[{"count":2,"href":"https:\/\/noticiaempauta.com\/portal\/wp-json\/wp\/v2\/posts\/256741\/revisions"}],"predecessor-version":[{"id":256747,"href":"https:\/\/noticiaempauta.com\/portal\/wp-json\/wp\/v2\/posts\/256741\/revisions\/256747"}],"wp:featuredmedia":[{"embeddable":true,"href":"https:\/\/noticiaempauta.com\/portal\/wp-json\/wp\/v2\/media\/254244"}],"wp:attachment":[{"href":"https:\/\/noticiaempauta.com\/portal\/wp-json\/wp\/v2\/media?parent=256741"}],"wp:term":[{"taxonomy":"category","embeddable":true,"href":"https:\/\/noticiaempauta.com\/portal\/wp-json\/wp\/v2\/categories?post=256741"},{"taxonomy":"post_tag","embeddable":true,"href":"https:\/\/noticiaempauta.com\/portal\/wp-json\/wp\/v2\/tags?post=256741"}],"curies":[{"name":"wp","href":"https:\/\/api.w.org\/{rel}","templated":true}]}}