{"id":256748,"date":"2024-04-11T19:48:47","date_gmt":"2024-04-11T22:48:47","guid":{"rendered":"https:\/\/noticiaempauta.com\/portal\/?p=256748"},"modified":"2024-04-11T19:49:23","modified_gmt":"2024-04-11T22:49:23","slug":"santana-do-piaui-camara-municipal-em-parceria-com-a-62a-zona-eleitoral-de-picos-realiza-atendimentos-a-populacao","status":"publish","type":"post","link":"https:\/\/noticiaempauta.com\/portal\/santana-do-piaui-camara-municipal-em-parceria-com-a-62a-zona-eleitoral-de-picos-realiza-atendimentos-a-populacao\/","title":{"rendered":"Santana do Piau\u00ed | C\u00e2mara Municipal em parceria com a 62\u00aa Zona Eleitoral de Picos realiza atendimentos a popula\u00e7\u00e3o"},"content":{"rendered":"\n<p>A c\u00e2mara municipal de Santana foz Piau\u00ed em parceria com a Prefeitura Municipal e a Justi\u00e7a Eleitoral da 62\u00aa Zona da Comarca de Picos, realizaram na manh\u00e3 desta quinta-feira (11), no Plen\u00e1rio do Poder Legislativo uma manh\u00e3 de atendimento a popula\u00e7\u00e3o, onde o objetivo fazer alistamento, transfer\u00eancia de sess\u00e3o e regulariza\u00e7\u00e3o do t\u00edtulo de eleitor.<\/p>\n\n\n\n<figure class=\"wp-block-image size-large\"><img fetchpriority=\"high\" decoding=\"async\" width=\"1024\" height=\"576\" src=\"https:\/\/noticiaempauta.com\/portal\/wp-content\/uploads\/2024\/04\/IMG_0689-1024x576.jpeg\" alt=\"\" class=\"wp-image-256750\" srcset=\"https:\/\/noticiaempauta.com\/portal\/wp-content\/uploads\/2024\/04\/IMG_0689-1024x576.jpeg 1024w, https:\/\/noticiaempauta.com\/portal\/wp-content\/uploads\/2024\/04\/IMG_0689-300x169.jpeg 300w, https:\/\/noticiaempauta.com\/portal\/wp-content\/uploads\/2024\/04\/IMG_0689-768x432.jpeg 768w, https:\/\/noticiaempauta.com\/portal\/wp-content\/uploads\/2024\/04\/IMG_0689-1536x864.jpeg 1536w, https:\/\/noticiaempauta.com\/portal\/wp-content\/uploads\/2024\/04\/IMG_0689.jpeg 1600w\" sizes=\"(max-width: 1024px) 100vw, 1024px\" \/><\/figure>\n\n\n\n<p>Segundo informou a presidente da C\u00e2mara, vereadora Clarete Rab\u00ealo, essa a\u00e7\u00e3o da 62\u00aa Zona, ela \u00e9 muito importante, pois oportuniza os eleitores do munic\u00edpio que est\u00e3o com sua situa\u00e7\u00e3o irregular, regularizar sem precisar ir at\u00e9 o cart\u00f3rio eleitoral na cidade de Picos, disse.<\/p>\n\n\n\n<figure class=\"wp-block-image size-full\"><img decoding=\"async\" width=\"546\" height=\"600\" src=\"https:\/\/noticiaempauta.com\/portal\/wp-content\/uploads\/2024\/04\/IMG_0693.jpeg\" alt=\"\" class=\"wp-image-256751\" srcset=\"https:\/\/noticiaempauta.com\/portal\/wp-content\/uploads\/2024\/04\/IMG_0693.jpeg 546w, https:\/\/noticiaempauta.com\/portal\/wp-content\/uploads\/2024\/04\/IMG_0693-273x300.jpeg 273w\" sizes=\"(max-width: 546px) 100vw, 546px\" \/><\/figure>\n\n\n\n<p>\u201cComo sempre tem acontecido, a C\u00e2mara Municipal de Santana do Piau\u00ed tem cumprido o seu papel social pensando exatamente no cidad\u00e3o santanense, e hoje, mais uma vez, abrimos as partas para mais essa parceria com a justi\u00e7a eleitoral e o Poder Executivo, e queremos lembrar que essa que a Casa do Povo \u00e9 um espa\u00e7o que preparado para receber tudo que vier de bom para nossa popula\u00e7\u00e3o\u201d, falou ela.<\/p>\n\n\n\n<figure class=\"wp-block-image size-large\"><img decoding=\"async\" width=\"1024\" height=\"576\" src=\"https:\/\/noticiaempauta.com\/portal\/wp-content\/uploads\/2024\/04\/IMG_0691-1024x576.jpeg\" alt=\"\" class=\"wp-image-256752\" srcset=\"https:\/\/noticiaempauta.com\/portal\/wp-content\/uploads\/2024\/04\/IMG_0691-1024x576.jpeg 1024w, https:\/\/noticiaempauta.com\/portal\/wp-content\/uploads\/2024\/04\/IMG_0691-300x169.jpeg 300w, https:\/\/noticiaempauta.com\/portal\/wp-content\/uploads\/2024\/04\/IMG_0691-768x432.jpeg 768w, https:\/\/noticiaempauta.com\/portal\/wp-content\/uploads\/2024\/04\/IMG_0691-1536x864.jpeg 1536w, https:\/\/noticiaempauta.com\/portal\/wp-content\/uploads\/2024\/04\/IMG_0691.jpeg 1600w\" sizes=\"(max-width: 1024px) 100vw, 1024px\" \/><\/figure>\n\n\n\n<p>Durante toda manh\u00e3, foram feitas transfer\u00eancias, regulariza\u00e7\u00e3o de t\u00edtulos, mudan\u00e7as de sess\u00f5es eleitorais e alistamentos. Desse total atendido foi 31 pessoas se alistaram para tirar o t\u00edtulo; 24 fizeram a revis\u00e3o de seus t\u00edtulos e 08 transfer\u00eancias, num total de 63 pessoas atendidas.<\/p>\n\n\n\n<figure class=\"wp-block-image size-large\"><img loading=\"lazy\" decoding=\"async\" width=\"1024\" height=\"576\" src=\"https:\/\/noticiaempauta.com\/portal\/wp-content\/uploads\/2024\/04\/IMG_0689-1-1024x576.jpeg\" alt=\"\" class=\"wp-image-256753\" srcset=\"https:\/\/noticiaempauta.com\/portal\/wp-content\/uploads\/2024\/04\/IMG_0689-1-1024x576.jpeg 1024w, https:\/\/noticiaempauta.com\/portal\/wp-content\/uploads\/2024\/04\/IMG_0689-1-300x169.jpeg 300w, https:\/\/noticiaempauta.com\/portal\/wp-content\/uploads\/2024\/04\/IMG_0689-1-768x432.jpeg 768w, https:\/\/noticiaempauta.com\/portal\/wp-content\/uploads\/2024\/04\/IMG_0689-1-1536x864.jpeg 1536w, https:\/\/noticiaempauta.com\/portal\/wp-content\/uploads\/2024\/04\/IMG_0689-1.jpeg 1600w\" sizes=\"(max-width: 1024px) 100vw, 1024px\" \/><\/figure>\n\n\n\n<p>A presidente considerou bastante positiva a a\u00e7\u00e3o do Cart\u00f3rio Eleitoral da 62\u00aa zona, e aproveitou para agradecer toda equipe envolvida, principalmente os assessores do Poder Legislativo Santanense, frisou.<\/p>\n\n\n\n<figure class=\"wp-block-image size-large\"><img loading=\"lazy\" decoding=\"async\" width=\"1024\" height=\"576\" src=\"https:\/\/noticiaempauta.com\/portal\/wp-content\/uploads\/2024\/04\/IMG_0690-1024x576.jpeg\" alt=\"\" class=\"wp-image-256754\" srcset=\"https:\/\/noticiaempauta.com\/portal\/wp-content\/uploads\/2024\/04\/IMG_0690-1024x576.jpeg 1024w, https:\/\/noticiaempauta.com\/portal\/wp-content\/uploads\/2024\/04\/IMG_0690-300x169.jpeg 300w, https:\/\/noticiaempauta.com\/portal\/wp-content\/uploads\/2024\/04\/IMG_0690-768x432.jpeg 768w, https:\/\/noticiaempauta.com\/portal\/wp-content\/uploads\/2024\/04\/IMG_0690-1536x864.jpeg 1536w, https:\/\/noticiaempauta.com\/portal\/wp-content\/uploads\/2024\/04\/IMG_0690.jpeg 1600w\" sizes=\"(max-width: 1024px) 100vw, 1024px\" \/><\/figure>\n\n\n\n<p>Fonte: AgoraED<\/p>\n\n\n\n<p><\/p>\n","protected":false},"excerpt":{"rendered":"<p>A c\u00e2mara municipal de Santana foz Piau\u00ed em parceria com a Prefeitura Municipal e a Justi\u00e7a Eleitoral da 62\u00aa Zona da Comarca de Picos, realizaram na manh\u00e3 desta quinta-feira (11), no Plen\u00e1rio do Poder Legislativo uma manh\u00e3 de atendimento a popula\u00e7\u00e3o, onde o objetivo fazer alistamento, transfer\u00eancia de sess\u00e3o e regulariza\u00e7\u00e3o do t\u00edtulo de eleitor. [&hellip;]<\/p>\n","protected":false},"author":2,"featured_media":256753,"comment_status":"open","ping_status":"open","sticky":false,"template":"","format":"standard","meta":{"_mi_skip_tracking":false,"footnotes":""},"categories":[25,1,9,16],"tags":[192],"class_list":["post-256748","post","type-post","status-publish","format-standard","has-post-thumbnail","hentry","category-destaques-site","category-geral","category-municipios","category-todas","tag-destaqueprincipal"],"acf":[],"yoast_head":"<!-- This site is optimized with the Yoast SEO Premium plugin v19.2 (Yoast SEO v26.9) - https:\/\/yoast.com\/product\/yoast-seo-premium-wordpress\/ -->\n<title>Santana do Piau\u00ed | C\u00e2mara Municipal em parceria com a 62\u00aa Zona Eleitoral de Picos realiza atendimentos a popula\u00e7\u00e3o - Portal Not\u00edcia em Pauta<\/title>\n<meta name=\"robots\" content=\"index, follow, max-snippet:-1, max-image-preview:large, max-video-preview:-1\" \/>\n<link rel=\"canonical\" href=\"https:\/\/noticiaempauta.com\/portal\/santana-do-piaui-camara-municipal-em-parceria-com-a-62a-zona-eleitoral-de-picos-realiza-atendimentos-a-populacao\/\" \/>\n<meta property=\"og:locale\" content=\"pt_BR\" \/>\n<meta property=\"og:type\" content=\"article\" \/>\n<meta property=\"og:title\" content=\"Santana do Piau\u00ed | C\u00e2mara Municipal em parceria com a 62\u00aa Zona Eleitoral de Picos realiza atendimentos a popula\u00e7\u00e3o\" \/>\n<meta property=\"og:description\" content=\"A c\u00e2mara municipal de Santana foz Piau\u00ed em parceria com a Prefeitura Municipal e a Justi\u00e7a Eleitoral da 62\u00aa Zona da Comarca de Picos, realizaram na manh\u00e3 desta quinta-feira (11), no Plen\u00e1rio do Poder Legislativo uma manh\u00e3 de atendimento a popula\u00e7\u00e3o, onde o objetivo fazer alistamento, transfer\u00eancia de sess\u00e3o e regulariza\u00e7\u00e3o do t\u00edtulo de eleitor. [&hellip;]\" \/>\n<meta property=\"og:url\" content=\"https:\/\/noticiaempauta.com\/portal\/santana-do-piaui-camara-municipal-em-parceria-com-a-62a-zona-eleitoral-de-picos-realiza-atendimentos-a-populacao\/\" \/>\n<meta property=\"og:site_name\" content=\"Portal Not\u00edcia em Pauta\" \/>\n<meta property=\"article:publisher\" content=\"https:\/\/www.facebook.com\/Portal-Notcia-Em-Pauta-102292869264820\/\" \/>\n<meta property=\"article:published_time\" content=\"2024-04-11T22:48:47+00:00\" \/>\n<meta property=\"article:modified_time\" content=\"2024-04-11T22:49:23+00:00\" \/>\n<meta property=\"og:image\" content=\"https:\/\/noticiaempauta.com\/portal\/wp-content\/uploads\/2024\/04\/IMG_0689-1.jpeg\" \/>\n\t<meta property=\"og:image:width\" content=\"1600\" \/>\n\t<meta property=\"og:image:height\" content=\"900\" \/>\n\t<meta property=\"og:image:type\" content=\"image\/jpeg\" \/>\n<meta name=\"author\" content=\"Reda\u00e7\u00e3o\" \/>\n<meta name=\"twitter:card\" content=\"summary_large_image\" \/>\n<meta name=\"twitter:label1\" content=\"Escrito por\" \/>\n\t<meta name=\"twitter:data1\" content=\"Reda\u00e7\u00e3o\" \/>\n\t<meta name=\"twitter:label2\" content=\"Est. tempo de leitura\" \/>\n\t<meta name=\"twitter:data2\" content=\"3 minutos\" \/>\n<script type=\"application\/ld+json\" class=\"yoast-schema-graph\">{\"@context\":\"https:\/\/schema.org\",\"@graph\":[{\"@type\":\"Article\",\"@id\":\"https:\/\/noticiaempauta.com\/portal\/santana-do-piaui-camara-municipal-em-parceria-com-a-62a-zona-eleitoral-de-picos-realiza-atendimentos-a-populacao\/#article\",\"isPartOf\":{\"@id\":\"https:\/\/noticiaempauta.com\/portal\/santana-do-piaui-camara-municipal-em-parceria-com-a-62a-zona-eleitoral-de-picos-realiza-atendimentos-a-populacao\/\"},\"author\":{\"name\":\"Reda\u00e7\u00e3o\",\"@id\":\"https:\/\/noticiaempauta.com\/portal\/#\/schema\/person\/a74af43dd1ab3deca45f988c717d57ac\"},\"headline\":\"Santana do Piau\u00ed | C\u00e2mara Municipal em parceria com a 62\u00aa Zona Eleitoral de Picos realiza atendimentos a popula\u00e7\u00e3o\",\"datePublished\":\"2024-04-11T22:48:47+00:00\",\"dateModified\":\"2024-04-11T22:49:23+00:00\",\"mainEntityOfPage\":{\"@id\":\"https:\/\/noticiaempauta.com\/portal\/santana-do-piaui-camara-municipal-em-parceria-com-a-62a-zona-eleitoral-de-picos-realiza-atendimentos-a-populacao\/\"},\"wordCount\":280,\"commentCount\":0,\"publisher\":{\"@id\":\"https:\/\/noticiaempauta.com\/portal\/#organization\"},\"image\":{\"@id\":\"https:\/\/noticiaempauta.com\/portal\/santana-do-piaui-camara-municipal-em-parceria-com-a-62a-zona-eleitoral-de-picos-realiza-atendimentos-a-populacao\/#primaryimage\"},\"thumbnailUrl\":\"https:\/\/noticiaempauta.com\/portal\/wp-content\/uploads\/2024\/04\/IMG_0689-1.jpeg\",\"keywords\":[\"destaqueprincipal\"],\"articleSection\":[\"Destaques\",\"Geral\",\"Munic\u00edpios\",\"Todas as Not\u00edcias\"],\"inLanguage\":\"pt-BR\",\"potentialAction\":[{\"@type\":\"CommentAction\",\"name\":\"Comment\",\"target\":[\"https:\/\/noticiaempauta.com\/portal\/santana-do-piaui-camara-municipal-em-parceria-com-a-62a-zona-eleitoral-de-picos-realiza-atendimentos-a-populacao\/#respond\"]}]},{\"@type\":\"WebPage\",\"@id\":\"https:\/\/noticiaempauta.com\/portal\/santana-do-piaui-camara-municipal-em-parceria-com-a-62a-zona-eleitoral-de-picos-realiza-atendimentos-a-populacao\/\",\"url\":\"https:\/\/noticiaempauta.com\/portal\/santana-do-piaui-camara-municipal-em-parceria-com-a-62a-zona-eleitoral-de-picos-realiza-atendimentos-a-populacao\/\",\"name\":\"Santana do Piau\u00ed | C\u00e2mara Municipal em parceria com a 62\u00aa Zona Eleitoral de Picos realiza atendimentos a popula\u00e7\u00e3o - Portal Not\u00edcia em Pauta\",\"isPartOf\":{\"@id\":\"https:\/\/noticiaempauta.com\/portal\/#website\"},\"primaryImageOfPage\":{\"@id\":\"https:\/\/noticiaempauta.com\/portal\/santana-do-piaui-camara-municipal-em-parceria-com-a-62a-zona-eleitoral-de-picos-realiza-atendimentos-a-populacao\/#primaryimage\"},\"image\":{\"@id\":\"https:\/\/noticiaempauta.com\/portal\/santana-do-piaui-camara-municipal-em-parceria-com-a-62a-zona-eleitoral-de-picos-realiza-atendimentos-a-populacao\/#primaryimage\"},\"thumbnailUrl\":\"https:\/\/noticiaempauta.com\/portal\/wp-content\/uploads\/2024\/04\/IMG_0689-1.jpeg\",\"datePublished\":\"2024-04-11T22:48:47+00:00\",\"dateModified\":\"2024-04-11T22:49:23+00:00\",\"breadcrumb\":{\"@id\":\"https:\/\/noticiaempauta.com\/portal\/santana-do-piaui-camara-municipal-em-parceria-com-a-62a-zona-eleitoral-de-picos-realiza-atendimentos-a-populacao\/#breadcrumb\"},\"inLanguage\":\"pt-BR\",\"potentialAction\":[{\"@type\":\"ReadAction\",\"target\":[\"https:\/\/noticiaempauta.com\/portal\/santana-do-piaui-camara-municipal-em-parceria-com-a-62a-zona-eleitoral-de-picos-realiza-atendimentos-a-populacao\/\"]}]},{\"@type\":\"ImageObject\",\"inLanguage\":\"pt-BR\",\"@id\":\"https:\/\/noticiaempauta.com\/portal\/santana-do-piaui-camara-municipal-em-parceria-com-a-62a-zona-eleitoral-de-picos-realiza-atendimentos-a-populacao\/#primaryimage\",\"url\":\"https:\/\/noticiaempauta.com\/portal\/wp-content\/uploads\/2024\/04\/IMG_0689-1.jpeg\",\"contentUrl\":\"https:\/\/noticiaempauta.com\/portal\/wp-content\/uploads\/2024\/04\/IMG_0689-1.jpeg\",\"width\":1600,\"height\":900},{\"@type\":\"BreadcrumbList\",\"@id\":\"https:\/\/noticiaempauta.com\/portal\/santana-do-piaui-camara-municipal-em-parceria-com-a-62a-zona-eleitoral-de-picos-realiza-atendimentos-a-populacao\/#breadcrumb\",\"itemListElement\":[{\"@type\":\"ListItem\",\"position\":1,\"name\":\"P\u00e1gina Inicial\",\"item\":\"https:\/\/noticiaempauta.com\/portal\/\"},{\"@type\":\"ListItem\",\"position\":2,\"name\":\"Destaques\",\"item\":\"https:\/\/noticiaempauta.com\/portal\/destaques-site\/\"},{\"@type\":\"ListItem\",\"position\":3,\"name\":\"Santana do Piau\u00ed | C\u00e2mara Municipal em parceria com a 62\u00aa Zona Eleitoral de Picos realiza atendimentos a popula\u00e7\u00e3o\"}]},{\"@type\":\"WebSite\",\"@id\":\"https:\/\/noticiaempauta.com\/portal\/#website\",\"url\":\"https:\/\/noticiaempauta.com\/portal\/\",\"name\":\"Portal Not\u00edcia em Pauta\",\"description\":\"Voc\u00ea bem informado\",\"publisher\":{\"@id\":\"https:\/\/noticiaempauta.com\/portal\/#organization\"},\"potentialAction\":[{\"@type\":\"SearchAction\",\"target\":{\"@type\":\"EntryPoint\",\"urlTemplate\":\"https:\/\/noticiaempauta.com\/portal\/?s={search_term_string}\"},\"query-input\":{\"@type\":\"PropertyValueSpecification\",\"valueRequired\":true,\"valueName\":\"search_term_string\"}}],\"inLanguage\":\"pt-BR\"},{\"@type\":\"Organization\",\"@id\":\"https:\/\/noticiaempauta.com\/portal\/#organization\",\"name\":\"Portal Not\u00edcia em Pauta\",\"url\":\"https:\/\/noticiaempauta.com\/portal\/\",\"logo\":{\"@type\":\"ImageObject\",\"inLanguage\":\"pt-BR\",\"@id\":\"https:\/\/noticiaempauta.com\/portal\/#\/schema\/logo\/image\/\",\"url\":\"https:\/\/noticiaempauta.com\/portal\/wp-content\/uploads\/2022\/08\/logomarca_tema.fw_.png\",\"contentUrl\":\"https:\/\/noticiaempauta.com\/portal\/wp-content\/uploads\/2022\/08\/logomarca_tema.fw_.png\",\"width\":400,\"height\":232,\"caption\":\"Portal Not\u00edcia em Pauta\"},\"image\":{\"@id\":\"https:\/\/noticiaempauta.com\/portal\/#\/schema\/logo\/image\/\"},\"sameAs\":[\"https:\/\/www.facebook.com\/Portal-Notcia-Em-Pauta-102292869264820\/\",\"https:\/\/www.instagram.com\/portalnoticiaempauta\/\"]},{\"@type\":\"Person\",\"@id\":\"https:\/\/noticiaempauta.com\/portal\/#\/schema\/person\/a74af43dd1ab3deca45f988c717d57ac\",\"name\":\"Reda\u00e7\u00e3o\",\"image\":{\"@type\":\"ImageObject\",\"inLanguage\":\"pt-BR\",\"@id\":\"https:\/\/noticiaempauta.com\/portal\/#\/schema\/person\/image\/\",\"url\":\"https:\/\/secure.gravatar.com\/avatar\/03179346ecce6cdfc13361603e8f54242a90e5cde8618fa23c5c00aa2b0aadf3?s=96&d=mm&r=g\",\"contentUrl\":\"https:\/\/secure.gravatar.com\/avatar\/03179346ecce6cdfc13361603e8f54242a90e5cde8618fa23c5c00aa2b0aadf3?s=96&d=mm&r=g\",\"caption\":\"Reda\u00e7\u00e3o\"},\"sameAs\":[\"https:\/\/noticiaempauta.com\/portal\/\"],\"url\":\"https:\/\/noticiaempauta.com\/portal\/author\/fernando\/\"}]}<\/script>\n<!-- \/ Yoast SEO Premium plugin. -->","yoast_head_json":{"title":"Santana do Piau\u00ed | C\u00e2mara Municipal em parceria com a 62\u00aa Zona Eleitoral de Picos realiza atendimentos a popula\u00e7\u00e3o - Portal Not\u00edcia em Pauta","robots":{"index":"index","follow":"follow","max-snippet":"max-snippet:-1","max-image-preview":"max-image-preview:large","max-video-preview":"max-video-preview:-1"},"canonical":"https:\/\/noticiaempauta.com\/portal\/santana-do-piaui-camara-municipal-em-parceria-com-a-62a-zona-eleitoral-de-picos-realiza-atendimentos-a-populacao\/","og_locale":"pt_BR","og_type":"article","og_title":"Santana do Piau\u00ed | C\u00e2mara Municipal em parceria com a 62\u00aa Zona Eleitoral de Picos realiza atendimentos a popula\u00e7\u00e3o","og_description":"A c\u00e2mara municipal de Santana foz Piau\u00ed em parceria com a Prefeitura Municipal e a Justi\u00e7a Eleitoral da 62\u00aa Zona da Comarca de Picos, realizaram na manh\u00e3 desta quinta-feira (11), no Plen\u00e1rio do Poder Legislativo uma manh\u00e3 de atendimento a popula\u00e7\u00e3o, onde o objetivo fazer alistamento, transfer\u00eancia de sess\u00e3o e regulariza\u00e7\u00e3o do t\u00edtulo de eleitor. [&hellip;]","og_url":"https:\/\/noticiaempauta.com\/portal\/santana-do-piaui-camara-municipal-em-parceria-com-a-62a-zona-eleitoral-de-picos-realiza-atendimentos-a-populacao\/","og_site_name":"Portal Not\u00edcia em Pauta","article_publisher":"https:\/\/www.facebook.com\/Portal-Notcia-Em-Pauta-102292869264820\/","article_published_time":"2024-04-11T22:48:47+00:00","article_modified_time":"2024-04-11T22:49:23+00:00","og_image":[{"width":1600,"height":900,"url":"https:\/\/noticiaempauta.com\/portal\/wp-content\/uploads\/2024\/04\/IMG_0689-1.jpeg","type":"image\/jpeg"}],"author":"Reda\u00e7\u00e3o","twitter_card":"summary_large_image","twitter_misc":{"Escrito por":"Reda\u00e7\u00e3o","Est. tempo de leitura":"3 minutos"},"schema":{"@context":"https:\/\/schema.org","@graph":[{"@type":"Article","@id":"https:\/\/noticiaempauta.com\/portal\/santana-do-piaui-camara-municipal-em-parceria-com-a-62a-zona-eleitoral-de-picos-realiza-atendimentos-a-populacao\/#article","isPartOf":{"@id":"https:\/\/noticiaempauta.com\/portal\/santana-do-piaui-camara-municipal-em-parceria-com-a-62a-zona-eleitoral-de-picos-realiza-atendimentos-a-populacao\/"},"author":{"name":"Reda\u00e7\u00e3o","@id":"https:\/\/noticiaempauta.com\/portal\/#\/schema\/person\/a74af43dd1ab3deca45f988c717d57ac"},"headline":"Santana do Piau\u00ed | C\u00e2mara Municipal em parceria com a 62\u00aa Zona Eleitoral de Picos realiza atendimentos a popula\u00e7\u00e3o","datePublished":"2024-04-11T22:48:47+00:00","dateModified":"2024-04-11T22:49:23+00:00","mainEntityOfPage":{"@id":"https:\/\/noticiaempauta.com\/portal\/santana-do-piaui-camara-municipal-em-parceria-com-a-62a-zona-eleitoral-de-picos-realiza-atendimentos-a-populacao\/"},"wordCount":280,"commentCount":0,"publisher":{"@id":"https:\/\/noticiaempauta.com\/portal\/#organization"},"image":{"@id":"https:\/\/noticiaempauta.com\/portal\/santana-do-piaui-camara-municipal-em-parceria-com-a-62a-zona-eleitoral-de-picos-realiza-atendimentos-a-populacao\/#primaryimage"},"thumbnailUrl":"https:\/\/noticiaempauta.com\/portal\/wp-content\/uploads\/2024\/04\/IMG_0689-1.jpeg","keywords":["destaqueprincipal"],"articleSection":["Destaques","Geral","Munic\u00edpios","Todas as Not\u00edcias"],"inLanguage":"pt-BR","potentialAction":[{"@type":"CommentAction","name":"Comment","target":["https:\/\/noticiaempauta.com\/portal\/santana-do-piaui-camara-municipal-em-parceria-com-a-62a-zona-eleitoral-de-picos-realiza-atendimentos-a-populacao\/#respond"]}]},{"@type":"WebPage","@id":"https:\/\/noticiaempauta.com\/portal\/santana-do-piaui-camara-municipal-em-parceria-com-a-62a-zona-eleitoral-de-picos-realiza-atendimentos-a-populacao\/","url":"https:\/\/noticiaempauta.com\/portal\/santana-do-piaui-camara-municipal-em-parceria-com-a-62a-zona-eleitoral-de-picos-realiza-atendimentos-a-populacao\/","name":"Santana do Piau\u00ed | C\u00e2mara Municipal em parceria com a 62\u00aa Zona Eleitoral de Picos realiza atendimentos a popula\u00e7\u00e3o - Portal Not\u00edcia em Pauta","isPartOf":{"@id":"https:\/\/noticiaempauta.com\/portal\/#website"},"primaryImageOfPage":{"@id":"https:\/\/noticiaempauta.com\/portal\/santana-do-piaui-camara-municipal-em-parceria-com-a-62a-zona-eleitoral-de-picos-realiza-atendimentos-a-populacao\/#primaryimage"},"image":{"@id":"https:\/\/noticiaempauta.com\/portal\/santana-do-piaui-camara-municipal-em-parceria-com-a-62a-zona-eleitoral-de-picos-realiza-atendimentos-a-populacao\/#primaryimage"},"thumbnailUrl":"https:\/\/noticiaempauta.com\/portal\/wp-content\/uploads\/2024\/04\/IMG_0689-1.jpeg","datePublished":"2024-04-11T22:48:47+00:00","dateModified":"2024-04-11T22:49:23+00:00","breadcrumb":{"@id":"https:\/\/noticiaempauta.com\/portal\/santana-do-piaui-camara-municipal-em-parceria-com-a-62a-zona-eleitoral-de-picos-realiza-atendimentos-a-populacao\/#breadcrumb"},"inLanguage":"pt-BR","potentialAction":[{"@type":"ReadAction","target":["https:\/\/noticiaempauta.com\/portal\/santana-do-piaui-camara-municipal-em-parceria-com-a-62a-zona-eleitoral-de-picos-realiza-atendimentos-a-populacao\/"]}]},{"@type":"ImageObject","inLanguage":"pt-BR","@id":"https:\/\/noticiaempauta.com\/portal\/santana-do-piaui-camara-municipal-em-parceria-com-a-62a-zona-eleitoral-de-picos-realiza-atendimentos-a-populacao\/#primaryimage","url":"https:\/\/noticiaempauta.com\/portal\/wp-content\/uploads\/2024\/04\/IMG_0689-1.jpeg","contentUrl":"https:\/\/noticiaempauta.com\/portal\/wp-content\/uploads\/2024\/04\/IMG_0689-1.jpeg","width":1600,"height":900},{"@type":"BreadcrumbList","@id":"https:\/\/noticiaempauta.com\/portal\/santana-do-piaui-camara-municipal-em-parceria-com-a-62a-zona-eleitoral-de-picos-realiza-atendimentos-a-populacao\/#breadcrumb","itemListElement":[{"@type":"ListItem","position":1,"name":"P\u00e1gina Inicial","item":"https:\/\/noticiaempauta.com\/portal\/"},{"@type":"ListItem","position":2,"name":"Destaques","item":"https:\/\/noticiaempauta.com\/portal\/destaques-site\/"},{"@type":"ListItem","position":3,"name":"Santana do Piau\u00ed | C\u00e2mara Municipal em parceria com a 62\u00aa Zona Eleitoral de Picos realiza atendimentos a popula\u00e7\u00e3o"}]},{"@type":"WebSite","@id":"https:\/\/noticiaempauta.com\/portal\/#website","url":"https:\/\/noticiaempauta.com\/portal\/","name":"Portal Not\u00edcia em Pauta","description":"Voc\u00ea bem informado","publisher":{"@id":"https:\/\/noticiaempauta.com\/portal\/#organization"},"potentialAction":[{"@type":"SearchAction","target":{"@type":"EntryPoint","urlTemplate":"https:\/\/noticiaempauta.com\/portal\/?s={search_term_string}"},"query-input":{"@type":"PropertyValueSpecification","valueRequired":true,"valueName":"search_term_string"}}],"inLanguage":"pt-BR"},{"@type":"Organization","@id":"https:\/\/noticiaempauta.com\/portal\/#organization","name":"Portal Not\u00edcia em Pauta","url":"https:\/\/noticiaempauta.com\/portal\/","logo":{"@type":"ImageObject","inLanguage":"pt-BR","@id":"https:\/\/noticiaempauta.com\/portal\/#\/schema\/logo\/image\/","url":"https:\/\/noticiaempauta.com\/portal\/wp-content\/uploads\/2022\/08\/logomarca_tema.fw_.png","contentUrl":"https:\/\/noticiaempauta.com\/portal\/wp-content\/uploads\/2022\/08\/logomarca_tema.fw_.png","width":400,"height":232,"caption":"Portal Not\u00edcia em Pauta"},"image":{"@id":"https:\/\/noticiaempauta.com\/portal\/#\/schema\/logo\/image\/"},"sameAs":["https:\/\/www.facebook.com\/Portal-Notcia-Em-Pauta-102292869264820\/","https:\/\/www.instagram.com\/portalnoticiaempauta\/"]},{"@type":"Person","@id":"https:\/\/noticiaempauta.com\/portal\/#\/schema\/person\/a74af43dd1ab3deca45f988c717d57ac","name":"Reda\u00e7\u00e3o","image":{"@type":"ImageObject","inLanguage":"pt-BR","@id":"https:\/\/noticiaempauta.com\/portal\/#\/schema\/person\/image\/","url":"https:\/\/secure.gravatar.com\/avatar\/03179346ecce6cdfc13361603e8f54242a90e5cde8618fa23c5c00aa2b0aadf3?s=96&d=mm&r=g","contentUrl":"https:\/\/secure.gravatar.com\/avatar\/03179346ecce6cdfc13361603e8f54242a90e5cde8618fa23c5c00aa2b0aadf3?s=96&d=mm&r=g","caption":"Reda\u00e7\u00e3o"},"sameAs":["https:\/\/noticiaempauta.com\/portal\/"],"url":"https:\/\/noticiaempauta.com\/portal\/author\/fernando\/"}]}},"_links":{"self":[{"href":"https:\/\/noticiaempauta.com\/portal\/wp-json\/wp\/v2\/posts\/256748","targetHints":{"allow":["GET"]}}],"collection":[{"href":"https:\/\/noticiaempauta.com\/portal\/wp-json\/wp\/v2\/posts"}],"about":[{"href":"https:\/\/noticiaempauta.com\/portal\/wp-json\/wp\/v2\/types\/post"}],"author":[{"embeddable":true,"href":"https:\/\/noticiaempauta.com\/portal\/wp-json\/wp\/v2\/users\/2"}],"replies":[{"embeddable":true,"href":"https:\/\/noticiaempauta.com\/portal\/wp-json\/wp\/v2\/comments?post=256748"}],"version-history":[{"count":2,"href":"https:\/\/noticiaempauta.com\/portal\/wp-json\/wp\/v2\/posts\/256748\/revisions"}],"predecessor-version":[{"id":256756,"href":"https:\/\/noticiaempauta.com\/portal\/wp-json\/wp\/v2\/posts\/256748\/revisions\/256756"}],"wp:featuredmedia":[{"embeddable":true,"href":"https:\/\/noticiaempauta.com\/portal\/wp-json\/wp\/v2\/media\/256753"}],"wp:attachment":[{"href":"https:\/\/noticiaempauta.com\/portal\/wp-json\/wp\/v2\/media?parent=256748"}],"wp:term":[{"taxonomy":"category","embeddable":true,"href":"https:\/\/noticiaempauta.com\/portal\/wp-json\/wp\/v2\/categories?post=256748"},{"taxonomy":"post_tag","embeddable":true,"href":"https:\/\/noticiaempauta.com\/portal\/wp-json\/wp\/v2\/tags?post=256748"}],"curies":[{"name":"wp","href":"https:\/\/api.w.org\/{rel}","templated":true}]}}