{"id":256821,"date":"2024-04-15T09:06:51","date_gmt":"2024-04-15T12:06:51","guid":{"rendered":"https:\/\/noticiaempauta.com\/portal\/?p=256821"},"modified":"2024-04-15T09:06:52","modified_gmt":"2024-04-15T12:06:52","slug":"enem-2024-prazo-para-pedir-isencao-comeca-nesta-segunda-saiba-como-solicitar","status":"publish","type":"post","link":"https:\/\/noticiaempauta.com\/portal\/enem-2024-prazo-para-pedir-isencao-comeca-nesta-segunda-saiba-como-solicitar\/","title":{"rendered":"Enem 2024: prazo para pedir isen\u00e7\u00e3o come\u00e7a nesta segunda; saiba como solicitar"},"content":{"rendered":"\n<p>Nesta segunda-feira (15), inicia-se o per\u00edodo para solicitar a<strong>\u00a0isen\u00e7\u00e3o da taxa de inscri\u00e7\u00e3o do Exame Nacional do Ensino M\u00e9dio (Enem) 2024.<\/strong>\u00a0Na edi\u00e7\u00e3o anterior, em 2023, o valor da inscri\u00e7\u00e3o foi de R$ 85. Os candidatos interessados devem submeter os pedidos de isen\u00e7\u00e3o atrav\u00e9s da P\u00e1gina do Participante\u00a0<a href=\"https:\/\/enem.inep.gov.br\/participante\/#!\/\" target=\"_blank\" rel=\"noreferrer noopener\">(enem.inep.gov.br\/participante<\/a>), utilizando o login do gov.br, at\u00e9 o dia 26 de abril.<\/p>\n\n\n\n<figure class=\"wp-block-image size-full\"><img fetchpriority=\"high\" decoding=\"async\" width=\"854\" height=\"479\" src=\"https:\/\/noticiaempauta.com\/portal\/wp-content\/uploads\/2024\/04\/enem-2024-prazo-para-pedir-isencao-comeca-nesta-segunda-saiba-como-solicitar-104bb28e-8598-47a7-8c49-2da5126ec998.jpg.webp\" alt=\"\" class=\"wp-image-256823\" srcset=\"https:\/\/noticiaempauta.com\/portal\/wp-content\/uploads\/2024\/04\/enem-2024-prazo-para-pedir-isencao-comeca-nesta-segunda-saiba-como-solicitar-104bb28e-8598-47a7-8c49-2da5126ec998.jpg.webp 854w, https:\/\/noticiaempauta.com\/portal\/wp-content\/uploads\/2024\/04\/enem-2024-prazo-para-pedir-isencao-comeca-nesta-segunda-saiba-como-solicitar-104bb28e-8598-47a7-8c49-2da5126ec998.jpg-300x168.webp 300w, https:\/\/noticiaempauta.com\/portal\/wp-content\/uploads\/2024\/04\/enem-2024-prazo-para-pedir-isencao-comeca-nesta-segunda-saiba-como-solicitar-104bb28e-8598-47a7-8c49-2da5126ec998.jpg-768x431.webp 768w\" sizes=\"(max-width: 854px) 100vw, 854px\" \/><\/figure>\n\n\n\n<p>A seguir voc\u00ea confere informa\u00e7\u00f5es sobre o benef\u00edcio e sobre o Enem 2024.<\/p>\n\n\n\n<p><strong><u>Quem tem direito \u00e0 isen\u00e7\u00e3o de taxa?<\/u><\/strong><\/p>\n\n\n\n<ul class=\"wp-block-list\">\n<li>Participantes que est\u00e3o no 3\u00ba ano do ensino m\u00e9dio de escolas p\u00fablicas;<\/li>\n<\/ul>\n\n\n\n<ul class=\"wp-block-list\">\n<li>Alunos que estudaram durante todo o ensino m\u00e9dio na rede p\u00fablica ou como bolsistas integrais da rede privada, desde que tenham renda familiar per capita igual ou inferior a 1,5 sal\u00e1rio m\u00ednimo (R$ 1.980);<\/li>\n\n\n\n<li>Cidad\u00e3os em vulnerabilidade social, membros de fam\u00edlia de baixa renda com inscri\u00e7\u00e3o no Cadastro \u00danico para programas sociais do governo federal (Cad\u00danico). \u00a0 \u00a0 \u00a0 \u00a0 \u00a0 \u00a0 \u00a0\u00a0<\/li>\n<\/ul>\n\n\n\n<p><strong>Como solicitar a isen\u00e7\u00e3o?<\/strong><\/p>\n\n\n\n<p>Para solicitar a isen\u00e7\u00e3o da taxa de inscri\u00e7\u00e3o do Enem 2024, \u00e9 necess\u00e1rio acessar a P\u00e1gina do Participante e fornecer as informa\u00e7\u00f5es solicitadas, como CPF, data de nascimento, e-mail e n\u00famero de telefone v\u00e1lido.<\/p>\n\n\n\n<ul class=\"wp-block-list\">\n<li>O que fazer se estava isento no Enem 2023, mas n\u00e3o fez a prova?<\/li>\n<\/ul>\n\n\n\n<p>Aqueles que estavam isentos no Enem 2023, mas n\u00e3o realizaram a prova, devem justificar a aus\u00eancia tamb\u00e9m na P\u00e1gina do Participante, anexando documentos comprobat\u00f3rios, como atestado m\u00e9dico ou boletim de ocorr\u00eancia. \u00c9 crucial realizar essa justificativa para n\u00e3o perder o direito \u00e0 isen\u00e7\u00e3o.<\/p>\n\n\n\n<ul class=\"wp-block-list\">\n<li>Quando ser\u00e3o divulgados os resultados da isen\u00e7\u00e3o?<\/li>\n<\/ul>\n\n\n\n<p>Os resultados da isen\u00e7\u00e3o ser\u00e3o divulgados em 13 de maio. Caso o pedido seja negado, h\u00e1 a possibilidade de entrar com recurso entre os dias 13 e 17 de maio.<\/p>\n\n\n\n<ul class=\"wp-block-list\">\n<li>\u00c9 necess\u00e1rio se inscrever no Enem mesmo obtendo a isen\u00e7\u00e3o?<\/li>\n<\/ul>\n\n\n\n<p>Sim, todos os participantes, isentos ou n\u00e3o, precisam se inscrever no Enem 2024. O per\u00edodo de inscri\u00e7\u00e3o ser\u00e1 divulgado posteriormente pelo Inep.<\/p>\n\n\n\n<p>Datas importantes do per\u00edodo de isen\u00e7\u00e3o e justificativa:<\/p>\n\n\n\n<ul class=\"wp-block-list\">\n<li>15 a 26 de abril: per\u00edodo para justificar a aus\u00eancia no Enem 2023 e solicitar isen\u00e7\u00e3o para o Enem 2024.<\/li>\n\n\n\n<li>13 de maio: divulga\u00e7\u00e3o dos resultados da justificativa de aus\u00eancia no Enem 2023 e solicita\u00e7\u00e3o de isen\u00e7\u00e3o para o Enem 2024.<\/li>\n\n\n\n<li>13 a 17 de maio: prazo para recurso da justificativa de aus\u00eancia no Enem 2023 e solicita\u00e7\u00e3o de isen\u00e7\u00e3o para o Enem 2024.<\/li>\n\n\n\n<li>24 de maio: resultado do recurso da justificativa de aus\u00eancia no Enem 2023 e solicita\u00e7\u00e3o de isen\u00e7\u00e3o para o Enem 2024.<\/li>\n<\/ul>\n\n\n\n<p><em>Fonte: Meio News<\/em><\/p>\n","protected":false},"excerpt":{"rendered":"<p>Nesta segunda-feira (15), inicia-se o per\u00edodo para solicitar a\u00a0isen\u00e7\u00e3o da taxa de inscri\u00e7\u00e3o do Exame Nacional do Ensino M\u00e9dio (Enem) 2024.\u00a0Na edi\u00e7\u00e3o anterior, em 2023, o valor da inscri\u00e7\u00e3o foi de R$ 85. Os candidatos interessados devem submeter os pedidos de isen\u00e7\u00e3o atrav\u00e9s da P\u00e1gina do Participante\u00a0(enem.inep.gov.br\/participante), utilizando o login do gov.br, at\u00e9 o dia [&hellip;]<\/p>\n","protected":false},"author":2,"featured_media":256823,"comment_status":"open","ping_status":"open","sticky":false,"template":"","format":"standard","meta":{"_mi_skip_tracking":false,"footnotes":""},"categories":[25,1,16],"tags":[192],"class_list":["post-256821","post","type-post","status-publish","format-standard","has-post-thumbnail","hentry","category-destaques-site","category-geral","category-todas","tag-destaqueprincipal"],"acf":[],"yoast_head":"<!-- This site is optimized with the Yoast SEO Premium plugin v19.2 (Yoast SEO v26.9) - https:\/\/yoast.com\/product\/yoast-seo-premium-wordpress\/ -->\n<title>Enem 2024: prazo para pedir isen\u00e7\u00e3o come\u00e7a nesta segunda; saiba como solicitar - Portal Not\u00edcia em Pauta<\/title>\n<meta name=\"robots\" content=\"index, follow, max-snippet:-1, max-image-preview:large, max-video-preview:-1\" \/>\n<link rel=\"canonical\" href=\"https:\/\/noticiaempauta.com\/portal\/enem-2024-prazo-para-pedir-isencao-comeca-nesta-segunda-saiba-como-solicitar\/\" \/>\n<meta property=\"og:locale\" content=\"pt_BR\" \/>\n<meta property=\"og:type\" content=\"article\" \/>\n<meta property=\"og:title\" content=\"Enem 2024: prazo para pedir isen\u00e7\u00e3o come\u00e7a nesta segunda; saiba como solicitar\" \/>\n<meta property=\"og:description\" content=\"Nesta segunda-feira (15), inicia-se o per\u00edodo para solicitar a\u00a0isen\u00e7\u00e3o da taxa de inscri\u00e7\u00e3o do Exame Nacional do Ensino M\u00e9dio (Enem) 2024.\u00a0Na edi\u00e7\u00e3o anterior, em 2023, o valor da inscri\u00e7\u00e3o foi de R$ 85. Os candidatos interessados devem submeter os pedidos de isen\u00e7\u00e3o atrav\u00e9s da P\u00e1gina do Participante\u00a0(enem.inep.gov.br\/participante), utilizando o login do gov.br, at\u00e9 o dia [&hellip;]\" \/>\n<meta property=\"og:url\" content=\"https:\/\/noticiaempauta.com\/portal\/enem-2024-prazo-para-pedir-isencao-comeca-nesta-segunda-saiba-como-solicitar\/\" \/>\n<meta property=\"og:site_name\" content=\"Portal Not\u00edcia em Pauta\" \/>\n<meta property=\"article:publisher\" content=\"https:\/\/www.facebook.com\/Portal-Notcia-Em-Pauta-102292869264820\/\" \/>\n<meta property=\"article:published_time\" content=\"2024-04-15T12:06:51+00:00\" \/>\n<meta property=\"article:modified_time\" content=\"2024-04-15T12:06:52+00:00\" \/>\n<meta property=\"og:image\" content=\"https:\/\/noticiaempauta.com\/portal\/wp-content\/uploads\/2024\/04\/enem-2024-prazo-para-pedir-isencao-comeca-nesta-segunda-saiba-como-solicitar-104bb28e-8598-47a7-8c49-2da5126ec998.jpg.webp\" \/>\n\t<meta property=\"og:image:width\" content=\"854\" \/>\n\t<meta property=\"og:image:height\" content=\"479\" \/>\n\t<meta property=\"og:image:type\" content=\"image\/webp\" \/>\n<meta name=\"author\" content=\"Reda\u00e7\u00e3o\" \/>\n<meta name=\"twitter:card\" content=\"summary_large_image\" \/>\n<meta name=\"twitter:label1\" content=\"Escrito por\" \/>\n\t<meta name=\"twitter:data1\" content=\"Reda\u00e7\u00e3o\" \/>\n\t<meta name=\"twitter:label2\" content=\"Est. tempo de leitura\" \/>\n\t<meta name=\"twitter:data2\" content=\"3 minutos\" \/>\n<script type=\"application\/ld+json\" class=\"yoast-schema-graph\">{\"@context\":\"https:\/\/schema.org\",\"@graph\":[{\"@type\":\"Article\",\"@id\":\"https:\/\/noticiaempauta.com\/portal\/enem-2024-prazo-para-pedir-isencao-comeca-nesta-segunda-saiba-como-solicitar\/#article\",\"isPartOf\":{\"@id\":\"https:\/\/noticiaempauta.com\/portal\/enem-2024-prazo-para-pedir-isencao-comeca-nesta-segunda-saiba-como-solicitar\/\"},\"author\":{\"name\":\"Reda\u00e7\u00e3o\",\"@id\":\"https:\/\/noticiaempauta.com\/portal\/#\/schema\/person\/a74af43dd1ab3deca45f988c717d57ac\"},\"headline\":\"Enem 2024: prazo para pedir isen\u00e7\u00e3o come\u00e7a nesta segunda; saiba como solicitar\",\"datePublished\":\"2024-04-15T12:06:51+00:00\",\"dateModified\":\"2024-04-15T12:06:52+00:00\",\"mainEntityOfPage\":{\"@id\":\"https:\/\/noticiaempauta.com\/portal\/enem-2024-prazo-para-pedir-isencao-comeca-nesta-segunda-saiba-como-solicitar\/\"},\"wordCount\":457,\"commentCount\":0,\"publisher\":{\"@id\":\"https:\/\/noticiaempauta.com\/portal\/#organization\"},\"image\":{\"@id\":\"https:\/\/noticiaempauta.com\/portal\/enem-2024-prazo-para-pedir-isencao-comeca-nesta-segunda-saiba-como-solicitar\/#primaryimage\"},\"thumbnailUrl\":\"https:\/\/noticiaempauta.com\/portal\/wp-content\/uploads\/2024\/04\/enem-2024-prazo-para-pedir-isencao-comeca-nesta-segunda-saiba-como-solicitar-104bb28e-8598-47a7-8c49-2da5126ec998.jpg.webp\",\"keywords\":[\"destaqueprincipal\"],\"articleSection\":[\"Destaques\",\"Geral\",\"Todas as Not\u00edcias\"],\"inLanguage\":\"pt-BR\",\"potentialAction\":[{\"@type\":\"CommentAction\",\"name\":\"Comment\",\"target\":[\"https:\/\/noticiaempauta.com\/portal\/enem-2024-prazo-para-pedir-isencao-comeca-nesta-segunda-saiba-como-solicitar\/#respond\"]}]},{\"@type\":\"WebPage\",\"@id\":\"https:\/\/noticiaempauta.com\/portal\/enem-2024-prazo-para-pedir-isencao-comeca-nesta-segunda-saiba-como-solicitar\/\",\"url\":\"https:\/\/noticiaempauta.com\/portal\/enem-2024-prazo-para-pedir-isencao-comeca-nesta-segunda-saiba-como-solicitar\/\",\"name\":\"Enem 2024: prazo para pedir isen\u00e7\u00e3o come\u00e7a nesta segunda; saiba como solicitar - Portal Not\u00edcia em Pauta\",\"isPartOf\":{\"@id\":\"https:\/\/noticiaempauta.com\/portal\/#website\"},\"primaryImageOfPage\":{\"@id\":\"https:\/\/noticiaempauta.com\/portal\/enem-2024-prazo-para-pedir-isencao-comeca-nesta-segunda-saiba-como-solicitar\/#primaryimage\"},\"image\":{\"@id\":\"https:\/\/noticiaempauta.com\/portal\/enem-2024-prazo-para-pedir-isencao-comeca-nesta-segunda-saiba-como-solicitar\/#primaryimage\"},\"thumbnailUrl\":\"https:\/\/noticiaempauta.com\/portal\/wp-content\/uploads\/2024\/04\/enem-2024-prazo-para-pedir-isencao-comeca-nesta-segunda-saiba-como-solicitar-104bb28e-8598-47a7-8c49-2da5126ec998.jpg.webp\",\"datePublished\":\"2024-04-15T12:06:51+00:00\",\"dateModified\":\"2024-04-15T12:06:52+00:00\",\"breadcrumb\":{\"@id\":\"https:\/\/noticiaempauta.com\/portal\/enem-2024-prazo-para-pedir-isencao-comeca-nesta-segunda-saiba-como-solicitar\/#breadcrumb\"},\"inLanguage\":\"pt-BR\",\"potentialAction\":[{\"@type\":\"ReadAction\",\"target\":[\"https:\/\/noticiaempauta.com\/portal\/enem-2024-prazo-para-pedir-isencao-comeca-nesta-segunda-saiba-como-solicitar\/\"]}]},{\"@type\":\"ImageObject\",\"inLanguage\":\"pt-BR\",\"@id\":\"https:\/\/noticiaempauta.com\/portal\/enem-2024-prazo-para-pedir-isencao-comeca-nesta-segunda-saiba-como-solicitar\/#primaryimage\",\"url\":\"https:\/\/noticiaempauta.com\/portal\/wp-content\/uploads\/2024\/04\/enem-2024-prazo-para-pedir-isencao-comeca-nesta-segunda-saiba-como-solicitar-104bb28e-8598-47a7-8c49-2da5126ec998.jpg.webp\",\"contentUrl\":\"https:\/\/noticiaempauta.com\/portal\/wp-content\/uploads\/2024\/04\/enem-2024-prazo-para-pedir-isencao-comeca-nesta-segunda-saiba-como-solicitar-104bb28e-8598-47a7-8c49-2da5126ec998.jpg.webp\",\"width\":854,\"height\":479},{\"@type\":\"BreadcrumbList\",\"@id\":\"https:\/\/noticiaempauta.com\/portal\/enem-2024-prazo-para-pedir-isencao-comeca-nesta-segunda-saiba-como-solicitar\/#breadcrumb\",\"itemListElement\":[{\"@type\":\"ListItem\",\"position\":1,\"name\":\"P\u00e1gina Inicial\",\"item\":\"https:\/\/noticiaempauta.com\/portal\/\"},{\"@type\":\"ListItem\",\"position\":2,\"name\":\"Destaques\",\"item\":\"https:\/\/noticiaempauta.com\/portal\/destaques-site\/\"},{\"@type\":\"ListItem\",\"position\":3,\"name\":\"Enem 2024: prazo para pedir isen\u00e7\u00e3o come\u00e7a nesta segunda; saiba como solicitar\"}]},{\"@type\":\"WebSite\",\"@id\":\"https:\/\/noticiaempauta.com\/portal\/#website\",\"url\":\"https:\/\/noticiaempauta.com\/portal\/\",\"name\":\"Portal Not\u00edcia em Pauta\",\"description\":\"Voc\u00ea bem informado\",\"publisher\":{\"@id\":\"https:\/\/noticiaempauta.com\/portal\/#organization\"},\"potentialAction\":[{\"@type\":\"SearchAction\",\"target\":{\"@type\":\"EntryPoint\",\"urlTemplate\":\"https:\/\/noticiaempauta.com\/portal\/?s={search_term_string}\"},\"query-input\":{\"@type\":\"PropertyValueSpecification\",\"valueRequired\":true,\"valueName\":\"search_term_string\"}}],\"inLanguage\":\"pt-BR\"},{\"@type\":\"Organization\",\"@id\":\"https:\/\/noticiaempauta.com\/portal\/#organization\",\"name\":\"Portal Not\u00edcia em Pauta\",\"url\":\"https:\/\/noticiaempauta.com\/portal\/\",\"logo\":{\"@type\":\"ImageObject\",\"inLanguage\":\"pt-BR\",\"@id\":\"https:\/\/noticiaempauta.com\/portal\/#\/schema\/logo\/image\/\",\"url\":\"https:\/\/noticiaempauta.com\/portal\/wp-content\/uploads\/2022\/08\/logomarca_tema.fw_.png\",\"contentUrl\":\"https:\/\/noticiaempauta.com\/portal\/wp-content\/uploads\/2022\/08\/logomarca_tema.fw_.png\",\"width\":400,\"height\":232,\"caption\":\"Portal Not\u00edcia em Pauta\"},\"image\":{\"@id\":\"https:\/\/noticiaempauta.com\/portal\/#\/schema\/logo\/image\/\"},\"sameAs\":[\"https:\/\/www.facebook.com\/Portal-Notcia-Em-Pauta-102292869264820\/\",\"https:\/\/www.instagram.com\/portalnoticiaempauta\/\"]},{\"@type\":\"Person\",\"@id\":\"https:\/\/noticiaempauta.com\/portal\/#\/schema\/person\/a74af43dd1ab3deca45f988c717d57ac\",\"name\":\"Reda\u00e7\u00e3o\",\"image\":{\"@type\":\"ImageObject\",\"inLanguage\":\"pt-BR\",\"@id\":\"https:\/\/noticiaempauta.com\/portal\/#\/schema\/person\/image\/\",\"url\":\"https:\/\/secure.gravatar.com\/avatar\/03179346ecce6cdfc13361603e8f54242a90e5cde8618fa23c5c00aa2b0aadf3?s=96&d=mm&r=g\",\"contentUrl\":\"https:\/\/secure.gravatar.com\/avatar\/03179346ecce6cdfc13361603e8f54242a90e5cde8618fa23c5c00aa2b0aadf3?s=96&d=mm&r=g\",\"caption\":\"Reda\u00e7\u00e3o\"},\"sameAs\":[\"https:\/\/noticiaempauta.com\/portal\/\"],\"url\":\"https:\/\/noticiaempauta.com\/portal\/author\/fernando\/\"}]}<\/script>\n<!-- \/ Yoast SEO Premium plugin. -->","yoast_head_json":{"title":"Enem 2024: prazo para pedir isen\u00e7\u00e3o come\u00e7a nesta segunda; saiba como solicitar - Portal Not\u00edcia em Pauta","robots":{"index":"index","follow":"follow","max-snippet":"max-snippet:-1","max-image-preview":"max-image-preview:large","max-video-preview":"max-video-preview:-1"},"canonical":"https:\/\/noticiaempauta.com\/portal\/enem-2024-prazo-para-pedir-isencao-comeca-nesta-segunda-saiba-como-solicitar\/","og_locale":"pt_BR","og_type":"article","og_title":"Enem 2024: prazo para pedir isen\u00e7\u00e3o come\u00e7a nesta segunda; saiba como solicitar","og_description":"Nesta segunda-feira (15), inicia-se o per\u00edodo para solicitar a\u00a0isen\u00e7\u00e3o da taxa de inscri\u00e7\u00e3o do Exame Nacional do Ensino M\u00e9dio (Enem) 2024.\u00a0Na edi\u00e7\u00e3o anterior, em 2023, o valor da inscri\u00e7\u00e3o foi de R$ 85. Os candidatos interessados devem submeter os pedidos de isen\u00e7\u00e3o atrav\u00e9s da P\u00e1gina do Participante\u00a0(enem.inep.gov.br\/participante), utilizando o login do gov.br, at\u00e9 o dia [&hellip;]","og_url":"https:\/\/noticiaempauta.com\/portal\/enem-2024-prazo-para-pedir-isencao-comeca-nesta-segunda-saiba-como-solicitar\/","og_site_name":"Portal Not\u00edcia em Pauta","article_publisher":"https:\/\/www.facebook.com\/Portal-Notcia-Em-Pauta-102292869264820\/","article_published_time":"2024-04-15T12:06:51+00:00","article_modified_time":"2024-04-15T12:06:52+00:00","og_image":[{"width":854,"height":479,"url":"https:\/\/noticiaempauta.com\/portal\/wp-content\/uploads\/2024\/04\/enem-2024-prazo-para-pedir-isencao-comeca-nesta-segunda-saiba-como-solicitar-104bb28e-8598-47a7-8c49-2da5126ec998.jpg.webp","type":"image\/webp"}],"author":"Reda\u00e7\u00e3o","twitter_card":"summary_large_image","twitter_misc":{"Escrito por":"Reda\u00e7\u00e3o","Est. tempo de leitura":"3 minutos"},"schema":{"@context":"https:\/\/schema.org","@graph":[{"@type":"Article","@id":"https:\/\/noticiaempauta.com\/portal\/enem-2024-prazo-para-pedir-isencao-comeca-nesta-segunda-saiba-como-solicitar\/#article","isPartOf":{"@id":"https:\/\/noticiaempauta.com\/portal\/enem-2024-prazo-para-pedir-isencao-comeca-nesta-segunda-saiba-como-solicitar\/"},"author":{"name":"Reda\u00e7\u00e3o","@id":"https:\/\/noticiaempauta.com\/portal\/#\/schema\/person\/a74af43dd1ab3deca45f988c717d57ac"},"headline":"Enem 2024: prazo para pedir isen\u00e7\u00e3o come\u00e7a nesta segunda; saiba como solicitar","datePublished":"2024-04-15T12:06:51+00:00","dateModified":"2024-04-15T12:06:52+00:00","mainEntityOfPage":{"@id":"https:\/\/noticiaempauta.com\/portal\/enem-2024-prazo-para-pedir-isencao-comeca-nesta-segunda-saiba-como-solicitar\/"},"wordCount":457,"commentCount":0,"publisher":{"@id":"https:\/\/noticiaempauta.com\/portal\/#organization"},"image":{"@id":"https:\/\/noticiaempauta.com\/portal\/enem-2024-prazo-para-pedir-isencao-comeca-nesta-segunda-saiba-como-solicitar\/#primaryimage"},"thumbnailUrl":"https:\/\/noticiaempauta.com\/portal\/wp-content\/uploads\/2024\/04\/enem-2024-prazo-para-pedir-isencao-comeca-nesta-segunda-saiba-como-solicitar-104bb28e-8598-47a7-8c49-2da5126ec998.jpg.webp","keywords":["destaqueprincipal"],"articleSection":["Destaques","Geral","Todas as Not\u00edcias"],"inLanguage":"pt-BR","potentialAction":[{"@type":"CommentAction","name":"Comment","target":["https:\/\/noticiaempauta.com\/portal\/enem-2024-prazo-para-pedir-isencao-comeca-nesta-segunda-saiba-como-solicitar\/#respond"]}]},{"@type":"WebPage","@id":"https:\/\/noticiaempauta.com\/portal\/enem-2024-prazo-para-pedir-isencao-comeca-nesta-segunda-saiba-como-solicitar\/","url":"https:\/\/noticiaempauta.com\/portal\/enem-2024-prazo-para-pedir-isencao-comeca-nesta-segunda-saiba-como-solicitar\/","name":"Enem 2024: prazo para pedir isen\u00e7\u00e3o come\u00e7a nesta segunda; saiba como solicitar - Portal Not\u00edcia em Pauta","isPartOf":{"@id":"https:\/\/noticiaempauta.com\/portal\/#website"},"primaryImageOfPage":{"@id":"https:\/\/noticiaempauta.com\/portal\/enem-2024-prazo-para-pedir-isencao-comeca-nesta-segunda-saiba-como-solicitar\/#primaryimage"},"image":{"@id":"https:\/\/noticiaempauta.com\/portal\/enem-2024-prazo-para-pedir-isencao-comeca-nesta-segunda-saiba-como-solicitar\/#primaryimage"},"thumbnailUrl":"https:\/\/noticiaempauta.com\/portal\/wp-content\/uploads\/2024\/04\/enem-2024-prazo-para-pedir-isencao-comeca-nesta-segunda-saiba-como-solicitar-104bb28e-8598-47a7-8c49-2da5126ec998.jpg.webp","datePublished":"2024-04-15T12:06:51+00:00","dateModified":"2024-04-15T12:06:52+00:00","breadcrumb":{"@id":"https:\/\/noticiaempauta.com\/portal\/enem-2024-prazo-para-pedir-isencao-comeca-nesta-segunda-saiba-como-solicitar\/#breadcrumb"},"inLanguage":"pt-BR","potentialAction":[{"@type":"ReadAction","target":["https:\/\/noticiaempauta.com\/portal\/enem-2024-prazo-para-pedir-isencao-comeca-nesta-segunda-saiba-como-solicitar\/"]}]},{"@type":"ImageObject","inLanguage":"pt-BR","@id":"https:\/\/noticiaempauta.com\/portal\/enem-2024-prazo-para-pedir-isencao-comeca-nesta-segunda-saiba-como-solicitar\/#primaryimage","url":"https:\/\/noticiaempauta.com\/portal\/wp-content\/uploads\/2024\/04\/enem-2024-prazo-para-pedir-isencao-comeca-nesta-segunda-saiba-como-solicitar-104bb28e-8598-47a7-8c49-2da5126ec998.jpg.webp","contentUrl":"https:\/\/noticiaempauta.com\/portal\/wp-content\/uploads\/2024\/04\/enem-2024-prazo-para-pedir-isencao-comeca-nesta-segunda-saiba-como-solicitar-104bb28e-8598-47a7-8c49-2da5126ec998.jpg.webp","width":854,"height":479},{"@type":"BreadcrumbList","@id":"https:\/\/noticiaempauta.com\/portal\/enem-2024-prazo-para-pedir-isencao-comeca-nesta-segunda-saiba-como-solicitar\/#breadcrumb","itemListElement":[{"@type":"ListItem","position":1,"name":"P\u00e1gina Inicial","item":"https:\/\/noticiaempauta.com\/portal\/"},{"@type":"ListItem","position":2,"name":"Destaques","item":"https:\/\/noticiaempauta.com\/portal\/destaques-site\/"},{"@type":"ListItem","position":3,"name":"Enem 2024: prazo para pedir isen\u00e7\u00e3o come\u00e7a nesta segunda; saiba como solicitar"}]},{"@type":"WebSite","@id":"https:\/\/noticiaempauta.com\/portal\/#website","url":"https:\/\/noticiaempauta.com\/portal\/","name":"Portal Not\u00edcia em Pauta","description":"Voc\u00ea bem informado","publisher":{"@id":"https:\/\/noticiaempauta.com\/portal\/#organization"},"potentialAction":[{"@type":"SearchAction","target":{"@type":"EntryPoint","urlTemplate":"https:\/\/noticiaempauta.com\/portal\/?s={search_term_string}"},"query-input":{"@type":"PropertyValueSpecification","valueRequired":true,"valueName":"search_term_string"}}],"inLanguage":"pt-BR"},{"@type":"Organization","@id":"https:\/\/noticiaempauta.com\/portal\/#organization","name":"Portal Not\u00edcia em Pauta","url":"https:\/\/noticiaempauta.com\/portal\/","logo":{"@type":"ImageObject","inLanguage":"pt-BR","@id":"https:\/\/noticiaempauta.com\/portal\/#\/schema\/logo\/image\/","url":"https:\/\/noticiaempauta.com\/portal\/wp-content\/uploads\/2022\/08\/logomarca_tema.fw_.png","contentUrl":"https:\/\/noticiaempauta.com\/portal\/wp-content\/uploads\/2022\/08\/logomarca_tema.fw_.png","width":400,"height":232,"caption":"Portal Not\u00edcia em Pauta"},"image":{"@id":"https:\/\/noticiaempauta.com\/portal\/#\/schema\/logo\/image\/"},"sameAs":["https:\/\/www.facebook.com\/Portal-Notcia-Em-Pauta-102292869264820\/","https:\/\/www.instagram.com\/portalnoticiaempauta\/"]},{"@type":"Person","@id":"https:\/\/noticiaempauta.com\/portal\/#\/schema\/person\/a74af43dd1ab3deca45f988c717d57ac","name":"Reda\u00e7\u00e3o","image":{"@type":"ImageObject","inLanguage":"pt-BR","@id":"https:\/\/noticiaempauta.com\/portal\/#\/schema\/person\/image\/","url":"https:\/\/secure.gravatar.com\/avatar\/03179346ecce6cdfc13361603e8f54242a90e5cde8618fa23c5c00aa2b0aadf3?s=96&d=mm&r=g","contentUrl":"https:\/\/secure.gravatar.com\/avatar\/03179346ecce6cdfc13361603e8f54242a90e5cde8618fa23c5c00aa2b0aadf3?s=96&d=mm&r=g","caption":"Reda\u00e7\u00e3o"},"sameAs":["https:\/\/noticiaempauta.com\/portal\/"],"url":"https:\/\/noticiaempauta.com\/portal\/author\/fernando\/"}]}},"_links":{"self":[{"href":"https:\/\/noticiaempauta.com\/portal\/wp-json\/wp\/v2\/posts\/256821","targetHints":{"allow":["GET"]}}],"collection":[{"href":"https:\/\/noticiaempauta.com\/portal\/wp-json\/wp\/v2\/posts"}],"about":[{"href":"https:\/\/noticiaempauta.com\/portal\/wp-json\/wp\/v2\/types\/post"}],"author":[{"embeddable":true,"href":"https:\/\/noticiaempauta.com\/portal\/wp-json\/wp\/v2\/users\/2"}],"replies":[{"embeddable":true,"href":"https:\/\/noticiaempauta.com\/portal\/wp-json\/wp\/v2\/comments?post=256821"}],"version-history":[{"count":2,"href":"https:\/\/noticiaempauta.com\/portal\/wp-json\/wp\/v2\/posts\/256821\/revisions"}],"predecessor-version":[{"id":256825,"href":"https:\/\/noticiaempauta.com\/portal\/wp-json\/wp\/v2\/posts\/256821\/revisions\/256825"}],"wp:featuredmedia":[{"embeddable":true,"href":"https:\/\/noticiaempauta.com\/portal\/wp-json\/wp\/v2\/media\/256823"}],"wp:attachment":[{"href":"https:\/\/noticiaempauta.com\/portal\/wp-json\/wp\/v2\/media?parent=256821"}],"wp:term":[{"taxonomy":"category","embeddable":true,"href":"https:\/\/noticiaempauta.com\/portal\/wp-json\/wp\/v2\/categories?post=256821"},{"taxonomy":"post_tag","embeddable":true,"href":"https:\/\/noticiaempauta.com\/portal\/wp-json\/wp\/v2\/tags?post=256821"}],"curies":[{"name":"wp","href":"https:\/\/api.w.org\/{rel}","templated":true}]}}