{"id":256836,"date":"2024-04-15T10:00:38","date_gmt":"2024-04-15T13:00:38","guid":{"rendered":"https:\/\/noticiaempauta.com\/portal\/?p=256836"},"modified":"2024-04-15T10:00:39","modified_gmt":"2024-04-15T13:00:39","slug":"saude-de-paqueta-do-piaui-promove-dia-d-de-vacinacao-contra-a-gripe","status":"publish","type":"post","link":"https:\/\/noticiaempauta.com\/portal\/saude-de-paqueta-do-piaui-promove-dia-d-de-vacinacao-contra-a-gripe\/","title":{"rendered":"Sa\u00fade de Paquet\u00e1 do Piau\u00ed promove Dia D de Vacina\u00e7\u00e3o contra a Gripe"},"content":{"rendered":"\n<p>A Secretaria Municipal de Sa\u00fade de Paquet\u00e1 do Piau\u00ed realizou neste s\u00e1bado, 13 de abril, o <strong>\u201cDia D\u201d de Vacina\u00e7\u00e3o contra a Influenza<\/strong>, a a\u00e7\u00e3o foi viabilizada para ampliar a cobertura vacinal no munic\u00edpio.<\/p>\n\n\n\n<figure class=\"wp-block-image size-large\"><img fetchpriority=\"high\" decoding=\"async\" width=\"576\" height=\"1024\" src=\"https:\/\/noticiaempauta.com\/portal\/wp-content\/uploads\/2024\/04\/WhatsApp-Image-2024-04-15-at-09.53.21-576x1024.jpeg\" alt=\"\" class=\"wp-image-256839\" srcset=\"https:\/\/noticiaempauta.com\/portal\/wp-content\/uploads\/2024\/04\/WhatsApp-Image-2024-04-15-at-09.53.21-576x1024.jpeg 576w, https:\/\/noticiaempauta.com\/portal\/wp-content\/uploads\/2024\/04\/WhatsApp-Image-2024-04-15-at-09.53.21-169x300.jpeg 169w, https:\/\/noticiaempauta.com\/portal\/wp-content\/uploads\/2024\/04\/WhatsApp-Image-2024-04-15-at-09.53.21-768x1365.jpeg 768w, https:\/\/noticiaempauta.com\/portal\/wp-content\/uploads\/2024\/04\/WhatsApp-Image-2024-04-15-at-09.53.21-864x1536.jpeg 864w, https:\/\/noticiaempauta.com\/portal\/wp-content\/uploads\/2024\/04\/WhatsApp-Image-2024-04-15-at-09.53.21.jpeg 900w\" sizes=\"(max-width: 576px) 100vw, 576px\" \/><\/figure>\n\n\n\n<figure class=\"wp-block-image size-large\"><img decoding=\"async\" width=\"1024\" height=\"945\" src=\"https:\/\/noticiaempauta.com\/portal\/wp-content\/uploads\/2024\/04\/WhatsApp-Image-2024-04-15-at-09.50.51-1024x945.jpeg\" alt=\"\" class=\"wp-image-256838\" srcset=\"https:\/\/noticiaempauta.com\/portal\/wp-content\/uploads\/2024\/04\/WhatsApp-Image-2024-04-15-at-09.50.51-1024x945.jpeg 1024w, https:\/\/noticiaempauta.com\/portal\/wp-content\/uploads\/2024\/04\/WhatsApp-Image-2024-04-15-at-09.50.51-300x277.jpeg 300w, https:\/\/noticiaempauta.com\/portal\/wp-content\/uploads\/2024\/04\/WhatsApp-Image-2024-04-15-at-09.50.51-768x709.jpeg 768w, https:\/\/noticiaempauta.com\/portal\/wp-content\/uploads\/2024\/04\/WhatsApp-Image-2024-04-15-at-09.50.51.jpeg 1170w\" sizes=\"(max-width: 1024px) 100vw, 1024px\" \/><\/figure>\n\n\n\n<p>A campanha que segue at\u00e9 o dia 31 de maio visa contemplar grupos priorit\u00e1rios, como idosos com 60 anos ou mais, crian\u00e7as de 6 meses a menores de 6 anos de idade \u2013 5 anos, 11 meses e 29 dias; trabalhadores da sa\u00fade; gestantes e pu\u00e9rperas at\u00e9 45 dias ap\u00f3s o parto; e professores do ensino b\u00e1sico e superior. Os pontos de vacina\u00e7\u00e3o funcionar\u00e3o das 7h30 \u00e0s 12h. <\/p>\n\n\n\n<figure class=\"wp-block-image size-large\"><img decoding=\"async\" width=\"849\" height=\"1024\" src=\"https:\/\/noticiaempauta.com\/portal\/wp-content\/uploads\/2024\/04\/WhatsApp-Image-2024-04-15-at-09.53.50-849x1024.jpeg\" alt=\"\" class=\"wp-image-256840\" srcset=\"https:\/\/noticiaempauta.com\/portal\/wp-content\/uploads\/2024\/04\/WhatsApp-Image-2024-04-15-at-09.53.50-849x1024.jpeg 849w, https:\/\/noticiaempauta.com\/portal\/wp-content\/uploads\/2024\/04\/WhatsApp-Image-2024-04-15-at-09.53.50-249x300.jpeg 249w, https:\/\/noticiaempauta.com\/portal\/wp-content\/uploads\/2024\/04\/WhatsApp-Image-2024-04-15-at-09.53.50-768x927.jpeg 768w, https:\/\/noticiaempauta.com\/portal\/wp-content\/uploads\/2024\/04\/WhatsApp-Image-2024-04-15-at-09.53.50.jpeg 900w\" sizes=\"(max-width: 849px) 100vw, 849px\" \/><\/figure>\n\n\n\n<p>O secret\u00e1rio de Sa\u00fade, Marcos Val\u00e9rio, que acompanhou a vacina\u00e7\u00e3o na UBS Roberval de Moura, , explicou que o v\u00edrus da gripe est\u00e1 em constante muta\u00e7\u00e3o. Por isso, as vacinas s\u00e3o atualizadas todos os anos para imunizar a popula\u00e7\u00e3o contra as cepas mais recentes.<\/p>\n\n\n\n<figure class=\"wp-block-image size-large\"><img loading=\"lazy\" decoding=\"async\" width=\"576\" height=\"1024\" src=\"https:\/\/noticiaempauta.com\/portal\/wp-content\/uploads\/2024\/04\/WhatsApp-Image-2024-04-15-at-09.53.02-576x1024.jpeg\" alt=\"\" class=\"wp-image-256841\" srcset=\"https:\/\/noticiaempauta.com\/portal\/wp-content\/uploads\/2024\/04\/WhatsApp-Image-2024-04-15-at-09.53.02-576x1024.jpeg 576w, https:\/\/noticiaempauta.com\/portal\/wp-content\/uploads\/2024\/04\/WhatsApp-Image-2024-04-15-at-09.53.02-169x300.jpeg 169w, https:\/\/noticiaempauta.com\/portal\/wp-content\/uploads\/2024\/04\/WhatsApp-Image-2024-04-15-at-09.53.02-768x1365.jpeg 768w, https:\/\/noticiaempauta.com\/portal\/wp-content\/uploads\/2024\/04\/WhatsApp-Image-2024-04-15-at-09.53.02-864x1536.jpeg 864w, https:\/\/noticiaempauta.com\/portal\/wp-content\/uploads\/2024\/04\/WhatsApp-Image-2024-04-15-at-09.53.02.jpeg 900w\" sizes=\"(max-width: 576px) 100vw, 576px\" \/><\/figure>\n\n\n\n<p><em>\u201cEste ano, a vacina trivalente protege do v\u00edrus influenza H1N1 e H3N2, ent\u00e3o \u00e9 fundamental que a popula\u00e7\u00e3o compare\u00e7a a um ponto de vacina\u00e7\u00e3o e que os respons\u00e1veis levem as crian\u00e7as para receberem a vacina, o Dia D \u00e9 mais uma oportunidade de se proteger contra a influenza e evitar casos graves da doen\u00e7a<\/em>&#8221; completou Marcos Val\u00e9rio.<\/p>\n\n\n\n<p><strong>Veja mais imagens<\/strong><\/p>\n\n\n\n<figure class=\"wp-block-image size-large\"><img loading=\"lazy\" decoding=\"async\" width=\"576\" height=\"1024\" src=\"https:\/\/noticiaempauta.com\/portal\/wp-content\/uploads\/2024\/04\/WhatsApp-Image-2024-04-15-at-09.53.02-1-576x1024.jpeg\" alt=\"\" class=\"wp-image-256842\" srcset=\"https:\/\/noticiaempauta.com\/portal\/wp-content\/uploads\/2024\/04\/WhatsApp-Image-2024-04-15-at-09.53.02-1-576x1024.jpeg 576w, https:\/\/noticiaempauta.com\/portal\/wp-content\/uploads\/2024\/04\/WhatsApp-Image-2024-04-15-at-09.53.02-1-169x300.jpeg 169w, https:\/\/noticiaempauta.com\/portal\/wp-content\/uploads\/2024\/04\/WhatsApp-Image-2024-04-15-at-09.53.02-1-768x1365.jpeg 768w, https:\/\/noticiaempauta.com\/portal\/wp-content\/uploads\/2024\/04\/WhatsApp-Image-2024-04-15-at-09.53.02-1-864x1536.jpeg 864w, https:\/\/noticiaempauta.com\/portal\/wp-content\/uploads\/2024\/04\/WhatsApp-Image-2024-04-15-at-09.53.02-1.jpeg 900w\" sizes=\"(max-width: 576px) 100vw, 576px\" \/><\/figure>\n\n\n\n<figure class=\"wp-block-image size-large\"><img loading=\"lazy\" decoding=\"async\" width=\"576\" height=\"1024\" src=\"https:\/\/noticiaempauta.com\/portal\/wp-content\/uploads\/2024\/04\/WhatsApp-Image-2024-04-15-at-09.53.01-576x1024.jpeg\" alt=\"\" class=\"wp-image-256843\" srcset=\"https:\/\/noticiaempauta.com\/portal\/wp-content\/uploads\/2024\/04\/WhatsApp-Image-2024-04-15-at-09.53.01-576x1024.jpeg 576w, https:\/\/noticiaempauta.com\/portal\/wp-content\/uploads\/2024\/04\/WhatsApp-Image-2024-04-15-at-09.53.01-169x300.jpeg 169w, https:\/\/noticiaempauta.com\/portal\/wp-content\/uploads\/2024\/04\/WhatsApp-Image-2024-04-15-at-09.53.01-768x1365.jpeg 768w, https:\/\/noticiaempauta.com\/portal\/wp-content\/uploads\/2024\/04\/WhatsApp-Image-2024-04-15-at-09.53.01-864x1536.jpeg 864w, https:\/\/noticiaempauta.com\/portal\/wp-content\/uploads\/2024\/04\/WhatsApp-Image-2024-04-15-at-09.53.01.jpeg 900w\" sizes=\"(max-width: 576px) 100vw, 576px\" \/><\/figure>\n\n\n\n<figure class=\"wp-block-image size-large\"><img loading=\"lazy\" decoding=\"async\" width=\"576\" height=\"1024\" src=\"https:\/\/noticiaempauta.com\/portal\/wp-content\/uploads\/2024\/04\/WhatsApp-Image-2024-04-15-at-09.53.00-576x1024.jpeg\" alt=\"\" class=\"wp-image-256844\" srcset=\"https:\/\/noticiaempauta.com\/portal\/wp-content\/uploads\/2024\/04\/WhatsApp-Image-2024-04-15-at-09.53.00-576x1024.jpeg 576w, https:\/\/noticiaempauta.com\/portal\/wp-content\/uploads\/2024\/04\/WhatsApp-Image-2024-04-15-at-09.53.00-169x300.jpeg 169w, https:\/\/noticiaempauta.com\/portal\/wp-content\/uploads\/2024\/04\/WhatsApp-Image-2024-04-15-at-09.53.00-768x1365.jpeg 768w, https:\/\/noticiaempauta.com\/portal\/wp-content\/uploads\/2024\/04\/WhatsApp-Image-2024-04-15-at-09.53.00-864x1536.jpeg 864w, https:\/\/noticiaempauta.com\/portal\/wp-content\/uploads\/2024\/04\/WhatsApp-Image-2024-04-15-at-09.53.00.jpeg 900w\" sizes=\"(max-width: 576px) 100vw, 576px\" \/><\/figure>\n\n\n\n<figure class=\"wp-block-image size-large\"><img loading=\"lazy\" decoding=\"async\" width=\"576\" height=\"1024\" src=\"https:\/\/noticiaempauta.com\/portal\/wp-content\/uploads\/2024\/04\/WhatsApp-Image-2024-04-15-at-09.53.03-576x1024.jpeg\" alt=\"\" class=\"wp-image-256845\" srcset=\"https:\/\/noticiaempauta.com\/portal\/wp-content\/uploads\/2024\/04\/WhatsApp-Image-2024-04-15-at-09.53.03-576x1024.jpeg 576w, https:\/\/noticiaempauta.com\/portal\/wp-content\/uploads\/2024\/04\/WhatsApp-Image-2024-04-15-at-09.53.03-169x300.jpeg 169w, https:\/\/noticiaempauta.com\/portal\/wp-content\/uploads\/2024\/04\/WhatsApp-Image-2024-04-15-at-09.53.03-768x1365.jpeg 768w, https:\/\/noticiaempauta.com\/portal\/wp-content\/uploads\/2024\/04\/WhatsApp-Image-2024-04-15-at-09.53.03-864x1536.jpeg 864w, https:\/\/noticiaempauta.com\/portal\/wp-content\/uploads\/2024\/04\/WhatsApp-Image-2024-04-15-at-09.53.03.jpeg 900w\" sizes=\"(max-width: 576px) 100vw, 576px\" \/><\/figure>\n\n\n\n<figure class=\"wp-block-image size-large\"><img loading=\"lazy\" decoding=\"async\" width=\"576\" height=\"1024\" src=\"https:\/\/noticiaempauta.com\/portal\/wp-content\/uploads\/2024\/04\/WhatsApp-Image-2024-04-15-at-09.53.21-1-576x1024.jpeg\" alt=\"\" class=\"wp-image-256846\" srcset=\"https:\/\/noticiaempauta.com\/portal\/wp-content\/uploads\/2024\/04\/WhatsApp-Image-2024-04-15-at-09.53.21-1-576x1024.jpeg 576w, https:\/\/noticiaempauta.com\/portal\/wp-content\/uploads\/2024\/04\/WhatsApp-Image-2024-04-15-at-09.53.21-1-169x300.jpeg 169w, https:\/\/noticiaempauta.com\/portal\/wp-content\/uploads\/2024\/04\/WhatsApp-Image-2024-04-15-at-09.53.21-1.jpeg 720w\" sizes=\"(max-width: 576px) 100vw, 576px\" \/><\/figure>\n\n\n\n<figure class=\"wp-block-image size-large\"><img loading=\"lazy\" decoding=\"async\" width=\"1024\" height=\"576\" src=\"https:\/\/noticiaempauta.com\/portal\/wp-content\/uploads\/2024\/04\/WhatsApp-Image-2024-04-15-at-09.53.22-1024x576.jpeg\" alt=\"\" class=\"wp-image-256847\" srcset=\"https:\/\/noticiaempauta.com\/portal\/wp-content\/uploads\/2024\/04\/WhatsApp-Image-2024-04-15-at-09.53.22-1024x576.jpeg 1024w, https:\/\/noticiaempauta.com\/portal\/wp-content\/uploads\/2024\/04\/WhatsApp-Image-2024-04-15-at-09.53.22-300x169.jpeg 300w, https:\/\/noticiaempauta.com\/portal\/wp-content\/uploads\/2024\/04\/WhatsApp-Image-2024-04-15-at-09.53.22-768x432.jpeg 768w, https:\/\/noticiaempauta.com\/portal\/wp-content\/uploads\/2024\/04\/WhatsApp-Image-2024-04-15-at-09.53.22.jpeg 1280w\" sizes=\"(max-width: 1024px) 100vw, 1024px\" \/><\/figure>\n\n\n\n<figure class=\"wp-block-image size-large\"><img loading=\"lazy\" decoding=\"async\" width=\"1024\" height=\"576\" src=\"https:\/\/noticiaempauta.com\/portal\/wp-content\/uploads\/2024\/04\/WhatsApp-Image-2024-04-15-at-09.53.59-1024x576.jpeg\" alt=\"\" class=\"wp-image-256848\" srcset=\"https:\/\/noticiaempauta.com\/portal\/wp-content\/uploads\/2024\/04\/WhatsApp-Image-2024-04-15-at-09.53.59-1024x576.jpeg 1024w, https:\/\/noticiaempauta.com\/portal\/wp-content\/uploads\/2024\/04\/WhatsApp-Image-2024-04-15-at-09.53.59-300x169.jpeg 300w, https:\/\/noticiaempauta.com\/portal\/wp-content\/uploads\/2024\/04\/WhatsApp-Image-2024-04-15-at-09.53.59-768x432.jpeg 768w, https:\/\/noticiaempauta.com\/portal\/wp-content\/uploads\/2024\/04\/WhatsApp-Image-2024-04-15-at-09.53.59-1536x864.jpeg 1536w, https:\/\/noticiaempauta.com\/portal\/wp-content\/uploads\/2024\/04\/WhatsApp-Image-2024-04-15-at-09.53.59.jpeg 1600w\" sizes=\"(max-width: 1024px) 100vw, 1024px\" \/><\/figure>\n\n\n\n<figure class=\"wp-block-image size-large\"><img loading=\"lazy\" decoding=\"async\" width=\"576\" height=\"1024\" src=\"https:\/\/noticiaempauta.com\/portal\/wp-content\/uploads\/2024\/04\/WhatsApp-Image-2024-04-15-at-09.54.21-576x1024.jpeg\" alt=\"\" class=\"wp-image-256849\" srcset=\"https:\/\/noticiaempauta.com\/portal\/wp-content\/uploads\/2024\/04\/WhatsApp-Image-2024-04-15-at-09.54.21-576x1024.jpeg 576w, https:\/\/noticiaempauta.com\/portal\/wp-content\/uploads\/2024\/04\/WhatsApp-Image-2024-04-15-at-09.54.21-169x300.jpeg 169w, https:\/\/noticiaempauta.com\/portal\/wp-content\/uploads\/2024\/04\/WhatsApp-Image-2024-04-15-at-09.54.21-768x1365.jpeg 768w, https:\/\/noticiaempauta.com\/portal\/wp-content\/uploads\/2024\/04\/WhatsApp-Image-2024-04-15-at-09.54.21-864x1536.jpeg 864w, https:\/\/noticiaempauta.com\/portal\/wp-content\/uploads\/2024\/04\/WhatsApp-Image-2024-04-15-at-09.54.21.jpeg 900w\" sizes=\"(max-width: 576px) 100vw, 576px\" \/><\/figure>\n","protected":false},"excerpt":{"rendered":"<p>A Secretaria Municipal de Sa\u00fade de Paquet\u00e1 do Piau\u00ed realizou neste s\u00e1bado, 13 de abril, o \u201cDia D\u201d de Vacina\u00e7\u00e3o contra a Influenza, a a\u00e7\u00e3o foi viabilizada para ampliar a cobertura vacinal no munic\u00edpio. A campanha que segue at\u00e9 o dia 31 de maio visa contemplar grupos priorit\u00e1rios, como idosos com 60 anos ou mais, [&hellip;]<\/p>\n","protected":false},"author":2,"featured_media":256838,"comment_status":"open","ping_status":"open","sticky":false,"template":"","format":"standard","meta":{"_mi_skip_tracking":false,"footnotes":""},"categories":[25,1,9,5],"tags":[192],"class_list":["post-256836","post","type-post","status-publish","format-standard","has-post-thumbnail","hentry","category-destaques-site","category-geral","category-municipios","category-saude","tag-destaqueprincipal"],"acf":[],"yoast_head":"<!-- This site is optimized with the Yoast SEO Premium plugin v19.2 (Yoast SEO v26.9) - https:\/\/yoast.com\/product\/yoast-seo-premium-wordpress\/ -->\n<title>Sa\u00fade de Paquet\u00e1 do Piau\u00ed promove Dia D de Vacina\u00e7\u00e3o contra a Gripe - Portal Not\u00edcia em Pauta<\/title>\n<meta name=\"robots\" content=\"index, follow, max-snippet:-1, max-image-preview:large, max-video-preview:-1\" \/>\n<link rel=\"canonical\" href=\"https:\/\/noticiaempauta.com\/portal\/saude-de-paqueta-do-piaui-promove-dia-d-de-vacinacao-contra-a-gripe\/\" \/>\n<meta property=\"og:locale\" content=\"pt_BR\" \/>\n<meta property=\"og:type\" content=\"article\" \/>\n<meta property=\"og:title\" content=\"Sa\u00fade de Paquet\u00e1 do Piau\u00ed promove Dia D de Vacina\u00e7\u00e3o contra a Gripe\" \/>\n<meta property=\"og:description\" content=\"A Secretaria Municipal de Sa\u00fade de Paquet\u00e1 do Piau\u00ed realizou neste s\u00e1bado, 13 de abril, o \u201cDia D\u201d de Vacina\u00e7\u00e3o contra a Influenza, a a\u00e7\u00e3o foi viabilizada para ampliar a cobertura vacinal no munic\u00edpio. A campanha que segue at\u00e9 o dia 31 de maio visa contemplar grupos priorit\u00e1rios, como idosos com 60 anos ou mais, [&hellip;]\" \/>\n<meta property=\"og:url\" content=\"https:\/\/noticiaempauta.com\/portal\/saude-de-paqueta-do-piaui-promove-dia-d-de-vacinacao-contra-a-gripe\/\" \/>\n<meta property=\"og:site_name\" content=\"Portal Not\u00edcia em Pauta\" \/>\n<meta property=\"article:publisher\" content=\"https:\/\/www.facebook.com\/Portal-Notcia-Em-Pauta-102292869264820\/\" \/>\n<meta property=\"article:published_time\" content=\"2024-04-15T13:00:38+00:00\" \/>\n<meta property=\"article:modified_time\" content=\"2024-04-15T13:00:39+00:00\" \/>\n<meta property=\"og:image\" content=\"https:\/\/noticiaempauta.com\/portal\/wp-content\/uploads\/2024\/04\/WhatsApp-Image-2024-04-15-at-09.50.51.jpeg\" \/>\n\t<meta property=\"og:image:width\" content=\"1170\" \/>\n\t<meta property=\"og:image:height\" content=\"1080\" \/>\n\t<meta property=\"og:image:type\" content=\"image\/jpeg\" \/>\n<meta name=\"author\" content=\"Reda\u00e7\u00e3o\" \/>\n<meta name=\"twitter:card\" content=\"summary_large_image\" \/>\n<meta name=\"twitter:label1\" content=\"Escrito por\" \/>\n\t<meta name=\"twitter:data1\" content=\"Reda\u00e7\u00e3o\" \/>\n\t<meta name=\"twitter:label2\" content=\"Est. tempo de leitura\" \/>\n\t<meta name=\"twitter:data2\" content=\"4 minutos\" \/>\n<script type=\"application\/ld+json\" class=\"yoast-schema-graph\">{\"@context\":\"https:\/\/schema.org\",\"@graph\":[{\"@type\":\"Article\",\"@id\":\"https:\/\/noticiaempauta.com\/portal\/saude-de-paqueta-do-piaui-promove-dia-d-de-vacinacao-contra-a-gripe\/#article\",\"isPartOf\":{\"@id\":\"https:\/\/noticiaempauta.com\/portal\/saude-de-paqueta-do-piaui-promove-dia-d-de-vacinacao-contra-a-gripe\/\"},\"author\":{\"name\":\"Reda\u00e7\u00e3o\",\"@id\":\"https:\/\/noticiaempauta.com\/portal\/#\/schema\/person\/a74af43dd1ab3deca45f988c717d57ac\"},\"headline\":\"Sa\u00fade de Paquet\u00e1 do Piau\u00ed promove Dia D de Vacina\u00e7\u00e3o contra a Gripe\",\"datePublished\":\"2024-04-15T13:00:38+00:00\",\"dateModified\":\"2024-04-15T13:00:39+00:00\",\"mainEntityOfPage\":{\"@id\":\"https:\/\/noticiaempauta.com\/portal\/saude-de-paqueta-do-piaui-promove-dia-d-de-vacinacao-contra-a-gripe\/\"},\"wordCount\":240,\"commentCount\":0,\"publisher\":{\"@id\":\"https:\/\/noticiaempauta.com\/portal\/#organization\"},\"image\":{\"@id\":\"https:\/\/noticiaempauta.com\/portal\/saude-de-paqueta-do-piaui-promove-dia-d-de-vacinacao-contra-a-gripe\/#primaryimage\"},\"thumbnailUrl\":\"https:\/\/noticiaempauta.com\/portal\/wp-content\/uploads\/2024\/04\/WhatsApp-Image-2024-04-15-at-09.50.51.jpeg\",\"keywords\":[\"destaqueprincipal\"],\"articleSection\":[\"Destaques\",\"Geral\",\"Munic\u00edpios\",\"Sa\u00fade\"],\"inLanguage\":\"pt-BR\",\"potentialAction\":[{\"@type\":\"CommentAction\",\"name\":\"Comment\",\"target\":[\"https:\/\/noticiaempauta.com\/portal\/saude-de-paqueta-do-piaui-promove-dia-d-de-vacinacao-contra-a-gripe\/#respond\"]}]},{\"@type\":\"WebPage\",\"@id\":\"https:\/\/noticiaempauta.com\/portal\/saude-de-paqueta-do-piaui-promove-dia-d-de-vacinacao-contra-a-gripe\/\",\"url\":\"https:\/\/noticiaempauta.com\/portal\/saude-de-paqueta-do-piaui-promove-dia-d-de-vacinacao-contra-a-gripe\/\",\"name\":\"Sa\u00fade de Paquet\u00e1 do Piau\u00ed promove Dia D de Vacina\u00e7\u00e3o contra a Gripe - Portal Not\u00edcia em Pauta\",\"isPartOf\":{\"@id\":\"https:\/\/noticiaempauta.com\/portal\/#website\"},\"primaryImageOfPage\":{\"@id\":\"https:\/\/noticiaempauta.com\/portal\/saude-de-paqueta-do-piaui-promove-dia-d-de-vacinacao-contra-a-gripe\/#primaryimage\"},\"image\":{\"@id\":\"https:\/\/noticiaempauta.com\/portal\/saude-de-paqueta-do-piaui-promove-dia-d-de-vacinacao-contra-a-gripe\/#primaryimage\"},\"thumbnailUrl\":\"https:\/\/noticiaempauta.com\/portal\/wp-content\/uploads\/2024\/04\/WhatsApp-Image-2024-04-15-at-09.50.51.jpeg\",\"datePublished\":\"2024-04-15T13:00:38+00:00\",\"dateModified\":\"2024-04-15T13:00:39+00:00\",\"breadcrumb\":{\"@id\":\"https:\/\/noticiaempauta.com\/portal\/saude-de-paqueta-do-piaui-promove-dia-d-de-vacinacao-contra-a-gripe\/#breadcrumb\"},\"inLanguage\":\"pt-BR\",\"potentialAction\":[{\"@type\":\"ReadAction\",\"target\":[\"https:\/\/noticiaempauta.com\/portal\/saude-de-paqueta-do-piaui-promove-dia-d-de-vacinacao-contra-a-gripe\/\"]}]},{\"@type\":\"ImageObject\",\"inLanguage\":\"pt-BR\",\"@id\":\"https:\/\/noticiaempauta.com\/portal\/saude-de-paqueta-do-piaui-promove-dia-d-de-vacinacao-contra-a-gripe\/#primaryimage\",\"url\":\"https:\/\/noticiaempauta.com\/portal\/wp-content\/uploads\/2024\/04\/WhatsApp-Image-2024-04-15-at-09.50.51.jpeg\",\"contentUrl\":\"https:\/\/noticiaempauta.com\/portal\/wp-content\/uploads\/2024\/04\/WhatsApp-Image-2024-04-15-at-09.50.51.jpeg\",\"width\":1170,\"height\":1080},{\"@type\":\"BreadcrumbList\",\"@id\":\"https:\/\/noticiaempauta.com\/portal\/saude-de-paqueta-do-piaui-promove-dia-d-de-vacinacao-contra-a-gripe\/#breadcrumb\",\"itemListElement\":[{\"@type\":\"ListItem\",\"position\":1,\"name\":\"P\u00e1gina Inicial\",\"item\":\"https:\/\/noticiaempauta.com\/portal\/\"},{\"@type\":\"ListItem\",\"position\":2,\"name\":\"Destaques\",\"item\":\"https:\/\/noticiaempauta.com\/portal\/destaques-site\/\"},{\"@type\":\"ListItem\",\"position\":3,\"name\":\"Sa\u00fade de Paquet\u00e1 do Piau\u00ed promove Dia D de Vacina\u00e7\u00e3o contra a Gripe\"}]},{\"@type\":\"WebSite\",\"@id\":\"https:\/\/noticiaempauta.com\/portal\/#website\",\"url\":\"https:\/\/noticiaempauta.com\/portal\/\",\"name\":\"Portal Not\u00edcia em Pauta\",\"description\":\"Voc\u00ea bem informado\",\"publisher\":{\"@id\":\"https:\/\/noticiaempauta.com\/portal\/#organization\"},\"potentialAction\":[{\"@type\":\"SearchAction\",\"target\":{\"@type\":\"EntryPoint\",\"urlTemplate\":\"https:\/\/noticiaempauta.com\/portal\/?s={search_term_string}\"},\"query-input\":{\"@type\":\"PropertyValueSpecification\",\"valueRequired\":true,\"valueName\":\"search_term_string\"}}],\"inLanguage\":\"pt-BR\"},{\"@type\":\"Organization\",\"@id\":\"https:\/\/noticiaempauta.com\/portal\/#organization\",\"name\":\"Portal Not\u00edcia em Pauta\",\"url\":\"https:\/\/noticiaempauta.com\/portal\/\",\"logo\":{\"@type\":\"ImageObject\",\"inLanguage\":\"pt-BR\",\"@id\":\"https:\/\/noticiaempauta.com\/portal\/#\/schema\/logo\/image\/\",\"url\":\"https:\/\/noticiaempauta.com\/portal\/wp-content\/uploads\/2022\/08\/logomarca_tema.fw_.png\",\"contentUrl\":\"https:\/\/noticiaempauta.com\/portal\/wp-content\/uploads\/2022\/08\/logomarca_tema.fw_.png\",\"width\":400,\"height\":232,\"caption\":\"Portal Not\u00edcia em Pauta\"},\"image\":{\"@id\":\"https:\/\/noticiaempauta.com\/portal\/#\/schema\/logo\/image\/\"},\"sameAs\":[\"https:\/\/www.facebook.com\/Portal-Notcia-Em-Pauta-102292869264820\/\",\"https:\/\/www.instagram.com\/portalnoticiaempauta\/\"]},{\"@type\":\"Person\",\"@id\":\"https:\/\/noticiaempauta.com\/portal\/#\/schema\/person\/a74af43dd1ab3deca45f988c717d57ac\",\"name\":\"Reda\u00e7\u00e3o\",\"image\":{\"@type\":\"ImageObject\",\"inLanguage\":\"pt-BR\",\"@id\":\"https:\/\/noticiaempauta.com\/portal\/#\/schema\/person\/image\/\",\"url\":\"https:\/\/secure.gravatar.com\/avatar\/03179346ecce6cdfc13361603e8f54242a90e5cde8618fa23c5c00aa2b0aadf3?s=96&d=mm&r=g\",\"contentUrl\":\"https:\/\/secure.gravatar.com\/avatar\/03179346ecce6cdfc13361603e8f54242a90e5cde8618fa23c5c00aa2b0aadf3?s=96&d=mm&r=g\",\"caption\":\"Reda\u00e7\u00e3o\"},\"sameAs\":[\"https:\/\/noticiaempauta.com\/portal\/\"],\"url\":\"https:\/\/noticiaempauta.com\/portal\/author\/fernando\/\"}]}<\/script>\n<!-- \/ Yoast SEO Premium plugin. -->","yoast_head_json":{"title":"Sa\u00fade de Paquet\u00e1 do Piau\u00ed promove Dia D de Vacina\u00e7\u00e3o contra a Gripe - Portal Not\u00edcia em Pauta","robots":{"index":"index","follow":"follow","max-snippet":"max-snippet:-1","max-image-preview":"max-image-preview:large","max-video-preview":"max-video-preview:-1"},"canonical":"https:\/\/noticiaempauta.com\/portal\/saude-de-paqueta-do-piaui-promove-dia-d-de-vacinacao-contra-a-gripe\/","og_locale":"pt_BR","og_type":"article","og_title":"Sa\u00fade de Paquet\u00e1 do Piau\u00ed promove Dia D de Vacina\u00e7\u00e3o contra a Gripe","og_description":"A Secretaria Municipal de Sa\u00fade de Paquet\u00e1 do Piau\u00ed realizou neste s\u00e1bado, 13 de abril, o \u201cDia D\u201d de Vacina\u00e7\u00e3o contra a Influenza, a a\u00e7\u00e3o foi viabilizada para ampliar a cobertura vacinal no munic\u00edpio. A campanha que segue at\u00e9 o dia 31 de maio visa contemplar grupos priorit\u00e1rios, como idosos com 60 anos ou mais, [&hellip;]","og_url":"https:\/\/noticiaempauta.com\/portal\/saude-de-paqueta-do-piaui-promove-dia-d-de-vacinacao-contra-a-gripe\/","og_site_name":"Portal Not\u00edcia em Pauta","article_publisher":"https:\/\/www.facebook.com\/Portal-Notcia-Em-Pauta-102292869264820\/","article_published_time":"2024-04-15T13:00:38+00:00","article_modified_time":"2024-04-15T13:00:39+00:00","og_image":[{"width":1170,"height":1080,"url":"https:\/\/noticiaempauta.com\/portal\/wp-content\/uploads\/2024\/04\/WhatsApp-Image-2024-04-15-at-09.50.51.jpeg","type":"image\/jpeg"}],"author":"Reda\u00e7\u00e3o","twitter_card":"summary_large_image","twitter_misc":{"Escrito por":"Reda\u00e7\u00e3o","Est. tempo de leitura":"4 minutos"},"schema":{"@context":"https:\/\/schema.org","@graph":[{"@type":"Article","@id":"https:\/\/noticiaempauta.com\/portal\/saude-de-paqueta-do-piaui-promove-dia-d-de-vacinacao-contra-a-gripe\/#article","isPartOf":{"@id":"https:\/\/noticiaempauta.com\/portal\/saude-de-paqueta-do-piaui-promove-dia-d-de-vacinacao-contra-a-gripe\/"},"author":{"name":"Reda\u00e7\u00e3o","@id":"https:\/\/noticiaempauta.com\/portal\/#\/schema\/person\/a74af43dd1ab3deca45f988c717d57ac"},"headline":"Sa\u00fade de Paquet\u00e1 do Piau\u00ed promove Dia D de Vacina\u00e7\u00e3o contra a Gripe","datePublished":"2024-04-15T13:00:38+00:00","dateModified":"2024-04-15T13:00:39+00:00","mainEntityOfPage":{"@id":"https:\/\/noticiaempauta.com\/portal\/saude-de-paqueta-do-piaui-promove-dia-d-de-vacinacao-contra-a-gripe\/"},"wordCount":240,"commentCount":0,"publisher":{"@id":"https:\/\/noticiaempauta.com\/portal\/#organization"},"image":{"@id":"https:\/\/noticiaempauta.com\/portal\/saude-de-paqueta-do-piaui-promove-dia-d-de-vacinacao-contra-a-gripe\/#primaryimage"},"thumbnailUrl":"https:\/\/noticiaempauta.com\/portal\/wp-content\/uploads\/2024\/04\/WhatsApp-Image-2024-04-15-at-09.50.51.jpeg","keywords":["destaqueprincipal"],"articleSection":["Destaques","Geral","Munic\u00edpios","Sa\u00fade"],"inLanguage":"pt-BR","potentialAction":[{"@type":"CommentAction","name":"Comment","target":["https:\/\/noticiaempauta.com\/portal\/saude-de-paqueta-do-piaui-promove-dia-d-de-vacinacao-contra-a-gripe\/#respond"]}]},{"@type":"WebPage","@id":"https:\/\/noticiaempauta.com\/portal\/saude-de-paqueta-do-piaui-promove-dia-d-de-vacinacao-contra-a-gripe\/","url":"https:\/\/noticiaempauta.com\/portal\/saude-de-paqueta-do-piaui-promove-dia-d-de-vacinacao-contra-a-gripe\/","name":"Sa\u00fade de Paquet\u00e1 do Piau\u00ed promove Dia D de Vacina\u00e7\u00e3o contra a Gripe - Portal Not\u00edcia em Pauta","isPartOf":{"@id":"https:\/\/noticiaempauta.com\/portal\/#website"},"primaryImageOfPage":{"@id":"https:\/\/noticiaempauta.com\/portal\/saude-de-paqueta-do-piaui-promove-dia-d-de-vacinacao-contra-a-gripe\/#primaryimage"},"image":{"@id":"https:\/\/noticiaempauta.com\/portal\/saude-de-paqueta-do-piaui-promove-dia-d-de-vacinacao-contra-a-gripe\/#primaryimage"},"thumbnailUrl":"https:\/\/noticiaempauta.com\/portal\/wp-content\/uploads\/2024\/04\/WhatsApp-Image-2024-04-15-at-09.50.51.jpeg","datePublished":"2024-04-15T13:00:38+00:00","dateModified":"2024-04-15T13:00:39+00:00","breadcrumb":{"@id":"https:\/\/noticiaempauta.com\/portal\/saude-de-paqueta-do-piaui-promove-dia-d-de-vacinacao-contra-a-gripe\/#breadcrumb"},"inLanguage":"pt-BR","potentialAction":[{"@type":"ReadAction","target":["https:\/\/noticiaempauta.com\/portal\/saude-de-paqueta-do-piaui-promove-dia-d-de-vacinacao-contra-a-gripe\/"]}]},{"@type":"ImageObject","inLanguage":"pt-BR","@id":"https:\/\/noticiaempauta.com\/portal\/saude-de-paqueta-do-piaui-promove-dia-d-de-vacinacao-contra-a-gripe\/#primaryimage","url":"https:\/\/noticiaempauta.com\/portal\/wp-content\/uploads\/2024\/04\/WhatsApp-Image-2024-04-15-at-09.50.51.jpeg","contentUrl":"https:\/\/noticiaempauta.com\/portal\/wp-content\/uploads\/2024\/04\/WhatsApp-Image-2024-04-15-at-09.50.51.jpeg","width":1170,"height":1080},{"@type":"BreadcrumbList","@id":"https:\/\/noticiaempauta.com\/portal\/saude-de-paqueta-do-piaui-promove-dia-d-de-vacinacao-contra-a-gripe\/#breadcrumb","itemListElement":[{"@type":"ListItem","position":1,"name":"P\u00e1gina Inicial","item":"https:\/\/noticiaempauta.com\/portal\/"},{"@type":"ListItem","position":2,"name":"Destaques","item":"https:\/\/noticiaempauta.com\/portal\/destaques-site\/"},{"@type":"ListItem","position":3,"name":"Sa\u00fade de Paquet\u00e1 do Piau\u00ed promove Dia D de Vacina\u00e7\u00e3o contra a Gripe"}]},{"@type":"WebSite","@id":"https:\/\/noticiaempauta.com\/portal\/#website","url":"https:\/\/noticiaempauta.com\/portal\/","name":"Portal Not\u00edcia em Pauta","description":"Voc\u00ea bem informado","publisher":{"@id":"https:\/\/noticiaempauta.com\/portal\/#organization"},"potentialAction":[{"@type":"SearchAction","target":{"@type":"EntryPoint","urlTemplate":"https:\/\/noticiaempauta.com\/portal\/?s={search_term_string}"},"query-input":{"@type":"PropertyValueSpecification","valueRequired":true,"valueName":"search_term_string"}}],"inLanguage":"pt-BR"},{"@type":"Organization","@id":"https:\/\/noticiaempauta.com\/portal\/#organization","name":"Portal Not\u00edcia em Pauta","url":"https:\/\/noticiaempauta.com\/portal\/","logo":{"@type":"ImageObject","inLanguage":"pt-BR","@id":"https:\/\/noticiaempauta.com\/portal\/#\/schema\/logo\/image\/","url":"https:\/\/noticiaempauta.com\/portal\/wp-content\/uploads\/2022\/08\/logomarca_tema.fw_.png","contentUrl":"https:\/\/noticiaempauta.com\/portal\/wp-content\/uploads\/2022\/08\/logomarca_tema.fw_.png","width":400,"height":232,"caption":"Portal Not\u00edcia em Pauta"},"image":{"@id":"https:\/\/noticiaempauta.com\/portal\/#\/schema\/logo\/image\/"},"sameAs":["https:\/\/www.facebook.com\/Portal-Notcia-Em-Pauta-102292869264820\/","https:\/\/www.instagram.com\/portalnoticiaempauta\/"]},{"@type":"Person","@id":"https:\/\/noticiaempauta.com\/portal\/#\/schema\/person\/a74af43dd1ab3deca45f988c717d57ac","name":"Reda\u00e7\u00e3o","image":{"@type":"ImageObject","inLanguage":"pt-BR","@id":"https:\/\/noticiaempauta.com\/portal\/#\/schema\/person\/image\/","url":"https:\/\/secure.gravatar.com\/avatar\/03179346ecce6cdfc13361603e8f54242a90e5cde8618fa23c5c00aa2b0aadf3?s=96&d=mm&r=g","contentUrl":"https:\/\/secure.gravatar.com\/avatar\/03179346ecce6cdfc13361603e8f54242a90e5cde8618fa23c5c00aa2b0aadf3?s=96&d=mm&r=g","caption":"Reda\u00e7\u00e3o"},"sameAs":["https:\/\/noticiaempauta.com\/portal\/"],"url":"https:\/\/noticiaempauta.com\/portal\/author\/fernando\/"}]}},"_links":{"self":[{"href":"https:\/\/noticiaempauta.com\/portal\/wp-json\/wp\/v2\/posts\/256836","targetHints":{"allow":["GET"]}}],"collection":[{"href":"https:\/\/noticiaempauta.com\/portal\/wp-json\/wp\/v2\/posts"}],"about":[{"href":"https:\/\/noticiaempauta.com\/portal\/wp-json\/wp\/v2\/types\/post"}],"author":[{"embeddable":true,"href":"https:\/\/noticiaempauta.com\/portal\/wp-json\/wp\/v2\/users\/2"}],"replies":[{"embeddable":true,"href":"https:\/\/noticiaempauta.com\/portal\/wp-json\/wp\/v2\/comments?post=256836"}],"version-history":[{"count":2,"href":"https:\/\/noticiaempauta.com\/portal\/wp-json\/wp\/v2\/posts\/256836\/revisions"}],"predecessor-version":[{"id":256851,"href":"https:\/\/noticiaempauta.com\/portal\/wp-json\/wp\/v2\/posts\/256836\/revisions\/256851"}],"wp:featuredmedia":[{"embeddable":true,"href":"https:\/\/noticiaempauta.com\/portal\/wp-json\/wp\/v2\/media\/256838"}],"wp:attachment":[{"href":"https:\/\/noticiaempauta.com\/portal\/wp-json\/wp\/v2\/media?parent=256836"}],"wp:term":[{"taxonomy":"category","embeddable":true,"href":"https:\/\/noticiaempauta.com\/portal\/wp-json\/wp\/v2\/categories?post=256836"},{"taxonomy":"post_tag","embeddable":true,"href":"https:\/\/noticiaempauta.com\/portal\/wp-json\/wp\/v2\/tags?post=256836"}],"curies":[{"name":"wp","href":"https:\/\/api.w.org\/{rel}","templated":true}]}}