{"id":256878,"date":"2024-04-15T19:37:10","date_gmt":"2024-04-15T22:37:10","guid":{"rendered":"https:\/\/noticiaempauta.com\/portal\/?p=256878"},"modified":"2024-04-15T19:37:11","modified_gmt":"2024-04-15T22:37:11","slug":"diretor-de-engenharia-do-der-pi-destaca-que-primeira-etapa-da-obra-de-drenagem-no-bairro-ipueiras-sera-concluida-em-junho","status":"publish","type":"post","link":"https:\/\/noticiaempauta.com\/portal\/diretor-de-engenharia-do-der-pi-destaca-que-primeira-etapa-da-obra-de-drenagem-no-bairro-ipueiras-sera-concluida-em-junho\/","title":{"rendered":"Diretor de engenharia do DER-PI destaca que primeira etapa da obra de drenagem no bairro Ipueiras ser\u00e1 conclu\u00edda em junho"},"content":{"rendered":"\n<p>O diretor de engenharia do Departamento de Estradas de Rodagem do Piau\u00ed (DER-PI), Ant\u00f4nio Marcos Silva, em entrevista ao Jornal de Picos nesta segunda-feira (15) falou sobre os avan\u00e7os na obra de macrodrenagem que est\u00e1 sendo executada na PI-238, na altura do bairro Ipueiras, em Picos.\u00a0<\/p>\n\n\n\n<p><strong>Confira a reportagem<\/strong><\/p>\n\n\n\n<figure class=\"wp-block-embed is-type-video is-provider-youtube wp-block-embed-youtube wp-embed-aspect-16-9 wp-has-aspect-ratio\"><div class=\"wp-block-embed__wrapper\">\n<iframe title=\"DER-PI diz que primeira etapa da obra na PI-238, em Picos, deve ser conclu\u00edda em junho deste ano\" width=\"800\" height=\"450\" src=\"https:\/\/www.youtube.com\/embed\/ldLMWOOHZ6k?feature=oembed\" frameborder=\"0\" allow=\"accelerometer; autoplay; clipboard-write; encrypted-media; gyroscope; picture-in-picture; web-share\" referrerpolicy=\"strict-origin-when-cross-origin\" allowfullscreen><\/iframe>\n<\/div><\/figure>\n\n\n\n<p>&#8220;Essa obra \u00e9 de grande import\u00e2ncia n\u00e3o s\u00f3 para o munic\u00edpio de Picos, mas tamb\u00e9m para os munic\u00edpios de Sussuapara, Bocaina, S\u00e3o Jos\u00e9, toda essa regi\u00e3o. Na \u00e9poca de elabora\u00e7\u00e3o do projeto, observamos h\u00e1 uns 10 anos atr\u00e1s havia pouca casas nessa regi\u00e3o e com a expans\u00e3o da zona urbana, essas \u00e1reas utilizadas para escoamento das \u00e1guas foram ocupadas. Muitos anos essa regi\u00e3o sofria com alagamentos, com esse transtorno de \u00e1gua. O DER e o Governo do Estado iniciaram esse projeto, n\u00e3o s\u00f3 na recupera\u00e7\u00e3o da rodovia, uma sinaliza\u00e7\u00e3o nova, s\u00e3o 14 km de novo asfalto&#8221;, disse o diretor.<\/p>\n\n\n\n<p>Ant\u00f4nio Marcos ainda ressaltou que a obra em sua totalidade contar\u00e1 com aplica\u00e7\u00e3o de 3.700 tubos. Destes, 2.300 j\u00e1 foram colocados, onde a conclus\u00e3o da primeira etapa da obra est\u00e1 prevista para a primeira quinzena de junho.\u00a0<\/p>\n\n\n\n<figure class=\"wp-block-image size-large\"><img fetchpriority=\"high\" decoding=\"async\" width=\"1024\" height=\"683\" src=\"https:\/\/noticiaempauta.com\/portal\/wp-content\/uploads\/2024\/04\/PI_238_11_25b8f1f863-1024x683.jpg\" alt=\"\" class=\"wp-image-256880\" srcset=\"https:\/\/noticiaempauta.com\/portal\/wp-content\/uploads\/2024\/04\/PI_238_11_25b8f1f863-1024x683.jpg 1024w, https:\/\/noticiaempauta.com\/portal\/wp-content\/uploads\/2024\/04\/PI_238_11_25b8f1f863-300x200.jpg 300w, https:\/\/noticiaempauta.com\/portal\/wp-content\/uploads\/2024\/04\/PI_238_11_25b8f1f863-768x512.jpg 768w, https:\/\/noticiaempauta.com\/portal\/wp-content\/uploads\/2024\/04\/PI_238_11_25b8f1f863-1536x1024.jpg 1536w, https:\/\/noticiaempauta.com\/portal\/wp-content\/uploads\/2024\/04\/PI_238_11_25b8f1f863-2048x1365.jpg 2048w\" sizes=\"(max-width: 1024px) 100vw, 1024px\" \/><\/figure>\n\n\n\n<p>\u00a0&#8220;A fabrica\u00e7\u00e3o de todos os 3.700 tubos\u00a0 j\u00e1 foi realizada. Esse desconforto \u00e9 passageiro, mas depois vai valer a pena pela seguran\u00e7a que a obra de macrodrenagem vai proporcionar. Essa obra deve ser conclu\u00edda na primeira quinzena de junho. A parte mais dif\u00edcil j\u00e1 foi feita e j\u00e1 temos os tubos par serem aplicados&#8221;, concluiu.<\/p>\n\n\n\n<p><em>Fonte: Cidade Verde<\/em><\/p>\n","protected":false},"excerpt":{"rendered":"<p>O diretor de engenharia do Departamento de Estradas de Rodagem do Piau\u00ed (DER-PI), Ant\u00f4nio Marcos Silva, em entrevista ao Jornal de Picos nesta segunda-feira (15) falou sobre os avan\u00e7os na obra de macrodrenagem que est\u00e1 sendo executada na PI-238, na altura do bairro Ipueiras, em Picos.\u00a0 Confira a reportagem &#8220;Essa obra \u00e9 de grande import\u00e2ncia [&hellip;]<\/p>\n","protected":false},"author":2,"featured_media":256880,"comment_status":"open","ping_status":"open","sticky":false,"template":"","format":"standard","meta":{"_mi_skip_tracking":false,"footnotes":""},"categories":[25,1,16],"tags":[192],"class_list":["post-256878","post","type-post","status-publish","format-standard","has-post-thumbnail","hentry","category-destaques-site","category-geral","category-todas","tag-destaqueprincipal"],"acf":[],"yoast_head":"<!-- This site is optimized with the Yoast SEO Premium plugin v19.2 (Yoast SEO v26.9) - https:\/\/yoast.com\/product\/yoast-seo-premium-wordpress\/ -->\n<title>Diretor de engenharia do DER-PI destaca que primeira etapa da obra de drenagem no bairro Ipueiras ser\u00e1 conclu\u00edda em junho - Portal Not\u00edcia em Pauta<\/title>\n<meta name=\"robots\" content=\"index, follow, max-snippet:-1, max-image-preview:large, max-video-preview:-1\" \/>\n<link rel=\"canonical\" href=\"https:\/\/noticiaempauta.com\/portal\/diretor-de-engenharia-do-der-pi-destaca-que-primeira-etapa-da-obra-de-drenagem-no-bairro-ipueiras-sera-concluida-em-junho\/\" \/>\n<meta property=\"og:locale\" content=\"pt_BR\" \/>\n<meta property=\"og:type\" content=\"article\" \/>\n<meta property=\"og:title\" content=\"Diretor de engenharia do DER-PI destaca que primeira etapa da obra de drenagem no bairro Ipueiras ser\u00e1 conclu\u00edda em junho\" \/>\n<meta property=\"og:description\" content=\"O diretor de engenharia do Departamento de Estradas de Rodagem do Piau\u00ed (DER-PI), Ant\u00f4nio Marcos Silva, em entrevista ao Jornal de Picos nesta segunda-feira (15) falou sobre os avan\u00e7os na obra de macrodrenagem que est\u00e1 sendo executada na PI-238, na altura do bairro Ipueiras, em Picos.\u00a0 Confira a reportagem &#8220;Essa obra \u00e9 de grande import\u00e2ncia [&hellip;]\" \/>\n<meta property=\"og:url\" content=\"https:\/\/noticiaempauta.com\/portal\/diretor-de-engenharia-do-der-pi-destaca-que-primeira-etapa-da-obra-de-drenagem-no-bairro-ipueiras-sera-concluida-em-junho\/\" \/>\n<meta property=\"og:site_name\" content=\"Portal Not\u00edcia em Pauta\" \/>\n<meta property=\"article:publisher\" content=\"https:\/\/www.facebook.com\/Portal-Notcia-Em-Pauta-102292869264820\/\" \/>\n<meta property=\"article:published_time\" content=\"2024-04-15T22:37:10+00:00\" \/>\n<meta property=\"article:modified_time\" content=\"2024-04-15T22:37:11+00:00\" \/>\n<meta property=\"og:image\" content=\"https:\/\/noticiaempauta.com\/portal\/wp-content\/uploads\/2024\/04\/PI_238_11_25b8f1f863-scaled.jpg\" \/>\n\t<meta property=\"og:image:width\" content=\"2560\" \/>\n\t<meta property=\"og:image:height\" content=\"1707\" \/>\n\t<meta property=\"og:image:type\" content=\"image\/jpeg\" \/>\n<meta name=\"author\" content=\"Reda\u00e7\u00e3o\" \/>\n<meta name=\"twitter:card\" content=\"summary_large_image\" \/>\n<meta name=\"twitter:label1\" content=\"Escrito por\" \/>\n\t<meta name=\"twitter:data1\" content=\"Reda\u00e7\u00e3o\" \/>\n\t<meta name=\"twitter:label2\" content=\"Est. tempo de leitura\" \/>\n\t<meta name=\"twitter:data2\" content=\"2 minutos\" \/>\n<script type=\"application\/ld+json\" class=\"yoast-schema-graph\">{\"@context\":\"https:\/\/schema.org\",\"@graph\":[{\"@type\":\"Article\",\"@id\":\"https:\/\/noticiaempauta.com\/portal\/diretor-de-engenharia-do-der-pi-destaca-que-primeira-etapa-da-obra-de-drenagem-no-bairro-ipueiras-sera-concluida-em-junho\/#article\",\"isPartOf\":{\"@id\":\"https:\/\/noticiaempauta.com\/portal\/diretor-de-engenharia-do-der-pi-destaca-que-primeira-etapa-da-obra-de-drenagem-no-bairro-ipueiras-sera-concluida-em-junho\/\"},\"author\":{\"name\":\"Reda\u00e7\u00e3o\",\"@id\":\"https:\/\/noticiaempauta.com\/portal\/#\/schema\/person\/a74af43dd1ab3deca45f988c717d57ac\"},\"headline\":\"Diretor de engenharia do DER-PI destaca que primeira etapa da obra de drenagem no bairro Ipueiras ser\u00e1 conclu\u00edda em junho\",\"datePublished\":\"2024-04-15T22:37:10+00:00\",\"dateModified\":\"2024-04-15T22:37:11+00:00\",\"mainEntityOfPage\":{\"@id\":\"https:\/\/noticiaempauta.com\/portal\/diretor-de-engenharia-do-der-pi-destaca-que-primeira-etapa-da-obra-de-drenagem-no-bairro-ipueiras-sera-concluida-em-junho\/\"},\"wordCount\":289,\"commentCount\":0,\"publisher\":{\"@id\":\"https:\/\/noticiaempauta.com\/portal\/#organization\"},\"image\":{\"@id\":\"https:\/\/noticiaempauta.com\/portal\/diretor-de-engenharia-do-der-pi-destaca-que-primeira-etapa-da-obra-de-drenagem-no-bairro-ipueiras-sera-concluida-em-junho\/#primaryimage\"},\"thumbnailUrl\":\"https:\/\/noticiaempauta.com\/portal\/wp-content\/uploads\/2024\/04\/PI_238_11_25b8f1f863-scaled.jpg\",\"keywords\":[\"destaqueprincipal\"],\"articleSection\":[\"Destaques\",\"Geral\",\"Todas as Not\u00edcias\"],\"inLanguage\":\"pt-BR\",\"potentialAction\":[{\"@type\":\"CommentAction\",\"name\":\"Comment\",\"target\":[\"https:\/\/noticiaempauta.com\/portal\/diretor-de-engenharia-do-der-pi-destaca-que-primeira-etapa-da-obra-de-drenagem-no-bairro-ipueiras-sera-concluida-em-junho\/#respond\"]}]},{\"@type\":\"WebPage\",\"@id\":\"https:\/\/noticiaempauta.com\/portal\/diretor-de-engenharia-do-der-pi-destaca-que-primeira-etapa-da-obra-de-drenagem-no-bairro-ipueiras-sera-concluida-em-junho\/\",\"url\":\"https:\/\/noticiaempauta.com\/portal\/diretor-de-engenharia-do-der-pi-destaca-que-primeira-etapa-da-obra-de-drenagem-no-bairro-ipueiras-sera-concluida-em-junho\/\",\"name\":\"Diretor de engenharia do DER-PI destaca que primeira etapa da obra de drenagem no bairro Ipueiras ser\u00e1 conclu\u00edda em junho - Portal Not\u00edcia em Pauta\",\"isPartOf\":{\"@id\":\"https:\/\/noticiaempauta.com\/portal\/#website\"},\"primaryImageOfPage\":{\"@id\":\"https:\/\/noticiaempauta.com\/portal\/diretor-de-engenharia-do-der-pi-destaca-que-primeira-etapa-da-obra-de-drenagem-no-bairro-ipueiras-sera-concluida-em-junho\/#primaryimage\"},\"image\":{\"@id\":\"https:\/\/noticiaempauta.com\/portal\/diretor-de-engenharia-do-der-pi-destaca-que-primeira-etapa-da-obra-de-drenagem-no-bairro-ipueiras-sera-concluida-em-junho\/#primaryimage\"},\"thumbnailUrl\":\"https:\/\/noticiaempauta.com\/portal\/wp-content\/uploads\/2024\/04\/PI_238_11_25b8f1f863-scaled.jpg\",\"datePublished\":\"2024-04-15T22:37:10+00:00\",\"dateModified\":\"2024-04-15T22:37:11+00:00\",\"breadcrumb\":{\"@id\":\"https:\/\/noticiaempauta.com\/portal\/diretor-de-engenharia-do-der-pi-destaca-que-primeira-etapa-da-obra-de-drenagem-no-bairro-ipueiras-sera-concluida-em-junho\/#breadcrumb\"},\"inLanguage\":\"pt-BR\",\"potentialAction\":[{\"@type\":\"ReadAction\",\"target\":[\"https:\/\/noticiaempauta.com\/portal\/diretor-de-engenharia-do-der-pi-destaca-que-primeira-etapa-da-obra-de-drenagem-no-bairro-ipueiras-sera-concluida-em-junho\/\"]}]},{\"@type\":\"ImageObject\",\"inLanguage\":\"pt-BR\",\"@id\":\"https:\/\/noticiaempauta.com\/portal\/diretor-de-engenharia-do-der-pi-destaca-que-primeira-etapa-da-obra-de-drenagem-no-bairro-ipueiras-sera-concluida-em-junho\/#primaryimage\",\"url\":\"https:\/\/noticiaempauta.com\/portal\/wp-content\/uploads\/2024\/04\/PI_238_11_25b8f1f863-scaled.jpg\",\"contentUrl\":\"https:\/\/noticiaempauta.com\/portal\/wp-content\/uploads\/2024\/04\/PI_238_11_25b8f1f863-scaled.jpg\",\"width\":2560,\"height\":1707},{\"@type\":\"BreadcrumbList\",\"@id\":\"https:\/\/noticiaempauta.com\/portal\/diretor-de-engenharia-do-der-pi-destaca-que-primeira-etapa-da-obra-de-drenagem-no-bairro-ipueiras-sera-concluida-em-junho\/#breadcrumb\",\"itemListElement\":[{\"@type\":\"ListItem\",\"position\":1,\"name\":\"P\u00e1gina Inicial\",\"item\":\"https:\/\/noticiaempauta.com\/portal\/\"},{\"@type\":\"ListItem\",\"position\":2,\"name\":\"Destaques\",\"item\":\"https:\/\/noticiaempauta.com\/portal\/destaques-site\/\"},{\"@type\":\"ListItem\",\"position\":3,\"name\":\"Diretor de engenharia do DER-PI destaca que primeira etapa da obra de drenagem no bairro Ipueiras ser\u00e1 conclu\u00edda em junho\"}]},{\"@type\":\"WebSite\",\"@id\":\"https:\/\/noticiaempauta.com\/portal\/#website\",\"url\":\"https:\/\/noticiaempauta.com\/portal\/\",\"name\":\"Portal Not\u00edcia em Pauta\",\"description\":\"Voc\u00ea bem informado\",\"publisher\":{\"@id\":\"https:\/\/noticiaempauta.com\/portal\/#organization\"},\"potentialAction\":[{\"@type\":\"SearchAction\",\"target\":{\"@type\":\"EntryPoint\",\"urlTemplate\":\"https:\/\/noticiaempauta.com\/portal\/?s={search_term_string}\"},\"query-input\":{\"@type\":\"PropertyValueSpecification\",\"valueRequired\":true,\"valueName\":\"search_term_string\"}}],\"inLanguage\":\"pt-BR\"},{\"@type\":\"Organization\",\"@id\":\"https:\/\/noticiaempauta.com\/portal\/#organization\",\"name\":\"Portal Not\u00edcia em Pauta\",\"url\":\"https:\/\/noticiaempauta.com\/portal\/\",\"logo\":{\"@type\":\"ImageObject\",\"inLanguage\":\"pt-BR\",\"@id\":\"https:\/\/noticiaempauta.com\/portal\/#\/schema\/logo\/image\/\",\"url\":\"https:\/\/noticiaempauta.com\/portal\/wp-content\/uploads\/2022\/08\/logomarca_tema.fw_.png\",\"contentUrl\":\"https:\/\/noticiaempauta.com\/portal\/wp-content\/uploads\/2022\/08\/logomarca_tema.fw_.png\",\"width\":400,\"height\":232,\"caption\":\"Portal Not\u00edcia em Pauta\"},\"image\":{\"@id\":\"https:\/\/noticiaempauta.com\/portal\/#\/schema\/logo\/image\/\"},\"sameAs\":[\"https:\/\/www.facebook.com\/Portal-Notcia-Em-Pauta-102292869264820\/\",\"https:\/\/www.instagram.com\/portalnoticiaempauta\/\"]},{\"@type\":\"Person\",\"@id\":\"https:\/\/noticiaempauta.com\/portal\/#\/schema\/person\/a74af43dd1ab3deca45f988c717d57ac\",\"name\":\"Reda\u00e7\u00e3o\",\"image\":{\"@type\":\"ImageObject\",\"inLanguage\":\"pt-BR\",\"@id\":\"https:\/\/noticiaempauta.com\/portal\/#\/schema\/person\/image\/\",\"url\":\"https:\/\/secure.gravatar.com\/avatar\/03179346ecce6cdfc13361603e8f54242a90e5cde8618fa23c5c00aa2b0aadf3?s=96&d=mm&r=g\",\"contentUrl\":\"https:\/\/secure.gravatar.com\/avatar\/03179346ecce6cdfc13361603e8f54242a90e5cde8618fa23c5c00aa2b0aadf3?s=96&d=mm&r=g\",\"caption\":\"Reda\u00e7\u00e3o\"},\"sameAs\":[\"https:\/\/noticiaempauta.com\/portal\/\"],\"url\":\"https:\/\/noticiaempauta.com\/portal\/author\/fernando\/\"}]}<\/script>\n<!-- \/ Yoast SEO Premium plugin. -->","yoast_head_json":{"title":"Diretor de engenharia do DER-PI destaca que primeira etapa da obra de drenagem no bairro Ipueiras ser\u00e1 conclu\u00edda em junho - Portal Not\u00edcia em Pauta","robots":{"index":"index","follow":"follow","max-snippet":"max-snippet:-1","max-image-preview":"max-image-preview:large","max-video-preview":"max-video-preview:-1"},"canonical":"https:\/\/noticiaempauta.com\/portal\/diretor-de-engenharia-do-der-pi-destaca-que-primeira-etapa-da-obra-de-drenagem-no-bairro-ipueiras-sera-concluida-em-junho\/","og_locale":"pt_BR","og_type":"article","og_title":"Diretor de engenharia do DER-PI destaca que primeira etapa da obra de drenagem no bairro Ipueiras ser\u00e1 conclu\u00edda em junho","og_description":"O diretor de engenharia do Departamento de Estradas de Rodagem do Piau\u00ed (DER-PI), Ant\u00f4nio Marcos Silva, em entrevista ao Jornal de Picos nesta segunda-feira (15) falou sobre os avan\u00e7os na obra de macrodrenagem que est\u00e1 sendo executada na PI-238, na altura do bairro Ipueiras, em Picos.\u00a0 Confira a reportagem &#8220;Essa obra \u00e9 de grande import\u00e2ncia [&hellip;]","og_url":"https:\/\/noticiaempauta.com\/portal\/diretor-de-engenharia-do-der-pi-destaca-que-primeira-etapa-da-obra-de-drenagem-no-bairro-ipueiras-sera-concluida-em-junho\/","og_site_name":"Portal Not\u00edcia em Pauta","article_publisher":"https:\/\/www.facebook.com\/Portal-Notcia-Em-Pauta-102292869264820\/","article_published_time":"2024-04-15T22:37:10+00:00","article_modified_time":"2024-04-15T22:37:11+00:00","og_image":[{"width":2560,"height":1707,"url":"https:\/\/noticiaempauta.com\/portal\/wp-content\/uploads\/2024\/04\/PI_238_11_25b8f1f863-scaled.jpg","type":"image\/jpeg"}],"author":"Reda\u00e7\u00e3o","twitter_card":"summary_large_image","twitter_misc":{"Escrito por":"Reda\u00e7\u00e3o","Est. tempo de leitura":"2 minutos"},"schema":{"@context":"https:\/\/schema.org","@graph":[{"@type":"Article","@id":"https:\/\/noticiaempauta.com\/portal\/diretor-de-engenharia-do-der-pi-destaca-que-primeira-etapa-da-obra-de-drenagem-no-bairro-ipueiras-sera-concluida-em-junho\/#article","isPartOf":{"@id":"https:\/\/noticiaempauta.com\/portal\/diretor-de-engenharia-do-der-pi-destaca-que-primeira-etapa-da-obra-de-drenagem-no-bairro-ipueiras-sera-concluida-em-junho\/"},"author":{"name":"Reda\u00e7\u00e3o","@id":"https:\/\/noticiaempauta.com\/portal\/#\/schema\/person\/a74af43dd1ab3deca45f988c717d57ac"},"headline":"Diretor de engenharia do DER-PI destaca que primeira etapa da obra de drenagem no bairro Ipueiras ser\u00e1 conclu\u00edda em junho","datePublished":"2024-04-15T22:37:10+00:00","dateModified":"2024-04-15T22:37:11+00:00","mainEntityOfPage":{"@id":"https:\/\/noticiaempauta.com\/portal\/diretor-de-engenharia-do-der-pi-destaca-que-primeira-etapa-da-obra-de-drenagem-no-bairro-ipueiras-sera-concluida-em-junho\/"},"wordCount":289,"commentCount":0,"publisher":{"@id":"https:\/\/noticiaempauta.com\/portal\/#organization"},"image":{"@id":"https:\/\/noticiaempauta.com\/portal\/diretor-de-engenharia-do-der-pi-destaca-que-primeira-etapa-da-obra-de-drenagem-no-bairro-ipueiras-sera-concluida-em-junho\/#primaryimage"},"thumbnailUrl":"https:\/\/noticiaempauta.com\/portal\/wp-content\/uploads\/2024\/04\/PI_238_11_25b8f1f863-scaled.jpg","keywords":["destaqueprincipal"],"articleSection":["Destaques","Geral","Todas as Not\u00edcias"],"inLanguage":"pt-BR","potentialAction":[{"@type":"CommentAction","name":"Comment","target":["https:\/\/noticiaempauta.com\/portal\/diretor-de-engenharia-do-der-pi-destaca-que-primeira-etapa-da-obra-de-drenagem-no-bairro-ipueiras-sera-concluida-em-junho\/#respond"]}]},{"@type":"WebPage","@id":"https:\/\/noticiaempauta.com\/portal\/diretor-de-engenharia-do-der-pi-destaca-que-primeira-etapa-da-obra-de-drenagem-no-bairro-ipueiras-sera-concluida-em-junho\/","url":"https:\/\/noticiaempauta.com\/portal\/diretor-de-engenharia-do-der-pi-destaca-que-primeira-etapa-da-obra-de-drenagem-no-bairro-ipueiras-sera-concluida-em-junho\/","name":"Diretor de engenharia do DER-PI destaca que primeira etapa da obra de drenagem no bairro Ipueiras ser\u00e1 conclu\u00edda em junho - Portal Not\u00edcia em Pauta","isPartOf":{"@id":"https:\/\/noticiaempauta.com\/portal\/#website"},"primaryImageOfPage":{"@id":"https:\/\/noticiaempauta.com\/portal\/diretor-de-engenharia-do-der-pi-destaca-que-primeira-etapa-da-obra-de-drenagem-no-bairro-ipueiras-sera-concluida-em-junho\/#primaryimage"},"image":{"@id":"https:\/\/noticiaempauta.com\/portal\/diretor-de-engenharia-do-der-pi-destaca-que-primeira-etapa-da-obra-de-drenagem-no-bairro-ipueiras-sera-concluida-em-junho\/#primaryimage"},"thumbnailUrl":"https:\/\/noticiaempauta.com\/portal\/wp-content\/uploads\/2024\/04\/PI_238_11_25b8f1f863-scaled.jpg","datePublished":"2024-04-15T22:37:10+00:00","dateModified":"2024-04-15T22:37:11+00:00","breadcrumb":{"@id":"https:\/\/noticiaempauta.com\/portal\/diretor-de-engenharia-do-der-pi-destaca-que-primeira-etapa-da-obra-de-drenagem-no-bairro-ipueiras-sera-concluida-em-junho\/#breadcrumb"},"inLanguage":"pt-BR","potentialAction":[{"@type":"ReadAction","target":["https:\/\/noticiaempauta.com\/portal\/diretor-de-engenharia-do-der-pi-destaca-que-primeira-etapa-da-obra-de-drenagem-no-bairro-ipueiras-sera-concluida-em-junho\/"]}]},{"@type":"ImageObject","inLanguage":"pt-BR","@id":"https:\/\/noticiaempauta.com\/portal\/diretor-de-engenharia-do-der-pi-destaca-que-primeira-etapa-da-obra-de-drenagem-no-bairro-ipueiras-sera-concluida-em-junho\/#primaryimage","url":"https:\/\/noticiaempauta.com\/portal\/wp-content\/uploads\/2024\/04\/PI_238_11_25b8f1f863-scaled.jpg","contentUrl":"https:\/\/noticiaempauta.com\/portal\/wp-content\/uploads\/2024\/04\/PI_238_11_25b8f1f863-scaled.jpg","width":2560,"height":1707},{"@type":"BreadcrumbList","@id":"https:\/\/noticiaempauta.com\/portal\/diretor-de-engenharia-do-der-pi-destaca-que-primeira-etapa-da-obra-de-drenagem-no-bairro-ipueiras-sera-concluida-em-junho\/#breadcrumb","itemListElement":[{"@type":"ListItem","position":1,"name":"P\u00e1gina Inicial","item":"https:\/\/noticiaempauta.com\/portal\/"},{"@type":"ListItem","position":2,"name":"Destaques","item":"https:\/\/noticiaempauta.com\/portal\/destaques-site\/"},{"@type":"ListItem","position":3,"name":"Diretor de engenharia do DER-PI destaca que primeira etapa da obra de drenagem no bairro Ipueiras ser\u00e1 conclu\u00edda em junho"}]},{"@type":"WebSite","@id":"https:\/\/noticiaempauta.com\/portal\/#website","url":"https:\/\/noticiaempauta.com\/portal\/","name":"Portal Not\u00edcia em Pauta","description":"Voc\u00ea bem informado","publisher":{"@id":"https:\/\/noticiaempauta.com\/portal\/#organization"},"potentialAction":[{"@type":"SearchAction","target":{"@type":"EntryPoint","urlTemplate":"https:\/\/noticiaempauta.com\/portal\/?s={search_term_string}"},"query-input":{"@type":"PropertyValueSpecification","valueRequired":true,"valueName":"search_term_string"}}],"inLanguage":"pt-BR"},{"@type":"Organization","@id":"https:\/\/noticiaempauta.com\/portal\/#organization","name":"Portal Not\u00edcia em Pauta","url":"https:\/\/noticiaempauta.com\/portal\/","logo":{"@type":"ImageObject","inLanguage":"pt-BR","@id":"https:\/\/noticiaempauta.com\/portal\/#\/schema\/logo\/image\/","url":"https:\/\/noticiaempauta.com\/portal\/wp-content\/uploads\/2022\/08\/logomarca_tema.fw_.png","contentUrl":"https:\/\/noticiaempauta.com\/portal\/wp-content\/uploads\/2022\/08\/logomarca_tema.fw_.png","width":400,"height":232,"caption":"Portal Not\u00edcia em Pauta"},"image":{"@id":"https:\/\/noticiaempauta.com\/portal\/#\/schema\/logo\/image\/"},"sameAs":["https:\/\/www.facebook.com\/Portal-Notcia-Em-Pauta-102292869264820\/","https:\/\/www.instagram.com\/portalnoticiaempauta\/"]},{"@type":"Person","@id":"https:\/\/noticiaempauta.com\/portal\/#\/schema\/person\/a74af43dd1ab3deca45f988c717d57ac","name":"Reda\u00e7\u00e3o","image":{"@type":"ImageObject","inLanguage":"pt-BR","@id":"https:\/\/noticiaempauta.com\/portal\/#\/schema\/person\/image\/","url":"https:\/\/secure.gravatar.com\/avatar\/03179346ecce6cdfc13361603e8f54242a90e5cde8618fa23c5c00aa2b0aadf3?s=96&d=mm&r=g","contentUrl":"https:\/\/secure.gravatar.com\/avatar\/03179346ecce6cdfc13361603e8f54242a90e5cde8618fa23c5c00aa2b0aadf3?s=96&d=mm&r=g","caption":"Reda\u00e7\u00e3o"},"sameAs":["https:\/\/noticiaempauta.com\/portal\/"],"url":"https:\/\/noticiaempauta.com\/portal\/author\/fernando\/"}]}},"_links":{"self":[{"href":"https:\/\/noticiaempauta.com\/portal\/wp-json\/wp\/v2\/posts\/256878","targetHints":{"allow":["GET"]}}],"collection":[{"href":"https:\/\/noticiaempauta.com\/portal\/wp-json\/wp\/v2\/posts"}],"about":[{"href":"https:\/\/noticiaempauta.com\/portal\/wp-json\/wp\/v2\/types\/post"}],"author":[{"embeddable":true,"href":"https:\/\/noticiaempauta.com\/portal\/wp-json\/wp\/v2\/users\/2"}],"replies":[{"embeddable":true,"href":"https:\/\/noticiaempauta.com\/portal\/wp-json\/wp\/v2\/comments?post=256878"}],"version-history":[{"count":2,"href":"https:\/\/noticiaempauta.com\/portal\/wp-json\/wp\/v2\/posts\/256878\/revisions"}],"predecessor-version":[{"id":256882,"href":"https:\/\/noticiaempauta.com\/portal\/wp-json\/wp\/v2\/posts\/256878\/revisions\/256882"}],"wp:featuredmedia":[{"embeddable":true,"href":"https:\/\/noticiaempauta.com\/portal\/wp-json\/wp\/v2\/media\/256880"}],"wp:attachment":[{"href":"https:\/\/noticiaempauta.com\/portal\/wp-json\/wp\/v2\/media?parent=256878"}],"wp:term":[{"taxonomy":"category","embeddable":true,"href":"https:\/\/noticiaempauta.com\/portal\/wp-json\/wp\/v2\/categories?post=256878"},{"taxonomy":"post_tag","embeddable":true,"href":"https:\/\/noticiaempauta.com\/portal\/wp-json\/wp\/v2\/tags?post=256878"}],"curies":[{"name":"wp","href":"https:\/\/api.w.org\/{rel}","templated":true}]}}