{"id":257027,"date":"2024-04-20T08:14:20","date_gmt":"2024-04-20T11:14:20","guid":{"rendered":"https:\/\/noticiaempauta.com\/portal\/?p=257027"},"modified":"2024-04-20T08:14:21","modified_gmt":"2024-04-20T11:14:21","slug":"lula-tera-reuniao-com-lira-e-pacheco-para-amenizar-crise-entre-governo-e-congresso","status":"publish","type":"post","link":"https:\/\/noticiaempauta.com\/portal\/lula-tera-reuniao-com-lira-e-pacheco-para-amenizar-crise-entre-governo-e-congresso\/","title":{"rendered":"Lula ter\u00e1 reuni\u00e3o com Lira e Pacheco para amenizar crise entre Governo e Congresso"},"content":{"rendered":"\n<p>Diante da crescente crise com o Congresso, o\u00a0presidente Luiz In\u00e1cio Lula da Silva\u00a0optou por marcar reuni\u00f5es na pr\u00f3xima semana com o\u00a0presidente da C\u00e2mara,\u00a0Arthur Lira, e o presidente do Senado,\u00a0Rodrigo Pacheco. O objetivo desses encontros \u00e9\u00a0tentar melhorar a rela\u00e7\u00e3o com os parlamentares,\u00a0incluindo vice-l\u00edderes do governo de diversos partidos aliados, como MDB, PSD, PSB, Uni\u00e3o e PP, ampliando assim o contato direto com a base congressista.<\/p>\n\n\n\n<figure class=\"wp-block-image size-full\"><img fetchpriority=\"high\" decoding=\"async\" width=\"855\" height=\"480\" src=\"https:\/\/noticiaempauta.com\/portal\/wp-content\/uploads\/2024\/04\/IMG_0989.webp\" alt=\"\" class=\"wp-image-257029\" srcset=\"https:\/\/noticiaempauta.com\/portal\/wp-content\/uploads\/2024\/04\/IMG_0989.webp 855w, https:\/\/noticiaempauta.com\/portal\/wp-content\/uploads\/2024\/04\/IMG_0989-300x168.webp 300w, https:\/\/noticiaempauta.com\/portal\/wp-content\/uploads\/2024\/04\/IMG_0989-768x431.webp 768w\" sizes=\"(max-width: 855px) 100vw, 855px\" \/><figcaption class=\"wp-element-caption\">Foto: Reprodu\u00e7\u00e3o\/Ag\u00eancia o Globo<\/figcaption><\/figure>\n\n\n\n<p>Durante uma reuni\u00e3o que durou quase tr\u00eas horas nesta sexta-feira, Lula foi informado sobre a alta probabilidade de o governo sofrer novas derrotas no Congresso na semana seguinte. Os l\u00edderes indicam que a expectativa \u00e9 a\u00a0derrubada do corte de R$ 5,5 bilh\u00f5es das emendas de comiss\u00e3o e do veto ao trecho da Lei de Diretrizes Or\u00e7ament\u00e1rias (LDO)\u00a0relacionado ao cronograma de pagamento de emendas.<\/p>\n\n\n\n<p>Al\u00e9m disso, h\u00e1 uma perspectiva de que o\u00a0veto de Lula ao trecho da lei que limita a &#8220;saidinha de presos&#8221;\u00a0tamb\u00e9m seja derrubado. No entanto, existe a possibilidade de o\u00a0Congresso adiar a vota\u00e7\u00e3o desse veto na pr\u00f3xima semana.\u00a0<\/p>\n\n\n\n<p>O governo tamb\u00e9m est\u00e1 mobilizando esfor\u00e7os para evitar a aprova\u00e7\u00e3o da Proposta de Emenda Constitucional (PEC) que prop\u00f5e a\u00a0reintrodu\u00e7\u00e3o do quinqu\u00eanio para ju\u00edzes e promotores,\u00a0com a argumenta\u00e7\u00e3o de poss\u00edveis impactos negativos nos cofres estaduais e nos sal\u00e1rios dos servidores. Entretanto, os l\u00edderes avaliam que essa PEC n\u00e3o passaria no plen\u00e1rio do Senado.<\/p>\n\n\n\n<p>Com informa\u00e7\u00f5es de\u00a0O Globo<\/p>\n\n\n\n<p><\/p>\n\n\n\n<p><\/p>\n\n\n\n<p><\/p>\n","protected":false},"excerpt":{"rendered":"<p>Diante da crescente crise com o Congresso, o\u00a0presidente Luiz In\u00e1cio Lula da Silva\u00a0optou por marcar reuni\u00f5es na pr\u00f3xima semana com o\u00a0presidente da C\u00e2mara,\u00a0Arthur Lira, e o presidente do Senado,\u00a0Rodrigo Pacheco. O objetivo desses encontros \u00e9\u00a0tentar melhorar a rela\u00e7\u00e3o com os parlamentares,\u00a0incluindo vice-l\u00edderes do governo de diversos partidos aliados, como MDB, PSD, PSB, Uni\u00e3o e PP, [&hellip;]<\/p>\n","protected":false},"author":2,"featured_media":257029,"comment_status":"open","ping_status":"open","sticky":false,"template":"","format":"standard","meta":{"_mi_skip_tracking":false,"footnotes":""},"categories":[25,1,3,16],"tags":[192],"class_list":["post-257027","post","type-post","status-publish","format-standard","has-post-thumbnail","hentry","category-destaques-site","category-geral","category-politica","category-todas","tag-destaqueprincipal"],"acf":[],"yoast_head":"<!-- This site is optimized with the Yoast SEO Premium plugin v19.2 (Yoast SEO v26.9) - https:\/\/yoast.com\/product\/yoast-seo-premium-wordpress\/ -->\n<title>Lula ter\u00e1 reuni\u00e3o com Lira e Pacheco para amenizar crise entre Governo e Congresso - Portal Not\u00edcia em Pauta<\/title>\n<meta name=\"robots\" content=\"index, follow, max-snippet:-1, max-image-preview:large, max-video-preview:-1\" \/>\n<link rel=\"canonical\" href=\"https:\/\/noticiaempauta.com\/portal\/lula-tera-reuniao-com-lira-e-pacheco-para-amenizar-crise-entre-governo-e-congresso\/\" \/>\n<meta property=\"og:locale\" content=\"pt_BR\" \/>\n<meta property=\"og:type\" content=\"article\" \/>\n<meta property=\"og:title\" content=\"Lula ter\u00e1 reuni\u00e3o com Lira e Pacheco para amenizar crise entre Governo e Congresso\" \/>\n<meta property=\"og:description\" content=\"Diante da crescente crise com o Congresso, o\u00a0presidente Luiz In\u00e1cio Lula da Silva\u00a0optou por marcar reuni\u00f5es na pr\u00f3xima semana com o\u00a0presidente da C\u00e2mara,\u00a0Arthur Lira, e o presidente do Senado,\u00a0Rodrigo Pacheco. O objetivo desses encontros \u00e9\u00a0tentar melhorar a rela\u00e7\u00e3o com os parlamentares,\u00a0incluindo vice-l\u00edderes do governo de diversos partidos aliados, como MDB, PSD, PSB, Uni\u00e3o e PP, [&hellip;]\" \/>\n<meta property=\"og:url\" content=\"https:\/\/noticiaempauta.com\/portal\/lula-tera-reuniao-com-lira-e-pacheco-para-amenizar-crise-entre-governo-e-congresso\/\" \/>\n<meta property=\"og:site_name\" content=\"Portal Not\u00edcia em Pauta\" \/>\n<meta property=\"article:publisher\" content=\"https:\/\/www.facebook.com\/Portal-Notcia-Em-Pauta-102292869264820\/\" \/>\n<meta property=\"article:published_time\" content=\"2024-04-20T11:14:20+00:00\" \/>\n<meta property=\"article:modified_time\" content=\"2024-04-20T11:14:21+00:00\" \/>\n<meta property=\"og:image\" content=\"https:\/\/noticiaempauta.com\/portal\/wp-content\/uploads\/2024\/04\/IMG_0989.webp\" \/>\n\t<meta property=\"og:image:width\" content=\"855\" \/>\n\t<meta property=\"og:image:height\" content=\"480\" \/>\n\t<meta property=\"og:image:type\" content=\"image\/webp\" \/>\n<meta name=\"author\" content=\"Reda\u00e7\u00e3o\" \/>\n<meta name=\"twitter:card\" content=\"summary_large_image\" \/>\n<meta name=\"twitter:label1\" content=\"Escrito por\" \/>\n\t<meta name=\"twitter:data1\" content=\"Reda\u00e7\u00e3o\" \/>\n\t<meta name=\"twitter:label2\" content=\"Est. tempo de leitura\" \/>\n\t<meta name=\"twitter:data2\" content=\"2 minutos\" \/>\n<script type=\"application\/ld+json\" class=\"yoast-schema-graph\">{\"@context\":\"https:\/\/schema.org\",\"@graph\":[{\"@type\":\"Article\",\"@id\":\"https:\/\/noticiaempauta.com\/portal\/lula-tera-reuniao-com-lira-e-pacheco-para-amenizar-crise-entre-governo-e-congresso\/#article\",\"isPartOf\":{\"@id\":\"https:\/\/noticiaempauta.com\/portal\/lula-tera-reuniao-com-lira-e-pacheco-para-amenizar-crise-entre-governo-e-congresso\/\"},\"author\":{\"name\":\"Reda\u00e7\u00e3o\",\"@id\":\"https:\/\/noticiaempauta.com\/portal\/#\/schema\/person\/a74af43dd1ab3deca45f988c717d57ac\"},\"headline\":\"Lula ter\u00e1 reuni\u00e3o com Lira e Pacheco para amenizar crise entre Governo e Congresso\",\"datePublished\":\"2024-04-20T11:14:20+00:00\",\"dateModified\":\"2024-04-20T11:14:21+00:00\",\"mainEntityOfPage\":{\"@id\":\"https:\/\/noticiaempauta.com\/portal\/lula-tera-reuniao-com-lira-e-pacheco-para-amenizar-crise-entre-governo-e-congresso\/\"},\"wordCount\":286,\"commentCount\":0,\"publisher\":{\"@id\":\"https:\/\/noticiaempauta.com\/portal\/#organization\"},\"image\":{\"@id\":\"https:\/\/noticiaempauta.com\/portal\/lula-tera-reuniao-com-lira-e-pacheco-para-amenizar-crise-entre-governo-e-congresso\/#primaryimage\"},\"thumbnailUrl\":\"https:\/\/noticiaempauta.com\/portal\/wp-content\/uploads\/2024\/04\/IMG_0989.webp\",\"keywords\":[\"destaqueprincipal\"],\"articleSection\":[\"Destaques\",\"Geral\",\"Pol\u00edtica\",\"Todas as Not\u00edcias\"],\"inLanguage\":\"pt-BR\",\"potentialAction\":[{\"@type\":\"CommentAction\",\"name\":\"Comment\",\"target\":[\"https:\/\/noticiaempauta.com\/portal\/lula-tera-reuniao-com-lira-e-pacheco-para-amenizar-crise-entre-governo-e-congresso\/#respond\"]}]},{\"@type\":\"WebPage\",\"@id\":\"https:\/\/noticiaempauta.com\/portal\/lula-tera-reuniao-com-lira-e-pacheco-para-amenizar-crise-entre-governo-e-congresso\/\",\"url\":\"https:\/\/noticiaempauta.com\/portal\/lula-tera-reuniao-com-lira-e-pacheco-para-amenizar-crise-entre-governo-e-congresso\/\",\"name\":\"Lula ter\u00e1 reuni\u00e3o com Lira e Pacheco para amenizar crise entre Governo e Congresso - Portal Not\u00edcia em Pauta\",\"isPartOf\":{\"@id\":\"https:\/\/noticiaempauta.com\/portal\/#website\"},\"primaryImageOfPage\":{\"@id\":\"https:\/\/noticiaempauta.com\/portal\/lula-tera-reuniao-com-lira-e-pacheco-para-amenizar-crise-entre-governo-e-congresso\/#primaryimage\"},\"image\":{\"@id\":\"https:\/\/noticiaempauta.com\/portal\/lula-tera-reuniao-com-lira-e-pacheco-para-amenizar-crise-entre-governo-e-congresso\/#primaryimage\"},\"thumbnailUrl\":\"https:\/\/noticiaempauta.com\/portal\/wp-content\/uploads\/2024\/04\/IMG_0989.webp\",\"datePublished\":\"2024-04-20T11:14:20+00:00\",\"dateModified\":\"2024-04-20T11:14:21+00:00\",\"breadcrumb\":{\"@id\":\"https:\/\/noticiaempauta.com\/portal\/lula-tera-reuniao-com-lira-e-pacheco-para-amenizar-crise-entre-governo-e-congresso\/#breadcrumb\"},\"inLanguage\":\"pt-BR\",\"potentialAction\":[{\"@type\":\"ReadAction\",\"target\":[\"https:\/\/noticiaempauta.com\/portal\/lula-tera-reuniao-com-lira-e-pacheco-para-amenizar-crise-entre-governo-e-congresso\/\"]}]},{\"@type\":\"ImageObject\",\"inLanguage\":\"pt-BR\",\"@id\":\"https:\/\/noticiaempauta.com\/portal\/lula-tera-reuniao-com-lira-e-pacheco-para-amenizar-crise-entre-governo-e-congresso\/#primaryimage\",\"url\":\"https:\/\/noticiaempauta.com\/portal\/wp-content\/uploads\/2024\/04\/IMG_0989.webp\",\"contentUrl\":\"https:\/\/noticiaempauta.com\/portal\/wp-content\/uploads\/2024\/04\/IMG_0989.webp\",\"width\":855,\"height\":480},{\"@type\":\"BreadcrumbList\",\"@id\":\"https:\/\/noticiaempauta.com\/portal\/lula-tera-reuniao-com-lira-e-pacheco-para-amenizar-crise-entre-governo-e-congresso\/#breadcrumb\",\"itemListElement\":[{\"@type\":\"ListItem\",\"position\":1,\"name\":\"P\u00e1gina Inicial\",\"item\":\"https:\/\/noticiaempauta.com\/portal\/\"},{\"@type\":\"ListItem\",\"position\":2,\"name\":\"Destaques\",\"item\":\"https:\/\/noticiaempauta.com\/portal\/destaques-site\/\"},{\"@type\":\"ListItem\",\"position\":3,\"name\":\"Lula ter\u00e1 reuni\u00e3o com Lira e Pacheco para amenizar crise entre Governo e Congresso\"}]},{\"@type\":\"WebSite\",\"@id\":\"https:\/\/noticiaempauta.com\/portal\/#website\",\"url\":\"https:\/\/noticiaempauta.com\/portal\/\",\"name\":\"Portal Not\u00edcia em Pauta\",\"description\":\"Voc\u00ea bem informado\",\"publisher\":{\"@id\":\"https:\/\/noticiaempauta.com\/portal\/#organization\"},\"potentialAction\":[{\"@type\":\"SearchAction\",\"target\":{\"@type\":\"EntryPoint\",\"urlTemplate\":\"https:\/\/noticiaempauta.com\/portal\/?s={search_term_string}\"},\"query-input\":{\"@type\":\"PropertyValueSpecification\",\"valueRequired\":true,\"valueName\":\"search_term_string\"}}],\"inLanguage\":\"pt-BR\"},{\"@type\":\"Organization\",\"@id\":\"https:\/\/noticiaempauta.com\/portal\/#organization\",\"name\":\"Portal Not\u00edcia em Pauta\",\"url\":\"https:\/\/noticiaempauta.com\/portal\/\",\"logo\":{\"@type\":\"ImageObject\",\"inLanguage\":\"pt-BR\",\"@id\":\"https:\/\/noticiaempauta.com\/portal\/#\/schema\/logo\/image\/\",\"url\":\"https:\/\/noticiaempauta.com\/portal\/wp-content\/uploads\/2022\/08\/logomarca_tema.fw_.png\",\"contentUrl\":\"https:\/\/noticiaempauta.com\/portal\/wp-content\/uploads\/2022\/08\/logomarca_tema.fw_.png\",\"width\":400,\"height\":232,\"caption\":\"Portal Not\u00edcia em Pauta\"},\"image\":{\"@id\":\"https:\/\/noticiaempauta.com\/portal\/#\/schema\/logo\/image\/\"},\"sameAs\":[\"https:\/\/www.facebook.com\/Portal-Notcia-Em-Pauta-102292869264820\/\",\"https:\/\/www.instagram.com\/portalnoticiaempauta\/\"]},{\"@type\":\"Person\",\"@id\":\"https:\/\/noticiaempauta.com\/portal\/#\/schema\/person\/a74af43dd1ab3deca45f988c717d57ac\",\"name\":\"Reda\u00e7\u00e3o\",\"image\":{\"@type\":\"ImageObject\",\"inLanguage\":\"pt-BR\",\"@id\":\"https:\/\/noticiaempauta.com\/portal\/#\/schema\/person\/image\/\",\"url\":\"https:\/\/secure.gravatar.com\/avatar\/03179346ecce6cdfc13361603e8f54242a90e5cde8618fa23c5c00aa2b0aadf3?s=96&d=mm&r=g\",\"contentUrl\":\"https:\/\/secure.gravatar.com\/avatar\/03179346ecce6cdfc13361603e8f54242a90e5cde8618fa23c5c00aa2b0aadf3?s=96&d=mm&r=g\",\"caption\":\"Reda\u00e7\u00e3o\"},\"sameAs\":[\"https:\/\/noticiaempauta.com\/portal\/\"],\"url\":\"https:\/\/noticiaempauta.com\/portal\/author\/fernando\/\"}]}<\/script>\n<!-- \/ Yoast SEO Premium plugin. -->","yoast_head_json":{"title":"Lula ter\u00e1 reuni\u00e3o com Lira e Pacheco para amenizar crise entre Governo e Congresso - Portal Not\u00edcia em Pauta","robots":{"index":"index","follow":"follow","max-snippet":"max-snippet:-1","max-image-preview":"max-image-preview:large","max-video-preview":"max-video-preview:-1"},"canonical":"https:\/\/noticiaempauta.com\/portal\/lula-tera-reuniao-com-lira-e-pacheco-para-amenizar-crise-entre-governo-e-congresso\/","og_locale":"pt_BR","og_type":"article","og_title":"Lula ter\u00e1 reuni\u00e3o com Lira e Pacheco para amenizar crise entre Governo e Congresso","og_description":"Diante da crescente crise com o Congresso, o\u00a0presidente Luiz In\u00e1cio Lula da Silva\u00a0optou por marcar reuni\u00f5es na pr\u00f3xima semana com o\u00a0presidente da C\u00e2mara,\u00a0Arthur Lira, e o presidente do Senado,\u00a0Rodrigo Pacheco. O objetivo desses encontros \u00e9\u00a0tentar melhorar a rela\u00e7\u00e3o com os parlamentares,\u00a0incluindo vice-l\u00edderes do governo de diversos partidos aliados, como MDB, PSD, PSB, Uni\u00e3o e PP, [&hellip;]","og_url":"https:\/\/noticiaempauta.com\/portal\/lula-tera-reuniao-com-lira-e-pacheco-para-amenizar-crise-entre-governo-e-congresso\/","og_site_name":"Portal Not\u00edcia em Pauta","article_publisher":"https:\/\/www.facebook.com\/Portal-Notcia-Em-Pauta-102292869264820\/","article_published_time":"2024-04-20T11:14:20+00:00","article_modified_time":"2024-04-20T11:14:21+00:00","og_image":[{"width":855,"height":480,"url":"https:\/\/noticiaempauta.com\/portal\/wp-content\/uploads\/2024\/04\/IMG_0989.webp","type":"image\/webp"}],"author":"Reda\u00e7\u00e3o","twitter_card":"summary_large_image","twitter_misc":{"Escrito por":"Reda\u00e7\u00e3o","Est. tempo de leitura":"2 minutos"},"schema":{"@context":"https:\/\/schema.org","@graph":[{"@type":"Article","@id":"https:\/\/noticiaempauta.com\/portal\/lula-tera-reuniao-com-lira-e-pacheco-para-amenizar-crise-entre-governo-e-congresso\/#article","isPartOf":{"@id":"https:\/\/noticiaempauta.com\/portal\/lula-tera-reuniao-com-lira-e-pacheco-para-amenizar-crise-entre-governo-e-congresso\/"},"author":{"name":"Reda\u00e7\u00e3o","@id":"https:\/\/noticiaempauta.com\/portal\/#\/schema\/person\/a74af43dd1ab3deca45f988c717d57ac"},"headline":"Lula ter\u00e1 reuni\u00e3o com Lira e Pacheco para amenizar crise entre Governo e Congresso","datePublished":"2024-04-20T11:14:20+00:00","dateModified":"2024-04-20T11:14:21+00:00","mainEntityOfPage":{"@id":"https:\/\/noticiaempauta.com\/portal\/lula-tera-reuniao-com-lira-e-pacheco-para-amenizar-crise-entre-governo-e-congresso\/"},"wordCount":286,"commentCount":0,"publisher":{"@id":"https:\/\/noticiaempauta.com\/portal\/#organization"},"image":{"@id":"https:\/\/noticiaempauta.com\/portal\/lula-tera-reuniao-com-lira-e-pacheco-para-amenizar-crise-entre-governo-e-congresso\/#primaryimage"},"thumbnailUrl":"https:\/\/noticiaempauta.com\/portal\/wp-content\/uploads\/2024\/04\/IMG_0989.webp","keywords":["destaqueprincipal"],"articleSection":["Destaques","Geral","Pol\u00edtica","Todas as Not\u00edcias"],"inLanguage":"pt-BR","potentialAction":[{"@type":"CommentAction","name":"Comment","target":["https:\/\/noticiaempauta.com\/portal\/lula-tera-reuniao-com-lira-e-pacheco-para-amenizar-crise-entre-governo-e-congresso\/#respond"]}]},{"@type":"WebPage","@id":"https:\/\/noticiaempauta.com\/portal\/lula-tera-reuniao-com-lira-e-pacheco-para-amenizar-crise-entre-governo-e-congresso\/","url":"https:\/\/noticiaempauta.com\/portal\/lula-tera-reuniao-com-lira-e-pacheco-para-amenizar-crise-entre-governo-e-congresso\/","name":"Lula ter\u00e1 reuni\u00e3o com Lira e Pacheco para amenizar crise entre Governo e Congresso - Portal Not\u00edcia em Pauta","isPartOf":{"@id":"https:\/\/noticiaempauta.com\/portal\/#website"},"primaryImageOfPage":{"@id":"https:\/\/noticiaempauta.com\/portal\/lula-tera-reuniao-com-lira-e-pacheco-para-amenizar-crise-entre-governo-e-congresso\/#primaryimage"},"image":{"@id":"https:\/\/noticiaempauta.com\/portal\/lula-tera-reuniao-com-lira-e-pacheco-para-amenizar-crise-entre-governo-e-congresso\/#primaryimage"},"thumbnailUrl":"https:\/\/noticiaempauta.com\/portal\/wp-content\/uploads\/2024\/04\/IMG_0989.webp","datePublished":"2024-04-20T11:14:20+00:00","dateModified":"2024-04-20T11:14:21+00:00","breadcrumb":{"@id":"https:\/\/noticiaempauta.com\/portal\/lula-tera-reuniao-com-lira-e-pacheco-para-amenizar-crise-entre-governo-e-congresso\/#breadcrumb"},"inLanguage":"pt-BR","potentialAction":[{"@type":"ReadAction","target":["https:\/\/noticiaempauta.com\/portal\/lula-tera-reuniao-com-lira-e-pacheco-para-amenizar-crise-entre-governo-e-congresso\/"]}]},{"@type":"ImageObject","inLanguage":"pt-BR","@id":"https:\/\/noticiaempauta.com\/portal\/lula-tera-reuniao-com-lira-e-pacheco-para-amenizar-crise-entre-governo-e-congresso\/#primaryimage","url":"https:\/\/noticiaempauta.com\/portal\/wp-content\/uploads\/2024\/04\/IMG_0989.webp","contentUrl":"https:\/\/noticiaempauta.com\/portal\/wp-content\/uploads\/2024\/04\/IMG_0989.webp","width":855,"height":480},{"@type":"BreadcrumbList","@id":"https:\/\/noticiaempauta.com\/portal\/lula-tera-reuniao-com-lira-e-pacheco-para-amenizar-crise-entre-governo-e-congresso\/#breadcrumb","itemListElement":[{"@type":"ListItem","position":1,"name":"P\u00e1gina Inicial","item":"https:\/\/noticiaempauta.com\/portal\/"},{"@type":"ListItem","position":2,"name":"Destaques","item":"https:\/\/noticiaempauta.com\/portal\/destaques-site\/"},{"@type":"ListItem","position":3,"name":"Lula ter\u00e1 reuni\u00e3o com Lira e Pacheco para amenizar crise entre Governo e Congresso"}]},{"@type":"WebSite","@id":"https:\/\/noticiaempauta.com\/portal\/#website","url":"https:\/\/noticiaempauta.com\/portal\/","name":"Portal Not\u00edcia em Pauta","description":"Voc\u00ea bem informado","publisher":{"@id":"https:\/\/noticiaempauta.com\/portal\/#organization"},"potentialAction":[{"@type":"SearchAction","target":{"@type":"EntryPoint","urlTemplate":"https:\/\/noticiaempauta.com\/portal\/?s={search_term_string}"},"query-input":{"@type":"PropertyValueSpecification","valueRequired":true,"valueName":"search_term_string"}}],"inLanguage":"pt-BR"},{"@type":"Organization","@id":"https:\/\/noticiaempauta.com\/portal\/#organization","name":"Portal Not\u00edcia em Pauta","url":"https:\/\/noticiaempauta.com\/portal\/","logo":{"@type":"ImageObject","inLanguage":"pt-BR","@id":"https:\/\/noticiaempauta.com\/portal\/#\/schema\/logo\/image\/","url":"https:\/\/noticiaempauta.com\/portal\/wp-content\/uploads\/2022\/08\/logomarca_tema.fw_.png","contentUrl":"https:\/\/noticiaempauta.com\/portal\/wp-content\/uploads\/2022\/08\/logomarca_tema.fw_.png","width":400,"height":232,"caption":"Portal Not\u00edcia em Pauta"},"image":{"@id":"https:\/\/noticiaempauta.com\/portal\/#\/schema\/logo\/image\/"},"sameAs":["https:\/\/www.facebook.com\/Portal-Notcia-Em-Pauta-102292869264820\/","https:\/\/www.instagram.com\/portalnoticiaempauta\/"]},{"@type":"Person","@id":"https:\/\/noticiaempauta.com\/portal\/#\/schema\/person\/a74af43dd1ab3deca45f988c717d57ac","name":"Reda\u00e7\u00e3o","image":{"@type":"ImageObject","inLanguage":"pt-BR","@id":"https:\/\/noticiaempauta.com\/portal\/#\/schema\/person\/image\/","url":"https:\/\/secure.gravatar.com\/avatar\/03179346ecce6cdfc13361603e8f54242a90e5cde8618fa23c5c00aa2b0aadf3?s=96&d=mm&r=g","contentUrl":"https:\/\/secure.gravatar.com\/avatar\/03179346ecce6cdfc13361603e8f54242a90e5cde8618fa23c5c00aa2b0aadf3?s=96&d=mm&r=g","caption":"Reda\u00e7\u00e3o"},"sameAs":["https:\/\/noticiaempauta.com\/portal\/"],"url":"https:\/\/noticiaempauta.com\/portal\/author\/fernando\/"}]}},"_links":{"self":[{"href":"https:\/\/noticiaempauta.com\/portal\/wp-json\/wp\/v2\/posts\/257027","targetHints":{"allow":["GET"]}}],"collection":[{"href":"https:\/\/noticiaempauta.com\/portal\/wp-json\/wp\/v2\/posts"}],"about":[{"href":"https:\/\/noticiaempauta.com\/portal\/wp-json\/wp\/v2\/types\/post"}],"author":[{"embeddable":true,"href":"https:\/\/noticiaempauta.com\/portal\/wp-json\/wp\/v2\/users\/2"}],"replies":[{"embeddable":true,"href":"https:\/\/noticiaempauta.com\/portal\/wp-json\/wp\/v2\/comments?post=257027"}],"version-history":[{"count":2,"href":"https:\/\/noticiaempauta.com\/portal\/wp-json\/wp\/v2\/posts\/257027\/revisions"}],"predecessor-version":[{"id":257031,"href":"https:\/\/noticiaempauta.com\/portal\/wp-json\/wp\/v2\/posts\/257027\/revisions\/257031"}],"wp:featuredmedia":[{"embeddable":true,"href":"https:\/\/noticiaempauta.com\/portal\/wp-json\/wp\/v2\/media\/257029"}],"wp:attachment":[{"href":"https:\/\/noticiaempauta.com\/portal\/wp-json\/wp\/v2\/media?parent=257027"}],"wp:term":[{"taxonomy":"category","embeddable":true,"href":"https:\/\/noticiaempauta.com\/portal\/wp-json\/wp\/v2\/categories?post=257027"},{"taxonomy":"post_tag","embeddable":true,"href":"https:\/\/noticiaempauta.com\/portal\/wp-json\/wp\/v2\/tags?post=257027"}],"curies":[{"name":"wp","href":"https:\/\/api.w.org\/{rel}","templated":true}]}}