{"id":257034,"date":"2024-04-20T11:24:31","date_gmt":"2024-04-20T14:24:31","guid":{"rendered":"https:\/\/noticiaempauta.com\/portal\/?p=257034"},"modified":"2024-04-20T11:41:27","modified_gmt":"2024-04-20T14:41:27","slug":"chiquinho-da-calcadeira-completa-80-anos","status":"publish","type":"post","link":"https:\/\/noticiaempauta.com\/portal\/chiquinho-da-calcadeira-completa-80-anos\/","title":{"rendered":"Chiquinho da Cal\u00e7adeira completa 80 anos"},"content":{"rendered":"\n<p><\/p>\n\n\n\n<p>Em noite comemorativa nesta sexta-feira, 19 de abril, na capital alencarina, Fortaleza-CE, o comerciante aposentado, Francisco Santos Lopes, o popular \u201c Chiquinho da Cal\u00e7adeira \u201c, reunido com sua fam\u00edlia celebraram a mais um natal\u00edcio, chegando aos seus 80 anos de vida, data em que tamb\u00e9m comemora anivers\u00e1rio o Rei Roberto Carlos. <br><\/p>\n\n\n\n<figure class=\"wp-block-image size-full\"><img fetchpriority=\"high\" decoding=\"async\" width=\"959\" height=\"741\" src=\"https:\/\/noticiaempauta.com\/portal\/wp-content\/uploads\/2024\/04\/9c3d8c7a-a0bb-438e-b1f0-c2e1538a61af.jpeg\" alt=\"\" class=\"wp-image-257036\" srcset=\"https:\/\/noticiaempauta.com\/portal\/wp-content\/uploads\/2024\/04\/9c3d8c7a-a0bb-438e-b1f0-c2e1538a61af.jpeg 959w, https:\/\/noticiaempauta.com\/portal\/wp-content\/uploads\/2024\/04\/9c3d8c7a-a0bb-438e-b1f0-c2e1538a61af-300x232.jpeg 300w, https:\/\/noticiaempauta.com\/portal\/wp-content\/uploads\/2024\/04\/9c3d8c7a-a0bb-438e-b1f0-c2e1538a61af-768x593.jpeg 768w\" sizes=\"(max-width: 959px) 100vw, 959px\" \/><\/figure>\n\n\n\n<p>O aniversariante \u00e9 casado com Delma Maria Bezerra Rodrigues Lopes, ambos picoenses que ano passado celebraram bodas de ouro ao completar 50 anos de casados, vindo a constituir fam\u00edlia, com 3 filhas, Keyla, Kalinka e Kalina, genros: Alberto Medeiros, Alex Palhares e Clementino Martins respectivamente, e 5 netos.<\/p>\n\n\n\n<figure class=\"wp-block-image size-large\"><img decoding=\"async\" width=\"1024\" height=\"768\" src=\"https:\/\/noticiaempauta.com\/portal\/wp-content\/uploads\/2024\/04\/43de5ee1-ddcf-416f-9707-40a5520f0dea-1024x768.jpeg\" alt=\"\" class=\"wp-image-257037\" srcset=\"https:\/\/noticiaempauta.com\/portal\/wp-content\/uploads\/2024\/04\/43de5ee1-ddcf-416f-9707-40a5520f0dea-1024x768.jpeg 1024w, https:\/\/noticiaempauta.com\/portal\/wp-content\/uploads\/2024\/04\/43de5ee1-ddcf-416f-9707-40a5520f0dea-300x225.jpeg 300w, https:\/\/noticiaempauta.com\/portal\/wp-content\/uploads\/2024\/04\/43de5ee1-ddcf-416f-9707-40a5520f0dea-768x576.jpeg 768w, https:\/\/noticiaempauta.com\/portal\/wp-content\/uploads\/2024\/04\/43de5ee1-ddcf-416f-9707-40a5520f0dea.jpeg 1280w\" sizes=\"(max-width: 1024px) 100vw, 1024px\" \/><\/figure>\n\n\n\n<p>Bastante conhecido em Picos e regi\u00e3o, Chiquinho da Cal\u00e7adeira atuou por v\u00e1rias d\u00e9cadas no ramo empresarial de moda e cal\u00e7ados, hoje vivendo a melhor idade comemora ao lado da fam\u00edlia mais um anivers\u00e1rio.<\/p>\n\n\n\n<figure class=\"wp-block-image size-large\"><img decoding=\"async\" width=\"768\" height=\"1024\" src=\"https:\/\/noticiaempauta.com\/portal\/wp-content\/uploads\/2024\/04\/bd3873f3-9454-493e-b89f-8346b43278bc-768x1024.jpeg\" alt=\"\" class=\"wp-image-257038\" srcset=\"https:\/\/noticiaempauta.com\/portal\/wp-content\/uploads\/2024\/04\/bd3873f3-9454-493e-b89f-8346b43278bc-768x1024.jpeg 768w, https:\/\/noticiaempauta.com\/portal\/wp-content\/uploads\/2024\/04\/bd3873f3-9454-493e-b89f-8346b43278bc-225x300.jpeg 225w, https:\/\/noticiaempauta.com\/portal\/wp-content\/uploads\/2024\/04\/bd3873f3-9454-493e-b89f-8346b43278bc-1152x1536.jpeg 1152w, https:\/\/noticiaempauta.com\/portal\/wp-content\/uploads\/2024\/04\/bd3873f3-9454-493e-b89f-8346b43278bc.jpeg 1200w\" sizes=\"(max-width: 768px) 100vw, 768px\" \/><\/figure>\n\n\n\n<figure class=\"wp-block-image size-large\"><img loading=\"lazy\" decoding=\"async\" width=\"768\" height=\"1024\" src=\"https:\/\/noticiaempauta.com\/portal\/wp-content\/uploads\/2024\/04\/30e8ae48-2d18-46c4-89da-4699f9c71e08-768x1024.jpeg\" alt=\"\" class=\"wp-image-257039\" srcset=\"https:\/\/noticiaempauta.com\/portal\/wp-content\/uploads\/2024\/04\/30e8ae48-2d18-46c4-89da-4699f9c71e08-768x1024.jpeg 768w, https:\/\/noticiaempauta.com\/portal\/wp-content\/uploads\/2024\/04\/30e8ae48-2d18-46c4-89da-4699f9c71e08-225x300.jpeg 225w, https:\/\/noticiaempauta.com\/portal\/wp-content\/uploads\/2024\/04\/30e8ae48-2d18-46c4-89da-4699f9c71e08-1152x1536.jpeg 1152w, https:\/\/noticiaempauta.com\/portal\/wp-content\/uploads\/2024\/04\/30e8ae48-2d18-46c4-89da-4699f9c71e08.jpeg 1200w\" sizes=\"(max-width: 768px) 100vw, 768px\" \/><\/figure>\n","protected":false},"excerpt":{"rendered":"<p>Em noite comemorativa nesta sexta-feira, 19 de abril, na capital alencarina, Fortaleza-CE, o comerciante aposentado, Francisco Santos Lopes, o popular \u201c Chiquinho da Cal\u00e7adeira \u201c, reunido com sua fam\u00edlia celebraram a mais um natal\u00edcio, chegando aos seus 80 anos de vida, data em que tamb\u00e9m comemora anivers\u00e1rio o Rei Roberto Carlos. O aniversariante \u00e9 casado [&hellip;]<\/p>\n","protected":false},"author":2,"featured_media":257036,"comment_status":"open","ping_status":"open","sticky":false,"template":"","format":"standard","meta":{"_mi_skip_tracking":false,"footnotes":""},"categories":[8],"tags":[],"class_list":["post-257034","post","type-post","status-publish","format-standard","has-post-thumbnail","hentry","category-social"],"acf":[],"yoast_head":"<!-- This site is optimized with the Yoast SEO Premium plugin v19.2 (Yoast SEO v26.9) - https:\/\/yoast.com\/product\/yoast-seo-premium-wordpress\/ -->\n<title>Chiquinho da Cal\u00e7adeira completa 80 anos - Portal Not\u00edcia em Pauta<\/title>\n<meta name=\"robots\" content=\"index, follow, max-snippet:-1, max-image-preview:large, max-video-preview:-1\" \/>\n<link rel=\"canonical\" href=\"https:\/\/noticiaempauta.com\/portal\/chiquinho-da-calcadeira-completa-80-anos\/\" \/>\n<meta property=\"og:locale\" content=\"pt_BR\" \/>\n<meta property=\"og:type\" content=\"article\" \/>\n<meta property=\"og:title\" content=\"Chiquinho da Cal\u00e7adeira completa 80 anos\" \/>\n<meta property=\"og:description\" content=\"Em noite comemorativa nesta sexta-feira, 19 de abril, na capital alencarina, Fortaleza-CE, o comerciante aposentado, Francisco Santos Lopes, o popular \u201c Chiquinho da Cal\u00e7adeira \u201c, reunido com sua fam\u00edlia celebraram a mais um natal\u00edcio, chegando aos seus 80 anos de vida, data em que tamb\u00e9m comemora anivers\u00e1rio o Rei Roberto Carlos. O aniversariante \u00e9 casado [&hellip;]\" \/>\n<meta property=\"og:url\" content=\"https:\/\/noticiaempauta.com\/portal\/chiquinho-da-calcadeira-completa-80-anos\/\" \/>\n<meta property=\"og:site_name\" content=\"Portal Not\u00edcia em Pauta\" \/>\n<meta property=\"article:publisher\" content=\"https:\/\/www.facebook.com\/Portal-Notcia-Em-Pauta-102292869264820\/\" \/>\n<meta property=\"article:published_time\" content=\"2024-04-20T14:24:31+00:00\" \/>\n<meta property=\"article:modified_time\" content=\"2024-04-20T14:41:27+00:00\" \/>\n<meta property=\"og:image\" content=\"https:\/\/noticiaempauta.com\/portal\/wp-content\/uploads\/2024\/04\/9c3d8c7a-a0bb-438e-b1f0-c2e1538a61af.jpeg\" \/>\n\t<meta property=\"og:image:width\" content=\"959\" \/>\n\t<meta property=\"og:image:height\" content=\"741\" \/>\n\t<meta property=\"og:image:type\" content=\"image\/jpeg\" \/>\n<meta name=\"author\" content=\"Reda\u00e7\u00e3o\" \/>\n<meta name=\"twitter:card\" content=\"summary_large_image\" \/>\n<meta name=\"twitter:label1\" content=\"Escrito por\" \/>\n\t<meta name=\"twitter:data1\" content=\"Reda\u00e7\u00e3o\" \/>\n\t<meta name=\"twitter:label2\" content=\"Est. tempo de leitura\" \/>\n\t<meta name=\"twitter:data2\" content=\"2 minutos\" \/>\n<script type=\"application\/ld+json\" class=\"yoast-schema-graph\">{\"@context\":\"https:\/\/schema.org\",\"@graph\":[{\"@type\":\"Article\",\"@id\":\"https:\/\/noticiaempauta.com\/portal\/chiquinho-da-calcadeira-completa-80-anos\/#article\",\"isPartOf\":{\"@id\":\"https:\/\/noticiaempauta.com\/portal\/chiquinho-da-calcadeira-completa-80-anos\/\"},\"author\":{\"name\":\"Reda\u00e7\u00e3o\",\"@id\":\"https:\/\/noticiaempauta.com\/portal\/#\/schema\/person\/a74af43dd1ab3deca45f988c717d57ac\"},\"headline\":\"Chiquinho da Cal\u00e7adeira completa 80 anos\",\"datePublished\":\"2024-04-20T14:24:31+00:00\",\"dateModified\":\"2024-04-20T14:41:27+00:00\",\"mainEntityOfPage\":{\"@id\":\"https:\/\/noticiaempauta.com\/portal\/chiquinho-da-calcadeira-completa-80-anos\/\"},\"wordCount\":143,\"commentCount\":0,\"publisher\":{\"@id\":\"https:\/\/noticiaempauta.com\/portal\/#organization\"},\"image\":{\"@id\":\"https:\/\/noticiaempauta.com\/portal\/chiquinho-da-calcadeira-completa-80-anos\/#primaryimage\"},\"thumbnailUrl\":\"https:\/\/noticiaempauta.com\/portal\/wp-content\/uploads\/2024\/04\/9c3d8c7a-a0bb-438e-b1f0-c2e1538a61af.jpeg\",\"articleSection\":[\"Social\"],\"inLanguage\":\"pt-BR\",\"potentialAction\":[{\"@type\":\"CommentAction\",\"name\":\"Comment\",\"target\":[\"https:\/\/noticiaempauta.com\/portal\/chiquinho-da-calcadeira-completa-80-anos\/#respond\"]}]},{\"@type\":\"WebPage\",\"@id\":\"https:\/\/noticiaempauta.com\/portal\/chiquinho-da-calcadeira-completa-80-anos\/\",\"url\":\"https:\/\/noticiaempauta.com\/portal\/chiquinho-da-calcadeira-completa-80-anos\/\",\"name\":\"Chiquinho da Cal\u00e7adeira completa 80 anos - Portal Not\u00edcia em Pauta\",\"isPartOf\":{\"@id\":\"https:\/\/noticiaempauta.com\/portal\/#website\"},\"primaryImageOfPage\":{\"@id\":\"https:\/\/noticiaempauta.com\/portal\/chiquinho-da-calcadeira-completa-80-anos\/#primaryimage\"},\"image\":{\"@id\":\"https:\/\/noticiaempauta.com\/portal\/chiquinho-da-calcadeira-completa-80-anos\/#primaryimage\"},\"thumbnailUrl\":\"https:\/\/noticiaempauta.com\/portal\/wp-content\/uploads\/2024\/04\/9c3d8c7a-a0bb-438e-b1f0-c2e1538a61af.jpeg\",\"datePublished\":\"2024-04-20T14:24:31+00:00\",\"dateModified\":\"2024-04-20T14:41:27+00:00\",\"breadcrumb\":{\"@id\":\"https:\/\/noticiaempauta.com\/portal\/chiquinho-da-calcadeira-completa-80-anos\/#breadcrumb\"},\"inLanguage\":\"pt-BR\",\"potentialAction\":[{\"@type\":\"ReadAction\",\"target\":[\"https:\/\/noticiaempauta.com\/portal\/chiquinho-da-calcadeira-completa-80-anos\/\"]}]},{\"@type\":\"ImageObject\",\"inLanguage\":\"pt-BR\",\"@id\":\"https:\/\/noticiaempauta.com\/portal\/chiquinho-da-calcadeira-completa-80-anos\/#primaryimage\",\"url\":\"https:\/\/noticiaempauta.com\/portal\/wp-content\/uploads\/2024\/04\/9c3d8c7a-a0bb-438e-b1f0-c2e1538a61af.jpeg\",\"contentUrl\":\"https:\/\/noticiaempauta.com\/portal\/wp-content\/uploads\/2024\/04\/9c3d8c7a-a0bb-438e-b1f0-c2e1538a61af.jpeg\",\"width\":959,\"height\":741},{\"@type\":\"BreadcrumbList\",\"@id\":\"https:\/\/noticiaempauta.com\/portal\/chiquinho-da-calcadeira-completa-80-anos\/#breadcrumb\",\"itemListElement\":[{\"@type\":\"ListItem\",\"position\":1,\"name\":\"P\u00e1gina Inicial\",\"item\":\"https:\/\/noticiaempauta.com\/portal\/\"},{\"@type\":\"ListItem\",\"position\":2,\"name\":\"Social\",\"item\":\"https:\/\/noticiaempauta.com\/portal\/social\/\"},{\"@type\":\"ListItem\",\"position\":3,\"name\":\"Chiquinho da Cal\u00e7adeira completa 80 anos\"}]},{\"@type\":\"WebSite\",\"@id\":\"https:\/\/noticiaempauta.com\/portal\/#website\",\"url\":\"https:\/\/noticiaempauta.com\/portal\/\",\"name\":\"Portal Not\u00edcia em Pauta\",\"description\":\"Voc\u00ea bem informado\",\"publisher\":{\"@id\":\"https:\/\/noticiaempauta.com\/portal\/#organization\"},\"potentialAction\":[{\"@type\":\"SearchAction\",\"target\":{\"@type\":\"EntryPoint\",\"urlTemplate\":\"https:\/\/noticiaempauta.com\/portal\/?s={search_term_string}\"},\"query-input\":{\"@type\":\"PropertyValueSpecification\",\"valueRequired\":true,\"valueName\":\"search_term_string\"}}],\"inLanguage\":\"pt-BR\"},{\"@type\":\"Organization\",\"@id\":\"https:\/\/noticiaempauta.com\/portal\/#organization\",\"name\":\"Portal Not\u00edcia em Pauta\",\"url\":\"https:\/\/noticiaempauta.com\/portal\/\",\"logo\":{\"@type\":\"ImageObject\",\"inLanguage\":\"pt-BR\",\"@id\":\"https:\/\/noticiaempauta.com\/portal\/#\/schema\/logo\/image\/\",\"url\":\"https:\/\/noticiaempauta.com\/portal\/wp-content\/uploads\/2022\/08\/logomarca_tema.fw_.png\",\"contentUrl\":\"https:\/\/noticiaempauta.com\/portal\/wp-content\/uploads\/2022\/08\/logomarca_tema.fw_.png\",\"width\":400,\"height\":232,\"caption\":\"Portal Not\u00edcia em Pauta\"},\"image\":{\"@id\":\"https:\/\/noticiaempauta.com\/portal\/#\/schema\/logo\/image\/\"},\"sameAs\":[\"https:\/\/www.facebook.com\/Portal-Notcia-Em-Pauta-102292869264820\/\",\"https:\/\/www.instagram.com\/portalnoticiaempauta\/\"]},{\"@type\":\"Person\",\"@id\":\"https:\/\/noticiaempauta.com\/portal\/#\/schema\/person\/a74af43dd1ab3deca45f988c717d57ac\",\"name\":\"Reda\u00e7\u00e3o\",\"image\":{\"@type\":\"ImageObject\",\"inLanguage\":\"pt-BR\",\"@id\":\"https:\/\/noticiaempauta.com\/portal\/#\/schema\/person\/image\/\",\"url\":\"https:\/\/secure.gravatar.com\/avatar\/03179346ecce6cdfc13361603e8f54242a90e5cde8618fa23c5c00aa2b0aadf3?s=96&d=mm&r=g\",\"contentUrl\":\"https:\/\/secure.gravatar.com\/avatar\/03179346ecce6cdfc13361603e8f54242a90e5cde8618fa23c5c00aa2b0aadf3?s=96&d=mm&r=g\",\"caption\":\"Reda\u00e7\u00e3o\"},\"sameAs\":[\"https:\/\/noticiaempauta.com\/portal\/\"],\"url\":\"https:\/\/noticiaempauta.com\/portal\/author\/fernando\/\"}]}<\/script>\n<!-- \/ Yoast SEO Premium plugin. -->","yoast_head_json":{"title":"Chiquinho da Cal\u00e7adeira completa 80 anos - Portal Not\u00edcia em Pauta","robots":{"index":"index","follow":"follow","max-snippet":"max-snippet:-1","max-image-preview":"max-image-preview:large","max-video-preview":"max-video-preview:-1"},"canonical":"https:\/\/noticiaempauta.com\/portal\/chiquinho-da-calcadeira-completa-80-anos\/","og_locale":"pt_BR","og_type":"article","og_title":"Chiquinho da Cal\u00e7adeira completa 80 anos","og_description":"Em noite comemorativa nesta sexta-feira, 19 de abril, na capital alencarina, Fortaleza-CE, o comerciante aposentado, Francisco Santos Lopes, o popular \u201c Chiquinho da Cal\u00e7adeira \u201c, reunido com sua fam\u00edlia celebraram a mais um natal\u00edcio, chegando aos seus 80 anos de vida, data em que tamb\u00e9m comemora anivers\u00e1rio o Rei Roberto Carlos. O aniversariante \u00e9 casado [&hellip;]","og_url":"https:\/\/noticiaempauta.com\/portal\/chiquinho-da-calcadeira-completa-80-anos\/","og_site_name":"Portal Not\u00edcia em Pauta","article_publisher":"https:\/\/www.facebook.com\/Portal-Notcia-Em-Pauta-102292869264820\/","article_published_time":"2024-04-20T14:24:31+00:00","article_modified_time":"2024-04-20T14:41:27+00:00","og_image":[{"width":959,"height":741,"url":"https:\/\/noticiaempauta.com\/portal\/wp-content\/uploads\/2024\/04\/9c3d8c7a-a0bb-438e-b1f0-c2e1538a61af.jpeg","type":"image\/jpeg"}],"author":"Reda\u00e7\u00e3o","twitter_card":"summary_large_image","twitter_misc":{"Escrito por":"Reda\u00e7\u00e3o","Est. tempo de leitura":"2 minutos"},"schema":{"@context":"https:\/\/schema.org","@graph":[{"@type":"Article","@id":"https:\/\/noticiaempauta.com\/portal\/chiquinho-da-calcadeira-completa-80-anos\/#article","isPartOf":{"@id":"https:\/\/noticiaempauta.com\/portal\/chiquinho-da-calcadeira-completa-80-anos\/"},"author":{"name":"Reda\u00e7\u00e3o","@id":"https:\/\/noticiaempauta.com\/portal\/#\/schema\/person\/a74af43dd1ab3deca45f988c717d57ac"},"headline":"Chiquinho da Cal\u00e7adeira completa 80 anos","datePublished":"2024-04-20T14:24:31+00:00","dateModified":"2024-04-20T14:41:27+00:00","mainEntityOfPage":{"@id":"https:\/\/noticiaempauta.com\/portal\/chiquinho-da-calcadeira-completa-80-anos\/"},"wordCount":143,"commentCount":0,"publisher":{"@id":"https:\/\/noticiaempauta.com\/portal\/#organization"},"image":{"@id":"https:\/\/noticiaempauta.com\/portal\/chiquinho-da-calcadeira-completa-80-anos\/#primaryimage"},"thumbnailUrl":"https:\/\/noticiaempauta.com\/portal\/wp-content\/uploads\/2024\/04\/9c3d8c7a-a0bb-438e-b1f0-c2e1538a61af.jpeg","articleSection":["Social"],"inLanguage":"pt-BR","potentialAction":[{"@type":"CommentAction","name":"Comment","target":["https:\/\/noticiaempauta.com\/portal\/chiquinho-da-calcadeira-completa-80-anos\/#respond"]}]},{"@type":"WebPage","@id":"https:\/\/noticiaempauta.com\/portal\/chiquinho-da-calcadeira-completa-80-anos\/","url":"https:\/\/noticiaempauta.com\/portal\/chiquinho-da-calcadeira-completa-80-anos\/","name":"Chiquinho da Cal\u00e7adeira completa 80 anos - Portal Not\u00edcia em Pauta","isPartOf":{"@id":"https:\/\/noticiaempauta.com\/portal\/#website"},"primaryImageOfPage":{"@id":"https:\/\/noticiaempauta.com\/portal\/chiquinho-da-calcadeira-completa-80-anos\/#primaryimage"},"image":{"@id":"https:\/\/noticiaempauta.com\/portal\/chiquinho-da-calcadeira-completa-80-anos\/#primaryimage"},"thumbnailUrl":"https:\/\/noticiaempauta.com\/portal\/wp-content\/uploads\/2024\/04\/9c3d8c7a-a0bb-438e-b1f0-c2e1538a61af.jpeg","datePublished":"2024-04-20T14:24:31+00:00","dateModified":"2024-04-20T14:41:27+00:00","breadcrumb":{"@id":"https:\/\/noticiaempauta.com\/portal\/chiquinho-da-calcadeira-completa-80-anos\/#breadcrumb"},"inLanguage":"pt-BR","potentialAction":[{"@type":"ReadAction","target":["https:\/\/noticiaempauta.com\/portal\/chiquinho-da-calcadeira-completa-80-anos\/"]}]},{"@type":"ImageObject","inLanguage":"pt-BR","@id":"https:\/\/noticiaempauta.com\/portal\/chiquinho-da-calcadeira-completa-80-anos\/#primaryimage","url":"https:\/\/noticiaempauta.com\/portal\/wp-content\/uploads\/2024\/04\/9c3d8c7a-a0bb-438e-b1f0-c2e1538a61af.jpeg","contentUrl":"https:\/\/noticiaempauta.com\/portal\/wp-content\/uploads\/2024\/04\/9c3d8c7a-a0bb-438e-b1f0-c2e1538a61af.jpeg","width":959,"height":741},{"@type":"BreadcrumbList","@id":"https:\/\/noticiaempauta.com\/portal\/chiquinho-da-calcadeira-completa-80-anos\/#breadcrumb","itemListElement":[{"@type":"ListItem","position":1,"name":"P\u00e1gina Inicial","item":"https:\/\/noticiaempauta.com\/portal\/"},{"@type":"ListItem","position":2,"name":"Social","item":"https:\/\/noticiaempauta.com\/portal\/social\/"},{"@type":"ListItem","position":3,"name":"Chiquinho da Cal\u00e7adeira completa 80 anos"}]},{"@type":"WebSite","@id":"https:\/\/noticiaempauta.com\/portal\/#website","url":"https:\/\/noticiaempauta.com\/portal\/","name":"Portal Not\u00edcia em Pauta","description":"Voc\u00ea bem informado","publisher":{"@id":"https:\/\/noticiaempauta.com\/portal\/#organization"},"potentialAction":[{"@type":"SearchAction","target":{"@type":"EntryPoint","urlTemplate":"https:\/\/noticiaempauta.com\/portal\/?s={search_term_string}"},"query-input":{"@type":"PropertyValueSpecification","valueRequired":true,"valueName":"search_term_string"}}],"inLanguage":"pt-BR"},{"@type":"Organization","@id":"https:\/\/noticiaempauta.com\/portal\/#organization","name":"Portal Not\u00edcia em Pauta","url":"https:\/\/noticiaempauta.com\/portal\/","logo":{"@type":"ImageObject","inLanguage":"pt-BR","@id":"https:\/\/noticiaempauta.com\/portal\/#\/schema\/logo\/image\/","url":"https:\/\/noticiaempauta.com\/portal\/wp-content\/uploads\/2022\/08\/logomarca_tema.fw_.png","contentUrl":"https:\/\/noticiaempauta.com\/portal\/wp-content\/uploads\/2022\/08\/logomarca_tema.fw_.png","width":400,"height":232,"caption":"Portal Not\u00edcia em Pauta"},"image":{"@id":"https:\/\/noticiaempauta.com\/portal\/#\/schema\/logo\/image\/"},"sameAs":["https:\/\/www.facebook.com\/Portal-Notcia-Em-Pauta-102292869264820\/","https:\/\/www.instagram.com\/portalnoticiaempauta\/"]},{"@type":"Person","@id":"https:\/\/noticiaempauta.com\/portal\/#\/schema\/person\/a74af43dd1ab3deca45f988c717d57ac","name":"Reda\u00e7\u00e3o","image":{"@type":"ImageObject","inLanguage":"pt-BR","@id":"https:\/\/noticiaempauta.com\/portal\/#\/schema\/person\/image\/","url":"https:\/\/secure.gravatar.com\/avatar\/03179346ecce6cdfc13361603e8f54242a90e5cde8618fa23c5c00aa2b0aadf3?s=96&d=mm&r=g","contentUrl":"https:\/\/secure.gravatar.com\/avatar\/03179346ecce6cdfc13361603e8f54242a90e5cde8618fa23c5c00aa2b0aadf3?s=96&d=mm&r=g","caption":"Reda\u00e7\u00e3o"},"sameAs":["https:\/\/noticiaempauta.com\/portal\/"],"url":"https:\/\/noticiaempauta.com\/portal\/author\/fernando\/"}]}},"_links":{"self":[{"href":"https:\/\/noticiaempauta.com\/portal\/wp-json\/wp\/v2\/posts\/257034","targetHints":{"allow":["GET"]}}],"collection":[{"href":"https:\/\/noticiaempauta.com\/portal\/wp-json\/wp\/v2\/posts"}],"about":[{"href":"https:\/\/noticiaempauta.com\/portal\/wp-json\/wp\/v2\/types\/post"}],"author":[{"embeddable":true,"href":"https:\/\/noticiaempauta.com\/portal\/wp-json\/wp\/v2\/users\/2"}],"replies":[{"embeddable":true,"href":"https:\/\/noticiaempauta.com\/portal\/wp-json\/wp\/v2\/comments?post=257034"}],"version-history":[{"count":2,"href":"https:\/\/noticiaempauta.com\/portal\/wp-json\/wp\/v2\/posts\/257034\/revisions"}],"predecessor-version":[{"id":257041,"href":"https:\/\/noticiaempauta.com\/portal\/wp-json\/wp\/v2\/posts\/257034\/revisions\/257041"}],"wp:featuredmedia":[{"embeddable":true,"href":"https:\/\/noticiaempauta.com\/portal\/wp-json\/wp\/v2\/media\/257036"}],"wp:attachment":[{"href":"https:\/\/noticiaempauta.com\/portal\/wp-json\/wp\/v2\/media?parent=257034"}],"wp:term":[{"taxonomy":"category","embeddable":true,"href":"https:\/\/noticiaempauta.com\/portal\/wp-json\/wp\/v2\/categories?post=257034"},{"taxonomy":"post_tag","embeddable":true,"href":"https:\/\/noticiaempauta.com\/portal\/wp-json\/wp\/v2\/tags?post=257034"}],"curies":[{"name":"wp","href":"https:\/\/api.w.org\/{rel}","templated":true}]}}