{"id":257219,"date":"2024-04-24T09:34:52","date_gmt":"2024-04-24T12:34:52","guid":{"rendered":"https:\/\/noticiaempauta.com\/portal\/?p=257219"},"modified":"2024-04-24T09:34:54","modified_gmt":"2024-04-24T12:34:54","slug":"alepi-aprova-mudancas-na-isencao-do-ipva-no-piaui-entenda","status":"publish","type":"post","link":"https:\/\/noticiaempauta.com\/portal\/alepi-aprova-mudancas-na-isencao-do-ipva-no-piaui-entenda\/","title":{"rendered":"Alepi aprova mudan\u00e7as na isen\u00e7\u00e3o do IPVA no Piau\u00ed; entenda"},"content":{"rendered":"\n<p>A Assembleia Legislativa do Piau\u00ed (Alepi) aprovou Projeto de Indicativo de Lei que altera a lei n\u00ba 4.548\/1992, e acrescenta isen\u00e7\u00e3o ao Imposto sobre a Propriedade de Ve\u00edculos Automotores (IPVA) para autistas e pessoas com s\u00edndrome de down, e ainda garante que o benef\u00edcio seja estendido para as pessoas respons\u00e1veis por pessoas com defici\u00eancia.<\/p>\n\n\n\n<p>A proposta \u00e9 de autoria da deputada Gracinha M\u00e3o Santa (Progressistas) e ser\u00e1 encaminhada para o governador Rafael Fonteles (PT), que ir\u00e1 decidir ser ir\u00e1 transformar a proposi\u00e7\u00e3o em um projeto de lei, j\u00e1 que somente o chefe do poder executivo pode fazer esse tipo de altera\u00e7\u00e3o.<\/p>\n\n\n\n<p>O Indicativo de Lei faz uma altera\u00e7\u00e3o no inciso Vll do Art. 5\u00ba, pois a atual reda\u00e7\u00e3o prev\u00ea a isen\u00e7\u00e3o de IPVA para os &#8220;ve\u00edculos de fabrica\u00e7\u00e3o nacional especialmente adaptados para deficientes f\u00edsicos, limitado o benef\u00edcio a um ve\u00edculo por benefici\u00e1rio&#8221;.&nbsp;<strong>Dessa forma, a lei n\u00e3o garante o benef\u00edcio para ve\u00edculos dos respons\u00e1veis e inclui apenas as pessoas com defici\u00eancia.<\/strong><\/p>\n\n\n\n<p><strong>Agora a nova reda\u00e7\u00e3o insere tamb\u00e9m os respons\u00e1veis com benefici\u00e1rios e acrescenta mais grupos<\/strong>: \u201cde propriedade, ou cuja posse seja decorrente de contrato de arrendamento mercantil, de pessoas portadoras de defici\u00eancia f\u00edsica, visual, mental severa ou profunda, s\u00edndrome de down ou autistas, de fabrica\u00e7\u00e3o nacional, equipados com motor de cilindrada n\u00e3o superior a dois mil cent\u00edmetros c\u00fabicos, limitado a um ve\u00edculo por benefici\u00e1rio\u201d.<\/p>\n\n\n\n<p>Quando apresentou a proposta, a deputada informou a necessidade de ajudar mais fam\u00edlias, devido ao aumento da procura por tratamento e educa\u00e7\u00e3o.<\/p>\n\n\n\n<blockquote class=\"wp-block-quote is-layout-flow wp-block-quote-is-layout-flow\">\n<p>\u201cO dispositivo \u00e9 restrito, n\u00e3o abrangendo os ve\u00edculos dos respons\u00e1veis, quer familiares, quer tutores ou curadores dos portadores de necessidades especiais. A nova reda\u00e7\u00e3o do dispositivo vai mais al\u00e9m e disciplina integralmente a mat\u00e9ria, sendo espec\u00edfica na concess\u00e3o da isen\u00e7\u00e3o do IPVA \u00e0queles que necessitam de um ve\u00edculo para seu transporte ou para o transporte dos familiares que tenham alguma necessidade especial\u201d, explicou a parlamentar.<\/p>\n<cite><em>Fonte: CidadeVerde<\/em><\/cite><\/blockquote>\n","protected":false},"excerpt":{"rendered":"<p>A Assembleia Legislativa do Piau\u00ed (Alepi) aprovou Projeto de Indicativo de Lei que altera a lei n\u00ba 4.548\/1992, e acrescenta isen\u00e7\u00e3o ao Imposto sobre a Propriedade de Ve\u00edculos Automotores (IPVA) para autistas e pessoas com s\u00edndrome de down, e ainda garante que o benef\u00edcio seja estendido para as pessoas respons\u00e1veis por pessoas com defici\u00eancia. A [&hellip;]<\/p>\n","protected":false},"author":2,"featured_media":243216,"comment_status":"open","ping_status":"open","sticky":false,"template":"","format":"standard","meta":{"_mi_skip_tracking":false,"footnotes":""},"categories":[25,1,16],"tags":[192],"class_list":["post-257219","post","type-post","status-publish","format-standard","has-post-thumbnail","hentry","category-destaques-site","category-geral","category-todas","tag-destaqueprincipal"],"acf":[],"yoast_head":"<!-- This site is optimized with the Yoast SEO Premium plugin v19.2 (Yoast SEO v26.9) - https:\/\/yoast.com\/product\/yoast-seo-premium-wordpress\/ -->\n<title>Alepi aprova mudan\u00e7as na isen\u00e7\u00e3o do IPVA no Piau\u00ed; entenda - Portal Not\u00edcia em Pauta<\/title>\n<meta name=\"robots\" content=\"index, follow, max-snippet:-1, max-image-preview:large, max-video-preview:-1\" \/>\n<link rel=\"canonical\" href=\"https:\/\/noticiaempauta.com\/portal\/alepi-aprova-mudancas-na-isencao-do-ipva-no-piaui-entenda\/\" \/>\n<meta property=\"og:locale\" content=\"pt_BR\" \/>\n<meta property=\"og:type\" content=\"article\" \/>\n<meta property=\"og:title\" content=\"Alepi aprova mudan\u00e7as na isen\u00e7\u00e3o do IPVA no Piau\u00ed; entenda\" \/>\n<meta property=\"og:description\" content=\"A Assembleia Legislativa do Piau\u00ed (Alepi) aprovou Projeto de Indicativo de Lei que altera a lei n\u00ba 4.548\/1992, e acrescenta isen\u00e7\u00e3o ao Imposto sobre a Propriedade de Ve\u00edculos Automotores (IPVA) para autistas e pessoas com s\u00edndrome de down, e ainda garante que o benef\u00edcio seja estendido para as pessoas respons\u00e1veis por pessoas com defici\u00eancia. A [&hellip;]\" \/>\n<meta property=\"og:url\" content=\"https:\/\/noticiaempauta.com\/portal\/alepi-aprova-mudancas-na-isencao-do-ipva-no-piaui-entenda\/\" \/>\n<meta property=\"og:site_name\" content=\"Portal Not\u00edcia em Pauta\" \/>\n<meta property=\"article:publisher\" content=\"https:\/\/www.facebook.com\/Portal-Notcia-Em-Pauta-102292869264820\/\" \/>\n<meta property=\"article:published_time\" content=\"2024-04-24T12:34:52+00:00\" \/>\n<meta property=\"article:modified_time\" content=\"2024-04-24T12:34:54+00:00\" \/>\n<meta property=\"og:image\" content=\"https:\/\/noticiaempauta.com\/portal\/wp-content\/uploads\/2023\/01\/cota-a-nica-de-desconto-do-ipva-tem-desconto-de-15-ata-dia-31-de-janeiro-6cd28870-36f9-4d02-b77b-3188a9bbb2c9.webp\" \/>\n\t<meta property=\"og:image:width\" content=\"870\" \/>\n\t<meta property=\"og:image:height\" content=\"450\" \/>\n\t<meta property=\"og:image:type\" content=\"image\/webp\" \/>\n<meta name=\"author\" content=\"Reda\u00e7\u00e3o\" \/>\n<meta name=\"twitter:card\" content=\"summary_large_image\" \/>\n<meta name=\"twitter:label1\" content=\"Escrito por\" \/>\n\t<meta name=\"twitter:data1\" content=\"Reda\u00e7\u00e3o\" \/>\n\t<meta name=\"twitter:label2\" content=\"Est. tempo de leitura\" \/>\n\t<meta name=\"twitter:data2\" content=\"2 minutos\" \/>\n<script type=\"application\/ld+json\" class=\"yoast-schema-graph\">{\"@context\":\"https:\/\/schema.org\",\"@graph\":[{\"@type\":\"Article\",\"@id\":\"https:\/\/noticiaempauta.com\/portal\/alepi-aprova-mudancas-na-isencao-do-ipva-no-piaui-entenda\/#article\",\"isPartOf\":{\"@id\":\"https:\/\/noticiaempauta.com\/portal\/alepi-aprova-mudancas-na-isencao-do-ipva-no-piaui-entenda\/\"},\"author\":{\"name\":\"Reda\u00e7\u00e3o\",\"@id\":\"https:\/\/noticiaempauta.com\/portal\/#\/schema\/person\/a74af43dd1ab3deca45f988c717d57ac\"},\"headline\":\"Alepi aprova mudan\u00e7as na isen\u00e7\u00e3o do IPVA no Piau\u00ed; entenda\",\"datePublished\":\"2024-04-24T12:34:52+00:00\",\"dateModified\":\"2024-04-24T12:34:54+00:00\",\"mainEntityOfPage\":{\"@id\":\"https:\/\/noticiaempauta.com\/portal\/alepi-aprova-mudancas-na-isencao-do-ipva-no-piaui-entenda\/\"},\"wordCount\":370,\"commentCount\":0,\"publisher\":{\"@id\":\"https:\/\/noticiaempauta.com\/portal\/#organization\"},\"image\":{\"@id\":\"https:\/\/noticiaempauta.com\/portal\/alepi-aprova-mudancas-na-isencao-do-ipva-no-piaui-entenda\/#primaryimage\"},\"thumbnailUrl\":\"https:\/\/noticiaempauta.com\/portal\/wp-content\/uploads\/2023\/01\/cota-a-nica-de-desconto-do-ipva-tem-desconto-de-15-ata-dia-31-de-janeiro-6cd28870-36f9-4d02-b77b-3188a9bbb2c9.webp\",\"keywords\":[\"destaqueprincipal\"],\"articleSection\":[\"Destaques\",\"Geral\",\"Todas as Not\u00edcias\"],\"inLanguage\":\"pt-BR\",\"potentialAction\":[{\"@type\":\"CommentAction\",\"name\":\"Comment\",\"target\":[\"https:\/\/noticiaempauta.com\/portal\/alepi-aprova-mudancas-na-isencao-do-ipva-no-piaui-entenda\/#respond\"]}]},{\"@type\":\"WebPage\",\"@id\":\"https:\/\/noticiaempauta.com\/portal\/alepi-aprova-mudancas-na-isencao-do-ipva-no-piaui-entenda\/\",\"url\":\"https:\/\/noticiaempauta.com\/portal\/alepi-aprova-mudancas-na-isencao-do-ipva-no-piaui-entenda\/\",\"name\":\"Alepi aprova mudan\u00e7as na isen\u00e7\u00e3o do IPVA no Piau\u00ed; entenda - Portal Not\u00edcia em Pauta\",\"isPartOf\":{\"@id\":\"https:\/\/noticiaempauta.com\/portal\/#website\"},\"primaryImageOfPage\":{\"@id\":\"https:\/\/noticiaempauta.com\/portal\/alepi-aprova-mudancas-na-isencao-do-ipva-no-piaui-entenda\/#primaryimage\"},\"image\":{\"@id\":\"https:\/\/noticiaempauta.com\/portal\/alepi-aprova-mudancas-na-isencao-do-ipva-no-piaui-entenda\/#primaryimage\"},\"thumbnailUrl\":\"https:\/\/noticiaempauta.com\/portal\/wp-content\/uploads\/2023\/01\/cota-a-nica-de-desconto-do-ipva-tem-desconto-de-15-ata-dia-31-de-janeiro-6cd28870-36f9-4d02-b77b-3188a9bbb2c9.webp\",\"datePublished\":\"2024-04-24T12:34:52+00:00\",\"dateModified\":\"2024-04-24T12:34:54+00:00\",\"breadcrumb\":{\"@id\":\"https:\/\/noticiaempauta.com\/portal\/alepi-aprova-mudancas-na-isencao-do-ipva-no-piaui-entenda\/#breadcrumb\"},\"inLanguage\":\"pt-BR\",\"potentialAction\":[{\"@type\":\"ReadAction\",\"target\":[\"https:\/\/noticiaempauta.com\/portal\/alepi-aprova-mudancas-na-isencao-do-ipva-no-piaui-entenda\/\"]}]},{\"@type\":\"ImageObject\",\"inLanguage\":\"pt-BR\",\"@id\":\"https:\/\/noticiaempauta.com\/portal\/alepi-aprova-mudancas-na-isencao-do-ipva-no-piaui-entenda\/#primaryimage\",\"url\":\"https:\/\/noticiaempauta.com\/portal\/wp-content\/uploads\/2023\/01\/cota-a-nica-de-desconto-do-ipva-tem-desconto-de-15-ata-dia-31-de-janeiro-6cd28870-36f9-4d02-b77b-3188a9bbb2c9.webp\",\"contentUrl\":\"https:\/\/noticiaempauta.com\/portal\/wp-content\/uploads\/2023\/01\/cota-a-nica-de-desconto-do-ipva-tem-desconto-de-15-ata-dia-31-de-janeiro-6cd28870-36f9-4d02-b77b-3188a9bbb2c9.webp\",\"width\":870,\"height\":450,\"caption\":\"Foto: Divulga\u00e7\u00e3o\"},{\"@type\":\"BreadcrumbList\",\"@id\":\"https:\/\/noticiaempauta.com\/portal\/alepi-aprova-mudancas-na-isencao-do-ipva-no-piaui-entenda\/#breadcrumb\",\"itemListElement\":[{\"@type\":\"ListItem\",\"position\":1,\"name\":\"P\u00e1gina Inicial\",\"item\":\"https:\/\/noticiaempauta.com\/portal\/\"},{\"@type\":\"ListItem\",\"position\":2,\"name\":\"Destaques\",\"item\":\"https:\/\/noticiaempauta.com\/portal\/destaques-site\/\"},{\"@type\":\"ListItem\",\"position\":3,\"name\":\"Alepi aprova mudan\u00e7as na isen\u00e7\u00e3o do IPVA no Piau\u00ed; entenda\"}]},{\"@type\":\"WebSite\",\"@id\":\"https:\/\/noticiaempauta.com\/portal\/#website\",\"url\":\"https:\/\/noticiaempauta.com\/portal\/\",\"name\":\"Portal Not\u00edcia em Pauta\",\"description\":\"Voc\u00ea bem informado\",\"publisher\":{\"@id\":\"https:\/\/noticiaempauta.com\/portal\/#organization\"},\"potentialAction\":[{\"@type\":\"SearchAction\",\"target\":{\"@type\":\"EntryPoint\",\"urlTemplate\":\"https:\/\/noticiaempauta.com\/portal\/?s={search_term_string}\"},\"query-input\":{\"@type\":\"PropertyValueSpecification\",\"valueRequired\":true,\"valueName\":\"search_term_string\"}}],\"inLanguage\":\"pt-BR\"},{\"@type\":\"Organization\",\"@id\":\"https:\/\/noticiaempauta.com\/portal\/#organization\",\"name\":\"Portal Not\u00edcia em Pauta\",\"url\":\"https:\/\/noticiaempauta.com\/portal\/\",\"logo\":{\"@type\":\"ImageObject\",\"inLanguage\":\"pt-BR\",\"@id\":\"https:\/\/noticiaempauta.com\/portal\/#\/schema\/logo\/image\/\",\"url\":\"https:\/\/noticiaempauta.com\/portal\/wp-content\/uploads\/2022\/08\/logomarca_tema.fw_.png\",\"contentUrl\":\"https:\/\/noticiaempauta.com\/portal\/wp-content\/uploads\/2022\/08\/logomarca_tema.fw_.png\",\"width\":400,\"height\":232,\"caption\":\"Portal Not\u00edcia em Pauta\"},\"image\":{\"@id\":\"https:\/\/noticiaempauta.com\/portal\/#\/schema\/logo\/image\/\"},\"sameAs\":[\"https:\/\/www.facebook.com\/Portal-Notcia-Em-Pauta-102292869264820\/\",\"https:\/\/www.instagram.com\/portalnoticiaempauta\/\"]},{\"@type\":\"Person\",\"@id\":\"https:\/\/noticiaempauta.com\/portal\/#\/schema\/person\/a74af43dd1ab3deca45f988c717d57ac\",\"name\":\"Reda\u00e7\u00e3o\",\"image\":{\"@type\":\"ImageObject\",\"inLanguage\":\"pt-BR\",\"@id\":\"https:\/\/noticiaempauta.com\/portal\/#\/schema\/person\/image\/\",\"url\":\"https:\/\/secure.gravatar.com\/avatar\/03179346ecce6cdfc13361603e8f54242a90e5cde8618fa23c5c00aa2b0aadf3?s=96&d=mm&r=g\",\"contentUrl\":\"https:\/\/secure.gravatar.com\/avatar\/03179346ecce6cdfc13361603e8f54242a90e5cde8618fa23c5c00aa2b0aadf3?s=96&d=mm&r=g\",\"caption\":\"Reda\u00e7\u00e3o\"},\"sameAs\":[\"https:\/\/noticiaempauta.com\/portal\/\"],\"url\":\"https:\/\/noticiaempauta.com\/portal\/author\/fernando\/\"}]}<\/script>\n<!-- \/ Yoast SEO Premium plugin. -->","yoast_head_json":{"title":"Alepi aprova mudan\u00e7as na isen\u00e7\u00e3o do IPVA no Piau\u00ed; entenda - Portal Not\u00edcia em Pauta","robots":{"index":"index","follow":"follow","max-snippet":"max-snippet:-1","max-image-preview":"max-image-preview:large","max-video-preview":"max-video-preview:-1"},"canonical":"https:\/\/noticiaempauta.com\/portal\/alepi-aprova-mudancas-na-isencao-do-ipva-no-piaui-entenda\/","og_locale":"pt_BR","og_type":"article","og_title":"Alepi aprova mudan\u00e7as na isen\u00e7\u00e3o do IPVA no Piau\u00ed; entenda","og_description":"A Assembleia Legislativa do Piau\u00ed (Alepi) aprovou Projeto de Indicativo de Lei que altera a lei n\u00ba 4.548\/1992, e acrescenta isen\u00e7\u00e3o ao Imposto sobre a Propriedade de Ve\u00edculos Automotores (IPVA) para autistas e pessoas com s\u00edndrome de down, e ainda garante que o benef\u00edcio seja estendido para as pessoas respons\u00e1veis por pessoas com defici\u00eancia. A [&hellip;]","og_url":"https:\/\/noticiaempauta.com\/portal\/alepi-aprova-mudancas-na-isencao-do-ipva-no-piaui-entenda\/","og_site_name":"Portal Not\u00edcia em Pauta","article_publisher":"https:\/\/www.facebook.com\/Portal-Notcia-Em-Pauta-102292869264820\/","article_published_time":"2024-04-24T12:34:52+00:00","article_modified_time":"2024-04-24T12:34:54+00:00","og_image":[{"width":870,"height":450,"url":"https:\/\/noticiaempauta.com\/portal\/wp-content\/uploads\/2023\/01\/cota-a-nica-de-desconto-do-ipva-tem-desconto-de-15-ata-dia-31-de-janeiro-6cd28870-36f9-4d02-b77b-3188a9bbb2c9.webp","type":"image\/webp"}],"author":"Reda\u00e7\u00e3o","twitter_card":"summary_large_image","twitter_misc":{"Escrito por":"Reda\u00e7\u00e3o","Est. tempo de leitura":"2 minutos"},"schema":{"@context":"https:\/\/schema.org","@graph":[{"@type":"Article","@id":"https:\/\/noticiaempauta.com\/portal\/alepi-aprova-mudancas-na-isencao-do-ipva-no-piaui-entenda\/#article","isPartOf":{"@id":"https:\/\/noticiaempauta.com\/portal\/alepi-aprova-mudancas-na-isencao-do-ipva-no-piaui-entenda\/"},"author":{"name":"Reda\u00e7\u00e3o","@id":"https:\/\/noticiaempauta.com\/portal\/#\/schema\/person\/a74af43dd1ab3deca45f988c717d57ac"},"headline":"Alepi aprova mudan\u00e7as na isen\u00e7\u00e3o do IPVA no Piau\u00ed; entenda","datePublished":"2024-04-24T12:34:52+00:00","dateModified":"2024-04-24T12:34:54+00:00","mainEntityOfPage":{"@id":"https:\/\/noticiaempauta.com\/portal\/alepi-aprova-mudancas-na-isencao-do-ipva-no-piaui-entenda\/"},"wordCount":370,"commentCount":0,"publisher":{"@id":"https:\/\/noticiaempauta.com\/portal\/#organization"},"image":{"@id":"https:\/\/noticiaempauta.com\/portal\/alepi-aprova-mudancas-na-isencao-do-ipva-no-piaui-entenda\/#primaryimage"},"thumbnailUrl":"https:\/\/noticiaempauta.com\/portal\/wp-content\/uploads\/2023\/01\/cota-a-nica-de-desconto-do-ipva-tem-desconto-de-15-ata-dia-31-de-janeiro-6cd28870-36f9-4d02-b77b-3188a9bbb2c9.webp","keywords":["destaqueprincipal"],"articleSection":["Destaques","Geral","Todas as Not\u00edcias"],"inLanguage":"pt-BR","potentialAction":[{"@type":"CommentAction","name":"Comment","target":["https:\/\/noticiaempauta.com\/portal\/alepi-aprova-mudancas-na-isencao-do-ipva-no-piaui-entenda\/#respond"]}]},{"@type":"WebPage","@id":"https:\/\/noticiaempauta.com\/portal\/alepi-aprova-mudancas-na-isencao-do-ipva-no-piaui-entenda\/","url":"https:\/\/noticiaempauta.com\/portal\/alepi-aprova-mudancas-na-isencao-do-ipva-no-piaui-entenda\/","name":"Alepi aprova mudan\u00e7as na isen\u00e7\u00e3o do IPVA no Piau\u00ed; entenda - Portal Not\u00edcia em Pauta","isPartOf":{"@id":"https:\/\/noticiaempauta.com\/portal\/#website"},"primaryImageOfPage":{"@id":"https:\/\/noticiaempauta.com\/portal\/alepi-aprova-mudancas-na-isencao-do-ipva-no-piaui-entenda\/#primaryimage"},"image":{"@id":"https:\/\/noticiaempauta.com\/portal\/alepi-aprova-mudancas-na-isencao-do-ipva-no-piaui-entenda\/#primaryimage"},"thumbnailUrl":"https:\/\/noticiaempauta.com\/portal\/wp-content\/uploads\/2023\/01\/cota-a-nica-de-desconto-do-ipva-tem-desconto-de-15-ata-dia-31-de-janeiro-6cd28870-36f9-4d02-b77b-3188a9bbb2c9.webp","datePublished":"2024-04-24T12:34:52+00:00","dateModified":"2024-04-24T12:34:54+00:00","breadcrumb":{"@id":"https:\/\/noticiaempauta.com\/portal\/alepi-aprova-mudancas-na-isencao-do-ipva-no-piaui-entenda\/#breadcrumb"},"inLanguage":"pt-BR","potentialAction":[{"@type":"ReadAction","target":["https:\/\/noticiaempauta.com\/portal\/alepi-aprova-mudancas-na-isencao-do-ipva-no-piaui-entenda\/"]}]},{"@type":"ImageObject","inLanguage":"pt-BR","@id":"https:\/\/noticiaempauta.com\/portal\/alepi-aprova-mudancas-na-isencao-do-ipva-no-piaui-entenda\/#primaryimage","url":"https:\/\/noticiaempauta.com\/portal\/wp-content\/uploads\/2023\/01\/cota-a-nica-de-desconto-do-ipva-tem-desconto-de-15-ata-dia-31-de-janeiro-6cd28870-36f9-4d02-b77b-3188a9bbb2c9.webp","contentUrl":"https:\/\/noticiaempauta.com\/portal\/wp-content\/uploads\/2023\/01\/cota-a-nica-de-desconto-do-ipva-tem-desconto-de-15-ata-dia-31-de-janeiro-6cd28870-36f9-4d02-b77b-3188a9bbb2c9.webp","width":870,"height":450,"caption":"Foto: Divulga\u00e7\u00e3o"},{"@type":"BreadcrumbList","@id":"https:\/\/noticiaempauta.com\/portal\/alepi-aprova-mudancas-na-isencao-do-ipva-no-piaui-entenda\/#breadcrumb","itemListElement":[{"@type":"ListItem","position":1,"name":"P\u00e1gina Inicial","item":"https:\/\/noticiaempauta.com\/portal\/"},{"@type":"ListItem","position":2,"name":"Destaques","item":"https:\/\/noticiaempauta.com\/portal\/destaques-site\/"},{"@type":"ListItem","position":3,"name":"Alepi aprova mudan\u00e7as na isen\u00e7\u00e3o do IPVA no Piau\u00ed; entenda"}]},{"@type":"WebSite","@id":"https:\/\/noticiaempauta.com\/portal\/#website","url":"https:\/\/noticiaempauta.com\/portal\/","name":"Portal Not\u00edcia em Pauta","description":"Voc\u00ea bem informado","publisher":{"@id":"https:\/\/noticiaempauta.com\/portal\/#organization"},"potentialAction":[{"@type":"SearchAction","target":{"@type":"EntryPoint","urlTemplate":"https:\/\/noticiaempauta.com\/portal\/?s={search_term_string}"},"query-input":{"@type":"PropertyValueSpecification","valueRequired":true,"valueName":"search_term_string"}}],"inLanguage":"pt-BR"},{"@type":"Organization","@id":"https:\/\/noticiaempauta.com\/portal\/#organization","name":"Portal Not\u00edcia em Pauta","url":"https:\/\/noticiaempauta.com\/portal\/","logo":{"@type":"ImageObject","inLanguage":"pt-BR","@id":"https:\/\/noticiaempauta.com\/portal\/#\/schema\/logo\/image\/","url":"https:\/\/noticiaempauta.com\/portal\/wp-content\/uploads\/2022\/08\/logomarca_tema.fw_.png","contentUrl":"https:\/\/noticiaempauta.com\/portal\/wp-content\/uploads\/2022\/08\/logomarca_tema.fw_.png","width":400,"height":232,"caption":"Portal Not\u00edcia em Pauta"},"image":{"@id":"https:\/\/noticiaempauta.com\/portal\/#\/schema\/logo\/image\/"},"sameAs":["https:\/\/www.facebook.com\/Portal-Notcia-Em-Pauta-102292869264820\/","https:\/\/www.instagram.com\/portalnoticiaempauta\/"]},{"@type":"Person","@id":"https:\/\/noticiaempauta.com\/portal\/#\/schema\/person\/a74af43dd1ab3deca45f988c717d57ac","name":"Reda\u00e7\u00e3o","image":{"@type":"ImageObject","inLanguage":"pt-BR","@id":"https:\/\/noticiaempauta.com\/portal\/#\/schema\/person\/image\/","url":"https:\/\/secure.gravatar.com\/avatar\/03179346ecce6cdfc13361603e8f54242a90e5cde8618fa23c5c00aa2b0aadf3?s=96&d=mm&r=g","contentUrl":"https:\/\/secure.gravatar.com\/avatar\/03179346ecce6cdfc13361603e8f54242a90e5cde8618fa23c5c00aa2b0aadf3?s=96&d=mm&r=g","caption":"Reda\u00e7\u00e3o"},"sameAs":["https:\/\/noticiaempauta.com\/portal\/"],"url":"https:\/\/noticiaempauta.com\/portal\/author\/fernando\/"}]}},"_links":{"self":[{"href":"https:\/\/noticiaempauta.com\/portal\/wp-json\/wp\/v2\/posts\/257219","targetHints":{"allow":["GET"]}}],"collection":[{"href":"https:\/\/noticiaempauta.com\/portal\/wp-json\/wp\/v2\/posts"}],"about":[{"href":"https:\/\/noticiaempauta.com\/portal\/wp-json\/wp\/v2\/types\/post"}],"author":[{"embeddable":true,"href":"https:\/\/noticiaempauta.com\/portal\/wp-json\/wp\/v2\/users\/2"}],"replies":[{"embeddable":true,"href":"https:\/\/noticiaempauta.com\/portal\/wp-json\/wp\/v2\/comments?post=257219"}],"version-history":[{"count":2,"href":"https:\/\/noticiaempauta.com\/portal\/wp-json\/wp\/v2\/posts\/257219\/revisions"}],"predecessor-version":[{"id":257222,"href":"https:\/\/noticiaempauta.com\/portal\/wp-json\/wp\/v2\/posts\/257219\/revisions\/257222"}],"wp:featuredmedia":[{"embeddable":true,"href":"https:\/\/noticiaempauta.com\/portal\/wp-json\/wp\/v2\/media\/243216"}],"wp:attachment":[{"href":"https:\/\/noticiaempauta.com\/portal\/wp-json\/wp\/v2\/media?parent=257219"}],"wp:term":[{"taxonomy":"category","embeddable":true,"href":"https:\/\/noticiaempauta.com\/portal\/wp-json\/wp\/v2\/categories?post=257219"},{"taxonomy":"post_tag","embeddable":true,"href":"https:\/\/noticiaempauta.com\/portal\/wp-json\/wp\/v2\/tags?post=257219"}],"curies":[{"name":"wp","href":"https:\/\/api.w.org\/{rel}","templated":true}]}}