{"id":257246,"date":"2024-04-25T09:10:37","date_gmt":"2024-04-25T12:10:37","guid":{"rendered":"https:\/\/noticiaempauta.com\/portal\/?p=257246"},"modified":"2024-04-25T09:10:38","modified_gmt":"2024-04-25T12:10:38","slug":"julio-arcoverde-assume-a-presidencia-da-comissao-de-orcamento-do-congresso","status":"publish","type":"post","link":"https:\/\/noticiaempauta.com\/portal\/julio-arcoverde-assume-a-presidencia-da-comissao-de-orcamento-do-congresso\/","title":{"rendered":"J\u00falio Arcoverde assume a presid\u00eancia da Comiss\u00e3o de Or\u00e7amento do Congresso"},"content":{"rendered":"\n<p>O deputado federal\u00a0do Piau\u00ed, J\u00falio Arcoverde (PP), assumiu na tarde desta\u00a0quarta-feira (24), a\u00a0presid\u00eancia\u00a0da Comiss\u00e3o Mista de Planos, Or\u00e7amentos P\u00fablicos e Fiscaliza\u00e7\u00e3o (CMO), durante a\u00a0instala\u00e7\u00e3o. A CMO \u00e9\u00a0uma das mais\u00a0importantes\u00a0do Congresso Nacional,\u00a0pois define\u00a0o Or\u00e7amento anual do governo federal.\u00a0Para 2025, o relator \u00e9 o senador \u00c2ngelo Coronel (PSD-BA).<\/p>\n\n\n\n<figure class=\"wp-block-image size-large\"><img fetchpriority=\"high\" decoding=\"async\" width=\"1024\" height=\"682\" src=\"https:\/\/noticiaempauta.com\/portal\/wp-content\/uploads\/2024\/04\/julio-arcoverde-assume-a-presidencia-da-comissao-de-orcamento-do-congresso-9a4c7780-3338-4cf9-af77-64672f472908.jpg-1024x682.webp\" alt=\"\" class=\"wp-image-257248\" srcset=\"https:\/\/noticiaempauta.com\/portal\/wp-content\/uploads\/2024\/04\/julio-arcoverde-assume-a-presidencia-da-comissao-de-orcamento-do-congresso-9a4c7780-3338-4cf9-af77-64672f472908.jpg-1024x682.webp 1024w, https:\/\/noticiaempauta.com\/portal\/wp-content\/uploads\/2024\/04\/julio-arcoverde-assume-a-presidencia-da-comissao-de-orcamento-do-congresso-9a4c7780-3338-4cf9-af77-64672f472908.jpg-300x200.webp 300w, https:\/\/noticiaempauta.com\/portal\/wp-content\/uploads\/2024\/04\/julio-arcoverde-assume-a-presidencia-da-comissao-de-orcamento-do-congresso-9a4c7780-3338-4cf9-af77-64672f472908.jpg-768x512.webp 768w, https:\/\/noticiaempauta.com\/portal\/wp-content\/uploads\/2024\/04\/julio-arcoverde-assume-a-presidencia-da-comissao-de-orcamento-do-congresso-9a4c7780-3338-4cf9-af77-64672f472908.jpg-1536x1023.webp 1536w, https:\/\/noticiaempauta.com\/portal\/wp-content\/uploads\/2024\/04\/julio-arcoverde-assume-a-presidencia-da-comissao-de-orcamento-do-congresso-9a4c7780-3338-4cf9-af77-64672f472908.jpg.webp 1600w\" sizes=\"(max-width: 1024px) 100vw, 1024px\" \/><\/figure>\n\n\n\n<p>J\u00falio Arcoverde \u00e9 o primeiro deputado federal do Piau\u00ed a ocupar essa posi\u00e7\u00e3o. Em 2023, o senador tamb\u00e9m piauiense Marcelo Castro (MDB), assumiu a relatoria e teve papel de destaque na PEC da Transi\u00e7\u00e3o, proposta que deu origem aos recursos para o primeiro ano de mandato do Lula 3.<\/p>\n\n\n\n<p>Em entrevista anterior \u00e0 coluna, o deputado da oposi\u00e7\u00e3o diz que n\u00e3o vai levar quest\u00f5es partid\u00e1rias ao or\u00e7amento.<\/p>\n\n\n\n<p>Para J\u00falio, a nomea\u00e7\u00e3o marca um momento significativo na trajet\u00f3ria pol\u00edtica do Piau\u00ed, pois demonstrando o reconhecimento e a valoriza\u00e7\u00e3o do estado no cen\u00e1rio nacional.&nbsp;&nbsp;<\/p>\n\n\n\n<p>Durante sua fala na sess\u00e3o de posse, Arcoverde citou os desafios e a determina\u00e7\u00e3o em enfrent\u00e1-los com perseveran\u00e7a e comprometimento.&nbsp;<\/p>\n\n\n\n<p>Tamb\u00e9m reconheceu a import\u00e2ncia da colabora\u00e7\u00e3o de todos os parlamentares para alcan\u00e7ar objetivos comuns, destacando como meta priorit\u00e1ria para este ano a garantia da aloca\u00e7\u00e3o de recursos e investimentos que fortale\u00e7am a infraestrutura nacional e impulsionem o crescimento econ\u00f4mico do Brasil.&nbsp;&nbsp;<\/p>\n\n\n\n<p>&#8220;O Brasil necessita de um planejamento eficiente, visando garantir os recursos necess\u00e1rios para uma sobreviv\u00eancia digna da sociedade. N\u00f3s assumimos o compromisso de conduzir a CMO sempre pautando as mat\u00e9rias essenciais para o desenvolvimento do pa\u00eds, com foco em \u00e1reas fundamentais como o combate \u00e0 fome, gera\u00e7\u00e3o de emprego, melhoria da sa\u00fade, educa\u00e7\u00e3o, seguran\u00e7a p\u00fablica e incentivo \u00e0 inova\u00e7\u00e3o tecnol\u00f3gica&#8221;, declarou Arcoverde.&nbsp;<\/p>\n\n\n\n<p>A CMO desempenha um papel crucial ao analisar e votar mat\u00e9rias relacionadas ao ciclo or\u00e7ament\u00e1rio, abrangendo o Plano Plurianual (PPA), a Lei de Diretrizes Or\u00e7ament\u00e1rias (LDO) e a Lei Or\u00e7ament\u00e1ria Anual (LOA). A comiss\u00e3o tamb\u00e9m examina e emite parecer sobre as contas anuais apresentadas pelo presidente da Rep\u00fablica<\/p>\n\n\n\n<p><em>Rany Veloso\/ Meio News<\/em><\/p>\n","protected":false},"excerpt":{"rendered":"<p>O deputado federal\u00a0do Piau\u00ed, J\u00falio Arcoverde (PP), assumiu na tarde desta\u00a0quarta-feira (24), a\u00a0presid\u00eancia\u00a0da Comiss\u00e3o Mista de Planos, Or\u00e7amentos P\u00fablicos e Fiscaliza\u00e7\u00e3o (CMO), durante a\u00a0instala\u00e7\u00e3o. A CMO \u00e9\u00a0uma das mais\u00a0importantes\u00a0do Congresso Nacional,\u00a0pois define\u00a0o Or\u00e7amento anual do governo federal.\u00a0Para 2025, o relator \u00e9 o senador \u00c2ngelo Coronel (PSD-BA). J\u00falio Arcoverde \u00e9 o primeiro deputado federal do Piau\u00ed [&hellip;]<\/p>\n","protected":false},"author":2,"featured_media":257248,"comment_status":"open","ping_status":"open","sticky":false,"template":"","format":"standard","meta":{"_mi_skip_tracking":false,"footnotes":""},"categories":[1,3,16],"tags":[],"class_list":["post-257246","post","type-post","status-publish","format-standard","has-post-thumbnail","hentry","category-geral","category-politica","category-todas"],"acf":[],"yoast_head":"<!-- This site is optimized with the Yoast SEO Premium plugin v19.2 (Yoast SEO v26.9) - https:\/\/yoast.com\/product\/yoast-seo-premium-wordpress\/ -->\n<title>J\u00falio Arcoverde assume a presid\u00eancia da Comiss\u00e3o de Or\u00e7amento do Congresso - Portal Not\u00edcia em Pauta<\/title>\n<meta name=\"robots\" content=\"index, follow, max-snippet:-1, max-image-preview:large, max-video-preview:-1\" \/>\n<link rel=\"canonical\" href=\"https:\/\/noticiaempauta.com\/portal\/julio-arcoverde-assume-a-presidencia-da-comissao-de-orcamento-do-congresso\/\" \/>\n<meta property=\"og:locale\" content=\"pt_BR\" \/>\n<meta property=\"og:type\" content=\"article\" \/>\n<meta property=\"og:title\" content=\"J\u00falio Arcoverde assume a presid\u00eancia da Comiss\u00e3o de Or\u00e7amento do Congresso\" \/>\n<meta property=\"og:description\" content=\"O deputado federal\u00a0do Piau\u00ed, J\u00falio Arcoverde (PP), assumiu na tarde desta\u00a0quarta-feira (24), a\u00a0presid\u00eancia\u00a0da Comiss\u00e3o Mista de Planos, Or\u00e7amentos P\u00fablicos e Fiscaliza\u00e7\u00e3o (CMO), durante a\u00a0instala\u00e7\u00e3o. A CMO \u00e9\u00a0uma das mais\u00a0importantes\u00a0do Congresso Nacional,\u00a0pois define\u00a0o Or\u00e7amento anual do governo federal.\u00a0Para 2025, o relator \u00e9 o senador \u00c2ngelo Coronel (PSD-BA). J\u00falio Arcoverde \u00e9 o primeiro deputado federal do Piau\u00ed [&hellip;]\" \/>\n<meta property=\"og:url\" content=\"https:\/\/noticiaempauta.com\/portal\/julio-arcoverde-assume-a-presidencia-da-comissao-de-orcamento-do-congresso\/\" \/>\n<meta property=\"og:site_name\" content=\"Portal Not\u00edcia em Pauta\" \/>\n<meta property=\"article:publisher\" content=\"https:\/\/www.facebook.com\/Portal-Notcia-Em-Pauta-102292869264820\/\" \/>\n<meta property=\"article:published_time\" content=\"2024-04-25T12:10:37+00:00\" \/>\n<meta property=\"article:modified_time\" content=\"2024-04-25T12:10:38+00:00\" \/>\n<meta property=\"og:image\" content=\"https:\/\/noticiaempauta.com\/portal\/wp-content\/uploads\/2024\/04\/julio-arcoverde-assume-a-presidencia-da-comissao-de-orcamento-do-congresso-9a4c7780-3338-4cf9-af77-64672f472908.jpg.webp\" \/>\n\t<meta property=\"og:image:width\" content=\"1600\" \/>\n\t<meta property=\"og:image:height\" content=\"1066\" \/>\n\t<meta property=\"og:image:type\" content=\"image\/webp\" \/>\n<meta name=\"author\" content=\"Reda\u00e7\u00e3o\" \/>\n<meta name=\"twitter:card\" content=\"summary_large_image\" \/>\n<meta name=\"twitter:label1\" content=\"Escrito por\" \/>\n\t<meta name=\"twitter:data1\" content=\"Reda\u00e7\u00e3o\" \/>\n\t<meta name=\"twitter:label2\" content=\"Est. tempo de leitura\" \/>\n\t<meta name=\"twitter:data2\" content=\"3 minutos\" \/>\n<script type=\"application\/ld+json\" class=\"yoast-schema-graph\">{\"@context\":\"https:\/\/schema.org\",\"@graph\":[{\"@type\":\"Article\",\"@id\":\"https:\/\/noticiaempauta.com\/portal\/julio-arcoverde-assume-a-presidencia-da-comissao-de-orcamento-do-congresso\/#article\",\"isPartOf\":{\"@id\":\"https:\/\/noticiaempauta.com\/portal\/julio-arcoverde-assume-a-presidencia-da-comissao-de-orcamento-do-congresso\/\"},\"author\":{\"name\":\"Reda\u00e7\u00e3o\",\"@id\":\"https:\/\/noticiaempauta.com\/portal\/#\/schema\/person\/a74af43dd1ab3deca45f988c717d57ac\"},\"headline\":\"J\u00falio Arcoverde assume a presid\u00eancia da Comiss\u00e3o de Or\u00e7amento do Congresso\",\"datePublished\":\"2024-04-25T12:10:37+00:00\",\"dateModified\":\"2024-04-25T12:10:38+00:00\",\"mainEntityOfPage\":{\"@id\":\"https:\/\/noticiaempauta.com\/portal\/julio-arcoverde-assume-a-presidencia-da-comissao-de-orcamento-do-congresso\/\"},\"wordCount\":392,\"commentCount\":0,\"publisher\":{\"@id\":\"https:\/\/noticiaempauta.com\/portal\/#organization\"},\"image\":{\"@id\":\"https:\/\/noticiaempauta.com\/portal\/julio-arcoverde-assume-a-presidencia-da-comissao-de-orcamento-do-congresso\/#primaryimage\"},\"thumbnailUrl\":\"https:\/\/noticiaempauta.com\/portal\/wp-content\/uploads\/2024\/04\/julio-arcoverde-assume-a-presidencia-da-comissao-de-orcamento-do-congresso-9a4c7780-3338-4cf9-af77-64672f472908.jpg.webp\",\"articleSection\":[\"Geral\",\"Pol\u00edtica\",\"Todas as Not\u00edcias\"],\"inLanguage\":\"pt-BR\",\"potentialAction\":[{\"@type\":\"CommentAction\",\"name\":\"Comment\",\"target\":[\"https:\/\/noticiaempauta.com\/portal\/julio-arcoverde-assume-a-presidencia-da-comissao-de-orcamento-do-congresso\/#respond\"]}]},{\"@type\":\"WebPage\",\"@id\":\"https:\/\/noticiaempauta.com\/portal\/julio-arcoverde-assume-a-presidencia-da-comissao-de-orcamento-do-congresso\/\",\"url\":\"https:\/\/noticiaempauta.com\/portal\/julio-arcoverde-assume-a-presidencia-da-comissao-de-orcamento-do-congresso\/\",\"name\":\"J\u00falio Arcoverde assume a presid\u00eancia da Comiss\u00e3o de Or\u00e7amento do Congresso - Portal Not\u00edcia em Pauta\",\"isPartOf\":{\"@id\":\"https:\/\/noticiaempauta.com\/portal\/#website\"},\"primaryImageOfPage\":{\"@id\":\"https:\/\/noticiaempauta.com\/portal\/julio-arcoverde-assume-a-presidencia-da-comissao-de-orcamento-do-congresso\/#primaryimage\"},\"image\":{\"@id\":\"https:\/\/noticiaempauta.com\/portal\/julio-arcoverde-assume-a-presidencia-da-comissao-de-orcamento-do-congresso\/#primaryimage\"},\"thumbnailUrl\":\"https:\/\/noticiaempauta.com\/portal\/wp-content\/uploads\/2024\/04\/julio-arcoverde-assume-a-presidencia-da-comissao-de-orcamento-do-congresso-9a4c7780-3338-4cf9-af77-64672f472908.jpg.webp\",\"datePublished\":\"2024-04-25T12:10:37+00:00\",\"dateModified\":\"2024-04-25T12:10:38+00:00\",\"breadcrumb\":{\"@id\":\"https:\/\/noticiaempauta.com\/portal\/julio-arcoverde-assume-a-presidencia-da-comissao-de-orcamento-do-congresso\/#breadcrumb\"},\"inLanguage\":\"pt-BR\",\"potentialAction\":[{\"@type\":\"ReadAction\",\"target\":[\"https:\/\/noticiaempauta.com\/portal\/julio-arcoverde-assume-a-presidencia-da-comissao-de-orcamento-do-congresso\/\"]}]},{\"@type\":\"ImageObject\",\"inLanguage\":\"pt-BR\",\"@id\":\"https:\/\/noticiaempauta.com\/portal\/julio-arcoverde-assume-a-presidencia-da-comissao-de-orcamento-do-congresso\/#primaryimage\",\"url\":\"https:\/\/noticiaempauta.com\/portal\/wp-content\/uploads\/2024\/04\/julio-arcoverde-assume-a-presidencia-da-comissao-de-orcamento-do-congresso-9a4c7780-3338-4cf9-af77-64672f472908.jpg.webp\",\"contentUrl\":\"https:\/\/noticiaempauta.com\/portal\/wp-content\/uploads\/2024\/04\/julio-arcoverde-assume-a-presidencia-da-comissao-de-orcamento-do-congresso-9a4c7780-3338-4cf9-af77-64672f472908.jpg.webp\",\"width\":1600,\"height\":1066},{\"@type\":\"BreadcrumbList\",\"@id\":\"https:\/\/noticiaempauta.com\/portal\/julio-arcoverde-assume-a-presidencia-da-comissao-de-orcamento-do-congresso\/#breadcrumb\",\"itemListElement\":[{\"@type\":\"ListItem\",\"position\":1,\"name\":\"P\u00e1gina Inicial\",\"item\":\"https:\/\/noticiaempauta.com\/portal\/\"},{\"@type\":\"ListItem\",\"position\":2,\"name\":\"Todas as Not\u00edcias\",\"item\":\"https:\/\/noticiaempauta.com\/portal\/todas\/\"},{\"@type\":\"ListItem\",\"position\":3,\"name\":\"J\u00falio Arcoverde assume a presid\u00eancia da Comiss\u00e3o de Or\u00e7amento do Congresso\"}]},{\"@type\":\"WebSite\",\"@id\":\"https:\/\/noticiaempauta.com\/portal\/#website\",\"url\":\"https:\/\/noticiaempauta.com\/portal\/\",\"name\":\"Portal Not\u00edcia em Pauta\",\"description\":\"Voc\u00ea bem informado\",\"publisher\":{\"@id\":\"https:\/\/noticiaempauta.com\/portal\/#organization\"},\"potentialAction\":[{\"@type\":\"SearchAction\",\"target\":{\"@type\":\"EntryPoint\",\"urlTemplate\":\"https:\/\/noticiaempauta.com\/portal\/?s={search_term_string}\"},\"query-input\":{\"@type\":\"PropertyValueSpecification\",\"valueRequired\":true,\"valueName\":\"search_term_string\"}}],\"inLanguage\":\"pt-BR\"},{\"@type\":\"Organization\",\"@id\":\"https:\/\/noticiaempauta.com\/portal\/#organization\",\"name\":\"Portal Not\u00edcia em Pauta\",\"url\":\"https:\/\/noticiaempauta.com\/portal\/\",\"logo\":{\"@type\":\"ImageObject\",\"inLanguage\":\"pt-BR\",\"@id\":\"https:\/\/noticiaempauta.com\/portal\/#\/schema\/logo\/image\/\",\"url\":\"https:\/\/noticiaempauta.com\/portal\/wp-content\/uploads\/2022\/08\/logomarca_tema.fw_.png\",\"contentUrl\":\"https:\/\/noticiaempauta.com\/portal\/wp-content\/uploads\/2022\/08\/logomarca_tema.fw_.png\",\"width\":400,\"height\":232,\"caption\":\"Portal Not\u00edcia em Pauta\"},\"image\":{\"@id\":\"https:\/\/noticiaempauta.com\/portal\/#\/schema\/logo\/image\/\"},\"sameAs\":[\"https:\/\/www.facebook.com\/Portal-Notcia-Em-Pauta-102292869264820\/\",\"https:\/\/www.instagram.com\/portalnoticiaempauta\/\"]},{\"@type\":\"Person\",\"@id\":\"https:\/\/noticiaempauta.com\/portal\/#\/schema\/person\/a74af43dd1ab3deca45f988c717d57ac\",\"name\":\"Reda\u00e7\u00e3o\",\"image\":{\"@type\":\"ImageObject\",\"inLanguage\":\"pt-BR\",\"@id\":\"https:\/\/noticiaempauta.com\/portal\/#\/schema\/person\/image\/\",\"url\":\"https:\/\/secure.gravatar.com\/avatar\/03179346ecce6cdfc13361603e8f54242a90e5cde8618fa23c5c00aa2b0aadf3?s=96&d=mm&r=g\",\"contentUrl\":\"https:\/\/secure.gravatar.com\/avatar\/03179346ecce6cdfc13361603e8f54242a90e5cde8618fa23c5c00aa2b0aadf3?s=96&d=mm&r=g\",\"caption\":\"Reda\u00e7\u00e3o\"},\"sameAs\":[\"https:\/\/noticiaempauta.com\/portal\/\"],\"url\":\"https:\/\/noticiaempauta.com\/portal\/author\/fernando\/\"}]}<\/script>\n<!-- \/ Yoast SEO Premium plugin. -->","yoast_head_json":{"title":"J\u00falio Arcoverde assume a presid\u00eancia da Comiss\u00e3o de Or\u00e7amento do Congresso - Portal Not\u00edcia em Pauta","robots":{"index":"index","follow":"follow","max-snippet":"max-snippet:-1","max-image-preview":"max-image-preview:large","max-video-preview":"max-video-preview:-1"},"canonical":"https:\/\/noticiaempauta.com\/portal\/julio-arcoverde-assume-a-presidencia-da-comissao-de-orcamento-do-congresso\/","og_locale":"pt_BR","og_type":"article","og_title":"J\u00falio Arcoverde assume a presid\u00eancia da Comiss\u00e3o de Or\u00e7amento do Congresso","og_description":"O deputado federal\u00a0do Piau\u00ed, J\u00falio Arcoverde (PP), assumiu na tarde desta\u00a0quarta-feira (24), a\u00a0presid\u00eancia\u00a0da Comiss\u00e3o Mista de Planos, Or\u00e7amentos P\u00fablicos e Fiscaliza\u00e7\u00e3o (CMO), durante a\u00a0instala\u00e7\u00e3o. A CMO \u00e9\u00a0uma das mais\u00a0importantes\u00a0do Congresso Nacional,\u00a0pois define\u00a0o Or\u00e7amento anual do governo federal.\u00a0Para 2025, o relator \u00e9 o senador \u00c2ngelo Coronel (PSD-BA). J\u00falio Arcoverde \u00e9 o primeiro deputado federal do Piau\u00ed [&hellip;]","og_url":"https:\/\/noticiaempauta.com\/portal\/julio-arcoverde-assume-a-presidencia-da-comissao-de-orcamento-do-congresso\/","og_site_name":"Portal Not\u00edcia em Pauta","article_publisher":"https:\/\/www.facebook.com\/Portal-Notcia-Em-Pauta-102292869264820\/","article_published_time":"2024-04-25T12:10:37+00:00","article_modified_time":"2024-04-25T12:10:38+00:00","og_image":[{"width":1600,"height":1066,"url":"https:\/\/noticiaempauta.com\/portal\/wp-content\/uploads\/2024\/04\/julio-arcoverde-assume-a-presidencia-da-comissao-de-orcamento-do-congresso-9a4c7780-3338-4cf9-af77-64672f472908.jpg.webp","type":"image\/webp"}],"author":"Reda\u00e7\u00e3o","twitter_card":"summary_large_image","twitter_misc":{"Escrito por":"Reda\u00e7\u00e3o","Est. tempo de leitura":"3 minutos"},"schema":{"@context":"https:\/\/schema.org","@graph":[{"@type":"Article","@id":"https:\/\/noticiaempauta.com\/portal\/julio-arcoverde-assume-a-presidencia-da-comissao-de-orcamento-do-congresso\/#article","isPartOf":{"@id":"https:\/\/noticiaempauta.com\/portal\/julio-arcoverde-assume-a-presidencia-da-comissao-de-orcamento-do-congresso\/"},"author":{"name":"Reda\u00e7\u00e3o","@id":"https:\/\/noticiaempauta.com\/portal\/#\/schema\/person\/a74af43dd1ab3deca45f988c717d57ac"},"headline":"J\u00falio Arcoverde assume a presid\u00eancia da Comiss\u00e3o de Or\u00e7amento do Congresso","datePublished":"2024-04-25T12:10:37+00:00","dateModified":"2024-04-25T12:10:38+00:00","mainEntityOfPage":{"@id":"https:\/\/noticiaempauta.com\/portal\/julio-arcoverde-assume-a-presidencia-da-comissao-de-orcamento-do-congresso\/"},"wordCount":392,"commentCount":0,"publisher":{"@id":"https:\/\/noticiaempauta.com\/portal\/#organization"},"image":{"@id":"https:\/\/noticiaempauta.com\/portal\/julio-arcoverde-assume-a-presidencia-da-comissao-de-orcamento-do-congresso\/#primaryimage"},"thumbnailUrl":"https:\/\/noticiaempauta.com\/portal\/wp-content\/uploads\/2024\/04\/julio-arcoverde-assume-a-presidencia-da-comissao-de-orcamento-do-congresso-9a4c7780-3338-4cf9-af77-64672f472908.jpg.webp","articleSection":["Geral","Pol\u00edtica","Todas as Not\u00edcias"],"inLanguage":"pt-BR","potentialAction":[{"@type":"CommentAction","name":"Comment","target":["https:\/\/noticiaempauta.com\/portal\/julio-arcoverde-assume-a-presidencia-da-comissao-de-orcamento-do-congresso\/#respond"]}]},{"@type":"WebPage","@id":"https:\/\/noticiaempauta.com\/portal\/julio-arcoverde-assume-a-presidencia-da-comissao-de-orcamento-do-congresso\/","url":"https:\/\/noticiaempauta.com\/portal\/julio-arcoverde-assume-a-presidencia-da-comissao-de-orcamento-do-congresso\/","name":"J\u00falio Arcoverde assume a presid\u00eancia da Comiss\u00e3o de Or\u00e7amento do Congresso - Portal Not\u00edcia em Pauta","isPartOf":{"@id":"https:\/\/noticiaempauta.com\/portal\/#website"},"primaryImageOfPage":{"@id":"https:\/\/noticiaempauta.com\/portal\/julio-arcoverde-assume-a-presidencia-da-comissao-de-orcamento-do-congresso\/#primaryimage"},"image":{"@id":"https:\/\/noticiaempauta.com\/portal\/julio-arcoverde-assume-a-presidencia-da-comissao-de-orcamento-do-congresso\/#primaryimage"},"thumbnailUrl":"https:\/\/noticiaempauta.com\/portal\/wp-content\/uploads\/2024\/04\/julio-arcoverde-assume-a-presidencia-da-comissao-de-orcamento-do-congresso-9a4c7780-3338-4cf9-af77-64672f472908.jpg.webp","datePublished":"2024-04-25T12:10:37+00:00","dateModified":"2024-04-25T12:10:38+00:00","breadcrumb":{"@id":"https:\/\/noticiaempauta.com\/portal\/julio-arcoverde-assume-a-presidencia-da-comissao-de-orcamento-do-congresso\/#breadcrumb"},"inLanguage":"pt-BR","potentialAction":[{"@type":"ReadAction","target":["https:\/\/noticiaempauta.com\/portal\/julio-arcoverde-assume-a-presidencia-da-comissao-de-orcamento-do-congresso\/"]}]},{"@type":"ImageObject","inLanguage":"pt-BR","@id":"https:\/\/noticiaempauta.com\/portal\/julio-arcoverde-assume-a-presidencia-da-comissao-de-orcamento-do-congresso\/#primaryimage","url":"https:\/\/noticiaempauta.com\/portal\/wp-content\/uploads\/2024\/04\/julio-arcoverde-assume-a-presidencia-da-comissao-de-orcamento-do-congresso-9a4c7780-3338-4cf9-af77-64672f472908.jpg.webp","contentUrl":"https:\/\/noticiaempauta.com\/portal\/wp-content\/uploads\/2024\/04\/julio-arcoverde-assume-a-presidencia-da-comissao-de-orcamento-do-congresso-9a4c7780-3338-4cf9-af77-64672f472908.jpg.webp","width":1600,"height":1066},{"@type":"BreadcrumbList","@id":"https:\/\/noticiaempauta.com\/portal\/julio-arcoverde-assume-a-presidencia-da-comissao-de-orcamento-do-congresso\/#breadcrumb","itemListElement":[{"@type":"ListItem","position":1,"name":"P\u00e1gina Inicial","item":"https:\/\/noticiaempauta.com\/portal\/"},{"@type":"ListItem","position":2,"name":"Todas as Not\u00edcias","item":"https:\/\/noticiaempauta.com\/portal\/todas\/"},{"@type":"ListItem","position":3,"name":"J\u00falio Arcoverde assume a presid\u00eancia da Comiss\u00e3o de Or\u00e7amento do Congresso"}]},{"@type":"WebSite","@id":"https:\/\/noticiaempauta.com\/portal\/#website","url":"https:\/\/noticiaempauta.com\/portal\/","name":"Portal Not\u00edcia em Pauta","description":"Voc\u00ea bem informado","publisher":{"@id":"https:\/\/noticiaempauta.com\/portal\/#organization"},"potentialAction":[{"@type":"SearchAction","target":{"@type":"EntryPoint","urlTemplate":"https:\/\/noticiaempauta.com\/portal\/?s={search_term_string}"},"query-input":{"@type":"PropertyValueSpecification","valueRequired":true,"valueName":"search_term_string"}}],"inLanguage":"pt-BR"},{"@type":"Organization","@id":"https:\/\/noticiaempauta.com\/portal\/#organization","name":"Portal Not\u00edcia em Pauta","url":"https:\/\/noticiaempauta.com\/portal\/","logo":{"@type":"ImageObject","inLanguage":"pt-BR","@id":"https:\/\/noticiaempauta.com\/portal\/#\/schema\/logo\/image\/","url":"https:\/\/noticiaempauta.com\/portal\/wp-content\/uploads\/2022\/08\/logomarca_tema.fw_.png","contentUrl":"https:\/\/noticiaempauta.com\/portal\/wp-content\/uploads\/2022\/08\/logomarca_tema.fw_.png","width":400,"height":232,"caption":"Portal Not\u00edcia em Pauta"},"image":{"@id":"https:\/\/noticiaempauta.com\/portal\/#\/schema\/logo\/image\/"},"sameAs":["https:\/\/www.facebook.com\/Portal-Notcia-Em-Pauta-102292869264820\/","https:\/\/www.instagram.com\/portalnoticiaempauta\/"]},{"@type":"Person","@id":"https:\/\/noticiaempauta.com\/portal\/#\/schema\/person\/a74af43dd1ab3deca45f988c717d57ac","name":"Reda\u00e7\u00e3o","image":{"@type":"ImageObject","inLanguage":"pt-BR","@id":"https:\/\/noticiaempauta.com\/portal\/#\/schema\/person\/image\/","url":"https:\/\/secure.gravatar.com\/avatar\/03179346ecce6cdfc13361603e8f54242a90e5cde8618fa23c5c00aa2b0aadf3?s=96&d=mm&r=g","contentUrl":"https:\/\/secure.gravatar.com\/avatar\/03179346ecce6cdfc13361603e8f54242a90e5cde8618fa23c5c00aa2b0aadf3?s=96&d=mm&r=g","caption":"Reda\u00e7\u00e3o"},"sameAs":["https:\/\/noticiaempauta.com\/portal\/"],"url":"https:\/\/noticiaempauta.com\/portal\/author\/fernando\/"}]}},"_links":{"self":[{"href":"https:\/\/noticiaempauta.com\/portal\/wp-json\/wp\/v2\/posts\/257246","targetHints":{"allow":["GET"]}}],"collection":[{"href":"https:\/\/noticiaempauta.com\/portal\/wp-json\/wp\/v2\/posts"}],"about":[{"href":"https:\/\/noticiaempauta.com\/portal\/wp-json\/wp\/v2\/types\/post"}],"author":[{"embeddable":true,"href":"https:\/\/noticiaempauta.com\/portal\/wp-json\/wp\/v2\/users\/2"}],"replies":[{"embeddable":true,"href":"https:\/\/noticiaempauta.com\/portal\/wp-json\/wp\/v2\/comments?post=257246"}],"version-history":[{"count":1,"href":"https:\/\/noticiaempauta.com\/portal\/wp-json\/wp\/v2\/posts\/257246\/revisions"}],"predecessor-version":[{"id":257249,"href":"https:\/\/noticiaempauta.com\/portal\/wp-json\/wp\/v2\/posts\/257246\/revisions\/257249"}],"wp:featuredmedia":[{"embeddable":true,"href":"https:\/\/noticiaempauta.com\/portal\/wp-json\/wp\/v2\/media\/257248"}],"wp:attachment":[{"href":"https:\/\/noticiaempauta.com\/portal\/wp-json\/wp\/v2\/media?parent=257246"}],"wp:term":[{"taxonomy":"category","embeddable":true,"href":"https:\/\/noticiaempauta.com\/portal\/wp-json\/wp\/v2\/categories?post=257246"},{"taxonomy":"post_tag","embeddable":true,"href":"https:\/\/noticiaempauta.com\/portal\/wp-json\/wp\/v2\/tags?post=257246"}],"curies":[{"name":"wp","href":"https:\/\/api.w.org\/{rel}","templated":true}]}}