{"id":257286,"date":"2024-04-27T06:26:49","date_gmt":"2024-04-27T09:26:49","guid":{"rendered":"https:\/\/noticiaempauta.com\/portal\/?p=257286"},"modified":"2024-04-27T06:26:50","modified_gmt":"2024-04-27T09:26:50","slug":"mec-amplia-prazo-para-convocacoes-da-lista-de-espera-do-fies","status":"publish","type":"post","link":"https:\/\/noticiaempauta.com\/portal\/mec-amplia-prazo-para-convocacoes-da-lista-de-espera-do-fies\/","title":{"rendered":"MEC amplia prazo para convoca\u00e7\u00f5es da lista de espera do FIES"},"content":{"rendered":"\n<p>O\u00a0Minist\u00e9rio da Educa\u00e7\u00e3o (MEC)\u00a0estendeu o per\u00edodo para as convoca\u00e7\u00f5es da lista de espera do\u00a0Fundo de Financiamento ao Estudante do Ensino Superior (Fies)\u00a0do primeiro semestre de 2024 at\u00e9 17 de maio. O prazo anterior era at\u00e9 ter\u00e7a, dia 30. Essa decis\u00e3o foi tomada em resposta \u00e0s queixas dos estudantes, que afirmaram que problemas no processo seletivo por parte do MEC est\u00e3o prejudicando a convoca\u00e7\u00e3o de novos alunos na lista de espera.<\/p>\n\n\n\n<p>Os estudantes, competindo por mais de 67 mil vagas para garantir financiamento estudantil e custear seus estudos universit\u00e1rios, t\u00eam destacado diversos problemas t\u00e9cnicos e de gest\u00e3o que afetam o andamento do processo.&nbsp;<\/p>\n\n\n\n<p>Entre as reclama\u00e7\u00f5es est\u00e3o falhas recorrentes no sistema eletr\u00f4nico utilizado para o envio de documentos durante a matr\u00edcula, o que tem gerado atrasos em todas as etapas subsequentes. Al\u00e9m disso, a lentid\u00e3o na atualiza\u00e7\u00e3o das listas de espera tem mantido milhares de alunos aguardando convoca\u00e7\u00f5es mesmo ap\u00f3s n\u00e3o terem sido aprovados na primeira chamada.<\/p>\n\n\n\n<p>Outro ponto levantado pelos estudantes \u00e9 a constata\u00e7\u00e3o de que algumas pessoas foram aprovadas em mais de uma op\u00e7\u00e3o de curso, uma pr\u00e1tica proibida de acordo com o\u00a0<strong>edital do Fies<\/strong>.\u00a0<\/p>\n\n\n\n<p>Apesar dessas dificuldades enfrentadas pelos estudantes, o prazo final para o Fies estava originalmente programado para encerrar em 30 de abril, e o MEC, inicialmente, n\u00e3o havia sinalizado uma possibilidade de prorroga\u00e7\u00e3o. No entanto, em resposta \u00e0s demandas dos estudantes, a extens\u00e3o do prazo foi anunciada, oferecendo um al\u00edvio para aqueles que est\u00e3o enfrentando problemas no processo de inscri\u00e7\u00e3o e sele\u00e7\u00e3o.<\/p>\n\n\n\n<p>Vale destacar que o edital do Fies 2024 foi publicado posteriormente em compara\u00e7\u00e3o ao ano anterior, sendo divulgado apenas em 7 de mar\u00e7o. Esse atraso, combinado com o encerramento das inscri\u00e7\u00f5es em 18 de mar\u00e7o, resultou na perda das primeiras semanas de aula para os estudantes aprovados, que ainda precisavam passar pelo processo de pr\u00e9-aprova\u00e7\u00e3o e matr\u00edcula. Essa situa\u00e7\u00e3o gerou preocupa\u00e7\u00e3o e insatisfa\u00e7\u00e3o entre os estudantes, que esperavam um processo mais \u00e1gil e eficiente por parte do MEC.<\/p>\n\n\n\n<p>Fonte: Meio News <\/p>\n","protected":false},"excerpt":{"rendered":"<p>O\u00a0Minist\u00e9rio da Educa\u00e7\u00e3o (MEC)\u00a0estendeu o per\u00edodo para as convoca\u00e7\u00f5es da lista de espera do\u00a0Fundo de Financiamento ao Estudante do Ensino Superior (Fies)\u00a0do primeiro semestre de 2024 at\u00e9 17 de maio. O prazo anterior era at\u00e9 ter\u00e7a, dia 30. Essa decis\u00e3o foi tomada em resposta \u00e0s queixas dos estudantes, que afirmaram que problemas no processo seletivo [&hellip;]<\/p>\n","protected":false},"author":2,"featured_media":257288,"comment_status":"open","ping_status":"open","sticky":false,"template":"","format":"standard","meta":{"_mi_skip_tracking":false,"footnotes":""},"categories":[25,1,16],"tags":[192],"class_list":["post-257286","post","type-post","status-publish","format-standard","has-post-thumbnail","hentry","category-destaques-site","category-geral","category-todas","tag-destaqueprincipal"],"acf":[],"yoast_head":"<!-- This site is optimized with the Yoast SEO Premium plugin v19.2 (Yoast SEO v26.9) - https:\/\/yoast.com\/product\/yoast-seo-premium-wordpress\/ -->\n<title>MEC amplia prazo para convoca\u00e7\u00f5es da lista de espera do FIES - Portal Not\u00edcia em Pauta<\/title>\n<meta name=\"robots\" content=\"index, follow, max-snippet:-1, max-image-preview:large, max-video-preview:-1\" \/>\n<link rel=\"canonical\" href=\"https:\/\/noticiaempauta.com\/portal\/mec-amplia-prazo-para-convocacoes-da-lista-de-espera-do-fies\/\" \/>\n<meta property=\"og:locale\" content=\"pt_BR\" \/>\n<meta property=\"og:type\" content=\"article\" \/>\n<meta property=\"og:title\" content=\"MEC amplia prazo para convoca\u00e7\u00f5es da lista de espera do FIES\" \/>\n<meta property=\"og:description\" content=\"O\u00a0Minist\u00e9rio da Educa\u00e7\u00e3o (MEC)\u00a0estendeu o per\u00edodo para as convoca\u00e7\u00f5es da lista de espera do\u00a0Fundo de Financiamento ao Estudante do Ensino Superior (Fies)\u00a0do primeiro semestre de 2024 at\u00e9 17 de maio. O prazo anterior era at\u00e9 ter\u00e7a, dia 30. Essa decis\u00e3o foi tomada em resposta \u00e0s queixas dos estudantes, que afirmaram que problemas no processo seletivo [&hellip;]\" \/>\n<meta property=\"og:url\" content=\"https:\/\/noticiaempauta.com\/portal\/mec-amplia-prazo-para-convocacoes-da-lista-de-espera-do-fies\/\" \/>\n<meta property=\"og:site_name\" content=\"Portal Not\u00edcia em Pauta\" \/>\n<meta property=\"article:publisher\" content=\"https:\/\/www.facebook.com\/Portal-Notcia-Em-Pauta-102292869264820\/\" \/>\n<meta property=\"article:published_time\" content=\"2024-04-27T09:26:49+00:00\" \/>\n<meta property=\"article:modified_time\" content=\"2024-04-27T09:26:50+00:00\" \/>\n<meta property=\"og:image\" content=\"https:\/\/noticiaempauta.com\/portal\/wp-content\/uploads\/2024\/04\/IMG_1144.webp\" \/>\n\t<meta property=\"og:image:width\" content=\"1170\" \/>\n\t<meta property=\"og:image:height\" content=\"700\" \/>\n\t<meta property=\"og:image:type\" content=\"image\/webp\" \/>\n<meta name=\"author\" content=\"Reda\u00e7\u00e3o\" \/>\n<meta name=\"twitter:card\" content=\"summary_large_image\" \/>\n<meta name=\"twitter:label1\" content=\"Escrito por\" \/>\n\t<meta name=\"twitter:data1\" content=\"Reda\u00e7\u00e3o\" \/>\n\t<meta name=\"twitter:label2\" content=\"Est. tempo de leitura\" \/>\n\t<meta name=\"twitter:data2\" content=\"3 minutos\" \/>\n<script type=\"application\/ld+json\" class=\"yoast-schema-graph\">{\"@context\":\"https:\/\/schema.org\",\"@graph\":[{\"@type\":\"Article\",\"@id\":\"https:\/\/noticiaempauta.com\/portal\/mec-amplia-prazo-para-convocacoes-da-lista-de-espera-do-fies\/#article\",\"isPartOf\":{\"@id\":\"https:\/\/noticiaempauta.com\/portal\/mec-amplia-prazo-para-convocacoes-da-lista-de-espera-do-fies\/\"},\"author\":{\"name\":\"Reda\u00e7\u00e3o\",\"@id\":\"https:\/\/noticiaempauta.com\/portal\/#\/schema\/person\/a74af43dd1ab3deca45f988c717d57ac\"},\"headline\":\"MEC amplia prazo para convoca\u00e7\u00f5es da lista de espera do FIES\",\"datePublished\":\"2024-04-27T09:26:49+00:00\",\"dateModified\":\"2024-04-27T09:26:50+00:00\",\"mainEntityOfPage\":{\"@id\":\"https:\/\/noticiaempauta.com\/portal\/mec-amplia-prazo-para-convocacoes-da-lista-de-espera-do-fies\/\"},\"wordCount\":379,\"commentCount\":0,\"publisher\":{\"@id\":\"https:\/\/noticiaempauta.com\/portal\/#organization\"},\"image\":{\"@id\":\"https:\/\/noticiaempauta.com\/portal\/mec-amplia-prazo-para-convocacoes-da-lista-de-espera-do-fies\/#primaryimage\"},\"thumbnailUrl\":\"https:\/\/noticiaempauta.com\/portal\/wp-content\/uploads\/2024\/04\/IMG_1144.webp\",\"keywords\":[\"destaqueprincipal\"],\"articleSection\":[\"Destaques\",\"Geral\",\"Todas as Not\u00edcias\"],\"inLanguage\":\"pt-BR\",\"potentialAction\":[{\"@type\":\"CommentAction\",\"name\":\"Comment\",\"target\":[\"https:\/\/noticiaempauta.com\/portal\/mec-amplia-prazo-para-convocacoes-da-lista-de-espera-do-fies\/#respond\"]}]},{\"@type\":\"WebPage\",\"@id\":\"https:\/\/noticiaempauta.com\/portal\/mec-amplia-prazo-para-convocacoes-da-lista-de-espera-do-fies\/\",\"url\":\"https:\/\/noticiaempauta.com\/portal\/mec-amplia-prazo-para-convocacoes-da-lista-de-espera-do-fies\/\",\"name\":\"MEC amplia prazo para convoca\u00e7\u00f5es da lista de espera do FIES - Portal Not\u00edcia em Pauta\",\"isPartOf\":{\"@id\":\"https:\/\/noticiaempauta.com\/portal\/#website\"},\"primaryImageOfPage\":{\"@id\":\"https:\/\/noticiaempauta.com\/portal\/mec-amplia-prazo-para-convocacoes-da-lista-de-espera-do-fies\/#primaryimage\"},\"image\":{\"@id\":\"https:\/\/noticiaempauta.com\/portal\/mec-amplia-prazo-para-convocacoes-da-lista-de-espera-do-fies\/#primaryimage\"},\"thumbnailUrl\":\"https:\/\/noticiaempauta.com\/portal\/wp-content\/uploads\/2024\/04\/IMG_1144.webp\",\"datePublished\":\"2024-04-27T09:26:49+00:00\",\"dateModified\":\"2024-04-27T09:26:50+00:00\",\"breadcrumb\":{\"@id\":\"https:\/\/noticiaempauta.com\/portal\/mec-amplia-prazo-para-convocacoes-da-lista-de-espera-do-fies\/#breadcrumb\"},\"inLanguage\":\"pt-BR\",\"potentialAction\":[{\"@type\":\"ReadAction\",\"target\":[\"https:\/\/noticiaempauta.com\/portal\/mec-amplia-prazo-para-convocacoes-da-lista-de-espera-do-fies\/\"]}]},{\"@type\":\"ImageObject\",\"inLanguage\":\"pt-BR\",\"@id\":\"https:\/\/noticiaempauta.com\/portal\/mec-amplia-prazo-para-convocacoes-da-lista-de-espera-do-fies\/#primaryimage\",\"url\":\"https:\/\/noticiaempauta.com\/portal\/wp-content\/uploads\/2024\/04\/IMG_1144.webp\",\"contentUrl\":\"https:\/\/noticiaempauta.com\/portal\/wp-content\/uploads\/2024\/04\/IMG_1144.webp\",\"width\":1170,\"height\":700},{\"@type\":\"BreadcrumbList\",\"@id\":\"https:\/\/noticiaempauta.com\/portal\/mec-amplia-prazo-para-convocacoes-da-lista-de-espera-do-fies\/#breadcrumb\",\"itemListElement\":[{\"@type\":\"ListItem\",\"position\":1,\"name\":\"P\u00e1gina Inicial\",\"item\":\"https:\/\/noticiaempauta.com\/portal\/\"},{\"@type\":\"ListItem\",\"position\":2,\"name\":\"Destaques\",\"item\":\"https:\/\/noticiaempauta.com\/portal\/destaques-site\/\"},{\"@type\":\"ListItem\",\"position\":3,\"name\":\"MEC amplia prazo para convoca\u00e7\u00f5es da lista de espera do FIES\"}]},{\"@type\":\"WebSite\",\"@id\":\"https:\/\/noticiaempauta.com\/portal\/#website\",\"url\":\"https:\/\/noticiaempauta.com\/portal\/\",\"name\":\"Portal Not\u00edcia em Pauta\",\"description\":\"Voc\u00ea bem informado\",\"publisher\":{\"@id\":\"https:\/\/noticiaempauta.com\/portal\/#organization\"},\"potentialAction\":[{\"@type\":\"SearchAction\",\"target\":{\"@type\":\"EntryPoint\",\"urlTemplate\":\"https:\/\/noticiaempauta.com\/portal\/?s={search_term_string}\"},\"query-input\":{\"@type\":\"PropertyValueSpecification\",\"valueRequired\":true,\"valueName\":\"search_term_string\"}}],\"inLanguage\":\"pt-BR\"},{\"@type\":\"Organization\",\"@id\":\"https:\/\/noticiaempauta.com\/portal\/#organization\",\"name\":\"Portal Not\u00edcia em Pauta\",\"url\":\"https:\/\/noticiaempauta.com\/portal\/\",\"logo\":{\"@type\":\"ImageObject\",\"inLanguage\":\"pt-BR\",\"@id\":\"https:\/\/noticiaempauta.com\/portal\/#\/schema\/logo\/image\/\",\"url\":\"https:\/\/noticiaempauta.com\/portal\/wp-content\/uploads\/2022\/08\/logomarca_tema.fw_.png\",\"contentUrl\":\"https:\/\/noticiaempauta.com\/portal\/wp-content\/uploads\/2022\/08\/logomarca_tema.fw_.png\",\"width\":400,\"height\":232,\"caption\":\"Portal Not\u00edcia em Pauta\"},\"image\":{\"@id\":\"https:\/\/noticiaempauta.com\/portal\/#\/schema\/logo\/image\/\"},\"sameAs\":[\"https:\/\/www.facebook.com\/Portal-Notcia-Em-Pauta-102292869264820\/\",\"https:\/\/www.instagram.com\/portalnoticiaempauta\/\"]},{\"@type\":\"Person\",\"@id\":\"https:\/\/noticiaempauta.com\/portal\/#\/schema\/person\/a74af43dd1ab3deca45f988c717d57ac\",\"name\":\"Reda\u00e7\u00e3o\",\"image\":{\"@type\":\"ImageObject\",\"inLanguage\":\"pt-BR\",\"@id\":\"https:\/\/noticiaempauta.com\/portal\/#\/schema\/person\/image\/\",\"url\":\"https:\/\/secure.gravatar.com\/avatar\/03179346ecce6cdfc13361603e8f54242a90e5cde8618fa23c5c00aa2b0aadf3?s=96&d=mm&r=g\",\"contentUrl\":\"https:\/\/secure.gravatar.com\/avatar\/03179346ecce6cdfc13361603e8f54242a90e5cde8618fa23c5c00aa2b0aadf3?s=96&d=mm&r=g\",\"caption\":\"Reda\u00e7\u00e3o\"},\"sameAs\":[\"https:\/\/noticiaempauta.com\/portal\/\"],\"url\":\"https:\/\/noticiaempauta.com\/portal\/author\/fernando\/\"}]}<\/script>\n<!-- \/ Yoast SEO Premium plugin. -->","yoast_head_json":{"title":"MEC amplia prazo para convoca\u00e7\u00f5es da lista de espera do FIES - Portal Not\u00edcia em Pauta","robots":{"index":"index","follow":"follow","max-snippet":"max-snippet:-1","max-image-preview":"max-image-preview:large","max-video-preview":"max-video-preview:-1"},"canonical":"https:\/\/noticiaempauta.com\/portal\/mec-amplia-prazo-para-convocacoes-da-lista-de-espera-do-fies\/","og_locale":"pt_BR","og_type":"article","og_title":"MEC amplia prazo para convoca\u00e7\u00f5es da lista de espera do FIES","og_description":"O\u00a0Minist\u00e9rio da Educa\u00e7\u00e3o (MEC)\u00a0estendeu o per\u00edodo para as convoca\u00e7\u00f5es da lista de espera do\u00a0Fundo de Financiamento ao Estudante do Ensino Superior (Fies)\u00a0do primeiro semestre de 2024 at\u00e9 17 de maio. O prazo anterior era at\u00e9 ter\u00e7a, dia 30. Essa decis\u00e3o foi tomada em resposta \u00e0s queixas dos estudantes, que afirmaram que problemas no processo seletivo [&hellip;]","og_url":"https:\/\/noticiaempauta.com\/portal\/mec-amplia-prazo-para-convocacoes-da-lista-de-espera-do-fies\/","og_site_name":"Portal Not\u00edcia em Pauta","article_publisher":"https:\/\/www.facebook.com\/Portal-Notcia-Em-Pauta-102292869264820\/","article_published_time":"2024-04-27T09:26:49+00:00","article_modified_time":"2024-04-27T09:26:50+00:00","og_image":[{"width":1170,"height":700,"url":"https:\/\/noticiaempauta.com\/portal\/wp-content\/uploads\/2024\/04\/IMG_1144.webp","type":"image\/webp"}],"author":"Reda\u00e7\u00e3o","twitter_card":"summary_large_image","twitter_misc":{"Escrito por":"Reda\u00e7\u00e3o","Est. tempo de leitura":"3 minutos"},"schema":{"@context":"https:\/\/schema.org","@graph":[{"@type":"Article","@id":"https:\/\/noticiaempauta.com\/portal\/mec-amplia-prazo-para-convocacoes-da-lista-de-espera-do-fies\/#article","isPartOf":{"@id":"https:\/\/noticiaempauta.com\/portal\/mec-amplia-prazo-para-convocacoes-da-lista-de-espera-do-fies\/"},"author":{"name":"Reda\u00e7\u00e3o","@id":"https:\/\/noticiaempauta.com\/portal\/#\/schema\/person\/a74af43dd1ab3deca45f988c717d57ac"},"headline":"MEC amplia prazo para convoca\u00e7\u00f5es da lista de espera do FIES","datePublished":"2024-04-27T09:26:49+00:00","dateModified":"2024-04-27T09:26:50+00:00","mainEntityOfPage":{"@id":"https:\/\/noticiaempauta.com\/portal\/mec-amplia-prazo-para-convocacoes-da-lista-de-espera-do-fies\/"},"wordCount":379,"commentCount":0,"publisher":{"@id":"https:\/\/noticiaempauta.com\/portal\/#organization"},"image":{"@id":"https:\/\/noticiaempauta.com\/portal\/mec-amplia-prazo-para-convocacoes-da-lista-de-espera-do-fies\/#primaryimage"},"thumbnailUrl":"https:\/\/noticiaempauta.com\/portal\/wp-content\/uploads\/2024\/04\/IMG_1144.webp","keywords":["destaqueprincipal"],"articleSection":["Destaques","Geral","Todas as Not\u00edcias"],"inLanguage":"pt-BR","potentialAction":[{"@type":"CommentAction","name":"Comment","target":["https:\/\/noticiaempauta.com\/portal\/mec-amplia-prazo-para-convocacoes-da-lista-de-espera-do-fies\/#respond"]}]},{"@type":"WebPage","@id":"https:\/\/noticiaempauta.com\/portal\/mec-amplia-prazo-para-convocacoes-da-lista-de-espera-do-fies\/","url":"https:\/\/noticiaempauta.com\/portal\/mec-amplia-prazo-para-convocacoes-da-lista-de-espera-do-fies\/","name":"MEC amplia prazo para convoca\u00e7\u00f5es da lista de espera do FIES - Portal Not\u00edcia em Pauta","isPartOf":{"@id":"https:\/\/noticiaempauta.com\/portal\/#website"},"primaryImageOfPage":{"@id":"https:\/\/noticiaempauta.com\/portal\/mec-amplia-prazo-para-convocacoes-da-lista-de-espera-do-fies\/#primaryimage"},"image":{"@id":"https:\/\/noticiaempauta.com\/portal\/mec-amplia-prazo-para-convocacoes-da-lista-de-espera-do-fies\/#primaryimage"},"thumbnailUrl":"https:\/\/noticiaempauta.com\/portal\/wp-content\/uploads\/2024\/04\/IMG_1144.webp","datePublished":"2024-04-27T09:26:49+00:00","dateModified":"2024-04-27T09:26:50+00:00","breadcrumb":{"@id":"https:\/\/noticiaempauta.com\/portal\/mec-amplia-prazo-para-convocacoes-da-lista-de-espera-do-fies\/#breadcrumb"},"inLanguage":"pt-BR","potentialAction":[{"@type":"ReadAction","target":["https:\/\/noticiaempauta.com\/portal\/mec-amplia-prazo-para-convocacoes-da-lista-de-espera-do-fies\/"]}]},{"@type":"ImageObject","inLanguage":"pt-BR","@id":"https:\/\/noticiaempauta.com\/portal\/mec-amplia-prazo-para-convocacoes-da-lista-de-espera-do-fies\/#primaryimage","url":"https:\/\/noticiaempauta.com\/portal\/wp-content\/uploads\/2024\/04\/IMG_1144.webp","contentUrl":"https:\/\/noticiaempauta.com\/portal\/wp-content\/uploads\/2024\/04\/IMG_1144.webp","width":1170,"height":700},{"@type":"BreadcrumbList","@id":"https:\/\/noticiaempauta.com\/portal\/mec-amplia-prazo-para-convocacoes-da-lista-de-espera-do-fies\/#breadcrumb","itemListElement":[{"@type":"ListItem","position":1,"name":"P\u00e1gina Inicial","item":"https:\/\/noticiaempauta.com\/portal\/"},{"@type":"ListItem","position":2,"name":"Destaques","item":"https:\/\/noticiaempauta.com\/portal\/destaques-site\/"},{"@type":"ListItem","position":3,"name":"MEC amplia prazo para convoca\u00e7\u00f5es da lista de espera do FIES"}]},{"@type":"WebSite","@id":"https:\/\/noticiaempauta.com\/portal\/#website","url":"https:\/\/noticiaempauta.com\/portal\/","name":"Portal Not\u00edcia em Pauta","description":"Voc\u00ea bem informado","publisher":{"@id":"https:\/\/noticiaempauta.com\/portal\/#organization"},"potentialAction":[{"@type":"SearchAction","target":{"@type":"EntryPoint","urlTemplate":"https:\/\/noticiaempauta.com\/portal\/?s={search_term_string}"},"query-input":{"@type":"PropertyValueSpecification","valueRequired":true,"valueName":"search_term_string"}}],"inLanguage":"pt-BR"},{"@type":"Organization","@id":"https:\/\/noticiaempauta.com\/portal\/#organization","name":"Portal Not\u00edcia em Pauta","url":"https:\/\/noticiaempauta.com\/portal\/","logo":{"@type":"ImageObject","inLanguage":"pt-BR","@id":"https:\/\/noticiaempauta.com\/portal\/#\/schema\/logo\/image\/","url":"https:\/\/noticiaempauta.com\/portal\/wp-content\/uploads\/2022\/08\/logomarca_tema.fw_.png","contentUrl":"https:\/\/noticiaempauta.com\/portal\/wp-content\/uploads\/2022\/08\/logomarca_tema.fw_.png","width":400,"height":232,"caption":"Portal Not\u00edcia em Pauta"},"image":{"@id":"https:\/\/noticiaempauta.com\/portal\/#\/schema\/logo\/image\/"},"sameAs":["https:\/\/www.facebook.com\/Portal-Notcia-Em-Pauta-102292869264820\/","https:\/\/www.instagram.com\/portalnoticiaempauta\/"]},{"@type":"Person","@id":"https:\/\/noticiaempauta.com\/portal\/#\/schema\/person\/a74af43dd1ab3deca45f988c717d57ac","name":"Reda\u00e7\u00e3o","image":{"@type":"ImageObject","inLanguage":"pt-BR","@id":"https:\/\/noticiaempauta.com\/portal\/#\/schema\/person\/image\/","url":"https:\/\/secure.gravatar.com\/avatar\/03179346ecce6cdfc13361603e8f54242a90e5cde8618fa23c5c00aa2b0aadf3?s=96&d=mm&r=g","contentUrl":"https:\/\/secure.gravatar.com\/avatar\/03179346ecce6cdfc13361603e8f54242a90e5cde8618fa23c5c00aa2b0aadf3?s=96&d=mm&r=g","caption":"Reda\u00e7\u00e3o"},"sameAs":["https:\/\/noticiaempauta.com\/portal\/"],"url":"https:\/\/noticiaempauta.com\/portal\/author\/fernando\/"}]}},"_links":{"self":[{"href":"https:\/\/noticiaempauta.com\/portal\/wp-json\/wp\/v2\/posts\/257286","targetHints":{"allow":["GET"]}}],"collection":[{"href":"https:\/\/noticiaempauta.com\/portal\/wp-json\/wp\/v2\/posts"}],"about":[{"href":"https:\/\/noticiaempauta.com\/portal\/wp-json\/wp\/v2\/types\/post"}],"author":[{"embeddable":true,"href":"https:\/\/noticiaempauta.com\/portal\/wp-json\/wp\/v2\/users\/2"}],"replies":[{"embeddable":true,"href":"https:\/\/noticiaempauta.com\/portal\/wp-json\/wp\/v2\/comments?post=257286"}],"version-history":[{"count":2,"href":"https:\/\/noticiaempauta.com\/portal\/wp-json\/wp\/v2\/posts\/257286\/revisions"}],"predecessor-version":[{"id":257290,"href":"https:\/\/noticiaempauta.com\/portal\/wp-json\/wp\/v2\/posts\/257286\/revisions\/257290"}],"wp:featuredmedia":[{"embeddable":true,"href":"https:\/\/noticiaempauta.com\/portal\/wp-json\/wp\/v2\/media\/257288"}],"wp:attachment":[{"href":"https:\/\/noticiaempauta.com\/portal\/wp-json\/wp\/v2\/media?parent=257286"}],"wp:term":[{"taxonomy":"category","embeddable":true,"href":"https:\/\/noticiaempauta.com\/portal\/wp-json\/wp\/v2\/categories?post=257286"},{"taxonomy":"post_tag","embeddable":true,"href":"https:\/\/noticiaempauta.com\/portal\/wp-json\/wp\/v2\/tags?post=257286"}],"curies":[{"name":"wp","href":"https:\/\/api.w.org\/{rel}","templated":true}]}}