{"id":257291,"date":"2024-04-27T06:39:21","date_gmt":"2024-04-27T09:39:21","guid":{"rendered":"https:\/\/noticiaempauta.com\/portal\/?p=257291"},"modified":"2024-04-27T06:39:22","modified_gmt":"2024-04-27T09:39:22","slug":"santana-do-piaui-camara-municipal-realiza-sessao-e-aprova-requerimento","status":"publish","type":"post","link":"https:\/\/noticiaempauta.com\/portal\/santana-do-piaui-camara-municipal-realiza-sessao-e-aprova-requerimento\/","title":{"rendered":"Santana do Piau\u00ed | C\u00e2mara Municipal realiza sess\u00e3o e aprova requerimento"},"content":{"rendered":"\n<p>A c\u00e2mara municipal de Santana do Piau\u00ed realizou na noite desta sexta-feira (26) sess\u00e3o ordin\u00e1ria, que foi presidida pela vereadora e presidente da casa, Clarete Rab\u00ealo (MDB), onde tinha como pauta um requerimento que foi apresentado pela vereadora Elenilsa Gabriel onde denomina a pra\u00e7a rec\u00e9m-constru\u00edda pela prefeitura de Pra\u00e7a da Liberdade.<\/p>\n\n\n\n<figure class=\"wp-block-image size-large\"><img fetchpriority=\"high\" decoding=\"async\" width=\"1024\" height=\"576\" src=\"https:\/\/noticiaempauta.com\/portal\/wp-content\/uploads\/2024\/04\/IMG_1145-1024x576.jpeg\" alt=\"\" class=\"wp-image-257293\" srcset=\"https:\/\/noticiaempauta.com\/portal\/wp-content\/uploads\/2024\/04\/IMG_1145-1024x576.jpeg 1024w, https:\/\/noticiaempauta.com\/portal\/wp-content\/uploads\/2024\/04\/IMG_1145-300x169.jpeg 300w, https:\/\/noticiaempauta.com\/portal\/wp-content\/uploads\/2024\/04\/IMG_1145-768x432.jpeg 768w, https:\/\/noticiaempauta.com\/portal\/wp-content\/uploads\/2024\/04\/IMG_1145-1536x864.jpeg 1536w, https:\/\/noticiaempauta.com\/portal\/wp-content\/uploads\/2024\/04\/IMG_1145.jpeg 1600w\" sizes=\"(max-width: 1024px) 100vw, 1024px\" \/><\/figure>\n\n\n\n<figure class=\"wp-block-image size-large\"><img decoding=\"async\" width=\"1024\" height=\"768\" src=\"https:\/\/noticiaempauta.com\/portal\/wp-content\/uploads\/2024\/04\/IMG_1122-1024x768.jpeg\" alt=\"\" class=\"wp-image-257299\" srcset=\"https:\/\/noticiaempauta.com\/portal\/wp-content\/uploads\/2024\/04\/IMG_1122-1024x768.jpeg 1024w, https:\/\/noticiaempauta.com\/portal\/wp-content\/uploads\/2024\/04\/IMG_1122-300x225.jpeg 300w, https:\/\/noticiaempauta.com\/portal\/wp-content\/uploads\/2024\/04\/IMG_1122-768x576.jpeg 768w, https:\/\/noticiaempauta.com\/portal\/wp-content\/uploads\/2024\/04\/IMG_1122-1536x1152.jpeg 1536w, https:\/\/noticiaempauta.com\/portal\/wp-content\/uploads\/2024\/04\/IMG_1122-2048x1536.jpeg 2048w\" sizes=\"(max-width: 1024px) 100vw, 1024px\" \/><\/figure>\n\n\n\n<p>Ap\u00f3s a abertura dos trabalhos, a presidente concedeu o uso da palavra para que os vereadores pudessem se pronunciarem<\/p>\n\n\n\n<figure class=\"wp-block-image size-large\"><img decoding=\"async\" width=\"1024\" height=\"768\" src=\"https:\/\/noticiaempauta.com\/portal\/wp-content\/uploads\/2024\/04\/IMG_1135-1024x768.jpeg\" alt=\"\" class=\"wp-image-257294\" srcset=\"https:\/\/noticiaempauta.com\/portal\/wp-content\/uploads\/2024\/04\/IMG_1135-1024x768.jpeg 1024w, https:\/\/noticiaempauta.com\/portal\/wp-content\/uploads\/2024\/04\/IMG_1135-300x225.jpeg 300w, https:\/\/noticiaempauta.com\/portal\/wp-content\/uploads\/2024\/04\/IMG_1135-768x576.jpeg 768w, https:\/\/noticiaempauta.com\/portal\/wp-content\/uploads\/2024\/04\/IMG_1135-1536x1152.jpeg 1536w, https:\/\/noticiaempauta.com\/portal\/wp-content\/uploads\/2024\/04\/IMG_1135-2048x1536.jpeg 2048w\" sizes=\"(max-width: 1024px) 100vw, 1024px\" \/><\/figure>\n\n\n\n<p><br>O vereador Ismael Borges iniciou sua fala, parabenizando toda popula\u00e7\u00e3o santanense pelos 32 anos de emancipa\u00e7\u00e3o pol\u00edtica do munic\u00edpio, e desejou que a popula\u00e7\u00e3o tenha dias mais pr\u00f3speros do que os atuais.<\/p>\n\n\n\n<p>Na tribuna o parlamentar disse que fez uma denuncio junto ao Tribunal de Conta do Estado do Piau\u00ed (TCE), sobre uma licita\u00e7\u00e3o que seria realizada pela Prefeitura Municipal de Santana do Piau\u00ed, que segundo ele, tinha v\u00e1rias irregularidades, e por isso o tribunal notificou a gestora para que desse esclarecimentos a respeito do fato, e que no final o certame terminou sendo cancelado.<\/p>\n\n\n\n<p>Pois como vereador e fiscal da lei, \u00e9 seu dever fiscalizar tudo que considerar que esteja irregular no munic\u00edpio, e n\u00e3o importa se \u00e9 a C\u00e2mara Municipal ou a prefeitura, primeiro cumpre o seu dever de zelar pelo bem p\u00fablico, e depois procura as autoridades competentes para resolver os problemas encontrados, frisou ele.<\/p>\n\n\n\n<p>Ainda durante sua fala, Ismael Borges, disse que n\u00e3o ver motivos para que seu requerimento n\u00e3o fosse recebido pela mesa diretora, j\u00e1 que em outros momentos outros requerimentos foram recebidos. O parlamentar perguntou a presidente da casa quando era que ela iria chamar os concursados, j\u00e1 que o concurso j\u00e1 havia sido homologado pela prefeitura, pois os aprovados est\u00e3o aguardando o chamamento, disse.<\/p>\n\n\n\n<figure class=\"wp-block-image size-large\"><img loading=\"lazy\" decoding=\"async\" width=\"1024\" height=\"768\" src=\"https:\/\/noticiaempauta.com\/portal\/wp-content\/uploads\/2024\/04\/IMG_1137-1024x768.jpeg\" alt=\"\" class=\"wp-image-257295\" srcset=\"https:\/\/noticiaempauta.com\/portal\/wp-content\/uploads\/2024\/04\/IMG_1137-1024x768.jpeg 1024w, https:\/\/noticiaempauta.com\/portal\/wp-content\/uploads\/2024\/04\/IMG_1137-300x225.jpeg 300w, https:\/\/noticiaempauta.com\/portal\/wp-content\/uploads\/2024\/04\/IMG_1137-768x576.jpeg 768w, https:\/\/noticiaempauta.com\/portal\/wp-content\/uploads\/2024\/04\/IMG_1137-1536x1152.jpeg 1536w, https:\/\/noticiaempauta.com\/portal\/wp-content\/uploads\/2024\/04\/IMG_1137-2048x1536.jpeg 2048w\" sizes=\"(max-width: 1024px) 100vw, 1024px\" \/><\/figure>\n\n\n\n<p>O vereador Francisquinho (MDB), parabenizou a popula\u00e7\u00e3o santanense pelo anivers\u00e1rio de emancipa\u00e7\u00e3o pol\u00edtica do munic\u00edpio, e falou que sempre participou de todos os momentos, mas que dessa vez iria faltar, pois n\u00e3o estava bem de sa\u00fade, e por isso, iria se recolher, falou.<\/p>\n\n\n\n<p>Francisquinho disse que os aterros que est\u00e3o tirando na ladeira da Serra do Tanque quando chove, o mesmo est\u00e1 descendo todo e termina entrando nas casas e causando preju\u00edzos, ent\u00e3o, o mesmo solicita da secretaria municipal de Obras que tome as devidas provid\u00eancias.<\/p>\n\n\n\n<figure class=\"wp-block-image size-large\"><img loading=\"lazy\" decoding=\"async\" width=\"1024\" height=\"768\" src=\"https:\/\/noticiaempauta.com\/portal\/wp-content\/uploads\/2024\/04\/IMG_1141-1024x768.jpeg\" alt=\"\" class=\"wp-image-257296\" srcset=\"https:\/\/noticiaempauta.com\/portal\/wp-content\/uploads\/2024\/04\/IMG_1141-1024x768.jpeg 1024w, https:\/\/noticiaempauta.com\/portal\/wp-content\/uploads\/2024\/04\/IMG_1141-300x225.jpeg 300w, https:\/\/noticiaempauta.com\/portal\/wp-content\/uploads\/2024\/04\/IMG_1141-768x576.jpeg 768w, https:\/\/noticiaempauta.com\/portal\/wp-content\/uploads\/2024\/04\/IMG_1141-1536x1152.jpeg 1536w, https:\/\/noticiaempauta.com\/portal\/wp-content\/uploads\/2024\/04\/IMG_1141-2048x1536.jpeg 2048w\" sizes=\"(max-width: 1024px) 100vw, 1024px\" \/><\/figure>\n\n\n\n<p>A vereadora Clarete Rab\u00ealo (MDB), tamb\u00e9m parabenizou o munic\u00edpio pelos seus 32 anos de emancipa\u00e7\u00e3o pol\u00edtica, e pediu a Deus que continue cuidando e aben\u00e7oando cada vez mais a popula\u00e7\u00e3o de Santana do Piau\u00ed. A presidente informou que os trabalhos da casa legislativa s\u00f3 retornar\u00e3o na pr\u00f3xima quinta-feira (02), j\u00e1 que segunda-feira (29) \u00e9 o anivers\u00e1rio da cidade, e, portanto, feriado, na ter\u00e7a-feira ser\u00e1 ponto facultativo e na quarta-feira (01) de maio \u00e9 feriado nacional.<\/p>\n\n\n\n<p>Sobre os requerimentos apontado pelo seu colega de bancada, Clarete Rab\u00ealo disse que realmente essa era uma pr\u00e1tica antiga e errada, isso chegou acontecer no in\u00edcio de sua gest\u00e3o, mas que a partir de agora ir\u00e1 cumprir o regimento interno da C\u00e2mara, todo e qualquer requerimento dever\u00e1 cumprir o prazo regimental que \u00e9 de no m\u00ednimo de 48:horas antes da sess\u00e3o, seja apresentado por quem quer que seja, disse ela.<\/p>\n\n\n\n<p>\u201cSomente os requerimentos em car\u00e1ter de urg\u00eancia poder\u00e3o ser feitos depois desse prazo, inclusive at\u00e9 no mesmo dia da sess\u00e3o, no mais, n\u00e3o aceitarei que ningu\u00e9m descumpra o regimento da C\u00e2mara\u201d, falou.<\/p>\n\n\n\n<p>Em rela\u00e7\u00e3o ao concurso p\u00fablico, Clarete Rab\u00ealo disse que como foi a prefeitura que realizou o certame cabe a ela fazer a convoca\u00e7\u00e3o, pois o prazo para chamar os aprovados \u00e9 de 02 anos a partir da homologa\u00e7\u00e3o do mesmo. \u201cAgora se a compet\u00eancia da convoca\u00e7\u00e3o for da C\u00e2mara, chamarei os aprovados com maior prazer, isso n\u00e3o \u00e9 problema para mim, pelo contr\u00e1rio, mas se a compet\u00eancia for a gest\u00e3o municipal, vou aguardar ela chamar\u201d, finalizou.<\/p>\n\n\n\n<figure class=\"wp-block-image size-large\"><img loading=\"lazy\" decoding=\"async\" width=\"1024\" height=\"768\" src=\"https:\/\/noticiaempauta.com\/portal\/wp-content\/uploads\/2024\/04\/IMG_1127-1024x768.jpeg\" alt=\"\" class=\"wp-image-257297\" srcset=\"https:\/\/noticiaempauta.com\/portal\/wp-content\/uploads\/2024\/04\/IMG_1127-1024x768.jpeg 1024w, https:\/\/noticiaempauta.com\/portal\/wp-content\/uploads\/2024\/04\/IMG_1127-300x225.jpeg 300w, https:\/\/noticiaempauta.com\/portal\/wp-content\/uploads\/2024\/04\/IMG_1127-768x576.jpeg 768w, https:\/\/noticiaempauta.com\/portal\/wp-content\/uploads\/2024\/04\/IMG_1127-1536x1152.jpeg 1536w, https:\/\/noticiaempauta.com\/portal\/wp-content\/uploads\/2024\/04\/IMG_1127-2048x1536.jpeg 2048w\" sizes=\"(max-width: 1024px) 100vw, 1024px\" \/><\/figure>\n\n\n\n<p>No final da sess\u00e3o, a presidente colocou em vota\u00e7\u00e3o o requerimento, que foi aprovado por unanimidade. Em seguida, foi convocada uma segunda sess\u00e3o para tratar de temas administrativos.<\/p>\n\n\n\n<figure class=\"wp-block-image size-large\"><img loading=\"lazy\" decoding=\"async\" width=\"1024\" height=\"768\" src=\"https:\/\/noticiaempauta.com\/portal\/wp-content\/uploads\/2024\/04\/IMG_1138-1024x768.jpeg\" alt=\"\" class=\"wp-image-257298\" srcset=\"https:\/\/noticiaempauta.com\/portal\/wp-content\/uploads\/2024\/04\/IMG_1138-1024x768.jpeg 1024w, https:\/\/noticiaempauta.com\/portal\/wp-content\/uploads\/2024\/04\/IMG_1138-300x225.jpeg 300w, https:\/\/noticiaempauta.com\/portal\/wp-content\/uploads\/2024\/04\/IMG_1138-768x576.jpeg 768w, https:\/\/noticiaempauta.com\/portal\/wp-content\/uploads\/2024\/04\/IMG_1138-1536x1152.jpeg 1536w, https:\/\/noticiaempauta.com\/portal\/wp-content\/uploads\/2024\/04\/IMG_1138-2048x1536.jpeg 2048w\" sizes=\"(max-width: 1024px) 100vw, 1024px\" \/><\/figure>\n\n\n\n<p>A pr\u00f3xima sess\u00e3o ordin\u00e1ria est\u00e1 prevista para acontecer dia 10 de maio, \u00e0s 19h.<\/p>\n","protected":false},"excerpt":{"rendered":"<p>A c\u00e2mara municipal de Santana do Piau\u00ed realizou na noite desta sexta-feira (26) sess\u00e3o ordin\u00e1ria, que foi presidida pela vereadora e presidente da casa, Clarete Rab\u00ealo (MDB), onde tinha como pauta um requerimento que foi apresentado pela vereadora Elenilsa Gabriel onde denomina a pra\u00e7a rec\u00e9m-constru\u00edda pela prefeitura de Pra\u00e7a da Liberdade. Ap\u00f3s a abertura dos [&hellip;]<\/p>\n","protected":false},"author":2,"featured_media":257293,"comment_status":"open","ping_status":"open","sticky":false,"template":"","format":"standard","meta":{"_mi_skip_tracking":false,"footnotes":""},"categories":[25,1,9],"tags":[192],"class_list":["post-257291","post","type-post","status-publish","format-standard","has-post-thumbnail","hentry","category-destaques-site","category-geral","category-municipios","tag-destaqueprincipal"],"acf":[],"yoast_head":"<!-- This site is optimized with the Yoast SEO Premium plugin v19.2 (Yoast SEO v26.9) - https:\/\/yoast.com\/product\/yoast-seo-premium-wordpress\/ -->\n<title>Santana do Piau\u00ed | C\u00e2mara Municipal realiza sess\u00e3o e aprova requerimento - Portal Not\u00edcia em Pauta<\/title>\n<meta name=\"robots\" content=\"index, follow, max-snippet:-1, max-image-preview:large, max-video-preview:-1\" \/>\n<link rel=\"canonical\" href=\"https:\/\/noticiaempauta.com\/portal\/santana-do-piaui-camara-municipal-realiza-sessao-e-aprova-requerimento\/\" \/>\n<meta property=\"og:locale\" content=\"pt_BR\" \/>\n<meta property=\"og:type\" content=\"article\" \/>\n<meta property=\"og:title\" content=\"Santana do Piau\u00ed | C\u00e2mara Municipal realiza sess\u00e3o e aprova requerimento\" \/>\n<meta property=\"og:description\" content=\"A c\u00e2mara municipal de Santana do Piau\u00ed realizou na noite desta sexta-feira (26) sess\u00e3o ordin\u00e1ria, que foi presidida pela vereadora e presidente da casa, Clarete Rab\u00ealo (MDB), onde tinha como pauta um requerimento que foi apresentado pela vereadora Elenilsa Gabriel onde denomina a pra\u00e7a rec\u00e9m-constru\u00edda pela prefeitura de Pra\u00e7a da Liberdade. Ap\u00f3s a abertura dos [&hellip;]\" \/>\n<meta property=\"og:url\" content=\"https:\/\/noticiaempauta.com\/portal\/santana-do-piaui-camara-municipal-realiza-sessao-e-aprova-requerimento\/\" \/>\n<meta property=\"og:site_name\" content=\"Portal Not\u00edcia em Pauta\" \/>\n<meta property=\"article:publisher\" content=\"https:\/\/www.facebook.com\/Portal-Notcia-Em-Pauta-102292869264820\/\" \/>\n<meta property=\"article:published_time\" content=\"2024-04-27T09:39:21+00:00\" \/>\n<meta property=\"article:modified_time\" content=\"2024-04-27T09:39:22+00:00\" \/>\n<meta property=\"og:image\" content=\"https:\/\/noticiaempauta.com\/portal\/wp-content\/uploads\/2024\/04\/IMG_1145.jpeg\" \/>\n\t<meta property=\"og:image:width\" content=\"1600\" \/>\n\t<meta property=\"og:image:height\" content=\"900\" \/>\n\t<meta property=\"og:image:type\" content=\"image\/jpeg\" \/>\n<meta name=\"author\" content=\"Reda\u00e7\u00e3o\" \/>\n<meta name=\"twitter:card\" content=\"summary_large_image\" \/>\n<meta name=\"twitter:label1\" content=\"Escrito por\" \/>\n\t<meta name=\"twitter:data1\" content=\"Reda\u00e7\u00e3o\" \/>\n\t<meta name=\"twitter:label2\" content=\"Est. tempo de leitura\" \/>\n\t<meta name=\"twitter:data2\" content=\"6 minutos\" \/>\n<script type=\"application\/ld+json\" class=\"yoast-schema-graph\">{\"@context\":\"https:\/\/schema.org\",\"@graph\":[{\"@type\":\"Article\",\"@id\":\"https:\/\/noticiaempauta.com\/portal\/santana-do-piaui-camara-municipal-realiza-sessao-e-aprova-requerimento\/#article\",\"isPartOf\":{\"@id\":\"https:\/\/noticiaempauta.com\/portal\/santana-do-piaui-camara-municipal-realiza-sessao-e-aprova-requerimento\/\"},\"author\":{\"name\":\"Reda\u00e7\u00e3o\",\"@id\":\"https:\/\/noticiaempauta.com\/portal\/#\/schema\/person\/a74af43dd1ab3deca45f988c717d57ac\"},\"headline\":\"Santana do Piau\u00ed | C\u00e2mara Municipal realiza sess\u00e3o e aprova requerimento\",\"datePublished\":\"2024-04-27T09:39:21+00:00\",\"dateModified\":\"2024-04-27T09:39:22+00:00\",\"mainEntityOfPage\":{\"@id\":\"https:\/\/noticiaempauta.com\/portal\/santana-do-piaui-camara-municipal-realiza-sessao-e-aprova-requerimento\/\"},\"wordCount\":737,\"commentCount\":0,\"publisher\":{\"@id\":\"https:\/\/noticiaempauta.com\/portal\/#organization\"},\"image\":{\"@id\":\"https:\/\/noticiaempauta.com\/portal\/santana-do-piaui-camara-municipal-realiza-sessao-e-aprova-requerimento\/#primaryimage\"},\"thumbnailUrl\":\"https:\/\/noticiaempauta.com\/portal\/wp-content\/uploads\/2024\/04\/IMG_1145.jpeg\",\"keywords\":[\"destaqueprincipal\"],\"articleSection\":[\"Destaques\",\"Geral\",\"Munic\u00edpios\"],\"inLanguage\":\"pt-BR\",\"potentialAction\":[{\"@type\":\"CommentAction\",\"name\":\"Comment\",\"target\":[\"https:\/\/noticiaempauta.com\/portal\/santana-do-piaui-camara-municipal-realiza-sessao-e-aprova-requerimento\/#respond\"]}]},{\"@type\":\"WebPage\",\"@id\":\"https:\/\/noticiaempauta.com\/portal\/santana-do-piaui-camara-municipal-realiza-sessao-e-aprova-requerimento\/\",\"url\":\"https:\/\/noticiaempauta.com\/portal\/santana-do-piaui-camara-municipal-realiza-sessao-e-aprova-requerimento\/\",\"name\":\"Santana do Piau\u00ed | C\u00e2mara Municipal realiza sess\u00e3o e aprova requerimento - Portal Not\u00edcia em Pauta\",\"isPartOf\":{\"@id\":\"https:\/\/noticiaempauta.com\/portal\/#website\"},\"primaryImageOfPage\":{\"@id\":\"https:\/\/noticiaempauta.com\/portal\/santana-do-piaui-camara-municipal-realiza-sessao-e-aprova-requerimento\/#primaryimage\"},\"image\":{\"@id\":\"https:\/\/noticiaempauta.com\/portal\/santana-do-piaui-camara-municipal-realiza-sessao-e-aprova-requerimento\/#primaryimage\"},\"thumbnailUrl\":\"https:\/\/noticiaempauta.com\/portal\/wp-content\/uploads\/2024\/04\/IMG_1145.jpeg\",\"datePublished\":\"2024-04-27T09:39:21+00:00\",\"dateModified\":\"2024-04-27T09:39:22+00:00\",\"breadcrumb\":{\"@id\":\"https:\/\/noticiaempauta.com\/portal\/santana-do-piaui-camara-municipal-realiza-sessao-e-aprova-requerimento\/#breadcrumb\"},\"inLanguage\":\"pt-BR\",\"potentialAction\":[{\"@type\":\"ReadAction\",\"target\":[\"https:\/\/noticiaempauta.com\/portal\/santana-do-piaui-camara-municipal-realiza-sessao-e-aprova-requerimento\/\"]}]},{\"@type\":\"ImageObject\",\"inLanguage\":\"pt-BR\",\"@id\":\"https:\/\/noticiaempauta.com\/portal\/santana-do-piaui-camara-municipal-realiza-sessao-e-aprova-requerimento\/#primaryimage\",\"url\":\"https:\/\/noticiaempauta.com\/portal\/wp-content\/uploads\/2024\/04\/IMG_1145.jpeg\",\"contentUrl\":\"https:\/\/noticiaempauta.com\/portal\/wp-content\/uploads\/2024\/04\/IMG_1145.jpeg\",\"width\":1600,\"height\":900},{\"@type\":\"BreadcrumbList\",\"@id\":\"https:\/\/noticiaempauta.com\/portal\/santana-do-piaui-camara-municipal-realiza-sessao-e-aprova-requerimento\/#breadcrumb\",\"itemListElement\":[{\"@type\":\"ListItem\",\"position\":1,\"name\":\"P\u00e1gina Inicial\",\"item\":\"https:\/\/noticiaempauta.com\/portal\/\"},{\"@type\":\"ListItem\",\"position\":2,\"name\":\"Destaques\",\"item\":\"https:\/\/noticiaempauta.com\/portal\/destaques-site\/\"},{\"@type\":\"ListItem\",\"position\":3,\"name\":\"Santana do Piau\u00ed | C\u00e2mara Municipal realiza sess\u00e3o e aprova requerimento\"}]},{\"@type\":\"WebSite\",\"@id\":\"https:\/\/noticiaempauta.com\/portal\/#website\",\"url\":\"https:\/\/noticiaempauta.com\/portal\/\",\"name\":\"Portal Not\u00edcia em Pauta\",\"description\":\"Voc\u00ea bem informado\",\"publisher\":{\"@id\":\"https:\/\/noticiaempauta.com\/portal\/#organization\"},\"potentialAction\":[{\"@type\":\"SearchAction\",\"target\":{\"@type\":\"EntryPoint\",\"urlTemplate\":\"https:\/\/noticiaempauta.com\/portal\/?s={search_term_string}\"},\"query-input\":{\"@type\":\"PropertyValueSpecification\",\"valueRequired\":true,\"valueName\":\"search_term_string\"}}],\"inLanguage\":\"pt-BR\"},{\"@type\":\"Organization\",\"@id\":\"https:\/\/noticiaempauta.com\/portal\/#organization\",\"name\":\"Portal Not\u00edcia em Pauta\",\"url\":\"https:\/\/noticiaempauta.com\/portal\/\",\"logo\":{\"@type\":\"ImageObject\",\"inLanguage\":\"pt-BR\",\"@id\":\"https:\/\/noticiaempauta.com\/portal\/#\/schema\/logo\/image\/\",\"url\":\"https:\/\/noticiaempauta.com\/portal\/wp-content\/uploads\/2022\/08\/logomarca_tema.fw_.png\",\"contentUrl\":\"https:\/\/noticiaempauta.com\/portal\/wp-content\/uploads\/2022\/08\/logomarca_tema.fw_.png\",\"width\":400,\"height\":232,\"caption\":\"Portal Not\u00edcia em Pauta\"},\"image\":{\"@id\":\"https:\/\/noticiaempauta.com\/portal\/#\/schema\/logo\/image\/\"},\"sameAs\":[\"https:\/\/www.facebook.com\/Portal-Notcia-Em-Pauta-102292869264820\/\",\"https:\/\/www.instagram.com\/portalnoticiaempauta\/\"]},{\"@type\":\"Person\",\"@id\":\"https:\/\/noticiaempauta.com\/portal\/#\/schema\/person\/a74af43dd1ab3deca45f988c717d57ac\",\"name\":\"Reda\u00e7\u00e3o\",\"image\":{\"@type\":\"ImageObject\",\"inLanguage\":\"pt-BR\",\"@id\":\"https:\/\/noticiaempauta.com\/portal\/#\/schema\/person\/image\/\",\"url\":\"https:\/\/secure.gravatar.com\/avatar\/03179346ecce6cdfc13361603e8f54242a90e5cde8618fa23c5c00aa2b0aadf3?s=96&d=mm&r=g\",\"contentUrl\":\"https:\/\/secure.gravatar.com\/avatar\/03179346ecce6cdfc13361603e8f54242a90e5cde8618fa23c5c00aa2b0aadf3?s=96&d=mm&r=g\",\"caption\":\"Reda\u00e7\u00e3o\"},\"sameAs\":[\"https:\/\/noticiaempauta.com\/portal\/\"],\"url\":\"https:\/\/noticiaempauta.com\/portal\/author\/fernando\/\"}]}<\/script>\n<!-- \/ Yoast SEO Premium plugin. -->","yoast_head_json":{"title":"Santana do Piau\u00ed | C\u00e2mara Municipal realiza sess\u00e3o e aprova requerimento - Portal Not\u00edcia em Pauta","robots":{"index":"index","follow":"follow","max-snippet":"max-snippet:-1","max-image-preview":"max-image-preview:large","max-video-preview":"max-video-preview:-1"},"canonical":"https:\/\/noticiaempauta.com\/portal\/santana-do-piaui-camara-municipal-realiza-sessao-e-aprova-requerimento\/","og_locale":"pt_BR","og_type":"article","og_title":"Santana do Piau\u00ed | C\u00e2mara Municipal realiza sess\u00e3o e aprova requerimento","og_description":"A c\u00e2mara municipal de Santana do Piau\u00ed realizou na noite desta sexta-feira (26) sess\u00e3o ordin\u00e1ria, que foi presidida pela vereadora e presidente da casa, Clarete Rab\u00ealo (MDB), onde tinha como pauta um requerimento que foi apresentado pela vereadora Elenilsa Gabriel onde denomina a pra\u00e7a rec\u00e9m-constru\u00edda pela prefeitura de Pra\u00e7a da Liberdade. Ap\u00f3s a abertura dos [&hellip;]","og_url":"https:\/\/noticiaempauta.com\/portal\/santana-do-piaui-camara-municipal-realiza-sessao-e-aprova-requerimento\/","og_site_name":"Portal Not\u00edcia em Pauta","article_publisher":"https:\/\/www.facebook.com\/Portal-Notcia-Em-Pauta-102292869264820\/","article_published_time":"2024-04-27T09:39:21+00:00","article_modified_time":"2024-04-27T09:39:22+00:00","og_image":[{"width":1600,"height":900,"url":"https:\/\/noticiaempauta.com\/portal\/wp-content\/uploads\/2024\/04\/IMG_1145.jpeg","type":"image\/jpeg"}],"author":"Reda\u00e7\u00e3o","twitter_card":"summary_large_image","twitter_misc":{"Escrito por":"Reda\u00e7\u00e3o","Est. tempo de leitura":"6 minutos"},"schema":{"@context":"https:\/\/schema.org","@graph":[{"@type":"Article","@id":"https:\/\/noticiaempauta.com\/portal\/santana-do-piaui-camara-municipal-realiza-sessao-e-aprova-requerimento\/#article","isPartOf":{"@id":"https:\/\/noticiaempauta.com\/portal\/santana-do-piaui-camara-municipal-realiza-sessao-e-aprova-requerimento\/"},"author":{"name":"Reda\u00e7\u00e3o","@id":"https:\/\/noticiaempauta.com\/portal\/#\/schema\/person\/a74af43dd1ab3deca45f988c717d57ac"},"headline":"Santana do Piau\u00ed | C\u00e2mara Municipal realiza sess\u00e3o e aprova requerimento","datePublished":"2024-04-27T09:39:21+00:00","dateModified":"2024-04-27T09:39:22+00:00","mainEntityOfPage":{"@id":"https:\/\/noticiaempauta.com\/portal\/santana-do-piaui-camara-municipal-realiza-sessao-e-aprova-requerimento\/"},"wordCount":737,"commentCount":0,"publisher":{"@id":"https:\/\/noticiaempauta.com\/portal\/#organization"},"image":{"@id":"https:\/\/noticiaempauta.com\/portal\/santana-do-piaui-camara-municipal-realiza-sessao-e-aprova-requerimento\/#primaryimage"},"thumbnailUrl":"https:\/\/noticiaempauta.com\/portal\/wp-content\/uploads\/2024\/04\/IMG_1145.jpeg","keywords":["destaqueprincipal"],"articleSection":["Destaques","Geral","Munic\u00edpios"],"inLanguage":"pt-BR","potentialAction":[{"@type":"CommentAction","name":"Comment","target":["https:\/\/noticiaempauta.com\/portal\/santana-do-piaui-camara-municipal-realiza-sessao-e-aprova-requerimento\/#respond"]}]},{"@type":"WebPage","@id":"https:\/\/noticiaempauta.com\/portal\/santana-do-piaui-camara-municipal-realiza-sessao-e-aprova-requerimento\/","url":"https:\/\/noticiaempauta.com\/portal\/santana-do-piaui-camara-municipal-realiza-sessao-e-aprova-requerimento\/","name":"Santana do Piau\u00ed | C\u00e2mara Municipal realiza sess\u00e3o e aprova requerimento - Portal Not\u00edcia em Pauta","isPartOf":{"@id":"https:\/\/noticiaempauta.com\/portal\/#website"},"primaryImageOfPage":{"@id":"https:\/\/noticiaempauta.com\/portal\/santana-do-piaui-camara-municipal-realiza-sessao-e-aprova-requerimento\/#primaryimage"},"image":{"@id":"https:\/\/noticiaempauta.com\/portal\/santana-do-piaui-camara-municipal-realiza-sessao-e-aprova-requerimento\/#primaryimage"},"thumbnailUrl":"https:\/\/noticiaempauta.com\/portal\/wp-content\/uploads\/2024\/04\/IMG_1145.jpeg","datePublished":"2024-04-27T09:39:21+00:00","dateModified":"2024-04-27T09:39:22+00:00","breadcrumb":{"@id":"https:\/\/noticiaempauta.com\/portal\/santana-do-piaui-camara-municipal-realiza-sessao-e-aprova-requerimento\/#breadcrumb"},"inLanguage":"pt-BR","potentialAction":[{"@type":"ReadAction","target":["https:\/\/noticiaempauta.com\/portal\/santana-do-piaui-camara-municipal-realiza-sessao-e-aprova-requerimento\/"]}]},{"@type":"ImageObject","inLanguage":"pt-BR","@id":"https:\/\/noticiaempauta.com\/portal\/santana-do-piaui-camara-municipal-realiza-sessao-e-aprova-requerimento\/#primaryimage","url":"https:\/\/noticiaempauta.com\/portal\/wp-content\/uploads\/2024\/04\/IMG_1145.jpeg","contentUrl":"https:\/\/noticiaempauta.com\/portal\/wp-content\/uploads\/2024\/04\/IMG_1145.jpeg","width":1600,"height":900},{"@type":"BreadcrumbList","@id":"https:\/\/noticiaempauta.com\/portal\/santana-do-piaui-camara-municipal-realiza-sessao-e-aprova-requerimento\/#breadcrumb","itemListElement":[{"@type":"ListItem","position":1,"name":"P\u00e1gina Inicial","item":"https:\/\/noticiaempauta.com\/portal\/"},{"@type":"ListItem","position":2,"name":"Destaques","item":"https:\/\/noticiaempauta.com\/portal\/destaques-site\/"},{"@type":"ListItem","position":3,"name":"Santana do Piau\u00ed | C\u00e2mara Municipal realiza sess\u00e3o e aprova requerimento"}]},{"@type":"WebSite","@id":"https:\/\/noticiaempauta.com\/portal\/#website","url":"https:\/\/noticiaempauta.com\/portal\/","name":"Portal Not\u00edcia em Pauta","description":"Voc\u00ea bem informado","publisher":{"@id":"https:\/\/noticiaempauta.com\/portal\/#organization"},"potentialAction":[{"@type":"SearchAction","target":{"@type":"EntryPoint","urlTemplate":"https:\/\/noticiaempauta.com\/portal\/?s={search_term_string}"},"query-input":{"@type":"PropertyValueSpecification","valueRequired":true,"valueName":"search_term_string"}}],"inLanguage":"pt-BR"},{"@type":"Organization","@id":"https:\/\/noticiaempauta.com\/portal\/#organization","name":"Portal Not\u00edcia em Pauta","url":"https:\/\/noticiaempauta.com\/portal\/","logo":{"@type":"ImageObject","inLanguage":"pt-BR","@id":"https:\/\/noticiaempauta.com\/portal\/#\/schema\/logo\/image\/","url":"https:\/\/noticiaempauta.com\/portal\/wp-content\/uploads\/2022\/08\/logomarca_tema.fw_.png","contentUrl":"https:\/\/noticiaempauta.com\/portal\/wp-content\/uploads\/2022\/08\/logomarca_tema.fw_.png","width":400,"height":232,"caption":"Portal Not\u00edcia em Pauta"},"image":{"@id":"https:\/\/noticiaempauta.com\/portal\/#\/schema\/logo\/image\/"},"sameAs":["https:\/\/www.facebook.com\/Portal-Notcia-Em-Pauta-102292869264820\/","https:\/\/www.instagram.com\/portalnoticiaempauta\/"]},{"@type":"Person","@id":"https:\/\/noticiaempauta.com\/portal\/#\/schema\/person\/a74af43dd1ab3deca45f988c717d57ac","name":"Reda\u00e7\u00e3o","image":{"@type":"ImageObject","inLanguage":"pt-BR","@id":"https:\/\/noticiaempauta.com\/portal\/#\/schema\/person\/image\/","url":"https:\/\/secure.gravatar.com\/avatar\/03179346ecce6cdfc13361603e8f54242a90e5cde8618fa23c5c00aa2b0aadf3?s=96&d=mm&r=g","contentUrl":"https:\/\/secure.gravatar.com\/avatar\/03179346ecce6cdfc13361603e8f54242a90e5cde8618fa23c5c00aa2b0aadf3?s=96&d=mm&r=g","caption":"Reda\u00e7\u00e3o"},"sameAs":["https:\/\/noticiaempauta.com\/portal\/"],"url":"https:\/\/noticiaempauta.com\/portal\/author\/fernando\/"}]}},"_links":{"self":[{"href":"https:\/\/noticiaempauta.com\/portal\/wp-json\/wp\/v2\/posts\/257291","targetHints":{"allow":["GET"]}}],"collection":[{"href":"https:\/\/noticiaempauta.com\/portal\/wp-json\/wp\/v2\/posts"}],"about":[{"href":"https:\/\/noticiaempauta.com\/portal\/wp-json\/wp\/v2\/types\/post"}],"author":[{"embeddable":true,"href":"https:\/\/noticiaempauta.com\/portal\/wp-json\/wp\/v2\/users\/2"}],"replies":[{"embeddable":true,"href":"https:\/\/noticiaempauta.com\/portal\/wp-json\/wp\/v2\/comments?post=257291"}],"version-history":[{"count":2,"href":"https:\/\/noticiaempauta.com\/portal\/wp-json\/wp\/v2\/posts\/257291\/revisions"}],"predecessor-version":[{"id":257301,"href":"https:\/\/noticiaempauta.com\/portal\/wp-json\/wp\/v2\/posts\/257291\/revisions\/257301"}],"wp:featuredmedia":[{"embeddable":true,"href":"https:\/\/noticiaempauta.com\/portal\/wp-json\/wp\/v2\/media\/257293"}],"wp:attachment":[{"href":"https:\/\/noticiaempauta.com\/portal\/wp-json\/wp\/v2\/media?parent=257291"}],"wp:term":[{"taxonomy":"category","embeddable":true,"href":"https:\/\/noticiaempauta.com\/portal\/wp-json\/wp\/v2\/categories?post=257291"},{"taxonomy":"post_tag","embeddable":true,"href":"https:\/\/noticiaempauta.com\/portal\/wp-json\/wp\/v2\/tags?post=257291"}],"curies":[{"name":"wp","href":"https:\/\/api.w.org\/{rel}","templated":true}]}}