{"id":257308,"date":"2024-04-27T17:49:35","date_gmt":"2024-04-27T20:49:35","guid":{"rendered":"https:\/\/noticiaempauta.com\/portal\/?p=257308"},"modified":"2024-04-27T17:49:36","modified_gmt":"2024-04-27T20:49:36","slug":"santana-do-piaui-ex-prefeito-valdenilson-dias-adere-a-pre-candidatura-a-prefeito-de-joao-guilherme","status":"publish","type":"post","link":"https:\/\/noticiaempauta.com\/portal\/santana-do-piaui-ex-prefeito-valdenilson-dias-adere-a-pre-candidatura-a-prefeito-de-joao-guilherme\/","title":{"rendered":"Santana do Piau\u00ed: Ex-prefeito Valdenilson Dias adere \u00e0 pr\u00e9-candidatura a prefeito de Jo\u00e3o Guilherme"},"content":{"rendered":"\n<p>O ex-prefeito de Santana do Piau\u00ed, Valdenilson Dias Borges, aderiu \u00e0 pr\u00e9-candidatura a prefeito do vereador Jo\u00e3o Guilherme (MDB). A ades\u00e3o oficial aconteceu na noite da sexta-feira (26) por ocasi\u00e3o da visita do deputado federal Marco Aur\u00e9lio (MDB). As conversas entre as duas lideran\u00e7as pol\u00edticas j\u00e1 vinham acontecendo h\u00e1 algumas semanas.<\/p>\n\n\n\n<figure class=\"wp-block-image size-large\"><img fetchpriority=\"high\" decoding=\"async\" width=\"1024\" height=\"768\" src=\"https:\/\/noticiaempauta.com\/portal\/wp-content\/uploads\/2024\/04\/IMG_1158-1024x768.jpeg\" alt=\"\" class=\"wp-image-257310\" srcset=\"https:\/\/noticiaempauta.com\/portal\/wp-content\/uploads\/2024\/04\/IMG_1158-1024x768.jpeg 1024w, https:\/\/noticiaempauta.com\/portal\/wp-content\/uploads\/2024\/04\/IMG_1158-300x225.jpeg 300w, https:\/\/noticiaempauta.com\/portal\/wp-content\/uploads\/2024\/04\/IMG_1158-768x576.jpeg 768w, https:\/\/noticiaempauta.com\/portal\/wp-content\/uploads\/2024\/04\/IMG_1158.jpeg 1536w\" sizes=\"(max-width: 1024px) 100vw, 1024px\" \/><\/figure>\n\n\n\n<p>Com a ades\u00e3o de Valdenilson, Jo\u00e3o Guilherme passa a contar com o apoio das principais lideran\u00e7as pol\u00edticas de Santana do Piau\u00ed.<\/p>\n\n\n\n<figure class=\"wp-block-image size-full\"><img decoding=\"async\" width=\"750\" height=\"460\" src=\"https:\/\/noticiaempauta.com\/portal\/wp-content\/uploads\/2024\/04\/IMG_1156.jpeg\" alt=\"\" class=\"wp-image-257311\" srcset=\"https:\/\/noticiaempauta.com\/portal\/wp-content\/uploads\/2024\/04\/IMG_1156.jpeg 750w, https:\/\/noticiaempauta.com\/portal\/wp-content\/uploads\/2024\/04\/IMG_1156-300x184.jpeg 300w\" sizes=\"(max-width: 750px) 100vw, 750px\" \/><\/figure>\n\n\n\n<p>Ele j\u00e1 era apoiado pelo ex-prefeito Ricardo Jos\u00e9 Gon\u00e7alves, pelo atual vice-prefeito Neli Borges e pelos vereadores Deuzim, Clarete Rabelo, Vin\u00edcius, Ismael Borges, Ant\u00f4nio de Herc\u00edlia, Francisquinho e Ricardo da Lagoa. Tamb\u00e9m o apoiam os pr\u00e9-candidatos a vereador Lucas Ramon e Ailson Leal.<\/p>\n\n\n\n<figure class=\"wp-block-image size-large\"><img decoding=\"async\" width=\"785\" height=\"1024\" src=\"https:\/\/noticiaempauta.com\/portal\/wp-content\/uploads\/2024\/04\/IMG_1157-785x1024.jpeg\" alt=\"\" class=\"wp-image-257312\" srcset=\"https:\/\/noticiaempauta.com\/portal\/wp-content\/uploads\/2024\/04\/IMG_1157-785x1024.jpeg 785w, https:\/\/noticiaempauta.com\/portal\/wp-content\/uploads\/2024\/04\/IMG_1157-230x300.jpeg 230w, https:\/\/noticiaempauta.com\/portal\/wp-content\/uploads\/2024\/04\/IMG_1157-768x1002.jpeg 768w, https:\/\/noticiaempauta.com\/portal\/wp-content\/uploads\/2024\/04\/IMG_1157.jpeg 1125w\" sizes=\"(max-width: 785px) 100vw, 785px\" \/><\/figure>\n\n\n\n<p>Em entrevistas anteriores Jo\u00e3o Guilherme destaca que estava sempre disposto a dialogar para formar uma frente ampla tendo em vista as elei\u00e7\u00f5es deste ano.<\/p>\n\n\n\n<figure class=\"wp-block-image size-large\"><img loading=\"lazy\" decoding=\"async\" width=\"1024\" height=\"768\" src=\"https:\/\/noticiaempauta.com\/portal\/wp-content\/uploads\/2024\/04\/IMG_1159-1024x768.jpeg\" alt=\"\" class=\"wp-image-257313\" srcset=\"https:\/\/noticiaempauta.com\/portal\/wp-content\/uploads\/2024\/04\/IMG_1159-1024x768.jpeg 1024w, https:\/\/noticiaempauta.com\/portal\/wp-content\/uploads\/2024\/04\/IMG_1159-300x225.jpeg 300w, https:\/\/noticiaempauta.com\/portal\/wp-content\/uploads\/2024\/04\/IMG_1159-768x576.jpeg 768w, https:\/\/noticiaempauta.com\/portal\/wp-content\/uploads\/2024\/04\/IMG_1159.jpeg 1536w\" sizes=\"(max-width: 1024px) 100vw, 1024px\" \/><\/figure>\n\n\n\n<p>Ele j\u00e1 era apoiado pelo ex-prefeito Ricardo Jos\u00e9 Gon\u00e7alves, pelo atual vice-prefeito Neli Borges e pelos vereadores Deuzim, Clarete Rabelo, Vin\u00edcius, Ismael Borges, Ant\u00f4nio de Herc\u00edlia, Francisquinho e Ricardo da Lagoa. Tamb\u00e9m o apoiam os pr\u00e9-candidatos a vereador Lucas Ramon e Ailson Leal.<\/p>\n\n\n\n<figure class=\"wp-block-image size-large\"><img loading=\"lazy\" decoding=\"async\" width=\"1024\" height=\"768\" src=\"https:\/\/noticiaempauta.com\/portal\/wp-content\/uploads\/2024\/04\/IMG_1161-1024x768.jpeg\" alt=\"\" class=\"wp-image-257314\" srcset=\"https:\/\/noticiaempauta.com\/portal\/wp-content\/uploads\/2024\/04\/IMG_1161-1024x768.jpeg 1024w, https:\/\/noticiaempauta.com\/portal\/wp-content\/uploads\/2024\/04\/IMG_1161-300x225.jpeg 300w, https:\/\/noticiaempauta.com\/portal\/wp-content\/uploads\/2024\/04\/IMG_1161-768x576.jpeg 768w, https:\/\/noticiaempauta.com\/portal\/wp-content\/uploads\/2024\/04\/IMG_1161.jpeg 1536w\" sizes=\"(max-width: 1024px) 100vw, 1024px\" \/><\/figure>\n\n\n\n<p>Em entrevistas anteriores Jo\u00e3o Guilherme destaca que estava sempre disposto a dialogar para formar uma frente ampla tendo em vista as elei\u00e7\u00f5es deste ano.<\/p>\n\n\n\n<p><strong>Visita<\/strong><\/p>\n\n\n\n<figure class=\"wp-block-image size-large\"><img loading=\"lazy\" decoding=\"async\" width=\"590\" height=\"1024\" src=\"https:\/\/noticiaempauta.com\/portal\/wp-content\/uploads\/2024\/04\/IMG_1142-590x1024.jpeg\" alt=\"\" class=\"wp-image-257315\" srcset=\"https:\/\/noticiaempauta.com\/portal\/wp-content\/uploads\/2024\/04\/IMG_1142-590x1024.jpeg 590w, https:\/\/noticiaempauta.com\/portal\/wp-content\/uploads\/2024\/04\/IMG_1142-173x300.jpeg 173w, https:\/\/noticiaempauta.com\/portal\/wp-content\/uploads\/2024\/04\/IMG_1142-768x1333.jpeg 768w, https:\/\/noticiaempauta.com\/portal\/wp-content\/uploads\/2024\/04\/IMG_1142-885x1536.jpeg 885w, https:\/\/noticiaempauta.com\/portal\/wp-content\/uploads\/2024\/04\/IMG_1142.jpeg 1170w\" sizes=\"(max-width: 590px) 100vw, 590px\" \/><figcaption class=\"wp-element-caption\">Screenshot<\/figcaption><\/figure>\n\n\n\n<p>Quanto \u00e0 visita do deputado Marco Aur\u00e9lio, foram discutidas obras em favor do munic\u00edpio, como o andamento do cal\u00e7amento da comunidade do Alegre.<\/p>\n\n\n\n<p>Al\u00e9m das lideran\u00e7as j\u00e1 citadas na mat\u00e9ria, participaram do encontro: Mikael, Mundinho, Ant\u00f4nio de Rosa, Raimundo Cassiano, Francisco Umbelino, Ant\u00f4nio Jos\u00e9, Z\u00e9 J\u00falio, Z\u00e9 Domingo, Manel\u00e3o da Goma, prof Diomar, Zezinho e Berto da Ema.<\/p>\n\n\n\n<p>Fonte: Boletim do Sert\u00e3o <\/p>\n","protected":false},"excerpt":{"rendered":"<p>O ex-prefeito de Santana do Piau\u00ed, Valdenilson Dias Borges, aderiu \u00e0 pr\u00e9-candidatura a prefeito do vereador Jo\u00e3o Guilherme (MDB). A ades\u00e3o oficial aconteceu na noite da sexta-feira (26) por ocasi\u00e3o da visita do deputado federal Marco Aur\u00e9lio (MDB). As conversas entre as duas lideran\u00e7as pol\u00edticas j\u00e1 vinham acontecendo h\u00e1 algumas semanas. Com a ades\u00e3o de [&hellip;]<\/p>\n","protected":false},"author":2,"featured_media":257311,"comment_status":"open","ping_status":"open","sticky":false,"template":"","format":"standard","meta":{"_mi_skip_tracking":false,"footnotes":""},"categories":[25,1,9,3,16],"tags":[192],"class_list":["post-257308","post","type-post","status-publish","format-standard","has-post-thumbnail","hentry","category-destaques-site","category-geral","category-municipios","category-politica","category-todas","tag-destaqueprincipal"],"acf":[],"yoast_head":"<!-- This site is optimized with the Yoast SEO Premium plugin v19.2 (Yoast SEO v26.9) - https:\/\/yoast.com\/product\/yoast-seo-premium-wordpress\/ -->\n<title>Santana do Piau\u00ed: Ex-prefeito Valdenilson Dias adere \u00e0 pr\u00e9-candidatura a prefeito de Jo\u00e3o Guilherme - Portal Not\u00edcia em Pauta<\/title>\n<meta name=\"robots\" content=\"index, follow, max-snippet:-1, max-image-preview:large, max-video-preview:-1\" \/>\n<link rel=\"canonical\" href=\"https:\/\/noticiaempauta.com\/portal\/santana-do-piaui-ex-prefeito-valdenilson-dias-adere-a-pre-candidatura-a-prefeito-de-joao-guilherme\/\" \/>\n<meta property=\"og:locale\" content=\"pt_BR\" \/>\n<meta property=\"og:type\" content=\"article\" \/>\n<meta property=\"og:title\" content=\"Santana do Piau\u00ed: Ex-prefeito Valdenilson Dias adere \u00e0 pr\u00e9-candidatura a prefeito de Jo\u00e3o Guilherme\" \/>\n<meta property=\"og:description\" content=\"O ex-prefeito de Santana do Piau\u00ed, Valdenilson Dias Borges, aderiu \u00e0 pr\u00e9-candidatura a prefeito do vereador Jo\u00e3o Guilherme (MDB). A ades\u00e3o oficial aconteceu na noite da sexta-feira (26) por ocasi\u00e3o da visita do deputado federal Marco Aur\u00e9lio (MDB). As conversas entre as duas lideran\u00e7as pol\u00edticas j\u00e1 vinham acontecendo h\u00e1 algumas semanas. Com a ades\u00e3o de [&hellip;]\" \/>\n<meta property=\"og:url\" content=\"https:\/\/noticiaempauta.com\/portal\/santana-do-piaui-ex-prefeito-valdenilson-dias-adere-a-pre-candidatura-a-prefeito-de-joao-guilherme\/\" \/>\n<meta property=\"og:site_name\" content=\"Portal Not\u00edcia em Pauta\" \/>\n<meta property=\"article:publisher\" content=\"https:\/\/www.facebook.com\/Portal-Notcia-Em-Pauta-102292869264820\/\" \/>\n<meta property=\"article:published_time\" content=\"2024-04-27T20:49:35+00:00\" \/>\n<meta property=\"article:modified_time\" content=\"2024-04-27T20:49:36+00:00\" \/>\n<meta property=\"og:image\" content=\"https:\/\/noticiaempauta.com\/portal\/wp-content\/uploads\/2024\/04\/IMG_1156.jpeg\" \/>\n\t<meta property=\"og:image:width\" content=\"750\" \/>\n\t<meta property=\"og:image:height\" content=\"460\" \/>\n\t<meta property=\"og:image:type\" content=\"image\/jpeg\" \/>\n<meta name=\"author\" content=\"Reda\u00e7\u00e3o\" \/>\n<meta name=\"twitter:card\" content=\"summary_large_image\" \/>\n<meta name=\"twitter:label1\" content=\"Escrito por\" \/>\n\t<meta name=\"twitter:data1\" content=\"Reda\u00e7\u00e3o\" \/>\n\t<meta name=\"twitter:label2\" content=\"Est. tempo de leitura\" \/>\n\t<meta name=\"twitter:data2\" content=\"3 minutos\" \/>\n<script type=\"application\/ld+json\" class=\"yoast-schema-graph\">{\"@context\":\"https:\/\/schema.org\",\"@graph\":[{\"@type\":\"Article\",\"@id\":\"https:\/\/noticiaempauta.com\/portal\/santana-do-piaui-ex-prefeito-valdenilson-dias-adere-a-pre-candidatura-a-prefeito-de-joao-guilherme\/#article\",\"isPartOf\":{\"@id\":\"https:\/\/noticiaempauta.com\/portal\/santana-do-piaui-ex-prefeito-valdenilson-dias-adere-a-pre-candidatura-a-prefeito-de-joao-guilherme\/\"},\"author\":{\"name\":\"Reda\u00e7\u00e3o\",\"@id\":\"https:\/\/noticiaempauta.com\/portal\/#\/schema\/person\/a74af43dd1ab3deca45f988c717d57ac\"},\"headline\":\"Santana do Piau\u00ed: Ex-prefeito Valdenilson Dias adere \u00e0 pr\u00e9-candidatura a prefeito de Jo\u00e3o Guilherme\",\"datePublished\":\"2024-04-27T20:49:35+00:00\",\"dateModified\":\"2024-04-27T20:49:36+00:00\",\"mainEntityOfPage\":{\"@id\":\"https:\/\/noticiaempauta.com\/portal\/santana-do-piaui-ex-prefeito-valdenilson-dias-adere-a-pre-candidatura-a-prefeito-de-joao-guilherme\/\"},\"wordCount\":320,\"commentCount\":0,\"publisher\":{\"@id\":\"https:\/\/noticiaempauta.com\/portal\/#organization\"},\"image\":{\"@id\":\"https:\/\/noticiaempauta.com\/portal\/santana-do-piaui-ex-prefeito-valdenilson-dias-adere-a-pre-candidatura-a-prefeito-de-joao-guilherme\/#primaryimage\"},\"thumbnailUrl\":\"https:\/\/noticiaempauta.com\/portal\/wp-content\/uploads\/2024\/04\/IMG_1156.jpeg\",\"keywords\":[\"destaqueprincipal\"],\"articleSection\":[\"Destaques\",\"Geral\",\"Munic\u00edpios\",\"Pol\u00edtica\",\"Todas as Not\u00edcias\"],\"inLanguage\":\"pt-BR\",\"potentialAction\":[{\"@type\":\"CommentAction\",\"name\":\"Comment\",\"target\":[\"https:\/\/noticiaempauta.com\/portal\/santana-do-piaui-ex-prefeito-valdenilson-dias-adere-a-pre-candidatura-a-prefeito-de-joao-guilherme\/#respond\"]}]},{\"@type\":\"WebPage\",\"@id\":\"https:\/\/noticiaempauta.com\/portal\/santana-do-piaui-ex-prefeito-valdenilson-dias-adere-a-pre-candidatura-a-prefeito-de-joao-guilherme\/\",\"url\":\"https:\/\/noticiaempauta.com\/portal\/santana-do-piaui-ex-prefeito-valdenilson-dias-adere-a-pre-candidatura-a-prefeito-de-joao-guilherme\/\",\"name\":\"Santana do Piau\u00ed: Ex-prefeito Valdenilson Dias adere \u00e0 pr\u00e9-candidatura a prefeito de Jo\u00e3o Guilherme - Portal Not\u00edcia em Pauta\",\"isPartOf\":{\"@id\":\"https:\/\/noticiaempauta.com\/portal\/#website\"},\"primaryImageOfPage\":{\"@id\":\"https:\/\/noticiaempauta.com\/portal\/santana-do-piaui-ex-prefeito-valdenilson-dias-adere-a-pre-candidatura-a-prefeito-de-joao-guilherme\/#primaryimage\"},\"image\":{\"@id\":\"https:\/\/noticiaempauta.com\/portal\/santana-do-piaui-ex-prefeito-valdenilson-dias-adere-a-pre-candidatura-a-prefeito-de-joao-guilherme\/#primaryimage\"},\"thumbnailUrl\":\"https:\/\/noticiaempauta.com\/portal\/wp-content\/uploads\/2024\/04\/IMG_1156.jpeg\",\"datePublished\":\"2024-04-27T20:49:35+00:00\",\"dateModified\":\"2024-04-27T20:49:36+00:00\",\"breadcrumb\":{\"@id\":\"https:\/\/noticiaempauta.com\/portal\/santana-do-piaui-ex-prefeito-valdenilson-dias-adere-a-pre-candidatura-a-prefeito-de-joao-guilherme\/#breadcrumb\"},\"inLanguage\":\"pt-BR\",\"potentialAction\":[{\"@type\":\"ReadAction\",\"target\":[\"https:\/\/noticiaempauta.com\/portal\/santana-do-piaui-ex-prefeito-valdenilson-dias-adere-a-pre-candidatura-a-prefeito-de-joao-guilherme\/\"]}]},{\"@type\":\"ImageObject\",\"inLanguage\":\"pt-BR\",\"@id\":\"https:\/\/noticiaempauta.com\/portal\/santana-do-piaui-ex-prefeito-valdenilson-dias-adere-a-pre-candidatura-a-prefeito-de-joao-guilherme\/#primaryimage\",\"url\":\"https:\/\/noticiaempauta.com\/portal\/wp-content\/uploads\/2024\/04\/IMG_1156.jpeg\",\"contentUrl\":\"https:\/\/noticiaempauta.com\/portal\/wp-content\/uploads\/2024\/04\/IMG_1156.jpeg\",\"width\":750,\"height\":460},{\"@type\":\"BreadcrumbList\",\"@id\":\"https:\/\/noticiaempauta.com\/portal\/santana-do-piaui-ex-prefeito-valdenilson-dias-adere-a-pre-candidatura-a-prefeito-de-joao-guilherme\/#breadcrumb\",\"itemListElement\":[{\"@type\":\"ListItem\",\"position\":1,\"name\":\"P\u00e1gina Inicial\",\"item\":\"https:\/\/noticiaempauta.com\/portal\/\"},{\"@type\":\"ListItem\",\"position\":2,\"name\":\"Destaques\",\"item\":\"https:\/\/noticiaempauta.com\/portal\/destaques-site\/\"},{\"@type\":\"ListItem\",\"position\":3,\"name\":\"Santana do Piau\u00ed: Ex-prefeito Valdenilson Dias adere \u00e0 pr\u00e9-candidatura a prefeito de Jo\u00e3o Guilherme\"}]},{\"@type\":\"WebSite\",\"@id\":\"https:\/\/noticiaempauta.com\/portal\/#website\",\"url\":\"https:\/\/noticiaempauta.com\/portal\/\",\"name\":\"Portal Not\u00edcia em Pauta\",\"description\":\"Voc\u00ea bem informado\",\"publisher\":{\"@id\":\"https:\/\/noticiaempauta.com\/portal\/#organization\"},\"potentialAction\":[{\"@type\":\"SearchAction\",\"target\":{\"@type\":\"EntryPoint\",\"urlTemplate\":\"https:\/\/noticiaempauta.com\/portal\/?s={search_term_string}\"},\"query-input\":{\"@type\":\"PropertyValueSpecification\",\"valueRequired\":true,\"valueName\":\"search_term_string\"}}],\"inLanguage\":\"pt-BR\"},{\"@type\":\"Organization\",\"@id\":\"https:\/\/noticiaempauta.com\/portal\/#organization\",\"name\":\"Portal Not\u00edcia em Pauta\",\"url\":\"https:\/\/noticiaempauta.com\/portal\/\",\"logo\":{\"@type\":\"ImageObject\",\"inLanguage\":\"pt-BR\",\"@id\":\"https:\/\/noticiaempauta.com\/portal\/#\/schema\/logo\/image\/\",\"url\":\"https:\/\/noticiaempauta.com\/portal\/wp-content\/uploads\/2022\/08\/logomarca_tema.fw_.png\",\"contentUrl\":\"https:\/\/noticiaempauta.com\/portal\/wp-content\/uploads\/2022\/08\/logomarca_tema.fw_.png\",\"width\":400,\"height\":232,\"caption\":\"Portal Not\u00edcia em Pauta\"},\"image\":{\"@id\":\"https:\/\/noticiaempauta.com\/portal\/#\/schema\/logo\/image\/\"},\"sameAs\":[\"https:\/\/www.facebook.com\/Portal-Notcia-Em-Pauta-102292869264820\/\",\"https:\/\/www.instagram.com\/portalnoticiaempauta\/\"]},{\"@type\":\"Person\",\"@id\":\"https:\/\/noticiaempauta.com\/portal\/#\/schema\/person\/a74af43dd1ab3deca45f988c717d57ac\",\"name\":\"Reda\u00e7\u00e3o\",\"image\":{\"@type\":\"ImageObject\",\"inLanguage\":\"pt-BR\",\"@id\":\"https:\/\/noticiaempauta.com\/portal\/#\/schema\/person\/image\/\",\"url\":\"https:\/\/secure.gravatar.com\/avatar\/03179346ecce6cdfc13361603e8f54242a90e5cde8618fa23c5c00aa2b0aadf3?s=96&d=mm&r=g\",\"contentUrl\":\"https:\/\/secure.gravatar.com\/avatar\/03179346ecce6cdfc13361603e8f54242a90e5cde8618fa23c5c00aa2b0aadf3?s=96&d=mm&r=g\",\"caption\":\"Reda\u00e7\u00e3o\"},\"sameAs\":[\"https:\/\/noticiaempauta.com\/portal\/\"],\"url\":\"https:\/\/noticiaempauta.com\/portal\/author\/fernando\/\"}]}<\/script>\n<!-- \/ Yoast SEO Premium plugin. -->","yoast_head_json":{"title":"Santana do Piau\u00ed: Ex-prefeito Valdenilson Dias adere \u00e0 pr\u00e9-candidatura a prefeito de Jo\u00e3o Guilherme - Portal Not\u00edcia em Pauta","robots":{"index":"index","follow":"follow","max-snippet":"max-snippet:-1","max-image-preview":"max-image-preview:large","max-video-preview":"max-video-preview:-1"},"canonical":"https:\/\/noticiaempauta.com\/portal\/santana-do-piaui-ex-prefeito-valdenilson-dias-adere-a-pre-candidatura-a-prefeito-de-joao-guilherme\/","og_locale":"pt_BR","og_type":"article","og_title":"Santana do Piau\u00ed: Ex-prefeito Valdenilson Dias adere \u00e0 pr\u00e9-candidatura a prefeito de Jo\u00e3o Guilherme","og_description":"O ex-prefeito de Santana do Piau\u00ed, Valdenilson Dias Borges, aderiu \u00e0 pr\u00e9-candidatura a prefeito do vereador Jo\u00e3o Guilherme (MDB). A ades\u00e3o oficial aconteceu na noite da sexta-feira (26) por ocasi\u00e3o da visita do deputado federal Marco Aur\u00e9lio (MDB). As conversas entre as duas lideran\u00e7as pol\u00edticas j\u00e1 vinham acontecendo h\u00e1 algumas semanas. Com a ades\u00e3o de [&hellip;]","og_url":"https:\/\/noticiaempauta.com\/portal\/santana-do-piaui-ex-prefeito-valdenilson-dias-adere-a-pre-candidatura-a-prefeito-de-joao-guilherme\/","og_site_name":"Portal Not\u00edcia em Pauta","article_publisher":"https:\/\/www.facebook.com\/Portal-Notcia-Em-Pauta-102292869264820\/","article_published_time":"2024-04-27T20:49:35+00:00","article_modified_time":"2024-04-27T20:49:36+00:00","og_image":[{"width":750,"height":460,"url":"https:\/\/noticiaempauta.com\/portal\/wp-content\/uploads\/2024\/04\/IMG_1156.jpeg","type":"image\/jpeg"}],"author":"Reda\u00e7\u00e3o","twitter_card":"summary_large_image","twitter_misc":{"Escrito por":"Reda\u00e7\u00e3o","Est. tempo de leitura":"3 minutos"},"schema":{"@context":"https:\/\/schema.org","@graph":[{"@type":"Article","@id":"https:\/\/noticiaempauta.com\/portal\/santana-do-piaui-ex-prefeito-valdenilson-dias-adere-a-pre-candidatura-a-prefeito-de-joao-guilherme\/#article","isPartOf":{"@id":"https:\/\/noticiaempauta.com\/portal\/santana-do-piaui-ex-prefeito-valdenilson-dias-adere-a-pre-candidatura-a-prefeito-de-joao-guilherme\/"},"author":{"name":"Reda\u00e7\u00e3o","@id":"https:\/\/noticiaempauta.com\/portal\/#\/schema\/person\/a74af43dd1ab3deca45f988c717d57ac"},"headline":"Santana do Piau\u00ed: Ex-prefeito Valdenilson Dias adere \u00e0 pr\u00e9-candidatura a prefeito de Jo\u00e3o Guilherme","datePublished":"2024-04-27T20:49:35+00:00","dateModified":"2024-04-27T20:49:36+00:00","mainEntityOfPage":{"@id":"https:\/\/noticiaempauta.com\/portal\/santana-do-piaui-ex-prefeito-valdenilson-dias-adere-a-pre-candidatura-a-prefeito-de-joao-guilherme\/"},"wordCount":320,"commentCount":0,"publisher":{"@id":"https:\/\/noticiaempauta.com\/portal\/#organization"},"image":{"@id":"https:\/\/noticiaempauta.com\/portal\/santana-do-piaui-ex-prefeito-valdenilson-dias-adere-a-pre-candidatura-a-prefeito-de-joao-guilherme\/#primaryimage"},"thumbnailUrl":"https:\/\/noticiaempauta.com\/portal\/wp-content\/uploads\/2024\/04\/IMG_1156.jpeg","keywords":["destaqueprincipal"],"articleSection":["Destaques","Geral","Munic\u00edpios","Pol\u00edtica","Todas as Not\u00edcias"],"inLanguage":"pt-BR","potentialAction":[{"@type":"CommentAction","name":"Comment","target":["https:\/\/noticiaempauta.com\/portal\/santana-do-piaui-ex-prefeito-valdenilson-dias-adere-a-pre-candidatura-a-prefeito-de-joao-guilherme\/#respond"]}]},{"@type":"WebPage","@id":"https:\/\/noticiaempauta.com\/portal\/santana-do-piaui-ex-prefeito-valdenilson-dias-adere-a-pre-candidatura-a-prefeito-de-joao-guilherme\/","url":"https:\/\/noticiaempauta.com\/portal\/santana-do-piaui-ex-prefeito-valdenilson-dias-adere-a-pre-candidatura-a-prefeito-de-joao-guilherme\/","name":"Santana do Piau\u00ed: Ex-prefeito Valdenilson Dias adere \u00e0 pr\u00e9-candidatura a prefeito de Jo\u00e3o Guilherme - Portal Not\u00edcia em Pauta","isPartOf":{"@id":"https:\/\/noticiaempauta.com\/portal\/#website"},"primaryImageOfPage":{"@id":"https:\/\/noticiaempauta.com\/portal\/santana-do-piaui-ex-prefeito-valdenilson-dias-adere-a-pre-candidatura-a-prefeito-de-joao-guilherme\/#primaryimage"},"image":{"@id":"https:\/\/noticiaempauta.com\/portal\/santana-do-piaui-ex-prefeito-valdenilson-dias-adere-a-pre-candidatura-a-prefeito-de-joao-guilherme\/#primaryimage"},"thumbnailUrl":"https:\/\/noticiaempauta.com\/portal\/wp-content\/uploads\/2024\/04\/IMG_1156.jpeg","datePublished":"2024-04-27T20:49:35+00:00","dateModified":"2024-04-27T20:49:36+00:00","breadcrumb":{"@id":"https:\/\/noticiaempauta.com\/portal\/santana-do-piaui-ex-prefeito-valdenilson-dias-adere-a-pre-candidatura-a-prefeito-de-joao-guilherme\/#breadcrumb"},"inLanguage":"pt-BR","potentialAction":[{"@type":"ReadAction","target":["https:\/\/noticiaempauta.com\/portal\/santana-do-piaui-ex-prefeito-valdenilson-dias-adere-a-pre-candidatura-a-prefeito-de-joao-guilherme\/"]}]},{"@type":"ImageObject","inLanguage":"pt-BR","@id":"https:\/\/noticiaempauta.com\/portal\/santana-do-piaui-ex-prefeito-valdenilson-dias-adere-a-pre-candidatura-a-prefeito-de-joao-guilherme\/#primaryimage","url":"https:\/\/noticiaempauta.com\/portal\/wp-content\/uploads\/2024\/04\/IMG_1156.jpeg","contentUrl":"https:\/\/noticiaempauta.com\/portal\/wp-content\/uploads\/2024\/04\/IMG_1156.jpeg","width":750,"height":460},{"@type":"BreadcrumbList","@id":"https:\/\/noticiaempauta.com\/portal\/santana-do-piaui-ex-prefeito-valdenilson-dias-adere-a-pre-candidatura-a-prefeito-de-joao-guilherme\/#breadcrumb","itemListElement":[{"@type":"ListItem","position":1,"name":"P\u00e1gina Inicial","item":"https:\/\/noticiaempauta.com\/portal\/"},{"@type":"ListItem","position":2,"name":"Destaques","item":"https:\/\/noticiaempauta.com\/portal\/destaques-site\/"},{"@type":"ListItem","position":3,"name":"Santana do Piau\u00ed: Ex-prefeito Valdenilson Dias adere \u00e0 pr\u00e9-candidatura a prefeito de Jo\u00e3o Guilherme"}]},{"@type":"WebSite","@id":"https:\/\/noticiaempauta.com\/portal\/#website","url":"https:\/\/noticiaempauta.com\/portal\/","name":"Portal Not\u00edcia em Pauta","description":"Voc\u00ea bem informado","publisher":{"@id":"https:\/\/noticiaempauta.com\/portal\/#organization"},"potentialAction":[{"@type":"SearchAction","target":{"@type":"EntryPoint","urlTemplate":"https:\/\/noticiaempauta.com\/portal\/?s={search_term_string}"},"query-input":{"@type":"PropertyValueSpecification","valueRequired":true,"valueName":"search_term_string"}}],"inLanguage":"pt-BR"},{"@type":"Organization","@id":"https:\/\/noticiaempauta.com\/portal\/#organization","name":"Portal Not\u00edcia em Pauta","url":"https:\/\/noticiaempauta.com\/portal\/","logo":{"@type":"ImageObject","inLanguage":"pt-BR","@id":"https:\/\/noticiaempauta.com\/portal\/#\/schema\/logo\/image\/","url":"https:\/\/noticiaempauta.com\/portal\/wp-content\/uploads\/2022\/08\/logomarca_tema.fw_.png","contentUrl":"https:\/\/noticiaempauta.com\/portal\/wp-content\/uploads\/2022\/08\/logomarca_tema.fw_.png","width":400,"height":232,"caption":"Portal Not\u00edcia em Pauta"},"image":{"@id":"https:\/\/noticiaempauta.com\/portal\/#\/schema\/logo\/image\/"},"sameAs":["https:\/\/www.facebook.com\/Portal-Notcia-Em-Pauta-102292869264820\/","https:\/\/www.instagram.com\/portalnoticiaempauta\/"]},{"@type":"Person","@id":"https:\/\/noticiaempauta.com\/portal\/#\/schema\/person\/a74af43dd1ab3deca45f988c717d57ac","name":"Reda\u00e7\u00e3o","image":{"@type":"ImageObject","inLanguage":"pt-BR","@id":"https:\/\/noticiaempauta.com\/portal\/#\/schema\/person\/image\/","url":"https:\/\/secure.gravatar.com\/avatar\/03179346ecce6cdfc13361603e8f54242a90e5cde8618fa23c5c00aa2b0aadf3?s=96&d=mm&r=g","contentUrl":"https:\/\/secure.gravatar.com\/avatar\/03179346ecce6cdfc13361603e8f54242a90e5cde8618fa23c5c00aa2b0aadf3?s=96&d=mm&r=g","caption":"Reda\u00e7\u00e3o"},"sameAs":["https:\/\/noticiaempauta.com\/portal\/"],"url":"https:\/\/noticiaempauta.com\/portal\/author\/fernando\/"}]}},"_links":{"self":[{"href":"https:\/\/noticiaempauta.com\/portal\/wp-json\/wp\/v2\/posts\/257308","targetHints":{"allow":["GET"]}}],"collection":[{"href":"https:\/\/noticiaempauta.com\/portal\/wp-json\/wp\/v2\/posts"}],"about":[{"href":"https:\/\/noticiaempauta.com\/portal\/wp-json\/wp\/v2\/types\/post"}],"author":[{"embeddable":true,"href":"https:\/\/noticiaempauta.com\/portal\/wp-json\/wp\/v2\/users\/2"}],"replies":[{"embeddable":true,"href":"https:\/\/noticiaempauta.com\/portal\/wp-json\/wp\/v2\/comments?post=257308"}],"version-history":[{"count":2,"href":"https:\/\/noticiaempauta.com\/portal\/wp-json\/wp\/v2\/posts\/257308\/revisions"}],"predecessor-version":[{"id":257317,"href":"https:\/\/noticiaempauta.com\/portal\/wp-json\/wp\/v2\/posts\/257308\/revisions\/257317"}],"wp:featuredmedia":[{"embeddable":true,"href":"https:\/\/noticiaempauta.com\/portal\/wp-json\/wp\/v2\/media\/257311"}],"wp:attachment":[{"href":"https:\/\/noticiaempauta.com\/portal\/wp-json\/wp\/v2\/media?parent=257308"}],"wp:term":[{"taxonomy":"category","embeddable":true,"href":"https:\/\/noticiaempauta.com\/portal\/wp-json\/wp\/v2\/categories?post=257308"},{"taxonomy":"post_tag","embeddable":true,"href":"https:\/\/noticiaempauta.com\/portal\/wp-json\/wp\/v2\/tags?post=257308"}],"curies":[{"name":"wp","href":"https:\/\/api.w.org\/{rel}","templated":true}]}}