{"id":257869,"date":"2024-05-13T16:06:09","date_gmt":"2024-05-13T19:06:09","guid":{"rendered":"https:\/\/noticiaempauta.com\/portal\/?p=257869"},"modified":"2024-05-13T16:55:15","modified_gmt":"2024-05-13T19:55:15","slug":"oposicao-reune-amigos-e-liderancas-durante-cafe-da-manha-e-confirma-pre-candidatura-de-maninho-de-henrique-a-prefeitura-de-itainopolis","status":"publish","type":"post","link":"https:\/\/noticiaempauta.com\/portal\/oposicao-reune-amigos-e-liderancas-durante-cafe-da-manha-e-confirma-pre-candidatura-de-maninho-de-henrique-a-prefeitura-de-itainopolis\/","title":{"rendered":"Oposi\u00e7\u00e3o re\u00fane amigos e lideran\u00e7as e confirma pr\u00e9-candidatura de Maninho de Henrique a prefeitura de Itain\u00f3polis"},"content":{"rendered":"\n<p>Na manh\u00e3 desta segunda-feira, 13 de maio, data festiva em Itain\u00f3polis em alus\u00e3o ao festejo da co-padroeira Nossa Senhora de F\u00e1tima, ap\u00f3s tradicional missa no alto do morro, amigos, simpatizantes e lideran\u00e7as pol\u00edticas se reuniram durante um caf\u00e9 da manh\u00e3 no centro da cidade, que serviu tamb\u00e9m para alinhamento pol\u00edtico e anuncio oficial da pr\u00e9-candidatura a prefeito do atual vereador Maninho de Henrique (MDB).<\/p>\n\n\n\n<figure class=\"wp-block-image size-large\"><img fetchpriority=\"high\" decoding=\"async\" width=\"1024\" height=\"768\" src=\"https:\/\/noticiaempauta.com\/portal\/wp-content\/uploads\/2024\/05\/WhatsApp-Image-2024-05-13-at-15.22.30-1024x768.jpeg\" alt=\"\" class=\"wp-image-257871\" srcset=\"https:\/\/noticiaempauta.com\/portal\/wp-content\/uploads\/2024\/05\/WhatsApp-Image-2024-05-13-at-15.22.30-1024x768.jpeg 1024w, https:\/\/noticiaempauta.com\/portal\/wp-content\/uploads\/2024\/05\/WhatsApp-Image-2024-05-13-at-15.22.30-300x225.jpeg 300w, https:\/\/noticiaempauta.com\/portal\/wp-content\/uploads\/2024\/05\/WhatsApp-Image-2024-05-13-at-15.22.30-768x576.jpeg 768w, https:\/\/noticiaempauta.com\/portal\/wp-content\/uploads\/2024\/05\/WhatsApp-Image-2024-05-13-at-15.22.30.jpeg 1280w\" sizes=\"(max-width: 1024px) 100vw, 1024px\" \/><\/figure>\n\n\n\n<p>Na oportunidade estiveram presentes o ex-prefeito Z\u00e9 Maia, ex-deputado Tadeu Maia, os vereadores Maninho de Henrique e Nicael Lima, al\u00e9m de importantes lideran\u00e7as pol\u00edticas do munic\u00edpio dentre os quais; o presidente do MDB municipal, Valderson Dantas, os ex-vereadores Z\u00e9 Carlos, Ant\u00f4nio Rosendo e Joquinha, empres\u00e1rios locais e v\u00e1rios pr\u00e9-candidatos vereador pelo MDB no munic\u00edpio.<\/p>\n\n\n\n<figure class=\"wp-block-image size-large\"><img decoding=\"async\" width=\"1024\" height=\"768\" src=\"https:\/\/noticiaempauta.com\/portal\/wp-content\/uploads\/2024\/05\/WhatsApp-Image-2024-05-13-at-15.38.43-1024x768.jpeg\" alt=\"\" class=\"wp-image-257873\" srcset=\"https:\/\/noticiaempauta.com\/portal\/wp-content\/uploads\/2024\/05\/WhatsApp-Image-2024-05-13-at-15.38.43-1024x768.jpeg 1024w, https:\/\/noticiaempauta.com\/portal\/wp-content\/uploads\/2024\/05\/WhatsApp-Image-2024-05-13-at-15.38.43-300x225.jpeg 300w, https:\/\/noticiaempauta.com\/portal\/wp-content\/uploads\/2024\/05\/WhatsApp-Image-2024-05-13-at-15.38.43-768x576.jpeg 768w, https:\/\/noticiaempauta.com\/portal\/wp-content\/uploads\/2024\/05\/WhatsApp-Image-2024-05-13-at-15.38.43.jpeg 1280w\" sizes=\"(max-width: 1024px) 100vw, 1024px\" \/><\/figure>\n\n\n\n<p>Durante o encontro o ex-prefeito Z\u00e9 Maia, fez pronunciamento onde anunciou a retirada de seu nome da pr\u00e9-candidatura a prefeito do munic\u00edpio, onde justificou que segue orienta\u00e7\u00f5es m\u00e9dicas por quest\u00f5es de sa\u00fade, apesar disso assegurou sua participa\u00e7\u00e3o ativa durante o pleito eleitoral, na ocasi\u00e3o em que anunciou o nome do empres\u00e1rio e atual vereador Maninho de Henrique (MDB), como pr\u00e9-candidato do grupo de oposi\u00e7\u00e3o a prefeitura do munic\u00edpio.<\/p>\n\n\n\n<figure class=\"wp-block-image size-large\"><img decoding=\"async\" width=\"978\" height=\"1024\" src=\"https:\/\/noticiaempauta.com\/portal\/wp-content\/uploads\/2024\/05\/WhatsApp-Image-2024-05-13-at-15.38.20-978x1024.jpeg\" alt=\"\" class=\"wp-image-257875\" srcset=\"https:\/\/noticiaempauta.com\/portal\/wp-content\/uploads\/2024\/05\/WhatsApp-Image-2024-05-13-at-15.38.20-978x1024.jpeg 978w, https:\/\/noticiaempauta.com\/portal\/wp-content\/uploads\/2024\/05\/WhatsApp-Image-2024-05-13-at-15.38.20-287x300.jpeg 287w, https:\/\/noticiaempauta.com\/portal\/wp-content\/uploads\/2024\/05\/WhatsApp-Image-2024-05-13-at-15.38.20-768x804.jpeg 768w, https:\/\/noticiaempauta.com\/portal\/wp-content\/uploads\/2024\/05\/WhatsApp-Image-2024-05-13-at-15.38.20.jpeg 1223w\" sizes=\"(max-width: 978px) 100vw, 978px\" \/><\/figure>\n\n\n\n<p>Ap\u00f3s o an\u00fancio, o pr\u00e9-candidato a prefeito pela oposi\u00e7\u00e3o, Maninho de Henrique (MDB), agradeceu pelo apoio e a confian\u00e7a depositada para o pleito eleitoral de 2024, e se colocou a disposi\u00e7\u00e3o de todos os l\u00edderes e amigos do munic\u00edpio para construir um projeto de desenvolvimento e gest\u00e3o democr\u00e1tica para todos os itainopolenses.<\/p>\n\n\n\n<figure class=\"wp-block-image size-large\"><img loading=\"lazy\" decoding=\"async\" width=\"1024\" height=\"768\" src=\"https:\/\/noticiaempauta.com\/portal\/wp-content\/uploads\/2024\/05\/WhatsApp-Image-2024-05-13-at-15.44.15-1024x768.jpeg\" alt=\"\" class=\"wp-image-257876\" srcset=\"https:\/\/noticiaempauta.com\/portal\/wp-content\/uploads\/2024\/05\/WhatsApp-Image-2024-05-13-at-15.44.15-1024x768.jpeg 1024w, https:\/\/noticiaempauta.com\/portal\/wp-content\/uploads\/2024\/05\/WhatsApp-Image-2024-05-13-at-15.44.15-300x225.jpeg 300w, https:\/\/noticiaempauta.com\/portal\/wp-content\/uploads\/2024\/05\/WhatsApp-Image-2024-05-13-at-15.44.15-768x576.jpeg 768w, https:\/\/noticiaempauta.com\/portal\/wp-content\/uploads\/2024\/05\/WhatsApp-Image-2024-05-13-at-15.44.15.jpeg 1280w\" sizes=\"(max-width: 1024px) 100vw, 1024px\" \/><\/figure>\n\n\n\n<p>O presidente do MDB em Itain\u00f3polis, o ex-vereador e ex-vice-prefeito, Valderson Dantas, ressaltou a import\u00e2ncia do momento pol\u00edtico que passa o munic\u00edpio, e somou for\u00e7a e apoio a pr\u00e9-candidatura de Maninho de Henrique a prefeitura do munic\u00edpio.<\/p>\n\n\n\n<figure class=\"wp-block-image size-large\"><img loading=\"lazy\" decoding=\"async\" width=\"1024\" height=\"768\" src=\"https:\/\/noticiaempauta.com\/portal\/wp-content\/uploads\/2024\/05\/WhatsApp-Image-2024-05-13-at-15.47.27-1024x768.jpeg\" alt=\"\" class=\"wp-image-257877\" srcset=\"https:\/\/noticiaempauta.com\/portal\/wp-content\/uploads\/2024\/05\/WhatsApp-Image-2024-05-13-at-15.47.27-1024x768.jpeg 1024w, https:\/\/noticiaempauta.com\/portal\/wp-content\/uploads\/2024\/05\/WhatsApp-Image-2024-05-13-at-15.47.27-300x225.jpeg 300w, https:\/\/noticiaempauta.com\/portal\/wp-content\/uploads\/2024\/05\/WhatsApp-Image-2024-05-13-at-15.47.27-768x576.jpeg 768w, https:\/\/noticiaempauta.com\/portal\/wp-content\/uploads\/2024\/05\/WhatsApp-Image-2024-05-13-at-15.47.27.jpeg 1280w\" sizes=\"(max-width: 1024px) 100vw, 1024px\" \/><\/figure>\n\n\n\n<p>Na oportunidade destaca-se tamb\u00e9m a ades\u00e3o dos ex-candidatos a prefeito na \u00faltima elei\u00e7\u00e3o, F\u00e1bio Dias, que agora \u00e9 pr\u00e9-candidato a vereador pelo MDB, e Dr. Thiago Carvalho, que formalizaram apoio ao projeto oposicionista no munic\u00edpio.<\/p>\n\n\n\n<figure class=\"wp-block-image size-large\"><img loading=\"lazy\" decoding=\"async\" width=\"1024\" height=\"900\" src=\"https:\/\/noticiaempauta.com\/portal\/wp-content\/uploads\/2024\/05\/WhatsApp-Image-2024-05-13-at-15.53.06-1024x900.jpeg\" alt=\"\" class=\"wp-image-257878\" srcset=\"https:\/\/noticiaempauta.com\/portal\/wp-content\/uploads\/2024\/05\/WhatsApp-Image-2024-05-13-at-15.53.06-1024x900.jpeg 1024w, https:\/\/noticiaempauta.com\/portal\/wp-content\/uploads\/2024\/05\/WhatsApp-Image-2024-05-13-at-15.53.06-300x264.jpeg 300w, https:\/\/noticiaempauta.com\/portal\/wp-content\/uploads\/2024\/05\/WhatsApp-Image-2024-05-13-at-15.53.06-768x675.jpeg 768w, https:\/\/noticiaempauta.com\/portal\/wp-content\/uploads\/2024\/05\/WhatsApp-Image-2024-05-13-at-15.53.06-1536x1350.jpeg 1536w, https:\/\/noticiaempauta.com\/portal\/wp-content\/uploads\/2024\/05\/WhatsApp-Image-2024-05-13-at-15.53.06.jpeg 1600w\" sizes=\"(max-width: 1024px) 100vw, 1024px\" \/><\/figure>\n\n\n\n<figure class=\"wp-block-image size-large\"><img loading=\"lazy\" decoding=\"async\" width=\"1024\" height=\"767\" src=\"https:\/\/noticiaempauta.com\/portal\/wp-content\/uploads\/2024\/05\/WhatsApp-Image-2024-05-13-at-15.53.34-1024x767.jpeg\" alt=\"\" class=\"wp-image-257879\" srcset=\"https:\/\/noticiaempauta.com\/portal\/wp-content\/uploads\/2024\/05\/WhatsApp-Image-2024-05-13-at-15.53.34-1024x767.jpeg 1024w, https:\/\/noticiaempauta.com\/portal\/wp-content\/uploads\/2024\/05\/WhatsApp-Image-2024-05-13-at-15.53.34-300x225.jpeg 300w, https:\/\/noticiaempauta.com\/portal\/wp-content\/uploads\/2024\/05\/WhatsApp-Image-2024-05-13-at-15.53.34-768x576.jpeg 768w, https:\/\/noticiaempauta.com\/portal\/wp-content\/uploads\/2024\/05\/WhatsApp-Image-2024-05-13-at-15.53.34-1536x1151.jpeg 1536w, https:\/\/noticiaempauta.com\/portal\/wp-content\/uploads\/2024\/05\/WhatsApp-Image-2024-05-13-at-15.53.34.jpeg 1600w\" sizes=\"(max-width: 1024px) 100vw, 1024px\" \/><\/figure>\n\n\n\n<p>Ainda durante o encontro estiveram presentes v\u00e1rios nomes que se apresentam como pr\u00e9-candidatos a vereador pelo MDB no munic\u00edpio.<\/p>\n\n\n\n<figure class=\"wp-block-image size-large\"><img loading=\"lazy\" decoding=\"async\" width=\"1024\" height=\"768\" src=\"https:\/\/noticiaempauta.com\/portal\/wp-content\/uploads\/2024\/05\/WhatsApp-Image-2024-05-13-at-15.58.23-1024x768.jpeg\" alt=\"\" class=\"wp-image-257880\" srcset=\"https:\/\/noticiaempauta.com\/portal\/wp-content\/uploads\/2024\/05\/WhatsApp-Image-2024-05-13-at-15.58.23-1024x768.jpeg 1024w, https:\/\/noticiaempauta.com\/portal\/wp-content\/uploads\/2024\/05\/WhatsApp-Image-2024-05-13-at-15.58.23-300x225.jpeg 300w, https:\/\/noticiaempauta.com\/portal\/wp-content\/uploads\/2024\/05\/WhatsApp-Image-2024-05-13-at-15.58.23-768x576.jpeg 768w, https:\/\/noticiaempauta.com\/portal\/wp-content\/uploads\/2024\/05\/WhatsApp-Image-2024-05-13-at-15.58.23-1536x1152.jpeg 1536w, https:\/\/noticiaempauta.com\/portal\/wp-content\/uploads\/2024\/05\/WhatsApp-Image-2024-05-13-at-15.58.23.jpeg 1600w\" sizes=\"(max-width: 1024px) 100vw, 1024px\" \/><\/figure>\n\n\n\n<figure class=\"wp-block-image size-large\"><img loading=\"lazy\" decoding=\"async\" width=\"1024\" height=\"768\" src=\"https:\/\/noticiaempauta.com\/portal\/wp-content\/uploads\/2024\/05\/WhatsApp-Image-2024-05-13-at-15.34.46-1-1024x768.jpeg\" alt=\"\" class=\"wp-image-257882\" srcset=\"https:\/\/noticiaempauta.com\/portal\/wp-content\/uploads\/2024\/05\/WhatsApp-Image-2024-05-13-at-15.34.46-1-1024x768.jpeg 1024w, https:\/\/noticiaempauta.com\/portal\/wp-content\/uploads\/2024\/05\/WhatsApp-Image-2024-05-13-at-15.34.46-1-300x225.jpeg 300w, https:\/\/noticiaempauta.com\/portal\/wp-content\/uploads\/2024\/05\/WhatsApp-Image-2024-05-13-at-15.34.46-1-768x576.jpeg 768w, https:\/\/noticiaempauta.com\/portal\/wp-content\/uploads\/2024\/05\/WhatsApp-Image-2024-05-13-at-15.34.46-1.jpeg 1280w\" sizes=\"(max-width: 1024px) 100vw, 1024px\" \/><\/figure>\n\n\n\n<figure class=\"wp-block-image size-large\"><img loading=\"lazy\" decoding=\"async\" width=\"1024\" height=\"768\" src=\"https:\/\/noticiaempauta.com\/portal\/wp-content\/uploads\/2024\/05\/WhatsApp-Image-2024-05-13-at-16.02.40-1024x768.jpeg\" alt=\"\" class=\"wp-image-257883\" srcset=\"https:\/\/noticiaempauta.com\/portal\/wp-content\/uploads\/2024\/05\/WhatsApp-Image-2024-05-13-at-16.02.40-1024x768.jpeg 1024w, https:\/\/noticiaempauta.com\/portal\/wp-content\/uploads\/2024\/05\/WhatsApp-Image-2024-05-13-at-16.02.40-300x225.jpeg 300w, https:\/\/noticiaempauta.com\/portal\/wp-content\/uploads\/2024\/05\/WhatsApp-Image-2024-05-13-at-16.02.40-768x576.jpeg 768w, https:\/\/noticiaempauta.com\/portal\/wp-content\/uploads\/2024\/05\/WhatsApp-Image-2024-05-13-at-16.02.40-1536x1152.jpeg 1536w, https:\/\/noticiaempauta.com\/portal\/wp-content\/uploads\/2024\/05\/WhatsApp-Image-2024-05-13-at-16.02.40.jpeg 1600w\" sizes=\"(max-width: 1024px) 100vw, 1024px\" \/><\/figure>\n\n\n\n<figure class=\"wp-block-image size-large\"><img loading=\"lazy\" decoding=\"async\" width=\"1024\" height=\"768\" src=\"https:\/\/noticiaempauta.com\/portal\/wp-content\/uploads\/2024\/05\/WhatsApp-Image-2024-05-13-at-16.04.08-1024x768.jpeg\" alt=\"\" class=\"wp-image-257884\" srcset=\"https:\/\/noticiaempauta.com\/portal\/wp-content\/uploads\/2024\/05\/WhatsApp-Image-2024-05-13-at-16.04.08-1024x768.jpeg 1024w, https:\/\/noticiaempauta.com\/portal\/wp-content\/uploads\/2024\/05\/WhatsApp-Image-2024-05-13-at-16.04.08-300x225.jpeg 300w, https:\/\/noticiaempauta.com\/portal\/wp-content\/uploads\/2024\/05\/WhatsApp-Image-2024-05-13-at-16.04.08-768x576.jpeg 768w, https:\/\/noticiaempauta.com\/portal\/wp-content\/uploads\/2024\/05\/WhatsApp-Image-2024-05-13-at-16.04.08-1536x1152.jpeg 1536w, https:\/\/noticiaempauta.com\/portal\/wp-content\/uploads\/2024\/05\/WhatsApp-Image-2024-05-13-at-16.04.08.jpeg 1600w\" sizes=\"(max-width: 1024px) 100vw, 1024px\" \/><\/figure>\n","protected":false},"excerpt":{"rendered":"<p>Na manh\u00e3 desta segunda-feira, 13 de maio, data festiva em Itain\u00f3polis em alus\u00e3o ao festejo da co-padroeira Nossa Senhora de F\u00e1tima, ap\u00f3s tradicional missa no alto do morro, amigos, simpatizantes e lideran\u00e7as pol\u00edticas se reuniram durante um caf\u00e9 da manh\u00e3 no centro da cidade, que serviu tamb\u00e9m para alinhamento pol\u00edtico e anuncio oficial da pr\u00e9-candidatura [&hellip;]<\/p>\n","protected":false},"author":2,"featured_media":257871,"comment_status":"open","ping_status":"open","sticky":false,"template":"","format":"standard","meta":{"_mi_skip_tracking":false,"footnotes":""},"categories":[25,1,9,3,16],"tags":[192],"class_list":["post-257869","post","type-post","status-publish","format-standard","has-post-thumbnail","hentry","category-destaques-site","category-geral","category-municipios","category-politica","category-todas","tag-destaqueprincipal"],"acf":[],"yoast_head":"<!-- This site is optimized with the Yoast SEO Premium plugin v19.2 (Yoast SEO v26.9) - https:\/\/yoast.com\/product\/yoast-seo-premium-wordpress\/ -->\n<title>Oposi\u00e7\u00e3o re\u00fane amigos e lideran\u00e7as e confirma pr\u00e9-candidatura de Maninho de Henrique a prefeitura de Itain\u00f3polis - Portal Not\u00edcia em Pauta<\/title>\n<meta name=\"robots\" content=\"index, follow, max-snippet:-1, max-image-preview:large, max-video-preview:-1\" \/>\n<link rel=\"canonical\" href=\"https:\/\/noticiaempauta.com\/portal\/oposicao-reune-amigos-e-liderancas-durante-cafe-da-manha-e-confirma-pre-candidatura-de-maninho-de-henrique-a-prefeitura-de-itainopolis\/\" \/>\n<meta property=\"og:locale\" content=\"pt_BR\" \/>\n<meta property=\"og:type\" content=\"article\" \/>\n<meta property=\"og:title\" content=\"Oposi\u00e7\u00e3o re\u00fane amigos e lideran\u00e7as e confirma pr\u00e9-candidatura de Maninho de Henrique a prefeitura de Itain\u00f3polis\" \/>\n<meta property=\"og:description\" content=\"Na manh\u00e3 desta segunda-feira, 13 de maio, data festiva em Itain\u00f3polis em alus\u00e3o ao festejo da co-padroeira Nossa Senhora de F\u00e1tima, ap\u00f3s tradicional missa no alto do morro, amigos, simpatizantes e lideran\u00e7as pol\u00edticas se reuniram durante um caf\u00e9 da manh\u00e3 no centro da cidade, que serviu tamb\u00e9m para alinhamento pol\u00edtico e anuncio oficial da pr\u00e9-candidatura [&hellip;]\" \/>\n<meta property=\"og:url\" content=\"https:\/\/noticiaempauta.com\/portal\/oposicao-reune-amigos-e-liderancas-durante-cafe-da-manha-e-confirma-pre-candidatura-de-maninho-de-henrique-a-prefeitura-de-itainopolis\/\" \/>\n<meta property=\"og:site_name\" content=\"Portal Not\u00edcia em Pauta\" \/>\n<meta property=\"article:publisher\" content=\"https:\/\/www.facebook.com\/Portal-Notcia-Em-Pauta-102292869264820\/\" \/>\n<meta property=\"article:published_time\" content=\"2024-05-13T19:06:09+00:00\" \/>\n<meta property=\"article:modified_time\" content=\"2024-05-13T19:55:15+00:00\" \/>\n<meta property=\"og:image\" content=\"https:\/\/noticiaempauta.com\/portal\/wp-content\/uploads\/2024\/05\/WhatsApp-Image-2024-05-13-at-15.22.30.jpeg\" \/>\n\t<meta property=\"og:image:width\" content=\"1280\" \/>\n\t<meta property=\"og:image:height\" content=\"960\" \/>\n\t<meta property=\"og:image:type\" content=\"image\/jpeg\" \/>\n<meta name=\"author\" content=\"Reda\u00e7\u00e3o\" \/>\n<meta name=\"twitter:card\" content=\"summary_large_image\" \/>\n<meta name=\"twitter:label1\" content=\"Escrito por\" \/>\n\t<meta name=\"twitter:data1\" content=\"Reda\u00e7\u00e3o\" \/>\n\t<meta name=\"twitter:label2\" content=\"Est. tempo de leitura\" \/>\n\t<meta name=\"twitter:data2\" content=\"5 minutos\" \/>\n<script type=\"application\/ld+json\" class=\"yoast-schema-graph\">{\"@context\":\"https:\/\/schema.org\",\"@graph\":[{\"@type\":\"Article\",\"@id\":\"https:\/\/noticiaempauta.com\/portal\/oposicao-reune-amigos-e-liderancas-durante-cafe-da-manha-e-confirma-pre-candidatura-de-maninho-de-henrique-a-prefeitura-de-itainopolis\/#article\",\"isPartOf\":{\"@id\":\"https:\/\/noticiaempauta.com\/portal\/oposicao-reune-amigos-e-liderancas-durante-cafe-da-manha-e-confirma-pre-candidatura-de-maninho-de-henrique-a-prefeitura-de-itainopolis\/\"},\"author\":{\"name\":\"Reda\u00e7\u00e3o\",\"@id\":\"https:\/\/noticiaempauta.com\/portal\/#\/schema\/person\/a74af43dd1ab3deca45f988c717d57ac\"},\"headline\":\"Oposi\u00e7\u00e3o re\u00fane amigos e lideran\u00e7as e confirma pr\u00e9-candidatura de Maninho de Henrique a prefeitura de Itain\u00f3polis\",\"datePublished\":\"2024-05-13T19:06:09+00:00\",\"dateModified\":\"2024-05-13T19:55:15+00:00\",\"mainEntityOfPage\":{\"@id\":\"https:\/\/noticiaempauta.com\/portal\/oposicao-reune-amigos-e-liderancas-durante-cafe-da-manha-e-confirma-pre-candidatura-de-maninho-de-henrique-a-prefeitura-de-itainopolis\/\"},\"wordCount\":403,\"commentCount\":0,\"publisher\":{\"@id\":\"https:\/\/noticiaempauta.com\/portal\/#organization\"},\"image\":{\"@id\":\"https:\/\/noticiaempauta.com\/portal\/oposicao-reune-amigos-e-liderancas-durante-cafe-da-manha-e-confirma-pre-candidatura-de-maninho-de-henrique-a-prefeitura-de-itainopolis\/#primaryimage\"},\"thumbnailUrl\":\"https:\/\/noticiaempauta.com\/portal\/wp-content\/uploads\/2024\/05\/WhatsApp-Image-2024-05-13-at-15.22.30.jpeg\",\"keywords\":[\"destaqueprincipal\"],\"articleSection\":[\"Destaques\",\"Geral\",\"Munic\u00edpios\",\"Pol\u00edtica\",\"Todas as Not\u00edcias\"],\"inLanguage\":\"pt-BR\",\"potentialAction\":[{\"@type\":\"CommentAction\",\"name\":\"Comment\",\"target\":[\"https:\/\/noticiaempauta.com\/portal\/oposicao-reune-amigos-e-liderancas-durante-cafe-da-manha-e-confirma-pre-candidatura-de-maninho-de-henrique-a-prefeitura-de-itainopolis\/#respond\"]}]},{\"@type\":\"WebPage\",\"@id\":\"https:\/\/noticiaempauta.com\/portal\/oposicao-reune-amigos-e-liderancas-durante-cafe-da-manha-e-confirma-pre-candidatura-de-maninho-de-henrique-a-prefeitura-de-itainopolis\/\",\"url\":\"https:\/\/noticiaempauta.com\/portal\/oposicao-reune-amigos-e-liderancas-durante-cafe-da-manha-e-confirma-pre-candidatura-de-maninho-de-henrique-a-prefeitura-de-itainopolis\/\",\"name\":\"Oposi\u00e7\u00e3o re\u00fane amigos e lideran\u00e7as e confirma pr\u00e9-candidatura de Maninho de Henrique a prefeitura de Itain\u00f3polis - Portal Not\u00edcia em Pauta\",\"isPartOf\":{\"@id\":\"https:\/\/noticiaempauta.com\/portal\/#website\"},\"primaryImageOfPage\":{\"@id\":\"https:\/\/noticiaempauta.com\/portal\/oposicao-reune-amigos-e-liderancas-durante-cafe-da-manha-e-confirma-pre-candidatura-de-maninho-de-henrique-a-prefeitura-de-itainopolis\/#primaryimage\"},\"image\":{\"@id\":\"https:\/\/noticiaempauta.com\/portal\/oposicao-reune-amigos-e-liderancas-durante-cafe-da-manha-e-confirma-pre-candidatura-de-maninho-de-henrique-a-prefeitura-de-itainopolis\/#primaryimage\"},\"thumbnailUrl\":\"https:\/\/noticiaempauta.com\/portal\/wp-content\/uploads\/2024\/05\/WhatsApp-Image-2024-05-13-at-15.22.30.jpeg\",\"datePublished\":\"2024-05-13T19:06:09+00:00\",\"dateModified\":\"2024-05-13T19:55:15+00:00\",\"breadcrumb\":{\"@id\":\"https:\/\/noticiaempauta.com\/portal\/oposicao-reune-amigos-e-liderancas-durante-cafe-da-manha-e-confirma-pre-candidatura-de-maninho-de-henrique-a-prefeitura-de-itainopolis\/#breadcrumb\"},\"inLanguage\":\"pt-BR\",\"potentialAction\":[{\"@type\":\"ReadAction\",\"target\":[\"https:\/\/noticiaempauta.com\/portal\/oposicao-reune-amigos-e-liderancas-durante-cafe-da-manha-e-confirma-pre-candidatura-de-maninho-de-henrique-a-prefeitura-de-itainopolis\/\"]}]},{\"@type\":\"ImageObject\",\"inLanguage\":\"pt-BR\",\"@id\":\"https:\/\/noticiaempauta.com\/portal\/oposicao-reune-amigos-e-liderancas-durante-cafe-da-manha-e-confirma-pre-candidatura-de-maninho-de-henrique-a-prefeitura-de-itainopolis\/#primaryimage\",\"url\":\"https:\/\/noticiaempauta.com\/portal\/wp-content\/uploads\/2024\/05\/WhatsApp-Image-2024-05-13-at-15.22.30.jpeg\",\"contentUrl\":\"https:\/\/noticiaempauta.com\/portal\/wp-content\/uploads\/2024\/05\/WhatsApp-Image-2024-05-13-at-15.22.30.jpeg\",\"width\":1280,\"height\":960},{\"@type\":\"BreadcrumbList\",\"@id\":\"https:\/\/noticiaempauta.com\/portal\/oposicao-reune-amigos-e-liderancas-durante-cafe-da-manha-e-confirma-pre-candidatura-de-maninho-de-henrique-a-prefeitura-de-itainopolis\/#breadcrumb\",\"itemListElement\":[{\"@type\":\"ListItem\",\"position\":1,\"name\":\"P\u00e1gina Inicial\",\"item\":\"https:\/\/noticiaempauta.com\/portal\/\"},{\"@type\":\"ListItem\",\"position\":2,\"name\":\"Destaques\",\"item\":\"https:\/\/noticiaempauta.com\/portal\/destaques-site\/\"},{\"@type\":\"ListItem\",\"position\":3,\"name\":\"Oposi\u00e7\u00e3o re\u00fane amigos e lideran\u00e7as e confirma pr\u00e9-candidatura de Maninho de Henrique a prefeitura de Itain\u00f3polis\"}]},{\"@type\":\"WebSite\",\"@id\":\"https:\/\/noticiaempauta.com\/portal\/#website\",\"url\":\"https:\/\/noticiaempauta.com\/portal\/\",\"name\":\"Portal Not\u00edcia em Pauta\",\"description\":\"Voc\u00ea bem informado\",\"publisher\":{\"@id\":\"https:\/\/noticiaempauta.com\/portal\/#organization\"},\"potentialAction\":[{\"@type\":\"SearchAction\",\"target\":{\"@type\":\"EntryPoint\",\"urlTemplate\":\"https:\/\/noticiaempauta.com\/portal\/?s={search_term_string}\"},\"query-input\":{\"@type\":\"PropertyValueSpecification\",\"valueRequired\":true,\"valueName\":\"search_term_string\"}}],\"inLanguage\":\"pt-BR\"},{\"@type\":\"Organization\",\"@id\":\"https:\/\/noticiaempauta.com\/portal\/#organization\",\"name\":\"Portal Not\u00edcia em Pauta\",\"url\":\"https:\/\/noticiaempauta.com\/portal\/\",\"logo\":{\"@type\":\"ImageObject\",\"inLanguage\":\"pt-BR\",\"@id\":\"https:\/\/noticiaempauta.com\/portal\/#\/schema\/logo\/image\/\",\"url\":\"https:\/\/noticiaempauta.com\/portal\/wp-content\/uploads\/2022\/08\/logomarca_tema.fw_.png\",\"contentUrl\":\"https:\/\/noticiaempauta.com\/portal\/wp-content\/uploads\/2022\/08\/logomarca_tema.fw_.png\",\"width\":400,\"height\":232,\"caption\":\"Portal Not\u00edcia em Pauta\"},\"image\":{\"@id\":\"https:\/\/noticiaempauta.com\/portal\/#\/schema\/logo\/image\/\"},\"sameAs\":[\"https:\/\/www.facebook.com\/Portal-Notcia-Em-Pauta-102292869264820\/\",\"https:\/\/www.instagram.com\/portalnoticiaempauta\/\"]},{\"@type\":\"Person\",\"@id\":\"https:\/\/noticiaempauta.com\/portal\/#\/schema\/person\/a74af43dd1ab3deca45f988c717d57ac\",\"name\":\"Reda\u00e7\u00e3o\",\"image\":{\"@type\":\"ImageObject\",\"inLanguage\":\"pt-BR\",\"@id\":\"https:\/\/noticiaempauta.com\/portal\/#\/schema\/person\/image\/\",\"url\":\"https:\/\/secure.gravatar.com\/avatar\/03179346ecce6cdfc13361603e8f54242a90e5cde8618fa23c5c00aa2b0aadf3?s=96&d=mm&r=g\",\"contentUrl\":\"https:\/\/secure.gravatar.com\/avatar\/03179346ecce6cdfc13361603e8f54242a90e5cde8618fa23c5c00aa2b0aadf3?s=96&d=mm&r=g\",\"caption\":\"Reda\u00e7\u00e3o\"},\"sameAs\":[\"https:\/\/noticiaempauta.com\/portal\/\"],\"url\":\"https:\/\/noticiaempauta.com\/portal\/author\/fernando\/\"}]}<\/script>\n<!-- \/ Yoast SEO Premium plugin. -->","yoast_head_json":{"title":"Oposi\u00e7\u00e3o re\u00fane amigos e lideran\u00e7as e confirma pr\u00e9-candidatura de Maninho de Henrique a prefeitura de Itain\u00f3polis - Portal Not\u00edcia em Pauta","robots":{"index":"index","follow":"follow","max-snippet":"max-snippet:-1","max-image-preview":"max-image-preview:large","max-video-preview":"max-video-preview:-1"},"canonical":"https:\/\/noticiaempauta.com\/portal\/oposicao-reune-amigos-e-liderancas-durante-cafe-da-manha-e-confirma-pre-candidatura-de-maninho-de-henrique-a-prefeitura-de-itainopolis\/","og_locale":"pt_BR","og_type":"article","og_title":"Oposi\u00e7\u00e3o re\u00fane amigos e lideran\u00e7as e confirma pr\u00e9-candidatura de Maninho de Henrique a prefeitura de Itain\u00f3polis","og_description":"Na manh\u00e3 desta segunda-feira, 13 de maio, data festiva em Itain\u00f3polis em alus\u00e3o ao festejo da co-padroeira Nossa Senhora de F\u00e1tima, ap\u00f3s tradicional missa no alto do morro, amigos, simpatizantes e lideran\u00e7as pol\u00edticas se reuniram durante um caf\u00e9 da manh\u00e3 no centro da cidade, que serviu tamb\u00e9m para alinhamento pol\u00edtico e anuncio oficial da pr\u00e9-candidatura [&hellip;]","og_url":"https:\/\/noticiaempauta.com\/portal\/oposicao-reune-amigos-e-liderancas-durante-cafe-da-manha-e-confirma-pre-candidatura-de-maninho-de-henrique-a-prefeitura-de-itainopolis\/","og_site_name":"Portal Not\u00edcia em Pauta","article_publisher":"https:\/\/www.facebook.com\/Portal-Notcia-Em-Pauta-102292869264820\/","article_published_time":"2024-05-13T19:06:09+00:00","article_modified_time":"2024-05-13T19:55:15+00:00","og_image":[{"width":1280,"height":960,"url":"https:\/\/noticiaempauta.com\/portal\/wp-content\/uploads\/2024\/05\/WhatsApp-Image-2024-05-13-at-15.22.30.jpeg","type":"image\/jpeg"}],"author":"Reda\u00e7\u00e3o","twitter_card":"summary_large_image","twitter_misc":{"Escrito por":"Reda\u00e7\u00e3o","Est. tempo de leitura":"5 minutos"},"schema":{"@context":"https:\/\/schema.org","@graph":[{"@type":"Article","@id":"https:\/\/noticiaempauta.com\/portal\/oposicao-reune-amigos-e-liderancas-durante-cafe-da-manha-e-confirma-pre-candidatura-de-maninho-de-henrique-a-prefeitura-de-itainopolis\/#article","isPartOf":{"@id":"https:\/\/noticiaempauta.com\/portal\/oposicao-reune-amigos-e-liderancas-durante-cafe-da-manha-e-confirma-pre-candidatura-de-maninho-de-henrique-a-prefeitura-de-itainopolis\/"},"author":{"name":"Reda\u00e7\u00e3o","@id":"https:\/\/noticiaempauta.com\/portal\/#\/schema\/person\/a74af43dd1ab3deca45f988c717d57ac"},"headline":"Oposi\u00e7\u00e3o re\u00fane amigos e lideran\u00e7as e confirma pr\u00e9-candidatura de Maninho de Henrique a prefeitura de Itain\u00f3polis","datePublished":"2024-05-13T19:06:09+00:00","dateModified":"2024-05-13T19:55:15+00:00","mainEntityOfPage":{"@id":"https:\/\/noticiaempauta.com\/portal\/oposicao-reune-amigos-e-liderancas-durante-cafe-da-manha-e-confirma-pre-candidatura-de-maninho-de-henrique-a-prefeitura-de-itainopolis\/"},"wordCount":403,"commentCount":0,"publisher":{"@id":"https:\/\/noticiaempauta.com\/portal\/#organization"},"image":{"@id":"https:\/\/noticiaempauta.com\/portal\/oposicao-reune-amigos-e-liderancas-durante-cafe-da-manha-e-confirma-pre-candidatura-de-maninho-de-henrique-a-prefeitura-de-itainopolis\/#primaryimage"},"thumbnailUrl":"https:\/\/noticiaempauta.com\/portal\/wp-content\/uploads\/2024\/05\/WhatsApp-Image-2024-05-13-at-15.22.30.jpeg","keywords":["destaqueprincipal"],"articleSection":["Destaques","Geral","Munic\u00edpios","Pol\u00edtica","Todas as Not\u00edcias"],"inLanguage":"pt-BR","potentialAction":[{"@type":"CommentAction","name":"Comment","target":["https:\/\/noticiaempauta.com\/portal\/oposicao-reune-amigos-e-liderancas-durante-cafe-da-manha-e-confirma-pre-candidatura-de-maninho-de-henrique-a-prefeitura-de-itainopolis\/#respond"]}]},{"@type":"WebPage","@id":"https:\/\/noticiaempauta.com\/portal\/oposicao-reune-amigos-e-liderancas-durante-cafe-da-manha-e-confirma-pre-candidatura-de-maninho-de-henrique-a-prefeitura-de-itainopolis\/","url":"https:\/\/noticiaempauta.com\/portal\/oposicao-reune-amigos-e-liderancas-durante-cafe-da-manha-e-confirma-pre-candidatura-de-maninho-de-henrique-a-prefeitura-de-itainopolis\/","name":"Oposi\u00e7\u00e3o re\u00fane amigos e lideran\u00e7as e confirma pr\u00e9-candidatura de Maninho de Henrique a prefeitura de Itain\u00f3polis - Portal Not\u00edcia em Pauta","isPartOf":{"@id":"https:\/\/noticiaempauta.com\/portal\/#website"},"primaryImageOfPage":{"@id":"https:\/\/noticiaempauta.com\/portal\/oposicao-reune-amigos-e-liderancas-durante-cafe-da-manha-e-confirma-pre-candidatura-de-maninho-de-henrique-a-prefeitura-de-itainopolis\/#primaryimage"},"image":{"@id":"https:\/\/noticiaempauta.com\/portal\/oposicao-reune-amigos-e-liderancas-durante-cafe-da-manha-e-confirma-pre-candidatura-de-maninho-de-henrique-a-prefeitura-de-itainopolis\/#primaryimage"},"thumbnailUrl":"https:\/\/noticiaempauta.com\/portal\/wp-content\/uploads\/2024\/05\/WhatsApp-Image-2024-05-13-at-15.22.30.jpeg","datePublished":"2024-05-13T19:06:09+00:00","dateModified":"2024-05-13T19:55:15+00:00","breadcrumb":{"@id":"https:\/\/noticiaempauta.com\/portal\/oposicao-reune-amigos-e-liderancas-durante-cafe-da-manha-e-confirma-pre-candidatura-de-maninho-de-henrique-a-prefeitura-de-itainopolis\/#breadcrumb"},"inLanguage":"pt-BR","potentialAction":[{"@type":"ReadAction","target":["https:\/\/noticiaempauta.com\/portal\/oposicao-reune-amigos-e-liderancas-durante-cafe-da-manha-e-confirma-pre-candidatura-de-maninho-de-henrique-a-prefeitura-de-itainopolis\/"]}]},{"@type":"ImageObject","inLanguage":"pt-BR","@id":"https:\/\/noticiaempauta.com\/portal\/oposicao-reune-amigos-e-liderancas-durante-cafe-da-manha-e-confirma-pre-candidatura-de-maninho-de-henrique-a-prefeitura-de-itainopolis\/#primaryimage","url":"https:\/\/noticiaempauta.com\/portal\/wp-content\/uploads\/2024\/05\/WhatsApp-Image-2024-05-13-at-15.22.30.jpeg","contentUrl":"https:\/\/noticiaempauta.com\/portal\/wp-content\/uploads\/2024\/05\/WhatsApp-Image-2024-05-13-at-15.22.30.jpeg","width":1280,"height":960},{"@type":"BreadcrumbList","@id":"https:\/\/noticiaempauta.com\/portal\/oposicao-reune-amigos-e-liderancas-durante-cafe-da-manha-e-confirma-pre-candidatura-de-maninho-de-henrique-a-prefeitura-de-itainopolis\/#breadcrumb","itemListElement":[{"@type":"ListItem","position":1,"name":"P\u00e1gina Inicial","item":"https:\/\/noticiaempauta.com\/portal\/"},{"@type":"ListItem","position":2,"name":"Destaques","item":"https:\/\/noticiaempauta.com\/portal\/destaques-site\/"},{"@type":"ListItem","position":3,"name":"Oposi\u00e7\u00e3o re\u00fane amigos e lideran\u00e7as e confirma pr\u00e9-candidatura de Maninho de Henrique a prefeitura de Itain\u00f3polis"}]},{"@type":"WebSite","@id":"https:\/\/noticiaempauta.com\/portal\/#website","url":"https:\/\/noticiaempauta.com\/portal\/","name":"Portal Not\u00edcia em Pauta","description":"Voc\u00ea bem informado","publisher":{"@id":"https:\/\/noticiaempauta.com\/portal\/#organization"},"potentialAction":[{"@type":"SearchAction","target":{"@type":"EntryPoint","urlTemplate":"https:\/\/noticiaempauta.com\/portal\/?s={search_term_string}"},"query-input":{"@type":"PropertyValueSpecification","valueRequired":true,"valueName":"search_term_string"}}],"inLanguage":"pt-BR"},{"@type":"Organization","@id":"https:\/\/noticiaempauta.com\/portal\/#organization","name":"Portal Not\u00edcia em Pauta","url":"https:\/\/noticiaempauta.com\/portal\/","logo":{"@type":"ImageObject","inLanguage":"pt-BR","@id":"https:\/\/noticiaempauta.com\/portal\/#\/schema\/logo\/image\/","url":"https:\/\/noticiaempauta.com\/portal\/wp-content\/uploads\/2022\/08\/logomarca_tema.fw_.png","contentUrl":"https:\/\/noticiaempauta.com\/portal\/wp-content\/uploads\/2022\/08\/logomarca_tema.fw_.png","width":400,"height":232,"caption":"Portal Not\u00edcia em Pauta"},"image":{"@id":"https:\/\/noticiaempauta.com\/portal\/#\/schema\/logo\/image\/"},"sameAs":["https:\/\/www.facebook.com\/Portal-Notcia-Em-Pauta-102292869264820\/","https:\/\/www.instagram.com\/portalnoticiaempauta\/"]},{"@type":"Person","@id":"https:\/\/noticiaempauta.com\/portal\/#\/schema\/person\/a74af43dd1ab3deca45f988c717d57ac","name":"Reda\u00e7\u00e3o","image":{"@type":"ImageObject","inLanguage":"pt-BR","@id":"https:\/\/noticiaempauta.com\/portal\/#\/schema\/person\/image\/","url":"https:\/\/secure.gravatar.com\/avatar\/03179346ecce6cdfc13361603e8f54242a90e5cde8618fa23c5c00aa2b0aadf3?s=96&d=mm&r=g","contentUrl":"https:\/\/secure.gravatar.com\/avatar\/03179346ecce6cdfc13361603e8f54242a90e5cde8618fa23c5c00aa2b0aadf3?s=96&d=mm&r=g","caption":"Reda\u00e7\u00e3o"},"sameAs":["https:\/\/noticiaempauta.com\/portal\/"],"url":"https:\/\/noticiaempauta.com\/portal\/author\/fernando\/"}]}},"_links":{"self":[{"href":"https:\/\/noticiaempauta.com\/portal\/wp-json\/wp\/v2\/posts\/257869","targetHints":{"allow":["GET"]}}],"collection":[{"href":"https:\/\/noticiaempauta.com\/portal\/wp-json\/wp\/v2\/posts"}],"about":[{"href":"https:\/\/noticiaempauta.com\/portal\/wp-json\/wp\/v2\/types\/post"}],"author":[{"embeddable":true,"href":"https:\/\/noticiaempauta.com\/portal\/wp-json\/wp\/v2\/users\/2"}],"replies":[{"embeddable":true,"href":"https:\/\/noticiaempauta.com\/portal\/wp-json\/wp\/v2\/comments?post=257869"}],"version-history":[{"count":3,"href":"https:\/\/noticiaempauta.com\/portal\/wp-json\/wp\/v2\/posts\/257869\/revisions"}],"predecessor-version":[{"id":257887,"href":"https:\/\/noticiaempauta.com\/portal\/wp-json\/wp\/v2\/posts\/257869\/revisions\/257887"}],"wp:featuredmedia":[{"embeddable":true,"href":"https:\/\/noticiaempauta.com\/portal\/wp-json\/wp\/v2\/media\/257871"}],"wp:attachment":[{"href":"https:\/\/noticiaempauta.com\/portal\/wp-json\/wp\/v2\/media?parent=257869"}],"wp:term":[{"taxonomy":"category","embeddable":true,"href":"https:\/\/noticiaempauta.com\/portal\/wp-json\/wp\/v2\/categories?post=257869"},{"taxonomy":"post_tag","embeddable":true,"href":"https:\/\/noticiaempauta.com\/portal\/wp-json\/wp\/v2\/tags?post=257869"}],"curies":[{"name":"wp","href":"https:\/\/api.w.org\/{rel}","templated":true}]}}