{"id":257921,"date":"2024-05-14T08:55:41","date_gmt":"2024-05-14T11:55:41","guid":{"rendered":"https:\/\/noticiaempauta.com\/portal\/?p=257921"},"modified":"2024-05-14T09:00:54","modified_gmt":"2024-05-14T12:00:54","slug":"preso-suspeito-de-ser-o-lider-geral-de-faccao-criminosa-no-piaui-arma-da-pm-tambem-foi-apreendida","status":"publish","type":"post","link":"https:\/\/noticiaempauta.com\/portal\/preso-suspeito-de-ser-o-lider-geral-de-faccao-criminosa-no-piaui-arma-da-pm-tambem-foi-apreendida\/","title":{"rendered":"Preso suspeito de ser o l\u00edder \u201cgeral\u201d de fac\u00e7\u00e3o criminosa no Piau\u00ed; arma da PM tamb\u00e9m foi apreendida"},"content":{"rendered":"\n<p>Um homem suspeito de ser o l\u00edder \u201cgeral\u201d de uma fac\u00e7\u00e3o criminosa no Piau\u00ed foi preso na manh\u00e3 desta ter\u00e7a-feira (14) durante a opera\u00e7\u00e3o Draco 117, do Departamento de Repress\u00e3o \u00e0s A\u00e7\u00f5es Criminosas Organizadas, no Sul do estado.\u00a0<\/p>\n\n\n\n<figure class=\"wp-block-image size-full\"><img fetchpriority=\"high\" decoding=\"async\" width=\"790\" height=\"536\" src=\"https:\/\/noticiaempauta.com\/portal\/wp-content\/uploads\/2024\/05\/WhatsApp_Image_2024-05-14_at_06_31_37_edit.jpg\" alt=\"\" class=\"wp-image-257924\" srcset=\"https:\/\/noticiaempauta.com\/portal\/wp-content\/uploads\/2024\/05\/WhatsApp_Image_2024-05-14_at_06_31_37_edit.jpg 790w, https:\/\/noticiaempauta.com\/portal\/wp-content\/uploads\/2024\/05\/WhatsApp_Image_2024-05-14_at_06_31_37_edit-300x204.jpg 300w, https:\/\/noticiaempauta.com\/portal\/wp-content\/uploads\/2024\/05\/WhatsApp_Image_2024-05-14_at_06_31_37_edit-768x521.jpg 768w\" sizes=\"(max-width: 790px) 100vw, 790px\" \/><figcaption class=\"wp-element-caption\"><em>Foto: Ascom\/SPP-PI<\/em><\/figcaption><\/figure>\n\n\n\n<p>Ao todo, est\u00e3o sendo cumpridos 27 mandados de busca e apreens\u00e3o e 17 mandados de pris\u00e3o nas cidades de S\u00e3o Raimundo Nonato, Bom Jesus, Canto do Buriti, Demerval Lob\u00e3o e Campo Maior, em desfavor de membros de fac\u00e7\u00f5es respons\u00e1veis por v\u00e1rias pr\u00e1ticas criminosas, entre elas homic\u00eddios, tr\u00e1fico de drogas e roubos.&nbsp;De acordo com a Pol\u00edcia Civil, a a\u00e7\u00e3o tem o objetivo de desarticular a c\u00e9lula de uma organiza\u00e7\u00e3o criminosa que atua na regi\u00e3o.<\/p>\n\n\n\n<p>Segundo o Draco, o l\u00edder preso \u00e9 mais conhecido como \u2018Vision\u00e1rio\u2019 e teria sido enviado de S\u00e3o Paulo para S\u00e3o Raimundo Nonato para coordenar todas as a\u00e7\u00f5es da fac\u00e7\u00e3o criminosa. Com ele, tamb\u00e9m foi apreendida uma pistola que pertence \u00e0 Pol\u00edcia Militar do Piau\u00ed.<\/p>\n\n\n\n<figure class=\"wp-block-image size-full\"><img decoding=\"async\" width=\"790\" height=\"593\" src=\"https:\/\/noticiaempauta.com\/portal\/wp-content\/uploads\/2024\/05\/WhatsApp_Image_2024-05-14_at_06_31_25_edut_edit.jpg\" alt=\"\" class=\"wp-image-257923\" srcset=\"https:\/\/noticiaempauta.com\/portal\/wp-content\/uploads\/2024\/05\/WhatsApp_Image_2024-05-14_at_06_31_25_edut_edit.jpg 790w, https:\/\/noticiaempauta.com\/portal\/wp-content\/uploads\/2024\/05\/WhatsApp_Image_2024-05-14_at_06_31_25_edut_edit-300x225.jpg 300w, https:\/\/noticiaempauta.com\/portal\/wp-content\/uploads\/2024\/05\/WhatsApp_Image_2024-05-14_at_06_31_25_edut_edit-768x576.jpg 768w\" sizes=\"(max-width: 790px) 100vw, 790px\" \/><\/figure>\n\n\n\n<p>\u201cEsse indiv\u00edduo veio do estado de S\u00e3o Paulo para organizar essa c\u00e9lula criminosa, um indiv\u00edduo com diversas passagens criminosas, inclusive com envolvimento em um dos homic\u00eddios que est\u00e1 sendo apurado, aquele homic\u00eddio em que uma pessoa foi enterrada em cova rasa com seu corpo totalmente esquartejado. \u00c9 um indiv\u00edduo que tem participa\u00e7\u00e3o direta nesse homic\u00eddio, foi ele que deu a autoriza\u00e7\u00e3o para a morte para que seus comparsas realizassem a morte e posteriormente desovassem o corpo naquela resid\u00eancia\u201d, explicou o delegado Eduardo Aquino.<\/p>\n\n\n\n<p>Al\u00e9m dele, sua esposa, que tamb\u00e9m \u00e9 considerada a \u201cgeral\u201d da mesma organiza\u00e7\u00e3o criminosa no estado de Tocantins, foi presa.<\/p>\n\n\n\n<p>\u201cDois indiv\u00edduos de alta periculosidade, integrantes de organiza\u00e7\u00e3o criminosa, do alto escal\u00e3o e residindo aqui na cidade de S\u00e3o Raimundo Nonato\u201d, acrescentou Eduardo Aquino.<\/p>\n\n\n\n<p>Ainda segundo a investiga\u00e7\u00e3o, os alvos da opera\u00e7\u00e3o t\u00eam envolvimento com os recentes homic\u00eddios que ocorreram este ano no munic\u00edpio de S\u00e3o Raimundo Nonato, entre eles, o duplo homic\u00eddio que aconteceu no m\u00eas de fevereiro, onde as v\u00edtimas foram amarradas e executadas a tiros no bairro Aeroporto; o homic\u00eddio de um homem identificado como Gleidson Roberto Ara\u00fajo Santos, que foi encontrado em um campo de futebol no bairro Santa Luzia, al\u00e9m do caso de um homem que teve o corpo esquartejado, queimado e enterrado no quintal de uma resid\u00eancia no bairro Umbelina.<\/p>\n\n\n\n<p>Durante as dilig\u00eancias, tamb\u00e9m foram apreendidos dois carros de luxo e dinheiro.<\/p>\n\n\n\n<p>A opera\u00e7\u00e3o contou com apoio operacional da Delegacia Especializada no Combate \u00e0 Fac\u00e7\u00f5es Criminosas Homic\u00eddios e Tr\u00e1fico de Drogas (DFHT) de Picos, Diretoria de Pol\u00edcia do Interior (DPI), Departamento de Roubo e Furto de Ve\u00edculos (DRFV), Diretoria de Opera\u00e7\u00f5es de Tr\u00e2nsito (DOT), For\u00e7a Estadual Integrada de Seguran\u00e7a P\u00fablica (FEISP), Departamento Estadual de Repress\u00e3o ao Narcotr\u00e1fico (DENARC), For\u00e7a Tarefa de Parna\u00edba, delegacias das cidades de Oeiras, Paulistana, S\u00e3o Jo\u00e3o do Piau\u00ed, Canto do Buriti, Campo Maior e BOPAER da Pol\u00edcia Militar do Piau\u00ed.<\/p>\n\n\n\n<figure class=\"wp-block-embed is-type-video is-provider-youtube wp-block-embed-youtube wp-embed-aspect-16-9 wp-has-aspect-ratio\"><div class=\"wp-block-embed__wrapper\">\n<iframe title=\"Opera\u00e7\u00e3o Draco 177 faz pris\u00f5es em S\u00e3o Raimundo Nonato\" width=\"800\" height=\"450\" src=\"https:\/\/www.youtube.com\/embed\/OC7rFRHb8uo?feature=oembed\" frameborder=\"0\" allow=\"accelerometer; autoplay; clipboard-write; encrypted-media; gyroscope; picture-in-picture; web-share\" referrerpolicy=\"strict-origin-when-cross-origin\" allowfullscreen><\/iframe>\n<\/div><\/figure>\n","protected":false},"excerpt":{"rendered":"<p>Um homem suspeito de ser o l\u00edder \u201cgeral\u201d de uma fac\u00e7\u00e3o criminosa no Piau\u00ed foi preso na manh\u00e3 desta ter\u00e7a-feira (14) durante a opera\u00e7\u00e3o Draco 117, do Departamento de Repress\u00e3o \u00e0s A\u00e7\u00f5es Criminosas Organizadas, no Sul do estado.\u00a0 Ao todo, est\u00e3o sendo cumpridos 27 mandados de busca e apreens\u00e3o e 17 mandados de pris\u00e3o nas [&hellip;]<\/p>\n","protected":false},"author":2,"featured_media":257924,"comment_status":"open","ping_status":"open","sticky":false,"template":"","format":"standard","meta":{"_mi_skip_tracking":false,"footnotes":""},"categories":[25,1,137,16],"tags":[192],"class_list":["post-257921","post","type-post","status-publish","format-standard","has-post-thumbnail","hentry","category-destaques-site","category-geral","category-policia","category-todas","tag-destaqueprincipal"],"acf":[],"yoast_head":"<!-- This site is optimized with the Yoast SEO Premium plugin v19.2 (Yoast SEO v26.9) - https:\/\/yoast.com\/product\/yoast-seo-premium-wordpress\/ -->\n<title>Preso suspeito de ser o l\u00edder \u201cgeral\u201d de fac\u00e7\u00e3o criminosa no Piau\u00ed; arma da PM tamb\u00e9m foi apreendida - Portal Not\u00edcia em Pauta<\/title>\n<meta name=\"robots\" content=\"index, follow, max-snippet:-1, max-image-preview:large, max-video-preview:-1\" \/>\n<link rel=\"canonical\" href=\"https:\/\/noticiaempauta.com\/portal\/preso-suspeito-de-ser-o-lider-geral-de-faccao-criminosa-no-piaui-arma-da-pm-tambem-foi-apreendida\/\" \/>\n<meta property=\"og:locale\" content=\"pt_BR\" \/>\n<meta property=\"og:type\" content=\"article\" \/>\n<meta property=\"og:title\" content=\"Preso suspeito de ser o l\u00edder \u201cgeral\u201d de fac\u00e7\u00e3o criminosa no Piau\u00ed; arma da PM tamb\u00e9m foi apreendida\" \/>\n<meta property=\"og:description\" content=\"Um homem suspeito de ser o l\u00edder \u201cgeral\u201d de uma fac\u00e7\u00e3o criminosa no Piau\u00ed foi preso na manh\u00e3 desta ter\u00e7a-feira (14) durante a opera\u00e7\u00e3o Draco 117, do Departamento de Repress\u00e3o \u00e0s A\u00e7\u00f5es Criminosas Organizadas, no Sul do estado.\u00a0 Ao todo, est\u00e3o sendo cumpridos 27 mandados de busca e apreens\u00e3o e 17 mandados de pris\u00e3o nas [&hellip;]\" \/>\n<meta property=\"og:url\" content=\"https:\/\/noticiaempauta.com\/portal\/preso-suspeito-de-ser-o-lider-geral-de-faccao-criminosa-no-piaui-arma-da-pm-tambem-foi-apreendida\/\" \/>\n<meta property=\"og:site_name\" content=\"Portal Not\u00edcia em Pauta\" \/>\n<meta property=\"article:publisher\" content=\"https:\/\/www.facebook.com\/Portal-Notcia-Em-Pauta-102292869264820\/\" \/>\n<meta property=\"article:published_time\" content=\"2024-05-14T11:55:41+00:00\" \/>\n<meta property=\"article:modified_time\" content=\"2024-05-14T12:00:54+00:00\" \/>\n<meta property=\"og:image\" content=\"https:\/\/noticiaempauta.com\/portal\/wp-content\/uploads\/2024\/05\/WhatsApp_Image_2024-05-14_at_06_31_37_edit.jpg\" \/>\n\t<meta property=\"og:image:width\" content=\"790\" \/>\n\t<meta property=\"og:image:height\" content=\"536\" \/>\n\t<meta property=\"og:image:type\" content=\"image\/jpeg\" \/>\n<meta name=\"author\" content=\"Reda\u00e7\u00e3o\" \/>\n<meta name=\"twitter:card\" content=\"summary_large_image\" \/>\n<meta name=\"twitter:label1\" content=\"Escrito por\" \/>\n\t<meta name=\"twitter:data1\" content=\"Reda\u00e7\u00e3o\" \/>\n\t<meta name=\"twitter:label2\" content=\"Est. tempo de leitura\" \/>\n\t<meta name=\"twitter:data2\" content=\"4 minutos\" \/>\n<script type=\"application\/ld+json\" class=\"yoast-schema-graph\">{\"@context\":\"https:\/\/schema.org\",\"@graph\":[{\"@type\":\"Article\",\"@id\":\"https:\/\/noticiaempauta.com\/portal\/preso-suspeito-de-ser-o-lider-geral-de-faccao-criminosa-no-piaui-arma-da-pm-tambem-foi-apreendida\/#article\",\"isPartOf\":{\"@id\":\"https:\/\/noticiaempauta.com\/portal\/preso-suspeito-de-ser-o-lider-geral-de-faccao-criminosa-no-piaui-arma-da-pm-tambem-foi-apreendida\/\"},\"author\":{\"name\":\"Reda\u00e7\u00e3o\",\"@id\":\"https:\/\/noticiaempauta.com\/portal\/#\/schema\/person\/a74af43dd1ab3deca45f988c717d57ac\"},\"headline\":\"Preso suspeito de ser o l\u00edder \u201cgeral\u201d de fac\u00e7\u00e3o criminosa no Piau\u00ed; arma da PM tamb\u00e9m foi apreendida\",\"datePublished\":\"2024-05-14T11:55:41+00:00\",\"dateModified\":\"2024-05-14T12:00:54+00:00\",\"mainEntityOfPage\":{\"@id\":\"https:\/\/noticiaempauta.com\/portal\/preso-suspeito-de-ser-o-lider-geral-de-faccao-criminosa-no-piaui-arma-da-pm-tambem-foi-apreendida\/\"},\"wordCount\":575,\"commentCount\":0,\"publisher\":{\"@id\":\"https:\/\/noticiaempauta.com\/portal\/#organization\"},\"image\":{\"@id\":\"https:\/\/noticiaempauta.com\/portal\/preso-suspeito-de-ser-o-lider-geral-de-faccao-criminosa-no-piaui-arma-da-pm-tambem-foi-apreendida\/#primaryimage\"},\"thumbnailUrl\":\"https:\/\/noticiaempauta.com\/portal\/wp-content\/uploads\/2024\/05\/WhatsApp_Image_2024-05-14_at_06_31_37_edit.jpg\",\"keywords\":[\"destaqueprincipal\"],\"articleSection\":[\"Destaques\",\"Geral\",\"Pol\u00edcia\",\"Todas as Not\u00edcias\"],\"inLanguage\":\"pt-BR\",\"potentialAction\":[{\"@type\":\"CommentAction\",\"name\":\"Comment\",\"target\":[\"https:\/\/noticiaempauta.com\/portal\/preso-suspeito-de-ser-o-lider-geral-de-faccao-criminosa-no-piaui-arma-da-pm-tambem-foi-apreendida\/#respond\"]}]},{\"@type\":\"WebPage\",\"@id\":\"https:\/\/noticiaempauta.com\/portal\/preso-suspeito-de-ser-o-lider-geral-de-faccao-criminosa-no-piaui-arma-da-pm-tambem-foi-apreendida\/\",\"url\":\"https:\/\/noticiaempauta.com\/portal\/preso-suspeito-de-ser-o-lider-geral-de-faccao-criminosa-no-piaui-arma-da-pm-tambem-foi-apreendida\/\",\"name\":\"Preso suspeito de ser o l\u00edder \u201cgeral\u201d de fac\u00e7\u00e3o criminosa no Piau\u00ed; arma da PM tamb\u00e9m foi apreendida - Portal Not\u00edcia em Pauta\",\"isPartOf\":{\"@id\":\"https:\/\/noticiaempauta.com\/portal\/#website\"},\"primaryImageOfPage\":{\"@id\":\"https:\/\/noticiaempauta.com\/portal\/preso-suspeito-de-ser-o-lider-geral-de-faccao-criminosa-no-piaui-arma-da-pm-tambem-foi-apreendida\/#primaryimage\"},\"image\":{\"@id\":\"https:\/\/noticiaempauta.com\/portal\/preso-suspeito-de-ser-o-lider-geral-de-faccao-criminosa-no-piaui-arma-da-pm-tambem-foi-apreendida\/#primaryimage\"},\"thumbnailUrl\":\"https:\/\/noticiaempauta.com\/portal\/wp-content\/uploads\/2024\/05\/WhatsApp_Image_2024-05-14_at_06_31_37_edit.jpg\",\"datePublished\":\"2024-05-14T11:55:41+00:00\",\"dateModified\":\"2024-05-14T12:00:54+00:00\",\"breadcrumb\":{\"@id\":\"https:\/\/noticiaempauta.com\/portal\/preso-suspeito-de-ser-o-lider-geral-de-faccao-criminosa-no-piaui-arma-da-pm-tambem-foi-apreendida\/#breadcrumb\"},\"inLanguage\":\"pt-BR\",\"potentialAction\":[{\"@type\":\"ReadAction\",\"target\":[\"https:\/\/noticiaempauta.com\/portal\/preso-suspeito-de-ser-o-lider-geral-de-faccao-criminosa-no-piaui-arma-da-pm-tambem-foi-apreendida\/\"]}]},{\"@type\":\"ImageObject\",\"inLanguage\":\"pt-BR\",\"@id\":\"https:\/\/noticiaempauta.com\/portal\/preso-suspeito-de-ser-o-lider-geral-de-faccao-criminosa-no-piaui-arma-da-pm-tambem-foi-apreendida\/#primaryimage\",\"url\":\"https:\/\/noticiaempauta.com\/portal\/wp-content\/uploads\/2024\/05\/WhatsApp_Image_2024-05-14_at_06_31_37_edit.jpg\",\"contentUrl\":\"https:\/\/noticiaempauta.com\/portal\/wp-content\/uploads\/2024\/05\/WhatsApp_Image_2024-05-14_at_06_31_37_edit.jpg\",\"width\":790,\"height\":536},{\"@type\":\"BreadcrumbList\",\"@id\":\"https:\/\/noticiaempauta.com\/portal\/preso-suspeito-de-ser-o-lider-geral-de-faccao-criminosa-no-piaui-arma-da-pm-tambem-foi-apreendida\/#breadcrumb\",\"itemListElement\":[{\"@type\":\"ListItem\",\"position\":1,\"name\":\"P\u00e1gina Inicial\",\"item\":\"https:\/\/noticiaempauta.com\/portal\/\"},{\"@type\":\"ListItem\",\"position\":2,\"name\":\"Destaques\",\"item\":\"https:\/\/noticiaempauta.com\/portal\/destaques-site\/\"},{\"@type\":\"ListItem\",\"position\":3,\"name\":\"Preso suspeito de ser o l\u00edder \u201cgeral\u201d de fac\u00e7\u00e3o criminosa no Piau\u00ed; arma da PM tamb\u00e9m foi apreendida\"}]},{\"@type\":\"WebSite\",\"@id\":\"https:\/\/noticiaempauta.com\/portal\/#website\",\"url\":\"https:\/\/noticiaempauta.com\/portal\/\",\"name\":\"Portal Not\u00edcia em Pauta\",\"description\":\"Voc\u00ea bem informado\",\"publisher\":{\"@id\":\"https:\/\/noticiaempauta.com\/portal\/#organization\"},\"potentialAction\":[{\"@type\":\"SearchAction\",\"target\":{\"@type\":\"EntryPoint\",\"urlTemplate\":\"https:\/\/noticiaempauta.com\/portal\/?s={search_term_string}\"},\"query-input\":{\"@type\":\"PropertyValueSpecification\",\"valueRequired\":true,\"valueName\":\"search_term_string\"}}],\"inLanguage\":\"pt-BR\"},{\"@type\":\"Organization\",\"@id\":\"https:\/\/noticiaempauta.com\/portal\/#organization\",\"name\":\"Portal Not\u00edcia em Pauta\",\"url\":\"https:\/\/noticiaempauta.com\/portal\/\",\"logo\":{\"@type\":\"ImageObject\",\"inLanguage\":\"pt-BR\",\"@id\":\"https:\/\/noticiaempauta.com\/portal\/#\/schema\/logo\/image\/\",\"url\":\"https:\/\/noticiaempauta.com\/portal\/wp-content\/uploads\/2022\/08\/logomarca_tema.fw_.png\",\"contentUrl\":\"https:\/\/noticiaempauta.com\/portal\/wp-content\/uploads\/2022\/08\/logomarca_tema.fw_.png\",\"width\":400,\"height\":232,\"caption\":\"Portal Not\u00edcia em Pauta\"},\"image\":{\"@id\":\"https:\/\/noticiaempauta.com\/portal\/#\/schema\/logo\/image\/\"},\"sameAs\":[\"https:\/\/www.facebook.com\/Portal-Notcia-Em-Pauta-102292869264820\/\",\"https:\/\/www.instagram.com\/portalnoticiaempauta\/\"]},{\"@type\":\"Person\",\"@id\":\"https:\/\/noticiaempauta.com\/portal\/#\/schema\/person\/a74af43dd1ab3deca45f988c717d57ac\",\"name\":\"Reda\u00e7\u00e3o\",\"image\":{\"@type\":\"ImageObject\",\"inLanguage\":\"pt-BR\",\"@id\":\"https:\/\/noticiaempauta.com\/portal\/#\/schema\/person\/image\/\",\"url\":\"https:\/\/secure.gravatar.com\/avatar\/03179346ecce6cdfc13361603e8f54242a90e5cde8618fa23c5c00aa2b0aadf3?s=96&d=mm&r=g\",\"contentUrl\":\"https:\/\/secure.gravatar.com\/avatar\/03179346ecce6cdfc13361603e8f54242a90e5cde8618fa23c5c00aa2b0aadf3?s=96&d=mm&r=g\",\"caption\":\"Reda\u00e7\u00e3o\"},\"sameAs\":[\"https:\/\/noticiaempauta.com\/portal\/\"],\"url\":\"https:\/\/noticiaempauta.com\/portal\/author\/fernando\/\"}]}<\/script>\n<!-- \/ Yoast SEO Premium plugin. -->","yoast_head_json":{"title":"Preso suspeito de ser o l\u00edder \u201cgeral\u201d de fac\u00e7\u00e3o criminosa no Piau\u00ed; arma da PM tamb\u00e9m foi apreendida - Portal Not\u00edcia em Pauta","robots":{"index":"index","follow":"follow","max-snippet":"max-snippet:-1","max-image-preview":"max-image-preview:large","max-video-preview":"max-video-preview:-1"},"canonical":"https:\/\/noticiaempauta.com\/portal\/preso-suspeito-de-ser-o-lider-geral-de-faccao-criminosa-no-piaui-arma-da-pm-tambem-foi-apreendida\/","og_locale":"pt_BR","og_type":"article","og_title":"Preso suspeito de ser o l\u00edder \u201cgeral\u201d de fac\u00e7\u00e3o criminosa no Piau\u00ed; arma da PM tamb\u00e9m foi apreendida","og_description":"Um homem suspeito de ser o l\u00edder \u201cgeral\u201d de uma fac\u00e7\u00e3o criminosa no Piau\u00ed foi preso na manh\u00e3 desta ter\u00e7a-feira (14) durante a opera\u00e7\u00e3o Draco 117, do Departamento de Repress\u00e3o \u00e0s A\u00e7\u00f5es Criminosas Organizadas, no Sul do estado.\u00a0 Ao todo, est\u00e3o sendo cumpridos 27 mandados de busca e apreens\u00e3o e 17 mandados de pris\u00e3o nas [&hellip;]","og_url":"https:\/\/noticiaempauta.com\/portal\/preso-suspeito-de-ser-o-lider-geral-de-faccao-criminosa-no-piaui-arma-da-pm-tambem-foi-apreendida\/","og_site_name":"Portal Not\u00edcia em Pauta","article_publisher":"https:\/\/www.facebook.com\/Portal-Notcia-Em-Pauta-102292869264820\/","article_published_time":"2024-05-14T11:55:41+00:00","article_modified_time":"2024-05-14T12:00:54+00:00","og_image":[{"width":790,"height":536,"url":"https:\/\/noticiaempauta.com\/portal\/wp-content\/uploads\/2024\/05\/WhatsApp_Image_2024-05-14_at_06_31_37_edit.jpg","type":"image\/jpeg"}],"author":"Reda\u00e7\u00e3o","twitter_card":"summary_large_image","twitter_misc":{"Escrito por":"Reda\u00e7\u00e3o","Est. tempo de leitura":"4 minutos"},"schema":{"@context":"https:\/\/schema.org","@graph":[{"@type":"Article","@id":"https:\/\/noticiaempauta.com\/portal\/preso-suspeito-de-ser-o-lider-geral-de-faccao-criminosa-no-piaui-arma-da-pm-tambem-foi-apreendida\/#article","isPartOf":{"@id":"https:\/\/noticiaempauta.com\/portal\/preso-suspeito-de-ser-o-lider-geral-de-faccao-criminosa-no-piaui-arma-da-pm-tambem-foi-apreendida\/"},"author":{"name":"Reda\u00e7\u00e3o","@id":"https:\/\/noticiaempauta.com\/portal\/#\/schema\/person\/a74af43dd1ab3deca45f988c717d57ac"},"headline":"Preso suspeito de ser o l\u00edder \u201cgeral\u201d de fac\u00e7\u00e3o criminosa no Piau\u00ed; arma da PM tamb\u00e9m foi apreendida","datePublished":"2024-05-14T11:55:41+00:00","dateModified":"2024-05-14T12:00:54+00:00","mainEntityOfPage":{"@id":"https:\/\/noticiaempauta.com\/portal\/preso-suspeito-de-ser-o-lider-geral-de-faccao-criminosa-no-piaui-arma-da-pm-tambem-foi-apreendida\/"},"wordCount":575,"commentCount":0,"publisher":{"@id":"https:\/\/noticiaempauta.com\/portal\/#organization"},"image":{"@id":"https:\/\/noticiaempauta.com\/portal\/preso-suspeito-de-ser-o-lider-geral-de-faccao-criminosa-no-piaui-arma-da-pm-tambem-foi-apreendida\/#primaryimage"},"thumbnailUrl":"https:\/\/noticiaempauta.com\/portal\/wp-content\/uploads\/2024\/05\/WhatsApp_Image_2024-05-14_at_06_31_37_edit.jpg","keywords":["destaqueprincipal"],"articleSection":["Destaques","Geral","Pol\u00edcia","Todas as Not\u00edcias"],"inLanguage":"pt-BR","potentialAction":[{"@type":"CommentAction","name":"Comment","target":["https:\/\/noticiaempauta.com\/portal\/preso-suspeito-de-ser-o-lider-geral-de-faccao-criminosa-no-piaui-arma-da-pm-tambem-foi-apreendida\/#respond"]}]},{"@type":"WebPage","@id":"https:\/\/noticiaempauta.com\/portal\/preso-suspeito-de-ser-o-lider-geral-de-faccao-criminosa-no-piaui-arma-da-pm-tambem-foi-apreendida\/","url":"https:\/\/noticiaempauta.com\/portal\/preso-suspeito-de-ser-o-lider-geral-de-faccao-criminosa-no-piaui-arma-da-pm-tambem-foi-apreendida\/","name":"Preso suspeito de ser o l\u00edder \u201cgeral\u201d de fac\u00e7\u00e3o criminosa no Piau\u00ed; arma da PM tamb\u00e9m foi apreendida - Portal Not\u00edcia em Pauta","isPartOf":{"@id":"https:\/\/noticiaempauta.com\/portal\/#website"},"primaryImageOfPage":{"@id":"https:\/\/noticiaempauta.com\/portal\/preso-suspeito-de-ser-o-lider-geral-de-faccao-criminosa-no-piaui-arma-da-pm-tambem-foi-apreendida\/#primaryimage"},"image":{"@id":"https:\/\/noticiaempauta.com\/portal\/preso-suspeito-de-ser-o-lider-geral-de-faccao-criminosa-no-piaui-arma-da-pm-tambem-foi-apreendida\/#primaryimage"},"thumbnailUrl":"https:\/\/noticiaempauta.com\/portal\/wp-content\/uploads\/2024\/05\/WhatsApp_Image_2024-05-14_at_06_31_37_edit.jpg","datePublished":"2024-05-14T11:55:41+00:00","dateModified":"2024-05-14T12:00:54+00:00","breadcrumb":{"@id":"https:\/\/noticiaempauta.com\/portal\/preso-suspeito-de-ser-o-lider-geral-de-faccao-criminosa-no-piaui-arma-da-pm-tambem-foi-apreendida\/#breadcrumb"},"inLanguage":"pt-BR","potentialAction":[{"@type":"ReadAction","target":["https:\/\/noticiaempauta.com\/portal\/preso-suspeito-de-ser-o-lider-geral-de-faccao-criminosa-no-piaui-arma-da-pm-tambem-foi-apreendida\/"]}]},{"@type":"ImageObject","inLanguage":"pt-BR","@id":"https:\/\/noticiaempauta.com\/portal\/preso-suspeito-de-ser-o-lider-geral-de-faccao-criminosa-no-piaui-arma-da-pm-tambem-foi-apreendida\/#primaryimage","url":"https:\/\/noticiaempauta.com\/portal\/wp-content\/uploads\/2024\/05\/WhatsApp_Image_2024-05-14_at_06_31_37_edit.jpg","contentUrl":"https:\/\/noticiaempauta.com\/portal\/wp-content\/uploads\/2024\/05\/WhatsApp_Image_2024-05-14_at_06_31_37_edit.jpg","width":790,"height":536},{"@type":"BreadcrumbList","@id":"https:\/\/noticiaempauta.com\/portal\/preso-suspeito-de-ser-o-lider-geral-de-faccao-criminosa-no-piaui-arma-da-pm-tambem-foi-apreendida\/#breadcrumb","itemListElement":[{"@type":"ListItem","position":1,"name":"P\u00e1gina Inicial","item":"https:\/\/noticiaempauta.com\/portal\/"},{"@type":"ListItem","position":2,"name":"Destaques","item":"https:\/\/noticiaempauta.com\/portal\/destaques-site\/"},{"@type":"ListItem","position":3,"name":"Preso suspeito de ser o l\u00edder \u201cgeral\u201d de fac\u00e7\u00e3o criminosa no Piau\u00ed; arma da PM tamb\u00e9m foi apreendida"}]},{"@type":"WebSite","@id":"https:\/\/noticiaempauta.com\/portal\/#website","url":"https:\/\/noticiaempauta.com\/portal\/","name":"Portal Not\u00edcia em Pauta","description":"Voc\u00ea bem informado","publisher":{"@id":"https:\/\/noticiaempauta.com\/portal\/#organization"},"potentialAction":[{"@type":"SearchAction","target":{"@type":"EntryPoint","urlTemplate":"https:\/\/noticiaempauta.com\/portal\/?s={search_term_string}"},"query-input":{"@type":"PropertyValueSpecification","valueRequired":true,"valueName":"search_term_string"}}],"inLanguage":"pt-BR"},{"@type":"Organization","@id":"https:\/\/noticiaempauta.com\/portal\/#organization","name":"Portal Not\u00edcia em Pauta","url":"https:\/\/noticiaempauta.com\/portal\/","logo":{"@type":"ImageObject","inLanguage":"pt-BR","@id":"https:\/\/noticiaempauta.com\/portal\/#\/schema\/logo\/image\/","url":"https:\/\/noticiaempauta.com\/portal\/wp-content\/uploads\/2022\/08\/logomarca_tema.fw_.png","contentUrl":"https:\/\/noticiaempauta.com\/portal\/wp-content\/uploads\/2022\/08\/logomarca_tema.fw_.png","width":400,"height":232,"caption":"Portal Not\u00edcia em Pauta"},"image":{"@id":"https:\/\/noticiaempauta.com\/portal\/#\/schema\/logo\/image\/"},"sameAs":["https:\/\/www.facebook.com\/Portal-Notcia-Em-Pauta-102292869264820\/","https:\/\/www.instagram.com\/portalnoticiaempauta\/"]},{"@type":"Person","@id":"https:\/\/noticiaempauta.com\/portal\/#\/schema\/person\/a74af43dd1ab3deca45f988c717d57ac","name":"Reda\u00e7\u00e3o","image":{"@type":"ImageObject","inLanguage":"pt-BR","@id":"https:\/\/noticiaempauta.com\/portal\/#\/schema\/person\/image\/","url":"https:\/\/secure.gravatar.com\/avatar\/03179346ecce6cdfc13361603e8f54242a90e5cde8618fa23c5c00aa2b0aadf3?s=96&d=mm&r=g","contentUrl":"https:\/\/secure.gravatar.com\/avatar\/03179346ecce6cdfc13361603e8f54242a90e5cde8618fa23c5c00aa2b0aadf3?s=96&d=mm&r=g","caption":"Reda\u00e7\u00e3o"},"sameAs":["https:\/\/noticiaempauta.com\/portal\/"],"url":"https:\/\/noticiaempauta.com\/portal\/author\/fernando\/"}]}},"_links":{"self":[{"href":"https:\/\/noticiaempauta.com\/portal\/wp-json\/wp\/v2\/posts\/257921","targetHints":{"allow":["GET"]}}],"collection":[{"href":"https:\/\/noticiaempauta.com\/portal\/wp-json\/wp\/v2\/posts"}],"about":[{"href":"https:\/\/noticiaempauta.com\/portal\/wp-json\/wp\/v2\/types\/post"}],"author":[{"embeddable":true,"href":"https:\/\/noticiaempauta.com\/portal\/wp-json\/wp\/v2\/users\/2"}],"replies":[{"embeddable":true,"href":"https:\/\/noticiaempauta.com\/portal\/wp-json\/wp\/v2\/comments?post=257921"}],"version-history":[{"count":2,"href":"https:\/\/noticiaempauta.com\/portal\/wp-json\/wp\/v2\/posts\/257921\/revisions"}],"predecessor-version":[{"id":257928,"href":"https:\/\/noticiaempauta.com\/portal\/wp-json\/wp\/v2\/posts\/257921\/revisions\/257928"}],"wp:featuredmedia":[{"embeddable":true,"href":"https:\/\/noticiaempauta.com\/portal\/wp-json\/wp\/v2\/media\/257924"}],"wp:attachment":[{"href":"https:\/\/noticiaempauta.com\/portal\/wp-json\/wp\/v2\/media?parent=257921"}],"wp:term":[{"taxonomy":"category","embeddable":true,"href":"https:\/\/noticiaempauta.com\/portal\/wp-json\/wp\/v2\/categories?post=257921"},{"taxonomy":"post_tag","embeddable":true,"href":"https:\/\/noticiaempauta.com\/portal\/wp-json\/wp\/v2\/tags?post=257921"}],"curies":[{"name":"wp","href":"https:\/\/api.w.org\/{rel}","templated":true}]}}