{"id":257965,"date":"2024-05-16T09:11:55","date_gmt":"2024-05-16T12:11:55","guid":{"rendered":"https:\/\/noticiaempauta.com\/portal\/?p=257965"},"modified":"2024-05-16T09:11:56","modified_gmt":"2024-05-16T12:11:56","slug":"nucepe-divulga-aprovados-na-prova-objetiva-do-concurso-da-policia-penal-do-piaui-veja-lista","status":"publish","type":"post","link":"https:\/\/noticiaempauta.com\/portal\/nucepe-divulga-aprovados-na-prova-objetiva-do-concurso-da-policia-penal-do-piaui-veja-lista\/","title":{"rendered":"Nucepe divulga aprovados na prova objetiva do concurso da Pol\u00edcia Penal do Piau\u00ed; veja lista"},"content":{"rendered":"\n<p>O resultado da primeira etapa do concurso p\u00fablico para a Pol\u00edcia Penal do Piau\u00ed foi divulgado nesta quarta-feira (15) e \u00e9 relativo \u00e0 prova escrita objetiva. Agora, estes aprovados seguem para a etapa de corre\u00e7\u00e3o da prova escrita dissertativa (reda\u00e7\u00e3o).\u00a0<\/p>\n\n\n\n<figure class=\"wp-block-image size-full\"><img fetchpriority=\"high\" decoding=\"async\" width=\"700\" height=\"500\" src=\"https:\/\/noticiaempauta.com\/portal\/wp-content\/uploads\/2024\/05\/64d9673706322cd2e4225cef86a7e5c0.jpg\" alt=\"\" class=\"wp-image-257967\" srcset=\"https:\/\/noticiaempauta.com\/portal\/wp-content\/uploads\/2024\/05\/64d9673706322cd2e4225cef86a7e5c0.jpg 700w, https:\/\/noticiaempauta.com\/portal\/wp-content\/uploads\/2024\/05\/64d9673706322cd2e4225cef86a7e5c0-300x214.jpg 300w\" sizes=\"(max-width: 700px) 100vw, 700px\" \/><\/figure>\n\n\n\n<p>O certame est\u00e1 sendo executado pelo N\u00facleo de Concursos e Promo\u00e7\u00e3o de Eventos (Nucepe), que na ter\u00e7a-feira (14) divulgou os gabaritos dos tr\u00eas tipos de provas realizadas.&nbsp;<\/p>\n\n\n\n<p><strong><a href=\"https:\/\/cidadeverde.com\/assets\/uploads\/files\/resultado_1etapa_sejus_2024_prova_objetiva_1715859770.pdf\" target=\"_blank\" rel=\"noreferrer noopener\">Veja lista de aprovados<\/a><\/strong><\/p>\n\n\n\n<p>Para a corre\u00e7\u00e3o da reda\u00e7\u00e3o, foram convocados 524 candidatos da ampla concorr\u00eancia, 206 do sistema de cotas para negros e\/ou pardos e 30 Pessoas com defici\u00eancia (PCDs).<\/p>\n\n\n\n<p>A Secretaria de Justi\u00e7a do Piau\u00ed est\u00e1 destinando 200 vagas imediatas, sendo 130 vagas para ampla concorr\u00eancia, 50 para pessoas negras ou pardas e 20 vagas para pessoas com defici\u00eancia. O certame ainda prev\u00ea mais 200 vagas para cadastro de reserva.<\/p>\n\n\n\n<p>A primeira etapa aconteceu no dia 28 de abril. As demais etapas compreendem exames de sa\u00fade, exame de aptid\u00e3o f\u00edsica, avalia\u00e7\u00e3o psicol\u00f3gica e investiga\u00e7\u00e3o social. A previs\u00e3o de t\u00e9rmino \u00e9 fevereiro de 2025.&nbsp;<\/p>\n\n\n\n<p>Ap\u00f3s conclus\u00e3o de todas as etapas, os aprovados realizam o curso de forma\u00e7\u00e3o de Pol\u00edcia Penal com carga hor\u00e1ria m\u00ednima de 300h\/a (trezentas horas-aulas) na Academia de Pol\u00edcia Penal do Estado do Piau\u00ed (ACADEPEN\/PI), um requisito indispens\u00e1vel para a nomea\u00e7\u00e3o ao cargo.<\/p>\n\n\n\n<p>Para o cargo, \u00e9 exigida a forma\u00e7\u00e3o em curso superior completo em qualquer \u00e1rea. Os candidatos devem ter no m\u00ednimo 18 anos e no m\u00e1ximo 45 anos na data da inscri\u00e7\u00e3o do concurso p\u00fablico.<\/p>\n\n\n\n<p>A jornada de trabalho \u00e9 integral, de 44 (quarenta e quatro) horas semanais, com dura\u00e7\u00e3o di\u00e1ria e escala de trabalho fixadas em lei.\u00a0 O ingresso ocorre na 3\u00aa classe, refer\u00eancia inicial do cargo, com subs\u00eddio correspondente a R$ 6.496,73 (seis mil, quatrocentos e noventa e seis reais e setenta e tr\u00eas centavos), al\u00e9m de vantagens devidas pelo efetivo desempenho do cargo.<\/p>\n\n\n\n<p><em>Fonte: Cidade Verde<\/em><\/p>\n","protected":false},"excerpt":{"rendered":"<p>O resultado da primeira etapa do concurso p\u00fablico para a Pol\u00edcia Penal do Piau\u00ed foi divulgado nesta quarta-feira (15) e \u00e9 relativo \u00e0 prova escrita objetiva. Agora, estes aprovados seguem para a etapa de corre\u00e7\u00e3o da prova escrita dissertativa (reda\u00e7\u00e3o).\u00a0 O certame est\u00e1 sendo executado pelo N\u00facleo de Concursos e Promo\u00e7\u00e3o de Eventos (Nucepe), que [&hellip;]<\/p>\n","protected":false},"author":2,"featured_media":257967,"comment_status":"open","ping_status":"open","sticky":false,"template":"","format":"standard","meta":{"_mi_skip_tracking":false,"footnotes":""},"categories":[25,1,137,16],"tags":[192],"class_list":["post-257965","post","type-post","status-publish","format-standard","has-post-thumbnail","hentry","category-destaques-site","category-geral","category-policia","category-todas","tag-destaqueprincipal"],"acf":[],"yoast_head":"<!-- This site is optimized with the Yoast SEO Premium plugin v19.2 (Yoast SEO v26.9) - https:\/\/yoast.com\/product\/yoast-seo-premium-wordpress\/ -->\n<title>Nucepe divulga aprovados na prova objetiva do concurso da Pol\u00edcia Penal do Piau\u00ed; veja lista - Portal Not\u00edcia em Pauta<\/title>\n<meta name=\"robots\" content=\"index, follow, max-snippet:-1, max-image-preview:large, max-video-preview:-1\" \/>\n<link rel=\"canonical\" href=\"https:\/\/noticiaempauta.com\/portal\/nucepe-divulga-aprovados-na-prova-objetiva-do-concurso-da-policia-penal-do-piaui-veja-lista\/\" \/>\n<meta property=\"og:locale\" content=\"pt_BR\" \/>\n<meta property=\"og:type\" content=\"article\" \/>\n<meta property=\"og:title\" content=\"Nucepe divulga aprovados na prova objetiva do concurso da Pol\u00edcia Penal do Piau\u00ed; veja lista\" \/>\n<meta property=\"og:description\" content=\"O resultado da primeira etapa do concurso p\u00fablico para a Pol\u00edcia Penal do Piau\u00ed foi divulgado nesta quarta-feira (15) e \u00e9 relativo \u00e0 prova escrita objetiva. Agora, estes aprovados seguem para a etapa de corre\u00e7\u00e3o da prova escrita dissertativa (reda\u00e7\u00e3o).\u00a0 O certame est\u00e1 sendo executado pelo N\u00facleo de Concursos e Promo\u00e7\u00e3o de Eventos (Nucepe), que [&hellip;]\" \/>\n<meta property=\"og:url\" content=\"https:\/\/noticiaempauta.com\/portal\/nucepe-divulga-aprovados-na-prova-objetiva-do-concurso-da-policia-penal-do-piaui-veja-lista\/\" \/>\n<meta property=\"og:site_name\" content=\"Portal Not\u00edcia em Pauta\" \/>\n<meta property=\"article:publisher\" content=\"https:\/\/www.facebook.com\/Portal-Notcia-Em-Pauta-102292869264820\/\" \/>\n<meta property=\"article:published_time\" content=\"2024-05-16T12:11:55+00:00\" \/>\n<meta property=\"article:modified_time\" content=\"2024-05-16T12:11:56+00:00\" \/>\n<meta property=\"og:image\" content=\"https:\/\/noticiaempauta.com\/portal\/wp-content\/uploads\/2024\/05\/64d9673706322cd2e4225cef86a7e5c0.jpg\" \/>\n\t<meta property=\"og:image:width\" content=\"700\" \/>\n\t<meta property=\"og:image:height\" content=\"500\" \/>\n\t<meta property=\"og:image:type\" content=\"image\/jpeg\" \/>\n<meta name=\"author\" content=\"Reda\u00e7\u00e3o\" \/>\n<meta name=\"twitter:card\" content=\"summary_large_image\" \/>\n<meta name=\"twitter:label1\" content=\"Escrito por\" \/>\n\t<meta name=\"twitter:data1\" content=\"Reda\u00e7\u00e3o\" \/>\n\t<meta name=\"twitter:label2\" content=\"Est. tempo de leitura\" \/>\n\t<meta name=\"twitter:data2\" content=\"3 minutos\" \/>\n<script type=\"application\/ld+json\" class=\"yoast-schema-graph\">{\"@context\":\"https:\/\/schema.org\",\"@graph\":[{\"@type\":\"Article\",\"@id\":\"https:\/\/noticiaempauta.com\/portal\/nucepe-divulga-aprovados-na-prova-objetiva-do-concurso-da-policia-penal-do-piaui-veja-lista\/#article\",\"isPartOf\":{\"@id\":\"https:\/\/noticiaempauta.com\/portal\/nucepe-divulga-aprovados-na-prova-objetiva-do-concurso-da-policia-penal-do-piaui-veja-lista\/\"},\"author\":{\"name\":\"Reda\u00e7\u00e3o\",\"@id\":\"https:\/\/noticiaempauta.com\/portal\/#\/schema\/person\/a74af43dd1ab3deca45f988c717d57ac\"},\"headline\":\"Nucepe divulga aprovados na prova objetiva do concurso da Pol\u00edcia Penal do Piau\u00ed; veja lista\",\"datePublished\":\"2024-05-16T12:11:55+00:00\",\"dateModified\":\"2024-05-16T12:11:56+00:00\",\"mainEntityOfPage\":{\"@id\":\"https:\/\/noticiaempauta.com\/portal\/nucepe-divulga-aprovados-na-prova-objetiva-do-concurso-da-policia-penal-do-piaui-veja-lista\/\"},\"wordCount\":354,\"commentCount\":0,\"publisher\":{\"@id\":\"https:\/\/noticiaempauta.com\/portal\/#organization\"},\"image\":{\"@id\":\"https:\/\/noticiaempauta.com\/portal\/nucepe-divulga-aprovados-na-prova-objetiva-do-concurso-da-policia-penal-do-piaui-veja-lista\/#primaryimage\"},\"thumbnailUrl\":\"https:\/\/noticiaempauta.com\/portal\/wp-content\/uploads\/2024\/05\/64d9673706322cd2e4225cef86a7e5c0.jpg\",\"keywords\":[\"destaqueprincipal\"],\"articleSection\":[\"Destaques\",\"Geral\",\"Pol\u00edcia\",\"Todas as Not\u00edcias\"],\"inLanguage\":\"pt-BR\",\"potentialAction\":[{\"@type\":\"CommentAction\",\"name\":\"Comment\",\"target\":[\"https:\/\/noticiaempauta.com\/portal\/nucepe-divulga-aprovados-na-prova-objetiva-do-concurso-da-policia-penal-do-piaui-veja-lista\/#respond\"]}]},{\"@type\":\"WebPage\",\"@id\":\"https:\/\/noticiaempauta.com\/portal\/nucepe-divulga-aprovados-na-prova-objetiva-do-concurso-da-policia-penal-do-piaui-veja-lista\/\",\"url\":\"https:\/\/noticiaempauta.com\/portal\/nucepe-divulga-aprovados-na-prova-objetiva-do-concurso-da-policia-penal-do-piaui-veja-lista\/\",\"name\":\"Nucepe divulga aprovados na prova objetiva do concurso da Pol\u00edcia Penal do Piau\u00ed; veja lista - Portal Not\u00edcia em Pauta\",\"isPartOf\":{\"@id\":\"https:\/\/noticiaempauta.com\/portal\/#website\"},\"primaryImageOfPage\":{\"@id\":\"https:\/\/noticiaempauta.com\/portal\/nucepe-divulga-aprovados-na-prova-objetiva-do-concurso-da-policia-penal-do-piaui-veja-lista\/#primaryimage\"},\"image\":{\"@id\":\"https:\/\/noticiaempauta.com\/portal\/nucepe-divulga-aprovados-na-prova-objetiva-do-concurso-da-policia-penal-do-piaui-veja-lista\/#primaryimage\"},\"thumbnailUrl\":\"https:\/\/noticiaempauta.com\/portal\/wp-content\/uploads\/2024\/05\/64d9673706322cd2e4225cef86a7e5c0.jpg\",\"datePublished\":\"2024-05-16T12:11:55+00:00\",\"dateModified\":\"2024-05-16T12:11:56+00:00\",\"breadcrumb\":{\"@id\":\"https:\/\/noticiaempauta.com\/portal\/nucepe-divulga-aprovados-na-prova-objetiva-do-concurso-da-policia-penal-do-piaui-veja-lista\/#breadcrumb\"},\"inLanguage\":\"pt-BR\",\"potentialAction\":[{\"@type\":\"ReadAction\",\"target\":[\"https:\/\/noticiaempauta.com\/portal\/nucepe-divulga-aprovados-na-prova-objetiva-do-concurso-da-policia-penal-do-piaui-veja-lista\/\"]}]},{\"@type\":\"ImageObject\",\"inLanguage\":\"pt-BR\",\"@id\":\"https:\/\/noticiaempauta.com\/portal\/nucepe-divulga-aprovados-na-prova-objetiva-do-concurso-da-policia-penal-do-piaui-veja-lista\/#primaryimage\",\"url\":\"https:\/\/noticiaempauta.com\/portal\/wp-content\/uploads\/2024\/05\/64d9673706322cd2e4225cef86a7e5c0.jpg\",\"contentUrl\":\"https:\/\/noticiaempauta.com\/portal\/wp-content\/uploads\/2024\/05\/64d9673706322cd2e4225cef86a7e5c0.jpg\",\"width\":700,\"height\":500},{\"@type\":\"BreadcrumbList\",\"@id\":\"https:\/\/noticiaempauta.com\/portal\/nucepe-divulga-aprovados-na-prova-objetiva-do-concurso-da-policia-penal-do-piaui-veja-lista\/#breadcrumb\",\"itemListElement\":[{\"@type\":\"ListItem\",\"position\":1,\"name\":\"P\u00e1gina Inicial\",\"item\":\"https:\/\/noticiaempauta.com\/portal\/\"},{\"@type\":\"ListItem\",\"position\":2,\"name\":\"Destaques\",\"item\":\"https:\/\/noticiaempauta.com\/portal\/destaques-site\/\"},{\"@type\":\"ListItem\",\"position\":3,\"name\":\"Nucepe divulga aprovados na prova objetiva do concurso da Pol\u00edcia Penal do Piau\u00ed; veja lista\"}]},{\"@type\":\"WebSite\",\"@id\":\"https:\/\/noticiaempauta.com\/portal\/#website\",\"url\":\"https:\/\/noticiaempauta.com\/portal\/\",\"name\":\"Portal Not\u00edcia em Pauta\",\"description\":\"Voc\u00ea bem informado\",\"publisher\":{\"@id\":\"https:\/\/noticiaempauta.com\/portal\/#organization\"},\"potentialAction\":[{\"@type\":\"SearchAction\",\"target\":{\"@type\":\"EntryPoint\",\"urlTemplate\":\"https:\/\/noticiaempauta.com\/portal\/?s={search_term_string}\"},\"query-input\":{\"@type\":\"PropertyValueSpecification\",\"valueRequired\":true,\"valueName\":\"search_term_string\"}}],\"inLanguage\":\"pt-BR\"},{\"@type\":\"Organization\",\"@id\":\"https:\/\/noticiaempauta.com\/portal\/#organization\",\"name\":\"Portal Not\u00edcia em Pauta\",\"url\":\"https:\/\/noticiaempauta.com\/portal\/\",\"logo\":{\"@type\":\"ImageObject\",\"inLanguage\":\"pt-BR\",\"@id\":\"https:\/\/noticiaempauta.com\/portal\/#\/schema\/logo\/image\/\",\"url\":\"https:\/\/noticiaempauta.com\/portal\/wp-content\/uploads\/2022\/08\/logomarca_tema.fw_.png\",\"contentUrl\":\"https:\/\/noticiaempauta.com\/portal\/wp-content\/uploads\/2022\/08\/logomarca_tema.fw_.png\",\"width\":400,\"height\":232,\"caption\":\"Portal Not\u00edcia em Pauta\"},\"image\":{\"@id\":\"https:\/\/noticiaempauta.com\/portal\/#\/schema\/logo\/image\/\"},\"sameAs\":[\"https:\/\/www.facebook.com\/Portal-Notcia-Em-Pauta-102292869264820\/\",\"https:\/\/www.instagram.com\/portalnoticiaempauta\/\"]},{\"@type\":\"Person\",\"@id\":\"https:\/\/noticiaempauta.com\/portal\/#\/schema\/person\/a74af43dd1ab3deca45f988c717d57ac\",\"name\":\"Reda\u00e7\u00e3o\",\"image\":{\"@type\":\"ImageObject\",\"inLanguage\":\"pt-BR\",\"@id\":\"https:\/\/noticiaempauta.com\/portal\/#\/schema\/person\/image\/\",\"url\":\"https:\/\/secure.gravatar.com\/avatar\/03179346ecce6cdfc13361603e8f54242a90e5cde8618fa23c5c00aa2b0aadf3?s=96&d=mm&r=g\",\"contentUrl\":\"https:\/\/secure.gravatar.com\/avatar\/03179346ecce6cdfc13361603e8f54242a90e5cde8618fa23c5c00aa2b0aadf3?s=96&d=mm&r=g\",\"caption\":\"Reda\u00e7\u00e3o\"},\"sameAs\":[\"https:\/\/noticiaempauta.com\/portal\/\"],\"url\":\"https:\/\/noticiaempauta.com\/portal\/author\/fernando\/\"}]}<\/script>\n<!-- \/ Yoast SEO Premium plugin. -->","yoast_head_json":{"title":"Nucepe divulga aprovados na prova objetiva do concurso da Pol\u00edcia Penal do Piau\u00ed; veja lista - Portal Not\u00edcia em Pauta","robots":{"index":"index","follow":"follow","max-snippet":"max-snippet:-1","max-image-preview":"max-image-preview:large","max-video-preview":"max-video-preview:-1"},"canonical":"https:\/\/noticiaempauta.com\/portal\/nucepe-divulga-aprovados-na-prova-objetiva-do-concurso-da-policia-penal-do-piaui-veja-lista\/","og_locale":"pt_BR","og_type":"article","og_title":"Nucepe divulga aprovados na prova objetiva do concurso da Pol\u00edcia Penal do Piau\u00ed; veja lista","og_description":"O resultado da primeira etapa do concurso p\u00fablico para a Pol\u00edcia Penal do Piau\u00ed foi divulgado nesta quarta-feira (15) e \u00e9 relativo \u00e0 prova escrita objetiva. Agora, estes aprovados seguem para a etapa de corre\u00e7\u00e3o da prova escrita dissertativa (reda\u00e7\u00e3o).\u00a0 O certame est\u00e1 sendo executado pelo N\u00facleo de Concursos e Promo\u00e7\u00e3o de Eventos (Nucepe), que [&hellip;]","og_url":"https:\/\/noticiaempauta.com\/portal\/nucepe-divulga-aprovados-na-prova-objetiva-do-concurso-da-policia-penal-do-piaui-veja-lista\/","og_site_name":"Portal Not\u00edcia em Pauta","article_publisher":"https:\/\/www.facebook.com\/Portal-Notcia-Em-Pauta-102292869264820\/","article_published_time":"2024-05-16T12:11:55+00:00","article_modified_time":"2024-05-16T12:11:56+00:00","og_image":[{"width":700,"height":500,"url":"https:\/\/noticiaempauta.com\/portal\/wp-content\/uploads\/2024\/05\/64d9673706322cd2e4225cef86a7e5c0.jpg","type":"image\/jpeg"}],"author":"Reda\u00e7\u00e3o","twitter_card":"summary_large_image","twitter_misc":{"Escrito por":"Reda\u00e7\u00e3o","Est. tempo de leitura":"3 minutos"},"schema":{"@context":"https:\/\/schema.org","@graph":[{"@type":"Article","@id":"https:\/\/noticiaempauta.com\/portal\/nucepe-divulga-aprovados-na-prova-objetiva-do-concurso-da-policia-penal-do-piaui-veja-lista\/#article","isPartOf":{"@id":"https:\/\/noticiaempauta.com\/portal\/nucepe-divulga-aprovados-na-prova-objetiva-do-concurso-da-policia-penal-do-piaui-veja-lista\/"},"author":{"name":"Reda\u00e7\u00e3o","@id":"https:\/\/noticiaempauta.com\/portal\/#\/schema\/person\/a74af43dd1ab3deca45f988c717d57ac"},"headline":"Nucepe divulga aprovados na prova objetiva do concurso da Pol\u00edcia Penal do Piau\u00ed; veja lista","datePublished":"2024-05-16T12:11:55+00:00","dateModified":"2024-05-16T12:11:56+00:00","mainEntityOfPage":{"@id":"https:\/\/noticiaempauta.com\/portal\/nucepe-divulga-aprovados-na-prova-objetiva-do-concurso-da-policia-penal-do-piaui-veja-lista\/"},"wordCount":354,"commentCount":0,"publisher":{"@id":"https:\/\/noticiaempauta.com\/portal\/#organization"},"image":{"@id":"https:\/\/noticiaempauta.com\/portal\/nucepe-divulga-aprovados-na-prova-objetiva-do-concurso-da-policia-penal-do-piaui-veja-lista\/#primaryimage"},"thumbnailUrl":"https:\/\/noticiaempauta.com\/portal\/wp-content\/uploads\/2024\/05\/64d9673706322cd2e4225cef86a7e5c0.jpg","keywords":["destaqueprincipal"],"articleSection":["Destaques","Geral","Pol\u00edcia","Todas as Not\u00edcias"],"inLanguage":"pt-BR","potentialAction":[{"@type":"CommentAction","name":"Comment","target":["https:\/\/noticiaempauta.com\/portal\/nucepe-divulga-aprovados-na-prova-objetiva-do-concurso-da-policia-penal-do-piaui-veja-lista\/#respond"]}]},{"@type":"WebPage","@id":"https:\/\/noticiaempauta.com\/portal\/nucepe-divulga-aprovados-na-prova-objetiva-do-concurso-da-policia-penal-do-piaui-veja-lista\/","url":"https:\/\/noticiaempauta.com\/portal\/nucepe-divulga-aprovados-na-prova-objetiva-do-concurso-da-policia-penal-do-piaui-veja-lista\/","name":"Nucepe divulga aprovados na prova objetiva do concurso da Pol\u00edcia Penal do Piau\u00ed; veja lista - Portal Not\u00edcia em Pauta","isPartOf":{"@id":"https:\/\/noticiaempauta.com\/portal\/#website"},"primaryImageOfPage":{"@id":"https:\/\/noticiaempauta.com\/portal\/nucepe-divulga-aprovados-na-prova-objetiva-do-concurso-da-policia-penal-do-piaui-veja-lista\/#primaryimage"},"image":{"@id":"https:\/\/noticiaempauta.com\/portal\/nucepe-divulga-aprovados-na-prova-objetiva-do-concurso-da-policia-penal-do-piaui-veja-lista\/#primaryimage"},"thumbnailUrl":"https:\/\/noticiaempauta.com\/portal\/wp-content\/uploads\/2024\/05\/64d9673706322cd2e4225cef86a7e5c0.jpg","datePublished":"2024-05-16T12:11:55+00:00","dateModified":"2024-05-16T12:11:56+00:00","breadcrumb":{"@id":"https:\/\/noticiaempauta.com\/portal\/nucepe-divulga-aprovados-na-prova-objetiva-do-concurso-da-policia-penal-do-piaui-veja-lista\/#breadcrumb"},"inLanguage":"pt-BR","potentialAction":[{"@type":"ReadAction","target":["https:\/\/noticiaempauta.com\/portal\/nucepe-divulga-aprovados-na-prova-objetiva-do-concurso-da-policia-penal-do-piaui-veja-lista\/"]}]},{"@type":"ImageObject","inLanguage":"pt-BR","@id":"https:\/\/noticiaempauta.com\/portal\/nucepe-divulga-aprovados-na-prova-objetiva-do-concurso-da-policia-penal-do-piaui-veja-lista\/#primaryimage","url":"https:\/\/noticiaempauta.com\/portal\/wp-content\/uploads\/2024\/05\/64d9673706322cd2e4225cef86a7e5c0.jpg","contentUrl":"https:\/\/noticiaempauta.com\/portal\/wp-content\/uploads\/2024\/05\/64d9673706322cd2e4225cef86a7e5c0.jpg","width":700,"height":500},{"@type":"BreadcrumbList","@id":"https:\/\/noticiaempauta.com\/portal\/nucepe-divulga-aprovados-na-prova-objetiva-do-concurso-da-policia-penal-do-piaui-veja-lista\/#breadcrumb","itemListElement":[{"@type":"ListItem","position":1,"name":"P\u00e1gina Inicial","item":"https:\/\/noticiaempauta.com\/portal\/"},{"@type":"ListItem","position":2,"name":"Destaques","item":"https:\/\/noticiaempauta.com\/portal\/destaques-site\/"},{"@type":"ListItem","position":3,"name":"Nucepe divulga aprovados na prova objetiva do concurso da Pol\u00edcia Penal do Piau\u00ed; veja lista"}]},{"@type":"WebSite","@id":"https:\/\/noticiaempauta.com\/portal\/#website","url":"https:\/\/noticiaempauta.com\/portal\/","name":"Portal Not\u00edcia em Pauta","description":"Voc\u00ea bem informado","publisher":{"@id":"https:\/\/noticiaempauta.com\/portal\/#organization"},"potentialAction":[{"@type":"SearchAction","target":{"@type":"EntryPoint","urlTemplate":"https:\/\/noticiaempauta.com\/portal\/?s={search_term_string}"},"query-input":{"@type":"PropertyValueSpecification","valueRequired":true,"valueName":"search_term_string"}}],"inLanguage":"pt-BR"},{"@type":"Organization","@id":"https:\/\/noticiaempauta.com\/portal\/#organization","name":"Portal Not\u00edcia em Pauta","url":"https:\/\/noticiaempauta.com\/portal\/","logo":{"@type":"ImageObject","inLanguage":"pt-BR","@id":"https:\/\/noticiaempauta.com\/portal\/#\/schema\/logo\/image\/","url":"https:\/\/noticiaempauta.com\/portal\/wp-content\/uploads\/2022\/08\/logomarca_tema.fw_.png","contentUrl":"https:\/\/noticiaempauta.com\/portal\/wp-content\/uploads\/2022\/08\/logomarca_tema.fw_.png","width":400,"height":232,"caption":"Portal Not\u00edcia em Pauta"},"image":{"@id":"https:\/\/noticiaempauta.com\/portal\/#\/schema\/logo\/image\/"},"sameAs":["https:\/\/www.facebook.com\/Portal-Notcia-Em-Pauta-102292869264820\/","https:\/\/www.instagram.com\/portalnoticiaempauta\/"]},{"@type":"Person","@id":"https:\/\/noticiaempauta.com\/portal\/#\/schema\/person\/a74af43dd1ab3deca45f988c717d57ac","name":"Reda\u00e7\u00e3o","image":{"@type":"ImageObject","inLanguage":"pt-BR","@id":"https:\/\/noticiaempauta.com\/portal\/#\/schema\/person\/image\/","url":"https:\/\/secure.gravatar.com\/avatar\/03179346ecce6cdfc13361603e8f54242a90e5cde8618fa23c5c00aa2b0aadf3?s=96&d=mm&r=g","contentUrl":"https:\/\/secure.gravatar.com\/avatar\/03179346ecce6cdfc13361603e8f54242a90e5cde8618fa23c5c00aa2b0aadf3?s=96&d=mm&r=g","caption":"Reda\u00e7\u00e3o"},"sameAs":["https:\/\/noticiaempauta.com\/portal\/"],"url":"https:\/\/noticiaempauta.com\/portal\/author\/fernando\/"}]}},"_links":{"self":[{"href":"https:\/\/noticiaempauta.com\/portal\/wp-json\/wp\/v2\/posts\/257965","targetHints":{"allow":["GET"]}}],"collection":[{"href":"https:\/\/noticiaempauta.com\/portal\/wp-json\/wp\/v2\/posts"}],"about":[{"href":"https:\/\/noticiaempauta.com\/portal\/wp-json\/wp\/v2\/types\/post"}],"author":[{"embeddable":true,"href":"https:\/\/noticiaempauta.com\/portal\/wp-json\/wp\/v2\/users\/2"}],"replies":[{"embeddable":true,"href":"https:\/\/noticiaempauta.com\/portal\/wp-json\/wp\/v2\/comments?post=257965"}],"version-history":[{"count":2,"href":"https:\/\/noticiaempauta.com\/portal\/wp-json\/wp\/v2\/posts\/257965\/revisions"}],"predecessor-version":[{"id":257969,"href":"https:\/\/noticiaempauta.com\/portal\/wp-json\/wp\/v2\/posts\/257965\/revisions\/257969"}],"wp:featuredmedia":[{"embeddable":true,"href":"https:\/\/noticiaempauta.com\/portal\/wp-json\/wp\/v2\/media\/257967"}],"wp:attachment":[{"href":"https:\/\/noticiaempauta.com\/portal\/wp-json\/wp\/v2\/media?parent=257965"}],"wp:term":[{"taxonomy":"category","embeddable":true,"href":"https:\/\/noticiaempauta.com\/portal\/wp-json\/wp\/v2\/categories?post=257965"},{"taxonomy":"post_tag","embeddable":true,"href":"https:\/\/noticiaempauta.com\/portal\/wp-json\/wp\/v2\/tags?post=257965"}],"curies":[{"name":"wp","href":"https:\/\/api.w.org\/{rel}","templated":true}]}}