{"id":258056,"date":"2024-05-19T16:12:14","date_gmt":"2024-05-19T19:12:14","guid":{"rendered":"https:\/\/noticiaempauta.com\/portal\/?p=258056"},"modified":"2024-05-19T16:12:15","modified_gmt":"2024-05-19T19:12:15","slug":"ministerio-da-saude-lanca-edital-do-mais-medicos-com-61-vagas-para-o-piaui","status":"publish","type":"post","link":"https:\/\/noticiaempauta.com\/portal\/ministerio-da-saude-lanca-edital-do-mais-medicos-com-61-vagas-para-o-piaui\/","title":{"rendered":"Minist\u00e9rio da Sa\u00fade lan\u00e7a edital do &#8216;Mais M\u00e9dicos&#8217; com 61 vagas para o Piau\u00ed"},"content":{"rendered":"\n<p>Na \u00faltima quarta-feira (15), foi\u00a0lan\u00e7ado um novo edital do Programa Mais M\u00e9dicos. Agora, os gestores estaduais, municipais e do Distrito Federal devem indicar, at\u00e9 22 de maio, o n\u00famero de vagas a serem preenchidas e as localidades.\u00a0<strong>No Piau\u00ed, h\u00e1 61 vagas dispon\u00edveis em 45 cidades do estado para auxiliar no cuidado da popula\u00e7\u00e3o.<\/strong><\/p>\n\n\n\n<p><a href=\"https:\/\/www.in.gov.br\/en\/web\/dou\/-\/edital-n-3\/2024-559732562\" target=\"_blank\" rel=\"noreferrer noopener\"><strong>ACESSE AQUI O EDITAL<\/strong><\/a><\/p>\n\n\n\n<h2 class=\"wp-block-heading\" id=\"h-vagas-no-pais\">VAGAS NO PA\u00cdS<\/h2>\n\n\n\n<p><strong>As 2.231 vagas est\u00e3o distribu\u00eddas em 1.277 munic\u00edpios<\/strong>&nbsp;e, nesta etapa, os gestores das prefeituras e do Distrito Federal devem indicar, at\u00e9 o dia 22 de maio, quantas pretendem preencher em cada localidade do total autorizado pelo edital. Ap\u00f3s a etapa de valida\u00e7\u00e3o das vagas dos munic\u00edpios, o Minist\u00e9rio da Sa\u00fade publicar\u00e1 o chamamento aos profissionais. &nbsp; &nbsp;&nbsp;<\/p>\n\n\n\n<h2 class=\"wp-block-heading\" id=\"h-populacao-quilombola\">POPULA\u00c7\u00c3O QUILOMBOLA<\/h2>\n\n\n\n<p>Al\u00e9m da reposi\u00e7\u00e3o,&nbsp;<strong>est\u00e3o previstas 66 novas vagas para popula\u00e7\u00f5es quilombolas<\/strong>, que vivem em assentamentos rurais, em reservas extrativistas, e popula\u00e7\u00e3o ribeirinha para garantir o acesso \u00e0 sa\u00fade nessas regi\u00f5es de dif\u00edcil provimento e fixa\u00e7\u00e3o de profissionais. &nbsp;<\/p>\n\n\n\n<p><a href=\"http:\/\/maismedicos.gov.br\/images\/2024\/Cronogramas_atualizados_em_2024\/Cronograma-municipios-38-Ciclo.pdf\" target=\"_blank\" rel=\"noreferrer noopener\"><strong>ACESSE AQUI O CRONOGRAMA<\/strong><\/a><\/p>\n\n\n\n<h2 class=\"wp-block-heading\" id=\"h-regioes-de-alta-vulnerabilidade\">REGI\u00d5ES DE ALTA VULNERABILIDADE<\/h2>\n\n\n\n<p>Para atender as regi\u00f5es que mais precisam, o<strong>&nbsp;Programa Mais M\u00e9dicos utiliza crit\u00e9rios na distribui\u00e7\u00e3o das vagas<\/strong>, tais como a situa\u00e7\u00e3o de vulnerabilidade social, maior depend\u00eancia do Sistema \u00danico de Sa\u00fade (SUS) para o acesso da popula\u00e7\u00e3o \u00e0 sa\u00fade e a dificuldade de provimento de profissionais.&nbsp;<\/p>\n\n\n\n<p>Neste edital,&nbsp;<strong>11,7% das vagas foram destinadas \u00e0s regi\u00f5es de muito alta vulnerabilidade e 13,8% para as \u00e1reas de alta vulnerabilidade social&nbsp;<\/strong>&#8211; 572 vagas aos munic\u00edpios de extrema pobreza, considerados de alta e muito alta vulnerabilidade. &nbsp;<\/p>\n\n\n\n<p>Fonte: Meio News<\/p>\n","protected":false},"excerpt":{"rendered":"<p>Na \u00faltima quarta-feira (15), foi\u00a0lan\u00e7ado um novo edital do Programa Mais M\u00e9dicos. Agora, os gestores estaduais, municipais e do Distrito Federal devem indicar, at\u00e9 22 de maio, o n\u00famero de vagas a serem preenchidas e as localidades.\u00a0No Piau\u00ed, h\u00e1 61 vagas dispon\u00edveis em 45 cidades do estado para auxiliar no cuidado da popula\u00e7\u00e3o. ACESSE AQUI [&hellip;]<\/p>\n","protected":false},"author":2,"featured_media":258058,"comment_status":"open","ping_status":"open","sticky":false,"template":"","format":"standard","meta":{"_mi_skip_tracking":false,"footnotes":""},"categories":[25,1,9,5,16],"tags":[192],"class_list":["post-258056","post","type-post","status-publish","format-standard","has-post-thumbnail","hentry","category-destaques-site","category-geral","category-municipios","category-saude","category-todas","tag-destaqueprincipal"],"acf":[],"yoast_head":"<!-- This site is optimized with the Yoast SEO Premium plugin v19.2 (Yoast SEO v26.9) - https:\/\/yoast.com\/product\/yoast-seo-premium-wordpress\/ -->\n<title>Minist\u00e9rio da Sa\u00fade lan\u00e7a edital do &#039;Mais M\u00e9dicos&#039; com 61 vagas para o Piau\u00ed - Portal Not\u00edcia em Pauta<\/title>\n<meta name=\"robots\" content=\"index, follow, max-snippet:-1, max-image-preview:large, max-video-preview:-1\" \/>\n<link rel=\"canonical\" href=\"https:\/\/noticiaempauta.com\/portal\/ministerio-da-saude-lanca-edital-do-mais-medicos-com-61-vagas-para-o-piaui\/\" \/>\n<meta property=\"og:locale\" content=\"pt_BR\" \/>\n<meta property=\"og:type\" content=\"article\" \/>\n<meta property=\"og:title\" content=\"Minist\u00e9rio da Sa\u00fade lan\u00e7a edital do &#039;Mais M\u00e9dicos&#039; com 61 vagas para o Piau\u00ed\" \/>\n<meta property=\"og:description\" content=\"Na \u00faltima quarta-feira (15), foi\u00a0lan\u00e7ado um novo edital do Programa Mais M\u00e9dicos. Agora, os gestores estaduais, municipais e do Distrito Federal devem indicar, at\u00e9 22 de maio, o n\u00famero de vagas a serem preenchidas e as localidades.\u00a0No Piau\u00ed, h\u00e1 61 vagas dispon\u00edveis em 45 cidades do estado para auxiliar no cuidado da popula\u00e7\u00e3o. ACESSE AQUI [&hellip;]\" \/>\n<meta property=\"og:url\" content=\"https:\/\/noticiaempauta.com\/portal\/ministerio-da-saude-lanca-edital-do-mais-medicos-com-61-vagas-para-o-piaui\/\" \/>\n<meta property=\"og:site_name\" content=\"Portal Not\u00edcia em Pauta\" \/>\n<meta property=\"article:publisher\" content=\"https:\/\/www.facebook.com\/Portal-Notcia-Em-Pauta-102292869264820\/\" \/>\n<meta property=\"article:published_time\" content=\"2024-05-19T19:12:14+00:00\" \/>\n<meta property=\"article:modified_time\" content=\"2024-05-19T19:12:15+00:00\" \/>\n<meta property=\"og:image\" content=\"https:\/\/noticiaempauta.com\/portal\/wp-content\/uploads\/2024\/05\/IMG_1687.webp\" \/>\n\t<meta property=\"og:image:width\" content=\"1200\" \/>\n\t<meta property=\"og:image:height\" content=\"801\" \/>\n\t<meta property=\"og:image:type\" content=\"image\/webp\" \/>\n<meta name=\"author\" content=\"Reda\u00e7\u00e3o\" \/>\n<meta name=\"twitter:card\" content=\"summary_large_image\" \/>\n<meta name=\"twitter:label1\" content=\"Escrito por\" \/>\n\t<meta name=\"twitter:data1\" content=\"Reda\u00e7\u00e3o\" \/>\n\t<meta name=\"twitter:label2\" content=\"Est. tempo de leitura\" \/>\n\t<meta name=\"twitter:data2\" content=\"2 minutos\" \/>\n<script type=\"application\/ld+json\" class=\"yoast-schema-graph\">{\"@context\":\"https:\/\/schema.org\",\"@graph\":[{\"@type\":\"Article\",\"@id\":\"https:\/\/noticiaempauta.com\/portal\/ministerio-da-saude-lanca-edital-do-mais-medicos-com-61-vagas-para-o-piaui\/#article\",\"isPartOf\":{\"@id\":\"https:\/\/noticiaempauta.com\/portal\/ministerio-da-saude-lanca-edital-do-mais-medicos-com-61-vagas-para-o-piaui\/\"},\"author\":{\"name\":\"Reda\u00e7\u00e3o\",\"@id\":\"https:\/\/noticiaempauta.com\/portal\/#\/schema\/person\/a74af43dd1ab3deca45f988c717d57ac\"},\"headline\":\"Minist\u00e9rio da Sa\u00fade lan\u00e7a edital do &#8216;Mais M\u00e9dicos&#8217; com 61 vagas para o Piau\u00ed\",\"datePublished\":\"2024-05-19T19:12:14+00:00\",\"dateModified\":\"2024-05-19T19:12:15+00:00\",\"mainEntityOfPage\":{\"@id\":\"https:\/\/noticiaempauta.com\/portal\/ministerio-da-saude-lanca-edital-do-mais-medicos-com-61-vagas-para-o-piaui\/\"},\"wordCount\":302,\"commentCount\":0,\"publisher\":{\"@id\":\"https:\/\/noticiaempauta.com\/portal\/#organization\"},\"image\":{\"@id\":\"https:\/\/noticiaempauta.com\/portal\/ministerio-da-saude-lanca-edital-do-mais-medicos-com-61-vagas-para-o-piaui\/#primaryimage\"},\"thumbnailUrl\":\"https:\/\/noticiaempauta.com\/portal\/wp-content\/uploads\/2024\/05\/IMG_1687.webp\",\"keywords\":[\"destaqueprincipal\"],\"articleSection\":[\"Destaques\",\"Geral\",\"Munic\u00edpios\",\"Sa\u00fade\",\"Todas as Not\u00edcias\"],\"inLanguage\":\"pt-BR\",\"potentialAction\":[{\"@type\":\"CommentAction\",\"name\":\"Comment\",\"target\":[\"https:\/\/noticiaempauta.com\/portal\/ministerio-da-saude-lanca-edital-do-mais-medicos-com-61-vagas-para-o-piaui\/#respond\"]}]},{\"@type\":\"WebPage\",\"@id\":\"https:\/\/noticiaempauta.com\/portal\/ministerio-da-saude-lanca-edital-do-mais-medicos-com-61-vagas-para-o-piaui\/\",\"url\":\"https:\/\/noticiaempauta.com\/portal\/ministerio-da-saude-lanca-edital-do-mais-medicos-com-61-vagas-para-o-piaui\/\",\"name\":\"Minist\u00e9rio da Sa\u00fade lan\u00e7a edital do 'Mais M\u00e9dicos' com 61 vagas para o Piau\u00ed - Portal Not\u00edcia em Pauta\",\"isPartOf\":{\"@id\":\"https:\/\/noticiaempauta.com\/portal\/#website\"},\"primaryImageOfPage\":{\"@id\":\"https:\/\/noticiaempauta.com\/portal\/ministerio-da-saude-lanca-edital-do-mais-medicos-com-61-vagas-para-o-piaui\/#primaryimage\"},\"image\":{\"@id\":\"https:\/\/noticiaempauta.com\/portal\/ministerio-da-saude-lanca-edital-do-mais-medicos-com-61-vagas-para-o-piaui\/#primaryimage\"},\"thumbnailUrl\":\"https:\/\/noticiaempauta.com\/portal\/wp-content\/uploads\/2024\/05\/IMG_1687.webp\",\"datePublished\":\"2024-05-19T19:12:14+00:00\",\"dateModified\":\"2024-05-19T19:12:15+00:00\",\"breadcrumb\":{\"@id\":\"https:\/\/noticiaempauta.com\/portal\/ministerio-da-saude-lanca-edital-do-mais-medicos-com-61-vagas-para-o-piaui\/#breadcrumb\"},\"inLanguage\":\"pt-BR\",\"potentialAction\":[{\"@type\":\"ReadAction\",\"target\":[\"https:\/\/noticiaempauta.com\/portal\/ministerio-da-saude-lanca-edital-do-mais-medicos-com-61-vagas-para-o-piaui\/\"]}]},{\"@type\":\"ImageObject\",\"inLanguage\":\"pt-BR\",\"@id\":\"https:\/\/noticiaempauta.com\/portal\/ministerio-da-saude-lanca-edital-do-mais-medicos-com-61-vagas-para-o-piaui\/#primaryimage\",\"url\":\"https:\/\/noticiaempauta.com\/portal\/wp-content\/uploads\/2024\/05\/IMG_1687.webp\",\"contentUrl\":\"https:\/\/noticiaempauta.com\/portal\/wp-content\/uploads\/2024\/05\/IMG_1687.webp\",\"width\":1200,\"height\":801},{\"@type\":\"BreadcrumbList\",\"@id\":\"https:\/\/noticiaempauta.com\/portal\/ministerio-da-saude-lanca-edital-do-mais-medicos-com-61-vagas-para-o-piaui\/#breadcrumb\",\"itemListElement\":[{\"@type\":\"ListItem\",\"position\":1,\"name\":\"P\u00e1gina Inicial\",\"item\":\"https:\/\/noticiaempauta.com\/portal\/\"},{\"@type\":\"ListItem\",\"position\":2,\"name\":\"Destaques\",\"item\":\"https:\/\/noticiaempauta.com\/portal\/destaques-site\/\"},{\"@type\":\"ListItem\",\"position\":3,\"name\":\"Minist\u00e9rio da Sa\u00fade lan\u00e7a edital do &#8216;Mais M\u00e9dicos&#8217; com 61 vagas para o Piau\u00ed\"}]},{\"@type\":\"WebSite\",\"@id\":\"https:\/\/noticiaempauta.com\/portal\/#website\",\"url\":\"https:\/\/noticiaempauta.com\/portal\/\",\"name\":\"Portal Not\u00edcia em Pauta\",\"description\":\"Voc\u00ea bem informado\",\"publisher\":{\"@id\":\"https:\/\/noticiaempauta.com\/portal\/#organization\"},\"potentialAction\":[{\"@type\":\"SearchAction\",\"target\":{\"@type\":\"EntryPoint\",\"urlTemplate\":\"https:\/\/noticiaempauta.com\/portal\/?s={search_term_string}\"},\"query-input\":{\"@type\":\"PropertyValueSpecification\",\"valueRequired\":true,\"valueName\":\"search_term_string\"}}],\"inLanguage\":\"pt-BR\"},{\"@type\":\"Organization\",\"@id\":\"https:\/\/noticiaempauta.com\/portal\/#organization\",\"name\":\"Portal Not\u00edcia em Pauta\",\"url\":\"https:\/\/noticiaempauta.com\/portal\/\",\"logo\":{\"@type\":\"ImageObject\",\"inLanguage\":\"pt-BR\",\"@id\":\"https:\/\/noticiaempauta.com\/portal\/#\/schema\/logo\/image\/\",\"url\":\"https:\/\/noticiaempauta.com\/portal\/wp-content\/uploads\/2022\/08\/logomarca_tema.fw_.png\",\"contentUrl\":\"https:\/\/noticiaempauta.com\/portal\/wp-content\/uploads\/2022\/08\/logomarca_tema.fw_.png\",\"width\":400,\"height\":232,\"caption\":\"Portal Not\u00edcia em Pauta\"},\"image\":{\"@id\":\"https:\/\/noticiaempauta.com\/portal\/#\/schema\/logo\/image\/\"},\"sameAs\":[\"https:\/\/www.facebook.com\/Portal-Notcia-Em-Pauta-102292869264820\/\",\"https:\/\/www.instagram.com\/portalnoticiaempauta\/\"]},{\"@type\":\"Person\",\"@id\":\"https:\/\/noticiaempauta.com\/portal\/#\/schema\/person\/a74af43dd1ab3deca45f988c717d57ac\",\"name\":\"Reda\u00e7\u00e3o\",\"image\":{\"@type\":\"ImageObject\",\"inLanguage\":\"pt-BR\",\"@id\":\"https:\/\/noticiaempauta.com\/portal\/#\/schema\/person\/image\/\",\"url\":\"https:\/\/secure.gravatar.com\/avatar\/03179346ecce6cdfc13361603e8f54242a90e5cde8618fa23c5c00aa2b0aadf3?s=96&d=mm&r=g\",\"contentUrl\":\"https:\/\/secure.gravatar.com\/avatar\/03179346ecce6cdfc13361603e8f54242a90e5cde8618fa23c5c00aa2b0aadf3?s=96&d=mm&r=g\",\"caption\":\"Reda\u00e7\u00e3o\"},\"sameAs\":[\"https:\/\/noticiaempauta.com\/portal\/\"],\"url\":\"https:\/\/noticiaempauta.com\/portal\/author\/fernando\/\"}]}<\/script>\n<!-- \/ Yoast SEO Premium plugin. -->","yoast_head_json":{"title":"Minist\u00e9rio da Sa\u00fade lan\u00e7a edital do 'Mais M\u00e9dicos' com 61 vagas para o Piau\u00ed - Portal Not\u00edcia em Pauta","robots":{"index":"index","follow":"follow","max-snippet":"max-snippet:-1","max-image-preview":"max-image-preview:large","max-video-preview":"max-video-preview:-1"},"canonical":"https:\/\/noticiaempauta.com\/portal\/ministerio-da-saude-lanca-edital-do-mais-medicos-com-61-vagas-para-o-piaui\/","og_locale":"pt_BR","og_type":"article","og_title":"Minist\u00e9rio da Sa\u00fade lan\u00e7a edital do 'Mais M\u00e9dicos' com 61 vagas para o Piau\u00ed","og_description":"Na \u00faltima quarta-feira (15), foi\u00a0lan\u00e7ado um novo edital do Programa Mais M\u00e9dicos. Agora, os gestores estaduais, municipais e do Distrito Federal devem indicar, at\u00e9 22 de maio, o n\u00famero de vagas a serem preenchidas e as localidades.\u00a0No Piau\u00ed, h\u00e1 61 vagas dispon\u00edveis em 45 cidades do estado para auxiliar no cuidado da popula\u00e7\u00e3o. ACESSE AQUI [&hellip;]","og_url":"https:\/\/noticiaempauta.com\/portal\/ministerio-da-saude-lanca-edital-do-mais-medicos-com-61-vagas-para-o-piaui\/","og_site_name":"Portal Not\u00edcia em Pauta","article_publisher":"https:\/\/www.facebook.com\/Portal-Notcia-Em-Pauta-102292869264820\/","article_published_time":"2024-05-19T19:12:14+00:00","article_modified_time":"2024-05-19T19:12:15+00:00","og_image":[{"width":1200,"height":801,"url":"https:\/\/noticiaempauta.com\/portal\/wp-content\/uploads\/2024\/05\/IMG_1687.webp","type":"image\/webp"}],"author":"Reda\u00e7\u00e3o","twitter_card":"summary_large_image","twitter_misc":{"Escrito por":"Reda\u00e7\u00e3o","Est. tempo de leitura":"2 minutos"},"schema":{"@context":"https:\/\/schema.org","@graph":[{"@type":"Article","@id":"https:\/\/noticiaempauta.com\/portal\/ministerio-da-saude-lanca-edital-do-mais-medicos-com-61-vagas-para-o-piaui\/#article","isPartOf":{"@id":"https:\/\/noticiaempauta.com\/portal\/ministerio-da-saude-lanca-edital-do-mais-medicos-com-61-vagas-para-o-piaui\/"},"author":{"name":"Reda\u00e7\u00e3o","@id":"https:\/\/noticiaempauta.com\/portal\/#\/schema\/person\/a74af43dd1ab3deca45f988c717d57ac"},"headline":"Minist\u00e9rio da Sa\u00fade lan\u00e7a edital do &#8216;Mais M\u00e9dicos&#8217; com 61 vagas para o Piau\u00ed","datePublished":"2024-05-19T19:12:14+00:00","dateModified":"2024-05-19T19:12:15+00:00","mainEntityOfPage":{"@id":"https:\/\/noticiaempauta.com\/portal\/ministerio-da-saude-lanca-edital-do-mais-medicos-com-61-vagas-para-o-piaui\/"},"wordCount":302,"commentCount":0,"publisher":{"@id":"https:\/\/noticiaempauta.com\/portal\/#organization"},"image":{"@id":"https:\/\/noticiaempauta.com\/portal\/ministerio-da-saude-lanca-edital-do-mais-medicos-com-61-vagas-para-o-piaui\/#primaryimage"},"thumbnailUrl":"https:\/\/noticiaempauta.com\/portal\/wp-content\/uploads\/2024\/05\/IMG_1687.webp","keywords":["destaqueprincipal"],"articleSection":["Destaques","Geral","Munic\u00edpios","Sa\u00fade","Todas as Not\u00edcias"],"inLanguage":"pt-BR","potentialAction":[{"@type":"CommentAction","name":"Comment","target":["https:\/\/noticiaempauta.com\/portal\/ministerio-da-saude-lanca-edital-do-mais-medicos-com-61-vagas-para-o-piaui\/#respond"]}]},{"@type":"WebPage","@id":"https:\/\/noticiaempauta.com\/portal\/ministerio-da-saude-lanca-edital-do-mais-medicos-com-61-vagas-para-o-piaui\/","url":"https:\/\/noticiaempauta.com\/portal\/ministerio-da-saude-lanca-edital-do-mais-medicos-com-61-vagas-para-o-piaui\/","name":"Minist\u00e9rio da Sa\u00fade lan\u00e7a edital do 'Mais M\u00e9dicos' com 61 vagas para o Piau\u00ed - Portal Not\u00edcia em Pauta","isPartOf":{"@id":"https:\/\/noticiaempauta.com\/portal\/#website"},"primaryImageOfPage":{"@id":"https:\/\/noticiaempauta.com\/portal\/ministerio-da-saude-lanca-edital-do-mais-medicos-com-61-vagas-para-o-piaui\/#primaryimage"},"image":{"@id":"https:\/\/noticiaempauta.com\/portal\/ministerio-da-saude-lanca-edital-do-mais-medicos-com-61-vagas-para-o-piaui\/#primaryimage"},"thumbnailUrl":"https:\/\/noticiaempauta.com\/portal\/wp-content\/uploads\/2024\/05\/IMG_1687.webp","datePublished":"2024-05-19T19:12:14+00:00","dateModified":"2024-05-19T19:12:15+00:00","breadcrumb":{"@id":"https:\/\/noticiaempauta.com\/portal\/ministerio-da-saude-lanca-edital-do-mais-medicos-com-61-vagas-para-o-piaui\/#breadcrumb"},"inLanguage":"pt-BR","potentialAction":[{"@type":"ReadAction","target":["https:\/\/noticiaempauta.com\/portal\/ministerio-da-saude-lanca-edital-do-mais-medicos-com-61-vagas-para-o-piaui\/"]}]},{"@type":"ImageObject","inLanguage":"pt-BR","@id":"https:\/\/noticiaempauta.com\/portal\/ministerio-da-saude-lanca-edital-do-mais-medicos-com-61-vagas-para-o-piaui\/#primaryimage","url":"https:\/\/noticiaempauta.com\/portal\/wp-content\/uploads\/2024\/05\/IMG_1687.webp","contentUrl":"https:\/\/noticiaempauta.com\/portal\/wp-content\/uploads\/2024\/05\/IMG_1687.webp","width":1200,"height":801},{"@type":"BreadcrumbList","@id":"https:\/\/noticiaempauta.com\/portal\/ministerio-da-saude-lanca-edital-do-mais-medicos-com-61-vagas-para-o-piaui\/#breadcrumb","itemListElement":[{"@type":"ListItem","position":1,"name":"P\u00e1gina Inicial","item":"https:\/\/noticiaempauta.com\/portal\/"},{"@type":"ListItem","position":2,"name":"Destaques","item":"https:\/\/noticiaempauta.com\/portal\/destaques-site\/"},{"@type":"ListItem","position":3,"name":"Minist\u00e9rio da Sa\u00fade lan\u00e7a edital do &#8216;Mais M\u00e9dicos&#8217; com 61 vagas para o Piau\u00ed"}]},{"@type":"WebSite","@id":"https:\/\/noticiaempauta.com\/portal\/#website","url":"https:\/\/noticiaempauta.com\/portal\/","name":"Portal Not\u00edcia em Pauta","description":"Voc\u00ea bem informado","publisher":{"@id":"https:\/\/noticiaempauta.com\/portal\/#organization"},"potentialAction":[{"@type":"SearchAction","target":{"@type":"EntryPoint","urlTemplate":"https:\/\/noticiaempauta.com\/portal\/?s={search_term_string}"},"query-input":{"@type":"PropertyValueSpecification","valueRequired":true,"valueName":"search_term_string"}}],"inLanguage":"pt-BR"},{"@type":"Organization","@id":"https:\/\/noticiaempauta.com\/portal\/#organization","name":"Portal Not\u00edcia em Pauta","url":"https:\/\/noticiaempauta.com\/portal\/","logo":{"@type":"ImageObject","inLanguage":"pt-BR","@id":"https:\/\/noticiaempauta.com\/portal\/#\/schema\/logo\/image\/","url":"https:\/\/noticiaempauta.com\/portal\/wp-content\/uploads\/2022\/08\/logomarca_tema.fw_.png","contentUrl":"https:\/\/noticiaempauta.com\/portal\/wp-content\/uploads\/2022\/08\/logomarca_tema.fw_.png","width":400,"height":232,"caption":"Portal Not\u00edcia em Pauta"},"image":{"@id":"https:\/\/noticiaempauta.com\/portal\/#\/schema\/logo\/image\/"},"sameAs":["https:\/\/www.facebook.com\/Portal-Notcia-Em-Pauta-102292869264820\/","https:\/\/www.instagram.com\/portalnoticiaempauta\/"]},{"@type":"Person","@id":"https:\/\/noticiaempauta.com\/portal\/#\/schema\/person\/a74af43dd1ab3deca45f988c717d57ac","name":"Reda\u00e7\u00e3o","image":{"@type":"ImageObject","inLanguage":"pt-BR","@id":"https:\/\/noticiaempauta.com\/portal\/#\/schema\/person\/image\/","url":"https:\/\/secure.gravatar.com\/avatar\/03179346ecce6cdfc13361603e8f54242a90e5cde8618fa23c5c00aa2b0aadf3?s=96&d=mm&r=g","contentUrl":"https:\/\/secure.gravatar.com\/avatar\/03179346ecce6cdfc13361603e8f54242a90e5cde8618fa23c5c00aa2b0aadf3?s=96&d=mm&r=g","caption":"Reda\u00e7\u00e3o"},"sameAs":["https:\/\/noticiaempauta.com\/portal\/"],"url":"https:\/\/noticiaempauta.com\/portal\/author\/fernando\/"}]}},"_links":{"self":[{"href":"https:\/\/noticiaempauta.com\/portal\/wp-json\/wp\/v2\/posts\/258056","targetHints":{"allow":["GET"]}}],"collection":[{"href":"https:\/\/noticiaempauta.com\/portal\/wp-json\/wp\/v2\/posts"}],"about":[{"href":"https:\/\/noticiaempauta.com\/portal\/wp-json\/wp\/v2\/types\/post"}],"author":[{"embeddable":true,"href":"https:\/\/noticiaempauta.com\/portal\/wp-json\/wp\/v2\/users\/2"}],"replies":[{"embeddable":true,"href":"https:\/\/noticiaempauta.com\/portal\/wp-json\/wp\/v2\/comments?post=258056"}],"version-history":[{"count":2,"href":"https:\/\/noticiaempauta.com\/portal\/wp-json\/wp\/v2\/posts\/258056\/revisions"}],"predecessor-version":[{"id":258060,"href":"https:\/\/noticiaempauta.com\/portal\/wp-json\/wp\/v2\/posts\/258056\/revisions\/258060"}],"wp:featuredmedia":[{"embeddable":true,"href":"https:\/\/noticiaempauta.com\/portal\/wp-json\/wp\/v2\/media\/258058"}],"wp:attachment":[{"href":"https:\/\/noticiaempauta.com\/portal\/wp-json\/wp\/v2\/media?parent=258056"}],"wp:term":[{"taxonomy":"category","embeddable":true,"href":"https:\/\/noticiaempauta.com\/portal\/wp-json\/wp\/v2\/categories?post=258056"},{"taxonomy":"post_tag","embeddable":true,"href":"https:\/\/noticiaempauta.com\/portal\/wp-json\/wp\/v2\/tags?post=258056"}],"curies":[{"name":"wp","href":"https:\/\/api.w.org\/{rel}","templated":true}]}}