{"id":258078,"date":"2024-05-20T08:55:43","date_gmt":"2024-05-20T11:55:43","guid":{"rendered":"https:\/\/noticiaempauta.com\/portal\/?p=258078"},"modified":"2024-05-20T08:55:45","modified_gmt":"2024-05-20T11:55:45","slug":"medica-morre-apos-complicacoes-da-dengue-em-teresina-filho-faleceu-da-mesma-doenca","status":"publish","type":"post","link":"https:\/\/noticiaempauta.com\/portal\/medica-morre-apos-complicacoes-da-dengue-em-teresina-filho-faleceu-da-mesma-doenca\/","title":{"rendered":"M\u00e9dica morre ap\u00f3s complica\u00e7\u00f5es da dengue em Teresina; filho faleceu da mesma doen\u00e7a"},"content":{"rendered":"\n<p>Uma m\u00e9dica pediatra identificada como Laysa Lira, que estava internada em estado grave\u00a0devido a complica\u00e7\u00f5es da dengue, morreu na manh\u00e3 desta segunda-feira (20), em Teresina. No dia 7 de maio, ela perdeu seu filho,\u00a0Rafael Lira Matias, que tamb\u00e9m sofreu complica\u00e7\u00f5es da mesma doen\u00e7a.<\/p>\n\n\n\n<figure class=\"wp-block-image size-large\"><img fetchpriority=\"high\" decoding=\"async\" width=\"1024\" height=\"576\" src=\"https:\/\/noticiaempauta.com\/portal\/wp-content\/uploads\/2024\/05\/pi-medica-morre-apos-complicacoes-da-dengue-em-teresina-filho-morreu-ha-12-dias-9d228c06-1675-4951-b01f-f5e2f89b99ea.jpg-1024x576.webp\" alt=\"\" class=\"wp-image-258081\" srcset=\"https:\/\/noticiaempauta.com\/portal\/wp-content\/uploads\/2024\/05\/pi-medica-morre-apos-complicacoes-da-dengue-em-teresina-filho-morreu-ha-12-dias-9d228c06-1675-4951-b01f-f5e2f89b99ea.jpg-1024x576.webp 1024w, https:\/\/noticiaempauta.com\/portal\/wp-content\/uploads\/2024\/05\/pi-medica-morre-apos-complicacoes-da-dengue-em-teresina-filho-morreu-ha-12-dias-9d228c06-1675-4951-b01f-f5e2f89b99ea.jpg-300x169.webp 300w, https:\/\/noticiaempauta.com\/portal\/wp-content\/uploads\/2024\/05\/pi-medica-morre-apos-complicacoes-da-dengue-em-teresina-filho-morreu-ha-12-dias-9d228c06-1675-4951-b01f-f5e2f89b99ea.jpg-768x432.webp 768w, https:\/\/noticiaempauta.com\/portal\/wp-content\/uploads\/2024\/05\/pi-medica-morre-apos-complicacoes-da-dengue-em-teresina-filho-morreu-ha-12-dias-9d228c06-1675-4951-b01f-f5e2f89b99ea.jpg-1536x864.webp 1536w, https:\/\/noticiaempauta.com\/portal\/wp-content\/uploads\/2024\/05\/pi-medica-morre-apos-complicacoes-da-dengue-em-teresina-filho-morreu-ha-12-dias-9d228c06-1675-4951-b01f-f5e2f89b99ea.jpg.webp 1600w\" sizes=\"(max-width: 1024px) 100vw, 1024px\" \/><figcaption class=\"wp-element-caption\">No in\u00edcio deste m\u00eas, Laysa Lira perdeu seu filho, Rafael Lira Matias, que tamb\u00e9m sofreu complica\u00e7\u00f5es por dengue | Reprodu\u00e7\u00e3o\/Redes sociais<\/figcaption><\/figure>\n\n\n\n<p>Laysa atuava como pediatra em uma policl\u00ednica do munic\u00edpio de Amarante, localizado a 160 km de Teresina, e estava na Unidade de Terapia Intensiva (UTI) de um hospital particular na capital piauiense. Seu filho mais velho est\u00e1 internado em estado grave.<\/p>\n\n\n\n<p>A m\u00e9dica \u00e9 filha do Dr. Agenor Lira, ex-prefeito de Amarante. Ele informou&nbsp;que ela apresentou uma piora no quadro neste domingo (19), mas foi reanimada pela equipe hospitalar.&nbsp;Horas depois, na manh\u00e3 de hoje (20), ela teve morte confirmada pelo hospital ap\u00f3s fal\u00eancia m\u00faltipla de \u00f3rg\u00e3os.<\/p>\n\n\n\n<p>&#8220;A minha filha teve uma parada card\u00edaca durante 15 minutos na UTI, eu estava l\u00e1. Tentaram reanimar e eu n\u00e3o consegui [ficar no local], me retirei, mas depois a reanimaram&#8221;, falou Agenor. O vel\u00f3rio e o sepultamento de Laysa Lira devem acontecer ao longo desta segunda-feira (20).<\/p>\n\n\n\n<h3 class=\"wp-block-heading\" id=\"h-morte-de-rafael\">MORTE DE RAFAEL<\/h3>\n\n\n\n<figure class=\"wp-block-image size-large\"><img decoding=\"async\" width=\"1024\" height=\"796\" src=\"https:\/\/noticiaempauta.com\/portal\/wp-content\/uploads\/2024\/05\/bb9c75f5-1b2b-4a34-bf92-15b37f0784e5-c83913b5-036b-47f3-8a7d-5e87634c8d7d.jpg-1024x796.webp\" alt=\"\" class=\"wp-image-258080\" srcset=\"https:\/\/noticiaempauta.com\/portal\/wp-content\/uploads\/2024\/05\/bb9c75f5-1b2b-4a34-bf92-15b37f0784e5-c83913b5-036b-47f3-8a7d-5e87634c8d7d.jpg-1024x796.webp 1024w, https:\/\/noticiaempauta.com\/portal\/wp-content\/uploads\/2024\/05\/bb9c75f5-1b2b-4a34-bf92-15b37f0784e5-c83913b5-036b-47f3-8a7d-5e87634c8d7d.jpg-300x233.webp 300w, https:\/\/noticiaempauta.com\/portal\/wp-content\/uploads\/2024\/05\/bb9c75f5-1b2b-4a34-bf92-15b37f0784e5-c83913b5-036b-47f3-8a7d-5e87634c8d7d.jpg-768x597.webp 768w, https:\/\/noticiaempauta.com\/portal\/wp-content\/uploads\/2024\/05\/bb9c75f5-1b2b-4a34-bf92-15b37f0784e5-c83913b5-036b-47f3-8a7d-5e87634c8d7d.jpg.webp 1100w\" sizes=\"(max-width: 1024px) 100vw, 1024px\" \/><figcaption class=\"wp-element-caption\">Rafael Lira Matias faleceu v\u00edtima de dengue em Teresina (Foto: Arquivo pessoal)<\/figcaption><\/figure>\n\n\n\n<p>Rafael foi internado em um hospital privado no dia 7 de maio, \u00e0s 17 horas, e\u00a0faleceu tr\u00eas horas depois, \u00e0s 20 horas.\u00a0A Funda\u00e7\u00e3o Municipal de Sa\u00fade de Teresina (FMS) comunicou o\u00a0resultado do exame que confirmou o \u00f3bito em decorr\u00eancia da dengue.<\/p>\n\n\n\n<p><em>Fonte: Meio News<\/em><\/p>\n","protected":false},"excerpt":{"rendered":"<p>Uma m\u00e9dica pediatra identificada como Laysa Lira, que estava internada em estado grave\u00a0devido a complica\u00e7\u00f5es da dengue, morreu na manh\u00e3 desta segunda-feira (20), em Teresina. No dia 7 de maio, ela perdeu seu filho,\u00a0Rafael Lira Matias, que tamb\u00e9m sofreu complica\u00e7\u00f5es da mesma doen\u00e7a. Laysa atuava como pediatra em uma policl\u00ednica do munic\u00edpio de Amarante, localizado [&hellip;]<\/p>\n","protected":false},"author":2,"featured_media":258081,"comment_status":"open","ping_status":"open","sticky":false,"template":"","format":"standard","meta":{"_mi_skip_tracking":false,"footnotes":""},"categories":[25,1,16],"tags":[192],"class_list":["post-258078","post","type-post","status-publish","format-standard","has-post-thumbnail","hentry","category-destaques-site","category-geral","category-todas","tag-destaqueprincipal"],"acf":[],"yoast_head":"<!-- This site is optimized with the Yoast SEO Premium plugin v19.2 (Yoast SEO v26.9) - https:\/\/yoast.com\/product\/yoast-seo-premium-wordpress\/ -->\n<title>M\u00e9dica morre ap\u00f3s complica\u00e7\u00f5es da dengue em Teresina; filho faleceu da mesma doen\u00e7a - Portal Not\u00edcia em Pauta<\/title>\n<meta name=\"robots\" content=\"index, follow, max-snippet:-1, max-image-preview:large, max-video-preview:-1\" \/>\n<link rel=\"canonical\" href=\"https:\/\/noticiaempauta.com\/portal\/medica-morre-apos-complicacoes-da-dengue-em-teresina-filho-faleceu-da-mesma-doenca\/\" \/>\n<meta property=\"og:locale\" content=\"pt_BR\" \/>\n<meta property=\"og:type\" content=\"article\" \/>\n<meta property=\"og:title\" content=\"M\u00e9dica morre ap\u00f3s complica\u00e7\u00f5es da dengue em Teresina; filho faleceu da mesma doen\u00e7a\" \/>\n<meta property=\"og:description\" content=\"Uma m\u00e9dica pediatra identificada como Laysa Lira, que estava internada em estado grave\u00a0devido a complica\u00e7\u00f5es da dengue, morreu na manh\u00e3 desta segunda-feira (20), em Teresina. No dia 7 de maio, ela perdeu seu filho,\u00a0Rafael Lira Matias, que tamb\u00e9m sofreu complica\u00e7\u00f5es da mesma doen\u00e7a. Laysa atuava como pediatra em uma policl\u00ednica do munic\u00edpio de Amarante, localizado [&hellip;]\" \/>\n<meta property=\"og:url\" content=\"https:\/\/noticiaempauta.com\/portal\/medica-morre-apos-complicacoes-da-dengue-em-teresina-filho-faleceu-da-mesma-doenca\/\" \/>\n<meta property=\"og:site_name\" content=\"Portal Not\u00edcia em Pauta\" \/>\n<meta property=\"article:publisher\" content=\"https:\/\/www.facebook.com\/Portal-Notcia-Em-Pauta-102292869264820\/\" \/>\n<meta property=\"article:published_time\" content=\"2024-05-20T11:55:43+00:00\" \/>\n<meta property=\"article:modified_time\" content=\"2024-05-20T11:55:45+00:00\" \/>\n<meta property=\"og:image\" content=\"https:\/\/noticiaempauta.com\/portal\/wp-content\/uploads\/2024\/05\/pi-medica-morre-apos-complicacoes-da-dengue-em-teresina-filho-morreu-ha-12-dias-9d228c06-1675-4951-b01f-f5e2f89b99ea.jpg.webp\" \/>\n\t<meta property=\"og:image:width\" content=\"1600\" \/>\n\t<meta property=\"og:image:height\" content=\"900\" \/>\n\t<meta property=\"og:image:type\" content=\"image\/webp\" \/>\n<meta name=\"author\" content=\"Reda\u00e7\u00e3o\" \/>\n<meta name=\"twitter:card\" content=\"summary_large_image\" \/>\n<meta name=\"twitter:label1\" content=\"Escrito por\" \/>\n\t<meta name=\"twitter:data1\" content=\"Reda\u00e7\u00e3o\" \/>\n\t<meta name=\"twitter:label2\" content=\"Est. tempo de leitura\" \/>\n\t<meta name=\"twitter:data2\" content=\"3 minutos\" \/>\n<script type=\"application\/ld+json\" class=\"yoast-schema-graph\">{\"@context\":\"https:\/\/schema.org\",\"@graph\":[{\"@type\":\"Article\",\"@id\":\"https:\/\/noticiaempauta.com\/portal\/medica-morre-apos-complicacoes-da-dengue-em-teresina-filho-faleceu-da-mesma-doenca\/#article\",\"isPartOf\":{\"@id\":\"https:\/\/noticiaempauta.com\/portal\/medica-morre-apos-complicacoes-da-dengue-em-teresina-filho-faleceu-da-mesma-doenca\/\"},\"author\":{\"name\":\"Reda\u00e7\u00e3o\",\"@id\":\"https:\/\/noticiaempauta.com\/portal\/#\/schema\/person\/a74af43dd1ab3deca45f988c717d57ac\"},\"headline\":\"M\u00e9dica morre ap\u00f3s complica\u00e7\u00f5es da dengue em Teresina; filho faleceu da mesma doen\u00e7a\",\"datePublished\":\"2024-05-20T11:55:43+00:00\",\"dateModified\":\"2024-05-20T11:55:45+00:00\",\"mainEntityOfPage\":{\"@id\":\"https:\/\/noticiaempauta.com\/portal\/medica-morre-apos-complicacoes-da-dengue-em-teresina-filho-faleceu-da-mesma-doenca\/\"},\"wordCount\":296,\"commentCount\":0,\"publisher\":{\"@id\":\"https:\/\/noticiaempauta.com\/portal\/#organization\"},\"image\":{\"@id\":\"https:\/\/noticiaempauta.com\/portal\/medica-morre-apos-complicacoes-da-dengue-em-teresina-filho-faleceu-da-mesma-doenca\/#primaryimage\"},\"thumbnailUrl\":\"https:\/\/noticiaempauta.com\/portal\/wp-content\/uploads\/2024\/05\/pi-medica-morre-apos-complicacoes-da-dengue-em-teresina-filho-morreu-ha-12-dias-9d228c06-1675-4951-b01f-f5e2f89b99ea.jpg.webp\",\"keywords\":[\"destaqueprincipal\"],\"articleSection\":[\"Destaques\",\"Geral\",\"Todas as Not\u00edcias\"],\"inLanguage\":\"pt-BR\",\"potentialAction\":[{\"@type\":\"CommentAction\",\"name\":\"Comment\",\"target\":[\"https:\/\/noticiaempauta.com\/portal\/medica-morre-apos-complicacoes-da-dengue-em-teresina-filho-faleceu-da-mesma-doenca\/#respond\"]}]},{\"@type\":\"WebPage\",\"@id\":\"https:\/\/noticiaempauta.com\/portal\/medica-morre-apos-complicacoes-da-dengue-em-teresina-filho-faleceu-da-mesma-doenca\/\",\"url\":\"https:\/\/noticiaempauta.com\/portal\/medica-morre-apos-complicacoes-da-dengue-em-teresina-filho-faleceu-da-mesma-doenca\/\",\"name\":\"M\u00e9dica morre ap\u00f3s complica\u00e7\u00f5es da dengue em Teresina; filho faleceu da mesma doen\u00e7a - Portal Not\u00edcia em Pauta\",\"isPartOf\":{\"@id\":\"https:\/\/noticiaempauta.com\/portal\/#website\"},\"primaryImageOfPage\":{\"@id\":\"https:\/\/noticiaempauta.com\/portal\/medica-morre-apos-complicacoes-da-dengue-em-teresina-filho-faleceu-da-mesma-doenca\/#primaryimage\"},\"image\":{\"@id\":\"https:\/\/noticiaempauta.com\/portal\/medica-morre-apos-complicacoes-da-dengue-em-teresina-filho-faleceu-da-mesma-doenca\/#primaryimage\"},\"thumbnailUrl\":\"https:\/\/noticiaempauta.com\/portal\/wp-content\/uploads\/2024\/05\/pi-medica-morre-apos-complicacoes-da-dengue-em-teresina-filho-morreu-ha-12-dias-9d228c06-1675-4951-b01f-f5e2f89b99ea.jpg.webp\",\"datePublished\":\"2024-05-20T11:55:43+00:00\",\"dateModified\":\"2024-05-20T11:55:45+00:00\",\"breadcrumb\":{\"@id\":\"https:\/\/noticiaempauta.com\/portal\/medica-morre-apos-complicacoes-da-dengue-em-teresina-filho-faleceu-da-mesma-doenca\/#breadcrumb\"},\"inLanguage\":\"pt-BR\",\"potentialAction\":[{\"@type\":\"ReadAction\",\"target\":[\"https:\/\/noticiaempauta.com\/portal\/medica-morre-apos-complicacoes-da-dengue-em-teresina-filho-faleceu-da-mesma-doenca\/\"]}]},{\"@type\":\"ImageObject\",\"inLanguage\":\"pt-BR\",\"@id\":\"https:\/\/noticiaempauta.com\/portal\/medica-morre-apos-complicacoes-da-dengue-em-teresina-filho-faleceu-da-mesma-doenca\/#primaryimage\",\"url\":\"https:\/\/noticiaempauta.com\/portal\/wp-content\/uploads\/2024\/05\/pi-medica-morre-apos-complicacoes-da-dengue-em-teresina-filho-morreu-ha-12-dias-9d228c06-1675-4951-b01f-f5e2f89b99ea.jpg.webp\",\"contentUrl\":\"https:\/\/noticiaempauta.com\/portal\/wp-content\/uploads\/2024\/05\/pi-medica-morre-apos-complicacoes-da-dengue-em-teresina-filho-morreu-ha-12-dias-9d228c06-1675-4951-b01f-f5e2f89b99ea.jpg.webp\",\"width\":1600,\"height\":900},{\"@type\":\"BreadcrumbList\",\"@id\":\"https:\/\/noticiaempauta.com\/portal\/medica-morre-apos-complicacoes-da-dengue-em-teresina-filho-faleceu-da-mesma-doenca\/#breadcrumb\",\"itemListElement\":[{\"@type\":\"ListItem\",\"position\":1,\"name\":\"P\u00e1gina Inicial\",\"item\":\"https:\/\/noticiaempauta.com\/portal\/\"},{\"@type\":\"ListItem\",\"position\":2,\"name\":\"Destaques\",\"item\":\"https:\/\/noticiaempauta.com\/portal\/destaques-site\/\"},{\"@type\":\"ListItem\",\"position\":3,\"name\":\"M\u00e9dica morre ap\u00f3s complica\u00e7\u00f5es da dengue em Teresina; filho faleceu da mesma doen\u00e7a\"}]},{\"@type\":\"WebSite\",\"@id\":\"https:\/\/noticiaempauta.com\/portal\/#website\",\"url\":\"https:\/\/noticiaempauta.com\/portal\/\",\"name\":\"Portal Not\u00edcia em Pauta\",\"description\":\"Voc\u00ea bem informado\",\"publisher\":{\"@id\":\"https:\/\/noticiaempauta.com\/portal\/#organization\"},\"potentialAction\":[{\"@type\":\"SearchAction\",\"target\":{\"@type\":\"EntryPoint\",\"urlTemplate\":\"https:\/\/noticiaempauta.com\/portal\/?s={search_term_string}\"},\"query-input\":{\"@type\":\"PropertyValueSpecification\",\"valueRequired\":true,\"valueName\":\"search_term_string\"}}],\"inLanguage\":\"pt-BR\"},{\"@type\":\"Organization\",\"@id\":\"https:\/\/noticiaempauta.com\/portal\/#organization\",\"name\":\"Portal Not\u00edcia em Pauta\",\"url\":\"https:\/\/noticiaempauta.com\/portal\/\",\"logo\":{\"@type\":\"ImageObject\",\"inLanguage\":\"pt-BR\",\"@id\":\"https:\/\/noticiaempauta.com\/portal\/#\/schema\/logo\/image\/\",\"url\":\"https:\/\/noticiaempauta.com\/portal\/wp-content\/uploads\/2022\/08\/logomarca_tema.fw_.png\",\"contentUrl\":\"https:\/\/noticiaempauta.com\/portal\/wp-content\/uploads\/2022\/08\/logomarca_tema.fw_.png\",\"width\":400,\"height\":232,\"caption\":\"Portal Not\u00edcia em Pauta\"},\"image\":{\"@id\":\"https:\/\/noticiaempauta.com\/portal\/#\/schema\/logo\/image\/\"},\"sameAs\":[\"https:\/\/www.facebook.com\/Portal-Notcia-Em-Pauta-102292869264820\/\",\"https:\/\/www.instagram.com\/portalnoticiaempauta\/\"]},{\"@type\":\"Person\",\"@id\":\"https:\/\/noticiaempauta.com\/portal\/#\/schema\/person\/a74af43dd1ab3deca45f988c717d57ac\",\"name\":\"Reda\u00e7\u00e3o\",\"image\":{\"@type\":\"ImageObject\",\"inLanguage\":\"pt-BR\",\"@id\":\"https:\/\/noticiaempauta.com\/portal\/#\/schema\/person\/image\/\",\"url\":\"https:\/\/secure.gravatar.com\/avatar\/03179346ecce6cdfc13361603e8f54242a90e5cde8618fa23c5c00aa2b0aadf3?s=96&d=mm&r=g\",\"contentUrl\":\"https:\/\/secure.gravatar.com\/avatar\/03179346ecce6cdfc13361603e8f54242a90e5cde8618fa23c5c00aa2b0aadf3?s=96&d=mm&r=g\",\"caption\":\"Reda\u00e7\u00e3o\"},\"sameAs\":[\"https:\/\/noticiaempauta.com\/portal\/\"],\"url\":\"https:\/\/noticiaempauta.com\/portal\/author\/fernando\/\"}]}<\/script>\n<!-- \/ Yoast SEO Premium plugin. -->","yoast_head_json":{"title":"M\u00e9dica morre ap\u00f3s complica\u00e7\u00f5es da dengue em Teresina; filho faleceu da mesma doen\u00e7a - Portal Not\u00edcia em Pauta","robots":{"index":"index","follow":"follow","max-snippet":"max-snippet:-1","max-image-preview":"max-image-preview:large","max-video-preview":"max-video-preview:-1"},"canonical":"https:\/\/noticiaempauta.com\/portal\/medica-morre-apos-complicacoes-da-dengue-em-teresina-filho-faleceu-da-mesma-doenca\/","og_locale":"pt_BR","og_type":"article","og_title":"M\u00e9dica morre ap\u00f3s complica\u00e7\u00f5es da dengue em Teresina; filho faleceu da mesma doen\u00e7a","og_description":"Uma m\u00e9dica pediatra identificada como Laysa Lira, que estava internada em estado grave\u00a0devido a complica\u00e7\u00f5es da dengue, morreu na manh\u00e3 desta segunda-feira (20), em Teresina. No dia 7 de maio, ela perdeu seu filho,\u00a0Rafael Lira Matias, que tamb\u00e9m sofreu complica\u00e7\u00f5es da mesma doen\u00e7a. Laysa atuava como pediatra em uma policl\u00ednica do munic\u00edpio de Amarante, localizado [&hellip;]","og_url":"https:\/\/noticiaempauta.com\/portal\/medica-morre-apos-complicacoes-da-dengue-em-teresina-filho-faleceu-da-mesma-doenca\/","og_site_name":"Portal Not\u00edcia em Pauta","article_publisher":"https:\/\/www.facebook.com\/Portal-Notcia-Em-Pauta-102292869264820\/","article_published_time":"2024-05-20T11:55:43+00:00","article_modified_time":"2024-05-20T11:55:45+00:00","og_image":[{"width":1600,"height":900,"url":"https:\/\/noticiaempauta.com\/portal\/wp-content\/uploads\/2024\/05\/pi-medica-morre-apos-complicacoes-da-dengue-em-teresina-filho-morreu-ha-12-dias-9d228c06-1675-4951-b01f-f5e2f89b99ea.jpg.webp","type":"image\/webp"}],"author":"Reda\u00e7\u00e3o","twitter_card":"summary_large_image","twitter_misc":{"Escrito por":"Reda\u00e7\u00e3o","Est. tempo de leitura":"3 minutos"},"schema":{"@context":"https:\/\/schema.org","@graph":[{"@type":"Article","@id":"https:\/\/noticiaempauta.com\/portal\/medica-morre-apos-complicacoes-da-dengue-em-teresina-filho-faleceu-da-mesma-doenca\/#article","isPartOf":{"@id":"https:\/\/noticiaempauta.com\/portal\/medica-morre-apos-complicacoes-da-dengue-em-teresina-filho-faleceu-da-mesma-doenca\/"},"author":{"name":"Reda\u00e7\u00e3o","@id":"https:\/\/noticiaempauta.com\/portal\/#\/schema\/person\/a74af43dd1ab3deca45f988c717d57ac"},"headline":"M\u00e9dica morre ap\u00f3s complica\u00e7\u00f5es da dengue em Teresina; filho faleceu da mesma doen\u00e7a","datePublished":"2024-05-20T11:55:43+00:00","dateModified":"2024-05-20T11:55:45+00:00","mainEntityOfPage":{"@id":"https:\/\/noticiaempauta.com\/portal\/medica-morre-apos-complicacoes-da-dengue-em-teresina-filho-faleceu-da-mesma-doenca\/"},"wordCount":296,"commentCount":0,"publisher":{"@id":"https:\/\/noticiaempauta.com\/portal\/#organization"},"image":{"@id":"https:\/\/noticiaempauta.com\/portal\/medica-morre-apos-complicacoes-da-dengue-em-teresina-filho-faleceu-da-mesma-doenca\/#primaryimage"},"thumbnailUrl":"https:\/\/noticiaempauta.com\/portal\/wp-content\/uploads\/2024\/05\/pi-medica-morre-apos-complicacoes-da-dengue-em-teresina-filho-morreu-ha-12-dias-9d228c06-1675-4951-b01f-f5e2f89b99ea.jpg.webp","keywords":["destaqueprincipal"],"articleSection":["Destaques","Geral","Todas as Not\u00edcias"],"inLanguage":"pt-BR","potentialAction":[{"@type":"CommentAction","name":"Comment","target":["https:\/\/noticiaempauta.com\/portal\/medica-morre-apos-complicacoes-da-dengue-em-teresina-filho-faleceu-da-mesma-doenca\/#respond"]}]},{"@type":"WebPage","@id":"https:\/\/noticiaempauta.com\/portal\/medica-morre-apos-complicacoes-da-dengue-em-teresina-filho-faleceu-da-mesma-doenca\/","url":"https:\/\/noticiaempauta.com\/portal\/medica-morre-apos-complicacoes-da-dengue-em-teresina-filho-faleceu-da-mesma-doenca\/","name":"M\u00e9dica morre ap\u00f3s complica\u00e7\u00f5es da dengue em Teresina; filho faleceu da mesma doen\u00e7a - Portal Not\u00edcia em Pauta","isPartOf":{"@id":"https:\/\/noticiaempauta.com\/portal\/#website"},"primaryImageOfPage":{"@id":"https:\/\/noticiaempauta.com\/portal\/medica-morre-apos-complicacoes-da-dengue-em-teresina-filho-faleceu-da-mesma-doenca\/#primaryimage"},"image":{"@id":"https:\/\/noticiaempauta.com\/portal\/medica-morre-apos-complicacoes-da-dengue-em-teresina-filho-faleceu-da-mesma-doenca\/#primaryimage"},"thumbnailUrl":"https:\/\/noticiaempauta.com\/portal\/wp-content\/uploads\/2024\/05\/pi-medica-morre-apos-complicacoes-da-dengue-em-teresina-filho-morreu-ha-12-dias-9d228c06-1675-4951-b01f-f5e2f89b99ea.jpg.webp","datePublished":"2024-05-20T11:55:43+00:00","dateModified":"2024-05-20T11:55:45+00:00","breadcrumb":{"@id":"https:\/\/noticiaempauta.com\/portal\/medica-morre-apos-complicacoes-da-dengue-em-teresina-filho-faleceu-da-mesma-doenca\/#breadcrumb"},"inLanguage":"pt-BR","potentialAction":[{"@type":"ReadAction","target":["https:\/\/noticiaempauta.com\/portal\/medica-morre-apos-complicacoes-da-dengue-em-teresina-filho-faleceu-da-mesma-doenca\/"]}]},{"@type":"ImageObject","inLanguage":"pt-BR","@id":"https:\/\/noticiaempauta.com\/portal\/medica-morre-apos-complicacoes-da-dengue-em-teresina-filho-faleceu-da-mesma-doenca\/#primaryimage","url":"https:\/\/noticiaempauta.com\/portal\/wp-content\/uploads\/2024\/05\/pi-medica-morre-apos-complicacoes-da-dengue-em-teresina-filho-morreu-ha-12-dias-9d228c06-1675-4951-b01f-f5e2f89b99ea.jpg.webp","contentUrl":"https:\/\/noticiaempauta.com\/portal\/wp-content\/uploads\/2024\/05\/pi-medica-morre-apos-complicacoes-da-dengue-em-teresina-filho-morreu-ha-12-dias-9d228c06-1675-4951-b01f-f5e2f89b99ea.jpg.webp","width":1600,"height":900},{"@type":"BreadcrumbList","@id":"https:\/\/noticiaempauta.com\/portal\/medica-morre-apos-complicacoes-da-dengue-em-teresina-filho-faleceu-da-mesma-doenca\/#breadcrumb","itemListElement":[{"@type":"ListItem","position":1,"name":"P\u00e1gina Inicial","item":"https:\/\/noticiaempauta.com\/portal\/"},{"@type":"ListItem","position":2,"name":"Destaques","item":"https:\/\/noticiaempauta.com\/portal\/destaques-site\/"},{"@type":"ListItem","position":3,"name":"M\u00e9dica morre ap\u00f3s complica\u00e7\u00f5es da dengue em Teresina; filho faleceu da mesma doen\u00e7a"}]},{"@type":"WebSite","@id":"https:\/\/noticiaempauta.com\/portal\/#website","url":"https:\/\/noticiaempauta.com\/portal\/","name":"Portal Not\u00edcia em Pauta","description":"Voc\u00ea bem informado","publisher":{"@id":"https:\/\/noticiaempauta.com\/portal\/#organization"},"potentialAction":[{"@type":"SearchAction","target":{"@type":"EntryPoint","urlTemplate":"https:\/\/noticiaempauta.com\/portal\/?s={search_term_string}"},"query-input":{"@type":"PropertyValueSpecification","valueRequired":true,"valueName":"search_term_string"}}],"inLanguage":"pt-BR"},{"@type":"Organization","@id":"https:\/\/noticiaempauta.com\/portal\/#organization","name":"Portal Not\u00edcia em Pauta","url":"https:\/\/noticiaempauta.com\/portal\/","logo":{"@type":"ImageObject","inLanguage":"pt-BR","@id":"https:\/\/noticiaempauta.com\/portal\/#\/schema\/logo\/image\/","url":"https:\/\/noticiaempauta.com\/portal\/wp-content\/uploads\/2022\/08\/logomarca_tema.fw_.png","contentUrl":"https:\/\/noticiaempauta.com\/portal\/wp-content\/uploads\/2022\/08\/logomarca_tema.fw_.png","width":400,"height":232,"caption":"Portal Not\u00edcia em Pauta"},"image":{"@id":"https:\/\/noticiaempauta.com\/portal\/#\/schema\/logo\/image\/"},"sameAs":["https:\/\/www.facebook.com\/Portal-Notcia-Em-Pauta-102292869264820\/","https:\/\/www.instagram.com\/portalnoticiaempauta\/"]},{"@type":"Person","@id":"https:\/\/noticiaempauta.com\/portal\/#\/schema\/person\/a74af43dd1ab3deca45f988c717d57ac","name":"Reda\u00e7\u00e3o","image":{"@type":"ImageObject","inLanguage":"pt-BR","@id":"https:\/\/noticiaempauta.com\/portal\/#\/schema\/person\/image\/","url":"https:\/\/secure.gravatar.com\/avatar\/03179346ecce6cdfc13361603e8f54242a90e5cde8618fa23c5c00aa2b0aadf3?s=96&d=mm&r=g","contentUrl":"https:\/\/secure.gravatar.com\/avatar\/03179346ecce6cdfc13361603e8f54242a90e5cde8618fa23c5c00aa2b0aadf3?s=96&d=mm&r=g","caption":"Reda\u00e7\u00e3o"},"sameAs":["https:\/\/noticiaempauta.com\/portal\/"],"url":"https:\/\/noticiaempauta.com\/portal\/author\/fernando\/"}]}},"_links":{"self":[{"href":"https:\/\/noticiaempauta.com\/portal\/wp-json\/wp\/v2\/posts\/258078","targetHints":{"allow":["GET"]}}],"collection":[{"href":"https:\/\/noticiaempauta.com\/portal\/wp-json\/wp\/v2\/posts"}],"about":[{"href":"https:\/\/noticiaempauta.com\/portal\/wp-json\/wp\/v2\/types\/post"}],"author":[{"embeddable":true,"href":"https:\/\/noticiaempauta.com\/portal\/wp-json\/wp\/v2\/users\/2"}],"replies":[{"embeddable":true,"href":"https:\/\/noticiaempauta.com\/portal\/wp-json\/wp\/v2\/comments?post=258078"}],"version-history":[{"count":2,"href":"https:\/\/noticiaempauta.com\/portal\/wp-json\/wp\/v2\/posts\/258078\/revisions"}],"predecessor-version":[{"id":258083,"href":"https:\/\/noticiaempauta.com\/portal\/wp-json\/wp\/v2\/posts\/258078\/revisions\/258083"}],"wp:featuredmedia":[{"embeddable":true,"href":"https:\/\/noticiaempauta.com\/portal\/wp-json\/wp\/v2\/media\/258081"}],"wp:attachment":[{"href":"https:\/\/noticiaempauta.com\/portal\/wp-json\/wp\/v2\/media?parent=258078"}],"wp:term":[{"taxonomy":"category","embeddable":true,"href":"https:\/\/noticiaempauta.com\/portal\/wp-json\/wp\/v2\/categories?post=258078"},{"taxonomy":"post_tag","embeddable":true,"href":"https:\/\/noticiaempauta.com\/portal\/wp-json\/wp\/v2\/tags?post=258078"}],"curies":[{"name":"wp","href":"https:\/\/api.w.org\/{rel}","templated":true}]}}