{"id":258101,"date":"2024-05-20T18:39:27","date_gmt":"2024-05-20T21:39:27","guid":{"rendered":"https:\/\/noticiaempauta.com\/portal\/?p=258101"},"modified":"2024-05-20T18:39:28","modified_gmt":"2024-05-20T21:39:28","slug":"rafael-fonteles-destaca-exemplo-do-piaui-no-combate-a-fome-durante-o-g20-social-em-teresina","status":"publish","type":"post","link":"https:\/\/noticiaempauta.com\/portal\/rafael-fonteles-destaca-exemplo-do-piaui-no-combate-a-fome-durante-o-g20-social-em-teresina\/","title":{"rendered":"Rafael Fonteles destaca exemplo do Piau\u00ed no combate \u00e0 fome durante o G20 Social em Teresina"},"content":{"rendered":"\n<p>O governador Rafael Fonteles participou, nesta segunda-feira (20), em Teresina, da abertura do G20 Social, evento que antecede a 3\u00aa reuni\u00e3o da For\u00e7a-Tarefa para a constru\u00e7\u00e3o da Alian\u00e7a Global contra a Fome e a Pobreza, que tamb\u00e9m ocorre na capital piauiense entre os dias 22 e 24 de maio. Participaram do evento o ministro do Desenvolvimento e Assist\u00eancia Social, Wellington Dias, e o ministro-chefe da Secretaria-Geral da Presid\u00eancia da Rep\u00fablica, M\u00e1rcio Mac\u00eado.<\/p>\n\n\n\n<figure class=\"wp-block-image size-full\"><img fetchpriority=\"high\" decoding=\"async\" width=\"1000\" height=\"667\" src=\"https:\/\/noticiaempauta.com\/portal\/wp-content\/uploads\/2024\/05\/IMG_1707.jpeg\" alt=\"\" class=\"wp-image-258105\" srcset=\"https:\/\/noticiaempauta.com\/portal\/wp-content\/uploads\/2024\/05\/IMG_1707.jpeg 1000w, https:\/\/noticiaempauta.com\/portal\/wp-content\/uploads\/2024\/05\/IMG_1707-300x200.jpeg 300w, https:\/\/noticiaempauta.com\/portal\/wp-content\/uploads\/2024\/05\/IMG_1707-768x512.jpeg 768w\" sizes=\"(max-width: 1000px) 100vw, 1000px\" \/><\/figure>\n\n\n\n<p>Rafael Fonteles destacou que o diferencial do evento \u00e9 aproximar as 20 maiores economias do mundo da sociedade civil organizada e do povo. \u201cNo momento em que o presidente Lula coloca o social em p\u00e9 de igualdade com as quest\u00f5es geopol\u00edticas e econ\u00f4micas, \u00e9 uma demonstra\u00e7\u00e3o inequ\u00edvoca do seu compromisso e da sua equipe de ministros com a melhoria da qualidade de vida das pessoas. Esse debate ser feito no Piau\u00ed, que tem experi\u00eancias exitosas e tem avan\u00e7ado bastante, \u00e9 uma honra para n\u00f3s\u201d, destacou o governador.<\/p>\n\n\n\n<figure class=\"wp-block-image size-large\"><img decoding=\"async\" width=\"1024\" height=\"683\" src=\"https:\/\/noticiaempauta.com\/portal\/wp-content\/uploads\/2024\/05\/IMG_1706-1-1024x683.jpeg\" alt=\"\" class=\"wp-image-258104\" srcset=\"https:\/\/noticiaempauta.com\/portal\/wp-content\/uploads\/2024\/05\/IMG_1706-1-1024x683.jpeg 1024w, https:\/\/noticiaempauta.com\/portal\/wp-content\/uploads\/2024\/05\/IMG_1706-1-300x200.jpeg 300w, https:\/\/noticiaempauta.com\/portal\/wp-content\/uploads\/2024\/05\/IMG_1706-1-768x512.jpeg 768w, https:\/\/noticiaempauta.com\/portal\/wp-content\/uploads\/2024\/05\/IMG_1706-1-1536x1024.jpeg 1536w, https:\/\/noticiaempauta.com\/portal\/wp-content\/uploads\/2024\/05\/IMG_1706-1-2048x1366.jpeg 2048w\" sizes=\"(max-width: 1024px) 100vw, 1024px\" \/><\/figure>\n\n\n\n<p>Wellington Dias apresentou \u00e0 imprensa pontos e tem\u00e1ticas que ser\u00e3o debatidas ao longo da semana pelas 54 delega\u00e7\u00f5es participantes do Encontro do G20. \u201cNesta semana, Teresina est\u00e1 sediando decis\u00f5es importantes para o Piau\u00ed, para o Brasil e para o mundo, neste que \u00e9 um dos maiores eventos internacionais da nossa hist\u00f3ria. Receberemos, a partir de hoje, o G20, o grupo das maiores economias do mundo ampliada com a presen\u00e7a de blocos de pa\u00edses organizados, pa\u00edses convidados e organismos internacionais\u201d, explicou o ministro.<\/p>\n\n\n\n<figure class=\"wp-block-image size-full\"><img decoding=\"async\" width=\"1000\" height=\"667\" src=\"https:\/\/noticiaempauta.com\/portal\/wp-content\/uploads\/2024\/05\/IMG_1708.jpeg\" alt=\"\" class=\"wp-image-258106\" srcset=\"https:\/\/noticiaempauta.com\/portal\/wp-content\/uploads\/2024\/05\/IMG_1708.jpeg 1000w, https:\/\/noticiaempauta.com\/portal\/wp-content\/uploads\/2024\/05\/IMG_1708-300x200.jpeg 300w, https:\/\/noticiaempauta.com\/portal\/wp-content\/uploads\/2024\/05\/IMG_1708-768x512.jpeg 768w\" sizes=\"(max-width: 1000px) 100vw, 1000px\" \/><\/figure>\n\n\n\n<p>\u201cTemos a meta clara de tirar o Brasil do mapa da fome at\u00e9 2030. No mundo, 735 milh\u00f5es de pessoas vivem num quadro de inseguran\u00e7a alimentar grave. O objetivo \u00e9 que cada pa\u00eds possa fazer sua parte. Essa pactua\u00e7\u00e3o entre os tr\u00eas poderes vai indicar as experi\u00eancias do mundo consideradas eficientes, para que elas componham uma cesta de alternativas para que os pa\u00edses mais desenvolvidos possam dar as m\u00e3os aos pa\u00edses mais pobres, combatendo a pobreza e a inseguran\u00e7a alimentar\u201d, afirmou Dias.<\/p>\n\n\n\n<figure class=\"wp-block-image size-full\"><img loading=\"lazy\" decoding=\"async\" width=\"1000\" height=\"667\" src=\"https:\/\/noticiaempauta.com\/portal\/wp-content\/uploads\/2024\/05\/IMG_1709.jpeg\" alt=\"\" class=\"wp-image-258107\" srcset=\"https:\/\/noticiaempauta.com\/portal\/wp-content\/uploads\/2024\/05\/IMG_1709.jpeg 1000w, https:\/\/noticiaempauta.com\/portal\/wp-content\/uploads\/2024\/05\/IMG_1709-300x200.jpeg 300w, https:\/\/noticiaempauta.com\/portal\/wp-content\/uploads\/2024\/05\/IMG_1709-768x512.jpeg 768w\" sizes=\"(max-width: 1000px) 100vw, 1000px\" \/><\/figure>\n\n\n\n<p>O ministro Marcio Mac\u00eado detalhou a estrutura do debate. O G20 tem duas grandes trilhas, a geopol\u00edtica, coordenada pelo Minist\u00e9rio das Rela\u00e7\u00f5es Exteriores, e a trilha econ\u00f4mica, coordenada pelo ministro da Fazenda, Fernando Haddad. O presidente Lula, na sua chegada \u00e0 presid\u00eancia do G20, cria uma terceira trilha.\u00a0<\/p>\n\n\n\n<p>\u201cCom ineditismo, o G20 Social proporciona a inclus\u00e3o da sociedade civil organizada para debater as pol\u00edticas p\u00fablicas que ser\u00e3o decididas no G20 e quais ser\u00e3o os receptores dessas pol\u00edticas. Temos trabalhado para que a cesta de projetos de combate \u00e0 fome sejam feitas a partir das experi\u00eancias de todos os pa\u00edses, mas com a participa\u00e7\u00e3o especial do Brasil\u201d, concluiu o gestor.<\/p>\n\n\n\n<p>CCOM\/PI<\/p>\n","protected":false},"excerpt":{"rendered":"<p>O governador Rafael Fonteles participou, nesta segunda-feira (20), em Teresina, da abertura do G20 Social, evento que antecede a 3\u00aa reuni\u00e3o da For\u00e7a-Tarefa para a constru\u00e7\u00e3o da Alian\u00e7a Global contra a Fome e a Pobreza, que tamb\u00e9m ocorre na capital piauiense entre os dias 22 e 24 de maio. Participaram do evento o ministro do [&hellip;]<\/p>\n","protected":false},"author":2,"featured_media":258104,"comment_status":"open","ping_status":"open","sticky":false,"template":"","format":"standard","meta":{"_mi_skip_tracking":false,"footnotes":""},"categories":[25,1,16],"tags":[192],"class_list":["post-258101","post","type-post","status-publish","format-standard","has-post-thumbnail","hentry","category-destaques-site","category-geral","category-todas","tag-destaqueprincipal"],"acf":[],"yoast_head":"<!-- This site is optimized with the Yoast SEO Premium plugin v19.2 (Yoast SEO v26.9) - https:\/\/yoast.com\/product\/yoast-seo-premium-wordpress\/ -->\n<title>Rafael Fonteles destaca exemplo do Piau\u00ed no combate \u00e0 fome durante o G20 Social em Teresina - Portal Not\u00edcia em Pauta<\/title>\n<meta name=\"robots\" content=\"index, follow, max-snippet:-1, max-image-preview:large, max-video-preview:-1\" \/>\n<link rel=\"canonical\" href=\"https:\/\/noticiaempauta.com\/portal\/rafael-fonteles-destaca-exemplo-do-piaui-no-combate-a-fome-durante-o-g20-social-em-teresina\/\" \/>\n<meta property=\"og:locale\" content=\"pt_BR\" \/>\n<meta property=\"og:type\" content=\"article\" \/>\n<meta property=\"og:title\" content=\"Rafael Fonteles destaca exemplo do Piau\u00ed no combate \u00e0 fome durante o G20 Social em Teresina\" \/>\n<meta property=\"og:description\" content=\"O governador Rafael Fonteles participou, nesta segunda-feira (20), em Teresina, da abertura do G20 Social, evento que antecede a 3\u00aa reuni\u00e3o da For\u00e7a-Tarefa para a constru\u00e7\u00e3o da Alian\u00e7a Global contra a Fome e a Pobreza, que tamb\u00e9m ocorre na capital piauiense entre os dias 22 e 24 de maio. Participaram do evento o ministro do [&hellip;]\" \/>\n<meta property=\"og:url\" content=\"https:\/\/noticiaempauta.com\/portal\/rafael-fonteles-destaca-exemplo-do-piaui-no-combate-a-fome-durante-o-g20-social-em-teresina\/\" \/>\n<meta property=\"og:site_name\" content=\"Portal Not\u00edcia em Pauta\" \/>\n<meta property=\"article:publisher\" content=\"https:\/\/www.facebook.com\/Portal-Notcia-Em-Pauta-102292869264820\/\" \/>\n<meta property=\"article:published_time\" content=\"2024-05-20T21:39:27+00:00\" \/>\n<meta property=\"article:modified_time\" content=\"2024-05-20T21:39:28+00:00\" \/>\n<meta property=\"og:image\" content=\"https:\/\/noticiaempauta.com\/portal\/wp-content\/uploads\/2024\/05\/IMG_1706-1-scaled.jpeg\" \/>\n\t<meta property=\"og:image:width\" content=\"2560\" \/>\n\t<meta property=\"og:image:height\" content=\"1707\" \/>\n\t<meta property=\"og:image:type\" content=\"image\/jpeg\" \/>\n<meta name=\"author\" content=\"Reda\u00e7\u00e3o\" \/>\n<meta name=\"twitter:card\" content=\"summary_large_image\" \/>\n<meta name=\"twitter:label1\" content=\"Escrito por\" \/>\n\t<meta name=\"twitter:data1\" content=\"Reda\u00e7\u00e3o\" \/>\n\t<meta name=\"twitter:label2\" content=\"Est. tempo de leitura\" \/>\n\t<meta name=\"twitter:data2\" content=\"4 minutos\" \/>\n<script type=\"application\/ld+json\" class=\"yoast-schema-graph\">{\"@context\":\"https:\/\/schema.org\",\"@graph\":[{\"@type\":\"Article\",\"@id\":\"https:\/\/noticiaempauta.com\/portal\/rafael-fonteles-destaca-exemplo-do-piaui-no-combate-a-fome-durante-o-g20-social-em-teresina\/#article\",\"isPartOf\":{\"@id\":\"https:\/\/noticiaempauta.com\/portal\/rafael-fonteles-destaca-exemplo-do-piaui-no-combate-a-fome-durante-o-g20-social-em-teresina\/\"},\"author\":{\"name\":\"Reda\u00e7\u00e3o\",\"@id\":\"https:\/\/noticiaempauta.com\/portal\/#\/schema\/person\/a74af43dd1ab3deca45f988c717d57ac\"},\"headline\":\"Rafael Fonteles destaca exemplo do Piau\u00ed no combate \u00e0 fome durante o G20 Social em Teresina\",\"datePublished\":\"2024-05-20T21:39:27+00:00\",\"dateModified\":\"2024-05-20T21:39:28+00:00\",\"mainEntityOfPage\":{\"@id\":\"https:\/\/noticiaempauta.com\/portal\/rafael-fonteles-destaca-exemplo-do-piaui-no-combate-a-fome-durante-o-g20-social-em-teresina\/\"},\"wordCount\":484,\"commentCount\":0,\"publisher\":{\"@id\":\"https:\/\/noticiaempauta.com\/portal\/#organization\"},\"image\":{\"@id\":\"https:\/\/noticiaempauta.com\/portal\/rafael-fonteles-destaca-exemplo-do-piaui-no-combate-a-fome-durante-o-g20-social-em-teresina\/#primaryimage\"},\"thumbnailUrl\":\"https:\/\/noticiaempauta.com\/portal\/wp-content\/uploads\/2024\/05\/IMG_1706-1-scaled.jpeg\",\"keywords\":[\"destaqueprincipal\"],\"articleSection\":[\"Destaques\",\"Geral\",\"Todas as Not\u00edcias\"],\"inLanguage\":\"pt-BR\",\"potentialAction\":[{\"@type\":\"CommentAction\",\"name\":\"Comment\",\"target\":[\"https:\/\/noticiaempauta.com\/portal\/rafael-fonteles-destaca-exemplo-do-piaui-no-combate-a-fome-durante-o-g20-social-em-teresina\/#respond\"]}]},{\"@type\":\"WebPage\",\"@id\":\"https:\/\/noticiaempauta.com\/portal\/rafael-fonteles-destaca-exemplo-do-piaui-no-combate-a-fome-durante-o-g20-social-em-teresina\/\",\"url\":\"https:\/\/noticiaempauta.com\/portal\/rafael-fonteles-destaca-exemplo-do-piaui-no-combate-a-fome-durante-o-g20-social-em-teresina\/\",\"name\":\"Rafael Fonteles destaca exemplo do Piau\u00ed no combate \u00e0 fome durante o G20 Social em Teresina - Portal Not\u00edcia em Pauta\",\"isPartOf\":{\"@id\":\"https:\/\/noticiaempauta.com\/portal\/#website\"},\"primaryImageOfPage\":{\"@id\":\"https:\/\/noticiaempauta.com\/portal\/rafael-fonteles-destaca-exemplo-do-piaui-no-combate-a-fome-durante-o-g20-social-em-teresina\/#primaryimage\"},\"image\":{\"@id\":\"https:\/\/noticiaempauta.com\/portal\/rafael-fonteles-destaca-exemplo-do-piaui-no-combate-a-fome-durante-o-g20-social-em-teresina\/#primaryimage\"},\"thumbnailUrl\":\"https:\/\/noticiaempauta.com\/portal\/wp-content\/uploads\/2024\/05\/IMG_1706-1-scaled.jpeg\",\"datePublished\":\"2024-05-20T21:39:27+00:00\",\"dateModified\":\"2024-05-20T21:39:28+00:00\",\"breadcrumb\":{\"@id\":\"https:\/\/noticiaempauta.com\/portal\/rafael-fonteles-destaca-exemplo-do-piaui-no-combate-a-fome-durante-o-g20-social-em-teresina\/#breadcrumb\"},\"inLanguage\":\"pt-BR\",\"potentialAction\":[{\"@type\":\"ReadAction\",\"target\":[\"https:\/\/noticiaempauta.com\/portal\/rafael-fonteles-destaca-exemplo-do-piaui-no-combate-a-fome-durante-o-g20-social-em-teresina\/\"]}]},{\"@type\":\"ImageObject\",\"inLanguage\":\"pt-BR\",\"@id\":\"https:\/\/noticiaempauta.com\/portal\/rafael-fonteles-destaca-exemplo-do-piaui-no-combate-a-fome-durante-o-g20-social-em-teresina\/#primaryimage\",\"url\":\"https:\/\/noticiaempauta.com\/portal\/wp-content\/uploads\/2024\/05\/IMG_1706-1-scaled.jpeg\",\"contentUrl\":\"https:\/\/noticiaempauta.com\/portal\/wp-content\/uploads\/2024\/05\/IMG_1706-1-scaled.jpeg\",\"width\":2560,\"height\":1707},{\"@type\":\"BreadcrumbList\",\"@id\":\"https:\/\/noticiaempauta.com\/portal\/rafael-fonteles-destaca-exemplo-do-piaui-no-combate-a-fome-durante-o-g20-social-em-teresina\/#breadcrumb\",\"itemListElement\":[{\"@type\":\"ListItem\",\"position\":1,\"name\":\"P\u00e1gina Inicial\",\"item\":\"https:\/\/noticiaempauta.com\/portal\/\"},{\"@type\":\"ListItem\",\"position\":2,\"name\":\"Destaques\",\"item\":\"https:\/\/noticiaempauta.com\/portal\/destaques-site\/\"},{\"@type\":\"ListItem\",\"position\":3,\"name\":\"Rafael Fonteles destaca exemplo do Piau\u00ed no combate \u00e0 fome durante o G20 Social em Teresina\"}]},{\"@type\":\"WebSite\",\"@id\":\"https:\/\/noticiaempauta.com\/portal\/#website\",\"url\":\"https:\/\/noticiaempauta.com\/portal\/\",\"name\":\"Portal Not\u00edcia em Pauta\",\"description\":\"Voc\u00ea bem informado\",\"publisher\":{\"@id\":\"https:\/\/noticiaempauta.com\/portal\/#organization\"},\"potentialAction\":[{\"@type\":\"SearchAction\",\"target\":{\"@type\":\"EntryPoint\",\"urlTemplate\":\"https:\/\/noticiaempauta.com\/portal\/?s={search_term_string}\"},\"query-input\":{\"@type\":\"PropertyValueSpecification\",\"valueRequired\":true,\"valueName\":\"search_term_string\"}}],\"inLanguage\":\"pt-BR\"},{\"@type\":\"Organization\",\"@id\":\"https:\/\/noticiaempauta.com\/portal\/#organization\",\"name\":\"Portal Not\u00edcia em Pauta\",\"url\":\"https:\/\/noticiaempauta.com\/portal\/\",\"logo\":{\"@type\":\"ImageObject\",\"inLanguage\":\"pt-BR\",\"@id\":\"https:\/\/noticiaempauta.com\/portal\/#\/schema\/logo\/image\/\",\"url\":\"https:\/\/noticiaempauta.com\/portal\/wp-content\/uploads\/2022\/08\/logomarca_tema.fw_.png\",\"contentUrl\":\"https:\/\/noticiaempauta.com\/portal\/wp-content\/uploads\/2022\/08\/logomarca_tema.fw_.png\",\"width\":400,\"height\":232,\"caption\":\"Portal Not\u00edcia em Pauta\"},\"image\":{\"@id\":\"https:\/\/noticiaempauta.com\/portal\/#\/schema\/logo\/image\/\"},\"sameAs\":[\"https:\/\/www.facebook.com\/Portal-Notcia-Em-Pauta-102292869264820\/\",\"https:\/\/www.instagram.com\/portalnoticiaempauta\/\"]},{\"@type\":\"Person\",\"@id\":\"https:\/\/noticiaempauta.com\/portal\/#\/schema\/person\/a74af43dd1ab3deca45f988c717d57ac\",\"name\":\"Reda\u00e7\u00e3o\",\"image\":{\"@type\":\"ImageObject\",\"inLanguage\":\"pt-BR\",\"@id\":\"https:\/\/noticiaempauta.com\/portal\/#\/schema\/person\/image\/\",\"url\":\"https:\/\/secure.gravatar.com\/avatar\/03179346ecce6cdfc13361603e8f54242a90e5cde8618fa23c5c00aa2b0aadf3?s=96&d=mm&r=g\",\"contentUrl\":\"https:\/\/secure.gravatar.com\/avatar\/03179346ecce6cdfc13361603e8f54242a90e5cde8618fa23c5c00aa2b0aadf3?s=96&d=mm&r=g\",\"caption\":\"Reda\u00e7\u00e3o\"},\"sameAs\":[\"https:\/\/noticiaempauta.com\/portal\/\"],\"url\":\"https:\/\/noticiaempauta.com\/portal\/author\/fernando\/\"}]}<\/script>\n<!-- \/ Yoast SEO Premium plugin. -->","yoast_head_json":{"title":"Rafael Fonteles destaca exemplo do Piau\u00ed no combate \u00e0 fome durante o G20 Social em Teresina - Portal Not\u00edcia em Pauta","robots":{"index":"index","follow":"follow","max-snippet":"max-snippet:-1","max-image-preview":"max-image-preview:large","max-video-preview":"max-video-preview:-1"},"canonical":"https:\/\/noticiaempauta.com\/portal\/rafael-fonteles-destaca-exemplo-do-piaui-no-combate-a-fome-durante-o-g20-social-em-teresina\/","og_locale":"pt_BR","og_type":"article","og_title":"Rafael Fonteles destaca exemplo do Piau\u00ed no combate \u00e0 fome durante o G20 Social em Teresina","og_description":"O governador Rafael Fonteles participou, nesta segunda-feira (20), em Teresina, da abertura do G20 Social, evento que antecede a 3\u00aa reuni\u00e3o da For\u00e7a-Tarefa para a constru\u00e7\u00e3o da Alian\u00e7a Global contra a Fome e a Pobreza, que tamb\u00e9m ocorre na capital piauiense entre os dias 22 e 24 de maio. Participaram do evento o ministro do [&hellip;]","og_url":"https:\/\/noticiaempauta.com\/portal\/rafael-fonteles-destaca-exemplo-do-piaui-no-combate-a-fome-durante-o-g20-social-em-teresina\/","og_site_name":"Portal Not\u00edcia em Pauta","article_publisher":"https:\/\/www.facebook.com\/Portal-Notcia-Em-Pauta-102292869264820\/","article_published_time":"2024-05-20T21:39:27+00:00","article_modified_time":"2024-05-20T21:39:28+00:00","og_image":[{"width":2560,"height":1707,"url":"https:\/\/noticiaempauta.com\/portal\/wp-content\/uploads\/2024\/05\/IMG_1706-1-scaled.jpeg","type":"image\/jpeg"}],"author":"Reda\u00e7\u00e3o","twitter_card":"summary_large_image","twitter_misc":{"Escrito por":"Reda\u00e7\u00e3o","Est. tempo de leitura":"4 minutos"},"schema":{"@context":"https:\/\/schema.org","@graph":[{"@type":"Article","@id":"https:\/\/noticiaempauta.com\/portal\/rafael-fonteles-destaca-exemplo-do-piaui-no-combate-a-fome-durante-o-g20-social-em-teresina\/#article","isPartOf":{"@id":"https:\/\/noticiaempauta.com\/portal\/rafael-fonteles-destaca-exemplo-do-piaui-no-combate-a-fome-durante-o-g20-social-em-teresina\/"},"author":{"name":"Reda\u00e7\u00e3o","@id":"https:\/\/noticiaempauta.com\/portal\/#\/schema\/person\/a74af43dd1ab3deca45f988c717d57ac"},"headline":"Rafael Fonteles destaca exemplo do Piau\u00ed no combate \u00e0 fome durante o G20 Social em Teresina","datePublished":"2024-05-20T21:39:27+00:00","dateModified":"2024-05-20T21:39:28+00:00","mainEntityOfPage":{"@id":"https:\/\/noticiaempauta.com\/portal\/rafael-fonteles-destaca-exemplo-do-piaui-no-combate-a-fome-durante-o-g20-social-em-teresina\/"},"wordCount":484,"commentCount":0,"publisher":{"@id":"https:\/\/noticiaempauta.com\/portal\/#organization"},"image":{"@id":"https:\/\/noticiaempauta.com\/portal\/rafael-fonteles-destaca-exemplo-do-piaui-no-combate-a-fome-durante-o-g20-social-em-teresina\/#primaryimage"},"thumbnailUrl":"https:\/\/noticiaempauta.com\/portal\/wp-content\/uploads\/2024\/05\/IMG_1706-1-scaled.jpeg","keywords":["destaqueprincipal"],"articleSection":["Destaques","Geral","Todas as Not\u00edcias"],"inLanguage":"pt-BR","potentialAction":[{"@type":"CommentAction","name":"Comment","target":["https:\/\/noticiaempauta.com\/portal\/rafael-fonteles-destaca-exemplo-do-piaui-no-combate-a-fome-durante-o-g20-social-em-teresina\/#respond"]}]},{"@type":"WebPage","@id":"https:\/\/noticiaempauta.com\/portal\/rafael-fonteles-destaca-exemplo-do-piaui-no-combate-a-fome-durante-o-g20-social-em-teresina\/","url":"https:\/\/noticiaempauta.com\/portal\/rafael-fonteles-destaca-exemplo-do-piaui-no-combate-a-fome-durante-o-g20-social-em-teresina\/","name":"Rafael Fonteles destaca exemplo do Piau\u00ed no combate \u00e0 fome durante o G20 Social em Teresina - Portal Not\u00edcia em Pauta","isPartOf":{"@id":"https:\/\/noticiaempauta.com\/portal\/#website"},"primaryImageOfPage":{"@id":"https:\/\/noticiaempauta.com\/portal\/rafael-fonteles-destaca-exemplo-do-piaui-no-combate-a-fome-durante-o-g20-social-em-teresina\/#primaryimage"},"image":{"@id":"https:\/\/noticiaempauta.com\/portal\/rafael-fonteles-destaca-exemplo-do-piaui-no-combate-a-fome-durante-o-g20-social-em-teresina\/#primaryimage"},"thumbnailUrl":"https:\/\/noticiaempauta.com\/portal\/wp-content\/uploads\/2024\/05\/IMG_1706-1-scaled.jpeg","datePublished":"2024-05-20T21:39:27+00:00","dateModified":"2024-05-20T21:39:28+00:00","breadcrumb":{"@id":"https:\/\/noticiaempauta.com\/portal\/rafael-fonteles-destaca-exemplo-do-piaui-no-combate-a-fome-durante-o-g20-social-em-teresina\/#breadcrumb"},"inLanguage":"pt-BR","potentialAction":[{"@type":"ReadAction","target":["https:\/\/noticiaempauta.com\/portal\/rafael-fonteles-destaca-exemplo-do-piaui-no-combate-a-fome-durante-o-g20-social-em-teresina\/"]}]},{"@type":"ImageObject","inLanguage":"pt-BR","@id":"https:\/\/noticiaempauta.com\/portal\/rafael-fonteles-destaca-exemplo-do-piaui-no-combate-a-fome-durante-o-g20-social-em-teresina\/#primaryimage","url":"https:\/\/noticiaempauta.com\/portal\/wp-content\/uploads\/2024\/05\/IMG_1706-1-scaled.jpeg","contentUrl":"https:\/\/noticiaempauta.com\/portal\/wp-content\/uploads\/2024\/05\/IMG_1706-1-scaled.jpeg","width":2560,"height":1707},{"@type":"BreadcrumbList","@id":"https:\/\/noticiaempauta.com\/portal\/rafael-fonteles-destaca-exemplo-do-piaui-no-combate-a-fome-durante-o-g20-social-em-teresina\/#breadcrumb","itemListElement":[{"@type":"ListItem","position":1,"name":"P\u00e1gina Inicial","item":"https:\/\/noticiaempauta.com\/portal\/"},{"@type":"ListItem","position":2,"name":"Destaques","item":"https:\/\/noticiaempauta.com\/portal\/destaques-site\/"},{"@type":"ListItem","position":3,"name":"Rafael Fonteles destaca exemplo do Piau\u00ed no combate \u00e0 fome durante o G20 Social em Teresina"}]},{"@type":"WebSite","@id":"https:\/\/noticiaempauta.com\/portal\/#website","url":"https:\/\/noticiaempauta.com\/portal\/","name":"Portal Not\u00edcia em Pauta","description":"Voc\u00ea bem informado","publisher":{"@id":"https:\/\/noticiaempauta.com\/portal\/#organization"},"potentialAction":[{"@type":"SearchAction","target":{"@type":"EntryPoint","urlTemplate":"https:\/\/noticiaempauta.com\/portal\/?s={search_term_string}"},"query-input":{"@type":"PropertyValueSpecification","valueRequired":true,"valueName":"search_term_string"}}],"inLanguage":"pt-BR"},{"@type":"Organization","@id":"https:\/\/noticiaempauta.com\/portal\/#organization","name":"Portal Not\u00edcia em Pauta","url":"https:\/\/noticiaempauta.com\/portal\/","logo":{"@type":"ImageObject","inLanguage":"pt-BR","@id":"https:\/\/noticiaempauta.com\/portal\/#\/schema\/logo\/image\/","url":"https:\/\/noticiaempauta.com\/portal\/wp-content\/uploads\/2022\/08\/logomarca_tema.fw_.png","contentUrl":"https:\/\/noticiaempauta.com\/portal\/wp-content\/uploads\/2022\/08\/logomarca_tema.fw_.png","width":400,"height":232,"caption":"Portal Not\u00edcia em Pauta"},"image":{"@id":"https:\/\/noticiaempauta.com\/portal\/#\/schema\/logo\/image\/"},"sameAs":["https:\/\/www.facebook.com\/Portal-Notcia-Em-Pauta-102292869264820\/","https:\/\/www.instagram.com\/portalnoticiaempauta\/"]},{"@type":"Person","@id":"https:\/\/noticiaempauta.com\/portal\/#\/schema\/person\/a74af43dd1ab3deca45f988c717d57ac","name":"Reda\u00e7\u00e3o","image":{"@type":"ImageObject","inLanguage":"pt-BR","@id":"https:\/\/noticiaempauta.com\/portal\/#\/schema\/person\/image\/","url":"https:\/\/secure.gravatar.com\/avatar\/03179346ecce6cdfc13361603e8f54242a90e5cde8618fa23c5c00aa2b0aadf3?s=96&d=mm&r=g","contentUrl":"https:\/\/secure.gravatar.com\/avatar\/03179346ecce6cdfc13361603e8f54242a90e5cde8618fa23c5c00aa2b0aadf3?s=96&d=mm&r=g","caption":"Reda\u00e7\u00e3o"},"sameAs":["https:\/\/noticiaempauta.com\/portal\/"],"url":"https:\/\/noticiaempauta.com\/portal\/author\/fernando\/"}]}},"_links":{"self":[{"href":"https:\/\/noticiaempauta.com\/portal\/wp-json\/wp\/v2\/posts\/258101","targetHints":{"allow":["GET"]}}],"collection":[{"href":"https:\/\/noticiaempauta.com\/portal\/wp-json\/wp\/v2\/posts"}],"about":[{"href":"https:\/\/noticiaempauta.com\/portal\/wp-json\/wp\/v2\/types\/post"}],"author":[{"embeddable":true,"href":"https:\/\/noticiaempauta.com\/portal\/wp-json\/wp\/v2\/users\/2"}],"replies":[{"embeddable":true,"href":"https:\/\/noticiaempauta.com\/portal\/wp-json\/wp\/v2\/comments?post=258101"}],"version-history":[{"count":2,"href":"https:\/\/noticiaempauta.com\/portal\/wp-json\/wp\/v2\/posts\/258101\/revisions"}],"predecessor-version":[{"id":258109,"href":"https:\/\/noticiaempauta.com\/portal\/wp-json\/wp\/v2\/posts\/258101\/revisions\/258109"}],"wp:featuredmedia":[{"embeddable":true,"href":"https:\/\/noticiaempauta.com\/portal\/wp-json\/wp\/v2\/media\/258104"}],"wp:attachment":[{"href":"https:\/\/noticiaempauta.com\/portal\/wp-json\/wp\/v2\/media?parent=258101"}],"wp:term":[{"taxonomy":"category","embeddable":true,"href":"https:\/\/noticiaempauta.com\/portal\/wp-json\/wp\/v2\/categories?post=258101"},{"taxonomy":"post_tag","embeddable":true,"href":"https:\/\/noticiaempauta.com\/portal\/wp-json\/wp\/v2\/tags?post=258101"}],"curies":[{"name":"wp","href":"https:\/\/api.w.org\/{rel}","templated":true}]}}