{"id":258121,"date":"2024-05-22T10:16:12","date_gmt":"2024-05-22T13:16:12","guid":{"rendered":"https:\/\/noticiaempauta.com\/portal\/?p=258121"},"modified":"2024-05-22T10:16:13","modified_gmt":"2024-05-22T13:16:13","slug":"morte-de-bebe-em-sao-joao-da-canabrava-pode-ter-sido-intencional-diz-perito","status":"publish","type":"post","link":"https:\/\/noticiaempauta.com\/portal\/morte-de-bebe-em-sao-joao-da-canabrava-pode-ter-sido-intencional-diz-perito\/","title":{"rendered":"Morte de beb\u00ea em S\u00e3o jo\u00e3o da Canabrava pode ter sido intencional; diz perito"},"content":{"rendered":"\n<p>Na manh\u00e3 desta ter\u00e7a-feira, 21 de maio,\u00a0um menino de cinco meses foi encontrado morto no Assentamento Santa \u00darsula, zona rural de S\u00e3o Jo\u00e3o da Canabrava.<\/p>\n\n\n\n<figure class=\"wp-block-image size-full\"><img fetchpriority=\"high\" decoding=\"async\" width=\"640\" height=\"288\" src=\"https:\/\/noticiaempauta.com\/portal\/wp-content\/uploads\/2024\/05\/FA-IMG-36cb8a09d124115d9239.jpg\" alt=\"\" class=\"wp-image-258125\" srcset=\"https:\/\/noticiaempauta.com\/portal\/wp-content\/uploads\/2024\/05\/FA-IMG-36cb8a09d124115d9239.jpg 640w, https:\/\/noticiaempauta.com\/portal\/wp-content\/uploads\/2024\/05\/FA-IMG-36cb8a09d124115d9239-300x135.jpg 300w\" sizes=\"(max-width: 640px) 100vw, 640px\" \/><figcaption class=\"wp-element-caption\">Casa onde beb\u00ea apareceu morto\/Foto: Divulga\u00e7\u00e3o<\/figcaption><\/figure>\n\n\n\n<p>Segundo informa\u00e7\u00f5es da Pol\u00edcia Militar, que atendeu a ocorr\u00eancia, a m\u00e3e da crian\u00e7a relatou que acordou por volta das 7h da manh\u00e3, e percebeu que o filho n\u00e3o estava respirando, e imediatamente foi buscar ajuda dos outros familiares, que tentaram reanimar a crian\u00e7a, contudo, ela j\u00e1 estava morta.<\/p>\n\n\n\n<figure class=\"wp-block-image size-full\"><img decoding=\"async\" width=\"638\" height=\"480\" src=\"https:\/\/noticiaempauta.com\/portal\/wp-content\/uploads\/2024\/05\/bebe01.jpeg\" alt=\"\" class=\"wp-image-258124\" srcset=\"https:\/\/noticiaempauta.com\/portal\/wp-content\/uploads\/2024\/05\/bebe01.jpeg 638w, https:\/\/noticiaempauta.com\/portal\/wp-content\/uploads\/2024\/05\/bebe01-300x226.jpeg 300w\" sizes=\"(max-width: 638px) 100vw, 638px\" \/><\/figure>\n\n\n\n<p>\u201cA fam\u00edlia tentou reanimar a crian\u00e7a, mas sem sucesso. A m\u00e3e tamb\u00e9m teria dito que talvez tenha dormido em cima da crian\u00e7a, mas n\u00e3o temos nenhuma confirma\u00e7\u00e3o\u201d, informou o cabo Franco.&nbsp;<\/p>\n\n\n\n<p>A Pol\u00edcia Civil foi acionada para investigar as causas da morte. Segundo o Perito Criminal, Dr. Vinicius Gavioli, ao chegar no local a perita criminal verificou vest\u00edgios e les\u00f5es que sugeriam a ocorr\u00eancia de morte violenta intencional.<br>\u201cDiante dos elementos verificados, a perita criminal realizou o exame pericial e orientou que a m\u00e3e fosse conduzida para a delegacia. Removemos o cad\u00e1ver da crian\u00e7a para o IML para exame necrosc\u00f3pico e coletas de amostras diversas de tecido\u201d, acrescentou Vinicius Gavioli.<\/p>\n\n\n\n<figure class=\"wp-block-image size-full\"><img decoding=\"async\" width=\"480\" height=\"600\" src=\"https:\/\/noticiaempauta.com\/portal\/wp-content\/uploads\/2024\/05\/Bebe-canaba.jpeg\" alt=\"\" class=\"wp-image-258123\" srcset=\"https:\/\/noticiaempauta.com\/portal\/wp-content\/uploads\/2024\/05\/Bebe-canaba.jpeg 480w, https:\/\/noticiaempauta.com\/portal\/wp-content\/uploads\/2024\/05\/Bebe-canaba-240x300.jpeg 240w\" sizes=\"(max-width: 480px) 100vw, 480px\" \/><\/figure>\n\n\n\n<p>Ainda de acordo com o perito, est\u00e3o sendo feitos os exames periciais e a investiga\u00e7\u00e3o da pol\u00edcia judici\u00e1ria est\u00e1 correndo em paralelo. \u201cO local das les\u00f5es somente ap\u00f3s a divulga\u00e7\u00e3o do laudo\u201d acrescentou.<\/p>\n\n\n\n<p>Fonte: Canabravanews<\/p>\n","protected":false},"excerpt":{"rendered":"<p>Na manh\u00e3 desta ter\u00e7a-feira, 21 de maio,\u00a0um menino de cinco meses foi encontrado morto no Assentamento Santa \u00darsula, zona rural de S\u00e3o Jo\u00e3o da Canabrava. Segundo informa\u00e7\u00f5es da Pol\u00edcia Militar, que atendeu a ocorr\u00eancia, a m\u00e3e da crian\u00e7a relatou que acordou por volta das 7h da manh\u00e3, e percebeu que o filho n\u00e3o estava respirando, [&hellip;]<\/p>\n","protected":false},"author":2,"featured_media":258127,"comment_status":"open","ping_status":"open","sticky":false,"template":"","format":"standard","meta":{"_mi_skip_tracking":false,"footnotes":""},"categories":[25,1,9,137,16],"tags":[192],"class_list":["post-258121","post","type-post","status-publish","format-standard","has-post-thumbnail","hentry","category-destaques-site","category-geral","category-municipios","category-policia","category-todas","tag-destaqueprincipal"],"acf":[],"yoast_head":"<!-- This site is optimized with the Yoast SEO Premium plugin v19.2 (Yoast SEO v26.9) - https:\/\/yoast.com\/product\/yoast-seo-premium-wordpress\/ -->\n<title>Morte de beb\u00ea em S\u00e3o jo\u00e3o da Canabrava pode ter sido intencional; diz perito - Portal Not\u00edcia em Pauta<\/title>\n<meta name=\"robots\" content=\"index, follow, max-snippet:-1, max-image-preview:large, max-video-preview:-1\" \/>\n<link rel=\"canonical\" href=\"https:\/\/noticiaempauta.com\/portal\/morte-de-bebe-em-sao-joao-da-canabrava-pode-ter-sido-intencional-diz-perito\/\" \/>\n<meta property=\"og:locale\" content=\"pt_BR\" \/>\n<meta property=\"og:type\" content=\"article\" \/>\n<meta property=\"og:title\" content=\"Morte de beb\u00ea em S\u00e3o jo\u00e3o da Canabrava pode ter sido intencional; diz perito\" \/>\n<meta property=\"og:description\" content=\"Na manh\u00e3 desta ter\u00e7a-feira, 21 de maio,\u00a0um menino de cinco meses foi encontrado morto no Assentamento Santa \u00darsula, zona rural de S\u00e3o Jo\u00e3o da Canabrava. Segundo informa\u00e7\u00f5es da Pol\u00edcia Militar, que atendeu a ocorr\u00eancia, a m\u00e3e da crian\u00e7a relatou que acordou por volta das 7h da manh\u00e3, e percebeu que o filho n\u00e3o estava respirando, [&hellip;]\" \/>\n<meta property=\"og:url\" content=\"https:\/\/noticiaempauta.com\/portal\/morte-de-bebe-em-sao-joao-da-canabrava-pode-ter-sido-intencional-diz-perito\/\" \/>\n<meta property=\"og:site_name\" content=\"Portal Not\u00edcia em Pauta\" \/>\n<meta property=\"article:publisher\" content=\"https:\/\/www.facebook.com\/Portal-Notcia-Em-Pauta-102292869264820\/\" \/>\n<meta property=\"article:published_time\" content=\"2024-05-22T13:16:12+00:00\" \/>\n<meta property=\"article:modified_time\" content=\"2024-05-22T13:16:13+00:00\" \/>\n<meta property=\"og:image\" content=\"https:\/\/noticiaempauta.com\/portal\/wp-content\/uploads\/2024\/05\/bebe01-1.jpeg\" \/>\n\t<meta property=\"og:image:width\" content=\"638\" \/>\n\t<meta property=\"og:image:height\" content=\"431\" \/>\n\t<meta property=\"og:image:type\" content=\"image\/jpeg\" \/>\n<meta name=\"author\" content=\"Reda\u00e7\u00e3o\" \/>\n<meta name=\"twitter:card\" content=\"summary_large_image\" \/>\n<meta name=\"twitter:label1\" content=\"Escrito por\" \/>\n\t<meta name=\"twitter:data1\" content=\"Reda\u00e7\u00e3o\" \/>\n\t<meta name=\"twitter:label2\" content=\"Est. tempo de leitura\" \/>\n\t<meta name=\"twitter:data2\" content=\"3 minutos\" \/>\n<script type=\"application\/ld+json\" class=\"yoast-schema-graph\">{\"@context\":\"https:\/\/schema.org\",\"@graph\":[{\"@type\":\"Article\",\"@id\":\"https:\/\/noticiaempauta.com\/portal\/morte-de-bebe-em-sao-joao-da-canabrava-pode-ter-sido-intencional-diz-perito\/#article\",\"isPartOf\":{\"@id\":\"https:\/\/noticiaempauta.com\/portal\/morte-de-bebe-em-sao-joao-da-canabrava-pode-ter-sido-intencional-diz-perito\/\"},\"author\":{\"name\":\"Reda\u00e7\u00e3o\",\"@id\":\"https:\/\/noticiaempauta.com\/portal\/#\/schema\/person\/a74af43dd1ab3deca45f988c717d57ac\"},\"headline\":\"Morte de beb\u00ea em S\u00e3o jo\u00e3o da Canabrava pode ter sido intencional; diz perito\",\"datePublished\":\"2024-05-22T13:16:12+00:00\",\"dateModified\":\"2024-05-22T13:16:13+00:00\",\"mainEntityOfPage\":{\"@id\":\"https:\/\/noticiaempauta.com\/portal\/morte-de-bebe-em-sao-joao-da-canabrava-pode-ter-sido-intencional-diz-perito\/\"},\"wordCount\":275,\"commentCount\":0,\"publisher\":{\"@id\":\"https:\/\/noticiaempauta.com\/portal\/#organization\"},\"image\":{\"@id\":\"https:\/\/noticiaempauta.com\/portal\/morte-de-bebe-em-sao-joao-da-canabrava-pode-ter-sido-intencional-diz-perito\/#primaryimage\"},\"thumbnailUrl\":\"https:\/\/noticiaempauta.com\/portal\/wp-content\/uploads\/2024\/05\/bebe01-1.jpeg\",\"keywords\":[\"destaqueprincipal\"],\"articleSection\":[\"Destaques\",\"Geral\",\"Munic\u00edpios\",\"Pol\u00edcia\",\"Todas as Not\u00edcias\"],\"inLanguage\":\"pt-BR\",\"potentialAction\":[{\"@type\":\"CommentAction\",\"name\":\"Comment\",\"target\":[\"https:\/\/noticiaempauta.com\/portal\/morte-de-bebe-em-sao-joao-da-canabrava-pode-ter-sido-intencional-diz-perito\/#respond\"]}]},{\"@type\":\"WebPage\",\"@id\":\"https:\/\/noticiaempauta.com\/portal\/morte-de-bebe-em-sao-joao-da-canabrava-pode-ter-sido-intencional-diz-perito\/\",\"url\":\"https:\/\/noticiaempauta.com\/portal\/morte-de-bebe-em-sao-joao-da-canabrava-pode-ter-sido-intencional-diz-perito\/\",\"name\":\"Morte de beb\u00ea em S\u00e3o jo\u00e3o da Canabrava pode ter sido intencional; diz perito - Portal Not\u00edcia em Pauta\",\"isPartOf\":{\"@id\":\"https:\/\/noticiaempauta.com\/portal\/#website\"},\"primaryImageOfPage\":{\"@id\":\"https:\/\/noticiaempauta.com\/portal\/morte-de-bebe-em-sao-joao-da-canabrava-pode-ter-sido-intencional-diz-perito\/#primaryimage\"},\"image\":{\"@id\":\"https:\/\/noticiaempauta.com\/portal\/morte-de-bebe-em-sao-joao-da-canabrava-pode-ter-sido-intencional-diz-perito\/#primaryimage\"},\"thumbnailUrl\":\"https:\/\/noticiaempauta.com\/portal\/wp-content\/uploads\/2024\/05\/bebe01-1.jpeg\",\"datePublished\":\"2024-05-22T13:16:12+00:00\",\"dateModified\":\"2024-05-22T13:16:13+00:00\",\"breadcrumb\":{\"@id\":\"https:\/\/noticiaempauta.com\/portal\/morte-de-bebe-em-sao-joao-da-canabrava-pode-ter-sido-intencional-diz-perito\/#breadcrumb\"},\"inLanguage\":\"pt-BR\",\"potentialAction\":[{\"@type\":\"ReadAction\",\"target\":[\"https:\/\/noticiaempauta.com\/portal\/morte-de-bebe-em-sao-joao-da-canabrava-pode-ter-sido-intencional-diz-perito\/\"]}]},{\"@type\":\"ImageObject\",\"inLanguage\":\"pt-BR\",\"@id\":\"https:\/\/noticiaempauta.com\/portal\/morte-de-bebe-em-sao-joao-da-canabrava-pode-ter-sido-intencional-diz-perito\/#primaryimage\",\"url\":\"https:\/\/noticiaempauta.com\/portal\/wp-content\/uploads\/2024\/05\/bebe01-1.jpeg\",\"contentUrl\":\"https:\/\/noticiaempauta.com\/portal\/wp-content\/uploads\/2024\/05\/bebe01-1.jpeg\",\"width\":638,\"height\":431},{\"@type\":\"BreadcrumbList\",\"@id\":\"https:\/\/noticiaempauta.com\/portal\/morte-de-bebe-em-sao-joao-da-canabrava-pode-ter-sido-intencional-diz-perito\/#breadcrumb\",\"itemListElement\":[{\"@type\":\"ListItem\",\"position\":1,\"name\":\"P\u00e1gina Inicial\",\"item\":\"https:\/\/noticiaempauta.com\/portal\/\"},{\"@type\":\"ListItem\",\"position\":2,\"name\":\"Destaques\",\"item\":\"https:\/\/noticiaempauta.com\/portal\/destaques-site\/\"},{\"@type\":\"ListItem\",\"position\":3,\"name\":\"Morte de beb\u00ea em S\u00e3o jo\u00e3o da Canabrava pode ter sido intencional; diz perito\"}]},{\"@type\":\"WebSite\",\"@id\":\"https:\/\/noticiaempauta.com\/portal\/#website\",\"url\":\"https:\/\/noticiaempauta.com\/portal\/\",\"name\":\"Portal Not\u00edcia em Pauta\",\"description\":\"Voc\u00ea bem informado\",\"publisher\":{\"@id\":\"https:\/\/noticiaempauta.com\/portal\/#organization\"},\"potentialAction\":[{\"@type\":\"SearchAction\",\"target\":{\"@type\":\"EntryPoint\",\"urlTemplate\":\"https:\/\/noticiaempauta.com\/portal\/?s={search_term_string}\"},\"query-input\":{\"@type\":\"PropertyValueSpecification\",\"valueRequired\":true,\"valueName\":\"search_term_string\"}}],\"inLanguage\":\"pt-BR\"},{\"@type\":\"Organization\",\"@id\":\"https:\/\/noticiaempauta.com\/portal\/#organization\",\"name\":\"Portal Not\u00edcia em Pauta\",\"url\":\"https:\/\/noticiaempauta.com\/portal\/\",\"logo\":{\"@type\":\"ImageObject\",\"inLanguage\":\"pt-BR\",\"@id\":\"https:\/\/noticiaempauta.com\/portal\/#\/schema\/logo\/image\/\",\"url\":\"https:\/\/noticiaempauta.com\/portal\/wp-content\/uploads\/2022\/08\/logomarca_tema.fw_.png\",\"contentUrl\":\"https:\/\/noticiaempauta.com\/portal\/wp-content\/uploads\/2022\/08\/logomarca_tema.fw_.png\",\"width\":400,\"height\":232,\"caption\":\"Portal Not\u00edcia em Pauta\"},\"image\":{\"@id\":\"https:\/\/noticiaempauta.com\/portal\/#\/schema\/logo\/image\/\"},\"sameAs\":[\"https:\/\/www.facebook.com\/Portal-Notcia-Em-Pauta-102292869264820\/\",\"https:\/\/www.instagram.com\/portalnoticiaempauta\/\"]},{\"@type\":\"Person\",\"@id\":\"https:\/\/noticiaempauta.com\/portal\/#\/schema\/person\/a74af43dd1ab3deca45f988c717d57ac\",\"name\":\"Reda\u00e7\u00e3o\",\"image\":{\"@type\":\"ImageObject\",\"inLanguage\":\"pt-BR\",\"@id\":\"https:\/\/noticiaempauta.com\/portal\/#\/schema\/person\/image\/\",\"url\":\"https:\/\/secure.gravatar.com\/avatar\/03179346ecce6cdfc13361603e8f54242a90e5cde8618fa23c5c00aa2b0aadf3?s=96&d=mm&r=g\",\"contentUrl\":\"https:\/\/secure.gravatar.com\/avatar\/03179346ecce6cdfc13361603e8f54242a90e5cde8618fa23c5c00aa2b0aadf3?s=96&d=mm&r=g\",\"caption\":\"Reda\u00e7\u00e3o\"},\"sameAs\":[\"https:\/\/noticiaempauta.com\/portal\/\"],\"url\":\"https:\/\/noticiaempauta.com\/portal\/author\/fernando\/\"}]}<\/script>\n<!-- \/ Yoast SEO Premium plugin. -->","yoast_head_json":{"title":"Morte de beb\u00ea em S\u00e3o jo\u00e3o da Canabrava pode ter sido intencional; diz perito - Portal Not\u00edcia em Pauta","robots":{"index":"index","follow":"follow","max-snippet":"max-snippet:-1","max-image-preview":"max-image-preview:large","max-video-preview":"max-video-preview:-1"},"canonical":"https:\/\/noticiaempauta.com\/portal\/morte-de-bebe-em-sao-joao-da-canabrava-pode-ter-sido-intencional-diz-perito\/","og_locale":"pt_BR","og_type":"article","og_title":"Morte de beb\u00ea em S\u00e3o jo\u00e3o da Canabrava pode ter sido intencional; diz perito","og_description":"Na manh\u00e3 desta ter\u00e7a-feira, 21 de maio,\u00a0um menino de cinco meses foi encontrado morto no Assentamento Santa \u00darsula, zona rural de S\u00e3o Jo\u00e3o da Canabrava. Segundo informa\u00e7\u00f5es da Pol\u00edcia Militar, que atendeu a ocorr\u00eancia, a m\u00e3e da crian\u00e7a relatou que acordou por volta das 7h da manh\u00e3, e percebeu que o filho n\u00e3o estava respirando, [&hellip;]","og_url":"https:\/\/noticiaempauta.com\/portal\/morte-de-bebe-em-sao-joao-da-canabrava-pode-ter-sido-intencional-diz-perito\/","og_site_name":"Portal Not\u00edcia em Pauta","article_publisher":"https:\/\/www.facebook.com\/Portal-Notcia-Em-Pauta-102292869264820\/","article_published_time":"2024-05-22T13:16:12+00:00","article_modified_time":"2024-05-22T13:16:13+00:00","og_image":[{"width":638,"height":431,"url":"https:\/\/noticiaempauta.com\/portal\/wp-content\/uploads\/2024\/05\/bebe01-1.jpeg","type":"image\/jpeg"}],"author":"Reda\u00e7\u00e3o","twitter_card":"summary_large_image","twitter_misc":{"Escrito por":"Reda\u00e7\u00e3o","Est. tempo de leitura":"3 minutos"},"schema":{"@context":"https:\/\/schema.org","@graph":[{"@type":"Article","@id":"https:\/\/noticiaempauta.com\/portal\/morte-de-bebe-em-sao-joao-da-canabrava-pode-ter-sido-intencional-diz-perito\/#article","isPartOf":{"@id":"https:\/\/noticiaempauta.com\/portal\/morte-de-bebe-em-sao-joao-da-canabrava-pode-ter-sido-intencional-diz-perito\/"},"author":{"name":"Reda\u00e7\u00e3o","@id":"https:\/\/noticiaempauta.com\/portal\/#\/schema\/person\/a74af43dd1ab3deca45f988c717d57ac"},"headline":"Morte de beb\u00ea em S\u00e3o jo\u00e3o da Canabrava pode ter sido intencional; diz perito","datePublished":"2024-05-22T13:16:12+00:00","dateModified":"2024-05-22T13:16:13+00:00","mainEntityOfPage":{"@id":"https:\/\/noticiaempauta.com\/portal\/morte-de-bebe-em-sao-joao-da-canabrava-pode-ter-sido-intencional-diz-perito\/"},"wordCount":275,"commentCount":0,"publisher":{"@id":"https:\/\/noticiaempauta.com\/portal\/#organization"},"image":{"@id":"https:\/\/noticiaempauta.com\/portal\/morte-de-bebe-em-sao-joao-da-canabrava-pode-ter-sido-intencional-diz-perito\/#primaryimage"},"thumbnailUrl":"https:\/\/noticiaempauta.com\/portal\/wp-content\/uploads\/2024\/05\/bebe01-1.jpeg","keywords":["destaqueprincipal"],"articleSection":["Destaques","Geral","Munic\u00edpios","Pol\u00edcia","Todas as Not\u00edcias"],"inLanguage":"pt-BR","potentialAction":[{"@type":"CommentAction","name":"Comment","target":["https:\/\/noticiaempauta.com\/portal\/morte-de-bebe-em-sao-joao-da-canabrava-pode-ter-sido-intencional-diz-perito\/#respond"]}]},{"@type":"WebPage","@id":"https:\/\/noticiaempauta.com\/portal\/morte-de-bebe-em-sao-joao-da-canabrava-pode-ter-sido-intencional-diz-perito\/","url":"https:\/\/noticiaempauta.com\/portal\/morte-de-bebe-em-sao-joao-da-canabrava-pode-ter-sido-intencional-diz-perito\/","name":"Morte de beb\u00ea em S\u00e3o jo\u00e3o da Canabrava pode ter sido intencional; diz perito - Portal Not\u00edcia em Pauta","isPartOf":{"@id":"https:\/\/noticiaempauta.com\/portal\/#website"},"primaryImageOfPage":{"@id":"https:\/\/noticiaempauta.com\/portal\/morte-de-bebe-em-sao-joao-da-canabrava-pode-ter-sido-intencional-diz-perito\/#primaryimage"},"image":{"@id":"https:\/\/noticiaempauta.com\/portal\/morte-de-bebe-em-sao-joao-da-canabrava-pode-ter-sido-intencional-diz-perito\/#primaryimage"},"thumbnailUrl":"https:\/\/noticiaempauta.com\/portal\/wp-content\/uploads\/2024\/05\/bebe01-1.jpeg","datePublished":"2024-05-22T13:16:12+00:00","dateModified":"2024-05-22T13:16:13+00:00","breadcrumb":{"@id":"https:\/\/noticiaempauta.com\/portal\/morte-de-bebe-em-sao-joao-da-canabrava-pode-ter-sido-intencional-diz-perito\/#breadcrumb"},"inLanguage":"pt-BR","potentialAction":[{"@type":"ReadAction","target":["https:\/\/noticiaempauta.com\/portal\/morte-de-bebe-em-sao-joao-da-canabrava-pode-ter-sido-intencional-diz-perito\/"]}]},{"@type":"ImageObject","inLanguage":"pt-BR","@id":"https:\/\/noticiaempauta.com\/portal\/morte-de-bebe-em-sao-joao-da-canabrava-pode-ter-sido-intencional-diz-perito\/#primaryimage","url":"https:\/\/noticiaempauta.com\/portal\/wp-content\/uploads\/2024\/05\/bebe01-1.jpeg","contentUrl":"https:\/\/noticiaempauta.com\/portal\/wp-content\/uploads\/2024\/05\/bebe01-1.jpeg","width":638,"height":431},{"@type":"BreadcrumbList","@id":"https:\/\/noticiaempauta.com\/portal\/morte-de-bebe-em-sao-joao-da-canabrava-pode-ter-sido-intencional-diz-perito\/#breadcrumb","itemListElement":[{"@type":"ListItem","position":1,"name":"P\u00e1gina Inicial","item":"https:\/\/noticiaempauta.com\/portal\/"},{"@type":"ListItem","position":2,"name":"Destaques","item":"https:\/\/noticiaempauta.com\/portal\/destaques-site\/"},{"@type":"ListItem","position":3,"name":"Morte de beb\u00ea em S\u00e3o jo\u00e3o da Canabrava pode ter sido intencional; diz perito"}]},{"@type":"WebSite","@id":"https:\/\/noticiaempauta.com\/portal\/#website","url":"https:\/\/noticiaempauta.com\/portal\/","name":"Portal Not\u00edcia em Pauta","description":"Voc\u00ea bem informado","publisher":{"@id":"https:\/\/noticiaempauta.com\/portal\/#organization"},"potentialAction":[{"@type":"SearchAction","target":{"@type":"EntryPoint","urlTemplate":"https:\/\/noticiaempauta.com\/portal\/?s={search_term_string}"},"query-input":{"@type":"PropertyValueSpecification","valueRequired":true,"valueName":"search_term_string"}}],"inLanguage":"pt-BR"},{"@type":"Organization","@id":"https:\/\/noticiaempauta.com\/portal\/#organization","name":"Portal Not\u00edcia em Pauta","url":"https:\/\/noticiaempauta.com\/portal\/","logo":{"@type":"ImageObject","inLanguage":"pt-BR","@id":"https:\/\/noticiaempauta.com\/portal\/#\/schema\/logo\/image\/","url":"https:\/\/noticiaempauta.com\/portal\/wp-content\/uploads\/2022\/08\/logomarca_tema.fw_.png","contentUrl":"https:\/\/noticiaempauta.com\/portal\/wp-content\/uploads\/2022\/08\/logomarca_tema.fw_.png","width":400,"height":232,"caption":"Portal Not\u00edcia em Pauta"},"image":{"@id":"https:\/\/noticiaempauta.com\/portal\/#\/schema\/logo\/image\/"},"sameAs":["https:\/\/www.facebook.com\/Portal-Notcia-Em-Pauta-102292869264820\/","https:\/\/www.instagram.com\/portalnoticiaempauta\/"]},{"@type":"Person","@id":"https:\/\/noticiaempauta.com\/portal\/#\/schema\/person\/a74af43dd1ab3deca45f988c717d57ac","name":"Reda\u00e7\u00e3o","image":{"@type":"ImageObject","inLanguage":"pt-BR","@id":"https:\/\/noticiaempauta.com\/portal\/#\/schema\/person\/image\/","url":"https:\/\/secure.gravatar.com\/avatar\/03179346ecce6cdfc13361603e8f54242a90e5cde8618fa23c5c00aa2b0aadf3?s=96&d=mm&r=g","contentUrl":"https:\/\/secure.gravatar.com\/avatar\/03179346ecce6cdfc13361603e8f54242a90e5cde8618fa23c5c00aa2b0aadf3?s=96&d=mm&r=g","caption":"Reda\u00e7\u00e3o"},"sameAs":["https:\/\/noticiaempauta.com\/portal\/"],"url":"https:\/\/noticiaempauta.com\/portal\/author\/fernando\/"}]}},"_links":{"self":[{"href":"https:\/\/noticiaempauta.com\/portal\/wp-json\/wp\/v2\/posts\/258121","targetHints":{"allow":["GET"]}}],"collection":[{"href":"https:\/\/noticiaempauta.com\/portal\/wp-json\/wp\/v2\/posts"}],"about":[{"href":"https:\/\/noticiaempauta.com\/portal\/wp-json\/wp\/v2\/types\/post"}],"author":[{"embeddable":true,"href":"https:\/\/noticiaempauta.com\/portal\/wp-json\/wp\/v2\/users\/2"}],"replies":[{"embeddable":true,"href":"https:\/\/noticiaempauta.com\/portal\/wp-json\/wp\/v2\/comments?post=258121"}],"version-history":[{"count":2,"href":"https:\/\/noticiaempauta.com\/portal\/wp-json\/wp\/v2\/posts\/258121\/revisions"}],"predecessor-version":[{"id":258129,"href":"https:\/\/noticiaempauta.com\/portal\/wp-json\/wp\/v2\/posts\/258121\/revisions\/258129"}],"wp:featuredmedia":[{"embeddable":true,"href":"https:\/\/noticiaempauta.com\/portal\/wp-json\/wp\/v2\/media\/258127"}],"wp:attachment":[{"href":"https:\/\/noticiaempauta.com\/portal\/wp-json\/wp\/v2\/media?parent=258121"}],"wp:term":[{"taxonomy":"category","embeddable":true,"href":"https:\/\/noticiaempauta.com\/portal\/wp-json\/wp\/v2\/categories?post=258121"},{"taxonomy":"post_tag","embeddable":true,"href":"https:\/\/noticiaempauta.com\/portal\/wp-json\/wp\/v2\/tags?post=258121"}],"curies":[{"name":"wp","href":"https:\/\/api.w.org\/{rel}","templated":true}]}}