{"id":258135,"date":"2024-05-22T10:37:24","date_gmt":"2024-05-22T13:37:24","guid":{"rendered":"https:\/\/noticiaempauta.com\/portal\/?p=258135"},"modified":"2024-05-22T10:37:25","modified_gmt":"2024-05-22T13:37:25","slug":"lula-anuncia-renegociacao-das-dividas-de-municipios-e-pede-civilidade-nas-eleicoes","status":"publish","type":"post","link":"https:\/\/noticiaempauta.com\/portal\/lula-anuncia-renegociacao-das-dividas-de-municipios-e-pede-civilidade-nas-eleicoes\/","title":{"rendered":"Lula anuncia renegocia\u00e7\u00e3o das d\u00edvidas de munic\u00edpios e pede civilidade nas elei\u00e7\u00f5es"},"content":{"rendered":"\n<p>Na ter\u00e7a-feira (21), o presidente Lula (PT) anunciou a\u00a0renegocia\u00e7\u00e3o de d\u00edvidas previdenci\u00e1rias dos munic\u00edpios\u00a0durante a abertura da 25\u00aa Marcha a Bras\u00edlia em Defesa dos Munic\u00edpios. O evento, conhecido como &#8220;Marcha dos Prefeitos&#8221;, \u00e9 organizado pela Confedera\u00e7\u00e3o Nacional de Munic\u00edpios (CNM) e espera receber mais de 10 mil gestores at\u00e9 quinta-feira (23).\u00a0Al\u00e9m da renegocia\u00e7\u00e3o, Lula pediu que as elei\u00e7\u00f5es municipais deste ano n\u00e3o causem a perda da civilidade entre advers\u00e1rios.<\/p>\n\n\n\n<figure class=\"wp-block-image size-full\"><img fetchpriority=\"high\" decoding=\"async\" width=\"888\" height=\"476\" src=\"https:\/\/noticiaempauta.com\/portal\/wp-content\/uploads\/2024\/05\/lula-anuncia-renegociacao-das-dividas-de-municipios-e-pede-civilidade-nas-eleicoes-54296d38-e277-473e-8436-364a28be82ce.jpg.webp\" alt=\"\" class=\"wp-image-258137\" srcset=\"https:\/\/noticiaempauta.com\/portal\/wp-content\/uploads\/2024\/05\/lula-anuncia-renegociacao-das-dividas-de-municipios-e-pede-civilidade-nas-eleicoes-54296d38-e277-473e-8436-364a28be82ce.jpg.webp 888w, https:\/\/noticiaempauta.com\/portal\/wp-content\/uploads\/2024\/05\/lula-anuncia-renegociacao-das-dividas-de-municipios-e-pede-civilidade-nas-eleicoes-54296d38-e277-473e-8436-364a28be82ce.jpg-300x161.webp 300w, https:\/\/noticiaempauta.com\/portal\/wp-content\/uploads\/2024\/05\/lula-anuncia-renegociacao-das-dividas-de-municipios-e-pede-civilidade-nas-eleicoes-54296d38-e277-473e-8436-364a28be82ce.jpg-768x412.webp 768w\" sizes=\"(max-width: 888px) 100vw, 888px\" \/><\/figure>\n\n\n\n<h2 class=\"wp-block-heading\" id=\"h-pagamento-dos-precatorios\">PAGAMENTO DOS PRECAT\u00d3RIOS<\/h2>\n\n\n\n<p>Lula afirmou que os novos prazos para financiamento das d\u00edvidas previdenci\u00e1rias dos munic\u00edpios incluir\u00e3o renegocia\u00e7\u00e3o de juros e um teto m\u00e1ximo de comprometimento da receita corrente l\u00edquida.&nbsp;<strong>Ele tamb\u00e9m mencionou a cria\u00e7\u00e3o de novas regras para pagamento de precat\u00f3rios, visando facilitar a liquida\u00e7\u00e3o e aliviar as contas p\u00fablicas dos munic\u00edpios<\/strong>. &#8220;O governo apresentar\u00e1 novo prazo para financiamento de d\u00edvidas previdenci\u00e1rias dos munic\u00edpios com renegocia\u00e7\u00e3o de juros e teto m\u00e1ximo de comprometimento da receita corrente l\u00edquida&#8221;, disse Lula.<\/p>\n\n\n\n<h2 class=\"wp-block-heading\" id=\"h-vaias-e-aplausos\">VAIAS E APLAUSOS<\/h2>\n\n\n\n<p>Durante o evento,\u00a0<a href=\"https:\/\/www.meionews.com\/politica\/dilma-nega-que-dinheiro-para-o-rs-tenha-sido-aprovado-por-bolsonaro-497828\"><strong>Lula foi recebido com vaias e aplausos<\/strong><\/a><strong>, e o presidente da CNM, Paulo Ziulkoski, criticou as vaias, pedindo respeito \u00e0s autoridades presentes<\/strong>. Ziulkoski enfatizou a import\u00e2ncia de manter a civilidade e evitar disputas pol\u00edticas durante a marcha. Em seu discurso, Lula refor\u00e7ou a necessidade de harmonia e compreens\u00e3o durante a disputa eleitoral. &#8220;N\u00e3o permitam que as elei\u00e7\u00f5es fa\u00e7am com que voc\u00eas percam a civilidade. Esse pa\u00eds est\u00e1 precisando de harmonia, muito mais de compreens\u00e3o&#8221;, afirmou o presidente.<\/p>\n\n\n\n<h2 class=\"wp-block-heading\" id=\"h-desoneracao-da-folha-salarial\">DESONERA\u00c7\u00c3O DA FOLHA SALARIAL<\/h2>\n\n\n\n<p>A desonera\u00e7\u00e3o da folha salarial dos pequenos munic\u00edpios foi um dos principais temas discutidos na marcha.\u00a0<strong>Na semana passada, um acordo foi anunciado para manter a al\u00edquota reduzida da contribui\u00e7\u00e3o previdenci\u00e1ria, de 8%, paga pelos pequenos munic\u00edpios at\u00e9 o fim deste ano, com aumento gradual a partir de 2025<\/strong>. O presidente da C\u00e2mara, Arthur Lira, defendeu um consenso que permita \u00e0s prefeituras ganharem f\u00f4lego para se recuperar dos custos p\u00f3s-pandemia, ao mesmo tempo que o governo federal realiza o indispens\u00e1vel ajuste fiscal.<\/p>\n\n\n\n<p><em>Fonte: Meio News<\/em><\/p>\n","protected":false},"excerpt":{"rendered":"<p>Na ter\u00e7a-feira (21), o presidente Lula (PT) anunciou a\u00a0renegocia\u00e7\u00e3o de d\u00edvidas previdenci\u00e1rias dos munic\u00edpios\u00a0durante a abertura da 25\u00aa Marcha a Bras\u00edlia em Defesa dos Munic\u00edpios. O evento, conhecido como &#8220;Marcha dos Prefeitos&#8221;, \u00e9 organizado pela Confedera\u00e7\u00e3o Nacional de Munic\u00edpios (CNM) e espera receber mais de 10 mil gestores at\u00e9 quinta-feira (23).\u00a0Al\u00e9m da renegocia\u00e7\u00e3o, Lula pediu [&hellip;]<\/p>\n","protected":false},"author":2,"featured_media":258137,"comment_status":"open","ping_status":"open","sticky":false,"template":"","format":"standard","meta":{"_mi_skip_tracking":false,"footnotes":""},"categories":[25,1,9,3,8,16],"tags":[192],"class_list":["post-258135","post","type-post","status-publish","format-standard","has-post-thumbnail","hentry","category-destaques-site","category-geral","category-municipios","category-politica","category-social","category-todas","tag-destaqueprincipal"],"acf":[],"yoast_head":"<!-- This site is optimized with the Yoast SEO Premium plugin v19.2 (Yoast SEO v26.9) - https:\/\/yoast.com\/product\/yoast-seo-premium-wordpress\/ -->\n<title>Lula anuncia renegocia\u00e7\u00e3o das d\u00edvidas de munic\u00edpios e pede civilidade nas elei\u00e7\u00f5es - Portal Not\u00edcia em Pauta<\/title>\n<meta name=\"robots\" content=\"index, follow, max-snippet:-1, max-image-preview:large, max-video-preview:-1\" \/>\n<link rel=\"canonical\" href=\"https:\/\/noticiaempauta.com\/portal\/lula-anuncia-renegociacao-das-dividas-de-municipios-e-pede-civilidade-nas-eleicoes\/\" \/>\n<meta property=\"og:locale\" content=\"pt_BR\" \/>\n<meta property=\"og:type\" content=\"article\" \/>\n<meta property=\"og:title\" content=\"Lula anuncia renegocia\u00e7\u00e3o das d\u00edvidas de munic\u00edpios e pede civilidade nas elei\u00e7\u00f5es\" \/>\n<meta property=\"og:description\" content=\"Na ter\u00e7a-feira (21), o presidente Lula (PT) anunciou a\u00a0renegocia\u00e7\u00e3o de d\u00edvidas previdenci\u00e1rias dos munic\u00edpios\u00a0durante a abertura da 25\u00aa Marcha a Bras\u00edlia em Defesa dos Munic\u00edpios. O evento, conhecido como &#8220;Marcha dos Prefeitos&#8221;, \u00e9 organizado pela Confedera\u00e7\u00e3o Nacional de Munic\u00edpios (CNM) e espera receber mais de 10 mil gestores at\u00e9 quinta-feira (23).\u00a0Al\u00e9m da renegocia\u00e7\u00e3o, Lula pediu [&hellip;]\" \/>\n<meta property=\"og:url\" content=\"https:\/\/noticiaempauta.com\/portal\/lula-anuncia-renegociacao-das-dividas-de-municipios-e-pede-civilidade-nas-eleicoes\/\" \/>\n<meta property=\"og:site_name\" content=\"Portal Not\u00edcia em Pauta\" \/>\n<meta property=\"article:publisher\" content=\"https:\/\/www.facebook.com\/Portal-Notcia-Em-Pauta-102292869264820\/\" \/>\n<meta property=\"article:published_time\" content=\"2024-05-22T13:37:24+00:00\" \/>\n<meta property=\"article:modified_time\" content=\"2024-05-22T13:37:25+00:00\" \/>\n<meta property=\"og:image\" content=\"https:\/\/noticiaempauta.com\/portal\/wp-content\/uploads\/2024\/05\/lula-anuncia-renegociacao-das-dividas-de-municipios-e-pede-civilidade-nas-eleicoes-54296d38-e277-473e-8436-364a28be82ce.jpg.webp\" \/>\n\t<meta property=\"og:image:width\" content=\"888\" \/>\n\t<meta property=\"og:image:height\" content=\"476\" \/>\n\t<meta property=\"og:image:type\" content=\"image\/webp\" \/>\n<meta name=\"author\" content=\"Reda\u00e7\u00e3o\" \/>\n<meta name=\"twitter:card\" content=\"summary_large_image\" \/>\n<meta name=\"twitter:label1\" content=\"Escrito por\" \/>\n\t<meta name=\"twitter:data1\" content=\"Reda\u00e7\u00e3o\" \/>\n\t<meta name=\"twitter:label2\" content=\"Est. tempo de leitura\" \/>\n\t<meta name=\"twitter:data2\" content=\"3 minutos\" \/>\n<script type=\"application\/ld+json\" class=\"yoast-schema-graph\">{\"@context\":\"https:\/\/schema.org\",\"@graph\":[{\"@type\":\"Article\",\"@id\":\"https:\/\/noticiaempauta.com\/portal\/lula-anuncia-renegociacao-das-dividas-de-municipios-e-pede-civilidade-nas-eleicoes\/#article\",\"isPartOf\":{\"@id\":\"https:\/\/noticiaempauta.com\/portal\/lula-anuncia-renegociacao-das-dividas-de-municipios-e-pede-civilidade-nas-eleicoes\/\"},\"author\":{\"name\":\"Reda\u00e7\u00e3o\",\"@id\":\"https:\/\/noticiaempauta.com\/portal\/#\/schema\/person\/a74af43dd1ab3deca45f988c717d57ac\"},\"headline\":\"Lula anuncia renegocia\u00e7\u00e3o das d\u00edvidas de munic\u00edpios e pede civilidade nas elei\u00e7\u00f5es\",\"datePublished\":\"2024-05-22T13:37:24+00:00\",\"dateModified\":\"2024-05-22T13:37:25+00:00\",\"mainEntityOfPage\":{\"@id\":\"https:\/\/noticiaempauta.com\/portal\/lula-anuncia-renegociacao-das-dividas-de-municipios-e-pede-civilidade-nas-eleicoes\/\"},\"wordCount\":389,\"commentCount\":0,\"publisher\":{\"@id\":\"https:\/\/noticiaempauta.com\/portal\/#organization\"},\"image\":{\"@id\":\"https:\/\/noticiaempauta.com\/portal\/lula-anuncia-renegociacao-das-dividas-de-municipios-e-pede-civilidade-nas-eleicoes\/#primaryimage\"},\"thumbnailUrl\":\"https:\/\/noticiaempauta.com\/portal\/wp-content\/uploads\/2024\/05\/lula-anuncia-renegociacao-das-dividas-de-municipios-e-pede-civilidade-nas-eleicoes-54296d38-e277-473e-8436-364a28be82ce.jpg.webp\",\"keywords\":[\"destaqueprincipal\"],\"articleSection\":[\"Destaques\",\"Geral\",\"Munic\u00edpios\",\"Pol\u00edtica\",\"Social\",\"Todas as Not\u00edcias\"],\"inLanguage\":\"pt-BR\",\"potentialAction\":[{\"@type\":\"CommentAction\",\"name\":\"Comment\",\"target\":[\"https:\/\/noticiaempauta.com\/portal\/lula-anuncia-renegociacao-das-dividas-de-municipios-e-pede-civilidade-nas-eleicoes\/#respond\"]}]},{\"@type\":\"WebPage\",\"@id\":\"https:\/\/noticiaempauta.com\/portal\/lula-anuncia-renegociacao-das-dividas-de-municipios-e-pede-civilidade-nas-eleicoes\/\",\"url\":\"https:\/\/noticiaempauta.com\/portal\/lula-anuncia-renegociacao-das-dividas-de-municipios-e-pede-civilidade-nas-eleicoes\/\",\"name\":\"Lula anuncia renegocia\u00e7\u00e3o das d\u00edvidas de munic\u00edpios e pede civilidade nas elei\u00e7\u00f5es - Portal Not\u00edcia em Pauta\",\"isPartOf\":{\"@id\":\"https:\/\/noticiaempauta.com\/portal\/#website\"},\"primaryImageOfPage\":{\"@id\":\"https:\/\/noticiaempauta.com\/portal\/lula-anuncia-renegociacao-das-dividas-de-municipios-e-pede-civilidade-nas-eleicoes\/#primaryimage\"},\"image\":{\"@id\":\"https:\/\/noticiaempauta.com\/portal\/lula-anuncia-renegociacao-das-dividas-de-municipios-e-pede-civilidade-nas-eleicoes\/#primaryimage\"},\"thumbnailUrl\":\"https:\/\/noticiaempauta.com\/portal\/wp-content\/uploads\/2024\/05\/lula-anuncia-renegociacao-das-dividas-de-municipios-e-pede-civilidade-nas-eleicoes-54296d38-e277-473e-8436-364a28be82ce.jpg.webp\",\"datePublished\":\"2024-05-22T13:37:24+00:00\",\"dateModified\":\"2024-05-22T13:37:25+00:00\",\"breadcrumb\":{\"@id\":\"https:\/\/noticiaempauta.com\/portal\/lula-anuncia-renegociacao-das-dividas-de-municipios-e-pede-civilidade-nas-eleicoes\/#breadcrumb\"},\"inLanguage\":\"pt-BR\",\"potentialAction\":[{\"@type\":\"ReadAction\",\"target\":[\"https:\/\/noticiaempauta.com\/portal\/lula-anuncia-renegociacao-das-dividas-de-municipios-e-pede-civilidade-nas-eleicoes\/\"]}]},{\"@type\":\"ImageObject\",\"inLanguage\":\"pt-BR\",\"@id\":\"https:\/\/noticiaempauta.com\/portal\/lula-anuncia-renegociacao-das-dividas-de-municipios-e-pede-civilidade-nas-eleicoes\/#primaryimage\",\"url\":\"https:\/\/noticiaempauta.com\/portal\/wp-content\/uploads\/2024\/05\/lula-anuncia-renegociacao-das-dividas-de-municipios-e-pede-civilidade-nas-eleicoes-54296d38-e277-473e-8436-364a28be82ce.jpg.webp\",\"contentUrl\":\"https:\/\/noticiaempauta.com\/portal\/wp-content\/uploads\/2024\/05\/lula-anuncia-renegociacao-das-dividas-de-municipios-e-pede-civilidade-nas-eleicoes-54296d38-e277-473e-8436-364a28be82ce.jpg.webp\",\"width\":888,\"height\":476},{\"@type\":\"BreadcrumbList\",\"@id\":\"https:\/\/noticiaempauta.com\/portal\/lula-anuncia-renegociacao-das-dividas-de-municipios-e-pede-civilidade-nas-eleicoes\/#breadcrumb\",\"itemListElement\":[{\"@type\":\"ListItem\",\"position\":1,\"name\":\"P\u00e1gina Inicial\",\"item\":\"https:\/\/noticiaempauta.com\/portal\/\"},{\"@type\":\"ListItem\",\"position\":2,\"name\":\"Destaques\",\"item\":\"https:\/\/noticiaempauta.com\/portal\/destaques-site\/\"},{\"@type\":\"ListItem\",\"position\":3,\"name\":\"Lula anuncia renegocia\u00e7\u00e3o das d\u00edvidas de munic\u00edpios e pede civilidade nas elei\u00e7\u00f5es\"}]},{\"@type\":\"WebSite\",\"@id\":\"https:\/\/noticiaempauta.com\/portal\/#website\",\"url\":\"https:\/\/noticiaempauta.com\/portal\/\",\"name\":\"Portal Not\u00edcia em Pauta\",\"description\":\"Voc\u00ea bem informado\",\"publisher\":{\"@id\":\"https:\/\/noticiaempauta.com\/portal\/#organization\"},\"potentialAction\":[{\"@type\":\"SearchAction\",\"target\":{\"@type\":\"EntryPoint\",\"urlTemplate\":\"https:\/\/noticiaempauta.com\/portal\/?s={search_term_string}\"},\"query-input\":{\"@type\":\"PropertyValueSpecification\",\"valueRequired\":true,\"valueName\":\"search_term_string\"}}],\"inLanguage\":\"pt-BR\"},{\"@type\":\"Organization\",\"@id\":\"https:\/\/noticiaempauta.com\/portal\/#organization\",\"name\":\"Portal Not\u00edcia em Pauta\",\"url\":\"https:\/\/noticiaempauta.com\/portal\/\",\"logo\":{\"@type\":\"ImageObject\",\"inLanguage\":\"pt-BR\",\"@id\":\"https:\/\/noticiaempauta.com\/portal\/#\/schema\/logo\/image\/\",\"url\":\"https:\/\/noticiaempauta.com\/portal\/wp-content\/uploads\/2022\/08\/logomarca_tema.fw_.png\",\"contentUrl\":\"https:\/\/noticiaempauta.com\/portal\/wp-content\/uploads\/2022\/08\/logomarca_tema.fw_.png\",\"width\":400,\"height\":232,\"caption\":\"Portal Not\u00edcia em Pauta\"},\"image\":{\"@id\":\"https:\/\/noticiaempauta.com\/portal\/#\/schema\/logo\/image\/\"},\"sameAs\":[\"https:\/\/www.facebook.com\/Portal-Notcia-Em-Pauta-102292869264820\/\",\"https:\/\/www.instagram.com\/portalnoticiaempauta\/\"]},{\"@type\":\"Person\",\"@id\":\"https:\/\/noticiaempauta.com\/portal\/#\/schema\/person\/a74af43dd1ab3deca45f988c717d57ac\",\"name\":\"Reda\u00e7\u00e3o\",\"image\":{\"@type\":\"ImageObject\",\"inLanguage\":\"pt-BR\",\"@id\":\"https:\/\/noticiaempauta.com\/portal\/#\/schema\/person\/image\/\",\"url\":\"https:\/\/secure.gravatar.com\/avatar\/03179346ecce6cdfc13361603e8f54242a90e5cde8618fa23c5c00aa2b0aadf3?s=96&d=mm&r=g\",\"contentUrl\":\"https:\/\/secure.gravatar.com\/avatar\/03179346ecce6cdfc13361603e8f54242a90e5cde8618fa23c5c00aa2b0aadf3?s=96&d=mm&r=g\",\"caption\":\"Reda\u00e7\u00e3o\"},\"sameAs\":[\"https:\/\/noticiaempauta.com\/portal\/\"],\"url\":\"https:\/\/noticiaempauta.com\/portal\/author\/fernando\/\"}]}<\/script>\n<!-- \/ Yoast SEO Premium plugin. -->","yoast_head_json":{"title":"Lula anuncia renegocia\u00e7\u00e3o das d\u00edvidas de munic\u00edpios e pede civilidade nas elei\u00e7\u00f5es - Portal Not\u00edcia em Pauta","robots":{"index":"index","follow":"follow","max-snippet":"max-snippet:-1","max-image-preview":"max-image-preview:large","max-video-preview":"max-video-preview:-1"},"canonical":"https:\/\/noticiaempauta.com\/portal\/lula-anuncia-renegociacao-das-dividas-de-municipios-e-pede-civilidade-nas-eleicoes\/","og_locale":"pt_BR","og_type":"article","og_title":"Lula anuncia renegocia\u00e7\u00e3o das d\u00edvidas de munic\u00edpios e pede civilidade nas elei\u00e7\u00f5es","og_description":"Na ter\u00e7a-feira (21), o presidente Lula (PT) anunciou a\u00a0renegocia\u00e7\u00e3o de d\u00edvidas previdenci\u00e1rias dos munic\u00edpios\u00a0durante a abertura da 25\u00aa Marcha a Bras\u00edlia em Defesa dos Munic\u00edpios. O evento, conhecido como &#8220;Marcha dos Prefeitos&#8221;, \u00e9 organizado pela Confedera\u00e7\u00e3o Nacional de Munic\u00edpios (CNM) e espera receber mais de 10 mil gestores at\u00e9 quinta-feira (23).\u00a0Al\u00e9m da renegocia\u00e7\u00e3o, Lula pediu [&hellip;]","og_url":"https:\/\/noticiaempauta.com\/portal\/lula-anuncia-renegociacao-das-dividas-de-municipios-e-pede-civilidade-nas-eleicoes\/","og_site_name":"Portal Not\u00edcia em Pauta","article_publisher":"https:\/\/www.facebook.com\/Portal-Notcia-Em-Pauta-102292869264820\/","article_published_time":"2024-05-22T13:37:24+00:00","article_modified_time":"2024-05-22T13:37:25+00:00","og_image":[{"width":888,"height":476,"url":"https:\/\/noticiaempauta.com\/portal\/wp-content\/uploads\/2024\/05\/lula-anuncia-renegociacao-das-dividas-de-municipios-e-pede-civilidade-nas-eleicoes-54296d38-e277-473e-8436-364a28be82ce.jpg.webp","type":"image\/webp"}],"author":"Reda\u00e7\u00e3o","twitter_card":"summary_large_image","twitter_misc":{"Escrito por":"Reda\u00e7\u00e3o","Est. tempo de leitura":"3 minutos"},"schema":{"@context":"https:\/\/schema.org","@graph":[{"@type":"Article","@id":"https:\/\/noticiaempauta.com\/portal\/lula-anuncia-renegociacao-das-dividas-de-municipios-e-pede-civilidade-nas-eleicoes\/#article","isPartOf":{"@id":"https:\/\/noticiaempauta.com\/portal\/lula-anuncia-renegociacao-das-dividas-de-municipios-e-pede-civilidade-nas-eleicoes\/"},"author":{"name":"Reda\u00e7\u00e3o","@id":"https:\/\/noticiaempauta.com\/portal\/#\/schema\/person\/a74af43dd1ab3deca45f988c717d57ac"},"headline":"Lula anuncia renegocia\u00e7\u00e3o das d\u00edvidas de munic\u00edpios e pede civilidade nas elei\u00e7\u00f5es","datePublished":"2024-05-22T13:37:24+00:00","dateModified":"2024-05-22T13:37:25+00:00","mainEntityOfPage":{"@id":"https:\/\/noticiaempauta.com\/portal\/lula-anuncia-renegociacao-das-dividas-de-municipios-e-pede-civilidade-nas-eleicoes\/"},"wordCount":389,"commentCount":0,"publisher":{"@id":"https:\/\/noticiaempauta.com\/portal\/#organization"},"image":{"@id":"https:\/\/noticiaempauta.com\/portal\/lula-anuncia-renegociacao-das-dividas-de-municipios-e-pede-civilidade-nas-eleicoes\/#primaryimage"},"thumbnailUrl":"https:\/\/noticiaempauta.com\/portal\/wp-content\/uploads\/2024\/05\/lula-anuncia-renegociacao-das-dividas-de-municipios-e-pede-civilidade-nas-eleicoes-54296d38-e277-473e-8436-364a28be82ce.jpg.webp","keywords":["destaqueprincipal"],"articleSection":["Destaques","Geral","Munic\u00edpios","Pol\u00edtica","Social","Todas as Not\u00edcias"],"inLanguage":"pt-BR","potentialAction":[{"@type":"CommentAction","name":"Comment","target":["https:\/\/noticiaempauta.com\/portal\/lula-anuncia-renegociacao-das-dividas-de-municipios-e-pede-civilidade-nas-eleicoes\/#respond"]}]},{"@type":"WebPage","@id":"https:\/\/noticiaempauta.com\/portal\/lula-anuncia-renegociacao-das-dividas-de-municipios-e-pede-civilidade-nas-eleicoes\/","url":"https:\/\/noticiaempauta.com\/portal\/lula-anuncia-renegociacao-das-dividas-de-municipios-e-pede-civilidade-nas-eleicoes\/","name":"Lula anuncia renegocia\u00e7\u00e3o das d\u00edvidas de munic\u00edpios e pede civilidade nas elei\u00e7\u00f5es - Portal Not\u00edcia em Pauta","isPartOf":{"@id":"https:\/\/noticiaempauta.com\/portal\/#website"},"primaryImageOfPage":{"@id":"https:\/\/noticiaempauta.com\/portal\/lula-anuncia-renegociacao-das-dividas-de-municipios-e-pede-civilidade-nas-eleicoes\/#primaryimage"},"image":{"@id":"https:\/\/noticiaempauta.com\/portal\/lula-anuncia-renegociacao-das-dividas-de-municipios-e-pede-civilidade-nas-eleicoes\/#primaryimage"},"thumbnailUrl":"https:\/\/noticiaempauta.com\/portal\/wp-content\/uploads\/2024\/05\/lula-anuncia-renegociacao-das-dividas-de-municipios-e-pede-civilidade-nas-eleicoes-54296d38-e277-473e-8436-364a28be82ce.jpg.webp","datePublished":"2024-05-22T13:37:24+00:00","dateModified":"2024-05-22T13:37:25+00:00","breadcrumb":{"@id":"https:\/\/noticiaempauta.com\/portal\/lula-anuncia-renegociacao-das-dividas-de-municipios-e-pede-civilidade-nas-eleicoes\/#breadcrumb"},"inLanguage":"pt-BR","potentialAction":[{"@type":"ReadAction","target":["https:\/\/noticiaempauta.com\/portal\/lula-anuncia-renegociacao-das-dividas-de-municipios-e-pede-civilidade-nas-eleicoes\/"]}]},{"@type":"ImageObject","inLanguage":"pt-BR","@id":"https:\/\/noticiaempauta.com\/portal\/lula-anuncia-renegociacao-das-dividas-de-municipios-e-pede-civilidade-nas-eleicoes\/#primaryimage","url":"https:\/\/noticiaempauta.com\/portal\/wp-content\/uploads\/2024\/05\/lula-anuncia-renegociacao-das-dividas-de-municipios-e-pede-civilidade-nas-eleicoes-54296d38-e277-473e-8436-364a28be82ce.jpg.webp","contentUrl":"https:\/\/noticiaempauta.com\/portal\/wp-content\/uploads\/2024\/05\/lula-anuncia-renegociacao-das-dividas-de-municipios-e-pede-civilidade-nas-eleicoes-54296d38-e277-473e-8436-364a28be82ce.jpg.webp","width":888,"height":476},{"@type":"BreadcrumbList","@id":"https:\/\/noticiaempauta.com\/portal\/lula-anuncia-renegociacao-das-dividas-de-municipios-e-pede-civilidade-nas-eleicoes\/#breadcrumb","itemListElement":[{"@type":"ListItem","position":1,"name":"P\u00e1gina Inicial","item":"https:\/\/noticiaempauta.com\/portal\/"},{"@type":"ListItem","position":2,"name":"Destaques","item":"https:\/\/noticiaempauta.com\/portal\/destaques-site\/"},{"@type":"ListItem","position":3,"name":"Lula anuncia renegocia\u00e7\u00e3o das d\u00edvidas de munic\u00edpios e pede civilidade nas elei\u00e7\u00f5es"}]},{"@type":"WebSite","@id":"https:\/\/noticiaempauta.com\/portal\/#website","url":"https:\/\/noticiaempauta.com\/portal\/","name":"Portal Not\u00edcia em Pauta","description":"Voc\u00ea bem informado","publisher":{"@id":"https:\/\/noticiaempauta.com\/portal\/#organization"},"potentialAction":[{"@type":"SearchAction","target":{"@type":"EntryPoint","urlTemplate":"https:\/\/noticiaempauta.com\/portal\/?s={search_term_string}"},"query-input":{"@type":"PropertyValueSpecification","valueRequired":true,"valueName":"search_term_string"}}],"inLanguage":"pt-BR"},{"@type":"Organization","@id":"https:\/\/noticiaempauta.com\/portal\/#organization","name":"Portal Not\u00edcia em Pauta","url":"https:\/\/noticiaempauta.com\/portal\/","logo":{"@type":"ImageObject","inLanguage":"pt-BR","@id":"https:\/\/noticiaempauta.com\/portal\/#\/schema\/logo\/image\/","url":"https:\/\/noticiaempauta.com\/portal\/wp-content\/uploads\/2022\/08\/logomarca_tema.fw_.png","contentUrl":"https:\/\/noticiaempauta.com\/portal\/wp-content\/uploads\/2022\/08\/logomarca_tema.fw_.png","width":400,"height":232,"caption":"Portal Not\u00edcia em Pauta"},"image":{"@id":"https:\/\/noticiaempauta.com\/portal\/#\/schema\/logo\/image\/"},"sameAs":["https:\/\/www.facebook.com\/Portal-Notcia-Em-Pauta-102292869264820\/","https:\/\/www.instagram.com\/portalnoticiaempauta\/"]},{"@type":"Person","@id":"https:\/\/noticiaempauta.com\/portal\/#\/schema\/person\/a74af43dd1ab3deca45f988c717d57ac","name":"Reda\u00e7\u00e3o","image":{"@type":"ImageObject","inLanguage":"pt-BR","@id":"https:\/\/noticiaempauta.com\/portal\/#\/schema\/person\/image\/","url":"https:\/\/secure.gravatar.com\/avatar\/03179346ecce6cdfc13361603e8f54242a90e5cde8618fa23c5c00aa2b0aadf3?s=96&d=mm&r=g","contentUrl":"https:\/\/secure.gravatar.com\/avatar\/03179346ecce6cdfc13361603e8f54242a90e5cde8618fa23c5c00aa2b0aadf3?s=96&d=mm&r=g","caption":"Reda\u00e7\u00e3o"},"sameAs":["https:\/\/noticiaempauta.com\/portal\/"],"url":"https:\/\/noticiaempauta.com\/portal\/author\/fernando\/"}]}},"_links":{"self":[{"href":"https:\/\/noticiaempauta.com\/portal\/wp-json\/wp\/v2\/posts\/258135","targetHints":{"allow":["GET"]}}],"collection":[{"href":"https:\/\/noticiaempauta.com\/portal\/wp-json\/wp\/v2\/posts"}],"about":[{"href":"https:\/\/noticiaempauta.com\/portal\/wp-json\/wp\/v2\/types\/post"}],"author":[{"embeddable":true,"href":"https:\/\/noticiaempauta.com\/portal\/wp-json\/wp\/v2\/users\/2"}],"replies":[{"embeddable":true,"href":"https:\/\/noticiaempauta.com\/portal\/wp-json\/wp\/v2\/comments?post=258135"}],"version-history":[{"count":2,"href":"https:\/\/noticiaempauta.com\/portal\/wp-json\/wp\/v2\/posts\/258135\/revisions"}],"predecessor-version":[{"id":258139,"href":"https:\/\/noticiaempauta.com\/portal\/wp-json\/wp\/v2\/posts\/258135\/revisions\/258139"}],"wp:featuredmedia":[{"embeddable":true,"href":"https:\/\/noticiaempauta.com\/portal\/wp-json\/wp\/v2\/media\/258137"}],"wp:attachment":[{"href":"https:\/\/noticiaempauta.com\/portal\/wp-json\/wp\/v2\/media?parent=258135"}],"wp:term":[{"taxonomy":"category","embeddable":true,"href":"https:\/\/noticiaempauta.com\/portal\/wp-json\/wp\/v2\/categories?post=258135"},{"taxonomy":"post_tag","embeddable":true,"href":"https:\/\/noticiaempauta.com\/portal\/wp-json\/wp\/v2\/tags?post=258135"}],"curies":[{"name":"wp","href":"https:\/\/api.w.org\/{rel}","templated":true}]}}