{"id":258140,"date":"2024-05-22T10:52:39","date_gmt":"2024-05-22T13:52:39","guid":{"rendered":"https:\/\/noticiaempauta.com\/portal\/?p=258140"},"modified":"2024-05-22T10:52:40","modified_gmt":"2024-05-22T13:52:40","slug":"provas-do-enem-2024-serao-em-3-e-10-de-novembro-confira-o-cronograma","status":"publish","type":"post","link":"https:\/\/noticiaempauta.com\/portal\/provas-do-enem-2024-serao-em-3-e-10-de-novembro-confira-o-cronograma\/","title":{"rendered":"Provas do Enem 2024 ser\u00e3o em 3 e 10 de novembro; confira o cronograma"},"content":{"rendered":"\n<p>O cronograma do Exame Nacional do Ensino M\u00e9dio (Enem) 2024 foi divulgado nesta segunda-feira (13). As provas ser\u00e3o aplicadas nos dias 3 e 10 de novembro, e o gabarito oficial ser\u00e1 divulgado em 20 de novembro. A previs\u00e3o \u00e9 de que os resultados sejam divulgados em 13 de janeiro de 2025.<\/p>\n\n\n\n<figure class=\"wp-block-image size-large\"><img fetchpriority=\"high\" decoding=\"async\" width=\"1024\" height=\"613\" src=\"https:\/\/noticiaempauta.com\/portal\/wp-content\/uploads\/2024\/05\/raf07896-1024x613.webp\" alt=\"\" class=\"wp-image-258142\" srcset=\"https:\/\/noticiaempauta.com\/portal\/wp-content\/uploads\/2024\/05\/raf07896-1024x613.webp 1024w, https:\/\/noticiaempauta.com\/portal\/wp-content\/uploads\/2024\/05\/raf07896-300x179.webp 300w, https:\/\/noticiaempauta.com\/portal\/wp-content\/uploads\/2024\/05\/raf07896-768x459.webp 768w, https:\/\/noticiaempauta.com\/portal\/wp-content\/uploads\/2024\/05\/raf07896.webp 1170w\" sizes=\"(max-width: 1024px) 100vw, 1024px\" \/><\/figure>\n\n\n\n<p>De acordo com o edital, as inscri\u00e7\u00f5es come\u00e7am no pr\u00f3ximo dia 27 e v\u00e3o at\u00e9 7 de junho. A inscri\u00e7\u00e3o deve ser realizada pelo endere\u00e7o&nbsp;<a href=\"http:\/\/xn--a%20inscrio%20deve%20ser%20realizada%20pelo%20endereo%20enem-36e1wqb.inep.gov.br\/participante%E2%80%A6%20-%20Veja%20mais%20em%20https:\/\/educacao.uol.com.br\/noticias\/2024\/05\/13\/datas-enem-2024.htm?cmpid=copiaecola\" target=\"_blank\" rel=\"noreferrer noopener\">enem.inep.gov.br\/participante<\/a>. A taxa de inscri\u00e7\u00e3o (R$ 85) deve ser paga de 27 de maio at\u00e9 12 de junho. As solicita\u00e7\u00f5es para tratamento por nome social e para atendimento especializado devem ser apresentadas at\u00e9 7 de junho.<\/p>\n\n\n\n<p>O resultado inicial do pedido de atendimento especializado ser\u00e1 publicado em 17 de junho, quando inicia o per\u00edodo para apresenta\u00e7\u00e3o de recursos, que vai at\u00e9 o dia 21. J\u00e1 o resultado final, em resposta aos recursos apresentados, est\u00e1 previsto para 27 de junho.<\/p>\n\n\n\n<p>\u00c9 tamb\u00e9m na P\u00e1gina do Participante que ser\u00e1 disponibilizado o Cart\u00e3o de Confirma\u00e7\u00e3o da Inscri\u00e7\u00e3o, em data ainda a ser divulgada. O cart\u00e3o informa o n\u00famero de inscri\u00e7\u00e3o; a data, a hora e o local do exame; a op\u00e7\u00e3o de l\u00edngua estrangeira, e as indica\u00e7\u00f5es para atendimento especializado e tratamento por nome social.<\/p>\n\n\n\n<p>O&nbsp;<a href=\"https:\/\/www.in.gov.br\/en\/web\/dou\/-\/edital-n-51-de-10-de-maio-de-2024-559158847\" target=\"_blank\" rel=\"noreferrer noopener\">edital do Enem 2024<\/a>&nbsp;foi publicado no Di\u00e1rio Oficial da Uni\u00e3o desta segunda-feira (13), data que coincide com a divulga\u00e7\u00e3o dos resultados sobre os pedidos de isen\u00e7\u00e3o da taxa de inscri\u00e7\u00e3o, na&nbsp;<a href=\"https:\/\/enem.inep.gov.br\/participante\/#!\/\" target=\"_blank\" rel=\"noreferrer noopener\">P\u00e1gina do Participante<\/a>, no site do Instituto Nacional de Estudos e Pesquisas Educacionais An\u00edsio Teixeira (Inep) \u2013 entidade organizadora do certame.<\/p>\n\n\n\n<h2 class=\"wp-block-heading\" id=\"h-cronograma\">Cronograma<\/h2>\n\n\n\n<p><strong>Inscri\u00e7\u00f5es:<\/strong>&nbsp;27 de maio a 7 de junho<\/p>\n\n\n\n<p><strong>Solicita\u00e7\u00f5es (nome social e atendimento especializado):&nbsp;<\/strong>at\u00e9 7 de junho<\/p>\n\n\n\n<p><strong>Resultado do pedido de atendimento especializado:&nbsp;<\/strong>17 de junho<\/p>\n\n\n\n<p><strong>Pagamento da taxa de inscri\u00e7\u00e3o:&nbsp;<\/strong>27 de maio a&nbsp;12 de junho<\/p>\n\n\n\n<p><strong>Provas:&nbsp;<\/strong>3 e 10 de novembro<\/p>\n\n\n\n<p><strong>Gabarito oficial:&nbsp;<\/strong>20 de novembro<\/p>\n\n\n\n<p><strong>Resultado da prova:<\/strong>&nbsp;13 de janeiro de 2025<\/p>\n\n\n\n<h2 class=\"wp-block-heading\" id=\"h-provas\">Provas<\/h2>\n\n\n\n<p>O edital prev\u00ea que o exame ser\u00e1 constitu\u00eddo de quatro provas objetivas (cada uma com 45 quest\u00f5es de m\u00faltiplas escolhas) e uma reda\u00e7\u00e3o em l\u00edngua portuguesa.<\/p>\n\n\n\n<p>S\u00e3o quatro \u00e1reas de conhecimento a serem avaliadas. A primeira, de linguagens, reda\u00e7\u00e3o, c\u00f3digos e suas tecnologias, tem como componentes curriculares as disciplinas l\u00edngua portuguesa, literatura, l\u00edngua estrangeira (ingl\u00eas ou espanhol), artes, educa\u00e7\u00e3o f\u00edsica e tecnologias da informa\u00e7\u00e3o e comunica\u00e7\u00e3o.<\/p>\n\n\n\n<p>A segunda \u00e1rea de conhecimento (ci\u00eancias humanas e suas tecnologias) tem como componentes curriculares as disciplinas de hist\u00f3ria, geografia, filosofia e sociologia. Na \u00e1rea de ci\u00eancias da natureza e suas tecnologias, ser\u00e3o cobrados conte\u00fados de qu\u00edmica, f\u00edsica e biologia. A quarta \u00e1rea de conhecimento \u00e9 a de matem\u00e1tica.<\/p>\n\n\n\n<p>De acordo com o Minist\u00e9rio da Educa\u00e7\u00e3o, o exame \u00e9 estruturado a partir de matrizes de refer\u00eancias disponibilizadas no&nbsp;<a href=\"http:\/\/download.inep.gov.br\/download\/enem\/matriz_referencia.pdf\" target=\"_blank\" rel=\"noreferrer noopener\">portal do Inep<\/a>.<\/p>\n\n\n\n<p>No primeiro dia do exame, ser\u00e3o aplicadas as provas de linguagens; reda\u00e7\u00e3o; c\u00f3digos, ci\u00eancias humanas e suas tecnologias. Os candidatos ter\u00e3o cinco horas e 30 minutos para responderem as quest\u00f5es.<\/p>\n\n\n\n<p>O segundo dia ser\u00e1 dedicado \u00e0 aplica\u00e7\u00e3o das provas de ci\u00eancias da natureza, matem\u00e1tica e suas tecnologias. A aplica\u00e7\u00e3o ter\u00e1 cinco horas de dura\u00e7\u00e3o.<\/p>\n\n\n\n<h2 class=\"wp-block-heading\" id=\"h-enem\">Enem<\/h2>\n\n\n\n<p>H\u00e1 mais de duas d\u00e9cadas, o Enem avalia o desempenho escolar dos estudantes ao t\u00e9rmino da educa\u00e7\u00e3o b\u00e1sica e representa a principal porta de entrada para a educa\u00e7\u00e3o superior no Brasil. Isso porque as institui\u00e7\u00f5es de ensino p\u00fablicas e privadas adotam as notas do Enem para selecionar estudantes, nos processos seletivos.<\/p>\n\n\n\n<p>Os resultados servem tamb\u00e9m para sele\u00e7\u00f5es de beneficiados pelo Fundo de Financiamento Estudantil (Fies) e pelo Programa Universidade para Todos (ProUni).<\/p>\n\n\n\n<p>Os resultados individuais do Enem tamb\u00e9m podem ser aproveitados nos processos seletivos de institui\u00e7\u00f5es de educa\u00e7\u00e3o superior portuguesas. Algumas universidades lusitanas possuem conv\u00eanio com o Inep para aceitarem as notas do exame.<\/p>\n\n\n\n<p><em>Fonte: Ag\u00eancia Brasil<\/em><\/p>\n","protected":false},"excerpt":{"rendered":"<p>Inscri\u00e7\u00f5es come\u00e7am no pr\u00f3ximo dia 27 e v\u00e3o at\u00e9 7 de junho.<\/p>\n","protected":false},"author":2,"featured_media":258142,"comment_status":"open","ping_status":"open","sticky":false,"template":"","format":"standard","meta":{"_mi_skip_tracking":false,"footnotes":""},"categories":[25,1,16],"tags":[192],"class_list":["post-258140","post","type-post","status-publish","format-standard","has-post-thumbnail","hentry","category-destaques-site","category-geral","category-todas","tag-destaqueprincipal"],"acf":[],"yoast_head":"<!-- This site is optimized with the Yoast SEO Premium plugin v19.2 (Yoast SEO v26.9) - https:\/\/yoast.com\/product\/yoast-seo-premium-wordpress\/ -->\n<title>Provas do Enem 2024 ser\u00e3o em 3 e 10 de novembro; confira o cronograma - Portal Not\u00edcia em Pauta<\/title>\n<meta name=\"robots\" content=\"index, follow, max-snippet:-1, max-image-preview:large, max-video-preview:-1\" \/>\n<link rel=\"canonical\" href=\"https:\/\/noticiaempauta.com\/portal\/provas-do-enem-2024-serao-em-3-e-10-de-novembro-confira-o-cronograma\/\" \/>\n<meta property=\"og:locale\" content=\"pt_BR\" \/>\n<meta property=\"og:type\" content=\"article\" \/>\n<meta property=\"og:title\" content=\"Provas do Enem 2024 ser\u00e3o em 3 e 10 de novembro; confira o cronograma\" \/>\n<meta property=\"og:description\" content=\"Inscri\u00e7\u00f5es come\u00e7am no pr\u00f3ximo dia 27 e v\u00e3o at\u00e9 7 de junho.\" \/>\n<meta property=\"og:url\" content=\"https:\/\/noticiaempauta.com\/portal\/provas-do-enem-2024-serao-em-3-e-10-de-novembro-confira-o-cronograma\/\" \/>\n<meta property=\"og:site_name\" content=\"Portal Not\u00edcia em Pauta\" \/>\n<meta property=\"article:publisher\" content=\"https:\/\/www.facebook.com\/Portal-Notcia-Em-Pauta-102292869264820\/\" \/>\n<meta property=\"article:published_time\" content=\"2024-05-22T13:52:39+00:00\" \/>\n<meta property=\"article:modified_time\" content=\"2024-05-22T13:52:40+00:00\" \/>\n<meta property=\"og:image\" content=\"https:\/\/noticiaempauta.com\/portal\/wp-content\/uploads\/2024\/05\/raf07896.webp\" \/>\n\t<meta property=\"og:image:width\" content=\"1170\" \/>\n\t<meta property=\"og:image:height\" content=\"700\" \/>\n\t<meta property=\"og:image:type\" content=\"image\/webp\" \/>\n<meta name=\"author\" content=\"Reda\u00e7\u00e3o\" \/>\n<meta name=\"twitter:card\" content=\"summary_large_image\" \/>\n<meta name=\"twitter:label1\" content=\"Escrito por\" \/>\n\t<meta name=\"twitter:data1\" content=\"Reda\u00e7\u00e3o\" \/>\n\t<meta name=\"twitter:label2\" content=\"Est. tempo de leitura\" \/>\n\t<meta name=\"twitter:data2\" content=\"4 minutos\" \/>\n<script type=\"application\/ld+json\" class=\"yoast-schema-graph\">{\"@context\":\"https:\/\/schema.org\",\"@graph\":[{\"@type\":\"Article\",\"@id\":\"https:\/\/noticiaempauta.com\/portal\/provas-do-enem-2024-serao-em-3-e-10-de-novembro-confira-o-cronograma\/#article\",\"isPartOf\":{\"@id\":\"https:\/\/noticiaempauta.com\/portal\/provas-do-enem-2024-serao-em-3-e-10-de-novembro-confira-o-cronograma\/\"},\"author\":{\"name\":\"Reda\u00e7\u00e3o\",\"@id\":\"https:\/\/noticiaempauta.com\/portal\/#\/schema\/person\/a74af43dd1ab3deca45f988c717d57ac\"},\"headline\":\"Provas do Enem 2024 ser\u00e3o em 3 e 10 de novembro; confira o cronograma\",\"datePublished\":\"2024-05-22T13:52:39+00:00\",\"dateModified\":\"2024-05-22T13:52:40+00:00\",\"mainEntityOfPage\":{\"@id\":\"https:\/\/noticiaempauta.com\/portal\/provas-do-enem-2024-serao-em-3-e-10-de-novembro-confira-o-cronograma\/\"},\"wordCount\":697,\"commentCount\":0,\"publisher\":{\"@id\":\"https:\/\/noticiaempauta.com\/portal\/#organization\"},\"image\":{\"@id\":\"https:\/\/noticiaempauta.com\/portal\/provas-do-enem-2024-serao-em-3-e-10-de-novembro-confira-o-cronograma\/#primaryimage\"},\"thumbnailUrl\":\"https:\/\/noticiaempauta.com\/portal\/wp-content\/uploads\/2024\/05\/raf07896.webp\",\"keywords\":[\"destaqueprincipal\"],\"articleSection\":[\"Destaques\",\"Geral\",\"Todas as Not\u00edcias\"],\"inLanguage\":\"pt-BR\",\"potentialAction\":[{\"@type\":\"CommentAction\",\"name\":\"Comment\",\"target\":[\"https:\/\/noticiaempauta.com\/portal\/provas-do-enem-2024-serao-em-3-e-10-de-novembro-confira-o-cronograma\/#respond\"]}]},{\"@type\":\"WebPage\",\"@id\":\"https:\/\/noticiaempauta.com\/portal\/provas-do-enem-2024-serao-em-3-e-10-de-novembro-confira-o-cronograma\/\",\"url\":\"https:\/\/noticiaempauta.com\/portal\/provas-do-enem-2024-serao-em-3-e-10-de-novembro-confira-o-cronograma\/\",\"name\":\"Provas do Enem 2024 ser\u00e3o em 3 e 10 de novembro; confira o cronograma - Portal Not\u00edcia em Pauta\",\"isPartOf\":{\"@id\":\"https:\/\/noticiaempauta.com\/portal\/#website\"},\"primaryImageOfPage\":{\"@id\":\"https:\/\/noticiaempauta.com\/portal\/provas-do-enem-2024-serao-em-3-e-10-de-novembro-confira-o-cronograma\/#primaryimage\"},\"image\":{\"@id\":\"https:\/\/noticiaempauta.com\/portal\/provas-do-enem-2024-serao-em-3-e-10-de-novembro-confira-o-cronograma\/#primaryimage\"},\"thumbnailUrl\":\"https:\/\/noticiaempauta.com\/portal\/wp-content\/uploads\/2024\/05\/raf07896.webp\",\"datePublished\":\"2024-05-22T13:52:39+00:00\",\"dateModified\":\"2024-05-22T13:52:40+00:00\",\"breadcrumb\":{\"@id\":\"https:\/\/noticiaempauta.com\/portal\/provas-do-enem-2024-serao-em-3-e-10-de-novembro-confira-o-cronograma\/#breadcrumb\"},\"inLanguage\":\"pt-BR\",\"potentialAction\":[{\"@type\":\"ReadAction\",\"target\":[\"https:\/\/noticiaempauta.com\/portal\/provas-do-enem-2024-serao-em-3-e-10-de-novembro-confira-o-cronograma\/\"]}]},{\"@type\":\"ImageObject\",\"inLanguage\":\"pt-BR\",\"@id\":\"https:\/\/noticiaempauta.com\/portal\/provas-do-enem-2024-serao-em-3-e-10-de-novembro-confira-o-cronograma\/#primaryimage\",\"url\":\"https:\/\/noticiaempauta.com\/portal\/wp-content\/uploads\/2024\/05\/raf07896.webp\",\"contentUrl\":\"https:\/\/noticiaempauta.com\/portal\/wp-content\/uploads\/2024\/05\/raf07896.webp\",\"width\":1170,\"height\":700},{\"@type\":\"BreadcrumbList\",\"@id\":\"https:\/\/noticiaempauta.com\/portal\/provas-do-enem-2024-serao-em-3-e-10-de-novembro-confira-o-cronograma\/#breadcrumb\",\"itemListElement\":[{\"@type\":\"ListItem\",\"position\":1,\"name\":\"P\u00e1gina Inicial\",\"item\":\"https:\/\/noticiaempauta.com\/portal\/\"},{\"@type\":\"ListItem\",\"position\":2,\"name\":\"Destaques\",\"item\":\"https:\/\/noticiaempauta.com\/portal\/destaques-site\/\"},{\"@type\":\"ListItem\",\"position\":3,\"name\":\"Provas do Enem 2024 ser\u00e3o em 3 e 10 de novembro; confira o cronograma\"}]},{\"@type\":\"WebSite\",\"@id\":\"https:\/\/noticiaempauta.com\/portal\/#website\",\"url\":\"https:\/\/noticiaempauta.com\/portal\/\",\"name\":\"Portal Not\u00edcia em Pauta\",\"description\":\"Voc\u00ea bem informado\",\"publisher\":{\"@id\":\"https:\/\/noticiaempauta.com\/portal\/#organization\"},\"potentialAction\":[{\"@type\":\"SearchAction\",\"target\":{\"@type\":\"EntryPoint\",\"urlTemplate\":\"https:\/\/noticiaempauta.com\/portal\/?s={search_term_string}\"},\"query-input\":{\"@type\":\"PropertyValueSpecification\",\"valueRequired\":true,\"valueName\":\"search_term_string\"}}],\"inLanguage\":\"pt-BR\"},{\"@type\":\"Organization\",\"@id\":\"https:\/\/noticiaempauta.com\/portal\/#organization\",\"name\":\"Portal Not\u00edcia em Pauta\",\"url\":\"https:\/\/noticiaempauta.com\/portal\/\",\"logo\":{\"@type\":\"ImageObject\",\"inLanguage\":\"pt-BR\",\"@id\":\"https:\/\/noticiaempauta.com\/portal\/#\/schema\/logo\/image\/\",\"url\":\"https:\/\/noticiaempauta.com\/portal\/wp-content\/uploads\/2022\/08\/logomarca_tema.fw_.png\",\"contentUrl\":\"https:\/\/noticiaempauta.com\/portal\/wp-content\/uploads\/2022\/08\/logomarca_tema.fw_.png\",\"width\":400,\"height\":232,\"caption\":\"Portal Not\u00edcia em Pauta\"},\"image\":{\"@id\":\"https:\/\/noticiaempauta.com\/portal\/#\/schema\/logo\/image\/\"},\"sameAs\":[\"https:\/\/www.facebook.com\/Portal-Notcia-Em-Pauta-102292869264820\/\",\"https:\/\/www.instagram.com\/portalnoticiaempauta\/\"]},{\"@type\":\"Person\",\"@id\":\"https:\/\/noticiaempauta.com\/portal\/#\/schema\/person\/a74af43dd1ab3deca45f988c717d57ac\",\"name\":\"Reda\u00e7\u00e3o\",\"image\":{\"@type\":\"ImageObject\",\"inLanguage\":\"pt-BR\",\"@id\":\"https:\/\/noticiaempauta.com\/portal\/#\/schema\/person\/image\/\",\"url\":\"https:\/\/secure.gravatar.com\/avatar\/03179346ecce6cdfc13361603e8f54242a90e5cde8618fa23c5c00aa2b0aadf3?s=96&d=mm&r=g\",\"contentUrl\":\"https:\/\/secure.gravatar.com\/avatar\/03179346ecce6cdfc13361603e8f54242a90e5cde8618fa23c5c00aa2b0aadf3?s=96&d=mm&r=g\",\"caption\":\"Reda\u00e7\u00e3o\"},\"sameAs\":[\"https:\/\/noticiaempauta.com\/portal\/\"],\"url\":\"https:\/\/noticiaempauta.com\/portal\/author\/fernando\/\"}]}<\/script>\n<!-- \/ Yoast SEO Premium plugin. -->","yoast_head_json":{"title":"Provas do Enem 2024 ser\u00e3o em 3 e 10 de novembro; confira o cronograma - Portal Not\u00edcia em Pauta","robots":{"index":"index","follow":"follow","max-snippet":"max-snippet:-1","max-image-preview":"max-image-preview:large","max-video-preview":"max-video-preview:-1"},"canonical":"https:\/\/noticiaempauta.com\/portal\/provas-do-enem-2024-serao-em-3-e-10-de-novembro-confira-o-cronograma\/","og_locale":"pt_BR","og_type":"article","og_title":"Provas do Enem 2024 ser\u00e3o em 3 e 10 de novembro; confira o cronograma","og_description":"Inscri\u00e7\u00f5es come\u00e7am no pr\u00f3ximo dia 27 e v\u00e3o at\u00e9 7 de junho.","og_url":"https:\/\/noticiaempauta.com\/portal\/provas-do-enem-2024-serao-em-3-e-10-de-novembro-confira-o-cronograma\/","og_site_name":"Portal Not\u00edcia em Pauta","article_publisher":"https:\/\/www.facebook.com\/Portal-Notcia-Em-Pauta-102292869264820\/","article_published_time":"2024-05-22T13:52:39+00:00","article_modified_time":"2024-05-22T13:52:40+00:00","og_image":[{"width":1170,"height":700,"url":"https:\/\/noticiaempauta.com\/portal\/wp-content\/uploads\/2024\/05\/raf07896.webp","type":"image\/webp"}],"author":"Reda\u00e7\u00e3o","twitter_card":"summary_large_image","twitter_misc":{"Escrito por":"Reda\u00e7\u00e3o","Est. tempo de leitura":"4 minutos"},"schema":{"@context":"https:\/\/schema.org","@graph":[{"@type":"Article","@id":"https:\/\/noticiaempauta.com\/portal\/provas-do-enem-2024-serao-em-3-e-10-de-novembro-confira-o-cronograma\/#article","isPartOf":{"@id":"https:\/\/noticiaempauta.com\/portal\/provas-do-enem-2024-serao-em-3-e-10-de-novembro-confira-o-cronograma\/"},"author":{"name":"Reda\u00e7\u00e3o","@id":"https:\/\/noticiaempauta.com\/portal\/#\/schema\/person\/a74af43dd1ab3deca45f988c717d57ac"},"headline":"Provas do Enem 2024 ser\u00e3o em 3 e 10 de novembro; confira o cronograma","datePublished":"2024-05-22T13:52:39+00:00","dateModified":"2024-05-22T13:52:40+00:00","mainEntityOfPage":{"@id":"https:\/\/noticiaempauta.com\/portal\/provas-do-enem-2024-serao-em-3-e-10-de-novembro-confira-o-cronograma\/"},"wordCount":697,"commentCount":0,"publisher":{"@id":"https:\/\/noticiaempauta.com\/portal\/#organization"},"image":{"@id":"https:\/\/noticiaempauta.com\/portal\/provas-do-enem-2024-serao-em-3-e-10-de-novembro-confira-o-cronograma\/#primaryimage"},"thumbnailUrl":"https:\/\/noticiaempauta.com\/portal\/wp-content\/uploads\/2024\/05\/raf07896.webp","keywords":["destaqueprincipal"],"articleSection":["Destaques","Geral","Todas as Not\u00edcias"],"inLanguage":"pt-BR","potentialAction":[{"@type":"CommentAction","name":"Comment","target":["https:\/\/noticiaempauta.com\/portal\/provas-do-enem-2024-serao-em-3-e-10-de-novembro-confira-o-cronograma\/#respond"]}]},{"@type":"WebPage","@id":"https:\/\/noticiaempauta.com\/portal\/provas-do-enem-2024-serao-em-3-e-10-de-novembro-confira-o-cronograma\/","url":"https:\/\/noticiaempauta.com\/portal\/provas-do-enem-2024-serao-em-3-e-10-de-novembro-confira-o-cronograma\/","name":"Provas do Enem 2024 ser\u00e3o em 3 e 10 de novembro; confira o cronograma - Portal Not\u00edcia em Pauta","isPartOf":{"@id":"https:\/\/noticiaempauta.com\/portal\/#website"},"primaryImageOfPage":{"@id":"https:\/\/noticiaempauta.com\/portal\/provas-do-enem-2024-serao-em-3-e-10-de-novembro-confira-o-cronograma\/#primaryimage"},"image":{"@id":"https:\/\/noticiaempauta.com\/portal\/provas-do-enem-2024-serao-em-3-e-10-de-novembro-confira-o-cronograma\/#primaryimage"},"thumbnailUrl":"https:\/\/noticiaempauta.com\/portal\/wp-content\/uploads\/2024\/05\/raf07896.webp","datePublished":"2024-05-22T13:52:39+00:00","dateModified":"2024-05-22T13:52:40+00:00","breadcrumb":{"@id":"https:\/\/noticiaempauta.com\/portal\/provas-do-enem-2024-serao-em-3-e-10-de-novembro-confira-o-cronograma\/#breadcrumb"},"inLanguage":"pt-BR","potentialAction":[{"@type":"ReadAction","target":["https:\/\/noticiaempauta.com\/portal\/provas-do-enem-2024-serao-em-3-e-10-de-novembro-confira-o-cronograma\/"]}]},{"@type":"ImageObject","inLanguage":"pt-BR","@id":"https:\/\/noticiaempauta.com\/portal\/provas-do-enem-2024-serao-em-3-e-10-de-novembro-confira-o-cronograma\/#primaryimage","url":"https:\/\/noticiaempauta.com\/portal\/wp-content\/uploads\/2024\/05\/raf07896.webp","contentUrl":"https:\/\/noticiaempauta.com\/portal\/wp-content\/uploads\/2024\/05\/raf07896.webp","width":1170,"height":700},{"@type":"BreadcrumbList","@id":"https:\/\/noticiaempauta.com\/portal\/provas-do-enem-2024-serao-em-3-e-10-de-novembro-confira-o-cronograma\/#breadcrumb","itemListElement":[{"@type":"ListItem","position":1,"name":"P\u00e1gina Inicial","item":"https:\/\/noticiaempauta.com\/portal\/"},{"@type":"ListItem","position":2,"name":"Destaques","item":"https:\/\/noticiaempauta.com\/portal\/destaques-site\/"},{"@type":"ListItem","position":3,"name":"Provas do Enem 2024 ser\u00e3o em 3 e 10 de novembro; confira o cronograma"}]},{"@type":"WebSite","@id":"https:\/\/noticiaempauta.com\/portal\/#website","url":"https:\/\/noticiaempauta.com\/portal\/","name":"Portal Not\u00edcia em Pauta","description":"Voc\u00ea bem informado","publisher":{"@id":"https:\/\/noticiaempauta.com\/portal\/#organization"},"potentialAction":[{"@type":"SearchAction","target":{"@type":"EntryPoint","urlTemplate":"https:\/\/noticiaempauta.com\/portal\/?s={search_term_string}"},"query-input":{"@type":"PropertyValueSpecification","valueRequired":true,"valueName":"search_term_string"}}],"inLanguage":"pt-BR"},{"@type":"Organization","@id":"https:\/\/noticiaempauta.com\/portal\/#organization","name":"Portal Not\u00edcia em Pauta","url":"https:\/\/noticiaempauta.com\/portal\/","logo":{"@type":"ImageObject","inLanguage":"pt-BR","@id":"https:\/\/noticiaempauta.com\/portal\/#\/schema\/logo\/image\/","url":"https:\/\/noticiaempauta.com\/portal\/wp-content\/uploads\/2022\/08\/logomarca_tema.fw_.png","contentUrl":"https:\/\/noticiaempauta.com\/portal\/wp-content\/uploads\/2022\/08\/logomarca_tema.fw_.png","width":400,"height":232,"caption":"Portal Not\u00edcia em Pauta"},"image":{"@id":"https:\/\/noticiaempauta.com\/portal\/#\/schema\/logo\/image\/"},"sameAs":["https:\/\/www.facebook.com\/Portal-Notcia-Em-Pauta-102292869264820\/","https:\/\/www.instagram.com\/portalnoticiaempauta\/"]},{"@type":"Person","@id":"https:\/\/noticiaempauta.com\/portal\/#\/schema\/person\/a74af43dd1ab3deca45f988c717d57ac","name":"Reda\u00e7\u00e3o","image":{"@type":"ImageObject","inLanguage":"pt-BR","@id":"https:\/\/noticiaempauta.com\/portal\/#\/schema\/person\/image\/","url":"https:\/\/secure.gravatar.com\/avatar\/03179346ecce6cdfc13361603e8f54242a90e5cde8618fa23c5c00aa2b0aadf3?s=96&d=mm&r=g","contentUrl":"https:\/\/secure.gravatar.com\/avatar\/03179346ecce6cdfc13361603e8f54242a90e5cde8618fa23c5c00aa2b0aadf3?s=96&d=mm&r=g","caption":"Reda\u00e7\u00e3o"},"sameAs":["https:\/\/noticiaempauta.com\/portal\/"],"url":"https:\/\/noticiaempauta.com\/portal\/author\/fernando\/"}]}},"_links":{"self":[{"href":"https:\/\/noticiaempauta.com\/portal\/wp-json\/wp\/v2\/posts\/258140","targetHints":{"allow":["GET"]}}],"collection":[{"href":"https:\/\/noticiaempauta.com\/portal\/wp-json\/wp\/v2\/posts"}],"about":[{"href":"https:\/\/noticiaempauta.com\/portal\/wp-json\/wp\/v2\/types\/post"}],"author":[{"embeddable":true,"href":"https:\/\/noticiaempauta.com\/portal\/wp-json\/wp\/v2\/users\/2"}],"replies":[{"embeddable":true,"href":"https:\/\/noticiaempauta.com\/portal\/wp-json\/wp\/v2\/comments?post=258140"}],"version-history":[{"count":2,"href":"https:\/\/noticiaempauta.com\/portal\/wp-json\/wp\/v2\/posts\/258140\/revisions"}],"predecessor-version":[{"id":258144,"href":"https:\/\/noticiaempauta.com\/portal\/wp-json\/wp\/v2\/posts\/258140\/revisions\/258144"}],"wp:featuredmedia":[{"embeddable":true,"href":"https:\/\/noticiaempauta.com\/portal\/wp-json\/wp\/v2\/media\/258142"}],"wp:attachment":[{"href":"https:\/\/noticiaempauta.com\/portal\/wp-json\/wp\/v2\/media?parent=258140"}],"wp:term":[{"taxonomy":"category","embeddable":true,"href":"https:\/\/noticiaempauta.com\/portal\/wp-json\/wp\/v2\/categories?post=258140"},{"taxonomy":"post_tag","embeddable":true,"href":"https:\/\/noticiaempauta.com\/portal\/wp-json\/wp\/v2\/tags?post=258140"}],"curies":[{"name":"wp","href":"https:\/\/api.w.org\/{rel}","templated":true}]}}