{"id":258145,"date":"2024-05-22T14:35:59","date_gmt":"2024-05-22T17:35:59","guid":{"rendered":"https:\/\/noticiaempauta.com\/portal\/?p=258145"},"modified":"2024-05-22T14:38:33","modified_gmt":"2024-05-22T17:38:33","slug":"picos-cidade-junina-divulga-programacao-completa-de-shows-musicais","status":"publish","type":"post","link":"https:\/\/noticiaempauta.com\/portal\/picos-cidade-junina-divulga-programacao-completa-de-shows-musicais\/","title":{"rendered":"Picos Cidade Junina divulga programa\u00e7\u00e3o completa de shows musicais"},"content":{"rendered":"\n<p>Abrindo o m\u00eas mais festivo do ano, o\u00a0<em><strong>\u201cPicos Cidade Junina\u201d<\/strong>\u00a0<\/em>acontece nos dia 01 e 02 de junho, no estacionamento do Piau\u00ed Shopping. A segunda edi\u00e7\u00e3o do evento ir\u00e1 realizar nos dois dias de festa, shows musicais e \u201cFestival de Quadrilhas Juninas\u201d, que contar\u00e1 com a participa\u00e7\u00e3o de 10 estados.<\/p>\n\n\n\n<figure class=\"wp-block-image size-large\"><img fetchpriority=\"high\" decoding=\"async\" width=\"1024\" height=\"1024\" src=\"https:\/\/noticiaempauta.com\/portal\/wp-content\/uploads\/2024\/05\/IMG_1734-1024x1024.jpeg\" alt=\"\" class=\"wp-image-258147\" srcset=\"https:\/\/noticiaempauta.com\/portal\/wp-content\/uploads\/2024\/05\/IMG_1734-1024x1024.jpeg 1024w, https:\/\/noticiaempauta.com\/portal\/wp-content\/uploads\/2024\/05\/IMG_1734-300x300.jpeg 300w, https:\/\/noticiaempauta.com\/portal\/wp-content\/uploads\/2024\/05\/IMG_1734-150x150.jpeg 150w, https:\/\/noticiaempauta.com\/portal\/wp-content\/uploads\/2024\/05\/IMG_1734-768x768.jpeg 768w, https:\/\/noticiaempauta.com\/portal\/wp-content\/uploads\/2024\/05\/IMG_1734.jpeg 1536w\" sizes=\"(max-width: 1024px) 100vw, 1024px\" \/><\/figure>\n\n\n\n<p>O Picos Cidade Junida divulgou a programa\u00e7\u00e3o completa dos shows. O evento \u00e9 gratuito e contar\u00e1 com uma vasta programa\u00e7\u00e3o musical de artistas reconhecidos nacionalmente.&nbsp;<strong>No dia 01 de junho<\/strong>, os shows ficaram por conta de:&nbsp;<em>\u201cTaty Girl, Guilherme Dantas, Katia Cilene e Jany Santos\u201d<\/em>.&nbsp;<strong>No dia 02 de Junho<\/strong>, o evento contar\u00e1 com o show do cantor \u201c<em><strong>Wesley Safad\u00e3o<\/strong>, al\u00e9m da banda Seu Desejo, Vitor Amaral e Paloma Nunes\u201d.&nbsp;<\/em><\/p>\n\n\n\n<p>O Picos Cidade Junina \u00e9 organizado pela Associa\u00e7\u00e3o Brincantes do Folclore Nordestino, PRONOME Produ\u00e7\u00f5es e Eventos e conta com patroc\u00ednio do Governo do Estado, atrav\u00e9s da Secretaria do Turismo (Setur). O evento ainda conta com o apoio do Deputado Estadual Pablo Santos.<\/p>\n\n\n\n<figure class=\"wp-block-image size-large\"><img decoding=\"async\" width=\"576\" height=\"1024\" src=\"https:\/\/noticiaempauta.com\/portal\/wp-content\/uploads\/2024\/05\/IMG_1735-576x1024.jpeg\" alt=\"\" class=\"wp-image-258148\" srcset=\"https:\/\/noticiaempauta.com\/portal\/wp-content\/uploads\/2024\/05\/IMG_1735-576x1024.jpeg 576w, https:\/\/noticiaempauta.com\/portal\/wp-content\/uploads\/2024\/05\/IMG_1735-169x300.jpeg 169w, https:\/\/noticiaempauta.com\/portal\/wp-content\/uploads\/2024\/05\/IMG_1735-768x1365.jpeg 768w, https:\/\/noticiaempauta.com\/portal\/wp-content\/uploads\/2024\/05\/IMG_1735-864x1536.jpeg 864w, https:\/\/noticiaempauta.com\/portal\/wp-content\/uploads\/2024\/05\/IMG_1735.jpeg 900w\" sizes=\"(max-width: 576px) 100vw, 576px\" \/><\/figure>\n\n\n\n<figure class=\"wp-block-image size-large\"><img decoding=\"async\" width=\"576\" height=\"1024\" src=\"https:\/\/noticiaempauta.com\/portal\/wp-content\/uploads\/2024\/05\/IMG_1736-576x1024.jpeg\" alt=\"\" class=\"wp-image-258149\" srcset=\"https:\/\/noticiaempauta.com\/portal\/wp-content\/uploads\/2024\/05\/IMG_1736-576x1024.jpeg 576w, https:\/\/noticiaempauta.com\/portal\/wp-content\/uploads\/2024\/05\/IMG_1736-169x300.jpeg 169w, https:\/\/noticiaempauta.com\/portal\/wp-content\/uploads\/2024\/05\/IMG_1736-768x1365.jpeg 768w, https:\/\/noticiaempauta.com\/portal\/wp-content\/uploads\/2024\/05\/IMG_1736-864x1536.jpeg 864w, https:\/\/noticiaempauta.com\/portal\/wp-content\/uploads\/2024\/05\/IMG_1736.jpeg 900w\" sizes=\"(max-width: 576px) 100vw, 576px\" \/><\/figure>\n\n\n\n<p>Fonte: Portal  T\u00f4 de Olho<\/p>\n","protected":false},"excerpt":{"rendered":"<p>Abrindo o m\u00eas mais festivo do ano, o\u00a0\u201cPicos Cidade Junina\u201d\u00a0acontece nos dia 01 e 02 de junho, no estacionamento do Piau\u00ed Shopping. A segunda edi\u00e7\u00e3o do evento ir\u00e1 realizar nos dois dias de festa, shows musicais e \u201cFestival de Quadrilhas Juninas\u201d, que contar\u00e1 com a participa\u00e7\u00e3o de 10 estados. O Picos Cidade Junida divulgou a [&hellip;]<\/p>\n","protected":false},"author":2,"featured_media":258152,"comment_status":"open","ping_status":"open","sticky":false,"template":"","format":"standard","meta":{"_mi_skip_tracking":false,"footnotes":""},"categories":[167,25,1,16],"tags":[192],"class_list":["post-258145","post","type-post","status-publish","format-standard","has-post-thumbnail","hentry","category-cultura","category-destaques-site","category-geral","category-todas","tag-destaqueprincipal"],"acf":[],"yoast_head":"<!-- This site is optimized with the Yoast SEO Premium plugin v19.2 (Yoast SEO v26.9) - https:\/\/yoast.com\/product\/yoast-seo-premium-wordpress\/ -->\n<title>Picos Cidade Junina divulga programa\u00e7\u00e3o completa de shows musicais - Portal Not\u00edcia em Pauta<\/title>\n<meta name=\"robots\" content=\"index, follow, max-snippet:-1, max-image-preview:large, max-video-preview:-1\" \/>\n<link rel=\"canonical\" href=\"https:\/\/noticiaempauta.com\/portal\/picos-cidade-junina-divulga-programacao-completa-de-shows-musicais\/\" \/>\n<meta property=\"og:locale\" content=\"pt_BR\" \/>\n<meta property=\"og:type\" content=\"article\" \/>\n<meta property=\"og:title\" content=\"Picos Cidade Junina divulga programa\u00e7\u00e3o completa de shows musicais\" \/>\n<meta property=\"og:description\" content=\"Abrindo o m\u00eas mais festivo do ano, o\u00a0\u201cPicos Cidade Junina\u201d\u00a0acontece nos dia 01 e 02 de junho, no estacionamento do Piau\u00ed Shopping. A segunda edi\u00e7\u00e3o do evento ir\u00e1 realizar nos dois dias de festa, shows musicais e \u201cFestival de Quadrilhas Juninas\u201d, que contar\u00e1 com a participa\u00e7\u00e3o de 10 estados. O Picos Cidade Junida divulgou a [&hellip;]\" \/>\n<meta property=\"og:url\" content=\"https:\/\/noticiaempauta.com\/portal\/picos-cidade-junina-divulga-programacao-completa-de-shows-musicais\/\" \/>\n<meta property=\"og:site_name\" content=\"Portal Not\u00edcia em Pauta\" \/>\n<meta property=\"article:publisher\" content=\"https:\/\/www.facebook.com\/Portal-Notcia-Em-Pauta-102292869264820\/\" \/>\n<meta property=\"article:published_time\" content=\"2024-05-22T17:35:59+00:00\" \/>\n<meta property=\"article:modified_time\" content=\"2024-05-22T17:38:33+00:00\" \/>\n<meta property=\"og:image\" content=\"https:\/\/noticiaempauta.com\/portal\/wp-content\/uploads\/2024\/05\/IMG_1734-1.jpeg\" \/>\n\t<meta property=\"og:image:width\" content=\"1536\" \/>\n\t<meta property=\"og:image:height\" content=\"1176\" \/>\n\t<meta property=\"og:image:type\" content=\"image\/jpeg\" \/>\n<meta name=\"author\" content=\"Reda\u00e7\u00e3o\" \/>\n<meta name=\"twitter:card\" content=\"summary_large_image\" \/>\n<meta name=\"twitter:label1\" content=\"Escrito por\" \/>\n\t<meta name=\"twitter:data1\" content=\"Reda\u00e7\u00e3o\" \/>\n\t<meta name=\"twitter:label2\" content=\"Est. tempo de leitura\" \/>\n\t<meta name=\"twitter:data2\" content=\"2 minutos\" \/>\n<script type=\"application\/ld+json\" class=\"yoast-schema-graph\">{\"@context\":\"https:\/\/schema.org\",\"@graph\":[{\"@type\":\"Article\",\"@id\":\"https:\/\/noticiaempauta.com\/portal\/picos-cidade-junina-divulga-programacao-completa-de-shows-musicais\/#article\",\"isPartOf\":{\"@id\":\"https:\/\/noticiaempauta.com\/portal\/picos-cidade-junina-divulga-programacao-completa-de-shows-musicais\/\"},\"author\":{\"name\":\"Reda\u00e7\u00e3o\",\"@id\":\"https:\/\/noticiaempauta.com\/portal\/#\/schema\/person\/a74af43dd1ab3deca45f988c717d57ac\"},\"headline\":\"Picos Cidade Junina divulga programa\u00e7\u00e3o completa de shows musicais\",\"datePublished\":\"2024-05-22T17:35:59+00:00\",\"dateModified\":\"2024-05-22T17:38:33+00:00\",\"mainEntityOfPage\":{\"@id\":\"https:\/\/noticiaempauta.com\/portal\/picos-cidade-junina-divulga-programacao-completa-de-shows-musicais\/\"},\"wordCount\":186,\"commentCount\":0,\"publisher\":{\"@id\":\"https:\/\/noticiaempauta.com\/portal\/#organization\"},\"image\":{\"@id\":\"https:\/\/noticiaempauta.com\/portal\/picos-cidade-junina-divulga-programacao-completa-de-shows-musicais\/#primaryimage\"},\"thumbnailUrl\":\"https:\/\/noticiaempauta.com\/portal\/wp-content\/uploads\/2024\/05\/IMG_1734-1.jpeg\",\"keywords\":[\"destaqueprincipal\"],\"articleSection\":[\"Cultura\",\"Destaques\",\"Geral\",\"Todas as Not\u00edcias\"],\"inLanguage\":\"pt-BR\",\"potentialAction\":[{\"@type\":\"CommentAction\",\"name\":\"Comment\",\"target\":[\"https:\/\/noticiaempauta.com\/portal\/picos-cidade-junina-divulga-programacao-completa-de-shows-musicais\/#respond\"]}]},{\"@type\":\"WebPage\",\"@id\":\"https:\/\/noticiaempauta.com\/portal\/picos-cidade-junina-divulga-programacao-completa-de-shows-musicais\/\",\"url\":\"https:\/\/noticiaempauta.com\/portal\/picos-cidade-junina-divulga-programacao-completa-de-shows-musicais\/\",\"name\":\"Picos Cidade Junina divulga programa\u00e7\u00e3o completa de shows musicais - Portal Not\u00edcia em Pauta\",\"isPartOf\":{\"@id\":\"https:\/\/noticiaempauta.com\/portal\/#website\"},\"primaryImageOfPage\":{\"@id\":\"https:\/\/noticiaempauta.com\/portal\/picos-cidade-junina-divulga-programacao-completa-de-shows-musicais\/#primaryimage\"},\"image\":{\"@id\":\"https:\/\/noticiaempauta.com\/portal\/picos-cidade-junina-divulga-programacao-completa-de-shows-musicais\/#primaryimage\"},\"thumbnailUrl\":\"https:\/\/noticiaempauta.com\/portal\/wp-content\/uploads\/2024\/05\/IMG_1734-1.jpeg\",\"datePublished\":\"2024-05-22T17:35:59+00:00\",\"dateModified\":\"2024-05-22T17:38:33+00:00\",\"breadcrumb\":{\"@id\":\"https:\/\/noticiaempauta.com\/portal\/picos-cidade-junina-divulga-programacao-completa-de-shows-musicais\/#breadcrumb\"},\"inLanguage\":\"pt-BR\",\"potentialAction\":[{\"@type\":\"ReadAction\",\"target\":[\"https:\/\/noticiaempauta.com\/portal\/picos-cidade-junina-divulga-programacao-completa-de-shows-musicais\/\"]}]},{\"@type\":\"ImageObject\",\"inLanguage\":\"pt-BR\",\"@id\":\"https:\/\/noticiaempauta.com\/portal\/picos-cidade-junina-divulga-programacao-completa-de-shows-musicais\/#primaryimage\",\"url\":\"https:\/\/noticiaempauta.com\/portal\/wp-content\/uploads\/2024\/05\/IMG_1734-1.jpeg\",\"contentUrl\":\"https:\/\/noticiaempauta.com\/portal\/wp-content\/uploads\/2024\/05\/IMG_1734-1.jpeg\",\"width\":1536,\"height\":1176},{\"@type\":\"BreadcrumbList\",\"@id\":\"https:\/\/noticiaempauta.com\/portal\/picos-cidade-junina-divulga-programacao-completa-de-shows-musicais\/#breadcrumb\",\"itemListElement\":[{\"@type\":\"ListItem\",\"position\":1,\"name\":\"P\u00e1gina Inicial\",\"item\":\"https:\/\/noticiaempauta.com\/portal\/\"},{\"@type\":\"ListItem\",\"position\":2,\"name\":\"Destaques\",\"item\":\"https:\/\/noticiaempauta.com\/portal\/destaques-site\/\"},{\"@type\":\"ListItem\",\"position\":3,\"name\":\"Picos Cidade Junina divulga programa\u00e7\u00e3o completa de shows musicais\"}]},{\"@type\":\"WebSite\",\"@id\":\"https:\/\/noticiaempauta.com\/portal\/#website\",\"url\":\"https:\/\/noticiaempauta.com\/portal\/\",\"name\":\"Portal Not\u00edcia em Pauta\",\"description\":\"Voc\u00ea bem informado\",\"publisher\":{\"@id\":\"https:\/\/noticiaempauta.com\/portal\/#organization\"},\"potentialAction\":[{\"@type\":\"SearchAction\",\"target\":{\"@type\":\"EntryPoint\",\"urlTemplate\":\"https:\/\/noticiaempauta.com\/portal\/?s={search_term_string}\"},\"query-input\":{\"@type\":\"PropertyValueSpecification\",\"valueRequired\":true,\"valueName\":\"search_term_string\"}}],\"inLanguage\":\"pt-BR\"},{\"@type\":\"Organization\",\"@id\":\"https:\/\/noticiaempauta.com\/portal\/#organization\",\"name\":\"Portal Not\u00edcia em Pauta\",\"url\":\"https:\/\/noticiaempauta.com\/portal\/\",\"logo\":{\"@type\":\"ImageObject\",\"inLanguage\":\"pt-BR\",\"@id\":\"https:\/\/noticiaempauta.com\/portal\/#\/schema\/logo\/image\/\",\"url\":\"https:\/\/noticiaempauta.com\/portal\/wp-content\/uploads\/2022\/08\/logomarca_tema.fw_.png\",\"contentUrl\":\"https:\/\/noticiaempauta.com\/portal\/wp-content\/uploads\/2022\/08\/logomarca_tema.fw_.png\",\"width\":400,\"height\":232,\"caption\":\"Portal Not\u00edcia em Pauta\"},\"image\":{\"@id\":\"https:\/\/noticiaempauta.com\/portal\/#\/schema\/logo\/image\/\"},\"sameAs\":[\"https:\/\/www.facebook.com\/Portal-Notcia-Em-Pauta-102292869264820\/\",\"https:\/\/www.instagram.com\/portalnoticiaempauta\/\"]},{\"@type\":\"Person\",\"@id\":\"https:\/\/noticiaempauta.com\/portal\/#\/schema\/person\/a74af43dd1ab3deca45f988c717d57ac\",\"name\":\"Reda\u00e7\u00e3o\",\"image\":{\"@type\":\"ImageObject\",\"inLanguage\":\"pt-BR\",\"@id\":\"https:\/\/noticiaempauta.com\/portal\/#\/schema\/person\/image\/\",\"url\":\"https:\/\/secure.gravatar.com\/avatar\/03179346ecce6cdfc13361603e8f54242a90e5cde8618fa23c5c00aa2b0aadf3?s=96&d=mm&r=g\",\"contentUrl\":\"https:\/\/secure.gravatar.com\/avatar\/03179346ecce6cdfc13361603e8f54242a90e5cde8618fa23c5c00aa2b0aadf3?s=96&d=mm&r=g\",\"caption\":\"Reda\u00e7\u00e3o\"},\"sameAs\":[\"https:\/\/noticiaempauta.com\/portal\/\"],\"url\":\"https:\/\/noticiaempauta.com\/portal\/author\/fernando\/\"}]}<\/script>\n<!-- \/ Yoast SEO Premium plugin. -->","yoast_head_json":{"title":"Picos Cidade Junina divulga programa\u00e7\u00e3o completa de shows musicais - Portal Not\u00edcia em Pauta","robots":{"index":"index","follow":"follow","max-snippet":"max-snippet:-1","max-image-preview":"max-image-preview:large","max-video-preview":"max-video-preview:-1"},"canonical":"https:\/\/noticiaempauta.com\/portal\/picos-cidade-junina-divulga-programacao-completa-de-shows-musicais\/","og_locale":"pt_BR","og_type":"article","og_title":"Picos Cidade Junina divulga programa\u00e7\u00e3o completa de shows musicais","og_description":"Abrindo o m\u00eas mais festivo do ano, o\u00a0\u201cPicos Cidade Junina\u201d\u00a0acontece nos dia 01 e 02 de junho, no estacionamento do Piau\u00ed Shopping. A segunda edi\u00e7\u00e3o do evento ir\u00e1 realizar nos dois dias de festa, shows musicais e \u201cFestival de Quadrilhas Juninas\u201d, que contar\u00e1 com a participa\u00e7\u00e3o de 10 estados. O Picos Cidade Junida divulgou a [&hellip;]","og_url":"https:\/\/noticiaempauta.com\/portal\/picos-cidade-junina-divulga-programacao-completa-de-shows-musicais\/","og_site_name":"Portal Not\u00edcia em Pauta","article_publisher":"https:\/\/www.facebook.com\/Portal-Notcia-Em-Pauta-102292869264820\/","article_published_time":"2024-05-22T17:35:59+00:00","article_modified_time":"2024-05-22T17:38:33+00:00","og_image":[{"width":1536,"height":1176,"url":"https:\/\/noticiaempauta.com\/portal\/wp-content\/uploads\/2024\/05\/IMG_1734-1.jpeg","type":"image\/jpeg"}],"author":"Reda\u00e7\u00e3o","twitter_card":"summary_large_image","twitter_misc":{"Escrito por":"Reda\u00e7\u00e3o","Est. tempo de leitura":"2 minutos"},"schema":{"@context":"https:\/\/schema.org","@graph":[{"@type":"Article","@id":"https:\/\/noticiaempauta.com\/portal\/picos-cidade-junina-divulga-programacao-completa-de-shows-musicais\/#article","isPartOf":{"@id":"https:\/\/noticiaempauta.com\/portal\/picos-cidade-junina-divulga-programacao-completa-de-shows-musicais\/"},"author":{"name":"Reda\u00e7\u00e3o","@id":"https:\/\/noticiaempauta.com\/portal\/#\/schema\/person\/a74af43dd1ab3deca45f988c717d57ac"},"headline":"Picos Cidade Junina divulga programa\u00e7\u00e3o completa de shows musicais","datePublished":"2024-05-22T17:35:59+00:00","dateModified":"2024-05-22T17:38:33+00:00","mainEntityOfPage":{"@id":"https:\/\/noticiaempauta.com\/portal\/picos-cidade-junina-divulga-programacao-completa-de-shows-musicais\/"},"wordCount":186,"commentCount":0,"publisher":{"@id":"https:\/\/noticiaempauta.com\/portal\/#organization"},"image":{"@id":"https:\/\/noticiaempauta.com\/portal\/picos-cidade-junina-divulga-programacao-completa-de-shows-musicais\/#primaryimage"},"thumbnailUrl":"https:\/\/noticiaempauta.com\/portal\/wp-content\/uploads\/2024\/05\/IMG_1734-1.jpeg","keywords":["destaqueprincipal"],"articleSection":["Cultura","Destaques","Geral","Todas as Not\u00edcias"],"inLanguage":"pt-BR","potentialAction":[{"@type":"CommentAction","name":"Comment","target":["https:\/\/noticiaempauta.com\/portal\/picos-cidade-junina-divulga-programacao-completa-de-shows-musicais\/#respond"]}]},{"@type":"WebPage","@id":"https:\/\/noticiaempauta.com\/portal\/picos-cidade-junina-divulga-programacao-completa-de-shows-musicais\/","url":"https:\/\/noticiaempauta.com\/portal\/picos-cidade-junina-divulga-programacao-completa-de-shows-musicais\/","name":"Picos Cidade Junina divulga programa\u00e7\u00e3o completa de shows musicais - Portal Not\u00edcia em Pauta","isPartOf":{"@id":"https:\/\/noticiaempauta.com\/portal\/#website"},"primaryImageOfPage":{"@id":"https:\/\/noticiaempauta.com\/portal\/picos-cidade-junina-divulga-programacao-completa-de-shows-musicais\/#primaryimage"},"image":{"@id":"https:\/\/noticiaempauta.com\/portal\/picos-cidade-junina-divulga-programacao-completa-de-shows-musicais\/#primaryimage"},"thumbnailUrl":"https:\/\/noticiaempauta.com\/portal\/wp-content\/uploads\/2024\/05\/IMG_1734-1.jpeg","datePublished":"2024-05-22T17:35:59+00:00","dateModified":"2024-05-22T17:38:33+00:00","breadcrumb":{"@id":"https:\/\/noticiaempauta.com\/portal\/picos-cidade-junina-divulga-programacao-completa-de-shows-musicais\/#breadcrumb"},"inLanguage":"pt-BR","potentialAction":[{"@type":"ReadAction","target":["https:\/\/noticiaempauta.com\/portal\/picos-cidade-junina-divulga-programacao-completa-de-shows-musicais\/"]}]},{"@type":"ImageObject","inLanguage":"pt-BR","@id":"https:\/\/noticiaempauta.com\/portal\/picos-cidade-junina-divulga-programacao-completa-de-shows-musicais\/#primaryimage","url":"https:\/\/noticiaempauta.com\/portal\/wp-content\/uploads\/2024\/05\/IMG_1734-1.jpeg","contentUrl":"https:\/\/noticiaempauta.com\/portal\/wp-content\/uploads\/2024\/05\/IMG_1734-1.jpeg","width":1536,"height":1176},{"@type":"BreadcrumbList","@id":"https:\/\/noticiaempauta.com\/portal\/picos-cidade-junina-divulga-programacao-completa-de-shows-musicais\/#breadcrumb","itemListElement":[{"@type":"ListItem","position":1,"name":"P\u00e1gina Inicial","item":"https:\/\/noticiaempauta.com\/portal\/"},{"@type":"ListItem","position":2,"name":"Destaques","item":"https:\/\/noticiaempauta.com\/portal\/destaques-site\/"},{"@type":"ListItem","position":3,"name":"Picos Cidade Junina divulga programa\u00e7\u00e3o completa de shows musicais"}]},{"@type":"WebSite","@id":"https:\/\/noticiaempauta.com\/portal\/#website","url":"https:\/\/noticiaempauta.com\/portal\/","name":"Portal Not\u00edcia em Pauta","description":"Voc\u00ea bem informado","publisher":{"@id":"https:\/\/noticiaempauta.com\/portal\/#organization"},"potentialAction":[{"@type":"SearchAction","target":{"@type":"EntryPoint","urlTemplate":"https:\/\/noticiaempauta.com\/portal\/?s={search_term_string}"},"query-input":{"@type":"PropertyValueSpecification","valueRequired":true,"valueName":"search_term_string"}}],"inLanguage":"pt-BR"},{"@type":"Organization","@id":"https:\/\/noticiaempauta.com\/portal\/#organization","name":"Portal Not\u00edcia em Pauta","url":"https:\/\/noticiaempauta.com\/portal\/","logo":{"@type":"ImageObject","inLanguage":"pt-BR","@id":"https:\/\/noticiaempauta.com\/portal\/#\/schema\/logo\/image\/","url":"https:\/\/noticiaempauta.com\/portal\/wp-content\/uploads\/2022\/08\/logomarca_tema.fw_.png","contentUrl":"https:\/\/noticiaempauta.com\/portal\/wp-content\/uploads\/2022\/08\/logomarca_tema.fw_.png","width":400,"height":232,"caption":"Portal Not\u00edcia em Pauta"},"image":{"@id":"https:\/\/noticiaempauta.com\/portal\/#\/schema\/logo\/image\/"},"sameAs":["https:\/\/www.facebook.com\/Portal-Notcia-Em-Pauta-102292869264820\/","https:\/\/www.instagram.com\/portalnoticiaempauta\/"]},{"@type":"Person","@id":"https:\/\/noticiaempauta.com\/portal\/#\/schema\/person\/a74af43dd1ab3deca45f988c717d57ac","name":"Reda\u00e7\u00e3o","image":{"@type":"ImageObject","inLanguage":"pt-BR","@id":"https:\/\/noticiaempauta.com\/portal\/#\/schema\/person\/image\/","url":"https:\/\/secure.gravatar.com\/avatar\/03179346ecce6cdfc13361603e8f54242a90e5cde8618fa23c5c00aa2b0aadf3?s=96&d=mm&r=g","contentUrl":"https:\/\/secure.gravatar.com\/avatar\/03179346ecce6cdfc13361603e8f54242a90e5cde8618fa23c5c00aa2b0aadf3?s=96&d=mm&r=g","caption":"Reda\u00e7\u00e3o"},"sameAs":["https:\/\/noticiaempauta.com\/portal\/"],"url":"https:\/\/noticiaempauta.com\/portal\/author\/fernando\/"}]}},"_links":{"self":[{"href":"https:\/\/noticiaempauta.com\/portal\/wp-json\/wp\/v2\/posts\/258145","targetHints":{"allow":["GET"]}}],"collection":[{"href":"https:\/\/noticiaempauta.com\/portal\/wp-json\/wp\/v2\/posts"}],"about":[{"href":"https:\/\/noticiaempauta.com\/portal\/wp-json\/wp\/v2\/types\/post"}],"author":[{"embeddable":true,"href":"https:\/\/noticiaempauta.com\/portal\/wp-json\/wp\/v2\/users\/2"}],"replies":[{"embeddable":true,"href":"https:\/\/noticiaempauta.com\/portal\/wp-json\/wp\/v2\/comments?post=258145"}],"version-history":[{"count":2,"href":"https:\/\/noticiaempauta.com\/portal\/wp-json\/wp\/v2\/posts\/258145\/revisions"}],"predecessor-version":[{"id":258151,"href":"https:\/\/noticiaempauta.com\/portal\/wp-json\/wp\/v2\/posts\/258145\/revisions\/258151"}],"wp:featuredmedia":[{"embeddable":true,"href":"https:\/\/noticiaempauta.com\/portal\/wp-json\/wp\/v2\/media\/258152"}],"wp:attachment":[{"href":"https:\/\/noticiaempauta.com\/portal\/wp-json\/wp\/v2\/media?parent=258145"}],"wp:term":[{"taxonomy":"category","embeddable":true,"href":"https:\/\/noticiaempauta.com\/portal\/wp-json\/wp\/v2\/categories?post=258145"},{"taxonomy":"post_tag","embeddable":true,"href":"https:\/\/noticiaempauta.com\/portal\/wp-json\/wp\/v2\/tags?post=258145"}],"curies":[{"name":"wp","href":"https:\/\/api.w.org\/{rel}","templated":true}]}}