{"id":258153,"date":"2024-05-23T09:19:21","date_gmt":"2024-05-23T12:19:21","guid":{"rendered":"https:\/\/noticiaempauta.com\/portal\/?p=258153"},"modified":"2024-05-23T09:19:22","modified_gmt":"2024-05-23T12:19:22","slug":"prefeito-de-monsenhor-hipolito-djalma-policarpo-participa-da-25a-marcha-dos-prefeitos-em-brasilia","status":"publish","type":"post","link":"https:\/\/noticiaempauta.com\/portal\/prefeito-de-monsenhor-hipolito-djalma-policarpo-participa-da-25a-marcha-dos-prefeitos-em-brasilia\/","title":{"rendered":"Prefeito de Monsenhor Hip\u00f3lito, Djalma Policarpo participa da 25\u00aa Marcha dos Prefeitos em Bras\u00edlia"},"content":{"rendered":"\n<p>Desde o dia 20 deste m\u00eas foi iniciado um dos eventos mais aguardados no calend\u00e1rio pol\u00edtico nacional, a Marcha dos Prefeitos, que acontece em Bras\u00edlia.<\/p>\n\n\n\n<figure class=\"wp-block-image size-full\"><img fetchpriority=\"high\" decoding=\"async\" width=\"1024\" height=\"683\" src=\"https:\/\/noticiaempauta.com\/portal\/wp-content\/uploads\/2024\/05\/batch_22DSC_5643-1024x683-1.jpg\" alt=\"\" class=\"wp-image-258156\" srcset=\"https:\/\/noticiaempauta.com\/portal\/wp-content\/uploads\/2024\/05\/batch_22DSC_5643-1024x683-1.jpg 1024w, https:\/\/noticiaempauta.com\/portal\/wp-content\/uploads\/2024\/05\/batch_22DSC_5643-1024x683-1-300x200.jpg 300w, https:\/\/noticiaempauta.com\/portal\/wp-content\/uploads\/2024\/05\/batch_22DSC_5643-1024x683-1-768x512.jpg 768w\" sizes=\"(max-width: 1024px) 100vw, 1024px\" \/><\/figure>\n\n\n\n<p>Promovido pela Confedera\u00e7\u00e3o Nacional de Munic\u00edpios (CNM), o evento acontece no Centro Internacional de Conven\u00e7\u00f5es do Brasil (CICB) e este ano tem como tema: \u201cPacto Federativo: um olhar para a popula\u00e7\u00e3o desprotegida\u201d.<\/p>\n\n\n\n<figure class=\"wp-block-image size-large\"><img decoding=\"async\" width=\"1024\" height=\"768\" src=\"https:\/\/noticiaempauta.com\/portal\/wp-content\/uploads\/2024\/05\/batch_22image00137-1-1024x768.jpeg\" alt=\"\" class=\"wp-image-258157\" srcset=\"https:\/\/noticiaempauta.com\/portal\/wp-content\/uploads\/2024\/05\/batch_22image00137-1-1024x768.jpeg 1024w, https:\/\/noticiaempauta.com\/portal\/wp-content\/uploads\/2024\/05\/batch_22image00137-1-300x225.jpeg 300w, https:\/\/noticiaempauta.com\/portal\/wp-content\/uploads\/2024\/05\/batch_22image00137-1-768x576.jpeg 768w, https:\/\/noticiaempauta.com\/portal\/wp-content\/uploads\/2024\/05\/batch_22image00137-1.jpeg 1066w\" sizes=\"(max-width: 1024px) 100vw, 1024px\" \/><\/figure>\n\n\n\n<p>A Marcha j\u00e1 chega na sua 25\u00aa edi\u00e7\u00e3o e \u00e9 reconhecida como o maior evento municipalista da Am\u00e9rica Latina, reunindo prefeitos, vice-prefeitos, vereadores e outras autoridades como o presidente da Rep\u00fablica Lu\u00eds In\u00e1cio Lula da Silva, do vice Alckimin, que esteve presente nesta ter\u00e7a-feira, 21 de maio, na abertura oficial, discutindo diversas pautas voltadas para os munic\u00edpios brasileiros.<\/p>\n\n\n\n<figure class=\"wp-block-image size-large\"><img decoding=\"async\" width=\"1024\" height=\"683\" src=\"https:\/\/noticiaempauta.com\/portal\/wp-content\/uploads\/2024\/05\/batch_22image00109-1-1024x683.jpeg\" alt=\"\" class=\"wp-image-258158\" srcset=\"https:\/\/noticiaempauta.com\/portal\/wp-content\/uploads\/2024\/05\/batch_22image00109-1-1024x683.jpeg 1024w, https:\/\/noticiaempauta.com\/portal\/wp-content\/uploads\/2024\/05\/batch_22image00109-1-300x200.jpeg 300w, https:\/\/noticiaempauta.com\/portal\/wp-content\/uploads\/2024\/05\/batch_22image00109-1-768x512.jpeg 768w, https:\/\/noticiaempauta.com\/portal\/wp-content\/uploads\/2024\/05\/batch_22image00109-1.jpeg 1200w\" sizes=\"(max-width: 1024px) 100vw, 1024px\" \/><\/figure>\n\n\n\n<p>Entre os participantes, est\u00e1 o prefeito de Monsenhor Hip\u00f3lito, Djalma Policarpo, acompanhado pela primeira-dama, Josefina Policarpo. Ap\u00f3s cerim\u00f4nia de abertura, Djalma participou de um almo\u00e7o organizado pelo senador Ciro Nogueira, que contou com a presen\u00e7a de diversos prefeitos, do presidente do Progressistas no estado, Joel Rodrigues, do deputado federais, J\u00falio Arcoverde, \u00c1tila Filho e da ex-deputada Margarete Coelho.<\/p>\n\n\n\n<p>Djalma tamb\u00e9m participou de mais uma reuni\u00e3o na Bancada Federal. O encontro foi prestigiado pelo ministro do Desenvolvimento, Assist\u00eancia Social, Fam\u00edlia e Combate \u00e0 Fome, Wellington Dias, juntamente com os senadores Marcelo Castro e Jussara Lima.<\/p>\n\n\n\n<p>Em entrevista, Djalma ressaltou como o evento tem proporcionado mais conhecimentos e destacou que o objetivo \u00e9 de levar mais recursos para Monsenhor Hip\u00f3lito.<\/p>\n\n\n\n<figure class=\"wp-block-image size-full\"><img loading=\"lazy\" decoding=\"async\" width=\"785\" height=\"599\" src=\"https:\/\/noticiaempauta.com\/portal\/wp-content\/uploads\/2024\/05\/batch_DSC_5803-1.jpg\" alt=\"\" class=\"wp-image-258155\" srcset=\"https:\/\/noticiaempauta.com\/portal\/wp-content\/uploads\/2024\/05\/batch_DSC_5803-1.jpg 785w, https:\/\/noticiaempauta.com\/portal\/wp-content\/uploads\/2024\/05\/batch_DSC_5803-1-300x229.jpg 300w, https:\/\/noticiaempauta.com\/portal\/wp-content\/uploads\/2024\/05\/batch_DSC_5803-1-768x586.jpg 768w\" sizes=\"(max-width: 785px) 100vw, 785px\" \/><figcaption class=\"wp-element-caption\">Prefeito Djalma Policarpo  (Foto: CidadesnaNet)<\/figcaption><\/figure>\n\n\n\n<p>\u201cEstamos aqui durante esses dias recebendo v\u00e1rias informa\u00e7\u00f5es importantes e que agregam em nossa vida enquanto gestores. Desde que assumi o mandato tenho buscado levar melhorias para o nosso munic\u00edpio e com essa Marcha n\u00f3s temos o objetivo de receber mais conhecimentos, mas tamb\u00e9m de apresentar as necessidades do nosso munic\u00edpio aos parlamentares para que a gente consiga mais melhorias para Monsenhor Hip\u00f3lito\u201d, frisou.<\/p>\n\n\n\n<p>Durante sua agenda na capital federal, o gestor municipal tamb\u00e9m se reuniu com o deputado estadual Gil Carlos, onde esteve apresentando as demandas do munic\u00edpio de Monsenhor Hip\u00f3lito.<\/p>\n\n\n\n<p>Nesta quinta-feira, 23, \u00faltimo dia do evento ser\u00e1 dedicado \u00e0s apresenta\u00e7\u00f5es de projetos e ao encerramento oficial. Na manh\u00e3, gestores apresentar\u00e3o projetos bem-sucedidos de suas cidades, compartilhando experi\u00eancias e aprendizados que podem ser replicados em outros munic\u00edpios. \u00c0 tarde, a cerim\u00f4nia de encerramento far\u00e1 um resumo dos avan\u00e7os alcan\u00e7ados durante a Marcha, destacando as principais conclus\u00f5es e encaminhamentos.<\/p>\n\n\n\n<p>Veja imagens<\/p>\n\n\n\n<figure class=\"wp-block-image size-full\"><img loading=\"lazy\" decoding=\"async\" width=\"783\" height=\"721\" src=\"https:\/\/noticiaempauta.com\/portal\/wp-content\/uploads\/2024\/05\/WhatsApp-Image-2024-05-23-at-09.13.15.jpeg\" alt=\"\" class=\"wp-image-258159\" srcset=\"https:\/\/noticiaempauta.com\/portal\/wp-content\/uploads\/2024\/05\/WhatsApp-Image-2024-05-23-at-09.13.15.jpeg 783w, https:\/\/noticiaempauta.com\/portal\/wp-content\/uploads\/2024\/05\/WhatsApp-Image-2024-05-23-at-09.13.15-300x276.jpeg 300w, https:\/\/noticiaempauta.com\/portal\/wp-content\/uploads\/2024\/05\/WhatsApp-Image-2024-05-23-at-09.13.15-768x707.jpeg 768w\" sizes=\"(max-width: 783px) 100vw, 783px\" \/><figcaption class=\"wp-element-caption\"><strong><em>Prefeito Djalma tamb\u00e9m esteve reunido com o assessor do Minist\u00e9rio dos Esportes, Dr. Ivo, onde est\u00e1 em tramita\u00e7\u00e3o o projeto de 8 academias populares para o munic\u00edpio de Monsenhor Hip\u00f3lito.<\/em><\/strong><\/figcaption><\/figure>\n\n\n\n<figure class=\"wp-block-image size-full\"><img loading=\"lazy\" decoding=\"async\" width=\"796\" height=\"615\" src=\"https:\/\/noticiaempauta.com\/portal\/wp-content\/uploads\/2024\/05\/WhatsApp-Image-2024-05-23-at-09.13.01.jpeg\" alt=\"\" class=\"wp-image-258160\" srcset=\"https:\/\/noticiaempauta.com\/portal\/wp-content\/uploads\/2024\/05\/WhatsApp-Image-2024-05-23-at-09.13.01.jpeg 796w, https:\/\/noticiaempauta.com\/portal\/wp-content\/uploads\/2024\/05\/WhatsApp-Image-2024-05-23-at-09.13.01-300x232.jpeg 300w, https:\/\/noticiaempauta.com\/portal\/wp-content\/uploads\/2024\/05\/WhatsApp-Image-2024-05-23-at-09.13.01-768x593.jpeg 768w\" sizes=\"(max-width: 796px) 100vw, 796px\" \/><figcaption class=\"wp-element-caption\"><strong><em>Seguindo a agenda em Bras\u00edlia, Djalma se reuniu com o amigo e deputado federal J\u00falio Arcoverde, na oportunidade v\u00e1rias demandas foram viabilizadas para o munic\u00edpio.<\/em><\/strong><\/figcaption><\/figure>\n\n\n\n<figure class=\"wp-block-image size-full\"><img loading=\"lazy\" decoding=\"async\" width=\"785\" height=\"622\" src=\"https:\/\/noticiaempauta.com\/portal\/wp-content\/uploads\/2024\/05\/WhatsApp-Image-2024-05-23-at-09.11.32.jpeg\" alt=\"\" class=\"wp-image-258161\" srcset=\"https:\/\/noticiaempauta.com\/portal\/wp-content\/uploads\/2024\/05\/WhatsApp-Image-2024-05-23-at-09.11.32.jpeg 785w, https:\/\/noticiaempauta.com\/portal\/wp-content\/uploads\/2024\/05\/WhatsApp-Image-2024-05-23-at-09.11.32-300x238.jpeg 300w, https:\/\/noticiaempauta.com\/portal\/wp-content\/uploads\/2024\/05\/WhatsApp-Image-2024-05-23-at-09.11.32-768x609.jpeg 768w\" sizes=\"(max-width: 785px) 100vw, 785px\" \/><figcaption class=\"wp-element-caption\"><strong><em>O gestor tamb\u00e9m foi recebido pelo senador Marcelo Castro, oportunidade em que tamb\u00e9m foi apresentada demandas para Monsenhor Hip\u00f3lito.<\/em><\/strong><\/figcaption><\/figure>\n\n\n\n<p><em><strong>Fonte e Fotos: CidadesnaNet<\/strong><\/em><\/p>\n","protected":false},"excerpt":{"rendered":"<p>Acompanhado da primeira-dama, Josefina Policarpo, o gestor tem buscado investimentos para o munic\u00edpio na capital federal.<\/p>\n","protected":false},"author":2,"featured_media":258155,"comment_status":"open","ping_status":"open","sticky":false,"template":"","format":"standard","meta":{"_mi_skip_tracking":false,"footnotes":""},"categories":[25,1,9,16],"tags":[192],"class_list":["post-258153","post","type-post","status-publish","format-standard","has-post-thumbnail","hentry","category-destaques-site","category-geral","category-municipios","category-todas","tag-destaqueprincipal"],"acf":[],"yoast_head":"<!-- This site is optimized with the Yoast SEO Premium plugin v19.2 (Yoast SEO v26.9) - https:\/\/yoast.com\/product\/yoast-seo-premium-wordpress\/ -->\n<title>Prefeito de Monsenhor Hip\u00f3lito, Djalma Policarpo participa da 25\u00aa Marcha dos Prefeitos em Bras\u00edlia - Portal Not\u00edcia em Pauta<\/title>\n<meta name=\"robots\" content=\"index, follow, max-snippet:-1, max-image-preview:large, max-video-preview:-1\" \/>\n<link rel=\"canonical\" href=\"https:\/\/noticiaempauta.com\/portal\/prefeito-de-monsenhor-hipolito-djalma-policarpo-participa-da-25a-marcha-dos-prefeitos-em-brasilia\/\" \/>\n<meta property=\"og:locale\" content=\"pt_BR\" \/>\n<meta property=\"og:type\" content=\"article\" \/>\n<meta property=\"og:title\" content=\"Prefeito de Monsenhor Hip\u00f3lito, Djalma Policarpo participa da 25\u00aa Marcha dos Prefeitos em Bras\u00edlia\" \/>\n<meta property=\"og:description\" content=\"Acompanhado da primeira-dama, Josefina Policarpo, o gestor tem buscado investimentos para o munic\u00edpio na capital federal.\" \/>\n<meta property=\"og:url\" content=\"https:\/\/noticiaempauta.com\/portal\/prefeito-de-monsenhor-hipolito-djalma-policarpo-participa-da-25a-marcha-dos-prefeitos-em-brasilia\/\" \/>\n<meta property=\"og:site_name\" content=\"Portal Not\u00edcia em Pauta\" \/>\n<meta property=\"article:publisher\" content=\"https:\/\/www.facebook.com\/Portal-Notcia-Em-Pauta-102292869264820\/\" \/>\n<meta property=\"article:published_time\" content=\"2024-05-23T12:19:21+00:00\" \/>\n<meta property=\"article:modified_time\" content=\"2024-05-23T12:19:22+00:00\" \/>\n<meta property=\"og:image\" content=\"https:\/\/noticiaempauta.com\/portal\/wp-content\/uploads\/2024\/05\/batch_DSC_5803-1.jpg\" \/>\n\t<meta property=\"og:image:width\" content=\"785\" \/>\n\t<meta property=\"og:image:height\" content=\"599\" \/>\n\t<meta property=\"og:image:type\" content=\"image\/jpeg\" \/>\n<meta name=\"author\" content=\"Reda\u00e7\u00e3o\" \/>\n<meta name=\"twitter:card\" content=\"summary_large_image\" \/>\n<meta name=\"twitter:label1\" content=\"Escrito por\" \/>\n\t<meta name=\"twitter:data1\" content=\"Reda\u00e7\u00e3o\" \/>\n\t<meta name=\"twitter:label2\" content=\"Est. tempo de leitura\" \/>\n\t<meta name=\"twitter:data2\" content=\"5 minutos\" \/>\n<script type=\"application\/ld+json\" class=\"yoast-schema-graph\">{\"@context\":\"https:\/\/schema.org\",\"@graph\":[{\"@type\":\"Article\",\"@id\":\"https:\/\/noticiaempauta.com\/portal\/prefeito-de-monsenhor-hipolito-djalma-policarpo-participa-da-25a-marcha-dos-prefeitos-em-brasilia\/#article\",\"isPartOf\":{\"@id\":\"https:\/\/noticiaempauta.com\/portal\/prefeito-de-monsenhor-hipolito-djalma-policarpo-participa-da-25a-marcha-dos-prefeitos-em-brasilia\/\"},\"author\":{\"name\":\"Reda\u00e7\u00e3o\",\"@id\":\"https:\/\/noticiaempauta.com\/portal\/#\/schema\/person\/a74af43dd1ab3deca45f988c717d57ac\"},\"headline\":\"Prefeito de Monsenhor Hip\u00f3lito, Djalma Policarpo participa da 25\u00aa Marcha dos Prefeitos em Bras\u00edlia\",\"datePublished\":\"2024-05-23T12:19:21+00:00\",\"dateModified\":\"2024-05-23T12:19:22+00:00\",\"mainEntityOfPage\":{\"@id\":\"https:\/\/noticiaempauta.com\/portal\/prefeito-de-monsenhor-hipolito-djalma-policarpo-participa-da-25a-marcha-dos-prefeitos-em-brasilia\/\"},\"wordCount\":530,\"commentCount\":0,\"publisher\":{\"@id\":\"https:\/\/noticiaempauta.com\/portal\/#organization\"},\"image\":{\"@id\":\"https:\/\/noticiaempauta.com\/portal\/prefeito-de-monsenhor-hipolito-djalma-policarpo-participa-da-25a-marcha-dos-prefeitos-em-brasilia\/#primaryimage\"},\"thumbnailUrl\":\"https:\/\/noticiaempauta.com\/portal\/wp-content\/uploads\/2024\/05\/batch_DSC_5803-1.jpg\",\"keywords\":[\"destaqueprincipal\"],\"articleSection\":[\"Destaques\",\"Geral\",\"Munic\u00edpios\",\"Todas as Not\u00edcias\"],\"inLanguage\":\"pt-BR\",\"potentialAction\":[{\"@type\":\"CommentAction\",\"name\":\"Comment\",\"target\":[\"https:\/\/noticiaempauta.com\/portal\/prefeito-de-monsenhor-hipolito-djalma-policarpo-participa-da-25a-marcha-dos-prefeitos-em-brasilia\/#respond\"]}]},{\"@type\":\"WebPage\",\"@id\":\"https:\/\/noticiaempauta.com\/portal\/prefeito-de-monsenhor-hipolito-djalma-policarpo-participa-da-25a-marcha-dos-prefeitos-em-brasilia\/\",\"url\":\"https:\/\/noticiaempauta.com\/portal\/prefeito-de-monsenhor-hipolito-djalma-policarpo-participa-da-25a-marcha-dos-prefeitos-em-brasilia\/\",\"name\":\"Prefeito de Monsenhor Hip\u00f3lito, Djalma Policarpo participa da 25\u00aa Marcha dos Prefeitos em Bras\u00edlia - Portal Not\u00edcia em Pauta\",\"isPartOf\":{\"@id\":\"https:\/\/noticiaempauta.com\/portal\/#website\"},\"primaryImageOfPage\":{\"@id\":\"https:\/\/noticiaempauta.com\/portal\/prefeito-de-monsenhor-hipolito-djalma-policarpo-participa-da-25a-marcha-dos-prefeitos-em-brasilia\/#primaryimage\"},\"image\":{\"@id\":\"https:\/\/noticiaempauta.com\/portal\/prefeito-de-monsenhor-hipolito-djalma-policarpo-participa-da-25a-marcha-dos-prefeitos-em-brasilia\/#primaryimage\"},\"thumbnailUrl\":\"https:\/\/noticiaempauta.com\/portal\/wp-content\/uploads\/2024\/05\/batch_DSC_5803-1.jpg\",\"datePublished\":\"2024-05-23T12:19:21+00:00\",\"dateModified\":\"2024-05-23T12:19:22+00:00\",\"breadcrumb\":{\"@id\":\"https:\/\/noticiaempauta.com\/portal\/prefeito-de-monsenhor-hipolito-djalma-policarpo-participa-da-25a-marcha-dos-prefeitos-em-brasilia\/#breadcrumb\"},\"inLanguage\":\"pt-BR\",\"potentialAction\":[{\"@type\":\"ReadAction\",\"target\":[\"https:\/\/noticiaempauta.com\/portal\/prefeito-de-monsenhor-hipolito-djalma-policarpo-participa-da-25a-marcha-dos-prefeitos-em-brasilia\/\"]}]},{\"@type\":\"ImageObject\",\"inLanguage\":\"pt-BR\",\"@id\":\"https:\/\/noticiaempauta.com\/portal\/prefeito-de-monsenhor-hipolito-djalma-policarpo-participa-da-25a-marcha-dos-prefeitos-em-brasilia\/#primaryimage\",\"url\":\"https:\/\/noticiaempauta.com\/portal\/wp-content\/uploads\/2024\/05\/batch_DSC_5803-1.jpg\",\"contentUrl\":\"https:\/\/noticiaempauta.com\/portal\/wp-content\/uploads\/2024\/05\/batch_DSC_5803-1.jpg\",\"width\":785,\"height\":599,\"caption\":\"Prefeito Djalma Policarpo (Foto: CidadesnaNet)\"},{\"@type\":\"BreadcrumbList\",\"@id\":\"https:\/\/noticiaempauta.com\/portal\/prefeito-de-monsenhor-hipolito-djalma-policarpo-participa-da-25a-marcha-dos-prefeitos-em-brasilia\/#breadcrumb\",\"itemListElement\":[{\"@type\":\"ListItem\",\"position\":1,\"name\":\"P\u00e1gina Inicial\",\"item\":\"https:\/\/noticiaempauta.com\/portal\/\"},{\"@type\":\"ListItem\",\"position\":2,\"name\":\"Destaques\",\"item\":\"https:\/\/noticiaempauta.com\/portal\/destaques-site\/\"},{\"@type\":\"ListItem\",\"position\":3,\"name\":\"Prefeito de Monsenhor Hip\u00f3lito, Djalma Policarpo participa da 25\u00aa Marcha dos Prefeitos em Bras\u00edlia\"}]},{\"@type\":\"WebSite\",\"@id\":\"https:\/\/noticiaempauta.com\/portal\/#website\",\"url\":\"https:\/\/noticiaempauta.com\/portal\/\",\"name\":\"Portal Not\u00edcia em Pauta\",\"description\":\"Voc\u00ea bem informado\",\"publisher\":{\"@id\":\"https:\/\/noticiaempauta.com\/portal\/#organization\"},\"potentialAction\":[{\"@type\":\"SearchAction\",\"target\":{\"@type\":\"EntryPoint\",\"urlTemplate\":\"https:\/\/noticiaempauta.com\/portal\/?s={search_term_string}\"},\"query-input\":{\"@type\":\"PropertyValueSpecification\",\"valueRequired\":true,\"valueName\":\"search_term_string\"}}],\"inLanguage\":\"pt-BR\"},{\"@type\":\"Organization\",\"@id\":\"https:\/\/noticiaempauta.com\/portal\/#organization\",\"name\":\"Portal Not\u00edcia em Pauta\",\"url\":\"https:\/\/noticiaempauta.com\/portal\/\",\"logo\":{\"@type\":\"ImageObject\",\"inLanguage\":\"pt-BR\",\"@id\":\"https:\/\/noticiaempauta.com\/portal\/#\/schema\/logo\/image\/\",\"url\":\"https:\/\/noticiaempauta.com\/portal\/wp-content\/uploads\/2022\/08\/logomarca_tema.fw_.png\",\"contentUrl\":\"https:\/\/noticiaempauta.com\/portal\/wp-content\/uploads\/2022\/08\/logomarca_tema.fw_.png\",\"width\":400,\"height\":232,\"caption\":\"Portal Not\u00edcia em Pauta\"},\"image\":{\"@id\":\"https:\/\/noticiaempauta.com\/portal\/#\/schema\/logo\/image\/\"},\"sameAs\":[\"https:\/\/www.facebook.com\/Portal-Notcia-Em-Pauta-102292869264820\/\",\"https:\/\/www.instagram.com\/portalnoticiaempauta\/\"]},{\"@type\":\"Person\",\"@id\":\"https:\/\/noticiaempauta.com\/portal\/#\/schema\/person\/a74af43dd1ab3deca45f988c717d57ac\",\"name\":\"Reda\u00e7\u00e3o\",\"image\":{\"@type\":\"ImageObject\",\"inLanguage\":\"pt-BR\",\"@id\":\"https:\/\/noticiaempauta.com\/portal\/#\/schema\/person\/image\/\",\"url\":\"https:\/\/secure.gravatar.com\/avatar\/03179346ecce6cdfc13361603e8f54242a90e5cde8618fa23c5c00aa2b0aadf3?s=96&d=mm&r=g\",\"contentUrl\":\"https:\/\/secure.gravatar.com\/avatar\/03179346ecce6cdfc13361603e8f54242a90e5cde8618fa23c5c00aa2b0aadf3?s=96&d=mm&r=g\",\"caption\":\"Reda\u00e7\u00e3o\"},\"sameAs\":[\"https:\/\/noticiaempauta.com\/portal\/\"],\"url\":\"https:\/\/noticiaempauta.com\/portal\/author\/fernando\/\"}]}<\/script>\n<!-- \/ Yoast SEO Premium plugin. -->","yoast_head_json":{"title":"Prefeito de Monsenhor Hip\u00f3lito, Djalma Policarpo participa da 25\u00aa Marcha dos Prefeitos em Bras\u00edlia - Portal Not\u00edcia em Pauta","robots":{"index":"index","follow":"follow","max-snippet":"max-snippet:-1","max-image-preview":"max-image-preview:large","max-video-preview":"max-video-preview:-1"},"canonical":"https:\/\/noticiaempauta.com\/portal\/prefeito-de-monsenhor-hipolito-djalma-policarpo-participa-da-25a-marcha-dos-prefeitos-em-brasilia\/","og_locale":"pt_BR","og_type":"article","og_title":"Prefeito de Monsenhor Hip\u00f3lito, Djalma Policarpo participa da 25\u00aa Marcha dos Prefeitos em Bras\u00edlia","og_description":"Acompanhado da primeira-dama, Josefina Policarpo, o gestor tem buscado investimentos para o munic\u00edpio na capital federal.","og_url":"https:\/\/noticiaempauta.com\/portal\/prefeito-de-monsenhor-hipolito-djalma-policarpo-participa-da-25a-marcha-dos-prefeitos-em-brasilia\/","og_site_name":"Portal Not\u00edcia em Pauta","article_publisher":"https:\/\/www.facebook.com\/Portal-Notcia-Em-Pauta-102292869264820\/","article_published_time":"2024-05-23T12:19:21+00:00","article_modified_time":"2024-05-23T12:19:22+00:00","og_image":[{"width":785,"height":599,"url":"https:\/\/noticiaempauta.com\/portal\/wp-content\/uploads\/2024\/05\/batch_DSC_5803-1.jpg","type":"image\/jpeg"}],"author":"Reda\u00e7\u00e3o","twitter_card":"summary_large_image","twitter_misc":{"Escrito por":"Reda\u00e7\u00e3o","Est. tempo de leitura":"5 minutos"},"schema":{"@context":"https:\/\/schema.org","@graph":[{"@type":"Article","@id":"https:\/\/noticiaempauta.com\/portal\/prefeito-de-monsenhor-hipolito-djalma-policarpo-participa-da-25a-marcha-dos-prefeitos-em-brasilia\/#article","isPartOf":{"@id":"https:\/\/noticiaempauta.com\/portal\/prefeito-de-monsenhor-hipolito-djalma-policarpo-participa-da-25a-marcha-dos-prefeitos-em-brasilia\/"},"author":{"name":"Reda\u00e7\u00e3o","@id":"https:\/\/noticiaempauta.com\/portal\/#\/schema\/person\/a74af43dd1ab3deca45f988c717d57ac"},"headline":"Prefeito de Monsenhor Hip\u00f3lito, Djalma Policarpo participa da 25\u00aa Marcha dos Prefeitos em Bras\u00edlia","datePublished":"2024-05-23T12:19:21+00:00","dateModified":"2024-05-23T12:19:22+00:00","mainEntityOfPage":{"@id":"https:\/\/noticiaempauta.com\/portal\/prefeito-de-monsenhor-hipolito-djalma-policarpo-participa-da-25a-marcha-dos-prefeitos-em-brasilia\/"},"wordCount":530,"commentCount":0,"publisher":{"@id":"https:\/\/noticiaempauta.com\/portal\/#organization"},"image":{"@id":"https:\/\/noticiaempauta.com\/portal\/prefeito-de-monsenhor-hipolito-djalma-policarpo-participa-da-25a-marcha-dos-prefeitos-em-brasilia\/#primaryimage"},"thumbnailUrl":"https:\/\/noticiaempauta.com\/portal\/wp-content\/uploads\/2024\/05\/batch_DSC_5803-1.jpg","keywords":["destaqueprincipal"],"articleSection":["Destaques","Geral","Munic\u00edpios","Todas as Not\u00edcias"],"inLanguage":"pt-BR","potentialAction":[{"@type":"CommentAction","name":"Comment","target":["https:\/\/noticiaempauta.com\/portal\/prefeito-de-monsenhor-hipolito-djalma-policarpo-participa-da-25a-marcha-dos-prefeitos-em-brasilia\/#respond"]}]},{"@type":"WebPage","@id":"https:\/\/noticiaempauta.com\/portal\/prefeito-de-monsenhor-hipolito-djalma-policarpo-participa-da-25a-marcha-dos-prefeitos-em-brasilia\/","url":"https:\/\/noticiaempauta.com\/portal\/prefeito-de-monsenhor-hipolito-djalma-policarpo-participa-da-25a-marcha-dos-prefeitos-em-brasilia\/","name":"Prefeito de Monsenhor Hip\u00f3lito, Djalma Policarpo participa da 25\u00aa Marcha dos Prefeitos em Bras\u00edlia - Portal Not\u00edcia em Pauta","isPartOf":{"@id":"https:\/\/noticiaempauta.com\/portal\/#website"},"primaryImageOfPage":{"@id":"https:\/\/noticiaempauta.com\/portal\/prefeito-de-monsenhor-hipolito-djalma-policarpo-participa-da-25a-marcha-dos-prefeitos-em-brasilia\/#primaryimage"},"image":{"@id":"https:\/\/noticiaempauta.com\/portal\/prefeito-de-monsenhor-hipolito-djalma-policarpo-participa-da-25a-marcha-dos-prefeitos-em-brasilia\/#primaryimage"},"thumbnailUrl":"https:\/\/noticiaempauta.com\/portal\/wp-content\/uploads\/2024\/05\/batch_DSC_5803-1.jpg","datePublished":"2024-05-23T12:19:21+00:00","dateModified":"2024-05-23T12:19:22+00:00","breadcrumb":{"@id":"https:\/\/noticiaempauta.com\/portal\/prefeito-de-monsenhor-hipolito-djalma-policarpo-participa-da-25a-marcha-dos-prefeitos-em-brasilia\/#breadcrumb"},"inLanguage":"pt-BR","potentialAction":[{"@type":"ReadAction","target":["https:\/\/noticiaempauta.com\/portal\/prefeito-de-monsenhor-hipolito-djalma-policarpo-participa-da-25a-marcha-dos-prefeitos-em-brasilia\/"]}]},{"@type":"ImageObject","inLanguage":"pt-BR","@id":"https:\/\/noticiaempauta.com\/portal\/prefeito-de-monsenhor-hipolito-djalma-policarpo-participa-da-25a-marcha-dos-prefeitos-em-brasilia\/#primaryimage","url":"https:\/\/noticiaempauta.com\/portal\/wp-content\/uploads\/2024\/05\/batch_DSC_5803-1.jpg","contentUrl":"https:\/\/noticiaempauta.com\/portal\/wp-content\/uploads\/2024\/05\/batch_DSC_5803-1.jpg","width":785,"height":599,"caption":"Prefeito Djalma Policarpo (Foto: CidadesnaNet)"},{"@type":"BreadcrumbList","@id":"https:\/\/noticiaempauta.com\/portal\/prefeito-de-monsenhor-hipolito-djalma-policarpo-participa-da-25a-marcha-dos-prefeitos-em-brasilia\/#breadcrumb","itemListElement":[{"@type":"ListItem","position":1,"name":"P\u00e1gina Inicial","item":"https:\/\/noticiaempauta.com\/portal\/"},{"@type":"ListItem","position":2,"name":"Destaques","item":"https:\/\/noticiaempauta.com\/portal\/destaques-site\/"},{"@type":"ListItem","position":3,"name":"Prefeito de Monsenhor Hip\u00f3lito, Djalma Policarpo participa da 25\u00aa Marcha dos Prefeitos em Bras\u00edlia"}]},{"@type":"WebSite","@id":"https:\/\/noticiaempauta.com\/portal\/#website","url":"https:\/\/noticiaempauta.com\/portal\/","name":"Portal Not\u00edcia em Pauta","description":"Voc\u00ea bem informado","publisher":{"@id":"https:\/\/noticiaempauta.com\/portal\/#organization"},"potentialAction":[{"@type":"SearchAction","target":{"@type":"EntryPoint","urlTemplate":"https:\/\/noticiaempauta.com\/portal\/?s={search_term_string}"},"query-input":{"@type":"PropertyValueSpecification","valueRequired":true,"valueName":"search_term_string"}}],"inLanguage":"pt-BR"},{"@type":"Organization","@id":"https:\/\/noticiaempauta.com\/portal\/#organization","name":"Portal Not\u00edcia em Pauta","url":"https:\/\/noticiaempauta.com\/portal\/","logo":{"@type":"ImageObject","inLanguage":"pt-BR","@id":"https:\/\/noticiaempauta.com\/portal\/#\/schema\/logo\/image\/","url":"https:\/\/noticiaempauta.com\/portal\/wp-content\/uploads\/2022\/08\/logomarca_tema.fw_.png","contentUrl":"https:\/\/noticiaempauta.com\/portal\/wp-content\/uploads\/2022\/08\/logomarca_tema.fw_.png","width":400,"height":232,"caption":"Portal Not\u00edcia em Pauta"},"image":{"@id":"https:\/\/noticiaempauta.com\/portal\/#\/schema\/logo\/image\/"},"sameAs":["https:\/\/www.facebook.com\/Portal-Notcia-Em-Pauta-102292869264820\/","https:\/\/www.instagram.com\/portalnoticiaempauta\/"]},{"@type":"Person","@id":"https:\/\/noticiaempauta.com\/portal\/#\/schema\/person\/a74af43dd1ab3deca45f988c717d57ac","name":"Reda\u00e7\u00e3o","image":{"@type":"ImageObject","inLanguage":"pt-BR","@id":"https:\/\/noticiaempauta.com\/portal\/#\/schema\/person\/image\/","url":"https:\/\/secure.gravatar.com\/avatar\/03179346ecce6cdfc13361603e8f54242a90e5cde8618fa23c5c00aa2b0aadf3?s=96&d=mm&r=g","contentUrl":"https:\/\/secure.gravatar.com\/avatar\/03179346ecce6cdfc13361603e8f54242a90e5cde8618fa23c5c00aa2b0aadf3?s=96&d=mm&r=g","caption":"Reda\u00e7\u00e3o"},"sameAs":["https:\/\/noticiaempauta.com\/portal\/"],"url":"https:\/\/noticiaempauta.com\/portal\/author\/fernando\/"}]}},"_links":{"self":[{"href":"https:\/\/noticiaempauta.com\/portal\/wp-json\/wp\/v2\/posts\/258153","targetHints":{"allow":["GET"]}}],"collection":[{"href":"https:\/\/noticiaempauta.com\/portal\/wp-json\/wp\/v2\/posts"}],"about":[{"href":"https:\/\/noticiaempauta.com\/portal\/wp-json\/wp\/v2\/types\/post"}],"author":[{"embeddable":true,"href":"https:\/\/noticiaempauta.com\/portal\/wp-json\/wp\/v2\/users\/2"}],"replies":[{"embeddable":true,"href":"https:\/\/noticiaempauta.com\/portal\/wp-json\/wp\/v2\/comments?post=258153"}],"version-history":[{"count":2,"href":"https:\/\/noticiaempauta.com\/portal\/wp-json\/wp\/v2\/posts\/258153\/revisions"}],"predecessor-version":[{"id":258163,"href":"https:\/\/noticiaempauta.com\/portal\/wp-json\/wp\/v2\/posts\/258153\/revisions\/258163"}],"wp:featuredmedia":[{"embeddable":true,"href":"https:\/\/noticiaempauta.com\/portal\/wp-json\/wp\/v2\/media\/258155"}],"wp:attachment":[{"href":"https:\/\/noticiaempauta.com\/portal\/wp-json\/wp\/v2\/media?parent=258153"}],"wp:term":[{"taxonomy":"category","embeddable":true,"href":"https:\/\/noticiaempauta.com\/portal\/wp-json\/wp\/v2\/categories?post=258153"},{"taxonomy":"post_tag","embeddable":true,"href":"https:\/\/noticiaempauta.com\/portal\/wp-json\/wp\/v2\/tags?post=258153"}],"curies":[{"name":"wp","href":"https:\/\/api.w.org\/{rel}","templated":true}]}}