{"id":258164,"date":"2024-05-23T09:26:09","date_gmt":"2024-05-23T12:26:09","guid":{"rendered":"https:\/\/noticiaempauta.com\/portal\/?p=258164"},"modified":"2024-05-23T09:26:10","modified_gmt":"2024-05-23T12:26:10","slug":"secretaria-do-turismo-busca-parceria-com-companhias-aereas-para-potencializar-o-setor-no-estado","status":"publish","type":"post","link":"https:\/\/noticiaempauta.com\/portal\/secretaria-do-turismo-busca-parceria-com-companhias-aereas-para-potencializar-o-setor-no-estado\/","title":{"rendered":"Secretaria do Turismo busca parceria com companhias a\u00e9reas para potencializar o setor no estado"},"content":{"rendered":"\n<p>Em agenda na cidade de S\u00e3o Paulo, o secret\u00e1rio de Estado do Turismo, Jos\u00e9 Neto Monteiro, cumpre uma s\u00e9rie de reuni\u00f5es com importantes empresas e agentes do setor. Entre elas, as companhias LATAM Airlines, GOL e Azul Linhas A\u00e9reas.<\/p>\n\n\n\n<p>Os encontros objetivam firmar parcerias que v\u00e3o fortalecer e potencializar o turismo do estado, por meio da amplia\u00e7\u00e3o da malha a\u00e9rea, com foco nas regi\u00f5es da Serra da Capivara e do litoral piauiense.\u00a0<\/p>\n\n\n\n<figure class=\"wp-block-image size-full\"><img fetchpriority=\"high\" decoding=\"async\" width=\"1000\" height=\"750\" src=\"https:\/\/noticiaempauta.com\/portal\/wp-content\/uploads\/2024\/05\/large_IMG_6820_f6e187b508.jpeg\" alt=\"\" class=\"wp-image-258167\" srcset=\"https:\/\/noticiaempauta.com\/portal\/wp-content\/uploads\/2024\/05\/large_IMG_6820_f6e187b508.jpeg 1000w, https:\/\/noticiaempauta.com\/portal\/wp-content\/uploads\/2024\/05\/large_IMG_6820_f6e187b508-300x225.jpeg 300w, https:\/\/noticiaempauta.com\/portal\/wp-content\/uploads\/2024\/05\/large_IMG_6820_f6e187b508-768x576.jpeg 768w\" sizes=\"(max-width: 1000px) 100vw, 1000px\" \/><\/figure>\n\n\n\n<p>De acordo com o gestor, criar la\u00e7os com esses agentes \u00e9 essencial para a atra\u00e7\u00e3o de novos turistas e investimentos para o estado. \u201cPor meio dessa amplia\u00e7\u00e3o, poderemos melhorar a acessibilidade, promover o desenvolvimento econ\u00f4mico do estado, apoiar viagens de neg\u00f3cios e eventos, promover novos destinos tur\u00edsticos e expandir o nosso turismo n\u00e3o somente no \u00e2mbito nacional, mas internacionalmente\u201d, frisa Monteiro, acrescentando que esse primeiro momento \u00e9 para apresentar dados e mostrar interesse do Estado no aumento de voos.<\/p>\n\n\n\n<figure class=\"wp-block-image size-full\"><img decoding=\"async\" width=\"1000\" height=\"800\" src=\"https:\/\/noticiaempauta.com\/portal\/wp-content\/uploads\/2024\/05\/large_IMG_6929_f12bc3baef.jpeg\" alt=\"\" class=\"wp-image-258166\" srcset=\"https:\/\/noticiaempauta.com\/portal\/wp-content\/uploads\/2024\/05\/large_IMG_6929_f12bc3baef.jpeg 1000w, https:\/\/noticiaempauta.com\/portal\/wp-content\/uploads\/2024\/05\/large_IMG_6929_f12bc3baef-300x240.jpeg 300w, https:\/\/noticiaempauta.com\/portal\/wp-content\/uploads\/2024\/05\/large_IMG_6929_f12bc3baef-768x614.jpeg 768w\" sizes=\"(max-width: 1000px) 100vw, 1000px\" \/><\/figure>\n\n\n\n<p>Tamb\u00e9m est\u00e3o presentes nas agendas a diretora de Turismo da Setur, Nayna Alves, o diretor da Investe Piau\u00ed &#8211; S\u00e3o Paulo, Ricardo Carvalho, o presidente da IGR Delta, Joca Vidal, e a diretora Comercial da Esaero Airports, Eliane Volcov.<\/p>\n\n\n\n<p>\u201cApresentamos a demanda tur\u00edstica e o fortalecimento do setor na Serra da Capivara e no Delta do Parna\u00edba, tendo como objetivo a cria\u00e7\u00e3o de novas rotas de voos para atendimento nessas regi\u00f5es. \u00c9 uma iniciativa de extrema import\u00e2ncia que conseguiu unir um grupo de trabalho muito competente entre a Secretaria do Turismo, a Investe Piau\u00ed, a Esaero, como Administradora do Aeroporto Serra da Capivara, e a IGR Delta\u201d, destaca Eline Volcov.<\/p>\n\n\n\n<figure class=\"wp-block-image size-full\"><img decoding=\"async\" width=\"1000\" height=\"750\" src=\"https:\/\/noticiaempauta.com\/portal\/wp-content\/uploads\/2024\/05\/large_IMG_7291_35c1eb9b38.jpeg\" alt=\"\" class=\"wp-image-258168\" srcset=\"https:\/\/noticiaempauta.com\/portal\/wp-content\/uploads\/2024\/05\/large_IMG_7291_35c1eb9b38.jpeg 1000w, https:\/\/noticiaempauta.com\/portal\/wp-content\/uploads\/2024\/05\/large_IMG_7291_35c1eb9b38-300x225.jpeg 300w, https:\/\/noticiaempauta.com\/portal\/wp-content\/uploads\/2024\/05\/large_IMG_7291_35c1eb9b38-768x576.jpeg 768w\" sizes=\"(max-width: 1000px) 100vw, 1000px\" \/><\/figure>\n\n\n\n<p>Atualmente, o Aeroporto Serra da Capivara, localizado em S\u00e3o Raimundo Nonato, oferece voos da Azul, \u00e0s ter\u00e7as, quintas e domingos, com rota entre o munic\u00edpio piauiense e Recife, com escala em Petrolina, Pernambuco. J\u00e1 o Aeroporto de Parna\u00edba, no litoral do estado, tamb\u00e9m oferta voos da Azul, \u00e0s quartas e domingos, com rotas entre Parna\u00edba e as cidades de Belo Horizonte, com escala em Jericoacoara; Fortaleza com escala tamb\u00e9m em Jericoacoara; e S\u00e3o Lu\u00eds com escala em Barreirinhas.<\/p>\n\n\n\n<figure class=\"wp-block-image size-full\"><img loading=\"lazy\" decoding=\"async\" width=\"1000\" height=\"750\" src=\"https:\/\/noticiaempauta.com\/portal\/wp-content\/uploads\/2024\/05\/large_IMG_6760_7780ac6ed4.jpeg\" alt=\"\" class=\"wp-image-258169\" srcset=\"https:\/\/noticiaempauta.com\/portal\/wp-content\/uploads\/2024\/05\/large_IMG_6760_7780ac6ed4.jpeg 1000w, https:\/\/noticiaempauta.com\/portal\/wp-content\/uploads\/2024\/05\/large_IMG_6760_7780ac6ed4-300x225.jpeg 300w, https:\/\/noticiaempauta.com\/portal\/wp-content\/uploads\/2024\/05\/large_IMG_6760_7780ac6ed4-768x576.jpeg 768w\" sizes=\"(max-width: 1000px) 100vw, 1000px\" \/><\/figure>\n\n\n\n<p><strong>Plano de Marketing<\/strong><\/p>\n\n\n\n<p>No escrit\u00f3rio da Investe Piau\u00ed &#8211; S\u00e3o Paulo, o secret\u00e1rio Jos\u00e9 Neto Monteiro ainda se reuniu com as consultoras especializadas e respons\u00e1veis pelo Plano de Marketing Tur\u00edstico Estadual, Gleice Guerra e Marta Poggi. Na oportunidade, conversaram sobre a import\u00e2ncia da implementa\u00e7\u00e3o e execu\u00e7\u00e3o do plano para o desenvolvimento do estado.<\/p>\n\n\n\n<p>O Plano de Marketing Tur\u00edstico do Estado integra as a\u00e7\u00f5es do programa Piau\u00ed, Aqui Tem Turismo, lan\u00e7ado pelo Governo do Estado do Piau\u00ed, por meio da Setur. Ele j\u00e1 foi finalizado e entregue em primeira m\u00e3o para o governador Rafael Fonteles e, em breve, ser\u00e1 lan\u00e7ado oficialmente no Pal\u00e1cio de Karnak.<\/p>\n\n\n\n<p>CCOM\/PI<\/p>\n","protected":false},"excerpt":{"rendered":"<p>Em agenda na cidade de S\u00e3o Paulo, o secret\u00e1rio de Estado do Turismo, Jos\u00e9 Neto Monteiro, cumpre uma s\u00e9rie de reuni\u00f5es com importantes empresas e agentes do setor. Entre elas, as companhias LATAM Airlines, GOL e Azul Linhas A\u00e9reas. Os encontros objetivam firmar parcerias que v\u00e3o fortalecer e potencializar o turismo do estado, por meio [&hellip;]<\/p>\n","protected":false},"author":2,"featured_media":258166,"comment_status":"open","ping_status":"open","sticky":false,"template":"","format":"standard","meta":{"_mi_skip_tracking":false,"footnotes":""},"categories":[25,1,16],"tags":[192],"class_list":["post-258164","post","type-post","status-publish","format-standard","has-post-thumbnail","hentry","category-destaques-site","category-geral","category-todas","tag-destaqueprincipal"],"acf":[],"yoast_head":"<!-- This site is optimized with the Yoast SEO Premium plugin v19.2 (Yoast SEO v26.9) - https:\/\/yoast.com\/product\/yoast-seo-premium-wordpress\/ -->\n<title>Secretaria do Turismo busca parceria com companhias a\u00e9reas para potencializar o setor no estado - Portal Not\u00edcia em Pauta<\/title>\n<meta name=\"robots\" content=\"index, follow, max-snippet:-1, max-image-preview:large, max-video-preview:-1\" \/>\n<link rel=\"canonical\" href=\"https:\/\/noticiaempauta.com\/portal\/secretaria-do-turismo-busca-parceria-com-companhias-aereas-para-potencializar-o-setor-no-estado\/\" \/>\n<meta property=\"og:locale\" content=\"pt_BR\" \/>\n<meta property=\"og:type\" content=\"article\" \/>\n<meta property=\"og:title\" content=\"Secretaria do Turismo busca parceria com companhias a\u00e9reas para potencializar o setor no estado\" \/>\n<meta property=\"og:description\" content=\"Em agenda na cidade de S\u00e3o Paulo, o secret\u00e1rio de Estado do Turismo, Jos\u00e9 Neto Monteiro, cumpre uma s\u00e9rie de reuni\u00f5es com importantes empresas e agentes do setor. Entre elas, as companhias LATAM Airlines, GOL e Azul Linhas A\u00e9reas. Os encontros objetivam firmar parcerias que v\u00e3o fortalecer e potencializar o turismo do estado, por meio [&hellip;]\" \/>\n<meta property=\"og:url\" content=\"https:\/\/noticiaempauta.com\/portal\/secretaria-do-turismo-busca-parceria-com-companhias-aereas-para-potencializar-o-setor-no-estado\/\" \/>\n<meta property=\"og:site_name\" content=\"Portal Not\u00edcia em Pauta\" \/>\n<meta property=\"article:publisher\" content=\"https:\/\/www.facebook.com\/Portal-Notcia-Em-Pauta-102292869264820\/\" \/>\n<meta property=\"article:published_time\" content=\"2024-05-23T12:26:09+00:00\" \/>\n<meta property=\"article:modified_time\" content=\"2024-05-23T12:26:10+00:00\" \/>\n<meta property=\"og:image\" content=\"https:\/\/noticiaempauta.com\/portal\/wp-content\/uploads\/2024\/05\/large_IMG_6929_f12bc3baef.jpeg\" \/>\n\t<meta property=\"og:image:width\" content=\"1000\" \/>\n\t<meta property=\"og:image:height\" content=\"800\" \/>\n\t<meta property=\"og:image:type\" content=\"image\/jpeg\" \/>\n<meta name=\"author\" content=\"Reda\u00e7\u00e3o\" \/>\n<meta name=\"twitter:card\" content=\"summary_large_image\" \/>\n<meta name=\"twitter:label1\" content=\"Escrito por\" \/>\n\t<meta name=\"twitter:data1\" content=\"Reda\u00e7\u00e3o\" \/>\n\t<meta name=\"twitter:label2\" content=\"Est. tempo de leitura\" \/>\n\t<meta name=\"twitter:data2\" content=\"4 minutos\" \/>\n<script type=\"application\/ld+json\" class=\"yoast-schema-graph\">{\"@context\":\"https:\/\/schema.org\",\"@graph\":[{\"@type\":\"Article\",\"@id\":\"https:\/\/noticiaempauta.com\/portal\/secretaria-do-turismo-busca-parceria-com-companhias-aereas-para-potencializar-o-setor-no-estado\/#article\",\"isPartOf\":{\"@id\":\"https:\/\/noticiaempauta.com\/portal\/secretaria-do-turismo-busca-parceria-com-companhias-aereas-para-potencializar-o-setor-no-estado\/\"},\"author\":{\"name\":\"Reda\u00e7\u00e3o\",\"@id\":\"https:\/\/noticiaempauta.com\/portal\/#\/schema\/person\/a74af43dd1ab3deca45f988c717d57ac\"},\"headline\":\"Secretaria do Turismo busca parceria com companhias a\u00e9reas para potencializar o setor no estado\",\"datePublished\":\"2024-05-23T12:26:09+00:00\",\"dateModified\":\"2024-05-23T12:26:10+00:00\",\"mainEntityOfPage\":{\"@id\":\"https:\/\/noticiaempauta.com\/portal\/secretaria-do-turismo-busca-parceria-com-companhias-aereas-para-potencializar-o-setor-no-estado\/\"},\"wordCount\":504,\"commentCount\":0,\"publisher\":{\"@id\":\"https:\/\/noticiaempauta.com\/portal\/#organization\"},\"image\":{\"@id\":\"https:\/\/noticiaempauta.com\/portal\/secretaria-do-turismo-busca-parceria-com-companhias-aereas-para-potencializar-o-setor-no-estado\/#primaryimage\"},\"thumbnailUrl\":\"https:\/\/noticiaempauta.com\/portal\/wp-content\/uploads\/2024\/05\/large_IMG_6929_f12bc3baef.jpeg\",\"keywords\":[\"destaqueprincipal\"],\"articleSection\":[\"Destaques\",\"Geral\",\"Todas as Not\u00edcias\"],\"inLanguage\":\"pt-BR\",\"potentialAction\":[{\"@type\":\"CommentAction\",\"name\":\"Comment\",\"target\":[\"https:\/\/noticiaempauta.com\/portal\/secretaria-do-turismo-busca-parceria-com-companhias-aereas-para-potencializar-o-setor-no-estado\/#respond\"]}]},{\"@type\":\"WebPage\",\"@id\":\"https:\/\/noticiaempauta.com\/portal\/secretaria-do-turismo-busca-parceria-com-companhias-aereas-para-potencializar-o-setor-no-estado\/\",\"url\":\"https:\/\/noticiaempauta.com\/portal\/secretaria-do-turismo-busca-parceria-com-companhias-aereas-para-potencializar-o-setor-no-estado\/\",\"name\":\"Secretaria do Turismo busca parceria com companhias a\u00e9reas para potencializar o setor no estado - Portal Not\u00edcia em Pauta\",\"isPartOf\":{\"@id\":\"https:\/\/noticiaempauta.com\/portal\/#website\"},\"primaryImageOfPage\":{\"@id\":\"https:\/\/noticiaempauta.com\/portal\/secretaria-do-turismo-busca-parceria-com-companhias-aereas-para-potencializar-o-setor-no-estado\/#primaryimage\"},\"image\":{\"@id\":\"https:\/\/noticiaempauta.com\/portal\/secretaria-do-turismo-busca-parceria-com-companhias-aereas-para-potencializar-o-setor-no-estado\/#primaryimage\"},\"thumbnailUrl\":\"https:\/\/noticiaempauta.com\/portal\/wp-content\/uploads\/2024\/05\/large_IMG_6929_f12bc3baef.jpeg\",\"datePublished\":\"2024-05-23T12:26:09+00:00\",\"dateModified\":\"2024-05-23T12:26:10+00:00\",\"breadcrumb\":{\"@id\":\"https:\/\/noticiaempauta.com\/portal\/secretaria-do-turismo-busca-parceria-com-companhias-aereas-para-potencializar-o-setor-no-estado\/#breadcrumb\"},\"inLanguage\":\"pt-BR\",\"potentialAction\":[{\"@type\":\"ReadAction\",\"target\":[\"https:\/\/noticiaempauta.com\/portal\/secretaria-do-turismo-busca-parceria-com-companhias-aereas-para-potencializar-o-setor-no-estado\/\"]}]},{\"@type\":\"ImageObject\",\"inLanguage\":\"pt-BR\",\"@id\":\"https:\/\/noticiaempauta.com\/portal\/secretaria-do-turismo-busca-parceria-com-companhias-aereas-para-potencializar-o-setor-no-estado\/#primaryimage\",\"url\":\"https:\/\/noticiaempauta.com\/portal\/wp-content\/uploads\/2024\/05\/large_IMG_6929_f12bc3baef.jpeg\",\"contentUrl\":\"https:\/\/noticiaempauta.com\/portal\/wp-content\/uploads\/2024\/05\/large_IMG_6929_f12bc3baef.jpeg\",\"width\":1000,\"height\":800},{\"@type\":\"BreadcrumbList\",\"@id\":\"https:\/\/noticiaempauta.com\/portal\/secretaria-do-turismo-busca-parceria-com-companhias-aereas-para-potencializar-o-setor-no-estado\/#breadcrumb\",\"itemListElement\":[{\"@type\":\"ListItem\",\"position\":1,\"name\":\"P\u00e1gina Inicial\",\"item\":\"https:\/\/noticiaempauta.com\/portal\/\"},{\"@type\":\"ListItem\",\"position\":2,\"name\":\"Destaques\",\"item\":\"https:\/\/noticiaempauta.com\/portal\/destaques-site\/\"},{\"@type\":\"ListItem\",\"position\":3,\"name\":\"Secretaria do Turismo busca parceria com companhias a\u00e9reas para potencializar o setor no estado\"}]},{\"@type\":\"WebSite\",\"@id\":\"https:\/\/noticiaempauta.com\/portal\/#website\",\"url\":\"https:\/\/noticiaempauta.com\/portal\/\",\"name\":\"Portal Not\u00edcia em Pauta\",\"description\":\"Voc\u00ea bem informado\",\"publisher\":{\"@id\":\"https:\/\/noticiaempauta.com\/portal\/#organization\"},\"potentialAction\":[{\"@type\":\"SearchAction\",\"target\":{\"@type\":\"EntryPoint\",\"urlTemplate\":\"https:\/\/noticiaempauta.com\/portal\/?s={search_term_string}\"},\"query-input\":{\"@type\":\"PropertyValueSpecification\",\"valueRequired\":true,\"valueName\":\"search_term_string\"}}],\"inLanguage\":\"pt-BR\"},{\"@type\":\"Organization\",\"@id\":\"https:\/\/noticiaempauta.com\/portal\/#organization\",\"name\":\"Portal Not\u00edcia em Pauta\",\"url\":\"https:\/\/noticiaempauta.com\/portal\/\",\"logo\":{\"@type\":\"ImageObject\",\"inLanguage\":\"pt-BR\",\"@id\":\"https:\/\/noticiaempauta.com\/portal\/#\/schema\/logo\/image\/\",\"url\":\"https:\/\/noticiaempauta.com\/portal\/wp-content\/uploads\/2022\/08\/logomarca_tema.fw_.png\",\"contentUrl\":\"https:\/\/noticiaempauta.com\/portal\/wp-content\/uploads\/2022\/08\/logomarca_tema.fw_.png\",\"width\":400,\"height\":232,\"caption\":\"Portal Not\u00edcia em Pauta\"},\"image\":{\"@id\":\"https:\/\/noticiaempauta.com\/portal\/#\/schema\/logo\/image\/\"},\"sameAs\":[\"https:\/\/www.facebook.com\/Portal-Notcia-Em-Pauta-102292869264820\/\",\"https:\/\/www.instagram.com\/portalnoticiaempauta\/\"]},{\"@type\":\"Person\",\"@id\":\"https:\/\/noticiaempauta.com\/portal\/#\/schema\/person\/a74af43dd1ab3deca45f988c717d57ac\",\"name\":\"Reda\u00e7\u00e3o\",\"image\":{\"@type\":\"ImageObject\",\"inLanguage\":\"pt-BR\",\"@id\":\"https:\/\/noticiaempauta.com\/portal\/#\/schema\/person\/image\/\",\"url\":\"https:\/\/secure.gravatar.com\/avatar\/03179346ecce6cdfc13361603e8f54242a90e5cde8618fa23c5c00aa2b0aadf3?s=96&d=mm&r=g\",\"contentUrl\":\"https:\/\/secure.gravatar.com\/avatar\/03179346ecce6cdfc13361603e8f54242a90e5cde8618fa23c5c00aa2b0aadf3?s=96&d=mm&r=g\",\"caption\":\"Reda\u00e7\u00e3o\"},\"sameAs\":[\"https:\/\/noticiaempauta.com\/portal\/\"],\"url\":\"https:\/\/noticiaempauta.com\/portal\/author\/fernando\/\"}]}<\/script>\n<!-- \/ Yoast SEO Premium plugin. -->","yoast_head_json":{"title":"Secretaria do Turismo busca parceria com companhias a\u00e9reas para potencializar o setor no estado - Portal Not\u00edcia em Pauta","robots":{"index":"index","follow":"follow","max-snippet":"max-snippet:-1","max-image-preview":"max-image-preview:large","max-video-preview":"max-video-preview:-1"},"canonical":"https:\/\/noticiaempauta.com\/portal\/secretaria-do-turismo-busca-parceria-com-companhias-aereas-para-potencializar-o-setor-no-estado\/","og_locale":"pt_BR","og_type":"article","og_title":"Secretaria do Turismo busca parceria com companhias a\u00e9reas para potencializar o setor no estado","og_description":"Em agenda na cidade de S\u00e3o Paulo, o secret\u00e1rio de Estado do Turismo, Jos\u00e9 Neto Monteiro, cumpre uma s\u00e9rie de reuni\u00f5es com importantes empresas e agentes do setor. Entre elas, as companhias LATAM Airlines, GOL e Azul Linhas A\u00e9reas. Os encontros objetivam firmar parcerias que v\u00e3o fortalecer e potencializar o turismo do estado, por meio [&hellip;]","og_url":"https:\/\/noticiaempauta.com\/portal\/secretaria-do-turismo-busca-parceria-com-companhias-aereas-para-potencializar-o-setor-no-estado\/","og_site_name":"Portal Not\u00edcia em Pauta","article_publisher":"https:\/\/www.facebook.com\/Portal-Notcia-Em-Pauta-102292869264820\/","article_published_time":"2024-05-23T12:26:09+00:00","article_modified_time":"2024-05-23T12:26:10+00:00","og_image":[{"width":1000,"height":800,"url":"https:\/\/noticiaempauta.com\/portal\/wp-content\/uploads\/2024\/05\/large_IMG_6929_f12bc3baef.jpeg","type":"image\/jpeg"}],"author":"Reda\u00e7\u00e3o","twitter_card":"summary_large_image","twitter_misc":{"Escrito por":"Reda\u00e7\u00e3o","Est. tempo de leitura":"4 minutos"},"schema":{"@context":"https:\/\/schema.org","@graph":[{"@type":"Article","@id":"https:\/\/noticiaempauta.com\/portal\/secretaria-do-turismo-busca-parceria-com-companhias-aereas-para-potencializar-o-setor-no-estado\/#article","isPartOf":{"@id":"https:\/\/noticiaempauta.com\/portal\/secretaria-do-turismo-busca-parceria-com-companhias-aereas-para-potencializar-o-setor-no-estado\/"},"author":{"name":"Reda\u00e7\u00e3o","@id":"https:\/\/noticiaempauta.com\/portal\/#\/schema\/person\/a74af43dd1ab3deca45f988c717d57ac"},"headline":"Secretaria do Turismo busca parceria com companhias a\u00e9reas para potencializar o setor no estado","datePublished":"2024-05-23T12:26:09+00:00","dateModified":"2024-05-23T12:26:10+00:00","mainEntityOfPage":{"@id":"https:\/\/noticiaempauta.com\/portal\/secretaria-do-turismo-busca-parceria-com-companhias-aereas-para-potencializar-o-setor-no-estado\/"},"wordCount":504,"commentCount":0,"publisher":{"@id":"https:\/\/noticiaempauta.com\/portal\/#organization"},"image":{"@id":"https:\/\/noticiaempauta.com\/portal\/secretaria-do-turismo-busca-parceria-com-companhias-aereas-para-potencializar-o-setor-no-estado\/#primaryimage"},"thumbnailUrl":"https:\/\/noticiaempauta.com\/portal\/wp-content\/uploads\/2024\/05\/large_IMG_6929_f12bc3baef.jpeg","keywords":["destaqueprincipal"],"articleSection":["Destaques","Geral","Todas as Not\u00edcias"],"inLanguage":"pt-BR","potentialAction":[{"@type":"CommentAction","name":"Comment","target":["https:\/\/noticiaempauta.com\/portal\/secretaria-do-turismo-busca-parceria-com-companhias-aereas-para-potencializar-o-setor-no-estado\/#respond"]}]},{"@type":"WebPage","@id":"https:\/\/noticiaempauta.com\/portal\/secretaria-do-turismo-busca-parceria-com-companhias-aereas-para-potencializar-o-setor-no-estado\/","url":"https:\/\/noticiaempauta.com\/portal\/secretaria-do-turismo-busca-parceria-com-companhias-aereas-para-potencializar-o-setor-no-estado\/","name":"Secretaria do Turismo busca parceria com companhias a\u00e9reas para potencializar o setor no estado - Portal Not\u00edcia em Pauta","isPartOf":{"@id":"https:\/\/noticiaempauta.com\/portal\/#website"},"primaryImageOfPage":{"@id":"https:\/\/noticiaempauta.com\/portal\/secretaria-do-turismo-busca-parceria-com-companhias-aereas-para-potencializar-o-setor-no-estado\/#primaryimage"},"image":{"@id":"https:\/\/noticiaempauta.com\/portal\/secretaria-do-turismo-busca-parceria-com-companhias-aereas-para-potencializar-o-setor-no-estado\/#primaryimage"},"thumbnailUrl":"https:\/\/noticiaempauta.com\/portal\/wp-content\/uploads\/2024\/05\/large_IMG_6929_f12bc3baef.jpeg","datePublished":"2024-05-23T12:26:09+00:00","dateModified":"2024-05-23T12:26:10+00:00","breadcrumb":{"@id":"https:\/\/noticiaempauta.com\/portal\/secretaria-do-turismo-busca-parceria-com-companhias-aereas-para-potencializar-o-setor-no-estado\/#breadcrumb"},"inLanguage":"pt-BR","potentialAction":[{"@type":"ReadAction","target":["https:\/\/noticiaempauta.com\/portal\/secretaria-do-turismo-busca-parceria-com-companhias-aereas-para-potencializar-o-setor-no-estado\/"]}]},{"@type":"ImageObject","inLanguage":"pt-BR","@id":"https:\/\/noticiaempauta.com\/portal\/secretaria-do-turismo-busca-parceria-com-companhias-aereas-para-potencializar-o-setor-no-estado\/#primaryimage","url":"https:\/\/noticiaempauta.com\/portal\/wp-content\/uploads\/2024\/05\/large_IMG_6929_f12bc3baef.jpeg","contentUrl":"https:\/\/noticiaempauta.com\/portal\/wp-content\/uploads\/2024\/05\/large_IMG_6929_f12bc3baef.jpeg","width":1000,"height":800},{"@type":"BreadcrumbList","@id":"https:\/\/noticiaempauta.com\/portal\/secretaria-do-turismo-busca-parceria-com-companhias-aereas-para-potencializar-o-setor-no-estado\/#breadcrumb","itemListElement":[{"@type":"ListItem","position":1,"name":"P\u00e1gina Inicial","item":"https:\/\/noticiaempauta.com\/portal\/"},{"@type":"ListItem","position":2,"name":"Destaques","item":"https:\/\/noticiaempauta.com\/portal\/destaques-site\/"},{"@type":"ListItem","position":3,"name":"Secretaria do Turismo busca parceria com companhias a\u00e9reas para potencializar o setor no estado"}]},{"@type":"WebSite","@id":"https:\/\/noticiaempauta.com\/portal\/#website","url":"https:\/\/noticiaempauta.com\/portal\/","name":"Portal Not\u00edcia em Pauta","description":"Voc\u00ea bem informado","publisher":{"@id":"https:\/\/noticiaempauta.com\/portal\/#organization"},"potentialAction":[{"@type":"SearchAction","target":{"@type":"EntryPoint","urlTemplate":"https:\/\/noticiaempauta.com\/portal\/?s={search_term_string}"},"query-input":{"@type":"PropertyValueSpecification","valueRequired":true,"valueName":"search_term_string"}}],"inLanguage":"pt-BR"},{"@type":"Organization","@id":"https:\/\/noticiaempauta.com\/portal\/#organization","name":"Portal Not\u00edcia em Pauta","url":"https:\/\/noticiaempauta.com\/portal\/","logo":{"@type":"ImageObject","inLanguage":"pt-BR","@id":"https:\/\/noticiaempauta.com\/portal\/#\/schema\/logo\/image\/","url":"https:\/\/noticiaempauta.com\/portal\/wp-content\/uploads\/2022\/08\/logomarca_tema.fw_.png","contentUrl":"https:\/\/noticiaempauta.com\/portal\/wp-content\/uploads\/2022\/08\/logomarca_tema.fw_.png","width":400,"height":232,"caption":"Portal Not\u00edcia em Pauta"},"image":{"@id":"https:\/\/noticiaempauta.com\/portal\/#\/schema\/logo\/image\/"},"sameAs":["https:\/\/www.facebook.com\/Portal-Notcia-Em-Pauta-102292869264820\/","https:\/\/www.instagram.com\/portalnoticiaempauta\/"]},{"@type":"Person","@id":"https:\/\/noticiaempauta.com\/portal\/#\/schema\/person\/a74af43dd1ab3deca45f988c717d57ac","name":"Reda\u00e7\u00e3o","image":{"@type":"ImageObject","inLanguage":"pt-BR","@id":"https:\/\/noticiaempauta.com\/portal\/#\/schema\/person\/image\/","url":"https:\/\/secure.gravatar.com\/avatar\/03179346ecce6cdfc13361603e8f54242a90e5cde8618fa23c5c00aa2b0aadf3?s=96&d=mm&r=g","contentUrl":"https:\/\/secure.gravatar.com\/avatar\/03179346ecce6cdfc13361603e8f54242a90e5cde8618fa23c5c00aa2b0aadf3?s=96&d=mm&r=g","caption":"Reda\u00e7\u00e3o"},"sameAs":["https:\/\/noticiaempauta.com\/portal\/"],"url":"https:\/\/noticiaempauta.com\/portal\/author\/fernando\/"}]}},"_links":{"self":[{"href":"https:\/\/noticiaempauta.com\/portal\/wp-json\/wp\/v2\/posts\/258164","targetHints":{"allow":["GET"]}}],"collection":[{"href":"https:\/\/noticiaempauta.com\/portal\/wp-json\/wp\/v2\/posts"}],"about":[{"href":"https:\/\/noticiaempauta.com\/portal\/wp-json\/wp\/v2\/types\/post"}],"author":[{"embeddable":true,"href":"https:\/\/noticiaempauta.com\/portal\/wp-json\/wp\/v2\/users\/2"}],"replies":[{"embeddable":true,"href":"https:\/\/noticiaempauta.com\/portal\/wp-json\/wp\/v2\/comments?post=258164"}],"version-history":[{"count":2,"href":"https:\/\/noticiaempauta.com\/portal\/wp-json\/wp\/v2\/posts\/258164\/revisions"}],"predecessor-version":[{"id":258171,"href":"https:\/\/noticiaempauta.com\/portal\/wp-json\/wp\/v2\/posts\/258164\/revisions\/258171"}],"wp:featuredmedia":[{"embeddable":true,"href":"https:\/\/noticiaempauta.com\/portal\/wp-json\/wp\/v2\/media\/258166"}],"wp:attachment":[{"href":"https:\/\/noticiaempauta.com\/portal\/wp-json\/wp\/v2\/media?parent=258164"}],"wp:term":[{"taxonomy":"category","embeddable":true,"href":"https:\/\/noticiaempauta.com\/portal\/wp-json\/wp\/v2\/categories?post=258164"},{"taxonomy":"post_tag","embeddable":true,"href":"https:\/\/noticiaempauta.com\/portal\/wp-json\/wp\/v2\/tags?post=258164"}],"curies":[{"name":"wp","href":"https:\/\/api.w.org\/{rel}","templated":true}]}}