{"id":258172,"date":"2024-05-23T09:30:01","date_gmt":"2024-05-23T12:30:01","guid":{"rendered":"https:\/\/noticiaempauta.com\/portal\/?p=258172"},"modified":"2024-05-23T09:30:04","modified_gmt":"2024-05-23T12:30:04","slug":"enem-dos-concursos-e-remarcado-para-o-2o-semestre-de-2024-veja-nova-data","status":"publish","type":"post","link":"https:\/\/noticiaempauta.com\/portal\/enem-dos-concursos-e-remarcado-para-o-2o-semestre-de-2024-veja-nova-data\/","title":{"rendered":"&#8216;Enem dos concursos&#8217; \u00e9 remarcado para o 2\u00ba semestre de 2024; veja nova data"},"content":{"rendered":"\n<p>O Minist\u00e9rio da Gest\u00e3o anunciou, nesta quinta-feira (23), a nova data para o Concurso P\u00fablico Nacional Unificado (CNPU), conhecido como o &#8216;Enem dos concursos&#8217;. As avalia\u00e7\u00f5es ser\u00e3o realizadas no dia 18 de agosto, abrangendo 228 cidades em todo o Brasil. A mudan\u00e7a ocorre ap\u00f3s o adiamento inicial devido \u00e0s fortes chuvas no Rio Grande do Sul, que obrigaram a retirada e armazenamento seguro dos 18.757 malotes de provas.<\/p>\n\n\n\n<figure class=\"wp-block-image size-full\"><img fetchpriority=\"high\" decoding=\"async\" width=\"960\" height=\"640\" src=\"https:\/\/noticiaempauta.com\/portal\/wp-content\/uploads\/2024\/05\/enem-dos-concursos-e-remarcado-para-o-2-semestre-de-2024-veja-nova-data-bcc21bef-2725-429d-be20-6a92276247e6.jpg.webp\" alt=\"\" class=\"wp-image-258174\" srcset=\"https:\/\/noticiaempauta.com\/portal\/wp-content\/uploads\/2024\/05\/enem-dos-concursos-e-remarcado-para-o-2-semestre-de-2024-veja-nova-data-bcc21bef-2725-429d-be20-6a92276247e6.jpg.webp 960w, https:\/\/noticiaempauta.com\/portal\/wp-content\/uploads\/2024\/05\/enem-dos-concursos-e-remarcado-para-o-2-semestre-de-2024-veja-nova-data-bcc21bef-2725-429d-be20-6a92276247e6.jpg-300x200.webp 300w, https:\/\/noticiaempauta.com\/portal\/wp-content\/uploads\/2024\/05\/enem-dos-concursos-e-remarcado-para-o-2-semestre-de-2024-veja-nova-data-bcc21bef-2725-429d-be20-6a92276247e6.jpg-768x512.webp 768w\" sizes=\"(max-width: 960px) 100vw, 960px\" \/><\/figure>\n\n\n\n<h2 class=\"wp-block-heading\" id=\"h-local-das-provas\">LOCAL DAS PROVAS<\/h2>\n\n\n\n<p>Mais de 2,1 milh\u00f5es de candidatos se inscreveram para o &#8216;Enem dos concursos&#8217;, disputando 6.640 vagas em 21 \u00f3rg\u00e3os do governo federal. O Minist\u00e9rio da Gest\u00e3o informou que um novo cronograma completo ser\u00e1 divulgado em breve. <strong>A confirma\u00e7\u00e3o dos locais de prova ser\u00e1 feita atrav\u00e9s de novos cart\u00f5es de inscri\u00e7\u00e3o, dispon\u00edveis a partir de 7 de agosto na \u00c1rea do Candidato, no site do GOV.BR.<\/strong><\/p>\n\n\n\n<p><strong>Confira os hor\u00e1rios de realiza\u00e7\u00e3o das provas do &#8216;Enem dos concurso<\/strong><\/p>\n\n\n\n<p><strong>Cronograma segue o fuso hor\u00e1rio de Bras\u00edlia (DF)<\/strong><\/p>\n\n\n\n<figure class=\"wp-block-table\"><table><thead><tr><th><strong>Hor\u00e1rio<\/strong><\/th><th><strong>Turno Matutino<\/strong><\/th><th><strong>Turno Vespertino<\/strong><\/th><\/tr><\/thead><tbody><tr><td><strong>Abertura dos port\u00f5es<\/strong><\/td><td>7h30<\/td><td>13h<\/td><\/tr><tr><td><strong>Fechamento dos port\u00f5es<\/strong><\/td><td>8h30<\/td><td>14h<\/td><\/tr><tr><td><strong>In\u00edcio da aplica\u00e7\u00e3o<\/strong><\/td><td>9h<\/td><td>14h30<\/td><\/tr><tr><td><strong>Dura\u00e7\u00e3o da prova<\/strong><\/td><td>2h30<\/td><td>3h30<\/td><\/tr><\/tbody><\/table><\/figure>\n\n\n\n<p>Fonte: Minist\u00e9rio da Gest\u00e3o e da Inova\u00e7\u00e3o em Servi\u00e7os P\u00fablicos<\/p>\n\n\n\n<h2 class=\"wp-block-heading\" id=\"h-motivo-do-adiamento\">MOTIVO DO ADIAMENTO<\/h2>\n\n\n\n<p>Inicialmente, as provas estavam programadas para o dia 5 de maio, mas a situa\u00e7\u00e3o clim\u00e1tica adversa no Rio Grande do Sul for\u00e7ou o adiamento. O minist\u00e9rio assegurou que todos os malotes foram recolhidos e armazenados sem qualquer viola\u00e7\u00e3o. Agora, a prioridade \u00e9 confirmar os locais de prova previamente definidos e dialogar com autoridades locais para garantir acessibilidade, especialmente no Rio Grande do Sul.<\/p>\n\n\n\n<h2 class=\"wp-block-heading\" id=\"h-provas-em-dois-turnos\">PROVAS EM DOIS TURNOS<\/h2>\n\n\n\n<p>O Minist\u00e9rio da Gest\u00e3o tamb\u00e9m destacou que os candidatos dever\u00e3o verificar seus novos cart\u00f5es de prova para confirmar os locais de realiza\u00e7\u00e3o dos exames. As provas acontecer\u00e3o em dois turnos, com hor\u00e1rios definidos conforme o cronograma de Bras\u00edlia. As inscri\u00e7\u00f5es e detalhes adicionais podem ser acessados no site oficial do minist\u00e9rio, e d\u00favidas podem ser enviadas para o canal de atendimento oficial.<\/p>\n\n\n\n<p><strong><em>Fonte: Meio News<\/em><\/strong><\/p>\n","protected":false},"excerpt":{"rendered":"<p>A mudan\u00e7a ocorre ap\u00f3s o adiamento inicial devido \u00e0s fortes chuvas no RS, que obrigaram a retirada e armazenamento seguro dos 18.757 malotes de provas.<\/p>\n","protected":false},"author":2,"featured_media":258174,"comment_status":"open","ping_status":"open","sticky":false,"template":"","format":"standard","meta":{"_mi_skip_tracking":false,"footnotes":""},"categories":[25,1,16],"tags":[192],"class_list":["post-258172","post","type-post","status-publish","format-standard","has-post-thumbnail","hentry","category-destaques-site","category-geral","category-todas","tag-destaqueprincipal"],"acf":[],"yoast_head":"<!-- This site is optimized with the Yoast SEO Premium plugin v19.2 (Yoast SEO v26.9) - https:\/\/yoast.com\/product\/yoast-seo-premium-wordpress\/ -->\n<title>&#039;Enem dos concursos&#039; \u00e9 remarcado para o 2\u00ba semestre de 2024; veja nova data - Portal Not\u00edcia em Pauta<\/title>\n<meta name=\"robots\" content=\"index, follow, max-snippet:-1, max-image-preview:large, max-video-preview:-1\" \/>\n<link rel=\"canonical\" href=\"https:\/\/noticiaempauta.com\/portal\/enem-dos-concursos-e-remarcado-para-o-2o-semestre-de-2024-veja-nova-data\/\" \/>\n<meta property=\"og:locale\" content=\"pt_BR\" \/>\n<meta property=\"og:type\" content=\"article\" \/>\n<meta property=\"og:title\" content=\"&#039;Enem dos concursos&#039; \u00e9 remarcado para o 2\u00ba semestre de 2024; veja nova data\" \/>\n<meta property=\"og:description\" content=\"A mudan\u00e7a ocorre ap\u00f3s o adiamento inicial devido \u00e0s fortes chuvas no RS, que obrigaram a retirada e armazenamento seguro dos 18.757 malotes de provas.\" \/>\n<meta property=\"og:url\" content=\"https:\/\/noticiaempauta.com\/portal\/enem-dos-concursos-e-remarcado-para-o-2o-semestre-de-2024-veja-nova-data\/\" \/>\n<meta property=\"og:site_name\" content=\"Portal Not\u00edcia em Pauta\" \/>\n<meta property=\"article:publisher\" content=\"https:\/\/www.facebook.com\/Portal-Notcia-Em-Pauta-102292869264820\/\" \/>\n<meta property=\"article:published_time\" content=\"2024-05-23T12:30:01+00:00\" \/>\n<meta property=\"article:modified_time\" content=\"2024-05-23T12:30:04+00:00\" \/>\n<meta property=\"og:image\" content=\"https:\/\/noticiaempauta.com\/portal\/wp-content\/uploads\/2024\/05\/enem-dos-concursos-e-remarcado-para-o-2-semestre-de-2024-veja-nova-data-bcc21bef-2725-429d-be20-6a92276247e6.jpg.webp\" \/>\n\t<meta property=\"og:image:width\" content=\"960\" \/>\n\t<meta property=\"og:image:height\" content=\"640\" \/>\n\t<meta property=\"og:image:type\" content=\"image\/webp\" \/>\n<meta name=\"author\" content=\"Reda\u00e7\u00e3o\" \/>\n<meta name=\"twitter:card\" content=\"summary_large_image\" \/>\n<meta name=\"twitter:label1\" content=\"Escrito por\" \/>\n\t<meta name=\"twitter:data1\" content=\"Reda\u00e7\u00e3o\" \/>\n\t<meta name=\"twitter:label2\" content=\"Est. tempo de leitura\" \/>\n\t<meta name=\"twitter:data2\" content=\"3 minutos\" \/>\n<script type=\"application\/ld+json\" class=\"yoast-schema-graph\">{\"@context\":\"https:\/\/schema.org\",\"@graph\":[{\"@type\":\"Article\",\"@id\":\"https:\/\/noticiaempauta.com\/portal\/enem-dos-concursos-e-remarcado-para-o-2o-semestre-de-2024-veja-nova-data\/#article\",\"isPartOf\":{\"@id\":\"https:\/\/noticiaempauta.com\/portal\/enem-dos-concursos-e-remarcado-para-o-2o-semestre-de-2024-veja-nova-data\/\"},\"author\":{\"name\":\"Reda\u00e7\u00e3o\",\"@id\":\"https:\/\/noticiaempauta.com\/portal\/#\/schema\/person\/a74af43dd1ab3deca45f988c717d57ac\"},\"headline\":\"&#8216;Enem dos concursos&#8217; \u00e9 remarcado para o 2\u00ba semestre de 2024; veja nova data\",\"datePublished\":\"2024-05-23T12:30:01+00:00\",\"dateModified\":\"2024-05-23T12:30:04+00:00\",\"mainEntityOfPage\":{\"@id\":\"https:\/\/noticiaempauta.com\/portal\/enem-dos-concursos-e-remarcado-para-o-2o-semestre-de-2024-veja-nova-data\/\"},\"wordCount\":375,\"commentCount\":0,\"publisher\":{\"@id\":\"https:\/\/noticiaempauta.com\/portal\/#organization\"},\"image\":{\"@id\":\"https:\/\/noticiaempauta.com\/portal\/enem-dos-concursos-e-remarcado-para-o-2o-semestre-de-2024-veja-nova-data\/#primaryimage\"},\"thumbnailUrl\":\"https:\/\/noticiaempauta.com\/portal\/wp-content\/uploads\/2024\/05\/enem-dos-concursos-e-remarcado-para-o-2-semestre-de-2024-veja-nova-data-bcc21bef-2725-429d-be20-6a92276247e6.jpg.webp\",\"keywords\":[\"destaqueprincipal\"],\"articleSection\":[\"Destaques\",\"Geral\",\"Todas as Not\u00edcias\"],\"inLanguage\":\"pt-BR\",\"potentialAction\":[{\"@type\":\"CommentAction\",\"name\":\"Comment\",\"target\":[\"https:\/\/noticiaempauta.com\/portal\/enem-dos-concursos-e-remarcado-para-o-2o-semestre-de-2024-veja-nova-data\/#respond\"]}]},{\"@type\":\"WebPage\",\"@id\":\"https:\/\/noticiaempauta.com\/portal\/enem-dos-concursos-e-remarcado-para-o-2o-semestre-de-2024-veja-nova-data\/\",\"url\":\"https:\/\/noticiaempauta.com\/portal\/enem-dos-concursos-e-remarcado-para-o-2o-semestre-de-2024-veja-nova-data\/\",\"name\":\"'Enem dos concursos' \u00e9 remarcado para o 2\u00ba semestre de 2024; veja nova data - Portal Not\u00edcia em Pauta\",\"isPartOf\":{\"@id\":\"https:\/\/noticiaempauta.com\/portal\/#website\"},\"primaryImageOfPage\":{\"@id\":\"https:\/\/noticiaempauta.com\/portal\/enem-dos-concursos-e-remarcado-para-o-2o-semestre-de-2024-veja-nova-data\/#primaryimage\"},\"image\":{\"@id\":\"https:\/\/noticiaempauta.com\/portal\/enem-dos-concursos-e-remarcado-para-o-2o-semestre-de-2024-veja-nova-data\/#primaryimage\"},\"thumbnailUrl\":\"https:\/\/noticiaempauta.com\/portal\/wp-content\/uploads\/2024\/05\/enem-dos-concursos-e-remarcado-para-o-2-semestre-de-2024-veja-nova-data-bcc21bef-2725-429d-be20-6a92276247e6.jpg.webp\",\"datePublished\":\"2024-05-23T12:30:01+00:00\",\"dateModified\":\"2024-05-23T12:30:04+00:00\",\"breadcrumb\":{\"@id\":\"https:\/\/noticiaempauta.com\/portal\/enem-dos-concursos-e-remarcado-para-o-2o-semestre-de-2024-veja-nova-data\/#breadcrumb\"},\"inLanguage\":\"pt-BR\",\"potentialAction\":[{\"@type\":\"ReadAction\",\"target\":[\"https:\/\/noticiaempauta.com\/portal\/enem-dos-concursos-e-remarcado-para-o-2o-semestre-de-2024-veja-nova-data\/\"]}]},{\"@type\":\"ImageObject\",\"inLanguage\":\"pt-BR\",\"@id\":\"https:\/\/noticiaempauta.com\/portal\/enem-dos-concursos-e-remarcado-para-o-2o-semestre-de-2024-veja-nova-data\/#primaryimage\",\"url\":\"https:\/\/noticiaempauta.com\/portal\/wp-content\/uploads\/2024\/05\/enem-dos-concursos-e-remarcado-para-o-2-semestre-de-2024-veja-nova-data-bcc21bef-2725-429d-be20-6a92276247e6.jpg.webp\",\"contentUrl\":\"https:\/\/noticiaempauta.com\/portal\/wp-content\/uploads\/2024\/05\/enem-dos-concursos-e-remarcado-para-o-2-semestre-de-2024-veja-nova-data-bcc21bef-2725-429d-be20-6a92276247e6.jpg.webp\",\"width\":960,\"height\":640},{\"@type\":\"BreadcrumbList\",\"@id\":\"https:\/\/noticiaempauta.com\/portal\/enem-dos-concursos-e-remarcado-para-o-2o-semestre-de-2024-veja-nova-data\/#breadcrumb\",\"itemListElement\":[{\"@type\":\"ListItem\",\"position\":1,\"name\":\"P\u00e1gina Inicial\",\"item\":\"https:\/\/noticiaempauta.com\/portal\/\"},{\"@type\":\"ListItem\",\"position\":2,\"name\":\"Destaques\",\"item\":\"https:\/\/noticiaempauta.com\/portal\/destaques-site\/\"},{\"@type\":\"ListItem\",\"position\":3,\"name\":\"&#8216;Enem dos concursos&#8217; \u00e9 remarcado para o 2\u00ba semestre de 2024; veja nova data\"}]},{\"@type\":\"WebSite\",\"@id\":\"https:\/\/noticiaempauta.com\/portal\/#website\",\"url\":\"https:\/\/noticiaempauta.com\/portal\/\",\"name\":\"Portal Not\u00edcia em Pauta\",\"description\":\"Voc\u00ea bem informado\",\"publisher\":{\"@id\":\"https:\/\/noticiaempauta.com\/portal\/#organization\"},\"potentialAction\":[{\"@type\":\"SearchAction\",\"target\":{\"@type\":\"EntryPoint\",\"urlTemplate\":\"https:\/\/noticiaempauta.com\/portal\/?s={search_term_string}\"},\"query-input\":{\"@type\":\"PropertyValueSpecification\",\"valueRequired\":true,\"valueName\":\"search_term_string\"}}],\"inLanguage\":\"pt-BR\"},{\"@type\":\"Organization\",\"@id\":\"https:\/\/noticiaempauta.com\/portal\/#organization\",\"name\":\"Portal Not\u00edcia em Pauta\",\"url\":\"https:\/\/noticiaempauta.com\/portal\/\",\"logo\":{\"@type\":\"ImageObject\",\"inLanguage\":\"pt-BR\",\"@id\":\"https:\/\/noticiaempauta.com\/portal\/#\/schema\/logo\/image\/\",\"url\":\"https:\/\/noticiaempauta.com\/portal\/wp-content\/uploads\/2022\/08\/logomarca_tema.fw_.png\",\"contentUrl\":\"https:\/\/noticiaempauta.com\/portal\/wp-content\/uploads\/2022\/08\/logomarca_tema.fw_.png\",\"width\":400,\"height\":232,\"caption\":\"Portal Not\u00edcia em Pauta\"},\"image\":{\"@id\":\"https:\/\/noticiaempauta.com\/portal\/#\/schema\/logo\/image\/\"},\"sameAs\":[\"https:\/\/www.facebook.com\/Portal-Notcia-Em-Pauta-102292869264820\/\",\"https:\/\/www.instagram.com\/portalnoticiaempauta\/\"]},{\"@type\":\"Person\",\"@id\":\"https:\/\/noticiaempauta.com\/portal\/#\/schema\/person\/a74af43dd1ab3deca45f988c717d57ac\",\"name\":\"Reda\u00e7\u00e3o\",\"image\":{\"@type\":\"ImageObject\",\"inLanguage\":\"pt-BR\",\"@id\":\"https:\/\/noticiaempauta.com\/portal\/#\/schema\/person\/image\/\",\"url\":\"https:\/\/secure.gravatar.com\/avatar\/03179346ecce6cdfc13361603e8f54242a90e5cde8618fa23c5c00aa2b0aadf3?s=96&d=mm&r=g\",\"contentUrl\":\"https:\/\/secure.gravatar.com\/avatar\/03179346ecce6cdfc13361603e8f54242a90e5cde8618fa23c5c00aa2b0aadf3?s=96&d=mm&r=g\",\"caption\":\"Reda\u00e7\u00e3o\"},\"sameAs\":[\"https:\/\/noticiaempauta.com\/portal\/\"],\"url\":\"https:\/\/noticiaempauta.com\/portal\/author\/fernando\/\"}]}<\/script>\n<!-- \/ Yoast SEO Premium plugin. -->","yoast_head_json":{"title":"'Enem dos concursos' \u00e9 remarcado para o 2\u00ba semestre de 2024; veja nova data - Portal Not\u00edcia em Pauta","robots":{"index":"index","follow":"follow","max-snippet":"max-snippet:-1","max-image-preview":"max-image-preview:large","max-video-preview":"max-video-preview:-1"},"canonical":"https:\/\/noticiaempauta.com\/portal\/enem-dos-concursos-e-remarcado-para-o-2o-semestre-de-2024-veja-nova-data\/","og_locale":"pt_BR","og_type":"article","og_title":"'Enem dos concursos' \u00e9 remarcado para o 2\u00ba semestre de 2024; veja nova data","og_description":"A mudan\u00e7a ocorre ap\u00f3s o adiamento inicial devido \u00e0s fortes chuvas no RS, que obrigaram a retirada e armazenamento seguro dos 18.757 malotes de provas.","og_url":"https:\/\/noticiaempauta.com\/portal\/enem-dos-concursos-e-remarcado-para-o-2o-semestre-de-2024-veja-nova-data\/","og_site_name":"Portal Not\u00edcia em Pauta","article_publisher":"https:\/\/www.facebook.com\/Portal-Notcia-Em-Pauta-102292869264820\/","article_published_time":"2024-05-23T12:30:01+00:00","article_modified_time":"2024-05-23T12:30:04+00:00","og_image":[{"width":960,"height":640,"url":"https:\/\/noticiaempauta.com\/portal\/wp-content\/uploads\/2024\/05\/enem-dos-concursos-e-remarcado-para-o-2-semestre-de-2024-veja-nova-data-bcc21bef-2725-429d-be20-6a92276247e6.jpg.webp","type":"image\/webp"}],"author":"Reda\u00e7\u00e3o","twitter_card":"summary_large_image","twitter_misc":{"Escrito por":"Reda\u00e7\u00e3o","Est. tempo de leitura":"3 minutos"},"schema":{"@context":"https:\/\/schema.org","@graph":[{"@type":"Article","@id":"https:\/\/noticiaempauta.com\/portal\/enem-dos-concursos-e-remarcado-para-o-2o-semestre-de-2024-veja-nova-data\/#article","isPartOf":{"@id":"https:\/\/noticiaempauta.com\/portal\/enem-dos-concursos-e-remarcado-para-o-2o-semestre-de-2024-veja-nova-data\/"},"author":{"name":"Reda\u00e7\u00e3o","@id":"https:\/\/noticiaempauta.com\/portal\/#\/schema\/person\/a74af43dd1ab3deca45f988c717d57ac"},"headline":"&#8216;Enem dos concursos&#8217; \u00e9 remarcado para o 2\u00ba semestre de 2024; veja nova data","datePublished":"2024-05-23T12:30:01+00:00","dateModified":"2024-05-23T12:30:04+00:00","mainEntityOfPage":{"@id":"https:\/\/noticiaempauta.com\/portal\/enem-dos-concursos-e-remarcado-para-o-2o-semestre-de-2024-veja-nova-data\/"},"wordCount":375,"commentCount":0,"publisher":{"@id":"https:\/\/noticiaempauta.com\/portal\/#organization"},"image":{"@id":"https:\/\/noticiaempauta.com\/portal\/enem-dos-concursos-e-remarcado-para-o-2o-semestre-de-2024-veja-nova-data\/#primaryimage"},"thumbnailUrl":"https:\/\/noticiaempauta.com\/portal\/wp-content\/uploads\/2024\/05\/enem-dos-concursos-e-remarcado-para-o-2-semestre-de-2024-veja-nova-data-bcc21bef-2725-429d-be20-6a92276247e6.jpg.webp","keywords":["destaqueprincipal"],"articleSection":["Destaques","Geral","Todas as Not\u00edcias"],"inLanguage":"pt-BR","potentialAction":[{"@type":"CommentAction","name":"Comment","target":["https:\/\/noticiaempauta.com\/portal\/enem-dos-concursos-e-remarcado-para-o-2o-semestre-de-2024-veja-nova-data\/#respond"]}]},{"@type":"WebPage","@id":"https:\/\/noticiaempauta.com\/portal\/enem-dos-concursos-e-remarcado-para-o-2o-semestre-de-2024-veja-nova-data\/","url":"https:\/\/noticiaempauta.com\/portal\/enem-dos-concursos-e-remarcado-para-o-2o-semestre-de-2024-veja-nova-data\/","name":"'Enem dos concursos' \u00e9 remarcado para o 2\u00ba semestre de 2024; veja nova data - Portal Not\u00edcia em Pauta","isPartOf":{"@id":"https:\/\/noticiaempauta.com\/portal\/#website"},"primaryImageOfPage":{"@id":"https:\/\/noticiaempauta.com\/portal\/enem-dos-concursos-e-remarcado-para-o-2o-semestre-de-2024-veja-nova-data\/#primaryimage"},"image":{"@id":"https:\/\/noticiaempauta.com\/portal\/enem-dos-concursos-e-remarcado-para-o-2o-semestre-de-2024-veja-nova-data\/#primaryimage"},"thumbnailUrl":"https:\/\/noticiaempauta.com\/portal\/wp-content\/uploads\/2024\/05\/enem-dos-concursos-e-remarcado-para-o-2-semestre-de-2024-veja-nova-data-bcc21bef-2725-429d-be20-6a92276247e6.jpg.webp","datePublished":"2024-05-23T12:30:01+00:00","dateModified":"2024-05-23T12:30:04+00:00","breadcrumb":{"@id":"https:\/\/noticiaempauta.com\/portal\/enem-dos-concursos-e-remarcado-para-o-2o-semestre-de-2024-veja-nova-data\/#breadcrumb"},"inLanguage":"pt-BR","potentialAction":[{"@type":"ReadAction","target":["https:\/\/noticiaempauta.com\/portal\/enem-dos-concursos-e-remarcado-para-o-2o-semestre-de-2024-veja-nova-data\/"]}]},{"@type":"ImageObject","inLanguage":"pt-BR","@id":"https:\/\/noticiaempauta.com\/portal\/enem-dos-concursos-e-remarcado-para-o-2o-semestre-de-2024-veja-nova-data\/#primaryimage","url":"https:\/\/noticiaempauta.com\/portal\/wp-content\/uploads\/2024\/05\/enem-dos-concursos-e-remarcado-para-o-2-semestre-de-2024-veja-nova-data-bcc21bef-2725-429d-be20-6a92276247e6.jpg.webp","contentUrl":"https:\/\/noticiaempauta.com\/portal\/wp-content\/uploads\/2024\/05\/enem-dos-concursos-e-remarcado-para-o-2-semestre-de-2024-veja-nova-data-bcc21bef-2725-429d-be20-6a92276247e6.jpg.webp","width":960,"height":640},{"@type":"BreadcrumbList","@id":"https:\/\/noticiaempauta.com\/portal\/enem-dos-concursos-e-remarcado-para-o-2o-semestre-de-2024-veja-nova-data\/#breadcrumb","itemListElement":[{"@type":"ListItem","position":1,"name":"P\u00e1gina Inicial","item":"https:\/\/noticiaempauta.com\/portal\/"},{"@type":"ListItem","position":2,"name":"Destaques","item":"https:\/\/noticiaempauta.com\/portal\/destaques-site\/"},{"@type":"ListItem","position":3,"name":"&#8216;Enem dos concursos&#8217; \u00e9 remarcado para o 2\u00ba semestre de 2024; veja nova data"}]},{"@type":"WebSite","@id":"https:\/\/noticiaempauta.com\/portal\/#website","url":"https:\/\/noticiaempauta.com\/portal\/","name":"Portal Not\u00edcia em Pauta","description":"Voc\u00ea bem informado","publisher":{"@id":"https:\/\/noticiaempauta.com\/portal\/#organization"},"potentialAction":[{"@type":"SearchAction","target":{"@type":"EntryPoint","urlTemplate":"https:\/\/noticiaempauta.com\/portal\/?s={search_term_string}"},"query-input":{"@type":"PropertyValueSpecification","valueRequired":true,"valueName":"search_term_string"}}],"inLanguage":"pt-BR"},{"@type":"Organization","@id":"https:\/\/noticiaempauta.com\/portal\/#organization","name":"Portal Not\u00edcia em Pauta","url":"https:\/\/noticiaempauta.com\/portal\/","logo":{"@type":"ImageObject","inLanguage":"pt-BR","@id":"https:\/\/noticiaempauta.com\/portal\/#\/schema\/logo\/image\/","url":"https:\/\/noticiaempauta.com\/portal\/wp-content\/uploads\/2022\/08\/logomarca_tema.fw_.png","contentUrl":"https:\/\/noticiaempauta.com\/portal\/wp-content\/uploads\/2022\/08\/logomarca_tema.fw_.png","width":400,"height":232,"caption":"Portal Not\u00edcia em Pauta"},"image":{"@id":"https:\/\/noticiaempauta.com\/portal\/#\/schema\/logo\/image\/"},"sameAs":["https:\/\/www.facebook.com\/Portal-Notcia-Em-Pauta-102292869264820\/","https:\/\/www.instagram.com\/portalnoticiaempauta\/"]},{"@type":"Person","@id":"https:\/\/noticiaempauta.com\/portal\/#\/schema\/person\/a74af43dd1ab3deca45f988c717d57ac","name":"Reda\u00e7\u00e3o","image":{"@type":"ImageObject","inLanguage":"pt-BR","@id":"https:\/\/noticiaempauta.com\/portal\/#\/schema\/person\/image\/","url":"https:\/\/secure.gravatar.com\/avatar\/03179346ecce6cdfc13361603e8f54242a90e5cde8618fa23c5c00aa2b0aadf3?s=96&d=mm&r=g","contentUrl":"https:\/\/secure.gravatar.com\/avatar\/03179346ecce6cdfc13361603e8f54242a90e5cde8618fa23c5c00aa2b0aadf3?s=96&d=mm&r=g","caption":"Reda\u00e7\u00e3o"},"sameAs":["https:\/\/noticiaempauta.com\/portal\/"],"url":"https:\/\/noticiaempauta.com\/portal\/author\/fernando\/"}]}},"_links":{"self":[{"href":"https:\/\/noticiaempauta.com\/portal\/wp-json\/wp\/v2\/posts\/258172","targetHints":{"allow":["GET"]}}],"collection":[{"href":"https:\/\/noticiaempauta.com\/portal\/wp-json\/wp\/v2\/posts"}],"about":[{"href":"https:\/\/noticiaempauta.com\/portal\/wp-json\/wp\/v2\/types\/post"}],"author":[{"embeddable":true,"href":"https:\/\/noticiaempauta.com\/portal\/wp-json\/wp\/v2\/users\/2"}],"replies":[{"embeddable":true,"href":"https:\/\/noticiaempauta.com\/portal\/wp-json\/wp\/v2\/comments?post=258172"}],"version-history":[{"count":2,"href":"https:\/\/noticiaempauta.com\/portal\/wp-json\/wp\/v2\/posts\/258172\/revisions"}],"predecessor-version":[{"id":258176,"href":"https:\/\/noticiaempauta.com\/portal\/wp-json\/wp\/v2\/posts\/258172\/revisions\/258176"}],"wp:featuredmedia":[{"embeddable":true,"href":"https:\/\/noticiaempauta.com\/portal\/wp-json\/wp\/v2\/media\/258174"}],"wp:attachment":[{"href":"https:\/\/noticiaempauta.com\/portal\/wp-json\/wp\/v2\/media?parent=258172"}],"wp:term":[{"taxonomy":"category","embeddable":true,"href":"https:\/\/noticiaempauta.com\/portal\/wp-json\/wp\/v2\/categories?post=258172"},{"taxonomy":"post_tag","embeddable":true,"href":"https:\/\/noticiaempauta.com\/portal\/wp-json\/wp\/v2\/tags?post=258172"}],"curies":[{"name":"wp","href":"https:\/\/api.w.org\/{rel}","templated":true}]}}