{"id":258190,"date":"2024-05-24T09:59:08","date_gmt":"2024-05-24T12:59:08","guid":{"rendered":"https:\/\/noticiaempauta.com\/portal\/?p=258190"},"modified":"2024-05-24T09:59:09","modified_gmt":"2024-05-24T12:59:09","slug":"governador-participa-do-lancamento-de-agroindustria-que-tera-investimentos-de-r-2-bilhoes-em-urucui-neste-sabado-25","status":"publish","type":"post","link":"https:\/\/noticiaempauta.com\/portal\/governador-participa-do-lancamento-de-agroindustria-que-tera-investimentos-de-r-2-bilhoes-em-urucui-neste-sabado-25\/","title":{"rendered":"Governador participa do lan\u00e7amento de agroind\u00fastria que ter\u00e1 investimentos de R$ 2 bilh\u00f5es em Uru\u00e7u\u00ed neste s\u00e1bado (25)"},"content":{"rendered":"\n<p>O governador Rafael Fonteles e o presidente da Ag\u00eancia de Atra\u00e7\u00e3o de Investimentos do Estado do Piau\u00ed (Investe Piau\u00ed), Victor Hugo Almeida, participam, neste s\u00e1bado (25), em Uru\u00e7u\u00ed, sul do estado, do lan\u00e7amento da pedra fundamental do Complexo Industrial Nutriza Alimentos Nordeste S\/A, do Grupo Tomazini.<\/p>\n\n\n\n<figure class=\"wp-block-image size-large\"><img fetchpriority=\"high\" decoding=\"async\" width=\"1024\" height=\"576\" src=\"https:\/\/noticiaempauta.com\/portal\/wp-content\/uploads\/2024\/05\/3f0644ea_bb12_474d_a72b_a82b3ab21faa_0f4e0f1512-1024x576.jpeg\" alt=\"\" class=\"wp-image-258192\" srcset=\"https:\/\/noticiaempauta.com\/portal\/wp-content\/uploads\/2024\/05\/3f0644ea_bb12_474d_a72b_a82b3ab21faa_0f4e0f1512-1024x576.jpeg 1024w, https:\/\/noticiaempauta.com\/portal\/wp-content\/uploads\/2024\/05\/3f0644ea_bb12_474d_a72b_a82b3ab21faa_0f4e0f1512-300x169.jpeg 300w, https:\/\/noticiaempauta.com\/portal\/wp-content\/uploads\/2024\/05\/3f0644ea_bb12_474d_a72b_a82b3ab21faa_0f4e0f1512-768x432.jpeg 768w, https:\/\/noticiaempauta.com\/portal\/wp-content\/uploads\/2024\/05\/3f0644ea_bb12_474d_a72b_a82b3ab21faa_0f4e0f1512-1536x864.jpeg 1536w, https:\/\/noticiaempauta.com\/portal\/wp-content\/uploads\/2024\/05\/3f0644ea_bb12_474d_a72b_a82b3ab21faa_0f4e0f1512.jpeg 1600w\" sizes=\"(max-width: 1024px) 100vw, 1024px\" \/><\/figure>\n\n\n\n<p>O grupo empresarial atua no Piau\u00ed desde 2009, com destaque na produ\u00e7\u00e3o de soja e milho e agora vai investir em um frigor\u00edfico de aves. O investimento previsto no projeto \u00e9 de R$ 2 bilh\u00f5es e devem ser gerados cerca de 3.000 empregos diretos e mais 10.000 indiretos.<\/p>\n\n\n\n<p>\u201cEsse novo empreendimento do grupo no Piau\u00ed vai gerar muito mais desenvolvimento e melhorar a qualidade de vida do nosso povo. O Estado est\u00e1 ajudando na infraestrutura, principalmente a energ\u00e9tica, para que eles possam come\u00e7ar a constru\u00e7\u00e3o desse empreendimento\u201d, destacou o governador Rafael Fonteles.<\/p>\n\n\n\n<p>Segundo o diretor industrial da Friato Alimentos, Giuliano Tomazini, o novo projeto \u00e9 voltado para a avicultura, isto \u00e9, a cria\u00e7\u00e3o de aves para a produ\u00e7\u00e3o de alimentos. \u201cA nossa previs\u00e3o \u00e9 de que ele seja implantado em duas etapas. A primeira consiste no abate de 150 mil aves por dia. J\u00e1 na segunda, a inten\u00e7\u00e3o \u00e9 dobrar esse n\u00famero e iniciar uma f\u00e1brica de produ\u00e7\u00e3o de salsichas, lingui\u00e7as, mortadela e outros produtos\u201d, explicou o gestor.<\/p>\n\n\n\n<p>Na avalia\u00e7\u00e3o do governador, o empreendimento \u00e9 muito importante para o desenvolvimento do estado. \u201cCom esse frigor\u00edfico, a gente vai proporcionar uma nova fase do agro no Piau\u00ed que \u00e9 a industrializa\u00e7\u00e3o da produ\u00e7\u00e3o. Isso vai gerar mais emprego e mais renda porque o Piau\u00ed tem essa voca\u00e7\u00e3o, tanto na agricultura familiar quanto no agroneg\u00f3cio e agora indo para a agroind\u00fastria\u201d, afirmou Rafael Fonteles.<\/p>\n\n\n\n<p>As tratativas para instala\u00e7\u00e3o desse frigor\u00edfico, em Uru\u00e7u\u00ed, ocorrem desde mar\u00e7o de 2023, quando Rafael Fonteles recebeu Giuliano Tomazini e Jos\u00e9 M\u00e1rio Tomazini, no Pal\u00e1cio de Karnak, para viabilizar o investimento no estado. A Equatorial Piau\u00ed tamb\u00e9m participou das discuss\u00f5es por se tratar de um grande projeto e que demanda alto consumo de energia.<\/p>\n\n\n\n<p>CCOM\/PI<\/p>\n","protected":false},"excerpt":{"rendered":"<p>Novo empreendimento deve gerar 13 mil empregos, tr\u00eas mil diretos e 10 mil indiretos.<\/p>\n","protected":false},"author":2,"featured_media":258192,"comment_status":"open","ping_status":"open","sticky":false,"template":"","format":"standard","meta":{"_mi_skip_tracking":false,"footnotes":""},"categories":[25,6,1,9,16],"tags":[192],"class_list":["post-258190","post","type-post","status-publish","format-standard","has-post-thumbnail","hentry","category-destaques-site","category-economia","category-geral","category-municipios","category-todas","tag-destaqueprincipal"],"acf":[],"yoast_head":"<!-- This site is optimized with the Yoast SEO Premium plugin v19.2 (Yoast SEO v26.9) - https:\/\/yoast.com\/product\/yoast-seo-premium-wordpress\/ -->\n<title>Governador participa do lan\u00e7amento de agroind\u00fastria que ter\u00e1 investimentos de R$ 2 bilh\u00f5es em Uru\u00e7u\u00ed neste s\u00e1bado (25) - Portal Not\u00edcia em Pauta<\/title>\n<meta name=\"robots\" content=\"index, follow, max-snippet:-1, max-image-preview:large, max-video-preview:-1\" \/>\n<link rel=\"canonical\" href=\"https:\/\/noticiaempauta.com\/portal\/governador-participa-do-lancamento-de-agroindustria-que-tera-investimentos-de-r-2-bilhoes-em-urucui-neste-sabado-25\/\" \/>\n<meta property=\"og:locale\" content=\"pt_BR\" \/>\n<meta property=\"og:type\" content=\"article\" \/>\n<meta property=\"og:title\" content=\"Governador participa do lan\u00e7amento de agroind\u00fastria que ter\u00e1 investimentos de R$ 2 bilh\u00f5es em Uru\u00e7u\u00ed neste s\u00e1bado (25)\" \/>\n<meta property=\"og:description\" content=\"Novo empreendimento deve gerar 13 mil empregos, tr\u00eas mil diretos e 10 mil indiretos.\" \/>\n<meta property=\"og:url\" content=\"https:\/\/noticiaempauta.com\/portal\/governador-participa-do-lancamento-de-agroindustria-que-tera-investimentos-de-r-2-bilhoes-em-urucui-neste-sabado-25\/\" \/>\n<meta property=\"og:site_name\" content=\"Portal Not\u00edcia em Pauta\" \/>\n<meta property=\"article:publisher\" content=\"https:\/\/www.facebook.com\/Portal-Notcia-Em-Pauta-102292869264820\/\" \/>\n<meta property=\"article:published_time\" content=\"2024-05-24T12:59:08+00:00\" \/>\n<meta property=\"article:modified_time\" content=\"2024-05-24T12:59:09+00:00\" \/>\n<meta property=\"og:image\" content=\"https:\/\/noticiaempauta.com\/portal\/wp-content\/uploads\/2024\/05\/3f0644ea_bb12_474d_a72b_a82b3ab21faa_0f4e0f1512.jpeg\" \/>\n\t<meta property=\"og:image:width\" content=\"1600\" \/>\n\t<meta property=\"og:image:height\" content=\"900\" \/>\n\t<meta property=\"og:image:type\" content=\"image\/jpeg\" \/>\n<meta name=\"author\" content=\"Reda\u00e7\u00e3o\" \/>\n<meta name=\"twitter:card\" content=\"summary_large_image\" \/>\n<meta name=\"twitter:label1\" content=\"Escrito por\" \/>\n\t<meta name=\"twitter:data1\" content=\"Reda\u00e7\u00e3o\" \/>\n\t<meta name=\"twitter:label2\" content=\"Est. tempo de leitura\" \/>\n\t<meta name=\"twitter:data2\" content=\"3 minutos\" \/>\n<script type=\"application\/ld+json\" class=\"yoast-schema-graph\">{\"@context\":\"https:\/\/schema.org\",\"@graph\":[{\"@type\":\"Article\",\"@id\":\"https:\/\/noticiaempauta.com\/portal\/governador-participa-do-lancamento-de-agroindustria-que-tera-investimentos-de-r-2-bilhoes-em-urucui-neste-sabado-25\/#article\",\"isPartOf\":{\"@id\":\"https:\/\/noticiaempauta.com\/portal\/governador-participa-do-lancamento-de-agroindustria-que-tera-investimentos-de-r-2-bilhoes-em-urucui-neste-sabado-25\/\"},\"author\":{\"name\":\"Reda\u00e7\u00e3o\",\"@id\":\"https:\/\/noticiaempauta.com\/portal\/#\/schema\/person\/a74af43dd1ab3deca45f988c717d57ac\"},\"headline\":\"Governador participa do lan\u00e7amento de agroind\u00fastria que ter\u00e1 investimentos de R$ 2 bilh\u00f5es em Uru\u00e7u\u00ed neste s\u00e1bado (25)\",\"datePublished\":\"2024-05-24T12:59:08+00:00\",\"dateModified\":\"2024-05-24T12:59:09+00:00\",\"mainEntityOfPage\":{\"@id\":\"https:\/\/noticiaempauta.com\/portal\/governador-participa-do-lancamento-de-agroindustria-que-tera-investimentos-de-r-2-bilhoes-em-urucui-neste-sabado-25\/\"},\"wordCount\":376,\"commentCount\":0,\"publisher\":{\"@id\":\"https:\/\/noticiaempauta.com\/portal\/#organization\"},\"image\":{\"@id\":\"https:\/\/noticiaempauta.com\/portal\/governador-participa-do-lancamento-de-agroindustria-que-tera-investimentos-de-r-2-bilhoes-em-urucui-neste-sabado-25\/#primaryimage\"},\"thumbnailUrl\":\"https:\/\/noticiaempauta.com\/portal\/wp-content\/uploads\/2024\/05\/3f0644ea_bb12_474d_a72b_a82b3ab21faa_0f4e0f1512.jpeg\",\"keywords\":[\"destaqueprincipal\"],\"articleSection\":[\"Destaques\",\"Economia\",\"Geral\",\"Munic\u00edpios\",\"Todas as Not\u00edcias\"],\"inLanguage\":\"pt-BR\",\"potentialAction\":[{\"@type\":\"CommentAction\",\"name\":\"Comment\",\"target\":[\"https:\/\/noticiaempauta.com\/portal\/governador-participa-do-lancamento-de-agroindustria-que-tera-investimentos-de-r-2-bilhoes-em-urucui-neste-sabado-25\/#respond\"]}]},{\"@type\":\"WebPage\",\"@id\":\"https:\/\/noticiaempauta.com\/portal\/governador-participa-do-lancamento-de-agroindustria-que-tera-investimentos-de-r-2-bilhoes-em-urucui-neste-sabado-25\/\",\"url\":\"https:\/\/noticiaempauta.com\/portal\/governador-participa-do-lancamento-de-agroindustria-que-tera-investimentos-de-r-2-bilhoes-em-urucui-neste-sabado-25\/\",\"name\":\"Governador participa do lan\u00e7amento de agroind\u00fastria que ter\u00e1 investimentos de R$ 2 bilh\u00f5es em Uru\u00e7u\u00ed neste s\u00e1bado (25) - Portal Not\u00edcia em Pauta\",\"isPartOf\":{\"@id\":\"https:\/\/noticiaempauta.com\/portal\/#website\"},\"primaryImageOfPage\":{\"@id\":\"https:\/\/noticiaempauta.com\/portal\/governador-participa-do-lancamento-de-agroindustria-que-tera-investimentos-de-r-2-bilhoes-em-urucui-neste-sabado-25\/#primaryimage\"},\"image\":{\"@id\":\"https:\/\/noticiaempauta.com\/portal\/governador-participa-do-lancamento-de-agroindustria-que-tera-investimentos-de-r-2-bilhoes-em-urucui-neste-sabado-25\/#primaryimage\"},\"thumbnailUrl\":\"https:\/\/noticiaempauta.com\/portal\/wp-content\/uploads\/2024\/05\/3f0644ea_bb12_474d_a72b_a82b3ab21faa_0f4e0f1512.jpeg\",\"datePublished\":\"2024-05-24T12:59:08+00:00\",\"dateModified\":\"2024-05-24T12:59:09+00:00\",\"breadcrumb\":{\"@id\":\"https:\/\/noticiaempauta.com\/portal\/governador-participa-do-lancamento-de-agroindustria-que-tera-investimentos-de-r-2-bilhoes-em-urucui-neste-sabado-25\/#breadcrumb\"},\"inLanguage\":\"pt-BR\",\"potentialAction\":[{\"@type\":\"ReadAction\",\"target\":[\"https:\/\/noticiaempauta.com\/portal\/governador-participa-do-lancamento-de-agroindustria-que-tera-investimentos-de-r-2-bilhoes-em-urucui-neste-sabado-25\/\"]}]},{\"@type\":\"ImageObject\",\"inLanguage\":\"pt-BR\",\"@id\":\"https:\/\/noticiaempauta.com\/portal\/governador-participa-do-lancamento-de-agroindustria-que-tera-investimentos-de-r-2-bilhoes-em-urucui-neste-sabado-25\/#primaryimage\",\"url\":\"https:\/\/noticiaempauta.com\/portal\/wp-content\/uploads\/2024\/05\/3f0644ea_bb12_474d_a72b_a82b3ab21faa_0f4e0f1512.jpeg\",\"contentUrl\":\"https:\/\/noticiaempauta.com\/portal\/wp-content\/uploads\/2024\/05\/3f0644ea_bb12_474d_a72b_a82b3ab21faa_0f4e0f1512.jpeg\",\"width\":1600,\"height\":900},{\"@type\":\"BreadcrumbList\",\"@id\":\"https:\/\/noticiaempauta.com\/portal\/governador-participa-do-lancamento-de-agroindustria-que-tera-investimentos-de-r-2-bilhoes-em-urucui-neste-sabado-25\/#breadcrumb\",\"itemListElement\":[{\"@type\":\"ListItem\",\"position\":1,\"name\":\"P\u00e1gina Inicial\",\"item\":\"https:\/\/noticiaempauta.com\/portal\/\"},{\"@type\":\"ListItem\",\"position\":2,\"name\":\"Destaques\",\"item\":\"https:\/\/noticiaempauta.com\/portal\/destaques-site\/\"},{\"@type\":\"ListItem\",\"position\":3,\"name\":\"Governador participa do lan\u00e7amento de agroind\u00fastria que ter\u00e1 investimentos de R$ 2 bilh\u00f5es em Uru\u00e7u\u00ed neste s\u00e1bado (25)\"}]},{\"@type\":\"WebSite\",\"@id\":\"https:\/\/noticiaempauta.com\/portal\/#website\",\"url\":\"https:\/\/noticiaempauta.com\/portal\/\",\"name\":\"Portal Not\u00edcia em Pauta\",\"description\":\"Voc\u00ea bem informado\",\"publisher\":{\"@id\":\"https:\/\/noticiaempauta.com\/portal\/#organization\"},\"potentialAction\":[{\"@type\":\"SearchAction\",\"target\":{\"@type\":\"EntryPoint\",\"urlTemplate\":\"https:\/\/noticiaempauta.com\/portal\/?s={search_term_string}\"},\"query-input\":{\"@type\":\"PropertyValueSpecification\",\"valueRequired\":true,\"valueName\":\"search_term_string\"}}],\"inLanguage\":\"pt-BR\"},{\"@type\":\"Organization\",\"@id\":\"https:\/\/noticiaempauta.com\/portal\/#organization\",\"name\":\"Portal Not\u00edcia em Pauta\",\"url\":\"https:\/\/noticiaempauta.com\/portal\/\",\"logo\":{\"@type\":\"ImageObject\",\"inLanguage\":\"pt-BR\",\"@id\":\"https:\/\/noticiaempauta.com\/portal\/#\/schema\/logo\/image\/\",\"url\":\"https:\/\/noticiaempauta.com\/portal\/wp-content\/uploads\/2022\/08\/logomarca_tema.fw_.png\",\"contentUrl\":\"https:\/\/noticiaempauta.com\/portal\/wp-content\/uploads\/2022\/08\/logomarca_tema.fw_.png\",\"width\":400,\"height\":232,\"caption\":\"Portal Not\u00edcia em Pauta\"},\"image\":{\"@id\":\"https:\/\/noticiaempauta.com\/portal\/#\/schema\/logo\/image\/\"},\"sameAs\":[\"https:\/\/www.facebook.com\/Portal-Notcia-Em-Pauta-102292869264820\/\",\"https:\/\/www.instagram.com\/portalnoticiaempauta\/\"]},{\"@type\":\"Person\",\"@id\":\"https:\/\/noticiaempauta.com\/portal\/#\/schema\/person\/a74af43dd1ab3deca45f988c717d57ac\",\"name\":\"Reda\u00e7\u00e3o\",\"image\":{\"@type\":\"ImageObject\",\"inLanguage\":\"pt-BR\",\"@id\":\"https:\/\/noticiaempauta.com\/portal\/#\/schema\/person\/image\/\",\"url\":\"https:\/\/secure.gravatar.com\/avatar\/03179346ecce6cdfc13361603e8f54242a90e5cde8618fa23c5c00aa2b0aadf3?s=96&d=mm&r=g\",\"contentUrl\":\"https:\/\/secure.gravatar.com\/avatar\/03179346ecce6cdfc13361603e8f54242a90e5cde8618fa23c5c00aa2b0aadf3?s=96&d=mm&r=g\",\"caption\":\"Reda\u00e7\u00e3o\"},\"sameAs\":[\"https:\/\/noticiaempauta.com\/portal\/\"],\"url\":\"https:\/\/noticiaempauta.com\/portal\/author\/fernando\/\"}]}<\/script>\n<!-- \/ Yoast SEO Premium plugin. -->","yoast_head_json":{"title":"Governador participa do lan\u00e7amento de agroind\u00fastria que ter\u00e1 investimentos de R$ 2 bilh\u00f5es em Uru\u00e7u\u00ed neste s\u00e1bado (25) - Portal Not\u00edcia em Pauta","robots":{"index":"index","follow":"follow","max-snippet":"max-snippet:-1","max-image-preview":"max-image-preview:large","max-video-preview":"max-video-preview:-1"},"canonical":"https:\/\/noticiaempauta.com\/portal\/governador-participa-do-lancamento-de-agroindustria-que-tera-investimentos-de-r-2-bilhoes-em-urucui-neste-sabado-25\/","og_locale":"pt_BR","og_type":"article","og_title":"Governador participa do lan\u00e7amento de agroind\u00fastria que ter\u00e1 investimentos de R$ 2 bilh\u00f5es em Uru\u00e7u\u00ed neste s\u00e1bado (25)","og_description":"Novo empreendimento deve gerar 13 mil empregos, tr\u00eas mil diretos e 10 mil indiretos.","og_url":"https:\/\/noticiaempauta.com\/portal\/governador-participa-do-lancamento-de-agroindustria-que-tera-investimentos-de-r-2-bilhoes-em-urucui-neste-sabado-25\/","og_site_name":"Portal Not\u00edcia em Pauta","article_publisher":"https:\/\/www.facebook.com\/Portal-Notcia-Em-Pauta-102292869264820\/","article_published_time":"2024-05-24T12:59:08+00:00","article_modified_time":"2024-05-24T12:59:09+00:00","og_image":[{"width":1600,"height":900,"url":"https:\/\/noticiaempauta.com\/portal\/wp-content\/uploads\/2024\/05\/3f0644ea_bb12_474d_a72b_a82b3ab21faa_0f4e0f1512.jpeg","type":"image\/jpeg"}],"author":"Reda\u00e7\u00e3o","twitter_card":"summary_large_image","twitter_misc":{"Escrito por":"Reda\u00e7\u00e3o","Est. tempo de leitura":"3 minutos"},"schema":{"@context":"https:\/\/schema.org","@graph":[{"@type":"Article","@id":"https:\/\/noticiaempauta.com\/portal\/governador-participa-do-lancamento-de-agroindustria-que-tera-investimentos-de-r-2-bilhoes-em-urucui-neste-sabado-25\/#article","isPartOf":{"@id":"https:\/\/noticiaempauta.com\/portal\/governador-participa-do-lancamento-de-agroindustria-que-tera-investimentos-de-r-2-bilhoes-em-urucui-neste-sabado-25\/"},"author":{"name":"Reda\u00e7\u00e3o","@id":"https:\/\/noticiaempauta.com\/portal\/#\/schema\/person\/a74af43dd1ab3deca45f988c717d57ac"},"headline":"Governador participa do lan\u00e7amento de agroind\u00fastria que ter\u00e1 investimentos de R$ 2 bilh\u00f5es em Uru\u00e7u\u00ed neste s\u00e1bado (25)","datePublished":"2024-05-24T12:59:08+00:00","dateModified":"2024-05-24T12:59:09+00:00","mainEntityOfPage":{"@id":"https:\/\/noticiaempauta.com\/portal\/governador-participa-do-lancamento-de-agroindustria-que-tera-investimentos-de-r-2-bilhoes-em-urucui-neste-sabado-25\/"},"wordCount":376,"commentCount":0,"publisher":{"@id":"https:\/\/noticiaempauta.com\/portal\/#organization"},"image":{"@id":"https:\/\/noticiaempauta.com\/portal\/governador-participa-do-lancamento-de-agroindustria-que-tera-investimentos-de-r-2-bilhoes-em-urucui-neste-sabado-25\/#primaryimage"},"thumbnailUrl":"https:\/\/noticiaempauta.com\/portal\/wp-content\/uploads\/2024\/05\/3f0644ea_bb12_474d_a72b_a82b3ab21faa_0f4e0f1512.jpeg","keywords":["destaqueprincipal"],"articleSection":["Destaques","Economia","Geral","Munic\u00edpios","Todas as Not\u00edcias"],"inLanguage":"pt-BR","potentialAction":[{"@type":"CommentAction","name":"Comment","target":["https:\/\/noticiaempauta.com\/portal\/governador-participa-do-lancamento-de-agroindustria-que-tera-investimentos-de-r-2-bilhoes-em-urucui-neste-sabado-25\/#respond"]}]},{"@type":"WebPage","@id":"https:\/\/noticiaempauta.com\/portal\/governador-participa-do-lancamento-de-agroindustria-que-tera-investimentos-de-r-2-bilhoes-em-urucui-neste-sabado-25\/","url":"https:\/\/noticiaempauta.com\/portal\/governador-participa-do-lancamento-de-agroindustria-que-tera-investimentos-de-r-2-bilhoes-em-urucui-neste-sabado-25\/","name":"Governador participa do lan\u00e7amento de agroind\u00fastria que ter\u00e1 investimentos de R$ 2 bilh\u00f5es em Uru\u00e7u\u00ed neste s\u00e1bado (25) - Portal Not\u00edcia em Pauta","isPartOf":{"@id":"https:\/\/noticiaempauta.com\/portal\/#website"},"primaryImageOfPage":{"@id":"https:\/\/noticiaempauta.com\/portal\/governador-participa-do-lancamento-de-agroindustria-que-tera-investimentos-de-r-2-bilhoes-em-urucui-neste-sabado-25\/#primaryimage"},"image":{"@id":"https:\/\/noticiaempauta.com\/portal\/governador-participa-do-lancamento-de-agroindustria-que-tera-investimentos-de-r-2-bilhoes-em-urucui-neste-sabado-25\/#primaryimage"},"thumbnailUrl":"https:\/\/noticiaempauta.com\/portal\/wp-content\/uploads\/2024\/05\/3f0644ea_bb12_474d_a72b_a82b3ab21faa_0f4e0f1512.jpeg","datePublished":"2024-05-24T12:59:08+00:00","dateModified":"2024-05-24T12:59:09+00:00","breadcrumb":{"@id":"https:\/\/noticiaempauta.com\/portal\/governador-participa-do-lancamento-de-agroindustria-que-tera-investimentos-de-r-2-bilhoes-em-urucui-neste-sabado-25\/#breadcrumb"},"inLanguage":"pt-BR","potentialAction":[{"@type":"ReadAction","target":["https:\/\/noticiaempauta.com\/portal\/governador-participa-do-lancamento-de-agroindustria-que-tera-investimentos-de-r-2-bilhoes-em-urucui-neste-sabado-25\/"]}]},{"@type":"ImageObject","inLanguage":"pt-BR","@id":"https:\/\/noticiaempauta.com\/portal\/governador-participa-do-lancamento-de-agroindustria-que-tera-investimentos-de-r-2-bilhoes-em-urucui-neste-sabado-25\/#primaryimage","url":"https:\/\/noticiaempauta.com\/portal\/wp-content\/uploads\/2024\/05\/3f0644ea_bb12_474d_a72b_a82b3ab21faa_0f4e0f1512.jpeg","contentUrl":"https:\/\/noticiaempauta.com\/portal\/wp-content\/uploads\/2024\/05\/3f0644ea_bb12_474d_a72b_a82b3ab21faa_0f4e0f1512.jpeg","width":1600,"height":900},{"@type":"BreadcrumbList","@id":"https:\/\/noticiaempauta.com\/portal\/governador-participa-do-lancamento-de-agroindustria-que-tera-investimentos-de-r-2-bilhoes-em-urucui-neste-sabado-25\/#breadcrumb","itemListElement":[{"@type":"ListItem","position":1,"name":"P\u00e1gina Inicial","item":"https:\/\/noticiaempauta.com\/portal\/"},{"@type":"ListItem","position":2,"name":"Destaques","item":"https:\/\/noticiaempauta.com\/portal\/destaques-site\/"},{"@type":"ListItem","position":3,"name":"Governador participa do lan\u00e7amento de agroind\u00fastria que ter\u00e1 investimentos de R$ 2 bilh\u00f5es em Uru\u00e7u\u00ed neste s\u00e1bado (25)"}]},{"@type":"WebSite","@id":"https:\/\/noticiaempauta.com\/portal\/#website","url":"https:\/\/noticiaempauta.com\/portal\/","name":"Portal Not\u00edcia em Pauta","description":"Voc\u00ea bem informado","publisher":{"@id":"https:\/\/noticiaempauta.com\/portal\/#organization"},"potentialAction":[{"@type":"SearchAction","target":{"@type":"EntryPoint","urlTemplate":"https:\/\/noticiaempauta.com\/portal\/?s={search_term_string}"},"query-input":{"@type":"PropertyValueSpecification","valueRequired":true,"valueName":"search_term_string"}}],"inLanguage":"pt-BR"},{"@type":"Organization","@id":"https:\/\/noticiaempauta.com\/portal\/#organization","name":"Portal Not\u00edcia em Pauta","url":"https:\/\/noticiaempauta.com\/portal\/","logo":{"@type":"ImageObject","inLanguage":"pt-BR","@id":"https:\/\/noticiaempauta.com\/portal\/#\/schema\/logo\/image\/","url":"https:\/\/noticiaempauta.com\/portal\/wp-content\/uploads\/2022\/08\/logomarca_tema.fw_.png","contentUrl":"https:\/\/noticiaempauta.com\/portal\/wp-content\/uploads\/2022\/08\/logomarca_tema.fw_.png","width":400,"height":232,"caption":"Portal Not\u00edcia em Pauta"},"image":{"@id":"https:\/\/noticiaempauta.com\/portal\/#\/schema\/logo\/image\/"},"sameAs":["https:\/\/www.facebook.com\/Portal-Notcia-Em-Pauta-102292869264820\/","https:\/\/www.instagram.com\/portalnoticiaempauta\/"]},{"@type":"Person","@id":"https:\/\/noticiaempauta.com\/portal\/#\/schema\/person\/a74af43dd1ab3deca45f988c717d57ac","name":"Reda\u00e7\u00e3o","image":{"@type":"ImageObject","inLanguage":"pt-BR","@id":"https:\/\/noticiaempauta.com\/portal\/#\/schema\/person\/image\/","url":"https:\/\/secure.gravatar.com\/avatar\/03179346ecce6cdfc13361603e8f54242a90e5cde8618fa23c5c00aa2b0aadf3?s=96&d=mm&r=g","contentUrl":"https:\/\/secure.gravatar.com\/avatar\/03179346ecce6cdfc13361603e8f54242a90e5cde8618fa23c5c00aa2b0aadf3?s=96&d=mm&r=g","caption":"Reda\u00e7\u00e3o"},"sameAs":["https:\/\/noticiaempauta.com\/portal\/"],"url":"https:\/\/noticiaempauta.com\/portal\/author\/fernando\/"}]}},"_links":{"self":[{"href":"https:\/\/noticiaempauta.com\/portal\/wp-json\/wp\/v2\/posts\/258190","targetHints":{"allow":["GET"]}}],"collection":[{"href":"https:\/\/noticiaempauta.com\/portal\/wp-json\/wp\/v2\/posts"}],"about":[{"href":"https:\/\/noticiaempauta.com\/portal\/wp-json\/wp\/v2\/types\/post"}],"author":[{"embeddable":true,"href":"https:\/\/noticiaempauta.com\/portal\/wp-json\/wp\/v2\/users\/2"}],"replies":[{"embeddable":true,"href":"https:\/\/noticiaempauta.com\/portal\/wp-json\/wp\/v2\/comments?post=258190"}],"version-history":[{"count":2,"href":"https:\/\/noticiaempauta.com\/portal\/wp-json\/wp\/v2\/posts\/258190\/revisions"}],"predecessor-version":[{"id":258194,"href":"https:\/\/noticiaempauta.com\/portal\/wp-json\/wp\/v2\/posts\/258190\/revisions\/258194"}],"wp:featuredmedia":[{"embeddable":true,"href":"https:\/\/noticiaempauta.com\/portal\/wp-json\/wp\/v2\/media\/258192"}],"wp:attachment":[{"href":"https:\/\/noticiaempauta.com\/portal\/wp-json\/wp\/v2\/media?parent=258190"}],"wp:term":[{"taxonomy":"category","embeddable":true,"href":"https:\/\/noticiaempauta.com\/portal\/wp-json\/wp\/v2\/categories?post=258190"},{"taxonomy":"post_tag","embeddable":true,"href":"https:\/\/noticiaempauta.com\/portal\/wp-json\/wp\/v2\/tags?post=258190"}],"curies":[{"name":"wp","href":"https:\/\/api.w.org\/{rel}","templated":true}]}}