{"id":258195,"date":"2024-05-24T10:45:28","date_gmt":"2024-05-24T13:45:28","guid":{"rendered":"https:\/\/noticiaempauta.com\/portal\/?p=258195"},"modified":"2024-05-24T10:47:38","modified_gmt":"2024-05-24T13:47:38","slug":"eriberto-barros-solicita-retomada-do-servico-de-castracao-gratuita-dos-animais-de-rua-em-picos","status":"publish","type":"post","link":"https:\/\/noticiaempauta.com\/portal\/eriberto-barros-solicita-retomada-do-servico-de-castracao-gratuita-dos-animais-de-rua-em-picos\/","title":{"rendered":"Eriberto Barros solicita retomada do servi\u00e7o de castra\u00e7\u00e3o gratuita dos animais de rua em Picos"},"content":{"rendered":"\n<p>Durante a sess\u00e3o ordin\u00e1ria dessa quinta-feira, 23 de maio, o presidente da C\u00e2mara Municipal de Picos, Eriberto Barros (PSD), pediu a retomada do servi\u00e7o de castra\u00e7\u00e3o gratuita dos animais de rua no munic\u00edpio. O parlamentar fez o pedido durante seu pronunciamento na tribuna, destacando que ano passado acompanhou o in\u00edcio dos trabalhos de recolhimento e castra\u00e7\u00e3o dos animais no centro de zoonoses de Picos, entretanto lamentou pela interrup\u00e7\u00e3o dos servi\u00e7os.<\/p>\n\n\n\n<figure class=\"wp-block-image size-large\"><img fetchpriority=\"high\" decoding=\"async\" width=\"1024\" height=\"778\" src=\"https:\/\/noticiaempauta.com\/portal\/wp-content\/uploads\/2024\/05\/eriberto-1024x778.jpeg\" alt=\"\" class=\"wp-image-258198\" srcset=\"https:\/\/noticiaempauta.com\/portal\/wp-content\/uploads\/2024\/05\/eriberto-1024x778.jpeg 1024w, https:\/\/noticiaempauta.com\/portal\/wp-content\/uploads\/2024\/05\/eriberto-300x228.jpeg 300w, https:\/\/noticiaempauta.com\/portal\/wp-content\/uploads\/2024\/05\/eriberto-768x584.jpeg 768w, https:\/\/noticiaempauta.com\/portal\/wp-content\/uploads\/2024\/05\/eriberto.jpeg 1170w\" sizes=\"(max-width: 1024px) 100vw, 1024px\" \/><\/figure>\n\n\n\n<p>Eriberto cobrou urg\u00eancia na retomada do servi\u00e7o, uma vez que a cidade tem registrado um aumento no n\u00famero de animais nas ruas.<\/p>\n\n\n\n<p><strong>Projetos e Requerimentos<\/strong><\/p>\n\n\n\n<p>Apresentou requerimento a Prefeitura de Picos, atrav\u00e9s de suas respectivas secretarias, para que seja feita a coloca\u00e7\u00e3o de redutores de velocidade na Av. Frei Dami\u00e3o e seja feita pavimenta\u00e7\u00e3o da Rua que fica ao lado da J. R. A\u00e7os, ambas localizadas no bairro Belo Norte, nesta Cidade de Picos. <\/p>\n\n\n\n<p>Em outro requerimento o parlamentar solicitou o envio de votos de profundo pesar aos familiares enlutados do Sr. Jos\u00e9 de Carvalho Martins, conhecido em vida por Zezito, que residia na Rua<br>Santa Rita no bairro Canto da V\u00e1rzea, falecido aos 82 anos de idade.<\/p>\n\n\n\n<p>Projeto Decreto Legislativo do Ver. Eriberto Barros, concedendo a Medalha do M\u00e9rito Legislativo \u201cGilson Nunes\u201d ao Dr. Gilberto de Alencar Nunes.<\/p>\n\n\n\n<p>Projeto Decreto Legislativo do Ver. Eriberto Barros, concedendo o t\u00edtulo de cidad\u00e3 picoense a professora e Gerente Regional da 9\u00aa GRE, Ramira Maria Santos Torres Nascimento.<\/p>\n\n\n\n<p>Projeto de Lei do Ver. Eriberto Barros, fica o Chefe do Poder Executivo Municipal autorizado a revogar a Lei Municipal n\u00ba. 3.281\/23 de 04 de dezembro de 2023 que denomina de Rua Francisco Ara\u00fajo Moura, a antiga rua \u201cC\u201d, localizada no bairro Ipueiras, nesta cidade de Picos \u2013 Piau\u00ed. A revoga\u00e7\u00e3o de que trata a citada Lei, deu-se por duplicidade de nome na mesma rua, permanecendo em vigor a Lei anterior de n\u00ba 2.317\/2009 de 27 de abril de 2009, com o nome de Rua Raimundo Ev\u00eancio.<\/p>\n\n\n\n<p><strong>Assista a sess\u00e3o completa<\/strong><\/p>\n\n\n\n<figure class=\"wp-block-embed is-type-video is-provider-youtube wp-block-embed-youtube wp-embed-aspect-16-9 wp-has-aspect-ratio\"><div class=\"wp-block-embed__wrapper\">\n<iframe title=\"23.05.2024 | Sess\u00e3o Ordin\u00e1ria da C\u00e2mara Municipal de Picos | 4\u00ba Ano - 19\u00aa Legislatura\" width=\"800\" height=\"450\" src=\"https:\/\/www.youtube.com\/embed\/drRwrW8CSsg?feature=oembed\" frameborder=\"0\" allow=\"accelerometer; autoplay; clipboard-write; encrypted-media; gyroscope; picture-in-picture; web-share\" referrerpolicy=\"strict-origin-when-cross-origin\" allowfullscreen><\/iframe>\n<\/div><\/figure>\n","protected":false},"excerpt":{"rendered":"<p>Durante a sess\u00e3o ordin\u00e1ria dessa quinta-feira, 23 de maio, o presidente da C\u00e2mara Municipal de Picos, Eriberto Barros (PSD), pediu a retomada do servi\u00e7o de castra\u00e7\u00e3o gratuita dos animais de rua no munic\u00edpio. O parlamentar fez o pedido durante seu pronunciamento na tribuna, destacando que ano passado acompanhou o in\u00edcio dos trabalhos de recolhimento e [&hellip;]<\/p>\n","protected":false},"author":2,"featured_media":258198,"comment_status":"open","ping_status":"open","sticky":false,"template":"","format":"standard","meta":{"_mi_skip_tracking":false,"footnotes":""},"categories":[25,1,16],"tags":[192],"class_list":["post-258195","post","type-post","status-publish","format-standard","has-post-thumbnail","hentry","category-destaques-site","category-geral","category-todas","tag-destaqueprincipal"],"acf":[],"yoast_head":"<!-- This site is optimized with the Yoast SEO Premium plugin v19.2 (Yoast SEO v26.9) - https:\/\/yoast.com\/product\/yoast-seo-premium-wordpress\/ -->\n<title>Eriberto Barros solicita retomada do servi\u00e7o de castra\u00e7\u00e3o gratuita dos animais de rua em Picos - Portal Not\u00edcia em Pauta<\/title>\n<meta name=\"robots\" content=\"index, follow, max-snippet:-1, max-image-preview:large, max-video-preview:-1\" \/>\n<link rel=\"canonical\" href=\"https:\/\/noticiaempauta.com\/portal\/eriberto-barros-solicita-retomada-do-servico-de-castracao-gratuita-dos-animais-de-rua-em-picos\/\" \/>\n<meta property=\"og:locale\" content=\"pt_BR\" \/>\n<meta property=\"og:type\" content=\"article\" \/>\n<meta property=\"og:title\" content=\"Eriberto Barros solicita retomada do servi\u00e7o de castra\u00e7\u00e3o gratuita dos animais de rua em Picos\" \/>\n<meta property=\"og:description\" content=\"Durante a sess\u00e3o ordin\u00e1ria dessa quinta-feira, 23 de maio, o presidente da C\u00e2mara Municipal de Picos, Eriberto Barros (PSD), pediu a retomada do servi\u00e7o de castra\u00e7\u00e3o gratuita dos animais de rua no munic\u00edpio. O parlamentar fez o pedido durante seu pronunciamento na tribuna, destacando que ano passado acompanhou o in\u00edcio dos trabalhos de recolhimento e [&hellip;]\" \/>\n<meta property=\"og:url\" content=\"https:\/\/noticiaempauta.com\/portal\/eriberto-barros-solicita-retomada-do-servico-de-castracao-gratuita-dos-animais-de-rua-em-picos\/\" \/>\n<meta property=\"og:site_name\" content=\"Portal Not\u00edcia em Pauta\" \/>\n<meta property=\"article:publisher\" content=\"https:\/\/www.facebook.com\/Portal-Notcia-Em-Pauta-102292869264820\/\" \/>\n<meta property=\"article:published_time\" content=\"2024-05-24T13:45:28+00:00\" \/>\n<meta property=\"article:modified_time\" content=\"2024-05-24T13:47:38+00:00\" \/>\n<meta property=\"og:image\" content=\"https:\/\/noticiaempauta.com\/portal\/wp-content\/uploads\/2024\/05\/eriberto.jpeg\" \/>\n\t<meta property=\"og:image:width\" content=\"1170\" \/>\n\t<meta property=\"og:image:height\" content=\"889\" \/>\n\t<meta property=\"og:image:type\" content=\"image\/jpeg\" \/>\n<meta name=\"author\" content=\"Reda\u00e7\u00e3o\" \/>\n<meta name=\"twitter:card\" content=\"summary_large_image\" \/>\n<meta name=\"twitter:label1\" content=\"Escrito por\" \/>\n\t<meta name=\"twitter:data1\" content=\"Reda\u00e7\u00e3o\" \/>\n\t<meta name=\"twitter:label2\" content=\"Est. tempo de leitura\" \/>\n\t<meta name=\"twitter:data2\" content=\"3 minutos\" \/>\n<script type=\"application\/ld+json\" class=\"yoast-schema-graph\">{\"@context\":\"https:\/\/schema.org\",\"@graph\":[{\"@type\":\"Article\",\"@id\":\"https:\/\/noticiaempauta.com\/portal\/eriberto-barros-solicita-retomada-do-servico-de-castracao-gratuita-dos-animais-de-rua-em-picos\/#article\",\"isPartOf\":{\"@id\":\"https:\/\/noticiaempauta.com\/portal\/eriberto-barros-solicita-retomada-do-servico-de-castracao-gratuita-dos-animais-de-rua-em-picos\/\"},\"author\":{\"name\":\"Reda\u00e7\u00e3o\",\"@id\":\"https:\/\/noticiaempauta.com\/portal\/#\/schema\/person\/a74af43dd1ab3deca45f988c717d57ac\"},\"headline\":\"Eriberto Barros solicita retomada do servi\u00e7o de castra\u00e7\u00e3o gratuita dos animais de rua em Picos\",\"datePublished\":\"2024-05-24T13:45:28+00:00\",\"dateModified\":\"2024-05-24T13:47:38+00:00\",\"mainEntityOfPage\":{\"@id\":\"https:\/\/noticiaempauta.com\/portal\/eriberto-barros-solicita-retomada-do-servico-de-castracao-gratuita-dos-animais-de-rua-em-picos\/\"},\"wordCount\":365,\"commentCount\":0,\"publisher\":{\"@id\":\"https:\/\/noticiaempauta.com\/portal\/#organization\"},\"image\":{\"@id\":\"https:\/\/noticiaempauta.com\/portal\/eriberto-barros-solicita-retomada-do-servico-de-castracao-gratuita-dos-animais-de-rua-em-picos\/#primaryimage\"},\"thumbnailUrl\":\"https:\/\/noticiaempauta.com\/portal\/wp-content\/uploads\/2024\/05\/eriberto.jpeg\",\"keywords\":[\"destaqueprincipal\"],\"articleSection\":[\"Destaques\",\"Geral\",\"Todas as Not\u00edcias\"],\"inLanguage\":\"pt-BR\",\"potentialAction\":[{\"@type\":\"CommentAction\",\"name\":\"Comment\",\"target\":[\"https:\/\/noticiaempauta.com\/portal\/eriberto-barros-solicita-retomada-do-servico-de-castracao-gratuita-dos-animais-de-rua-em-picos\/#respond\"]}]},{\"@type\":\"WebPage\",\"@id\":\"https:\/\/noticiaempauta.com\/portal\/eriberto-barros-solicita-retomada-do-servico-de-castracao-gratuita-dos-animais-de-rua-em-picos\/\",\"url\":\"https:\/\/noticiaempauta.com\/portal\/eriberto-barros-solicita-retomada-do-servico-de-castracao-gratuita-dos-animais-de-rua-em-picos\/\",\"name\":\"Eriberto Barros solicita retomada do servi\u00e7o de castra\u00e7\u00e3o gratuita dos animais de rua em Picos - Portal Not\u00edcia em Pauta\",\"isPartOf\":{\"@id\":\"https:\/\/noticiaempauta.com\/portal\/#website\"},\"primaryImageOfPage\":{\"@id\":\"https:\/\/noticiaempauta.com\/portal\/eriberto-barros-solicita-retomada-do-servico-de-castracao-gratuita-dos-animais-de-rua-em-picos\/#primaryimage\"},\"image\":{\"@id\":\"https:\/\/noticiaempauta.com\/portal\/eriberto-barros-solicita-retomada-do-servico-de-castracao-gratuita-dos-animais-de-rua-em-picos\/#primaryimage\"},\"thumbnailUrl\":\"https:\/\/noticiaempauta.com\/portal\/wp-content\/uploads\/2024\/05\/eriberto.jpeg\",\"datePublished\":\"2024-05-24T13:45:28+00:00\",\"dateModified\":\"2024-05-24T13:47:38+00:00\",\"breadcrumb\":{\"@id\":\"https:\/\/noticiaempauta.com\/portal\/eriberto-barros-solicita-retomada-do-servico-de-castracao-gratuita-dos-animais-de-rua-em-picos\/#breadcrumb\"},\"inLanguage\":\"pt-BR\",\"potentialAction\":[{\"@type\":\"ReadAction\",\"target\":[\"https:\/\/noticiaempauta.com\/portal\/eriberto-barros-solicita-retomada-do-servico-de-castracao-gratuita-dos-animais-de-rua-em-picos\/\"]}]},{\"@type\":\"ImageObject\",\"inLanguage\":\"pt-BR\",\"@id\":\"https:\/\/noticiaempauta.com\/portal\/eriberto-barros-solicita-retomada-do-servico-de-castracao-gratuita-dos-animais-de-rua-em-picos\/#primaryimage\",\"url\":\"https:\/\/noticiaempauta.com\/portal\/wp-content\/uploads\/2024\/05\/eriberto.jpeg\",\"contentUrl\":\"https:\/\/noticiaempauta.com\/portal\/wp-content\/uploads\/2024\/05\/eriberto.jpeg\",\"width\":1170,\"height\":889},{\"@type\":\"BreadcrumbList\",\"@id\":\"https:\/\/noticiaempauta.com\/portal\/eriberto-barros-solicita-retomada-do-servico-de-castracao-gratuita-dos-animais-de-rua-em-picos\/#breadcrumb\",\"itemListElement\":[{\"@type\":\"ListItem\",\"position\":1,\"name\":\"P\u00e1gina Inicial\",\"item\":\"https:\/\/noticiaempauta.com\/portal\/\"},{\"@type\":\"ListItem\",\"position\":2,\"name\":\"Destaques\",\"item\":\"https:\/\/noticiaempauta.com\/portal\/destaques-site\/\"},{\"@type\":\"ListItem\",\"position\":3,\"name\":\"Eriberto Barros solicita retomada do servi\u00e7o de castra\u00e7\u00e3o gratuita dos animais de rua em Picos\"}]},{\"@type\":\"WebSite\",\"@id\":\"https:\/\/noticiaempauta.com\/portal\/#website\",\"url\":\"https:\/\/noticiaempauta.com\/portal\/\",\"name\":\"Portal Not\u00edcia em Pauta\",\"description\":\"Voc\u00ea bem informado\",\"publisher\":{\"@id\":\"https:\/\/noticiaempauta.com\/portal\/#organization\"},\"potentialAction\":[{\"@type\":\"SearchAction\",\"target\":{\"@type\":\"EntryPoint\",\"urlTemplate\":\"https:\/\/noticiaempauta.com\/portal\/?s={search_term_string}\"},\"query-input\":{\"@type\":\"PropertyValueSpecification\",\"valueRequired\":true,\"valueName\":\"search_term_string\"}}],\"inLanguage\":\"pt-BR\"},{\"@type\":\"Organization\",\"@id\":\"https:\/\/noticiaempauta.com\/portal\/#organization\",\"name\":\"Portal Not\u00edcia em Pauta\",\"url\":\"https:\/\/noticiaempauta.com\/portal\/\",\"logo\":{\"@type\":\"ImageObject\",\"inLanguage\":\"pt-BR\",\"@id\":\"https:\/\/noticiaempauta.com\/portal\/#\/schema\/logo\/image\/\",\"url\":\"https:\/\/noticiaempauta.com\/portal\/wp-content\/uploads\/2022\/08\/logomarca_tema.fw_.png\",\"contentUrl\":\"https:\/\/noticiaempauta.com\/portal\/wp-content\/uploads\/2022\/08\/logomarca_tema.fw_.png\",\"width\":400,\"height\":232,\"caption\":\"Portal Not\u00edcia em Pauta\"},\"image\":{\"@id\":\"https:\/\/noticiaempauta.com\/portal\/#\/schema\/logo\/image\/\"},\"sameAs\":[\"https:\/\/www.facebook.com\/Portal-Notcia-Em-Pauta-102292869264820\/\",\"https:\/\/www.instagram.com\/portalnoticiaempauta\/\"]},{\"@type\":\"Person\",\"@id\":\"https:\/\/noticiaempauta.com\/portal\/#\/schema\/person\/a74af43dd1ab3deca45f988c717d57ac\",\"name\":\"Reda\u00e7\u00e3o\",\"image\":{\"@type\":\"ImageObject\",\"inLanguage\":\"pt-BR\",\"@id\":\"https:\/\/noticiaempauta.com\/portal\/#\/schema\/person\/image\/\",\"url\":\"https:\/\/secure.gravatar.com\/avatar\/03179346ecce6cdfc13361603e8f54242a90e5cde8618fa23c5c00aa2b0aadf3?s=96&d=mm&r=g\",\"contentUrl\":\"https:\/\/secure.gravatar.com\/avatar\/03179346ecce6cdfc13361603e8f54242a90e5cde8618fa23c5c00aa2b0aadf3?s=96&d=mm&r=g\",\"caption\":\"Reda\u00e7\u00e3o\"},\"sameAs\":[\"https:\/\/noticiaempauta.com\/portal\/\"],\"url\":\"https:\/\/noticiaempauta.com\/portal\/author\/fernando\/\"}]}<\/script>\n<!-- \/ Yoast SEO Premium plugin. -->","yoast_head_json":{"title":"Eriberto Barros solicita retomada do servi\u00e7o de castra\u00e7\u00e3o gratuita dos animais de rua em Picos - Portal Not\u00edcia em Pauta","robots":{"index":"index","follow":"follow","max-snippet":"max-snippet:-1","max-image-preview":"max-image-preview:large","max-video-preview":"max-video-preview:-1"},"canonical":"https:\/\/noticiaempauta.com\/portal\/eriberto-barros-solicita-retomada-do-servico-de-castracao-gratuita-dos-animais-de-rua-em-picos\/","og_locale":"pt_BR","og_type":"article","og_title":"Eriberto Barros solicita retomada do servi\u00e7o de castra\u00e7\u00e3o gratuita dos animais de rua em Picos","og_description":"Durante a sess\u00e3o ordin\u00e1ria dessa quinta-feira, 23 de maio, o presidente da C\u00e2mara Municipal de Picos, Eriberto Barros (PSD), pediu a retomada do servi\u00e7o de castra\u00e7\u00e3o gratuita dos animais de rua no munic\u00edpio. O parlamentar fez o pedido durante seu pronunciamento na tribuna, destacando que ano passado acompanhou o in\u00edcio dos trabalhos de recolhimento e [&hellip;]","og_url":"https:\/\/noticiaempauta.com\/portal\/eriberto-barros-solicita-retomada-do-servico-de-castracao-gratuita-dos-animais-de-rua-em-picos\/","og_site_name":"Portal Not\u00edcia em Pauta","article_publisher":"https:\/\/www.facebook.com\/Portal-Notcia-Em-Pauta-102292869264820\/","article_published_time":"2024-05-24T13:45:28+00:00","article_modified_time":"2024-05-24T13:47:38+00:00","og_image":[{"width":1170,"height":889,"url":"https:\/\/noticiaempauta.com\/portal\/wp-content\/uploads\/2024\/05\/eriberto.jpeg","type":"image\/jpeg"}],"author":"Reda\u00e7\u00e3o","twitter_card":"summary_large_image","twitter_misc":{"Escrito por":"Reda\u00e7\u00e3o","Est. tempo de leitura":"3 minutos"},"schema":{"@context":"https:\/\/schema.org","@graph":[{"@type":"Article","@id":"https:\/\/noticiaempauta.com\/portal\/eriberto-barros-solicita-retomada-do-servico-de-castracao-gratuita-dos-animais-de-rua-em-picos\/#article","isPartOf":{"@id":"https:\/\/noticiaempauta.com\/portal\/eriberto-barros-solicita-retomada-do-servico-de-castracao-gratuita-dos-animais-de-rua-em-picos\/"},"author":{"name":"Reda\u00e7\u00e3o","@id":"https:\/\/noticiaempauta.com\/portal\/#\/schema\/person\/a74af43dd1ab3deca45f988c717d57ac"},"headline":"Eriberto Barros solicita retomada do servi\u00e7o de castra\u00e7\u00e3o gratuita dos animais de rua em Picos","datePublished":"2024-05-24T13:45:28+00:00","dateModified":"2024-05-24T13:47:38+00:00","mainEntityOfPage":{"@id":"https:\/\/noticiaempauta.com\/portal\/eriberto-barros-solicita-retomada-do-servico-de-castracao-gratuita-dos-animais-de-rua-em-picos\/"},"wordCount":365,"commentCount":0,"publisher":{"@id":"https:\/\/noticiaempauta.com\/portal\/#organization"},"image":{"@id":"https:\/\/noticiaempauta.com\/portal\/eriberto-barros-solicita-retomada-do-servico-de-castracao-gratuita-dos-animais-de-rua-em-picos\/#primaryimage"},"thumbnailUrl":"https:\/\/noticiaempauta.com\/portal\/wp-content\/uploads\/2024\/05\/eriberto.jpeg","keywords":["destaqueprincipal"],"articleSection":["Destaques","Geral","Todas as Not\u00edcias"],"inLanguage":"pt-BR","potentialAction":[{"@type":"CommentAction","name":"Comment","target":["https:\/\/noticiaempauta.com\/portal\/eriberto-barros-solicita-retomada-do-servico-de-castracao-gratuita-dos-animais-de-rua-em-picos\/#respond"]}]},{"@type":"WebPage","@id":"https:\/\/noticiaempauta.com\/portal\/eriberto-barros-solicita-retomada-do-servico-de-castracao-gratuita-dos-animais-de-rua-em-picos\/","url":"https:\/\/noticiaempauta.com\/portal\/eriberto-barros-solicita-retomada-do-servico-de-castracao-gratuita-dos-animais-de-rua-em-picos\/","name":"Eriberto Barros solicita retomada do servi\u00e7o de castra\u00e7\u00e3o gratuita dos animais de rua em Picos - Portal Not\u00edcia em Pauta","isPartOf":{"@id":"https:\/\/noticiaempauta.com\/portal\/#website"},"primaryImageOfPage":{"@id":"https:\/\/noticiaempauta.com\/portal\/eriberto-barros-solicita-retomada-do-servico-de-castracao-gratuita-dos-animais-de-rua-em-picos\/#primaryimage"},"image":{"@id":"https:\/\/noticiaempauta.com\/portal\/eriberto-barros-solicita-retomada-do-servico-de-castracao-gratuita-dos-animais-de-rua-em-picos\/#primaryimage"},"thumbnailUrl":"https:\/\/noticiaempauta.com\/portal\/wp-content\/uploads\/2024\/05\/eriberto.jpeg","datePublished":"2024-05-24T13:45:28+00:00","dateModified":"2024-05-24T13:47:38+00:00","breadcrumb":{"@id":"https:\/\/noticiaempauta.com\/portal\/eriberto-barros-solicita-retomada-do-servico-de-castracao-gratuita-dos-animais-de-rua-em-picos\/#breadcrumb"},"inLanguage":"pt-BR","potentialAction":[{"@type":"ReadAction","target":["https:\/\/noticiaempauta.com\/portal\/eriberto-barros-solicita-retomada-do-servico-de-castracao-gratuita-dos-animais-de-rua-em-picos\/"]}]},{"@type":"ImageObject","inLanguage":"pt-BR","@id":"https:\/\/noticiaempauta.com\/portal\/eriberto-barros-solicita-retomada-do-servico-de-castracao-gratuita-dos-animais-de-rua-em-picos\/#primaryimage","url":"https:\/\/noticiaempauta.com\/portal\/wp-content\/uploads\/2024\/05\/eriberto.jpeg","contentUrl":"https:\/\/noticiaempauta.com\/portal\/wp-content\/uploads\/2024\/05\/eriberto.jpeg","width":1170,"height":889},{"@type":"BreadcrumbList","@id":"https:\/\/noticiaempauta.com\/portal\/eriberto-barros-solicita-retomada-do-servico-de-castracao-gratuita-dos-animais-de-rua-em-picos\/#breadcrumb","itemListElement":[{"@type":"ListItem","position":1,"name":"P\u00e1gina Inicial","item":"https:\/\/noticiaempauta.com\/portal\/"},{"@type":"ListItem","position":2,"name":"Destaques","item":"https:\/\/noticiaempauta.com\/portal\/destaques-site\/"},{"@type":"ListItem","position":3,"name":"Eriberto Barros solicita retomada do servi\u00e7o de castra\u00e7\u00e3o gratuita dos animais de rua em Picos"}]},{"@type":"WebSite","@id":"https:\/\/noticiaempauta.com\/portal\/#website","url":"https:\/\/noticiaempauta.com\/portal\/","name":"Portal Not\u00edcia em Pauta","description":"Voc\u00ea bem informado","publisher":{"@id":"https:\/\/noticiaempauta.com\/portal\/#organization"},"potentialAction":[{"@type":"SearchAction","target":{"@type":"EntryPoint","urlTemplate":"https:\/\/noticiaempauta.com\/portal\/?s={search_term_string}"},"query-input":{"@type":"PropertyValueSpecification","valueRequired":true,"valueName":"search_term_string"}}],"inLanguage":"pt-BR"},{"@type":"Organization","@id":"https:\/\/noticiaempauta.com\/portal\/#organization","name":"Portal Not\u00edcia em Pauta","url":"https:\/\/noticiaempauta.com\/portal\/","logo":{"@type":"ImageObject","inLanguage":"pt-BR","@id":"https:\/\/noticiaempauta.com\/portal\/#\/schema\/logo\/image\/","url":"https:\/\/noticiaempauta.com\/portal\/wp-content\/uploads\/2022\/08\/logomarca_tema.fw_.png","contentUrl":"https:\/\/noticiaempauta.com\/portal\/wp-content\/uploads\/2022\/08\/logomarca_tema.fw_.png","width":400,"height":232,"caption":"Portal Not\u00edcia em Pauta"},"image":{"@id":"https:\/\/noticiaempauta.com\/portal\/#\/schema\/logo\/image\/"},"sameAs":["https:\/\/www.facebook.com\/Portal-Notcia-Em-Pauta-102292869264820\/","https:\/\/www.instagram.com\/portalnoticiaempauta\/"]},{"@type":"Person","@id":"https:\/\/noticiaempauta.com\/portal\/#\/schema\/person\/a74af43dd1ab3deca45f988c717d57ac","name":"Reda\u00e7\u00e3o","image":{"@type":"ImageObject","inLanguage":"pt-BR","@id":"https:\/\/noticiaempauta.com\/portal\/#\/schema\/person\/image\/","url":"https:\/\/secure.gravatar.com\/avatar\/03179346ecce6cdfc13361603e8f54242a90e5cde8618fa23c5c00aa2b0aadf3?s=96&d=mm&r=g","contentUrl":"https:\/\/secure.gravatar.com\/avatar\/03179346ecce6cdfc13361603e8f54242a90e5cde8618fa23c5c00aa2b0aadf3?s=96&d=mm&r=g","caption":"Reda\u00e7\u00e3o"},"sameAs":["https:\/\/noticiaempauta.com\/portal\/"],"url":"https:\/\/noticiaempauta.com\/portal\/author\/fernando\/"}]}},"_links":{"self":[{"href":"https:\/\/noticiaempauta.com\/portal\/wp-json\/wp\/v2\/posts\/258195","targetHints":{"allow":["GET"]}}],"collection":[{"href":"https:\/\/noticiaempauta.com\/portal\/wp-json\/wp\/v2\/posts"}],"about":[{"href":"https:\/\/noticiaempauta.com\/portal\/wp-json\/wp\/v2\/types\/post"}],"author":[{"embeddable":true,"href":"https:\/\/noticiaempauta.com\/portal\/wp-json\/wp\/v2\/users\/2"}],"replies":[{"embeddable":true,"href":"https:\/\/noticiaempauta.com\/portal\/wp-json\/wp\/v2\/comments?post=258195"}],"version-history":[{"count":7,"href":"https:\/\/noticiaempauta.com\/portal\/wp-json\/wp\/v2\/posts\/258195\/revisions"}],"predecessor-version":[{"id":258205,"href":"https:\/\/noticiaempauta.com\/portal\/wp-json\/wp\/v2\/posts\/258195\/revisions\/258205"}],"wp:featuredmedia":[{"embeddable":true,"href":"https:\/\/noticiaempauta.com\/portal\/wp-json\/wp\/v2\/media\/258198"}],"wp:attachment":[{"href":"https:\/\/noticiaempauta.com\/portal\/wp-json\/wp\/v2\/media?parent=258195"}],"wp:term":[{"taxonomy":"category","embeddable":true,"href":"https:\/\/noticiaempauta.com\/portal\/wp-json\/wp\/v2\/categories?post=258195"},{"taxonomy":"post_tag","embeddable":true,"href":"https:\/\/noticiaempauta.com\/portal\/wp-json\/wp\/v2\/tags?post=258195"}],"curies":[{"name":"wp","href":"https:\/\/api.w.org\/{rel}","templated":true}]}}