{"id":258210,"date":"2024-05-26T08:19:50","date_gmt":"2024-05-26T11:19:50","guid":{"rendered":"https:\/\/noticiaempauta.com\/portal\/?p=258210"},"modified":"2024-05-26T08:19:51","modified_gmt":"2024-05-26T11:19:51","slug":"prefeitura-de-paqueta-promove-jantar-festivo-em-homenagem-ao-dia-das-maes","status":"publish","type":"post","link":"https:\/\/noticiaempauta.com\/portal\/prefeitura-de-paqueta-promove-jantar-festivo-em-homenagem-ao-dia-das-maes\/","title":{"rendered":"Prefeitura de Paquet\u00e1 promove jantar festivo em homenagem ao Dia das M\u00e3es"},"content":{"rendered":"\n<p>O m\u00eas de maio \u00e9 festejado em todo pa\u00eds a comemora\u00e7\u00e3o em homenagem \u00e0s m\u00e3es, com isso, a Prefeitura de Paquet\u00e1 do Piau\u00ed por meio do prefeito Clayton Barros, mais uma vez promoveu uma grande festa.<\/p>\n\n\n\n<figure class=\"wp-block-image size-full\"><img fetchpriority=\"high\" decoding=\"async\" width=\"640\" height=\"428\" src=\"https:\/\/noticiaempauta.com\/portal\/wp-content\/uploads\/2024\/05\/FA-IMG-cec27a0a3afb00446645.jpg\" alt=\"\" class=\"wp-image-258213\" srcset=\"https:\/\/noticiaempauta.com\/portal\/wp-content\/uploads\/2024\/05\/FA-IMG-cec27a0a3afb00446645.jpg 640w, https:\/\/noticiaempauta.com\/portal\/wp-content\/uploads\/2024\/05\/FA-IMG-cec27a0a3afb00446645-300x201.jpg 300w\" sizes=\"(max-width: 640px) 100vw, 640px\" \/><\/figure>\n\n\n\n<figure class=\"wp-block-image size-full\"><img decoding=\"async\" width=\"640\" height=\"428\" src=\"https:\/\/noticiaempauta.com\/portal\/wp-content\/uploads\/2024\/05\/1.01.jpg\" alt=\"\" class=\"wp-image-258229\" srcset=\"https:\/\/noticiaempauta.com\/portal\/wp-content\/uploads\/2024\/05\/1.01.jpg 640w, https:\/\/noticiaempauta.com\/portal\/wp-content\/uploads\/2024\/05\/1.01-300x201.jpg 300w\" sizes=\"(max-width: 640px) 100vw, 640px\" \/><\/figure>\n\n\n\n<p>Centenas de m\u00e3es, tanto da zona urbana como tamb\u00e9m da zona rural, participaram da programa\u00e7\u00e3o festiva preparada para elas na noite desta sexta-feira, 24 de maio, na Quadra Poliesportiva da cidade.<\/p>\n\n\n\n<figure class=\"wp-block-image size-full\"><img decoding=\"async\" width=\"640\" height=\"428\" src=\"https:\/\/noticiaempauta.com\/portal\/wp-content\/uploads\/2024\/05\/1.33.jpg\" alt=\"\" class=\"wp-image-258212\" srcset=\"https:\/\/noticiaempauta.com\/portal\/wp-content\/uploads\/2024\/05\/1.33.jpg 640w, https:\/\/noticiaempauta.com\/portal\/wp-content\/uploads\/2024\/05\/1.33-300x201.jpg 300w\" sizes=\"(max-width: 640px) 100vw, 640px\" \/><\/figure>\n\n\n\n<p>O evento teve in\u00edcio com a composi\u00e7\u00e3o da mesa de honra, composta pelo prefeito Clayton Barros; pela primeira-dama, Elayne S\u00e1; vereadores; secret\u00e1rios municipais e lideran\u00e7as pol\u00edticas.<\/p>\n\n\n\n<figure class=\"wp-block-image size-full\"><img loading=\"lazy\" decoding=\"async\" width=\"640\" height=\"428\" src=\"https:\/\/noticiaempauta.com\/portal\/wp-content\/uploads\/2024\/05\/1_728.jpg\" alt=\"\" class=\"wp-image-258214\" srcset=\"https:\/\/noticiaempauta.com\/portal\/wp-content\/uploads\/2024\/05\/1_728.jpg 640w, https:\/\/noticiaempauta.com\/portal\/wp-content\/uploads\/2024\/05\/1_728-300x201.jpg 300w\" sizes=\"(max-width: 640px) 100vw, 640px\" \/><\/figure>\n\n\n\n<p>Em seguida, foi realizado com as m\u00e3es um desfile, que chamou a aten\u00e7\u00e3o de todos os participantes, sendo elas premiadas de acordo com a aprova\u00e7\u00e3o do p\u00fablico presente.<\/p>\n\n\n\n<figure class=\"wp-block-image size-full\"><img loading=\"lazy\" decoding=\"async\" width=\"640\" height=\"428\" src=\"https:\/\/noticiaempauta.com\/portal\/wp-content\/uploads\/2024\/05\/2_1816.jpg\" alt=\"\" class=\"wp-image-258215\" srcset=\"https:\/\/noticiaempauta.com\/portal\/wp-content\/uploads\/2024\/05\/2_1816.jpg 640w, https:\/\/noticiaempauta.com\/portal\/wp-content\/uploads\/2024\/05\/2_1816-300x201.jpg 300w\" sizes=\"(max-width: 640px) 100vw, 640px\" \/><\/figure>\n\n\n\n<figure class=\"wp-block-image size-full\"><img loading=\"lazy\" decoding=\"async\" width=\"640\" height=\"428\" src=\"https:\/\/noticiaempauta.com\/portal\/wp-content\/uploads\/2024\/05\/2_0617.jpg\" alt=\"\" class=\"wp-image-258216\" srcset=\"https:\/\/noticiaempauta.com\/portal\/wp-content\/uploads\/2024\/05\/2_0617.jpg 640w, https:\/\/noticiaempauta.com\/portal\/wp-content\/uploads\/2024\/05\/2_0617-300x201.jpg 300w\" sizes=\"(max-width: 640px) 100vw, 640px\" \/><\/figure>\n\n\n\n<figure class=\"wp-block-image size-full\"><img loading=\"lazy\" decoding=\"async\" width=\"640\" height=\"428\" src=\"https:\/\/noticiaempauta.com\/portal\/wp-content\/uploads\/2024\/05\/2_329.jpg\" alt=\"\" class=\"wp-image-258217\" srcset=\"https:\/\/noticiaempauta.com\/portal\/wp-content\/uploads\/2024\/05\/2_329.jpg 640w, https:\/\/noticiaempauta.com\/portal\/wp-content\/uploads\/2024\/05\/2_329-300x201.jpg 300w\" sizes=\"(max-width: 640px) 100vw, 640px\" \/><figcaption class=\"wp-element-caption\"><strong><em>M\u00e3es que venceram o desfile<\/em><\/strong><\/figcaption><\/figure>\n\n\n\n<p>Logo ap\u00f3s o desfile, dezenas de brindes, doados por empresas parceiras da gest\u00e3o municipal, foram sorteados entre as m\u00e3es presentes, dentre os quais, um Tanque de Lavar, 01 Fog\u00e3o e 01 Climatizador.<\/p>\n\n\n\n<figure class=\"wp-block-image size-full\"><img loading=\"lazy\" decoding=\"async\" width=\"640\" height=\"428\" src=\"https:\/\/noticiaempauta.com\/portal\/wp-content\/uploads\/2024\/05\/2_515.jpg\" alt=\"\" class=\"wp-image-258218\" srcset=\"https:\/\/noticiaempauta.com\/portal\/wp-content\/uploads\/2024\/05\/2_515.jpg 640w, https:\/\/noticiaempauta.com\/portal\/wp-content\/uploads\/2024\/05\/2_515-300x201.jpg 300w\" sizes=\"(max-width: 640px) 100vw, 640px\" \/><figcaption class=\"wp-element-caption\"><strong><em>Brindes foram sorteados<\/em><\/strong><\/figcaption><\/figure>\n\n\n\n<figure class=\"wp-block-image size-full\"><img loading=\"lazy\" decoding=\"async\" width=\"640\" height=\"428\" src=\"https:\/\/noticiaempauta.com\/portal\/wp-content\/uploads\/2024\/05\/2_647.jpg\" alt=\"\" class=\"wp-image-258219\" srcset=\"https:\/\/noticiaempauta.com\/portal\/wp-content\/uploads\/2024\/05\/2_647.jpg 640w, https:\/\/noticiaempauta.com\/portal\/wp-content\/uploads\/2024\/05\/2_647-300x201.jpg 300w\" sizes=\"(max-width: 640px) 100vw, 640px\" \/><\/figure>\n\n\n\n<p>Em seguida foi servido um delicioso jantar. A festa foi animada pelo cantor Ronilson Borges.<\/p>\n\n\n\n<figure class=\"wp-block-image size-full\"><img loading=\"lazy\" decoding=\"async\" width=\"640\" height=\"428\" src=\"https:\/\/noticiaempauta.com\/portal\/wp-content\/uploads\/2024\/05\/2_723.jpg\" alt=\"\" class=\"wp-image-258220\" srcset=\"https:\/\/noticiaempauta.com\/portal\/wp-content\/uploads\/2024\/05\/2_723.jpg 640w, https:\/\/noticiaempauta.com\/portal\/wp-content\/uploads\/2024\/05\/2_723-300x201.jpg 300w\" sizes=\"(max-width: 640px) 100vw, 640px\" \/><\/figure>\n\n\n\n<figure class=\"wp-block-image size-full\"><img loading=\"lazy\" decoding=\"async\" width=\"640\" height=\"428\" src=\"https:\/\/noticiaempauta.com\/portal\/wp-content\/uploads\/2024\/05\/2_697.jpg\" alt=\"\" class=\"wp-image-258221\" srcset=\"https:\/\/noticiaempauta.com\/portal\/wp-content\/uploads\/2024\/05\/2_697.jpg 640w, https:\/\/noticiaempauta.com\/portal\/wp-content\/uploads\/2024\/05\/2_697-300x201.jpg 300w\" sizes=\"(max-width: 640px) 100vw, 640px\" \/><figcaption class=\"wp-element-caption\"><strong><em>Prefeito Clayton Barros<\/em><\/strong><\/figcaption><\/figure>\n\n\n\n<p>\u201cEstamos muito felizes com a participa\u00e7\u00e3o de tantas m\u00e3es nesta festa preparada com carinho para elas. Para que todas as m\u00e3es do munic\u00edpio pudessem participar disponibilizamos transportes para busca-las em suas comunidades. M\u00e3e \u00e9 sin\u00f4nimo de amor, com isso precisam ter uma aten\u00e7\u00e3o especial. Desejo para todas m\u00e3es paquetaenses muita sa\u00fade e paz dentro de seus lares\u201d, destacou o prefeito Clayton Barros.<\/p>\n\n\n\n<figure class=\"wp-block-image size-full\"><img loading=\"lazy\" decoding=\"async\" width=\"640\" height=\"428\" src=\"https:\/\/noticiaempauta.com\/portal\/wp-content\/uploads\/2024\/05\/1_776.jpg\" alt=\"\" class=\"wp-image-258222\" srcset=\"https:\/\/noticiaempauta.com\/portal\/wp-content\/uploads\/2024\/05\/1_776.jpg 640w, https:\/\/noticiaempauta.com\/portal\/wp-content\/uploads\/2024\/05\/1_776-300x201.jpg 300w\" sizes=\"(max-width: 640px) 100vw, 640px\" \/><figcaption class=\"wp-element-caption\"><strong><em>Elayne S\u00e1, primeira-dama de Paquet\u00e1<\/em><\/strong><\/figcaption><\/figure>\n\n\n\n<p>J\u00e1 a primeira-dama manifestou sua alegria em ver tamanha participa\u00e7\u00e3o. \u201cEstou imensamente emocionada em ver tantas mam\u00e3es aqui com a gente comemorando este dia especial. Aproveitem a festa e espero que todas saiam daqui felizes, pois o nosso objetivo \u00e9 fazer desta noite o que realmente voc\u00eas s\u00e3o, especial\u201d, disse Dra. Elayne S\u00e1.<\/p>\n\n\n\n<figure class=\"wp-block-image size-full\"><img loading=\"lazy\" decoding=\"async\" width=\"640\" height=\"428\" src=\"https:\/\/noticiaempauta.com\/portal\/wp-content\/uploads\/2024\/05\/2_752.jpg\" alt=\"\" class=\"wp-image-258223\" srcset=\"https:\/\/noticiaempauta.com\/portal\/wp-content\/uploads\/2024\/05\/2_752.jpg 640w, https:\/\/noticiaempauta.com\/portal\/wp-content\/uploads\/2024\/05\/2_752-300x201.jpg 300w\" sizes=\"(max-width: 640px) 100vw, 640px\" \/><figcaption class=\"wp-element-caption\"><strong><em>Jairane Moura<\/em><\/strong><\/figcaption><\/figure>\n\n\n\n<p>A m\u00e3e Jairane Moura, que foi sorteada com o climatizador, falou de sua alegria. \u201cEstou muito feliz, com um sentimento radiante. Uma linda festa, onde al\u00e9m de me divertir ainda ganhei o maior pr\u00eamio. N\u00e3o imaginava que iria ganhar este presente. Agrade\u00e7o demais a gest\u00e3o municipal que promoveu esta homenagem para todas n\u00f3s\u201d, relatou.<\/p>\n\n\n\n<figure class=\"wp-block-image size-full is-resized\"><img loading=\"lazy\" decoding=\"async\" width=\"640\" height=\"428\" src=\"https:\/\/noticiaempauta.com\/portal\/wp-content\/uploads\/2024\/05\/2_765.jpg\" alt=\"\" class=\"wp-image-258224\" style=\"width:683px;height:auto\" srcset=\"https:\/\/noticiaempauta.com\/portal\/wp-content\/uploads\/2024\/05\/2_765.jpg 640w, https:\/\/noticiaempauta.com\/portal\/wp-content\/uploads\/2024\/05\/2_765-300x201.jpg 300w\" sizes=\"(max-width: 640px) 100vw, 640px\" \/><figcaption class=\"wp-element-caption\"><strong><em>Maria Gon\u00e7alves<\/em><\/strong><\/figcaption><\/figure>\n\n\n\n<p>J\u00e1 a m\u00e3e Maria Gon\u00e7alves Dantas, da localidade Lagoa do Tucano, fez quest\u00e3o de agradecer ao prefeito e sua equipe pela festa, que segundo ela, foi bem organizada e com muita anima\u00e7\u00e3o.<\/p>\n\n\n\n<p>Veja mais imagens<\/p>\n\n\n\n<figure class=\"wp-block-image size-full\"><img loading=\"lazy\" decoding=\"async\" width=\"640\" height=\"428\" src=\"https:\/\/noticiaempauta.com\/portal\/wp-content\/uploads\/2024\/05\/1_4022.jpg\" alt=\"\" class=\"wp-image-258225\" srcset=\"https:\/\/noticiaempauta.com\/portal\/wp-content\/uploads\/2024\/05\/1_4022.jpg 640w, https:\/\/noticiaempauta.com\/portal\/wp-content\/uploads\/2024\/05\/1_4022-300x201.jpg 300w\" sizes=\"(max-width: 640px) 100vw, 640px\" \/><\/figure>\n\n\n\n<figure class=\"wp-block-image size-full\"><img loading=\"lazy\" decoding=\"async\" width=\"640\" height=\"428\" src=\"https:\/\/noticiaempauta.com\/portal\/wp-content\/uploads\/2024\/05\/1_3216.jpg\" alt=\"\" class=\"wp-image-258226\" srcset=\"https:\/\/noticiaempauta.com\/portal\/wp-content\/uploads\/2024\/05\/1_3216.jpg 640w, https:\/\/noticiaempauta.com\/portal\/wp-content\/uploads\/2024\/05\/1_3216-300x201.jpg 300w\" sizes=\"(max-width: 640px) 100vw, 640px\" \/><\/figure>\n\n\n\n<figure class=\"wp-block-image size-full\"><img loading=\"lazy\" decoding=\"async\" width=\"640\" height=\"428\" src=\"https:\/\/noticiaempauta.com\/portal\/wp-content\/uploads\/2024\/05\/1_3920.jpg\" alt=\"\" class=\"wp-image-258227\" srcset=\"https:\/\/noticiaempauta.com\/portal\/wp-content\/uploads\/2024\/05\/1_3920.jpg 640w, https:\/\/noticiaempauta.com\/portal\/wp-content\/uploads\/2024\/05\/1_3920-300x201.jpg 300w\" sizes=\"(max-width: 640px) 100vw, 640px\" \/><\/figure>\n\n\n\n<figure class=\"wp-block-image size-full\"><img loading=\"lazy\" decoding=\"async\" width=\"640\" height=\"428\" src=\"https:\/\/noticiaempauta.com\/portal\/wp-content\/uploads\/2024\/05\/1_734.jpg\" alt=\"\" class=\"wp-image-258228\" srcset=\"https:\/\/noticiaempauta.com\/portal\/wp-content\/uploads\/2024\/05\/1_734.jpg 640w, https:\/\/noticiaempauta.com\/portal\/wp-content\/uploads\/2024\/05\/1_734-300x201.jpg 300w\" sizes=\"(max-width: 640px) 100vw, 640px\" \/><\/figure>\n\n\n\n<figure class=\"wp-block-image size-full\"><img loading=\"lazy\" decoding=\"async\" width=\"640\" height=\"428\" src=\"https:\/\/noticiaempauta.com\/portal\/wp-content\/uploads\/2024\/05\/1.22.jpg\" alt=\"\" class=\"wp-image-258230\" srcset=\"https:\/\/noticiaempauta.com\/portal\/wp-content\/uploads\/2024\/05\/1.22.jpg 640w, https:\/\/noticiaempauta.com\/portal\/wp-content\/uploads\/2024\/05\/1.22-300x201.jpg 300w\" sizes=\"(max-width: 640px) 100vw, 640px\" \/><\/figure>\n\n\n\n<figure class=\"wp-block-image size-full\"><img loading=\"lazy\" decoding=\"async\" width=\"640\" height=\"428\" src=\"https:\/\/noticiaempauta.com\/portal\/wp-content\/uploads\/2024\/05\/1.73.jpg\" alt=\"\" class=\"wp-image-258231\" srcset=\"https:\/\/noticiaempauta.com\/portal\/wp-content\/uploads\/2024\/05\/1.73.jpg 640w, https:\/\/noticiaempauta.com\/portal\/wp-content\/uploads\/2024\/05\/1.73-300x201.jpg 300w\" sizes=\"(max-width: 640px) 100vw, 640px\" \/><\/figure>\n\n\n\n<p><em>Fonte e Fotos: Folha Atual<\/em><\/p>\n","protected":false},"excerpt":{"rendered":"<p>O m\u00eas de maio \u00e9 festejado em todo pa\u00eds a comemora\u00e7\u00e3o em homenagem \u00e0s m\u00e3es, com isso, a Prefeitura de Paquet\u00e1 do Piau\u00ed por meio do prefeito Clayton Barros, mais uma vez promoveu uma grande festa. Centenas de m\u00e3es, tanto da zona urbana como tamb\u00e9m da zona rural, participaram da programa\u00e7\u00e3o festiva preparada para elas [&hellip;]<\/p>\n","protected":false},"author":2,"featured_media":258212,"comment_status":"open","ping_status":"open","sticky":false,"template":"","format":"standard","meta":{"_mi_skip_tracking":false,"footnotes":""},"categories":[25,1,9,8,16],"tags":[192],"class_list":["post-258210","post","type-post","status-publish","format-standard","has-post-thumbnail","hentry","category-destaques-site","category-geral","category-municipios","category-social","category-todas","tag-destaqueprincipal"],"acf":[],"yoast_head":"<!-- This site is optimized with the Yoast SEO Premium plugin v19.2 (Yoast SEO v26.9) - https:\/\/yoast.com\/product\/yoast-seo-premium-wordpress\/ -->\n<title>Prefeitura de Paquet\u00e1 promove jantar festivo em homenagem ao Dia das M\u00e3es - Portal Not\u00edcia em Pauta<\/title>\n<meta name=\"robots\" content=\"index, follow, max-snippet:-1, max-image-preview:large, max-video-preview:-1\" \/>\n<link rel=\"canonical\" href=\"https:\/\/noticiaempauta.com\/portal\/prefeitura-de-paqueta-promove-jantar-festivo-em-homenagem-ao-dia-das-maes\/\" \/>\n<meta property=\"og:locale\" content=\"pt_BR\" \/>\n<meta property=\"og:type\" content=\"article\" \/>\n<meta property=\"og:title\" content=\"Prefeitura de Paquet\u00e1 promove jantar festivo em homenagem ao Dia das M\u00e3es\" \/>\n<meta property=\"og:description\" content=\"O m\u00eas de maio \u00e9 festejado em todo pa\u00eds a comemora\u00e7\u00e3o em homenagem \u00e0s m\u00e3es, com isso, a Prefeitura de Paquet\u00e1 do Piau\u00ed por meio do prefeito Clayton Barros, mais uma vez promoveu uma grande festa. Centenas de m\u00e3es, tanto da zona urbana como tamb\u00e9m da zona rural, participaram da programa\u00e7\u00e3o festiva preparada para elas [&hellip;]\" \/>\n<meta property=\"og:url\" content=\"https:\/\/noticiaempauta.com\/portal\/prefeitura-de-paqueta-promove-jantar-festivo-em-homenagem-ao-dia-das-maes\/\" \/>\n<meta property=\"og:site_name\" content=\"Portal Not\u00edcia em Pauta\" \/>\n<meta property=\"article:publisher\" content=\"https:\/\/www.facebook.com\/Portal-Notcia-Em-Pauta-102292869264820\/\" \/>\n<meta property=\"article:published_time\" content=\"2024-05-26T11:19:50+00:00\" \/>\n<meta property=\"article:modified_time\" content=\"2024-05-26T11:19:51+00:00\" \/>\n<meta property=\"og:image\" content=\"https:\/\/noticiaempauta.com\/portal\/wp-content\/uploads\/2024\/05\/1.33.jpg\" \/>\n\t<meta property=\"og:image:width\" content=\"640\" \/>\n\t<meta property=\"og:image:height\" content=\"428\" \/>\n\t<meta property=\"og:image:type\" content=\"image\/jpeg\" \/>\n<meta name=\"author\" content=\"Reda\u00e7\u00e3o\" \/>\n<meta name=\"twitter:card\" content=\"summary_large_image\" \/>\n<meta name=\"twitter:label1\" content=\"Escrito por\" \/>\n\t<meta name=\"twitter:data1\" content=\"Reda\u00e7\u00e3o\" \/>\n\t<meta name=\"twitter:label2\" content=\"Est. tempo de leitura\" \/>\n\t<meta name=\"twitter:data2\" content=\"7 minutos\" \/>\n<script type=\"application\/ld+json\" class=\"yoast-schema-graph\">{\"@context\":\"https:\/\/schema.org\",\"@graph\":[{\"@type\":\"Article\",\"@id\":\"https:\/\/noticiaempauta.com\/portal\/prefeitura-de-paqueta-promove-jantar-festivo-em-homenagem-ao-dia-das-maes\/#article\",\"isPartOf\":{\"@id\":\"https:\/\/noticiaempauta.com\/portal\/prefeitura-de-paqueta-promove-jantar-festivo-em-homenagem-ao-dia-das-maes\/\"},\"author\":{\"name\":\"Reda\u00e7\u00e3o\",\"@id\":\"https:\/\/noticiaempauta.com\/portal\/#\/schema\/person\/a74af43dd1ab3deca45f988c717d57ac\"},\"headline\":\"Prefeitura de Paquet\u00e1 promove jantar festivo em homenagem ao Dia das M\u00e3es\",\"datePublished\":\"2024-05-26T11:19:50+00:00\",\"dateModified\":\"2024-05-26T11:19:51+00:00\",\"mainEntityOfPage\":{\"@id\":\"https:\/\/noticiaempauta.com\/portal\/prefeitura-de-paqueta-promove-jantar-festivo-em-homenagem-ao-dia-das-maes\/\"},\"wordCount\":450,\"commentCount\":0,\"publisher\":{\"@id\":\"https:\/\/noticiaempauta.com\/portal\/#organization\"},\"image\":{\"@id\":\"https:\/\/noticiaempauta.com\/portal\/prefeitura-de-paqueta-promove-jantar-festivo-em-homenagem-ao-dia-das-maes\/#primaryimage\"},\"thumbnailUrl\":\"https:\/\/noticiaempauta.com\/portal\/wp-content\/uploads\/2024\/05\/1.33.jpg\",\"keywords\":[\"destaqueprincipal\"],\"articleSection\":[\"Destaques\",\"Geral\",\"Munic\u00edpios\",\"Social\",\"Todas as Not\u00edcias\"],\"inLanguage\":\"pt-BR\",\"potentialAction\":[{\"@type\":\"CommentAction\",\"name\":\"Comment\",\"target\":[\"https:\/\/noticiaempauta.com\/portal\/prefeitura-de-paqueta-promove-jantar-festivo-em-homenagem-ao-dia-das-maes\/#respond\"]}]},{\"@type\":\"WebPage\",\"@id\":\"https:\/\/noticiaempauta.com\/portal\/prefeitura-de-paqueta-promove-jantar-festivo-em-homenagem-ao-dia-das-maes\/\",\"url\":\"https:\/\/noticiaempauta.com\/portal\/prefeitura-de-paqueta-promove-jantar-festivo-em-homenagem-ao-dia-das-maes\/\",\"name\":\"Prefeitura de Paquet\u00e1 promove jantar festivo em homenagem ao Dia das M\u00e3es - Portal Not\u00edcia em Pauta\",\"isPartOf\":{\"@id\":\"https:\/\/noticiaempauta.com\/portal\/#website\"},\"primaryImageOfPage\":{\"@id\":\"https:\/\/noticiaempauta.com\/portal\/prefeitura-de-paqueta-promove-jantar-festivo-em-homenagem-ao-dia-das-maes\/#primaryimage\"},\"image\":{\"@id\":\"https:\/\/noticiaempauta.com\/portal\/prefeitura-de-paqueta-promove-jantar-festivo-em-homenagem-ao-dia-das-maes\/#primaryimage\"},\"thumbnailUrl\":\"https:\/\/noticiaempauta.com\/portal\/wp-content\/uploads\/2024\/05\/1.33.jpg\",\"datePublished\":\"2024-05-26T11:19:50+00:00\",\"dateModified\":\"2024-05-26T11:19:51+00:00\",\"breadcrumb\":{\"@id\":\"https:\/\/noticiaempauta.com\/portal\/prefeitura-de-paqueta-promove-jantar-festivo-em-homenagem-ao-dia-das-maes\/#breadcrumb\"},\"inLanguage\":\"pt-BR\",\"potentialAction\":[{\"@type\":\"ReadAction\",\"target\":[\"https:\/\/noticiaempauta.com\/portal\/prefeitura-de-paqueta-promove-jantar-festivo-em-homenagem-ao-dia-das-maes\/\"]}]},{\"@type\":\"ImageObject\",\"inLanguage\":\"pt-BR\",\"@id\":\"https:\/\/noticiaempauta.com\/portal\/prefeitura-de-paqueta-promove-jantar-festivo-em-homenagem-ao-dia-das-maes\/#primaryimage\",\"url\":\"https:\/\/noticiaempauta.com\/portal\/wp-content\/uploads\/2024\/05\/1.33.jpg\",\"contentUrl\":\"https:\/\/noticiaempauta.com\/portal\/wp-content\/uploads\/2024\/05\/1.33.jpg\",\"width\":640,\"height\":428},{\"@type\":\"BreadcrumbList\",\"@id\":\"https:\/\/noticiaempauta.com\/portal\/prefeitura-de-paqueta-promove-jantar-festivo-em-homenagem-ao-dia-das-maes\/#breadcrumb\",\"itemListElement\":[{\"@type\":\"ListItem\",\"position\":1,\"name\":\"P\u00e1gina Inicial\",\"item\":\"https:\/\/noticiaempauta.com\/portal\/\"},{\"@type\":\"ListItem\",\"position\":2,\"name\":\"Destaques\",\"item\":\"https:\/\/noticiaempauta.com\/portal\/destaques-site\/\"},{\"@type\":\"ListItem\",\"position\":3,\"name\":\"Prefeitura de Paquet\u00e1 promove jantar festivo em homenagem ao Dia das M\u00e3es\"}]},{\"@type\":\"WebSite\",\"@id\":\"https:\/\/noticiaempauta.com\/portal\/#website\",\"url\":\"https:\/\/noticiaempauta.com\/portal\/\",\"name\":\"Portal Not\u00edcia em Pauta\",\"description\":\"Voc\u00ea bem informado\",\"publisher\":{\"@id\":\"https:\/\/noticiaempauta.com\/portal\/#organization\"},\"potentialAction\":[{\"@type\":\"SearchAction\",\"target\":{\"@type\":\"EntryPoint\",\"urlTemplate\":\"https:\/\/noticiaempauta.com\/portal\/?s={search_term_string}\"},\"query-input\":{\"@type\":\"PropertyValueSpecification\",\"valueRequired\":true,\"valueName\":\"search_term_string\"}}],\"inLanguage\":\"pt-BR\"},{\"@type\":\"Organization\",\"@id\":\"https:\/\/noticiaempauta.com\/portal\/#organization\",\"name\":\"Portal Not\u00edcia em Pauta\",\"url\":\"https:\/\/noticiaempauta.com\/portal\/\",\"logo\":{\"@type\":\"ImageObject\",\"inLanguage\":\"pt-BR\",\"@id\":\"https:\/\/noticiaempauta.com\/portal\/#\/schema\/logo\/image\/\",\"url\":\"https:\/\/noticiaempauta.com\/portal\/wp-content\/uploads\/2022\/08\/logomarca_tema.fw_.png\",\"contentUrl\":\"https:\/\/noticiaempauta.com\/portal\/wp-content\/uploads\/2022\/08\/logomarca_tema.fw_.png\",\"width\":400,\"height\":232,\"caption\":\"Portal Not\u00edcia em Pauta\"},\"image\":{\"@id\":\"https:\/\/noticiaempauta.com\/portal\/#\/schema\/logo\/image\/\"},\"sameAs\":[\"https:\/\/www.facebook.com\/Portal-Notcia-Em-Pauta-102292869264820\/\",\"https:\/\/www.instagram.com\/portalnoticiaempauta\/\"]},{\"@type\":\"Person\",\"@id\":\"https:\/\/noticiaempauta.com\/portal\/#\/schema\/person\/a74af43dd1ab3deca45f988c717d57ac\",\"name\":\"Reda\u00e7\u00e3o\",\"image\":{\"@type\":\"ImageObject\",\"inLanguage\":\"pt-BR\",\"@id\":\"https:\/\/noticiaempauta.com\/portal\/#\/schema\/person\/image\/\",\"url\":\"https:\/\/secure.gravatar.com\/avatar\/03179346ecce6cdfc13361603e8f54242a90e5cde8618fa23c5c00aa2b0aadf3?s=96&d=mm&r=g\",\"contentUrl\":\"https:\/\/secure.gravatar.com\/avatar\/03179346ecce6cdfc13361603e8f54242a90e5cde8618fa23c5c00aa2b0aadf3?s=96&d=mm&r=g\",\"caption\":\"Reda\u00e7\u00e3o\"},\"sameAs\":[\"https:\/\/noticiaempauta.com\/portal\/\"],\"url\":\"https:\/\/noticiaempauta.com\/portal\/author\/fernando\/\"}]}<\/script>\n<!-- \/ Yoast SEO Premium plugin. -->","yoast_head_json":{"title":"Prefeitura de Paquet\u00e1 promove jantar festivo em homenagem ao Dia das M\u00e3es - Portal Not\u00edcia em Pauta","robots":{"index":"index","follow":"follow","max-snippet":"max-snippet:-1","max-image-preview":"max-image-preview:large","max-video-preview":"max-video-preview:-1"},"canonical":"https:\/\/noticiaempauta.com\/portal\/prefeitura-de-paqueta-promove-jantar-festivo-em-homenagem-ao-dia-das-maes\/","og_locale":"pt_BR","og_type":"article","og_title":"Prefeitura de Paquet\u00e1 promove jantar festivo em homenagem ao Dia das M\u00e3es","og_description":"O m\u00eas de maio \u00e9 festejado em todo pa\u00eds a comemora\u00e7\u00e3o em homenagem \u00e0s m\u00e3es, com isso, a Prefeitura de Paquet\u00e1 do Piau\u00ed por meio do prefeito Clayton Barros, mais uma vez promoveu uma grande festa. Centenas de m\u00e3es, tanto da zona urbana como tamb\u00e9m da zona rural, participaram da programa\u00e7\u00e3o festiva preparada para elas [&hellip;]","og_url":"https:\/\/noticiaempauta.com\/portal\/prefeitura-de-paqueta-promove-jantar-festivo-em-homenagem-ao-dia-das-maes\/","og_site_name":"Portal Not\u00edcia em Pauta","article_publisher":"https:\/\/www.facebook.com\/Portal-Notcia-Em-Pauta-102292869264820\/","article_published_time":"2024-05-26T11:19:50+00:00","article_modified_time":"2024-05-26T11:19:51+00:00","og_image":[{"width":640,"height":428,"url":"https:\/\/noticiaempauta.com\/portal\/wp-content\/uploads\/2024\/05\/1.33.jpg","type":"image\/jpeg"}],"author":"Reda\u00e7\u00e3o","twitter_card":"summary_large_image","twitter_misc":{"Escrito por":"Reda\u00e7\u00e3o","Est. tempo de leitura":"7 minutos"},"schema":{"@context":"https:\/\/schema.org","@graph":[{"@type":"Article","@id":"https:\/\/noticiaempauta.com\/portal\/prefeitura-de-paqueta-promove-jantar-festivo-em-homenagem-ao-dia-das-maes\/#article","isPartOf":{"@id":"https:\/\/noticiaempauta.com\/portal\/prefeitura-de-paqueta-promove-jantar-festivo-em-homenagem-ao-dia-das-maes\/"},"author":{"name":"Reda\u00e7\u00e3o","@id":"https:\/\/noticiaempauta.com\/portal\/#\/schema\/person\/a74af43dd1ab3deca45f988c717d57ac"},"headline":"Prefeitura de Paquet\u00e1 promove jantar festivo em homenagem ao Dia das M\u00e3es","datePublished":"2024-05-26T11:19:50+00:00","dateModified":"2024-05-26T11:19:51+00:00","mainEntityOfPage":{"@id":"https:\/\/noticiaempauta.com\/portal\/prefeitura-de-paqueta-promove-jantar-festivo-em-homenagem-ao-dia-das-maes\/"},"wordCount":450,"commentCount":0,"publisher":{"@id":"https:\/\/noticiaempauta.com\/portal\/#organization"},"image":{"@id":"https:\/\/noticiaempauta.com\/portal\/prefeitura-de-paqueta-promove-jantar-festivo-em-homenagem-ao-dia-das-maes\/#primaryimage"},"thumbnailUrl":"https:\/\/noticiaempauta.com\/portal\/wp-content\/uploads\/2024\/05\/1.33.jpg","keywords":["destaqueprincipal"],"articleSection":["Destaques","Geral","Munic\u00edpios","Social","Todas as Not\u00edcias"],"inLanguage":"pt-BR","potentialAction":[{"@type":"CommentAction","name":"Comment","target":["https:\/\/noticiaempauta.com\/portal\/prefeitura-de-paqueta-promove-jantar-festivo-em-homenagem-ao-dia-das-maes\/#respond"]}]},{"@type":"WebPage","@id":"https:\/\/noticiaempauta.com\/portal\/prefeitura-de-paqueta-promove-jantar-festivo-em-homenagem-ao-dia-das-maes\/","url":"https:\/\/noticiaempauta.com\/portal\/prefeitura-de-paqueta-promove-jantar-festivo-em-homenagem-ao-dia-das-maes\/","name":"Prefeitura de Paquet\u00e1 promove jantar festivo em homenagem ao Dia das M\u00e3es - Portal Not\u00edcia em Pauta","isPartOf":{"@id":"https:\/\/noticiaempauta.com\/portal\/#website"},"primaryImageOfPage":{"@id":"https:\/\/noticiaempauta.com\/portal\/prefeitura-de-paqueta-promove-jantar-festivo-em-homenagem-ao-dia-das-maes\/#primaryimage"},"image":{"@id":"https:\/\/noticiaempauta.com\/portal\/prefeitura-de-paqueta-promove-jantar-festivo-em-homenagem-ao-dia-das-maes\/#primaryimage"},"thumbnailUrl":"https:\/\/noticiaempauta.com\/portal\/wp-content\/uploads\/2024\/05\/1.33.jpg","datePublished":"2024-05-26T11:19:50+00:00","dateModified":"2024-05-26T11:19:51+00:00","breadcrumb":{"@id":"https:\/\/noticiaempauta.com\/portal\/prefeitura-de-paqueta-promove-jantar-festivo-em-homenagem-ao-dia-das-maes\/#breadcrumb"},"inLanguage":"pt-BR","potentialAction":[{"@type":"ReadAction","target":["https:\/\/noticiaempauta.com\/portal\/prefeitura-de-paqueta-promove-jantar-festivo-em-homenagem-ao-dia-das-maes\/"]}]},{"@type":"ImageObject","inLanguage":"pt-BR","@id":"https:\/\/noticiaempauta.com\/portal\/prefeitura-de-paqueta-promove-jantar-festivo-em-homenagem-ao-dia-das-maes\/#primaryimage","url":"https:\/\/noticiaempauta.com\/portal\/wp-content\/uploads\/2024\/05\/1.33.jpg","contentUrl":"https:\/\/noticiaempauta.com\/portal\/wp-content\/uploads\/2024\/05\/1.33.jpg","width":640,"height":428},{"@type":"BreadcrumbList","@id":"https:\/\/noticiaempauta.com\/portal\/prefeitura-de-paqueta-promove-jantar-festivo-em-homenagem-ao-dia-das-maes\/#breadcrumb","itemListElement":[{"@type":"ListItem","position":1,"name":"P\u00e1gina Inicial","item":"https:\/\/noticiaempauta.com\/portal\/"},{"@type":"ListItem","position":2,"name":"Destaques","item":"https:\/\/noticiaempauta.com\/portal\/destaques-site\/"},{"@type":"ListItem","position":3,"name":"Prefeitura de Paquet\u00e1 promove jantar festivo em homenagem ao Dia das M\u00e3es"}]},{"@type":"WebSite","@id":"https:\/\/noticiaempauta.com\/portal\/#website","url":"https:\/\/noticiaempauta.com\/portal\/","name":"Portal Not\u00edcia em Pauta","description":"Voc\u00ea bem informado","publisher":{"@id":"https:\/\/noticiaempauta.com\/portal\/#organization"},"potentialAction":[{"@type":"SearchAction","target":{"@type":"EntryPoint","urlTemplate":"https:\/\/noticiaempauta.com\/portal\/?s={search_term_string}"},"query-input":{"@type":"PropertyValueSpecification","valueRequired":true,"valueName":"search_term_string"}}],"inLanguage":"pt-BR"},{"@type":"Organization","@id":"https:\/\/noticiaempauta.com\/portal\/#organization","name":"Portal Not\u00edcia em Pauta","url":"https:\/\/noticiaempauta.com\/portal\/","logo":{"@type":"ImageObject","inLanguage":"pt-BR","@id":"https:\/\/noticiaempauta.com\/portal\/#\/schema\/logo\/image\/","url":"https:\/\/noticiaempauta.com\/portal\/wp-content\/uploads\/2022\/08\/logomarca_tema.fw_.png","contentUrl":"https:\/\/noticiaempauta.com\/portal\/wp-content\/uploads\/2022\/08\/logomarca_tema.fw_.png","width":400,"height":232,"caption":"Portal Not\u00edcia em Pauta"},"image":{"@id":"https:\/\/noticiaempauta.com\/portal\/#\/schema\/logo\/image\/"},"sameAs":["https:\/\/www.facebook.com\/Portal-Notcia-Em-Pauta-102292869264820\/","https:\/\/www.instagram.com\/portalnoticiaempauta\/"]},{"@type":"Person","@id":"https:\/\/noticiaempauta.com\/portal\/#\/schema\/person\/a74af43dd1ab3deca45f988c717d57ac","name":"Reda\u00e7\u00e3o","image":{"@type":"ImageObject","inLanguage":"pt-BR","@id":"https:\/\/noticiaempauta.com\/portal\/#\/schema\/person\/image\/","url":"https:\/\/secure.gravatar.com\/avatar\/03179346ecce6cdfc13361603e8f54242a90e5cde8618fa23c5c00aa2b0aadf3?s=96&d=mm&r=g","contentUrl":"https:\/\/secure.gravatar.com\/avatar\/03179346ecce6cdfc13361603e8f54242a90e5cde8618fa23c5c00aa2b0aadf3?s=96&d=mm&r=g","caption":"Reda\u00e7\u00e3o"},"sameAs":["https:\/\/noticiaempauta.com\/portal\/"],"url":"https:\/\/noticiaempauta.com\/portal\/author\/fernando\/"}]}},"_links":{"self":[{"href":"https:\/\/noticiaempauta.com\/portal\/wp-json\/wp\/v2\/posts\/258210","targetHints":{"allow":["GET"]}}],"collection":[{"href":"https:\/\/noticiaempauta.com\/portal\/wp-json\/wp\/v2\/posts"}],"about":[{"href":"https:\/\/noticiaempauta.com\/portal\/wp-json\/wp\/v2\/types\/post"}],"author":[{"embeddable":true,"href":"https:\/\/noticiaempauta.com\/portal\/wp-json\/wp\/v2\/users\/2"}],"replies":[{"embeddable":true,"href":"https:\/\/noticiaempauta.com\/portal\/wp-json\/wp\/v2\/comments?post=258210"}],"version-history":[{"count":2,"href":"https:\/\/noticiaempauta.com\/portal\/wp-json\/wp\/v2\/posts\/258210\/revisions"}],"predecessor-version":[{"id":258233,"href":"https:\/\/noticiaempauta.com\/portal\/wp-json\/wp\/v2\/posts\/258210\/revisions\/258233"}],"wp:featuredmedia":[{"embeddable":true,"href":"https:\/\/noticiaempauta.com\/portal\/wp-json\/wp\/v2\/media\/258212"}],"wp:attachment":[{"href":"https:\/\/noticiaempauta.com\/portal\/wp-json\/wp\/v2\/media?parent=258210"}],"wp:term":[{"taxonomy":"category","embeddable":true,"href":"https:\/\/noticiaempauta.com\/portal\/wp-json\/wp\/v2\/categories?post=258210"},{"taxonomy":"post_tag","embeddable":true,"href":"https:\/\/noticiaempauta.com\/portal\/wp-json\/wp\/v2\/tags?post=258210"}],"curies":[{"name":"wp","href":"https:\/\/api.w.org\/{rel}","templated":true}]}}