{"id":258234,"date":"2024-05-26T08:25:44","date_gmt":"2024-05-26T11:25:44","guid":{"rendered":"https:\/\/noticiaempauta.com\/portal\/?p=258234"},"modified":"2024-05-26T08:25:45","modified_gmt":"2024-05-26T11:25:45","slug":"governador-inaugura-pista-de-pouso-em-urucui-que-vai-permitir-voos-noturnos","status":"publish","type":"post","link":"https:\/\/noticiaempauta.com\/portal\/governador-inaugura-pista-de-pouso-em-urucui-que-vai-permitir-voos-noturnos\/","title":{"rendered":"Governador inaugura pista de pouso em Uru\u00e7u\u00ed que vai permitir voos noturnos"},"content":{"rendered":"\n<p>O governador Rafael Fonteles participou, neste s\u00e1bado (25), da inaugura\u00e7\u00e3o da pista de pousos e decolagens do aerporto de Uru\u00e7u\u00ed. A via conta com 1.400 metros de comprimento por 24 de largura, com possibilidade de balizamento noturno, permitindo o acesso de aeronaves em condi\u00e7\u00f5es de baixa luminosidade.<\/p>\n\n\n\n<figure class=\"wp-block-image size-full\"><img fetchpriority=\"high\" decoding=\"async\" width=\"1000\" height=\"667\" src=\"https:\/\/noticiaempauta.com\/portal\/wp-content\/uploads\/2024\/05\/large_Whats_App_Image_2024_05_25_at_10_28_14_198dc66f58.jpeg\" alt=\"\" class=\"wp-image-258237\" srcset=\"https:\/\/noticiaempauta.com\/portal\/wp-content\/uploads\/2024\/05\/large_Whats_App_Image_2024_05_25_at_10_28_14_198dc66f58.jpeg 1000w, https:\/\/noticiaempauta.com\/portal\/wp-content\/uploads\/2024\/05\/large_Whats_App_Image_2024_05_25_at_10_28_14_198dc66f58-300x200.jpeg 300w, https:\/\/noticiaempauta.com\/portal\/wp-content\/uploads\/2024\/05\/large_Whats_App_Image_2024_05_25_at_10_28_14_198dc66f58-768x512.jpeg 768w\" sizes=\"(max-width: 1000px) 100vw, 1000px\" \/><\/figure>\n\n\n\n<p>A obra teve um investimento de aproximadamente R$ 10 milh\u00f5es e o local j\u00e1 tem autoriza\u00e7\u00e3o da Ag\u00eancia Nacional da Avia\u00e7\u00e3o Civil (Anac) para voos diurnos. A expectativa \u00e9 que o Piau\u00ed tenha 35 pistas de pousos e decolagens, sendo 14 semelhantes \u00e0 de Uru\u00e7u\u00ed, com possibilidade de voos durante a noite.<\/p>\n\n\n\n<figure class=\"wp-block-image size-full\"><img decoding=\"async\" width=\"1000\" height=\"667\" src=\"https:\/\/noticiaempauta.com\/portal\/wp-content\/uploads\/2024\/05\/large_Whats_App_Image_2024_05_25_at_10_28_13_a1f3c4b2b6.jpeg\" alt=\"\" class=\"wp-image-258238\" srcset=\"https:\/\/noticiaempauta.com\/portal\/wp-content\/uploads\/2024\/05\/large_Whats_App_Image_2024_05_25_at_10_28_13_a1f3c4b2b6.jpeg 1000w, https:\/\/noticiaempauta.com\/portal\/wp-content\/uploads\/2024\/05\/large_Whats_App_Image_2024_05_25_at_10_28_13_a1f3c4b2b6-300x200.jpeg 300w, https:\/\/noticiaempauta.com\/portal\/wp-content\/uploads\/2024\/05\/large_Whats_App_Image_2024_05_25_at_10_28_13_a1f3c4b2b6-768x512.jpeg 768w\" sizes=\"(max-width: 1000px) 100vw, 1000px\" \/><\/figure>\n\n\n\n<p>O governador destaca que Uru\u00e7u\u00ed \u00e9 uma das cidades que mais crescem no Brasil e que merece este investimento. &#8220;Vai ser um divisor de \u00e1guas tanto para o transporte a\u00e9reo de pacientes, por meio do Samu a\u00e9reo, como tamb\u00e9m para a atra\u00e7\u00e3o de investidores. \u00c9 uma cidade muito visitada por empres\u00e1rios do pa\u00eds inteiro e agora v\u00e3o ter um local de pouso seguro&#8221;, considera Rafael Fonteles.<\/p>\n\n\n\n<figure class=\"wp-block-image size-full\"><img decoding=\"async\" width=\"1000\" height=\"667\" src=\"https:\/\/noticiaempauta.com\/portal\/wp-content\/uploads\/2024\/05\/large_Whats_App_Image_2024_05_25_at_10_28_17_2_a27dd6411a.jpeg\" alt=\"\" class=\"wp-image-258236\" srcset=\"https:\/\/noticiaempauta.com\/portal\/wp-content\/uploads\/2024\/05\/large_Whats_App_Image_2024_05_25_at_10_28_17_2_a27dd6411a.jpeg 1000w, https:\/\/noticiaempauta.com\/portal\/wp-content\/uploads\/2024\/05\/large_Whats_App_Image_2024_05_25_at_10_28_17_2_a27dd6411a-300x200.jpeg 300w, https:\/\/noticiaempauta.com\/portal\/wp-content\/uploads\/2024\/05\/large_Whats_App_Image_2024_05_25_at_10_28_17_2_a27dd6411a-768x512.jpeg 768w\" sizes=\"(max-width: 1000px) 100vw, 1000px\" \/><\/figure>\n\n\n\n<p>Jonas Moura, secret\u00e1rio dos Transportes, explica que a constru\u00e7\u00e3o da pista em Uru\u00e7u\u00ed atende ao plano de governo de Rafael Fonteles. &#8220;Vamos ter um terminal de passageiros e a possibilidade de receber voos comerciais. Em 45 dias, com a finaliza\u00e7\u00e3o da parte el\u00e9trica, teremos voos noturnos&#8221;, prev\u00ea o gestor.<\/p>\n\n\n\n<figure class=\"wp-block-image size-large\"><img loading=\"lazy\" decoding=\"async\" width=\"1024\" height=\"683\" src=\"https:\/\/noticiaempauta.com\/portal\/wp-content\/uploads\/2024\/05\/WhatsApp-Image-2024-05-25-at-10.28.16-3-1024x683.jpeg\" alt=\"\" class=\"wp-image-258240\" srcset=\"https:\/\/noticiaempauta.com\/portal\/wp-content\/uploads\/2024\/05\/WhatsApp-Image-2024-05-25-at-10.28.16-3-1024x683.jpeg 1024w, https:\/\/noticiaempauta.com\/portal\/wp-content\/uploads\/2024\/05\/WhatsApp-Image-2024-05-25-at-10.28.16-3-300x200.jpeg 300w, https:\/\/noticiaempauta.com\/portal\/wp-content\/uploads\/2024\/05\/WhatsApp-Image-2024-05-25-at-10.28.16-3-768x512.jpeg 768w, https:\/\/noticiaempauta.com\/portal\/wp-content\/uploads\/2024\/05\/WhatsApp-Image-2024-05-25-at-10.28.16-3-1536x1024.jpeg 1536w, https:\/\/noticiaempauta.com\/portal\/wp-content\/uploads\/2024\/05\/WhatsApp-Image-2024-05-25-at-10.28.16-3-2048x1366.jpeg 2048w\" sizes=\"(max-width: 1024px) 100vw, 1024px\" \/><\/figure>\n\n\n\n<p>O aeroporto de Uru\u00e7u\u00ed fica localizada pr\u00f3xima \u00e0 sede do munic\u00edpio e garante facilidade de acesso para investidores e turistas. A cidade \u00e9 destaque na produ\u00e7\u00e3o de gr\u00e3os como o milho e a soja.<\/p>\n\n\n\n<figure class=\"wp-block-image size-large\"><img loading=\"lazy\" decoding=\"async\" width=\"1024\" height=\"683\" src=\"https:\/\/noticiaempauta.com\/portal\/wp-content\/uploads\/2024\/05\/WhatsApp-Image-2024-05-25-at-10.28.18-1024x683.jpeg\" alt=\"\" class=\"wp-image-258241\" srcset=\"https:\/\/noticiaempauta.com\/portal\/wp-content\/uploads\/2024\/05\/WhatsApp-Image-2024-05-25-at-10.28.18-1024x683.jpeg 1024w, https:\/\/noticiaempauta.com\/portal\/wp-content\/uploads\/2024\/05\/WhatsApp-Image-2024-05-25-at-10.28.18-300x200.jpeg 300w, https:\/\/noticiaempauta.com\/portal\/wp-content\/uploads\/2024\/05\/WhatsApp-Image-2024-05-25-at-10.28.18-768x512.jpeg 768w, https:\/\/noticiaempauta.com\/portal\/wp-content\/uploads\/2024\/05\/WhatsApp-Image-2024-05-25-at-10.28.18-1536x1024.jpeg 1536w, https:\/\/noticiaempauta.com\/portal\/wp-content\/uploads\/2024\/05\/WhatsApp-Image-2024-05-25-at-10.28.18-2048x1366.jpeg 2048w\" sizes=\"(max-width: 1024px) 100vw, 1024px\" \/><\/figure>\n\n\n\n<p><em>CCOM\/PI<\/em><\/p>\n","protected":false},"excerpt":{"rendered":"<p>O governador Rafael Fonteles participou, neste s\u00e1bado (25), da inaugura\u00e7\u00e3o da pista de pousos e decolagens do aerporto de Uru\u00e7u\u00ed. A via conta com 1.400 metros de comprimento por 24 de largura, com possibilidade de balizamento noturno, permitindo o acesso de aeronaves em condi\u00e7\u00f5es de baixa luminosidade. A obra teve um investimento de aproximadamente R$ [&hellip;]<\/p>\n","protected":false},"author":2,"featured_media":258236,"comment_status":"open","ping_status":"open","sticky":false,"template":"","format":"standard","meta":{"_mi_skip_tracking":false,"footnotes":""},"categories":[25,1,16],"tags":[192],"class_list":["post-258234","post","type-post","status-publish","format-standard","has-post-thumbnail","hentry","category-destaques-site","category-geral","category-todas","tag-destaqueprincipal"],"acf":[],"yoast_head":"<!-- This site is optimized with the Yoast SEO Premium plugin v19.2 (Yoast SEO v26.9) - https:\/\/yoast.com\/product\/yoast-seo-premium-wordpress\/ -->\n<title>Governador inaugura pista de pouso em Uru\u00e7u\u00ed que vai permitir voos noturnos - Portal Not\u00edcia em Pauta<\/title>\n<meta name=\"robots\" content=\"index, follow, max-snippet:-1, max-image-preview:large, max-video-preview:-1\" \/>\n<link rel=\"canonical\" href=\"https:\/\/noticiaempauta.com\/portal\/governador-inaugura-pista-de-pouso-em-urucui-que-vai-permitir-voos-noturnos\/\" \/>\n<meta property=\"og:locale\" content=\"pt_BR\" \/>\n<meta property=\"og:type\" content=\"article\" \/>\n<meta property=\"og:title\" content=\"Governador inaugura pista de pouso em Uru\u00e7u\u00ed que vai permitir voos noturnos\" \/>\n<meta property=\"og:description\" content=\"O governador Rafael Fonteles participou, neste s\u00e1bado (25), da inaugura\u00e7\u00e3o da pista de pousos e decolagens do aerporto de Uru\u00e7u\u00ed. A via conta com 1.400 metros de comprimento por 24 de largura, com possibilidade de balizamento noturno, permitindo o acesso de aeronaves em condi\u00e7\u00f5es de baixa luminosidade. A obra teve um investimento de aproximadamente R$ [&hellip;]\" \/>\n<meta property=\"og:url\" content=\"https:\/\/noticiaempauta.com\/portal\/governador-inaugura-pista-de-pouso-em-urucui-que-vai-permitir-voos-noturnos\/\" \/>\n<meta property=\"og:site_name\" content=\"Portal Not\u00edcia em Pauta\" \/>\n<meta property=\"article:publisher\" content=\"https:\/\/www.facebook.com\/Portal-Notcia-Em-Pauta-102292869264820\/\" \/>\n<meta property=\"article:published_time\" content=\"2024-05-26T11:25:44+00:00\" \/>\n<meta property=\"article:modified_time\" content=\"2024-05-26T11:25:45+00:00\" \/>\n<meta property=\"og:image\" content=\"https:\/\/noticiaempauta.com\/portal\/wp-content\/uploads\/2024\/05\/large_Whats_App_Image_2024_05_25_at_10_28_17_2_a27dd6411a.jpeg\" \/>\n\t<meta property=\"og:image:width\" content=\"1000\" \/>\n\t<meta property=\"og:image:height\" content=\"667\" \/>\n\t<meta property=\"og:image:type\" content=\"image\/jpeg\" \/>\n<meta name=\"author\" content=\"Reda\u00e7\u00e3o\" \/>\n<meta name=\"twitter:card\" content=\"summary_large_image\" \/>\n<meta name=\"twitter:label1\" content=\"Escrito por\" \/>\n\t<meta name=\"twitter:data1\" content=\"Reda\u00e7\u00e3o\" \/>\n\t<meta name=\"twitter:label2\" content=\"Est. tempo de leitura\" \/>\n\t<meta name=\"twitter:data2\" content=\"3 minutos\" \/>\n<script type=\"application\/ld+json\" class=\"yoast-schema-graph\">{\"@context\":\"https:\/\/schema.org\",\"@graph\":[{\"@type\":\"Article\",\"@id\":\"https:\/\/noticiaempauta.com\/portal\/governador-inaugura-pista-de-pouso-em-urucui-que-vai-permitir-voos-noturnos\/#article\",\"isPartOf\":{\"@id\":\"https:\/\/noticiaempauta.com\/portal\/governador-inaugura-pista-de-pouso-em-urucui-que-vai-permitir-voos-noturnos\/\"},\"author\":{\"name\":\"Reda\u00e7\u00e3o\",\"@id\":\"https:\/\/noticiaempauta.com\/portal\/#\/schema\/person\/a74af43dd1ab3deca45f988c717d57ac\"},\"headline\":\"Governador inaugura pista de pouso em Uru\u00e7u\u00ed que vai permitir voos noturnos\",\"datePublished\":\"2024-05-26T11:25:44+00:00\",\"dateModified\":\"2024-05-26T11:25:45+00:00\",\"mainEntityOfPage\":{\"@id\":\"https:\/\/noticiaempauta.com\/portal\/governador-inaugura-pista-de-pouso-em-urucui-que-vai-permitir-voos-noturnos\/\"},\"wordCount\":277,\"commentCount\":0,\"publisher\":{\"@id\":\"https:\/\/noticiaempauta.com\/portal\/#organization\"},\"image\":{\"@id\":\"https:\/\/noticiaempauta.com\/portal\/governador-inaugura-pista-de-pouso-em-urucui-que-vai-permitir-voos-noturnos\/#primaryimage\"},\"thumbnailUrl\":\"https:\/\/noticiaempauta.com\/portal\/wp-content\/uploads\/2024\/05\/large_Whats_App_Image_2024_05_25_at_10_28_17_2_a27dd6411a.jpeg\",\"keywords\":[\"destaqueprincipal\"],\"articleSection\":[\"Destaques\",\"Geral\",\"Todas as Not\u00edcias\"],\"inLanguage\":\"pt-BR\",\"potentialAction\":[{\"@type\":\"CommentAction\",\"name\":\"Comment\",\"target\":[\"https:\/\/noticiaempauta.com\/portal\/governador-inaugura-pista-de-pouso-em-urucui-que-vai-permitir-voos-noturnos\/#respond\"]}]},{\"@type\":\"WebPage\",\"@id\":\"https:\/\/noticiaempauta.com\/portal\/governador-inaugura-pista-de-pouso-em-urucui-que-vai-permitir-voos-noturnos\/\",\"url\":\"https:\/\/noticiaempauta.com\/portal\/governador-inaugura-pista-de-pouso-em-urucui-que-vai-permitir-voos-noturnos\/\",\"name\":\"Governador inaugura pista de pouso em Uru\u00e7u\u00ed que vai permitir voos noturnos - Portal Not\u00edcia em Pauta\",\"isPartOf\":{\"@id\":\"https:\/\/noticiaempauta.com\/portal\/#website\"},\"primaryImageOfPage\":{\"@id\":\"https:\/\/noticiaempauta.com\/portal\/governador-inaugura-pista-de-pouso-em-urucui-que-vai-permitir-voos-noturnos\/#primaryimage\"},\"image\":{\"@id\":\"https:\/\/noticiaempauta.com\/portal\/governador-inaugura-pista-de-pouso-em-urucui-que-vai-permitir-voos-noturnos\/#primaryimage\"},\"thumbnailUrl\":\"https:\/\/noticiaempauta.com\/portal\/wp-content\/uploads\/2024\/05\/large_Whats_App_Image_2024_05_25_at_10_28_17_2_a27dd6411a.jpeg\",\"datePublished\":\"2024-05-26T11:25:44+00:00\",\"dateModified\":\"2024-05-26T11:25:45+00:00\",\"breadcrumb\":{\"@id\":\"https:\/\/noticiaempauta.com\/portal\/governador-inaugura-pista-de-pouso-em-urucui-que-vai-permitir-voos-noturnos\/#breadcrumb\"},\"inLanguage\":\"pt-BR\",\"potentialAction\":[{\"@type\":\"ReadAction\",\"target\":[\"https:\/\/noticiaempauta.com\/portal\/governador-inaugura-pista-de-pouso-em-urucui-que-vai-permitir-voos-noturnos\/\"]}]},{\"@type\":\"ImageObject\",\"inLanguage\":\"pt-BR\",\"@id\":\"https:\/\/noticiaempauta.com\/portal\/governador-inaugura-pista-de-pouso-em-urucui-que-vai-permitir-voos-noturnos\/#primaryimage\",\"url\":\"https:\/\/noticiaempauta.com\/portal\/wp-content\/uploads\/2024\/05\/large_Whats_App_Image_2024_05_25_at_10_28_17_2_a27dd6411a.jpeg\",\"contentUrl\":\"https:\/\/noticiaempauta.com\/portal\/wp-content\/uploads\/2024\/05\/large_Whats_App_Image_2024_05_25_at_10_28_17_2_a27dd6411a.jpeg\",\"width\":1000,\"height\":667},{\"@type\":\"BreadcrumbList\",\"@id\":\"https:\/\/noticiaempauta.com\/portal\/governador-inaugura-pista-de-pouso-em-urucui-que-vai-permitir-voos-noturnos\/#breadcrumb\",\"itemListElement\":[{\"@type\":\"ListItem\",\"position\":1,\"name\":\"P\u00e1gina Inicial\",\"item\":\"https:\/\/noticiaempauta.com\/portal\/\"},{\"@type\":\"ListItem\",\"position\":2,\"name\":\"Destaques\",\"item\":\"https:\/\/noticiaempauta.com\/portal\/destaques-site\/\"},{\"@type\":\"ListItem\",\"position\":3,\"name\":\"Governador inaugura pista de pouso em Uru\u00e7u\u00ed que vai permitir voos noturnos\"}]},{\"@type\":\"WebSite\",\"@id\":\"https:\/\/noticiaempauta.com\/portal\/#website\",\"url\":\"https:\/\/noticiaempauta.com\/portal\/\",\"name\":\"Portal Not\u00edcia em Pauta\",\"description\":\"Voc\u00ea bem informado\",\"publisher\":{\"@id\":\"https:\/\/noticiaempauta.com\/portal\/#organization\"},\"potentialAction\":[{\"@type\":\"SearchAction\",\"target\":{\"@type\":\"EntryPoint\",\"urlTemplate\":\"https:\/\/noticiaempauta.com\/portal\/?s={search_term_string}\"},\"query-input\":{\"@type\":\"PropertyValueSpecification\",\"valueRequired\":true,\"valueName\":\"search_term_string\"}}],\"inLanguage\":\"pt-BR\"},{\"@type\":\"Organization\",\"@id\":\"https:\/\/noticiaempauta.com\/portal\/#organization\",\"name\":\"Portal Not\u00edcia em Pauta\",\"url\":\"https:\/\/noticiaempauta.com\/portal\/\",\"logo\":{\"@type\":\"ImageObject\",\"inLanguage\":\"pt-BR\",\"@id\":\"https:\/\/noticiaempauta.com\/portal\/#\/schema\/logo\/image\/\",\"url\":\"https:\/\/noticiaempauta.com\/portal\/wp-content\/uploads\/2022\/08\/logomarca_tema.fw_.png\",\"contentUrl\":\"https:\/\/noticiaempauta.com\/portal\/wp-content\/uploads\/2022\/08\/logomarca_tema.fw_.png\",\"width\":400,\"height\":232,\"caption\":\"Portal Not\u00edcia em Pauta\"},\"image\":{\"@id\":\"https:\/\/noticiaempauta.com\/portal\/#\/schema\/logo\/image\/\"},\"sameAs\":[\"https:\/\/www.facebook.com\/Portal-Notcia-Em-Pauta-102292869264820\/\",\"https:\/\/www.instagram.com\/portalnoticiaempauta\/\"]},{\"@type\":\"Person\",\"@id\":\"https:\/\/noticiaempauta.com\/portal\/#\/schema\/person\/a74af43dd1ab3deca45f988c717d57ac\",\"name\":\"Reda\u00e7\u00e3o\",\"image\":{\"@type\":\"ImageObject\",\"inLanguage\":\"pt-BR\",\"@id\":\"https:\/\/noticiaempauta.com\/portal\/#\/schema\/person\/image\/\",\"url\":\"https:\/\/secure.gravatar.com\/avatar\/03179346ecce6cdfc13361603e8f54242a90e5cde8618fa23c5c00aa2b0aadf3?s=96&d=mm&r=g\",\"contentUrl\":\"https:\/\/secure.gravatar.com\/avatar\/03179346ecce6cdfc13361603e8f54242a90e5cde8618fa23c5c00aa2b0aadf3?s=96&d=mm&r=g\",\"caption\":\"Reda\u00e7\u00e3o\"},\"sameAs\":[\"https:\/\/noticiaempauta.com\/portal\/\"],\"url\":\"https:\/\/noticiaempauta.com\/portal\/author\/fernando\/\"}]}<\/script>\n<!-- \/ Yoast SEO Premium plugin. -->","yoast_head_json":{"title":"Governador inaugura pista de pouso em Uru\u00e7u\u00ed que vai permitir voos noturnos - Portal Not\u00edcia em Pauta","robots":{"index":"index","follow":"follow","max-snippet":"max-snippet:-1","max-image-preview":"max-image-preview:large","max-video-preview":"max-video-preview:-1"},"canonical":"https:\/\/noticiaempauta.com\/portal\/governador-inaugura-pista-de-pouso-em-urucui-que-vai-permitir-voos-noturnos\/","og_locale":"pt_BR","og_type":"article","og_title":"Governador inaugura pista de pouso em Uru\u00e7u\u00ed que vai permitir voos noturnos","og_description":"O governador Rafael Fonteles participou, neste s\u00e1bado (25), da inaugura\u00e7\u00e3o da pista de pousos e decolagens do aerporto de Uru\u00e7u\u00ed. A via conta com 1.400 metros de comprimento por 24 de largura, com possibilidade de balizamento noturno, permitindo o acesso de aeronaves em condi\u00e7\u00f5es de baixa luminosidade. A obra teve um investimento de aproximadamente R$ [&hellip;]","og_url":"https:\/\/noticiaempauta.com\/portal\/governador-inaugura-pista-de-pouso-em-urucui-que-vai-permitir-voos-noturnos\/","og_site_name":"Portal Not\u00edcia em Pauta","article_publisher":"https:\/\/www.facebook.com\/Portal-Notcia-Em-Pauta-102292869264820\/","article_published_time":"2024-05-26T11:25:44+00:00","article_modified_time":"2024-05-26T11:25:45+00:00","og_image":[{"width":1000,"height":667,"url":"https:\/\/noticiaempauta.com\/portal\/wp-content\/uploads\/2024\/05\/large_Whats_App_Image_2024_05_25_at_10_28_17_2_a27dd6411a.jpeg","type":"image\/jpeg"}],"author":"Reda\u00e7\u00e3o","twitter_card":"summary_large_image","twitter_misc":{"Escrito por":"Reda\u00e7\u00e3o","Est. tempo de leitura":"3 minutos"},"schema":{"@context":"https:\/\/schema.org","@graph":[{"@type":"Article","@id":"https:\/\/noticiaempauta.com\/portal\/governador-inaugura-pista-de-pouso-em-urucui-que-vai-permitir-voos-noturnos\/#article","isPartOf":{"@id":"https:\/\/noticiaempauta.com\/portal\/governador-inaugura-pista-de-pouso-em-urucui-que-vai-permitir-voos-noturnos\/"},"author":{"name":"Reda\u00e7\u00e3o","@id":"https:\/\/noticiaempauta.com\/portal\/#\/schema\/person\/a74af43dd1ab3deca45f988c717d57ac"},"headline":"Governador inaugura pista de pouso em Uru\u00e7u\u00ed que vai permitir voos noturnos","datePublished":"2024-05-26T11:25:44+00:00","dateModified":"2024-05-26T11:25:45+00:00","mainEntityOfPage":{"@id":"https:\/\/noticiaempauta.com\/portal\/governador-inaugura-pista-de-pouso-em-urucui-que-vai-permitir-voos-noturnos\/"},"wordCount":277,"commentCount":0,"publisher":{"@id":"https:\/\/noticiaempauta.com\/portal\/#organization"},"image":{"@id":"https:\/\/noticiaempauta.com\/portal\/governador-inaugura-pista-de-pouso-em-urucui-que-vai-permitir-voos-noturnos\/#primaryimage"},"thumbnailUrl":"https:\/\/noticiaempauta.com\/portal\/wp-content\/uploads\/2024\/05\/large_Whats_App_Image_2024_05_25_at_10_28_17_2_a27dd6411a.jpeg","keywords":["destaqueprincipal"],"articleSection":["Destaques","Geral","Todas as Not\u00edcias"],"inLanguage":"pt-BR","potentialAction":[{"@type":"CommentAction","name":"Comment","target":["https:\/\/noticiaempauta.com\/portal\/governador-inaugura-pista-de-pouso-em-urucui-que-vai-permitir-voos-noturnos\/#respond"]}]},{"@type":"WebPage","@id":"https:\/\/noticiaempauta.com\/portal\/governador-inaugura-pista-de-pouso-em-urucui-que-vai-permitir-voos-noturnos\/","url":"https:\/\/noticiaempauta.com\/portal\/governador-inaugura-pista-de-pouso-em-urucui-que-vai-permitir-voos-noturnos\/","name":"Governador inaugura pista de pouso em Uru\u00e7u\u00ed que vai permitir voos noturnos - Portal Not\u00edcia em Pauta","isPartOf":{"@id":"https:\/\/noticiaempauta.com\/portal\/#website"},"primaryImageOfPage":{"@id":"https:\/\/noticiaempauta.com\/portal\/governador-inaugura-pista-de-pouso-em-urucui-que-vai-permitir-voos-noturnos\/#primaryimage"},"image":{"@id":"https:\/\/noticiaempauta.com\/portal\/governador-inaugura-pista-de-pouso-em-urucui-que-vai-permitir-voos-noturnos\/#primaryimage"},"thumbnailUrl":"https:\/\/noticiaempauta.com\/portal\/wp-content\/uploads\/2024\/05\/large_Whats_App_Image_2024_05_25_at_10_28_17_2_a27dd6411a.jpeg","datePublished":"2024-05-26T11:25:44+00:00","dateModified":"2024-05-26T11:25:45+00:00","breadcrumb":{"@id":"https:\/\/noticiaempauta.com\/portal\/governador-inaugura-pista-de-pouso-em-urucui-que-vai-permitir-voos-noturnos\/#breadcrumb"},"inLanguage":"pt-BR","potentialAction":[{"@type":"ReadAction","target":["https:\/\/noticiaempauta.com\/portal\/governador-inaugura-pista-de-pouso-em-urucui-que-vai-permitir-voos-noturnos\/"]}]},{"@type":"ImageObject","inLanguage":"pt-BR","@id":"https:\/\/noticiaempauta.com\/portal\/governador-inaugura-pista-de-pouso-em-urucui-que-vai-permitir-voos-noturnos\/#primaryimage","url":"https:\/\/noticiaempauta.com\/portal\/wp-content\/uploads\/2024\/05\/large_Whats_App_Image_2024_05_25_at_10_28_17_2_a27dd6411a.jpeg","contentUrl":"https:\/\/noticiaempauta.com\/portal\/wp-content\/uploads\/2024\/05\/large_Whats_App_Image_2024_05_25_at_10_28_17_2_a27dd6411a.jpeg","width":1000,"height":667},{"@type":"BreadcrumbList","@id":"https:\/\/noticiaempauta.com\/portal\/governador-inaugura-pista-de-pouso-em-urucui-que-vai-permitir-voos-noturnos\/#breadcrumb","itemListElement":[{"@type":"ListItem","position":1,"name":"P\u00e1gina Inicial","item":"https:\/\/noticiaempauta.com\/portal\/"},{"@type":"ListItem","position":2,"name":"Destaques","item":"https:\/\/noticiaempauta.com\/portal\/destaques-site\/"},{"@type":"ListItem","position":3,"name":"Governador inaugura pista de pouso em Uru\u00e7u\u00ed que vai permitir voos noturnos"}]},{"@type":"WebSite","@id":"https:\/\/noticiaempauta.com\/portal\/#website","url":"https:\/\/noticiaempauta.com\/portal\/","name":"Portal Not\u00edcia em Pauta","description":"Voc\u00ea bem informado","publisher":{"@id":"https:\/\/noticiaempauta.com\/portal\/#organization"},"potentialAction":[{"@type":"SearchAction","target":{"@type":"EntryPoint","urlTemplate":"https:\/\/noticiaempauta.com\/portal\/?s={search_term_string}"},"query-input":{"@type":"PropertyValueSpecification","valueRequired":true,"valueName":"search_term_string"}}],"inLanguage":"pt-BR"},{"@type":"Organization","@id":"https:\/\/noticiaempauta.com\/portal\/#organization","name":"Portal Not\u00edcia em Pauta","url":"https:\/\/noticiaempauta.com\/portal\/","logo":{"@type":"ImageObject","inLanguage":"pt-BR","@id":"https:\/\/noticiaempauta.com\/portal\/#\/schema\/logo\/image\/","url":"https:\/\/noticiaempauta.com\/portal\/wp-content\/uploads\/2022\/08\/logomarca_tema.fw_.png","contentUrl":"https:\/\/noticiaempauta.com\/portal\/wp-content\/uploads\/2022\/08\/logomarca_tema.fw_.png","width":400,"height":232,"caption":"Portal Not\u00edcia em Pauta"},"image":{"@id":"https:\/\/noticiaempauta.com\/portal\/#\/schema\/logo\/image\/"},"sameAs":["https:\/\/www.facebook.com\/Portal-Notcia-Em-Pauta-102292869264820\/","https:\/\/www.instagram.com\/portalnoticiaempauta\/"]},{"@type":"Person","@id":"https:\/\/noticiaempauta.com\/portal\/#\/schema\/person\/a74af43dd1ab3deca45f988c717d57ac","name":"Reda\u00e7\u00e3o","image":{"@type":"ImageObject","inLanguage":"pt-BR","@id":"https:\/\/noticiaempauta.com\/portal\/#\/schema\/person\/image\/","url":"https:\/\/secure.gravatar.com\/avatar\/03179346ecce6cdfc13361603e8f54242a90e5cde8618fa23c5c00aa2b0aadf3?s=96&d=mm&r=g","contentUrl":"https:\/\/secure.gravatar.com\/avatar\/03179346ecce6cdfc13361603e8f54242a90e5cde8618fa23c5c00aa2b0aadf3?s=96&d=mm&r=g","caption":"Reda\u00e7\u00e3o"},"sameAs":["https:\/\/noticiaempauta.com\/portal\/"],"url":"https:\/\/noticiaempauta.com\/portal\/author\/fernando\/"}]}},"_links":{"self":[{"href":"https:\/\/noticiaempauta.com\/portal\/wp-json\/wp\/v2\/posts\/258234","targetHints":{"allow":["GET"]}}],"collection":[{"href":"https:\/\/noticiaempauta.com\/portal\/wp-json\/wp\/v2\/posts"}],"about":[{"href":"https:\/\/noticiaempauta.com\/portal\/wp-json\/wp\/v2\/types\/post"}],"author":[{"embeddable":true,"href":"https:\/\/noticiaempauta.com\/portal\/wp-json\/wp\/v2\/users\/2"}],"replies":[{"embeddable":true,"href":"https:\/\/noticiaempauta.com\/portal\/wp-json\/wp\/v2\/comments?post=258234"}],"version-history":[{"count":2,"href":"https:\/\/noticiaempauta.com\/portal\/wp-json\/wp\/v2\/posts\/258234\/revisions"}],"predecessor-version":[{"id":258243,"href":"https:\/\/noticiaempauta.com\/portal\/wp-json\/wp\/v2\/posts\/258234\/revisions\/258243"}],"wp:featuredmedia":[{"embeddable":true,"href":"https:\/\/noticiaempauta.com\/portal\/wp-json\/wp\/v2\/media\/258236"}],"wp:attachment":[{"href":"https:\/\/noticiaempauta.com\/portal\/wp-json\/wp\/v2\/media?parent=258234"}],"wp:term":[{"taxonomy":"category","embeddable":true,"href":"https:\/\/noticiaempauta.com\/portal\/wp-json\/wp\/v2\/categories?post=258234"},{"taxonomy":"post_tag","embeddable":true,"href":"https:\/\/noticiaempauta.com\/portal\/wp-json\/wp\/v2\/tags?post=258234"}],"curies":[{"name":"wp","href":"https:\/\/api.w.org\/{rel}","templated":true}]}}